{"id":127325,"date":"2017-02-01T12:15:01","date_gmt":"2017-02-01T14:15:01","guid":{"rendered":"http:\/\/www.notibras.com\/site\/?p=127325"},"modified":"2017-02-01T12:15:57","modified_gmt":"2017-02-01T14:15:57","slug":"etica-da-bandidagem-domina-sistema-carcerario","status":"publish","type":"post","link":"https:\/\/www.notibras.com\/site\/etica-da-bandidagem-domina-sistema-carcerario\/","title":{"rendered":"Modelo \u00e9tico da bandidagem domina sistema carcer\u00e1rio"},"content":{"rendered":"<p><strong>Maria Lucia Victor Barbosa<\/strong><\/p>\n<p>1 de janeiro de 2017. Em penitenci\u00e1rias de Manaus (AM) a Fam\u00edlia do Norte (FDN), fac\u00e7\u00e3o que comanda o tr\u00e1fico de drogas na fronteira com a Bol\u00edvia e \u00e9 ligada ao Comando Vermelho (CV), esquartejou, decapitou, arrancou cora\u00e7\u00f5es e v\u00edsceras de 60 homens, a maioria ligada ao Primeiro Comando da Capital (PCC). Tudo foi devidamente filmado e enviado para redes sociais, cujos frequentadores consumiram avidamente a selvageria digna do Estado Isl\u00e2mico.<\/p>\n<p>Houve mais mortes e fugas em outros Estados, al\u00e9m de uma carta do PCC. Alguns trechos foram publicados na Folha de S. Paulo, de 6 de janeiro, e curiosamente neles os bandidos se referiam ao seu \u201cc\u00f3digo de \u00e9tica\u201d rompido, pois \u201ca meta sempre foi lutar contra o Estado corrupto e n\u00e3o contra nossos irm\u00e3os mesmo que de outras organiza\u00e7\u00f5es fossem\u201d.<\/p>\n<p>A carta terminava com o lema da poderosa organiza\u00e7\u00e3o criminosa: \u201cpaz, justi\u00e7a e liberdade\u201d, algo de tom ideol\u00f3gico e c\u00ednico tratando-se de degoladores, daqueles que desgra\u00e7am fam\u00edlias, dos que s\u00e3o fonte da viol\u00eancia que infelicita e aterroriza cidad\u00e3os honestos.<\/p>\n<p>O gigantismo dos lucros e a organiza\u00e7\u00e3o impec\u00e1vel do PCC e do CV s\u00e3o tamb\u00e9m a prova mais cabal do fracasso do Estado. Onde estavam o Executivo, o Legislativo, o Judici\u00e1rio enquanto as organiza\u00e7\u00f5es criminosas se expandiam?<\/p>\n<p>Com rela\u00e7\u00e3o ao Executivo cito excelente artigo do professor Ricardo V\u00e9lez Rodr\u00edguez, publicado no O Estado de S. Paulo de 22\/10\/2016. No texto Rodr\u00edguez relembra que \u201co empurr\u00e3o inicial dado pelo brizolismo ao narcotr\u00e1fico veio a ser potencializado, em n\u00edvel nacional, pelos 13 anos do populismo lulopetista que simplesmente abriram as portas para o mercado de t\u00f3xicos no Brasil\u201d.<\/p>\n<p>O professor tamb\u00e9m recorda \u201cfoto de Lula, no palanque em Santa Cruz de La Sierra, com Evo Morales, ambos ostentando no peito colares feitos de folhas de coca\u201d. A imagem simbolizou um \u201cliberou geral\u201d para a produ\u00e7\u00e3o e distribui\u00e7\u00e3o das drogas. \u201cRapidamente o Brasil viu aumentar de forma fant\u00e1stica a entrada da pasta-base da coca boliviana\u201d.<\/p>\n<p>Ap\u00f3s as chacinas, demonstra\u00e7\u00e3o de quem de fato comanda o sistema prisional, busca-se o que fazer. Algumas solu\u00e7\u00f5es raiam \u00e0 imbecilidade como o direito de fuga e a soltura de presos. Tamb\u00e9m, para palpiteiros inconsequentes n\u00e3o se deve prender os que cometeram cries menores (o que seriam crimes menores?), liberar as drogas e n\u00e3o construir mais pris\u00f5es.<\/p>\n<p>Ningu\u00e9m sugeriu ao Judici\u00e1rio o julgamento dos 40% dos detentos em pris\u00e3o provis\u00f3ria. Parcerias p\u00fablico-privadas, diferentes de terceiriza\u00e7\u00f5es, nas quais, a iniciativa privada constr\u00f3i as pris\u00f5es e administra de acordo com par\u00e2metros estabelecidos em contrato com o poder p\u00fablico. Refor\u00e7o consider\u00e1vel das For\u00e7as Armadas nas fronteiras para impedir a entrada de drogas e armas, lembrando que o papel do Ex\u00e9rcito n\u00e3o \u00e9 o de fazer revista em pres\u00eddios.<\/p>\n<p>Enquanto o crime lucra e domina o pa\u00eds temos assistido a espet\u00e1culos dignos de uma republiqueta das bananas. Citando pouqu\u00edssimos exemplos para n\u00e3o alongar o artigo recordemos a cena de Renan Calheiros, ent\u00e3o presidente do Senado e do Congresso, ao lado do na \u00e9poca presidente do Supremo Tribunal Federal, Ricardo Lewandowski, ambos rasgando a Constitui\u00e7\u00e3o ao manter os direitos pol\u00edticos de Dilma Rousseff mesmo depois desta ter recebido o impeachment.<\/p>\n<p>Calheiros, que tem processos adormecidos no STF desde 2007, recentemente foi denunciado ao Supremo por Rodrigo Janot, procurador-geral da Rep\u00fablica, pelos crimes de peculato, corrup\u00e7\u00e3o passiva e lavagem de dinheiro. Mas o senador zombou da Justi\u00e7a ao se recusar a sair do cargo por ser r\u00e9u. L\u00e1 permaneceu salvo por uma gambiarra jur\u00eddica feita pelo pr\u00f3prio STF. Seu sonho ainda deve ser a aprova\u00e7\u00e3o da Lei de abuso de autoridade, que o livraria junto com quase 100 pol\u00edticos envolvidos na Lava Jato. Se duvidar, Renan vira ministro da Justi\u00e7a.<\/p>\n<p>Na verdade, h\u00e1 um temor infundado dos que possuem foro privilegiado, porque enquanto o juiz S\u00e9rgio Moro, brilhante e rara exce\u00e7\u00e3o no mundo jur\u00eddico, tem cumprido a lei e mandado para a cadeia um n\u00famero impressionante de figur\u00f5es, o Supremo at\u00e9 agora n\u00e3o julgou ningu\u00e9m da quase centena de pol\u00edticos envolvidos na Lava Jato. E n\u00e3o se sabe quando isso acontecer\u00e1 dada a morosidade da Justi\u00e7a brasileira. Pode levar os anos suficientes para a prescri\u00e7\u00e3o dos crimes.<\/p>\n<p>Com a morte em acidente de avi\u00e3o do ministro Teori Zavascki n\u00e3o se sabe o que acontecer\u00e1 com as 77 dela\u00e7\u00f5es premiadas da Odebrecht. Zavascki, com todo respeito pelo luto da fam\u00edlia, n\u00e3o foi um her\u00f3i, mas um ativista pol\u00edtico como seus demais pares do Supremo. Por essa caracter\u00edstica ele podia demorar anos a fio para homologar as dela\u00e7\u00f5es, mas agora a situa\u00e7\u00e3o est\u00e1 mais turva na medida em que tem que ser definido seu sucessor. Seguiremos com nossa tradicional inseguran\u00e7a jur\u00eddica? Nesse caso prevalecer\u00e1 a \u00e9tica da bandidagem.<\/p>\n","protected":false},"excerpt":{"rendered":"<p>Maria Lucia Victor Barbosa 1 de janeiro de 2017. Em penitenci\u00e1rias de Manaus (AM) a Fam\u00edlia do Norte (FDN), fac\u00e7\u00e3o que comanda o tr\u00e1fico de drogas na fronteira com a Bol\u00edvia e \u00e9 ligada ao Comando Vermelho (CV), esquartejou, decapitou, arrancou cora\u00e7\u00f5es e v\u00edsceras de 60 homens, a maioria ligada ao Primeiro Comando da Capital [&hellip;]<\/p>\n","protected":false},"author":2,"featured_media":127327,"comment_status":"open","ping_status":"closed","sticky":false,"template":"","format":"standard","meta":{"_acf_changed":false,"footnotes":""},"categories":[25],"tags":[],"class_list":["post-127325","post","type-post","status-publish","format-standard","has-post-thumbnail","hentry","category-opina-ai"],"acf":[],"yoast_head":"<!-- This site is optimized with the Yoast SEO plugin v27.5 - https:\/\/yoast.com\/product\/yoast-seo-wordpress\/ -->\n<title>Modelo \u00e9tico da bandidagem domina sistema carcer\u00e1rio - Notibras<\/title>\n<meta name=\"robots\" content=\"index, follow, max-snippet:-1, max-image-preview:large, max-video-preview:-1\" \/>\n<link rel=\"canonical\" href=\"https:\/\/www.notibras.com\/site\/etica-da-bandidagem-domina-sistema-carcerario\/\" \/>\n<meta property=\"og:locale\" content=\"pt_BR\" \/>\n<meta property=\"og:type\" content=\"article\" \/>\n<meta property=\"og:title\" content=\"Modelo \u00e9tico da bandidagem domina sistema carcer\u00e1rio - Notibras\" \/>\n<meta property=\"og:description\" content=\"Maria Lucia Victor Barbosa 1 de janeiro de 2017. Em penitenci\u00e1rias de Manaus (AM) a Fam\u00edlia do Norte (FDN), fac\u00e7\u00e3o que comanda o tr\u00e1fico de drogas na fronteira com a Bol\u00edvia e \u00e9 ligada ao Comando Vermelho (CV), esquartejou, decapitou, arrancou cora\u00e7\u00f5es e v\u00edsceras de 60 homens, a maioria ligada ao Primeiro Comando da Capital [&hellip;]\" \/>\n<meta property=\"og:url\" content=\"https:\/\/www.notibras.com\/site\/etica-da-bandidagem-domina-sistema-carcerario\/\" \/>\n<meta property=\"og:site_name\" content=\"Notibras\" \/>\n<meta property=\"article:publisher\" content=\"https:\/\/www.facebook.com\/notibras\/\" \/>\n<meta property=\"article:published_time\" content=\"2017-02-01T14:15:01+00:00\" \/>\n<meta property=\"article:modified_time\" content=\"2017-02-01T14:15:57+00:00\" \/>\n<meta property=\"og:image\" content=\"https:\/\/www.notibras.com\/site\/wp-content\/uploads\/2017\/02\/2014-745246969-2014082412747.jpg_20140824.jpg\" \/>\n\t<meta property=\"og:image:width\" content=\"699\" \/>\n\t<meta property=\"og:image:height\" content=\"420\" \/>\n\t<meta property=\"og:image:type\" content=\"image\/jpeg\" \/>\n<meta name=\"author\" content=\"Reda\u00e7\u00e3o\" \/>\n<meta name=\"twitter:card\" content=\"summary_large_image\" \/>\n<meta name=\"twitter:creator\" content=\"@Notibras\" \/>\n<meta name=\"twitter:site\" content=\"@Notibras\" \/>\n<meta name=\"twitter:label1\" content=\"Escrito por\" \/>\n\t<meta name=\"twitter:data1\" content=\"Reda\u00e7\u00e3o\" \/>\n\t<meta name=\"twitter:label2\" content=\"Est. tempo de leitura\" \/>\n\t<meta name=\"twitter:data2\" content=\"4 minutos\" \/>\n<script type=\"application\/ld+json\" class=\"yoast-schema-graph\">{\"@context\":\"https:\\\/\\\/schema.org\",\"@graph\":[{\"@type\":\"Article\",\"@id\":\"https:\\\/\\\/www.notibras.com\\\/site\\\/etica-da-bandidagem-domina-sistema-carcerario\\\/#article\",\"isPartOf\":{\"@id\":\"https:\\\/\\\/www.notibras.com\\\/site\\\/etica-da-bandidagem-domina-sistema-carcerario\\\/\"},\"author\":{\"name\":\"Reda\u00e7\u00e3o\",\"@id\":\"https:\\\/\\\/www.notibras.com\\\/site\\\/#\\\/schema\\\/person\\\/36ab0979449956132d3e5b517ea76ac8\"},\"headline\":\"Modelo \u00e9tico da bandidagem domina sistema carcer\u00e1rio\",\"datePublished\":\"2017-02-01T14:15:01+00:00\",\"dateModified\":\"2017-02-01T14:15:57+00:00\",\"mainEntityOfPage\":{\"@id\":\"https:\\\/\\\/www.notibras.com\\\/site\\\/etica-da-bandidagem-domina-sistema-carcerario\\\/\"},\"wordCount\":874,\"commentCount\":0,\"publisher\":{\"@id\":\"https:\\\/\\\/www.notibras.com\\\/site\\\/#organization\"},\"image\":{\"@id\":\"https:\\\/\\\/www.notibras.com\\\/site\\\/etica-da-bandidagem-domina-sistema-carcerario\\\/#primaryimage\"},\"thumbnailUrl\":\"https:\\\/\\\/www.notibras.com\\\/site\\\/wp-content\\\/uploads\\\/2017\\\/02\\\/2014-745246969-2014082412747.jpg_20140824.jpg\",\"articleSection\":[\"Opina a\u00ed\"],\"inLanguage\":\"pt-BR\",\"potentialAction\":[{\"@type\":\"CommentAction\",\"name\":\"Comment\",\"target\":[\"https:\\\/\\\/www.notibras.com\\\/site\\\/etica-da-bandidagem-domina-sistema-carcerario\\\/#respond\"]}]},{\"@type\":\"WebPage\",\"@id\":\"https:\\\/\\\/www.notibras.com\\\/site\\\/etica-da-bandidagem-domina-sistema-carcerario\\\/\",\"url\":\"https:\\\/\\\/www.notibras.com\\\/site\\\/etica-da-bandidagem-domina-sistema-carcerario\\\/\",\"name\":\"Modelo \u00e9tico da bandidagem domina sistema carcer\u00e1rio - Notibras\",\"isPartOf\":{\"@id\":\"https:\\\/\\\/www.notibras.com\\\/site\\\/#website\"},\"primaryImageOfPage\":{\"@id\":\"https:\\\/\\\/www.notibras.com\\\/site\\\/etica-da-bandidagem-domina-sistema-carcerario\\\/#primaryimage\"},\"image\":{\"@id\":\"https:\\\/\\\/www.notibras.com\\\/site\\\/etica-da-bandidagem-domina-sistema-carcerario\\\/#primaryimage\"},\"thumbnailUrl\":\"https:\\\/\\\/www.notibras.com\\\/site\\\/wp-content\\\/uploads\\\/2017\\\/02\\\/2014-745246969-2014082412747.jpg_20140824.jpg\",\"datePublished\":\"2017-02-01T14:15:01+00:00\",\"dateModified\":\"2017-02-01T14:15:57+00:00\",\"breadcrumb\":{\"@id\":\"https:\\\/\\\/www.notibras.com\\\/site\\\/etica-da-bandidagem-domina-sistema-carcerario\\\/#breadcrumb\"},\"inLanguage\":\"pt-BR\",\"potentialAction\":[{\"@type\":\"ReadAction\",\"target\":[\"https:\\\/\\\/www.notibras.com\\\/site\\\/etica-da-bandidagem-domina-sistema-carcerario\\\/\"]}]},{\"@type\":\"ImageObject\",\"inLanguage\":\"pt-BR\",\"@id\":\"https:\\\/\\\/www.notibras.com\\\/site\\\/etica-da-bandidagem-domina-sistema-carcerario\\\/#primaryimage\",\"url\":\"https:\\\/\\\/www.notibras.com\\\/site\\\/wp-content\\\/uploads\\\/2017\\\/02\\\/2014-745246969-2014082412747.jpg_20140824.jpg\",\"contentUrl\":\"https:\\\/\\\/www.notibras.com\\\/site\\\/wp-content\\\/uploads\\\/2017\\\/02\\\/2014-745246969-2014082412747.jpg_20140824.jpg\",\"width\":699,\"height\":420},{\"@type\":\"BreadcrumbList\",\"@id\":\"https:\\\/\\\/www.notibras.com\\\/site\\\/etica-da-bandidagem-domina-sistema-carcerario\\\/#breadcrumb\",\"itemListElement\":[{\"@type\":\"ListItem\",\"position\":1,\"name\":\"In\u00edcio\",\"item\":\"https:\\\/\\\/www.notibras.com\\\/site\\\/\"},{\"@type\":\"ListItem\",\"position\":2,\"name\":\"Modelo \u00e9tico da bandidagem domina sistema carcer\u00e1rio\"}]},{\"@type\":\"WebSite\",\"@id\":\"https:\\\/\\\/www.notibras.com\\\/site\\\/#website\",\"url\":\"https:\\\/\\\/www.notibras.com\\\/site\\\/\",\"name\":\"Notibras\",\"description\":\"Not\u00edcias de Bras\u00edlia, do Brasil e do Mundo\",\"publisher\":{\"@id\":\"https:\\\/\\\/www.notibras.com\\\/site\\\/#organization\"},\"potentialAction\":[{\"@type\":\"SearchAction\",\"target\":{\"@type\":\"EntryPoint\",\"urlTemplate\":\"https:\\\/\\\/www.notibras.com\\\/site\\\/?s={search_term_string}\"},\"query-input\":{\"@type\":\"PropertyValueSpecification\",\"valueRequired\":true,\"valueName\":\"search_term_string\"}}],\"inLanguage\":\"pt-BR\"},{\"@type\":\"Organization\",\"@id\":\"https:\\\/\\\/www.notibras.com\\\/site\\\/#organization\",\"name\":\"Grupo Notibras de Comunica\u00e7\u00e3o\",\"url\":\"https:\\\/\\\/www.notibras.com\\\/site\\\/\",\"logo\":{\"@type\":\"ImageObject\",\"inLanguage\":\"pt-BR\",\"@id\":\"https:\\\/\\\/www.notibras.com\\\/site\\\/#\\\/schema\\\/logo\\\/image\\\/\",\"url\":\"https:\\\/\\\/www.notibras.com\\\/site\\\/wp-content\\\/uploads\\\/2023\\\/01\\\/notibras23.png\",\"contentUrl\":\"https:\\\/\\\/www.notibras.com\\\/site\\\/wp-content\\\/uploads\\\/2023\\\/01\\\/notibras23.png\",\"width\":350,\"height\":87,\"caption\":\"Grupo Notibras de Comunica\u00e7\u00e3o\"},\"image\":{\"@id\":\"https:\\\/\\\/www.notibras.com\\\/site\\\/#\\\/schema\\\/logo\\\/image\\\/\"},\"sameAs\":[\"https:\\\/\\\/www.facebook.com\\\/notibras\\\/\",\"https:\\\/\\\/x.com\\\/Notibras\",\"https:\\\/\\\/www.instagram.com\\\/notibras\\\/\"]},{\"@type\":\"Person\",\"@id\":\"https:\\\/\\\/www.notibras.com\\\/site\\\/#\\\/schema\\\/person\\\/36ab0979449956132d3e5b517ea76ac8\",\"name\":\"Reda\u00e7\u00e3o\",\"image\":{\"@type\":\"ImageObject\",\"inLanguage\":\"pt-BR\",\"@id\":\"https:\\\/\\\/secure.gravatar.com\\\/avatar\\\/e0a867bdedb85fd243eadf09663511f96fc81e0720a4a42581f334ad4303aa6b?s=96&d=mm&r=g\",\"url\":\"https:\\\/\\\/secure.gravatar.com\\\/avatar\\\/e0a867bdedb85fd243eadf09663511f96fc81e0720a4a42581f334ad4303aa6b?s=96&d=mm&r=g\",\"contentUrl\":\"https:\\\/\\\/secure.gravatar.com\\\/avatar\\\/e0a867bdedb85fd243eadf09663511f96fc81e0720a4a42581f334ad4303aa6b?s=96&d=mm&r=g\",\"caption\":\"Reda\u00e7\u00e3o\"}}]}<\/script>\n<!-- \/ Yoast SEO plugin. -->","yoast_head_json":{"title":"Modelo \u00e9tico da bandidagem domina sistema carcer\u00e1rio - Notibras","robots":{"index":"index","follow":"follow","max-snippet":"max-snippet:-1","max-image-preview":"max-image-preview:large","max-video-preview":"max-video-preview:-1"},"canonical":"https:\/\/www.notibras.com\/site\/etica-da-bandidagem-domina-sistema-carcerario\/","og_locale":"pt_BR","og_type":"article","og_title":"Modelo \u00e9tico da bandidagem domina sistema carcer\u00e1rio - Notibras","og_description":"Maria Lucia Victor Barbosa 1 de janeiro de 2017. Em penitenci\u00e1rias de Manaus (AM) a Fam\u00edlia do Norte (FDN), fac\u00e7\u00e3o que comanda o tr\u00e1fico de drogas na fronteira com a Bol\u00edvia e \u00e9 ligada ao Comando Vermelho (CV), esquartejou, decapitou, arrancou cora\u00e7\u00f5es e v\u00edsceras de 60 homens, a maioria ligada ao Primeiro Comando da Capital [&hellip;]","og_url":"https:\/\/www.notibras.com\/site\/etica-da-bandidagem-domina-sistema-carcerario\/","og_site_name":"Notibras","article_publisher":"https:\/\/www.facebook.com\/notibras\/","article_published_time":"2017-02-01T14:15:01+00:00","article_modified_time":"2017-02-01T14:15:57+00:00","og_image":[{"width":699,"height":420,"url":"https:\/\/www.notibras.com\/site\/wp-content\/uploads\/2017\/02\/2014-745246969-2014082412747.jpg_20140824.jpg","type":"image\/jpeg"}],"author":"Reda\u00e7\u00e3o","twitter_card":"summary_large_image","twitter_creator":"@Notibras","twitter_site":"@Notibras","twitter_misc":{"Escrito por":"Reda\u00e7\u00e3o","Est. tempo de leitura":"4 minutos"},"schema":{"@context":"https:\/\/schema.org","@graph":[{"@type":"Article","@id":"https:\/\/www.notibras.com\/site\/etica-da-bandidagem-domina-sistema-carcerario\/#article","isPartOf":{"@id":"https:\/\/www.notibras.com\/site\/etica-da-bandidagem-domina-sistema-carcerario\/"},"author":{"name":"Reda\u00e7\u00e3o","@id":"https:\/\/www.notibras.com\/site\/#\/schema\/person\/36ab0979449956132d3e5b517ea76ac8"},"headline":"Modelo \u00e9tico da bandidagem domina sistema carcer\u00e1rio","datePublished":"2017-02-01T14:15:01+00:00","dateModified":"2017-02-01T14:15:57+00:00","mainEntityOfPage":{"@id":"https:\/\/www.notibras.com\/site\/etica-da-bandidagem-domina-sistema-carcerario\/"},"wordCount":874,"commentCount":0,"publisher":{"@id":"https:\/\/www.notibras.com\/site\/#organization"},"image":{"@id":"https:\/\/www.notibras.com\/site\/etica-da-bandidagem-domina-sistema-carcerario\/#primaryimage"},"thumbnailUrl":"https:\/\/www.notibras.com\/site\/wp-content\/uploads\/2017\/02\/2014-745246969-2014082412747.jpg_20140824.jpg","articleSection":["Opina a\u00ed"],"inLanguage":"pt-BR","potentialAction":[{"@type":"CommentAction","name":"Comment","target":["https:\/\/www.notibras.com\/site\/etica-da-bandidagem-domina-sistema-carcerario\/#respond"]}]},{"@type":"WebPage","@id":"https:\/\/www.notibras.com\/site\/etica-da-bandidagem-domina-sistema-carcerario\/","url":"https:\/\/www.notibras.com\/site\/etica-da-bandidagem-domina-sistema-carcerario\/","name":"Modelo \u00e9tico da bandidagem domina sistema carcer\u00e1rio - Notibras","isPartOf":{"@id":"https:\/\/www.notibras.com\/site\/#website"},"primaryImageOfPage":{"@id":"https:\/\/www.notibras.com\/site\/etica-da-bandidagem-domina-sistema-carcerario\/#primaryimage"},"image":{"@id":"https:\/\/www.notibras.com\/site\/etica-da-bandidagem-domina-sistema-carcerario\/#primaryimage"},"thumbnailUrl":"https:\/\/www.notibras.com\/site\/wp-content\/uploads\/2017\/02\/2014-745246969-2014082412747.jpg_20140824.jpg","datePublished":"2017-02-01T14:15:01+00:00","dateModified":"2017-02-01T14:15:57+00:00","breadcrumb":{"@id":"https:\/\/www.notibras.com\/site\/etica-da-bandidagem-domina-sistema-carcerario\/#breadcrumb"},"inLanguage":"pt-BR","potentialAction":[{"@type":"ReadAction","target":["https:\/\/www.notibras.com\/site\/etica-da-bandidagem-domina-sistema-carcerario\/"]}]},{"@type":"ImageObject","inLanguage":"pt-BR","@id":"https:\/\/www.notibras.com\/site\/etica-da-bandidagem-domina-sistema-carcerario\/#primaryimage","url":"https:\/\/www.notibras.com\/site\/wp-content\/uploads\/2017\/02\/2014-745246969-2014082412747.jpg_20140824.jpg","contentUrl":"https:\/\/www.notibras.com\/site\/wp-content\/uploads\/2017\/02\/2014-745246969-2014082412747.jpg_20140824.jpg","width":699,"height":420},{"@type":"BreadcrumbList","@id":"https:\/\/www.notibras.com\/site\/etica-da-bandidagem-domina-sistema-carcerario\/#breadcrumb","itemListElement":[{"@type":"ListItem","position":1,"name":"In\u00edcio","item":"https:\/\/www.notibras.com\/site\/"},{"@type":"ListItem","position":2,"name":"Modelo \u00e9tico da bandidagem domina sistema carcer\u00e1rio"}]},{"@type":"WebSite","@id":"https:\/\/www.notibras.com\/site\/#website","url":"https:\/\/www.notibras.com\/site\/","name":"Notibras","description":"Not\u00edcias de Bras\u00edlia, do Brasil e do Mundo","publisher":{"@id":"https:\/\/www.notibras.com\/site\/#organization"},"potentialAction":[{"@type":"SearchAction","target":{"@type":"EntryPoint","urlTemplate":"https:\/\/www.notibras.com\/site\/?s={search_term_string}"},"query-input":{"@type":"PropertyValueSpecification","valueRequired":true,"valueName":"search_term_string"}}],"inLanguage":"pt-BR"},{"@type":"Organization","@id":"https:\/\/www.notibras.com\/site\/#organization","name":"Grupo Notibras de Comunica\u00e7\u00e3o","url":"https:\/\/www.notibras.com\/site\/","logo":{"@type":"ImageObject","inLanguage":"pt-BR","@id":"https:\/\/www.notibras.com\/site\/#\/schema\/logo\/image\/","url":"https:\/\/www.notibras.com\/site\/wp-content\/uploads\/2023\/01\/notibras23.png","contentUrl":"https:\/\/www.notibras.com\/site\/wp-content\/uploads\/2023\/01\/notibras23.png","width":350,"height":87,"caption":"Grupo Notibras de Comunica\u00e7\u00e3o"},"image":{"@id":"https:\/\/www.notibras.com\/site\/#\/schema\/logo\/image\/"},"sameAs":["https:\/\/www.facebook.com\/notibras\/","https:\/\/x.com\/Notibras","https:\/\/www.instagram.com\/notibras\/"]},{"@type":"Person","@id":"https:\/\/www.notibras.com\/site\/#\/schema\/person\/36ab0979449956132d3e5b517ea76ac8","name":"Reda\u00e7\u00e3o","image":{"@type":"ImageObject","inLanguage":"pt-BR","@id":"https:\/\/secure.gravatar.com\/avatar\/e0a867bdedb85fd243eadf09663511f96fc81e0720a4a42581f334ad4303aa6b?s=96&d=mm&r=g","url":"https:\/\/secure.gravatar.com\/avatar\/e0a867bdedb85fd243eadf09663511f96fc81e0720a4a42581f334ad4303aa6b?s=96&d=mm&r=g","contentUrl":"https:\/\/secure.gravatar.com\/avatar\/e0a867bdedb85fd243eadf09663511f96fc81e0720a4a42581f334ad4303aa6b?s=96&d=mm&r=g","caption":"Reda\u00e7\u00e3o"}}]}},"amp_enabled":true,"_links":{"self":[{"href":"https:\/\/www.notibras.com\/site\/wp-json\/wp\/v2\/posts\/127325","targetHints":{"allow":["GET"]}}],"collection":[{"href":"https:\/\/www.notibras.com\/site\/wp-json\/wp\/v2\/posts"}],"about":[{"href":"https:\/\/www.notibras.com\/site\/wp-json\/wp\/v2\/types\/post"}],"author":[{"embeddable":true,"href":"https:\/\/www.notibras.com\/site\/wp-json\/wp\/v2\/users\/2"}],"replies":[{"embeddable":true,"href":"https:\/\/www.notibras.com\/site\/wp-json\/wp\/v2\/comments?post=127325"}],"version-history":[{"count":2,"href":"https:\/\/www.notibras.com\/site\/wp-json\/wp\/v2\/posts\/127325\/revisions"}],"predecessor-version":[{"id":127328,"href":"https:\/\/www.notibras.com\/site\/wp-json\/wp\/v2\/posts\/127325\/revisions\/127328"}],"wp:featuredmedia":[{"embeddable":true,"href":"https:\/\/www.notibras.com\/site\/wp-json\/wp\/v2\/media\/127327"}],"wp:attachment":[{"href":"https:\/\/www.notibras.com\/site\/wp-json\/wp\/v2\/media?parent=127325"}],"wp:term":[{"taxonomy":"category","embeddable":true,"href":"https:\/\/www.notibras.com\/site\/wp-json\/wp\/v2\/categories?post=127325"},{"taxonomy":"post_tag","embeddable":true,"href":"https:\/\/www.notibras.com\/site\/wp-json\/wp\/v2\/tags?post=127325"}],"curies":[{"name":"wp","href":"https:\/\/api.w.org\/{rel}","templated":true}]}}