{"id":127442,"date":"2017-02-02T09:13:17","date_gmt":"2017-02-02T11:13:17","guid":{"rendered":"http:\/\/www.notibras.com\/site\/?p=127442"},"modified":"2017-02-02T09:15:35","modified_gmt":"2017-02-02T11:15:35","slug":"delacao-homologada-e-o-brasil-vai-caindo-aos-pedacos","status":"publish","type":"post","link":"https:\/\/www.notibras.com\/site\/delacao-homologada-e-o-brasil-vai-caindo-aos-pedacos\/","title":{"rendered":"Dela\u00e7\u00e3o acertada e o Brasil sem rumo segue aos peda\u00e7os"},"content":{"rendered":"<p><strong>Roberto Amaral<\/strong><\/p>\n<p>A cada dia que passa, a cada medida que adota, o governo Temer mais assume, agora sem rebu\u00e7os, seu projeto mesquinho de desestrutura\u00e7\u00e3o do Pa\u00eds, por meio do desmantelamento do Estado e da desconstru\u00e7\u00e3o da economia nacional, a servi\u00e7o de interesses internacionais e do rentismo. A pol\u00edtica recessiva, o neoliberalismo, o monetarismo arcaico n\u00e3o s\u00e3o fins em si, mas instrumentos de que se vale o situacionismo para destruir o que ainda sobrevive de projeto de desenvolvimento.<\/p>\n<p>A arrecada\u00e7\u00e3o de tributos federais teve uma queda de 3% em 2016, em compara\u00e7\u00e3o com 2015, e o decl\u00ednio n\u00e3o foi maior gra\u00e7as ao ingresso dos 46,8 bilh\u00f5es de reais advindos da receita extra de impostos e multas da repatria\u00e7\u00e3o de recursos ilegais de brasileiros no exterior. Posta de lado essa receita, a queda sobe para 6%. Na compara\u00e7\u00e3o entre dezembro de 2016 e dezembro de 2015, a queda foi de 1,19%. A retra\u00e7\u00e3o no in\u00edcio de 2017 superou 10%, mantendo a expectativa de contra\u00e7\u00e3o no ano.<\/p>\n<p>Dessa forma, a arrecada\u00e7\u00e3o cai pelo terceiro ano consecutivo e retorna ao n\u00edvel de 2010. As principais quedas se d\u00e3o entre os maiores empregadores de m\u00e3o de obra, a saber, no com\u00e9rcio, na constru\u00e7\u00e3o e na ind\u00fastria, cujo faturamento caiu 12,1% em compara\u00e7\u00e3o com o ano passado.<\/p>\n<p>E o ajuste fiscal?<\/p>\n<p>Enquanto a receita m\u00edngua, crescem as despesas. As contas do governo ficaram no vermelho pelo terceiro ano consecutivo, com um d\u00e9fict prim\u00e1rio de 154,255 bilh\u00f5es em 2016, o maior rombo desde 1997, resultado do aumento de despesas na ordem de 7,2% em 2016 sobre 2015.<\/p>\n<p>A estimativa de crescimento de 0,5% do PIB foi revisada pelo Fundo Monet\u00e1rio Internacional para 0,2%, e pode ser ainda menor, enquanto a d\u00edvida das fam\u00edlias cai na propor\u00e7\u00e3o em que sobe o gasto com seu pagamento. O cr\u00e9dito encolhe, o peso dos juros sobe de 41% (m\u00e9dia de 2014) para 48% (novembro de 2016) e a taxa m\u00e9dia dos juros ao consumidor chegou a 71,9% no final do ano passado. A contra\u00e7\u00e3o da economia at\u00e9 2016 chegou a 9%.<\/p>\n<p>Os reflexos nas vendas do com\u00e9rcio de varejo s\u00e3o vis\u00edveis e imagin\u00e1vel \u00e9 a queda das encomendas \u00e0 ind\u00fastria, com seu rol de consequ\u00eancias que come\u00e7a com o desemprego, crescente. J\u00e1 chegou a 15% e pode, at\u00e9 o final do ano, atingir 20%. S\u00f3 no ano passado foram eliminados tr\u00eas milh\u00f5es de empregos com carteira assinada, o que significa tr\u00eas milh\u00f5es de fam\u00edlias de trabalhadores no desespero.<\/p>\n<p>Os Estados, j\u00e1 em crise, enfrentando quedas crescentes de receita, s\u00e3o, ainda, apenados pela Uni\u00e3o com a cobran\u00e7a de uma d\u00edvida pelo menos discut\u00edvel.<br \/>\nNa impossibilidade de privatizar de uma s\u00f3 vez a Petrobras, o governo cuida de fragiliz\u00e1-la ao limite de renunciar \u00e0s expectativas do Pr\u00e9-sal, a maior descoberta de petr\u00f3leo do planeta nos \u00faltimos 30 anos. Parte para a venda fatiada, na bacia das almas, de ativos valios\u00edssimos de nossa maior empresa, como campos do Pr\u00e9-sal e outros, de gasodutos, da Liquig\u00e1s, de sua ind\u00fastria petroqu\u00edmica e tudo isso por que o projeto de destrui\u00e7\u00e3o da estatal visa a reduzi-la \u00e0 condi\u00e7\u00e3o de mera produtora de \u00f3leo bruto, o que pode ser levado a cabo em pouco tempo.<\/p>\n<p>\u00c0 irrespons\u00e1vel venda de ativos soma-se a contra\u00e7\u00e3o dos investimentos em explora\u00e7\u00e3o e produ\u00e7\u00e3o de \u00f3leo, e assim o senhor Pedro Parente, presidente da estatal, j\u00e1 pode comemorar a queda de nossas reservas para o n\u00edvel de 2001. A atual dire\u00e7\u00e3o da Petrobras, criminosamente, praticamente abandonou a atividade de explora\u00e7\u00e3o (perfura\u00e7\u00e3o de novos po\u00e7os para ampliar reservas), o que far\u00e1 com que, em pouco tempo, nosso mercado interno venha a ser atendido majoritariamente pelas petroleiras estrangeiras.<\/p>\n<p>Fica cada vez mais claro que o grande objetivo \u00e9 o desmonte do Brasil qual o conhecemos e a entrega de nosso patrim\u00f4nio, constru\u00eddo com tanto sacrif\u00edcio e ao longo de tantos anos, a grupos internacionais que avan\u00e7am sobre todos os setores da economia brasileira, principalmente nos setores vitais, da ind\u00fastria de um modo geral, do com\u00e9rcio, da educa\u00e7\u00e3o e da sa\u00fade. Coerente com essa pol\u00edtica verdadeiramente de terra arrasada, o governo pretende entregar a empresas estrangeiras o controle do tr\u00e1fego a\u00e9reo nacional (o que comprometer\u00e1 at\u00e9 a avia\u00e7\u00e3o militar e os deslocamentos de nossas autoridades).<\/p>\n<p>Pretende liberar a aquisi\u00e7\u00e3o integral das empresas brasileiras de avia\u00e7\u00e3o a empresas estrangeiras e a pol\u00edtica de \u2018c\u00e9us sem fronteiras\u2019 que permitir\u00e1 a empresas estrangeiras explorar a avia\u00e7\u00e3o comercial dom\u00e9stica, quando nossas empresas encolheram 5,47% no ano passado, o pior desempenho desde 2003.<\/p>\n<p>\u00c0s empresas estrangeiras \u00e9 liberada a capta\u00e7\u00e3o de fundos p\u00fablicos, o que contraria a l\u00f3gica da atra\u00e7\u00e3o de capitais estrangeiros, pois, por suposto, viriam eles aumentar a nossa capacidade de investir. Se nem mais capital t\u00eam de trazer, vir\u00e3o simplesmente abocanhar fatia crescente do capital privado nacional, acelerando, com a ajuda governamental, a desnacionaliza\u00e7\u00e3o de nossa economia. Pari passu \u00e9 autorizada a instala\u00e7\u00e3o de 21 Zonas de Processamento de Exporta\u00e7\u00e3o (ZPES) sem cobran\u00e7a de contrapartidas, ao lado de concess\u00f5es de servi\u00e7os p\u00fablicos sem a exig\u00eancia de conte\u00fado local.<\/p>\n<p>Enquanto isso, segue o esfor\u00e7o da maioria parlamentar, guiada pelo Planalto, visando \u00e0 destrui\u00e7\u00e3o da Consolida\u00e7\u00e3o das Leis do Trabalho (CLT), \u00e0 perversa precariza\u00e7\u00e3o do trabalho em meio \u00e0 recess\u00e3o e ao desemprego, e a reforma da previd\u00eancia que s\u00f3 cuida de prejudicar quem mais dela depende, o assalariado.<\/p>\n<p>O governo que assim comanda a economia brasileira, permanentemente na corda bamba, sem credibilidade, carente de legitimidade e apoio popular, cuida do dia a dia sem saber se ter\u00e1 amanh\u00e3, pois pode e deve ser alcan\u00e7ado pelas dela\u00e7\u00f5es dos executivos da Odebrecht, recentemente homologadas pela presidente do STF.<\/p>\n<p>Se salvar-se dessa amea\u00e7a, sa\u00edda improbabil\u00edssima, o ainda presidente pode ter seu mandato cassado como consequ\u00eancia da eventual impugna\u00e7\u00e3o pelo TSE das contas da campanha de 2014, embora as chicanas jur\u00eddicas do ministro Gilmar Mendes, aquele que n\u00e3o disfar\u00e7a sua condi\u00e7\u00e3o de militante partid\u00e1rio e, agora conselheiro do presidente que mais tarde julgar\u00e1, tenta ora desvincular as candidaturas Dilma-Temer, ora prorrogar ao m\u00e1ximo o julgamento. Enseja ao presidente a renova\u00e7\u00e3o de duas ou mais vagas no plen\u00e1rio, inclusive a substitui\u00e7\u00e3o do relator, o que lhe daria absoluto controle da Corte.<\/p>\n<p>Festeja-se a homologa\u00e7\u00e3o das dela\u00e7\u00f5es, mas \u00e9 de lamentar a manuten\u00e7\u00e3o do sigilo, que s\u00f3 contribui para fortalecer suspei\u00e7\u00f5es difusas que s\u00e3o utilizadas para toldar o ambiente j\u00e1 de si tenso ap\u00f3s tanta espera. O recurso ao sigilo, ademais, contraria o principio basilar da transpar\u00eancia, segundo o qual a publicidade deve ser a regra e o sigilo a exce\u00e7\u00e3o, e s\u00f3 tem servido para o \u2018vazamento seletivo\u2019 manipulado nas entranhas dos inqu\u00e9ritos e seus agentes.<\/p>\n<p>Pelo que se comenta em todos os bastidores da pol\u00edtica e dos templos da Justi\u00e7a, a dela\u00e7\u00e3o dos executivos e do principal acionista da Odebrecht \u00e9 grave demais, para os destinos da Rep\u00fablica e da Lava Jato, pelos seus aspectos intr\u00ednsecos, civis e criminais. De igual modo \u00e9 important\u00edssima pelos suas evidentes implica\u00e7\u00f5es pol\u00edticas e consequ\u00eancias institucionais, para ser tratada \u00e0s escondidas, abrindo espa\u00e7o para suspei\u00e7\u00f5es.<\/p>\n<p>A homologa\u00e7\u00e3o e o sigilo foram anunciados quando est\u00e1vamos nas v\u00e9speras da elei\u00e7\u00e3o das mesas diretoras do Senado Federal e da C\u00e2mara dos Deputados que definir\u00e1, ademais, a linha sucess\u00f3ria da Presid\u00eancia da Rep\u00falica, podendo eleger futuros r\u00e9us da Lava Jato.<\/p>\n<p>O que est\u00e1 posto \u00e0 toda evid\u00eancia \u00e9 que a conjuntura aponta para uma crise pol\u00edtico-institucional potencializada pela crise econ\u00f4mico-social. Neste momento, os partidos precisam de nitidez ideol\u00f3gica afirmada em sua fidelidade a princ\u00edpios e programas.<\/p>\n<p>Vencida pela rea\u00e7\u00e3o sempre en\u00e9rgica de sua brava milit\u00e2ncia, a bancada do PT na C\u00e2mara tende a ficar onde deve e de onde n\u00e3o pode sair, ou seja, na oposi\u00e7\u00e3o ao governo t\u00edtere. Precisa cumprir o papel \u2013 se puder faz\u00ea-lo \u2013 de aglutinador, sem veleidades hegemonistas, dos partidos de oposi\u00e7\u00e3o (PDT, PCdoB, Rede e PSol) num bloco parlamentar de resist\u00eancia ao desmonte do Estado e da economia nacional.<\/p>\n<p>Do movimento social, sindicatos \u00e0 frente, a conjuntura exige capacidade de a\u00e7\u00e3o, mobiliza\u00e7\u00e3o permanente, dando sustenta\u00e7\u00e3o, impulso e vigor \u00e0 oposi\u00e7\u00e3o parlamentar. \u00c9 hora de ampliar nossos espa\u00e7os e cuidar de alian\u00e7as t\u00e1ticas \u2013 inclusive com o capital produtivo, que os poucos vai descobrindo o erro que cometeu com a solidariedade ao impeachment.<\/p>\n<p>Em tais circunst\u00e2ncias, a supera\u00e7\u00e3o da crise passa por entendimento que antecipe a elei\u00e7\u00e3o direta de novo Presidente da Rep\u00fablica. Este sim, ungido pelo voto popular, e s\u00f3 nesta condi\u00e7\u00e3o, ter\u00e1 legitimidade para dar rumo ao Pa\u00eds.<\/p>\n","protected":false},"excerpt":{"rendered":"<p>Roberto Amaral A cada dia que passa, a cada medida que adota, o governo Temer mais assume, agora sem rebu\u00e7os, seu projeto mesquinho de desestrutura\u00e7\u00e3o do Pa\u00eds, por meio do desmantelamento do Estado e da desconstru\u00e7\u00e3o da economia nacional, a servi\u00e7o de interesses internacionais e do rentismo. A pol\u00edtica recessiva, o neoliberalismo, o monetarismo arcaico [&hellip;]<\/p>\n","protected":false},"author":2,"featured_media":127443,"comment_status":"open","ping_status":"closed","sticky":false,"template":"","format":"standard","meta":{"_acf_changed":false,"footnotes":""},"categories":[25],"tags":[],"class_list":["post-127442","post","type-post","status-publish","format-standard","has-post-thumbnail","hentry","category-opina-ai"],"acf":[],"yoast_head":"<!-- This site is optimized with the Yoast SEO plugin v27.5 - https:\/\/yoast.com\/product\/yoast-seo-wordpress\/ -->\n<title>Dela\u00e7\u00e3o acertada e o Brasil sem rumo segue aos peda\u00e7os - Notibras<\/title>\n<meta name=\"robots\" content=\"index, follow, max-snippet:-1, max-image-preview:large, max-video-preview:-1\" \/>\n<link rel=\"canonical\" href=\"https:\/\/www.notibras.com\/site\/delacao-homologada-e-o-brasil-vai-caindo-aos-pedacos\/\" \/>\n<meta property=\"og:locale\" content=\"pt_BR\" \/>\n<meta property=\"og:type\" content=\"article\" \/>\n<meta property=\"og:title\" content=\"Dela\u00e7\u00e3o acertada e o Brasil sem rumo segue aos peda\u00e7os - Notibras\" \/>\n<meta property=\"og:description\" content=\"Roberto Amaral A cada dia que passa, a cada medida que adota, o governo Temer mais assume, agora sem rebu\u00e7os, seu projeto mesquinho de desestrutura\u00e7\u00e3o do Pa\u00eds, por meio do desmantelamento do Estado e da desconstru\u00e7\u00e3o da economia nacional, a servi\u00e7o de interesses internacionais e do rentismo. A pol\u00edtica recessiva, o neoliberalismo, o monetarismo arcaico [&hellip;]\" \/>\n<meta property=\"og:url\" content=\"https:\/\/www.notibras.com\/site\/delacao-homologada-e-o-brasil-vai-caindo-aos-pedacos\/\" \/>\n<meta property=\"og:site_name\" content=\"Notibras\" \/>\n<meta property=\"article:publisher\" content=\"https:\/\/www.facebook.com\/notibras\/\" \/>\n<meta property=\"article:published_time\" content=\"2017-02-02T11:13:17+00:00\" \/>\n<meta property=\"article:modified_time\" content=\"2017-02-02T11:15:35+00:00\" \/>\n<meta property=\"og:image\" content=\"https:\/\/www.notibras.com\/site\/wp-content\/uploads\/2017\/02\/brasil-governo-falido-pais-a-deriva-blogdoluizpaulo.jpg\" \/>\n\t<meta property=\"og:image:width\" content=\"1200\" \/>\n\t<meta property=\"og:image:height\" content=\"625\" \/>\n\t<meta property=\"og:image:type\" content=\"image\/jpeg\" \/>\n<meta name=\"author\" content=\"Reda\u00e7\u00e3o\" \/>\n<meta name=\"twitter:card\" content=\"summary_large_image\" \/>\n<meta name=\"twitter:creator\" content=\"@Notibras\" \/>\n<meta name=\"twitter:site\" content=\"@Notibras\" \/>\n<meta name=\"twitter:label1\" content=\"Escrito por\" \/>\n\t<meta name=\"twitter:data1\" content=\"Reda\u00e7\u00e3o\" \/>\n\t<meta name=\"twitter:label2\" content=\"Est. tempo de leitura\" \/>\n\t<meta name=\"twitter:data2\" content=\"8 minutos\" \/>\n<script type=\"application\/ld+json\" class=\"yoast-schema-graph\">{\"@context\":\"https:\\\/\\\/schema.org\",\"@graph\":[{\"@type\":\"Article\",\"@id\":\"https:\\\/\\\/www.notibras.com\\\/site\\\/delacao-homologada-e-o-brasil-vai-caindo-aos-pedacos\\\/#article\",\"isPartOf\":{\"@id\":\"https:\\\/\\\/www.notibras.com\\\/site\\\/delacao-homologada-e-o-brasil-vai-caindo-aos-pedacos\\\/\"},\"author\":{\"name\":\"Reda\u00e7\u00e3o\",\"@id\":\"https:\\\/\\\/www.notibras.com\\\/site\\\/#\\\/schema\\\/person\\\/36ab0979449956132d3e5b517ea76ac8\"},\"headline\":\"Dela\u00e7\u00e3o acertada e o Brasil sem rumo segue aos peda\u00e7os\",\"datePublished\":\"2017-02-02T11:13:17+00:00\",\"dateModified\":\"2017-02-02T11:15:35+00:00\",\"mainEntityOfPage\":{\"@id\":\"https:\\\/\\\/www.notibras.com\\\/site\\\/delacao-homologada-e-o-brasil-vai-caindo-aos-pedacos\\\/\"},\"wordCount\":1538,\"commentCount\":0,\"publisher\":{\"@id\":\"https:\\\/\\\/www.notibras.com\\\/site\\\/#organization\"},\"image\":{\"@id\":\"https:\\\/\\\/www.notibras.com\\\/site\\\/delacao-homologada-e-o-brasil-vai-caindo-aos-pedacos\\\/#primaryimage\"},\"thumbnailUrl\":\"https:\\\/\\\/www.notibras.com\\\/site\\\/wp-content\\\/uploads\\\/2017\\\/02\\\/brasil-governo-falido-pais-a-deriva-blogdoluizpaulo.jpg\",\"articleSection\":[\"Opina a\u00ed\"],\"inLanguage\":\"pt-BR\",\"potentialAction\":[{\"@type\":\"CommentAction\",\"name\":\"Comment\",\"target\":[\"https:\\\/\\\/www.notibras.com\\\/site\\\/delacao-homologada-e-o-brasil-vai-caindo-aos-pedacos\\\/#respond\"]}]},{\"@type\":\"WebPage\",\"@id\":\"https:\\\/\\\/www.notibras.com\\\/site\\\/delacao-homologada-e-o-brasil-vai-caindo-aos-pedacos\\\/\",\"url\":\"https:\\\/\\\/www.notibras.com\\\/site\\\/delacao-homologada-e-o-brasil-vai-caindo-aos-pedacos\\\/\",\"name\":\"Dela\u00e7\u00e3o acertada e o Brasil sem rumo segue aos peda\u00e7os - Notibras\",\"isPartOf\":{\"@id\":\"https:\\\/\\\/www.notibras.com\\\/site\\\/#website\"},\"primaryImageOfPage\":{\"@id\":\"https:\\\/\\\/www.notibras.com\\\/site\\\/delacao-homologada-e-o-brasil-vai-caindo-aos-pedacos\\\/#primaryimage\"},\"image\":{\"@id\":\"https:\\\/\\\/www.notibras.com\\\/site\\\/delacao-homologada-e-o-brasil-vai-caindo-aos-pedacos\\\/#primaryimage\"},\"thumbnailUrl\":\"https:\\\/\\\/www.notibras.com\\\/site\\\/wp-content\\\/uploads\\\/2017\\\/02\\\/brasil-governo-falido-pais-a-deriva-blogdoluizpaulo.jpg\",\"datePublished\":\"2017-02-02T11:13:17+00:00\",\"dateModified\":\"2017-02-02T11:15:35+00:00\",\"breadcrumb\":{\"@id\":\"https:\\\/\\\/www.notibras.com\\\/site\\\/delacao-homologada-e-o-brasil-vai-caindo-aos-pedacos\\\/#breadcrumb\"},\"inLanguage\":\"pt-BR\",\"potentialAction\":[{\"@type\":\"ReadAction\",\"target\":[\"https:\\\/\\\/www.notibras.com\\\/site\\\/delacao-homologada-e-o-brasil-vai-caindo-aos-pedacos\\\/\"]}]},{\"@type\":\"ImageObject\",\"inLanguage\":\"pt-BR\",\"@id\":\"https:\\\/\\\/www.notibras.com\\\/site\\\/delacao-homologada-e-o-brasil-vai-caindo-aos-pedacos\\\/#primaryimage\",\"url\":\"https:\\\/\\\/www.notibras.com\\\/site\\\/wp-content\\\/uploads\\\/2017\\\/02\\\/brasil-governo-falido-pais-a-deriva-blogdoluizpaulo.jpg\",\"contentUrl\":\"https:\\\/\\\/www.notibras.com\\\/site\\\/wp-content\\\/uploads\\\/2017\\\/02\\\/brasil-governo-falido-pais-a-deriva-blogdoluizpaulo.jpg\",\"width\":1200,\"height\":625},{\"@type\":\"BreadcrumbList\",\"@id\":\"https:\\\/\\\/www.notibras.com\\\/site\\\/delacao-homologada-e-o-brasil-vai-caindo-aos-pedacos\\\/#breadcrumb\",\"itemListElement\":[{\"@type\":\"ListItem\",\"position\":1,\"name\":\"In\u00edcio\",\"item\":\"https:\\\/\\\/www.notibras.com\\\/site\\\/\"},{\"@type\":\"ListItem\",\"position\":2,\"name\":\"Dela\u00e7\u00e3o acertada e o Brasil sem rumo segue aos peda\u00e7os\"}]},{\"@type\":\"WebSite\",\"@id\":\"https:\\\/\\\/www.notibras.com\\\/site\\\/#website\",\"url\":\"https:\\\/\\\/www.notibras.com\\\/site\\\/\",\"name\":\"Notibras\",\"description\":\"Not\u00edcias de Bras\u00edlia, do Brasil e do Mundo\",\"publisher\":{\"@id\":\"https:\\\/\\\/www.notibras.com\\\/site\\\/#organization\"},\"potentialAction\":[{\"@type\":\"SearchAction\",\"target\":{\"@type\":\"EntryPoint\",\"urlTemplate\":\"https:\\\/\\\/www.notibras.com\\\/site\\\/?s={search_term_string}\"},\"query-input\":{\"@type\":\"PropertyValueSpecification\",\"valueRequired\":true,\"valueName\":\"search_term_string\"}}],\"inLanguage\":\"pt-BR\"},{\"@type\":\"Organization\",\"@id\":\"https:\\\/\\\/www.notibras.com\\\/site\\\/#organization\",\"name\":\"Grupo Notibras de Comunica\u00e7\u00e3o\",\"url\":\"https:\\\/\\\/www.notibras.com\\\/site\\\/\",\"logo\":{\"@type\":\"ImageObject\",\"inLanguage\":\"pt-BR\",\"@id\":\"https:\\\/\\\/www.notibras.com\\\/site\\\/#\\\/schema\\\/logo\\\/image\\\/\",\"url\":\"https:\\\/\\\/www.notibras.com\\\/site\\\/wp-content\\\/uploads\\\/2023\\\/01\\\/notibras23.png\",\"contentUrl\":\"https:\\\/\\\/www.notibras.com\\\/site\\\/wp-content\\\/uploads\\\/2023\\\/01\\\/notibras23.png\",\"width\":350,\"height\":87,\"caption\":\"Grupo Notibras de Comunica\u00e7\u00e3o\"},\"image\":{\"@id\":\"https:\\\/\\\/www.notibras.com\\\/site\\\/#\\\/schema\\\/logo\\\/image\\\/\"},\"sameAs\":[\"https:\\\/\\\/www.facebook.com\\\/notibras\\\/\",\"https:\\\/\\\/x.com\\\/Notibras\",\"https:\\\/\\\/www.instagram.com\\\/notibras\\\/\"]},{\"@type\":\"Person\",\"@id\":\"https:\\\/\\\/www.notibras.com\\\/site\\\/#\\\/schema\\\/person\\\/36ab0979449956132d3e5b517ea76ac8\",\"name\":\"Reda\u00e7\u00e3o\",\"image\":{\"@type\":\"ImageObject\",\"inLanguage\":\"pt-BR\",\"@id\":\"https:\\\/\\\/secure.gravatar.com\\\/avatar\\\/e0a867bdedb85fd243eadf09663511f96fc81e0720a4a42581f334ad4303aa6b?s=96&d=mm&r=g\",\"url\":\"https:\\\/\\\/secure.gravatar.com\\\/avatar\\\/e0a867bdedb85fd243eadf09663511f96fc81e0720a4a42581f334ad4303aa6b?s=96&d=mm&r=g\",\"contentUrl\":\"https:\\\/\\\/secure.gravatar.com\\\/avatar\\\/e0a867bdedb85fd243eadf09663511f96fc81e0720a4a42581f334ad4303aa6b?s=96&d=mm&r=g\",\"caption\":\"Reda\u00e7\u00e3o\"}}]}<\/script>\n<!-- \/ Yoast SEO plugin. -->","yoast_head_json":{"title":"Dela\u00e7\u00e3o acertada e o Brasil sem rumo segue aos peda\u00e7os - Notibras","robots":{"index":"index","follow":"follow","max-snippet":"max-snippet:-1","max-image-preview":"max-image-preview:large","max-video-preview":"max-video-preview:-1"},"canonical":"https:\/\/www.notibras.com\/site\/delacao-homologada-e-o-brasil-vai-caindo-aos-pedacos\/","og_locale":"pt_BR","og_type":"article","og_title":"Dela\u00e7\u00e3o acertada e o Brasil sem rumo segue aos peda\u00e7os - Notibras","og_description":"Roberto Amaral A cada dia que passa, a cada medida que adota, o governo Temer mais assume, agora sem rebu\u00e7os, seu projeto mesquinho de desestrutura\u00e7\u00e3o do Pa\u00eds, por meio do desmantelamento do Estado e da desconstru\u00e7\u00e3o da economia nacional, a servi\u00e7o de interesses internacionais e do rentismo. A pol\u00edtica recessiva, o neoliberalismo, o monetarismo arcaico [&hellip;]","og_url":"https:\/\/www.notibras.com\/site\/delacao-homologada-e-o-brasil-vai-caindo-aos-pedacos\/","og_site_name":"Notibras","article_publisher":"https:\/\/www.facebook.com\/notibras\/","article_published_time":"2017-02-02T11:13:17+00:00","article_modified_time":"2017-02-02T11:15:35+00:00","og_image":[{"width":1200,"height":625,"url":"https:\/\/www.notibras.com\/site\/wp-content\/uploads\/2017\/02\/brasil-governo-falido-pais-a-deriva-blogdoluizpaulo.jpg","type":"image\/jpeg"}],"author":"Reda\u00e7\u00e3o","twitter_card":"summary_large_image","twitter_creator":"@Notibras","twitter_site":"@Notibras","twitter_misc":{"Escrito por":"Reda\u00e7\u00e3o","Est. tempo de leitura":"8 minutos"},"schema":{"@context":"https:\/\/schema.org","@graph":[{"@type":"Article","@id":"https:\/\/www.notibras.com\/site\/delacao-homologada-e-o-brasil-vai-caindo-aos-pedacos\/#article","isPartOf":{"@id":"https:\/\/www.notibras.com\/site\/delacao-homologada-e-o-brasil-vai-caindo-aos-pedacos\/"},"author":{"name":"Reda\u00e7\u00e3o","@id":"https:\/\/www.notibras.com\/site\/#\/schema\/person\/36ab0979449956132d3e5b517ea76ac8"},"headline":"Dela\u00e7\u00e3o acertada e o Brasil sem rumo segue aos peda\u00e7os","datePublished":"2017-02-02T11:13:17+00:00","dateModified":"2017-02-02T11:15:35+00:00","mainEntityOfPage":{"@id":"https:\/\/www.notibras.com\/site\/delacao-homologada-e-o-brasil-vai-caindo-aos-pedacos\/"},"wordCount":1538,"commentCount":0,"publisher":{"@id":"https:\/\/www.notibras.com\/site\/#organization"},"image":{"@id":"https:\/\/www.notibras.com\/site\/delacao-homologada-e-o-brasil-vai-caindo-aos-pedacos\/#primaryimage"},"thumbnailUrl":"https:\/\/www.notibras.com\/site\/wp-content\/uploads\/2017\/02\/brasil-governo-falido-pais-a-deriva-blogdoluizpaulo.jpg","articleSection":["Opina a\u00ed"],"inLanguage":"pt-BR","potentialAction":[{"@type":"CommentAction","name":"Comment","target":["https:\/\/www.notibras.com\/site\/delacao-homologada-e-o-brasil-vai-caindo-aos-pedacos\/#respond"]}]},{"@type":"WebPage","@id":"https:\/\/www.notibras.com\/site\/delacao-homologada-e-o-brasil-vai-caindo-aos-pedacos\/","url":"https:\/\/www.notibras.com\/site\/delacao-homologada-e-o-brasil-vai-caindo-aos-pedacos\/","name":"Dela\u00e7\u00e3o acertada e o Brasil sem rumo segue aos peda\u00e7os - Notibras","isPartOf":{"@id":"https:\/\/www.notibras.com\/site\/#website"},"primaryImageOfPage":{"@id":"https:\/\/www.notibras.com\/site\/delacao-homologada-e-o-brasil-vai-caindo-aos-pedacos\/#primaryimage"},"image":{"@id":"https:\/\/www.notibras.com\/site\/delacao-homologada-e-o-brasil-vai-caindo-aos-pedacos\/#primaryimage"},"thumbnailUrl":"https:\/\/www.notibras.com\/site\/wp-content\/uploads\/2017\/02\/brasil-governo-falido-pais-a-deriva-blogdoluizpaulo.jpg","datePublished":"2017-02-02T11:13:17+00:00","dateModified":"2017-02-02T11:15:35+00:00","breadcrumb":{"@id":"https:\/\/www.notibras.com\/site\/delacao-homologada-e-o-brasil-vai-caindo-aos-pedacos\/#breadcrumb"},"inLanguage":"pt-BR","potentialAction":[{"@type":"ReadAction","target":["https:\/\/www.notibras.com\/site\/delacao-homologada-e-o-brasil-vai-caindo-aos-pedacos\/"]}]},{"@type":"ImageObject","inLanguage":"pt-BR","@id":"https:\/\/www.notibras.com\/site\/delacao-homologada-e-o-brasil-vai-caindo-aos-pedacos\/#primaryimage","url":"https:\/\/www.notibras.com\/site\/wp-content\/uploads\/2017\/02\/brasil-governo-falido-pais-a-deriva-blogdoluizpaulo.jpg","contentUrl":"https:\/\/www.notibras.com\/site\/wp-content\/uploads\/2017\/02\/brasil-governo-falido-pais-a-deriva-blogdoluizpaulo.jpg","width":1200,"height":625},{"@type":"BreadcrumbList","@id":"https:\/\/www.notibras.com\/site\/delacao-homologada-e-o-brasil-vai-caindo-aos-pedacos\/#breadcrumb","itemListElement":[{"@type":"ListItem","position":1,"name":"In\u00edcio","item":"https:\/\/www.notibras.com\/site\/"},{"@type":"ListItem","position":2,"name":"Dela\u00e7\u00e3o acertada e o Brasil sem rumo segue aos peda\u00e7os"}]},{"@type":"WebSite","@id":"https:\/\/www.notibras.com\/site\/#website","url":"https:\/\/www.notibras.com\/site\/","name":"Notibras","description":"Not\u00edcias de Bras\u00edlia, do Brasil e do Mundo","publisher":{"@id":"https:\/\/www.notibras.com\/site\/#organization"},"potentialAction":[{"@type":"SearchAction","target":{"@type":"EntryPoint","urlTemplate":"https:\/\/www.notibras.com\/site\/?s={search_term_string}"},"query-input":{"@type":"PropertyValueSpecification","valueRequired":true,"valueName":"search_term_string"}}],"inLanguage":"pt-BR"},{"@type":"Organization","@id":"https:\/\/www.notibras.com\/site\/#organization","name":"Grupo Notibras de Comunica\u00e7\u00e3o","url":"https:\/\/www.notibras.com\/site\/","logo":{"@type":"ImageObject","inLanguage":"pt-BR","@id":"https:\/\/www.notibras.com\/site\/#\/schema\/logo\/image\/","url":"https:\/\/www.notibras.com\/site\/wp-content\/uploads\/2023\/01\/notibras23.png","contentUrl":"https:\/\/www.notibras.com\/site\/wp-content\/uploads\/2023\/01\/notibras23.png","width":350,"height":87,"caption":"Grupo Notibras de Comunica\u00e7\u00e3o"},"image":{"@id":"https:\/\/www.notibras.com\/site\/#\/schema\/logo\/image\/"},"sameAs":["https:\/\/www.facebook.com\/notibras\/","https:\/\/x.com\/Notibras","https:\/\/www.instagram.com\/notibras\/"]},{"@type":"Person","@id":"https:\/\/www.notibras.com\/site\/#\/schema\/person\/36ab0979449956132d3e5b517ea76ac8","name":"Reda\u00e7\u00e3o","image":{"@type":"ImageObject","inLanguage":"pt-BR","@id":"https:\/\/secure.gravatar.com\/avatar\/e0a867bdedb85fd243eadf09663511f96fc81e0720a4a42581f334ad4303aa6b?s=96&d=mm&r=g","url":"https:\/\/secure.gravatar.com\/avatar\/e0a867bdedb85fd243eadf09663511f96fc81e0720a4a42581f334ad4303aa6b?s=96&d=mm&r=g","contentUrl":"https:\/\/secure.gravatar.com\/avatar\/e0a867bdedb85fd243eadf09663511f96fc81e0720a4a42581f334ad4303aa6b?s=96&d=mm&r=g","caption":"Reda\u00e7\u00e3o"}}]}},"amp_enabled":true,"_links":{"self":[{"href":"https:\/\/www.notibras.com\/site\/wp-json\/wp\/v2\/posts\/127442","targetHints":{"allow":["GET"]}}],"collection":[{"href":"https:\/\/www.notibras.com\/site\/wp-json\/wp\/v2\/posts"}],"about":[{"href":"https:\/\/www.notibras.com\/site\/wp-json\/wp\/v2\/types\/post"}],"author":[{"embeddable":true,"href":"https:\/\/www.notibras.com\/site\/wp-json\/wp\/v2\/users\/2"}],"replies":[{"embeddable":true,"href":"https:\/\/www.notibras.com\/site\/wp-json\/wp\/v2\/comments?post=127442"}],"version-history":[{"count":4,"href":"https:\/\/www.notibras.com\/site\/wp-json\/wp\/v2\/posts\/127442\/revisions"}],"predecessor-version":[{"id":127447,"href":"https:\/\/www.notibras.com\/site\/wp-json\/wp\/v2\/posts\/127442\/revisions\/127447"}],"wp:featuredmedia":[{"embeddable":true,"href":"https:\/\/www.notibras.com\/site\/wp-json\/wp\/v2\/media\/127443"}],"wp:attachment":[{"href":"https:\/\/www.notibras.com\/site\/wp-json\/wp\/v2\/media?parent=127442"}],"wp:term":[{"taxonomy":"category","embeddable":true,"href":"https:\/\/www.notibras.com\/site\/wp-json\/wp\/v2\/categories?post=127442"},{"taxonomy":"post_tag","embeddable":true,"href":"https:\/\/www.notibras.com\/site\/wp-json\/wp\/v2\/tags?post=127442"}],"curies":[{"name":"wp","href":"https:\/\/api.w.org\/{rel}","templated":true}]}}