{"id":127711,"date":"2017-02-04T08:06:30","date_gmt":"2017-02-04T10:06:30","guid":{"rendered":"http:\/\/www.notibras.com\/site\/?p=127711"},"modified":"2017-02-04T08:22:00","modified_gmt":"2017-02-04T10:22:00","slug":"quem-vai-lucrar-com-essa-politica-desastrada-de-temer","status":"publish","type":"post","link":"https:\/\/www.notibras.com\/site\/quem-vai-lucrar-com-essa-politica-desastrada-de-temer\/","title":{"rendered":"Quem vai lucrar com essa desastrada pol\u00edtica de Temer?"},"content":{"rendered":"<p><strong>Mauro Santayna<\/strong><\/p>\n<p>Nos \u00faltimos meses, o governo brasileiro n\u00e3o apenas est\u00e1 tomando medidas temer\u00e1rias do ponto de vista estrat\u00e9gico como tamb\u00e9m o est\u00e1 fazendo na contram\u00e3o do mundo, em um momento em que o nacionalismo e o Estado se fortalecem, como rea\u00e7\u00e3o \u00e0 globaliza\u00e7\u00e3o, at\u00e9 mesmo pelas m\u00e3os da extrema direita, nos pa\u00edses mais desenvolvidos.<\/p>\n<p>O que vem sendo apresentado, com a cumplicidade de uma m\u00eddia imediatista, irrespons\u00e1vel e descomprometida com os objetivos nacionais, n\u00e3o passa de uma sucess\u00e3o de \u201cneg\u00f3cios\u201d apressados e emp\u00edricos que t\u00eam como \u00fanico norte o acelerado desmonte, esquartejamento e inviabiliza\u00e7\u00e3o em poucos anos, do Estado, com delet\u00e9rias, estrat\u00e9gicas, e talvez irrevers\u00edveis consequ\u00eancias para o futuro.<\/p>\n<p>Estamos entregando o pa\u00eds aos neg\u00f3cios privados, principalmente estrangeiros, em transa\u00e7\u00f5es gigantescas, feitas a toque de caixa, que envolvem bilh\u00f5es de d\u00f3lares. Na maioria das vezes, \u00e0 revelia da sociedade brasileira, a ponto de muitas estarem sendo realizadas at\u00e9 mesmo sem licita\u00e7\u00e3o, como est\u00e1 ocorrendo com a \u201cvenda\u201d e desnacionaliza\u00e7\u00e3o de po\u00e7os do pr\u00e9-sal e de outros ativos.<\/p>\n<p>Tudo isso com uma f\u00faria privatista que s\u00f3 encontra paralelo nos nefastos mandatos de Fernando Henrique Cardoso, que tiveram como principais consequ\u00eancias econ\u00f4micas a duplica\u00e7\u00e3o da d\u00edvida l\u00edquida p\u00fablica e a queda do cr\u00e9dito, do PIB, da renda assalariada e do trabalho formal ao fim de seus oito anos de governo.<\/p>\n<p>Se o recuo estrat\u00e9gico \u00e9 grave em setores primordiais, como energia, infraestrutura e defesa, ele atinge tamb\u00e9m, drasticamente, os bancos p\u00fablicos. Assim como n\u00e3o existem grandes pa\u00edses sem grandes empresas nacionais, tamb\u00e9m n\u00e3o existem grandes na\u00e7\u00f5es que possam prescindir de um forte sistema financeiro p\u00fablico para que se desenvolvam estrat\u00e9gica e soberanamente. N\u00e3o se trata apenas, como ocorria no passado, do direito de cunhar moeda, mas de ter instrumentos que possam garantir que a roda da economia continue girando.<\/p>\n<p>Nos \u00faltimos anos, o BNDES, a Caixa Econ\u00f4mica Federal e o Banco do Brasil foram cruciais para manter o pa\u00eds crescendo, investindo na \u201cbancariza\u00e7\u00e3o\u201d da popula\u00e7\u00e3o e na expans\u00e3o do cr\u00e9dito. O volume de cr\u00e9dito em circula\u00e7\u00e3o, que caiu de 36% para 23,8% do PIB nos governos de FHC, mais do que duplicou nos governos do PT, at\u00e9 atingir 54,2% em dezembro de 2015. Sem financiamento \u00e0 ind\u00fastria e \u00e0 agricultura teria sido imposs\u00edvel, para o pa\u00eds, enfrentar a longa sucess\u00e3o de graves crises que v\u00eam atingindo o mundo ocidental e o capitalismo desde 2008, quando a banca privada se retraiu, deixando de emprestar dinheiro e passou a investir, como sempre fez historicamente, basicamente em t\u00edtulos do governo.<\/p>\n<p>Com isso, embora o lucro dos bancos tenha aumentado mais de 400% na era Lula com rela\u00e7\u00e3o ao governo anterior, as institui\u00e7\u00f5es p\u00fablicas se expandiram mais do que as particulares, aumentando a variedade e quantidade dos servi\u00e7os prestados a seus clientes, oferta de cr\u00e9dito, lucros e sua presen\u00e7a na economia nacional.<\/p>\n<p>E como o atual governo responde a esse imprescind\u00edvel papel estrat\u00e9gico? Pega carona e incentiva a campanha, com forte componente ideol\u00f3gico, que se est\u00e1 desenvolvendo na m\u00eddia e nas redes sociais, contra o BNDES. Promove a est\u00fapida, suicida e inexplic\u00e1vel elimina\u00e7\u00e3o de R$ 100 bilh\u00f5es dos ativos do BNDES, que est\u00e3o sendo \u201crepassados\u201d ao Tesouro, para suposto \u201cabatimento\u201d cosm\u00e9tico e irrelevante da d\u00edvida p\u00fablica, em um momento em que o pa\u00eds \u00e9 apenas a 40\u00aa na\u00e7\u00e3o do mundo em endividamento, e se encontra mergulhado em grave recess\u00e3o.<\/p>\n<p>Refor\u00e7a essa pol\u00edtica de terra arrasada com a interrup\u00e7\u00e3o e elimina\u00e7\u00e3o, pela atual diretoria do Banco Nacional de Desenvolvimento Econ\u00f4mico e Social, de projetos de exporta\u00e7\u00e3o de servi\u00e7os de engenharia de empresas j\u00e1 atingidas pelo tsunami punitivo da Opera\u00e7\u00e3o Lava Jato em bilh\u00f5es de d\u00f3lares. Com isso, morrem no nascedouro milhares deEMPREGOS que poderiam surgir por alguns dos maiores expoentes da engenharia nacional e por centenas de m\u00e9dias e pequenas empresas de sua cadeia de fornecedores.<\/p>\n<p>O governo estende os nefastos efeitos dessa abordagem destrutiva ao Banco do Brasil e \u00e0 Caixa \u2013 apelando para a velha desculpa da busca de \u201cefici\u00eancia\u201d \u2013 por meio do desmanche e do \u201cenxugamento\u201d do BB e da Caixa, que envolve o j\u00e1 anunciado fechamento de centenas de ag\u00eancias e a demiss\u00e3o \u201cincentivada\u201d de milhares de funcion\u00e1rios, em um momento em que dezenas de munic\u00edpios, para o enfrentamento da crise, n\u00e3o poderiam prescindir da presen\u00e7a e do apoio dessas institui\u00e7\u00f5es.<\/p>\n<p>Quais s\u00e3o as raz\u00f5es que se escondem por tr\u00e1s disso? Por que e para que pisar torcer o pesco\u00e7o das galinhas dos ovos de ouro da economia nacional que, al\u00e9m de manter o pa\u00eds funcionando, deram alt\u00edssimos retornos para seus acionistas e para a Uni\u00e3o e est\u00e3o ligadas a conquistas de enorme import\u00e2ncia social, como a constru\u00e7\u00e3o de 3,5 milh\u00f5es de casas populares nos \u00faltimos anos?<\/p>\n<p>De 2010, para c\u00e1, o BNDES, al\u00e9m de emprestar centenas de bilh\u00f5es de reais para grandes, m\u00e9dias e pequenas empresas, teve mais de R$ 40 bilh\u00f5es de lucro. O Banco do Brasil alcan\u00e7ou, em 2011, um lucro l\u00edquido de mais de R$ 12 bilh\u00f5es e chegou a mais de R$ 14 bilh\u00f5es em 2015. Os seus ativos, que eram de quase R$ 1 trilh\u00e3o em 2011, chegam a quase R$ 1,5 trilh\u00e3o este ano. A Caixa Econ\u00f4mica Federal lucrou quase R$ 4 bilh\u00f5es em 2011 e expandiu seus resultados para 7,2 bilh\u00f5es em 2015.<\/p>\n<p>De que tipo de \u201creestrutura\u00e7\u00e3o\u201d esses bancos precisam? De mandar gente embora para fazer com que os que v\u00e3o ficar trabalhem o triplo \u2013 cada funcion\u00e1rio de ag\u00eancia do Banco do Brasil j\u00e1 \u00e9 respons\u00e1vel, em m\u00e9dia, pelo atendimento a quase 450 contas da institui\u00e7\u00e3o \u2013, e comecem a cometer falhas, e fazer os clientes pensarem em migrar para os bancos privados?<\/p>\n<p>N\u00e3o se pode compreender esse cerco \u00e0 banca p\u00fablica a n\u00e3o ser como um desejo subjacente de abrir mercado para a banca privada, embora esta n\u00e3o tenha deixado de multiplicar tamb\u00e9m seus ganhos. Deve assustar, sobretudo, a possibilidade que os bancos p\u00fablicos t\u00eam, a qualquer momento, de regular indiretamente o mercado, sempre que necess\u00e1rio, baixando as suas taxas de juros e as tarifas que cobram da popula\u00e7\u00e3o.<\/p>\n<p>Mas essa deliberada e injustific\u00e1vel estrat\u00e9gia de sabotagem e sufocamento dos bancos p\u00fablicos pode ter, tamb\u00e9m, outras inten\u00e7\u00f5es. Como sempre ocorre, ela abre caminho para que se possa dizer que eles est\u00e3o operando mal ou perdendo dinheiro, e que devam ser privatizados a m\u00e9dio prazo, eliminando-os, totalmente, da economia nacional.<\/p>\n<p>Assim como ocorre no caso da Petrobras, a sociedade brasileira precisa responder ao desmanche e \u00e0 campanha contra a banca p\u00fablica decisivamente. Os banc\u00e1rios e os munic\u00edpios prejudicados devem entrar na Justi\u00e7a contra o fechamento de ag\u00eancias, levando ao Judici\u00e1rio e ao Minist\u00e9rio P\u00fablico informa\u00e7\u00f5es relativas \u00e0 verdadeira situa\u00e7\u00e3o financeira dos bancos estatais e sua import\u00e2ncia econ\u00f4mica e social no contexto do processo de desenvolvimento brasileiro.<\/p>\n<p>\u00c9 preciso que aqueles que dizem que \u00e9 necess\u00e1rio aumentar a \u201cefici\u00eancia\u201d, expliquem onde est\u00e1 a inefici\u00eancia de institui\u00e7\u00f5es que praticamente salvaram o pa\u00eds durante a crise de 2008, que contribu\u00edram para a expans\u00e3o do cr\u00e9dito, da produ\u00e7\u00e3o e da infraestrutura e que, na \u00faltima d\u00e9cada, deram dezenas de bilh\u00f5es de reais em lucro. Enquanto o sistema financeiro privado internacional levou a economia global ao colapso.<\/p>\n","protected":false},"excerpt":{"rendered":"<p>Mauro Santayna Nos \u00faltimos meses, o governo brasileiro n\u00e3o apenas est\u00e1 tomando medidas temer\u00e1rias do ponto de vista estrat\u00e9gico como tamb\u00e9m o est\u00e1 fazendo na contram\u00e3o do mundo, em um momento em que o nacionalismo e o Estado se fortalecem, como rea\u00e7\u00e3o \u00e0 globaliza\u00e7\u00e3o, at\u00e9 mesmo pelas m\u00e3os da extrema direita, nos pa\u00edses mais desenvolvidos. [&hellip;]<\/p>\n","protected":false},"author":2,"featured_media":127712,"comment_status":"open","ping_status":"closed","sticky":false,"template":"","format":"standard","meta":{"_acf_changed":false,"footnotes":""},"categories":[25],"tags":[],"class_list":["post-127711","post","type-post","status-publish","format-standard","has-post-thumbnail","hentry","category-opina-ai"],"acf":[],"yoast_head":"<!-- This site is optimized with the Yoast SEO plugin v27.5 - https:\/\/yoast.com\/product\/yoast-seo-wordpress\/ -->\n<title>Quem vai lucrar com essa desastrada pol\u00edtica de Temer? - Notibras<\/title>\n<meta name=\"robots\" content=\"index, follow, max-snippet:-1, max-image-preview:large, max-video-preview:-1\" \/>\n<link rel=\"canonical\" href=\"https:\/\/www.notibras.com\/site\/quem-vai-lucrar-com-essa-politica-desastrada-de-temer\/\" \/>\n<meta property=\"og:locale\" content=\"pt_BR\" \/>\n<meta property=\"og:type\" content=\"article\" \/>\n<meta property=\"og:title\" content=\"Quem vai lucrar com essa desastrada pol\u00edtica de Temer? - Notibras\" \/>\n<meta property=\"og:description\" content=\"Mauro Santayna Nos \u00faltimos meses, o governo brasileiro n\u00e3o apenas est\u00e1 tomando medidas temer\u00e1rias do ponto de vista estrat\u00e9gico como tamb\u00e9m o est\u00e1 fazendo na contram\u00e3o do mundo, em um momento em que o nacionalismo e o Estado se fortalecem, como rea\u00e7\u00e3o \u00e0 globaliza\u00e7\u00e3o, at\u00e9 mesmo pelas m\u00e3os da extrema direita, nos pa\u00edses mais desenvolvidos. [&hellip;]\" \/>\n<meta property=\"og:url\" content=\"https:\/\/www.notibras.com\/site\/quem-vai-lucrar-com-essa-politica-desastrada-de-temer\/\" \/>\n<meta property=\"og:site_name\" content=\"Notibras\" \/>\n<meta property=\"article:publisher\" content=\"https:\/\/www.facebook.com\/notibras\/\" \/>\n<meta property=\"article:published_time\" content=\"2017-02-04T10:06:30+00:00\" \/>\n<meta property=\"article:modified_time\" content=\"2017-02-04T10:22:00+00:00\" \/>\n<meta property=\"og:image\" content=\"https:\/\/www.notibras.com\/site\/wp-content\/uploads\/2017\/02\/bbdistrito2x.jpg\" \/>\n\t<meta property=\"og:image:width\" content=\"960\" \/>\n\t<meta property=\"og:image:height\" content=\"660\" \/>\n\t<meta property=\"og:image:type\" content=\"image\/jpeg\" \/>\n<meta name=\"author\" content=\"Reda\u00e7\u00e3o\" \/>\n<meta name=\"twitter:card\" content=\"summary_large_image\" \/>\n<meta name=\"twitter:creator\" content=\"@Notibras\" \/>\n<meta name=\"twitter:site\" content=\"@Notibras\" \/>\n<meta name=\"twitter:label1\" content=\"Escrito por\" \/>\n\t<meta name=\"twitter:data1\" content=\"Reda\u00e7\u00e3o\" \/>\n\t<meta name=\"twitter:label2\" content=\"Est. tempo de leitura\" \/>\n\t<meta name=\"twitter:data2\" content=\"7 minutos\" \/>\n<script type=\"application\/ld+json\" class=\"yoast-schema-graph\">{\"@context\":\"https:\\\/\\\/schema.org\",\"@graph\":[{\"@type\":\"Article\",\"@id\":\"https:\\\/\\\/www.notibras.com\\\/site\\\/quem-vai-lucrar-com-essa-politica-desastrada-de-temer\\\/#article\",\"isPartOf\":{\"@id\":\"https:\\\/\\\/www.notibras.com\\\/site\\\/quem-vai-lucrar-com-essa-politica-desastrada-de-temer\\\/\"},\"author\":{\"name\":\"Reda\u00e7\u00e3o\",\"@id\":\"https:\\\/\\\/www.notibras.com\\\/site\\\/#\\\/schema\\\/person\\\/36ab0979449956132d3e5b517ea76ac8\"},\"headline\":\"Quem vai lucrar com essa desastrada pol\u00edtica de Temer?\",\"datePublished\":\"2017-02-04T10:06:30+00:00\",\"dateModified\":\"2017-02-04T10:22:00+00:00\",\"mainEntityOfPage\":{\"@id\":\"https:\\\/\\\/www.notibras.com\\\/site\\\/quem-vai-lucrar-com-essa-politica-desastrada-de-temer\\\/\"},\"wordCount\":1324,\"commentCount\":0,\"publisher\":{\"@id\":\"https:\\\/\\\/www.notibras.com\\\/site\\\/#organization\"},\"image\":{\"@id\":\"https:\\\/\\\/www.notibras.com\\\/site\\\/quem-vai-lucrar-com-essa-politica-desastrada-de-temer\\\/#primaryimage\"},\"thumbnailUrl\":\"https:\\\/\\\/www.notibras.com\\\/site\\\/wp-content\\\/uploads\\\/2017\\\/02\\\/bbdistrito2x.jpg\",\"articleSection\":[\"Opina a\u00ed\"],\"inLanguage\":\"pt-BR\",\"potentialAction\":[{\"@type\":\"CommentAction\",\"name\":\"Comment\",\"target\":[\"https:\\\/\\\/www.notibras.com\\\/site\\\/quem-vai-lucrar-com-essa-politica-desastrada-de-temer\\\/#respond\"]}]},{\"@type\":\"WebPage\",\"@id\":\"https:\\\/\\\/www.notibras.com\\\/site\\\/quem-vai-lucrar-com-essa-politica-desastrada-de-temer\\\/\",\"url\":\"https:\\\/\\\/www.notibras.com\\\/site\\\/quem-vai-lucrar-com-essa-politica-desastrada-de-temer\\\/\",\"name\":\"Quem vai lucrar com essa desastrada pol\u00edtica de Temer? - Notibras\",\"isPartOf\":{\"@id\":\"https:\\\/\\\/www.notibras.com\\\/site\\\/#website\"},\"primaryImageOfPage\":{\"@id\":\"https:\\\/\\\/www.notibras.com\\\/site\\\/quem-vai-lucrar-com-essa-politica-desastrada-de-temer\\\/#primaryimage\"},\"image\":{\"@id\":\"https:\\\/\\\/www.notibras.com\\\/site\\\/quem-vai-lucrar-com-essa-politica-desastrada-de-temer\\\/#primaryimage\"},\"thumbnailUrl\":\"https:\\\/\\\/www.notibras.com\\\/site\\\/wp-content\\\/uploads\\\/2017\\\/02\\\/bbdistrito2x.jpg\",\"datePublished\":\"2017-02-04T10:06:30+00:00\",\"dateModified\":\"2017-02-04T10:22:00+00:00\",\"breadcrumb\":{\"@id\":\"https:\\\/\\\/www.notibras.com\\\/site\\\/quem-vai-lucrar-com-essa-politica-desastrada-de-temer\\\/#breadcrumb\"},\"inLanguage\":\"pt-BR\",\"potentialAction\":[{\"@type\":\"ReadAction\",\"target\":[\"https:\\\/\\\/www.notibras.com\\\/site\\\/quem-vai-lucrar-com-essa-politica-desastrada-de-temer\\\/\"]}]},{\"@type\":\"ImageObject\",\"inLanguage\":\"pt-BR\",\"@id\":\"https:\\\/\\\/www.notibras.com\\\/site\\\/quem-vai-lucrar-com-essa-politica-desastrada-de-temer\\\/#primaryimage\",\"url\":\"https:\\\/\\\/www.notibras.com\\\/site\\\/wp-content\\\/uploads\\\/2017\\\/02\\\/bbdistrito2x.jpg\",\"contentUrl\":\"https:\\\/\\\/www.notibras.com\\\/site\\\/wp-content\\\/uploads\\\/2017\\\/02\\\/bbdistrito2x.jpg\",\"width\":960,\"height\":660},{\"@type\":\"BreadcrumbList\",\"@id\":\"https:\\\/\\\/www.notibras.com\\\/site\\\/quem-vai-lucrar-com-essa-politica-desastrada-de-temer\\\/#breadcrumb\",\"itemListElement\":[{\"@type\":\"ListItem\",\"position\":1,\"name\":\"In\u00edcio\",\"item\":\"https:\\\/\\\/www.notibras.com\\\/site\\\/\"},{\"@type\":\"ListItem\",\"position\":2,\"name\":\"Quem vai lucrar com essa desastrada pol\u00edtica de Temer?\"}]},{\"@type\":\"WebSite\",\"@id\":\"https:\\\/\\\/www.notibras.com\\\/site\\\/#website\",\"url\":\"https:\\\/\\\/www.notibras.com\\\/site\\\/\",\"name\":\"Notibras\",\"description\":\"Not\u00edcias de Bras\u00edlia, do Brasil e do Mundo\",\"publisher\":{\"@id\":\"https:\\\/\\\/www.notibras.com\\\/site\\\/#organization\"},\"potentialAction\":[{\"@type\":\"SearchAction\",\"target\":{\"@type\":\"EntryPoint\",\"urlTemplate\":\"https:\\\/\\\/www.notibras.com\\\/site\\\/?s={search_term_string}\"},\"query-input\":{\"@type\":\"PropertyValueSpecification\",\"valueRequired\":true,\"valueName\":\"search_term_string\"}}],\"inLanguage\":\"pt-BR\"},{\"@type\":\"Organization\",\"@id\":\"https:\\\/\\\/www.notibras.com\\\/site\\\/#organization\",\"name\":\"Grupo Notibras de Comunica\u00e7\u00e3o\",\"url\":\"https:\\\/\\\/www.notibras.com\\\/site\\\/\",\"logo\":{\"@type\":\"ImageObject\",\"inLanguage\":\"pt-BR\",\"@id\":\"https:\\\/\\\/www.notibras.com\\\/site\\\/#\\\/schema\\\/logo\\\/image\\\/\",\"url\":\"https:\\\/\\\/www.notibras.com\\\/site\\\/wp-content\\\/uploads\\\/2023\\\/01\\\/notibras23.png\",\"contentUrl\":\"https:\\\/\\\/www.notibras.com\\\/site\\\/wp-content\\\/uploads\\\/2023\\\/01\\\/notibras23.png\",\"width\":350,\"height\":87,\"caption\":\"Grupo Notibras de Comunica\u00e7\u00e3o\"},\"image\":{\"@id\":\"https:\\\/\\\/www.notibras.com\\\/site\\\/#\\\/schema\\\/logo\\\/image\\\/\"},\"sameAs\":[\"https:\\\/\\\/www.facebook.com\\\/notibras\\\/\",\"https:\\\/\\\/x.com\\\/Notibras\",\"https:\\\/\\\/www.instagram.com\\\/notibras\\\/\"]},{\"@type\":\"Person\",\"@id\":\"https:\\\/\\\/www.notibras.com\\\/site\\\/#\\\/schema\\\/person\\\/36ab0979449956132d3e5b517ea76ac8\",\"name\":\"Reda\u00e7\u00e3o\",\"image\":{\"@type\":\"ImageObject\",\"inLanguage\":\"pt-BR\",\"@id\":\"https:\\\/\\\/secure.gravatar.com\\\/avatar\\\/e0a867bdedb85fd243eadf09663511f96fc81e0720a4a42581f334ad4303aa6b?s=96&d=mm&r=g\",\"url\":\"https:\\\/\\\/secure.gravatar.com\\\/avatar\\\/e0a867bdedb85fd243eadf09663511f96fc81e0720a4a42581f334ad4303aa6b?s=96&d=mm&r=g\",\"contentUrl\":\"https:\\\/\\\/secure.gravatar.com\\\/avatar\\\/e0a867bdedb85fd243eadf09663511f96fc81e0720a4a42581f334ad4303aa6b?s=96&d=mm&r=g\",\"caption\":\"Reda\u00e7\u00e3o\"}}]}<\/script>\n<!-- \/ Yoast SEO plugin. -->","yoast_head_json":{"title":"Quem vai lucrar com essa desastrada pol\u00edtica de Temer? - Notibras","robots":{"index":"index","follow":"follow","max-snippet":"max-snippet:-1","max-image-preview":"max-image-preview:large","max-video-preview":"max-video-preview:-1"},"canonical":"https:\/\/www.notibras.com\/site\/quem-vai-lucrar-com-essa-politica-desastrada-de-temer\/","og_locale":"pt_BR","og_type":"article","og_title":"Quem vai lucrar com essa desastrada pol\u00edtica de Temer? - Notibras","og_description":"Mauro Santayna Nos \u00faltimos meses, o governo brasileiro n\u00e3o apenas est\u00e1 tomando medidas temer\u00e1rias do ponto de vista estrat\u00e9gico como tamb\u00e9m o est\u00e1 fazendo na contram\u00e3o do mundo, em um momento em que o nacionalismo e o Estado se fortalecem, como rea\u00e7\u00e3o \u00e0 globaliza\u00e7\u00e3o, at\u00e9 mesmo pelas m\u00e3os da extrema direita, nos pa\u00edses mais desenvolvidos. [&hellip;]","og_url":"https:\/\/www.notibras.com\/site\/quem-vai-lucrar-com-essa-politica-desastrada-de-temer\/","og_site_name":"Notibras","article_publisher":"https:\/\/www.facebook.com\/notibras\/","article_published_time":"2017-02-04T10:06:30+00:00","article_modified_time":"2017-02-04T10:22:00+00:00","og_image":[{"width":960,"height":660,"url":"https:\/\/www.notibras.com\/site\/wp-content\/uploads\/2017\/02\/bbdistrito2x.jpg","type":"image\/jpeg"}],"author":"Reda\u00e7\u00e3o","twitter_card":"summary_large_image","twitter_creator":"@Notibras","twitter_site":"@Notibras","twitter_misc":{"Escrito por":"Reda\u00e7\u00e3o","Est. tempo de leitura":"7 minutos"},"schema":{"@context":"https:\/\/schema.org","@graph":[{"@type":"Article","@id":"https:\/\/www.notibras.com\/site\/quem-vai-lucrar-com-essa-politica-desastrada-de-temer\/#article","isPartOf":{"@id":"https:\/\/www.notibras.com\/site\/quem-vai-lucrar-com-essa-politica-desastrada-de-temer\/"},"author":{"name":"Reda\u00e7\u00e3o","@id":"https:\/\/www.notibras.com\/site\/#\/schema\/person\/36ab0979449956132d3e5b517ea76ac8"},"headline":"Quem vai lucrar com essa desastrada pol\u00edtica de Temer?","datePublished":"2017-02-04T10:06:30+00:00","dateModified":"2017-02-04T10:22:00+00:00","mainEntityOfPage":{"@id":"https:\/\/www.notibras.com\/site\/quem-vai-lucrar-com-essa-politica-desastrada-de-temer\/"},"wordCount":1324,"commentCount":0,"publisher":{"@id":"https:\/\/www.notibras.com\/site\/#organization"},"image":{"@id":"https:\/\/www.notibras.com\/site\/quem-vai-lucrar-com-essa-politica-desastrada-de-temer\/#primaryimage"},"thumbnailUrl":"https:\/\/www.notibras.com\/site\/wp-content\/uploads\/2017\/02\/bbdistrito2x.jpg","articleSection":["Opina a\u00ed"],"inLanguage":"pt-BR","potentialAction":[{"@type":"CommentAction","name":"Comment","target":["https:\/\/www.notibras.com\/site\/quem-vai-lucrar-com-essa-politica-desastrada-de-temer\/#respond"]}]},{"@type":"WebPage","@id":"https:\/\/www.notibras.com\/site\/quem-vai-lucrar-com-essa-politica-desastrada-de-temer\/","url":"https:\/\/www.notibras.com\/site\/quem-vai-lucrar-com-essa-politica-desastrada-de-temer\/","name":"Quem vai lucrar com essa desastrada pol\u00edtica de Temer? - Notibras","isPartOf":{"@id":"https:\/\/www.notibras.com\/site\/#website"},"primaryImageOfPage":{"@id":"https:\/\/www.notibras.com\/site\/quem-vai-lucrar-com-essa-politica-desastrada-de-temer\/#primaryimage"},"image":{"@id":"https:\/\/www.notibras.com\/site\/quem-vai-lucrar-com-essa-politica-desastrada-de-temer\/#primaryimage"},"thumbnailUrl":"https:\/\/www.notibras.com\/site\/wp-content\/uploads\/2017\/02\/bbdistrito2x.jpg","datePublished":"2017-02-04T10:06:30+00:00","dateModified":"2017-02-04T10:22:00+00:00","breadcrumb":{"@id":"https:\/\/www.notibras.com\/site\/quem-vai-lucrar-com-essa-politica-desastrada-de-temer\/#breadcrumb"},"inLanguage":"pt-BR","potentialAction":[{"@type":"ReadAction","target":["https:\/\/www.notibras.com\/site\/quem-vai-lucrar-com-essa-politica-desastrada-de-temer\/"]}]},{"@type":"ImageObject","inLanguage":"pt-BR","@id":"https:\/\/www.notibras.com\/site\/quem-vai-lucrar-com-essa-politica-desastrada-de-temer\/#primaryimage","url":"https:\/\/www.notibras.com\/site\/wp-content\/uploads\/2017\/02\/bbdistrito2x.jpg","contentUrl":"https:\/\/www.notibras.com\/site\/wp-content\/uploads\/2017\/02\/bbdistrito2x.jpg","width":960,"height":660},{"@type":"BreadcrumbList","@id":"https:\/\/www.notibras.com\/site\/quem-vai-lucrar-com-essa-politica-desastrada-de-temer\/#breadcrumb","itemListElement":[{"@type":"ListItem","position":1,"name":"In\u00edcio","item":"https:\/\/www.notibras.com\/site\/"},{"@type":"ListItem","position":2,"name":"Quem vai lucrar com essa desastrada pol\u00edtica de Temer?"}]},{"@type":"WebSite","@id":"https:\/\/www.notibras.com\/site\/#website","url":"https:\/\/www.notibras.com\/site\/","name":"Notibras","description":"Not\u00edcias de Bras\u00edlia, do Brasil e do Mundo","publisher":{"@id":"https:\/\/www.notibras.com\/site\/#organization"},"potentialAction":[{"@type":"SearchAction","target":{"@type":"EntryPoint","urlTemplate":"https:\/\/www.notibras.com\/site\/?s={search_term_string}"},"query-input":{"@type":"PropertyValueSpecification","valueRequired":true,"valueName":"search_term_string"}}],"inLanguage":"pt-BR"},{"@type":"Organization","@id":"https:\/\/www.notibras.com\/site\/#organization","name":"Grupo Notibras de Comunica\u00e7\u00e3o","url":"https:\/\/www.notibras.com\/site\/","logo":{"@type":"ImageObject","inLanguage":"pt-BR","@id":"https:\/\/www.notibras.com\/site\/#\/schema\/logo\/image\/","url":"https:\/\/www.notibras.com\/site\/wp-content\/uploads\/2023\/01\/notibras23.png","contentUrl":"https:\/\/www.notibras.com\/site\/wp-content\/uploads\/2023\/01\/notibras23.png","width":350,"height":87,"caption":"Grupo Notibras de Comunica\u00e7\u00e3o"},"image":{"@id":"https:\/\/www.notibras.com\/site\/#\/schema\/logo\/image\/"},"sameAs":["https:\/\/www.facebook.com\/notibras\/","https:\/\/x.com\/Notibras","https:\/\/www.instagram.com\/notibras\/"]},{"@type":"Person","@id":"https:\/\/www.notibras.com\/site\/#\/schema\/person\/36ab0979449956132d3e5b517ea76ac8","name":"Reda\u00e7\u00e3o","image":{"@type":"ImageObject","inLanguage":"pt-BR","@id":"https:\/\/secure.gravatar.com\/avatar\/e0a867bdedb85fd243eadf09663511f96fc81e0720a4a42581f334ad4303aa6b?s=96&d=mm&r=g","url":"https:\/\/secure.gravatar.com\/avatar\/e0a867bdedb85fd243eadf09663511f96fc81e0720a4a42581f334ad4303aa6b?s=96&d=mm&r=g","contentUrl":"https:\/\/secure.gravatar.com\/avatar\/e0a867bdedb85fd243eadf09663511f96fc81e0720a4a42581f334ad4303aa6b?s=96&d=mm&r=g","caption":"Reda\u00e7\u00e3o"}}]}},"amp_enabled":true,"_links":{"self":[{"href":"https:\/\/www.notibras.com\/site\/wp-json\/wp\/v2\/posts\/127711","targetHints":{"allow":["GET"]}}],"collection":[{"href":"https:\/\/www.notibras.com\/site\/wp-json\/wp\/v2\/posts"}],"about":[{"href":"https:\/\/www.notibras.com\/site\/wp-json\/wp\/v2\/types\/post"}],"author":[{"embeddable":true,"href":"https:\/\/www.notibras.com\/site\/wp-json\/wp\/v2\/users\/2"}],"replies":[{"embeddable":true,"href":"https:\/\/www.notibras.com\/site\/wp-json\/wp\/v2\/comments?post=127711"}],"version-history":[{"count":3,"href":"https:\/\/www.notibras.com\/site\/wp-json\/wp\/v2\/posts\/127711\/revisions"}],"predecessor-version":[{"id":127715,"href":"https:\/\/www.notibras.com\/site\/wp-json\/wp\/v2\/posts\/127711\/revisions\/127715"}],"wp:featuredmedia":[{"embeddable":true,"href":"https:\/\/www.notibras.com\/site\/wp-json\/wp\/v2\/media\/127712"}],"wp:attachment":[{"href":"https:\/\/www.notibras.com\/site\/wp-json\/wp\/v2\/media?parent=127711"}],"wp:term":[{"taxonomy":"category","embeddable":true,"href":"https:\/\/www.notibras.com\/site\/wp-json\/wp\/v2\/categories?post=127711"},{"taxonomy":"post_tag","embeddable":true,"href":"https:\/\/www.notibras.com\/site\/wp-json\/wp\/v2\/tags?post=127711"}],"curies":[{"name":"wp","href":"https:\/\/api.w.org\/{rel}","templated":true}]}}