{"id":12773,"date":"2014-06-08T19:54:18","date_gmt":"2014-06-08T22:54:18","guid":{"rendered":"http:\/\/www.notibras.com\/site\/?p=12773"},"modified":"2014-06-08T19:54:18","modified_gmt":"2014-06-08T22:54:18","slug":"ate-quando-o-brasil-vai-ficar-preso-aos-esquemas-do-pt","status":"publish","type":"post","link":"https:\/\/www.notibras.com\/site\/ate-quando-o-brasil-vai-ficar-preso-aos-esquemas-do-pt\/","title":{"rendered":"At\u00e9 quando o Brasil vai ficar preso aos esquemas do PT?"},"content":{"rendered":"<p>Desde 1 de janeiro de 2003, quando Lula fundou a rep\u00fablica da Ban\u00e2nia e instalou a era da mediocridade, que o PTMDB vem minando o estado brasileiro, criando circunst\u00e2ncias para o surgimento de uma ditadura totalit\u00e1ria. Criou um curral eleitoral, com as diversas bolsas que distribui; aparelhou o estado; deixou as For\u00e7as Armadas a p\u00e3o e \u00e1gua (mais um tiro que Lula d\u00e1 no p\u00e9); tentou amorda\u00e7ar a imprensa sem rabo preso; e despejou bilh\u00f5es de reais nos bolsos dos seus s\u00f3cios, especialmente Fidel Castro e Hugo Ch\u00e1vez Maduro.<\/p>\n<p>Comenta-se, \u00e0 boca mi\u00fada, em Bras\u00edlia, que foram transferidos para para\u00edsos fiscais, nos \u00faltimos dez anos, cerca de R$ 700 bilh\u00f5es, e que parte desse dinheiro saiu da Petrobras. Deve ser fofoca. Bom, agora o PT volta com a hist\u00f3ria dos conselhos populares, um estado paralelo para driblar a democracia. Dilma Rousseff acaba de decretar uma tal de Pol\u00edtica Nacional de Participa\u00e7\u00e3o Social, que nem bem saiu do forno e j\u00e1 fede.<\/p>\n<p>Em 22 artigos, o decreto institui conselhos, comiss\u00f5es, confer\u00eancias, ouvidorias, mesas de debate e f\u00f3runs, al\u00e9m de audi\u00eancias e consultas p\u00fablicas, para a elabora\u00e7\u00e3o de pol\u00edticas p\u00fablicas e de fiscaliza\u00e7\u00e3o para \u201cconsolidar a participa\u00e7\u00e3o social como m\u00e9todo de governo\u201d, e incumbe a Secretaria-Geral da Presid\u00eancia da Rep\u00fablica de dar \u201csuporte t\u00e9cnico e administrativo\u201d ao sistema.<\/p>\n<blockquote><p>Stalin fez isso na nascente Uni\u00e3o Sovi\u00e9tica, assassinando, depois, dezenas de milh\u00f5es de pessoas que se insurgiram contra o sistema, e escravizando o resto. Os dirigentes do partido \u00fanico vivia nababescamente, como na Cuba do playboy Fidel Castro. O Movimento dos Trabalhadores Rurais Sem Terra (MST), que vem aterrorizando o pa\u00eds, por exemplo, ter\u00e1 assento nesses conselhos.<\/p><\/blockquote>\n<p>Segundo o <em>Estad\u00e3o,<\/em>, o jurista Carlos Ari Sundfeld, professor de Direito Administrativo na Funda\u00e7\u00e3o Get\u00falio Vargas de S\u00e3o Paulo, comentou que o texto \u201cadota o m\u00e9todo do sindicalismo da era Vargas, para gerar uma sociedade civil chapa branca, que fale por meio de inst\u00e2ncias sob controle oficial\u201d. O jurista e ex-ministro Miguel Reale Jr. observou que o decreto \u201c\u00e9 gen\u00e9rico, nada especifica sobre os movimentos sociais, cria organismos que v\u00e3o interferir no processo decis\u00f3rio da administra\u00e7\u00e3o, cria um estado paralelo; enfim, exorbita absolutamente do \u00e2mbito da lei\u201d.<\/p>\n<p>O ministro do Supremo, Gilmar Mendes, qualifica o decreto de \u201cautorit\u00e1rio\u201d, e o ex-ministro do STF, Carlos Velloso, v\u00ea \u201cuma coisa bolivariana, com apar\u00eancia de legalidade\u201d. O tamb\u00e9m ex-ministro Eros Grau adverte que o pa\u00eds \u201ctem uma Constitui\u00e7\u00e3o que permite que o povo se manifeste; esse neg\u00f3cio de conselho popular e consultas talvez seja expediente para legitimar o que n\u00e3o \u00e9 leg\u00edtimo\u201d.<\/p>\n<p>Ainda o <em>Estad\u00e3o<\/em>: \u201cDefensores do decreto argumentam que o Executivo consultar a sociedade para definir suas pol\u00edticas \u00e9 um procedimento natural, o que j\u00e1 ocorre em \u00e1reas como a da sa\u00fade e da assist\u00eancia \u00e0 crian\u00e7a\u201d. Est\u00e1 explicado por que os hospitais p\u00fablicos s\u00e3o labirintos do horror e h\u00e1 tanta crian\u00e7a jogada na escravid\u00e3o sexual que perpassa o pa\u00eds e que faz o del\u00edrio de milion\u00e1rios e pol\u00edticos libidinosos, principalmente nas cidades litor\u00e2neas.<\/p>\n<p>O PT j\u00e1 foi longe demais. A economia do pa\u00eds n\u00e3o cresce, a Petrobras descarrilou, a infraestrutura est\u00e1 sucateada, chegou-se ao ponto de se matar pessoas na rua, de dia e a paulada, o SUS que atende o Lula n\u00e3o existe e a educa\u00e7\u00e3o est\u00e1 igual a frase \u201cn\u00f3s vai pescar\u201d. Est\u00e1 na hora de se mudar isso. E se o PTMDB ganhar de novo? Acho que n\u00e3o ir\u00e1 longe. Haver\u00e1 convuls\u00f5es no pa\u00eds. Se as For\u00e7as Armadas n\u00e3o entrarem no jogo perigoso, os Estados Unidos entrar\u00e3o. Vejamos por qu\u00ea.<\/p>\n<p>Os Estados Unidos s\u00e3o o grande imp\u00e9rio atual e o Brasil, s\u00e9tima economia mundial, embora um abismo social, mant\u00e9m, mesmo contra a vontade de Lula e sua marionete, forte com\u00e9rcio com os americanos, al\u00e9m de situar-se no seu quintal. O governo americano, por meio de um dos diversos n\u00edveis de espionagem que mant\u00e9m no mundo, mata quem quiser, como aconteceu com Saddam Hussein, que pegaram porque queriam o petr\u00f3leo do Iraque e Hussein era um ditador belicoso. Assim, simplesmente invadiram o Iraque, juntamente com seu clube de aliados, e o resto todos sabem; h\u00e1 livros sobre isso. Ainda n\u00e3o mataram Fidel porque n\u00e3o interessa. \u00c9 prov\u00e1vel que os pr\u00f3prios cubanos linchem a fam\u00edlia Castro, um dia.<\/p>\n<p>Atualmente, os Estados Unidos nem utilizam mais soldados ou espi\u00f5es para a\u00e7\u00f5es de guerrilha ou assassinato; usam drones, engenhocas n\u00e3o tripuladas que podem matar magotes de militares, ou civis. N\u00e3o h\u00e1 quem enfrente os americanos; nem a R\u00fassia, nem a China. A troco de qu\u00ea? Ningu\u00e9m quer baixas em escala, nem os Estados Unidos.<\/p>\n<p>No caso do Brasil, n\u00e3o s\u00e3o somente os Estados Unidos que apenas toleram os petralhas; o capital internacional n\u00e3o quer nem ouvir falar no enxame, pois na Ban\u00e2nia o dinheiro j\u00e1 n\u00e3o rende mais, j\u00e1 que a ind\u00fastria est\u00e1 estagnada e o er\u00e1rio some em escala geom\u00e9trica. De qualquer forma, pesquisas mostram que os diversos col\u00e9gios eleitorais mudaram muito no contexto atual. Assim, o capo di tutti e a guerrilheira Dilma ter\u00e3o que mostrar que s\u00e3o invenc\u00edveis, mesmo, e que t\u00eam energia para se equilibrar no fio da navalha por mais quatro anos.<\/p>\n<p><strong>Ray Cunha<\/strong><\/p>\n","protected":false},"excerpt":{"rendered":"<p>Desde 1 de janeiro de 2003, quando Lula fundou a rep\u00fablica da Ban\u00e2nia e instalou a era da mediocridade, que o PTMDB vem minando o estado brasileiro, criando circunst\u00e2ncias para o surgimento de uma ditadura totalit\u00e1ria. Criou um curral eleitoral, com as diversas bolsas que distribui; aparelhou o estado; deixou as For\u00e7as Armadas a p\u00e3o [&hellip;]<\/p>\n","protected":false},"author":2,"featured_media":12774,"comment_status":"open","ping_status":"closed","sticky":false,"template":"","format":"standard","meta":{"_acf_changed":false,"footnotes":""},"categories":[25],"tags":[],"class_list":["post-12773","post","type-post","status-publish","format-standard","has-post-thumbnail","hentry","category-opina-ai"],"acf":[],"yoast_head":"<!-- This site is optimized with the Yoast SEO plugin v27.5 - https:\/\/yoast.com\/product\/yoast-seo-wordpress\/ -->\n<title>At\u00e9 quando o Brasil vai ficar preso aos esquemas do PT? - Notibras<\/title>\n<meta name=\"robots\" content=\"index, follow, max-snippet:-1, max-image-preview:large, max-video-preview:-1\" \/>\n<link rel=\"canonical\" href=\"https:\/\/www.notibras.com\/site\/ate-quando-o-brasil-vai-ficar-preso-aos-esquemas-do-pt\/\" \/>\n<meta property=\"og:locale\" content=\"pt_BR\" \/>\n<meta property=\"og:type\" content=\"article\" \/>\n<meta property=\"og:title\" content=\"At\u00e9 quando o Brasil vai ficar preso aos esquemas do PT? - Notibras\" \/>\n<meta property=\"og:description\" content=\"Desde 1 de janeiro de 2003, quando Lula fundou a rep\u00fablica da Ban\u00e2nia e instalou a era da mediocridade, que o PTMDB vem minando o estado brasileiro, criando circunst\u00e2ncias para o surgimento de uma ditadura totalit\u00e1ria. Criou um curral eleitoral, com as diversas bolsas que distribui; aparelhou o estado; deixou as For\u00e7as Armadas a p\u00e3o [&hellip;]\" \/>\n<meta property=\"og:url\" content=\"https:\/\/www.notibras.com\/site\/ate-quando-o-brasil-vai-ficar-preso-aos-esquemas-do-pt\/\" \/>\n<meta property=\"og:site_name\" content=\"Notibras\" \/>\n<meta property=\"article:publisher\" content=\"https:\/\/www.facebook.com\/notibras\/\" \/>\n<meta property=\"article:published_time\" content=\"2014-06-08T22:54:18+00:00\" \/>\n<meta property=\"og:image\" content=\"https:\/\/www.notibras.com\/site\/wp-content\/uploads\/2014\/06\/10545_389138697865168_948958464_n.jpg\" \/>\n\t<meta property=\"og:image:width\" content=\"400\" \/>\n\t<meta property=\"og:image:height\" content=\"277\" \/>\n\t<meta property=\"og:image:type\" content=\"image\/jpeg\" \/>\n<meta name=\"author\" content=\"Reda\u00e7\u00e3o\" \/>\n<meta name=\"twitter:card\" content=\"summary_large_image\" \/>\n<meta name=\"twitter:creator\" content=\"@Notibras\" \/>\n<meta name=\"twitter:site\" content=\"@Notibras\" \/>\n<meta name=\"twitter:label1\" content=\"Escrito por\" \/>\n\t<meta name=\"twitter:data1\" content=\"Reda\u00e7\u00e3o\" \/>\n\t<meta name=\"twitter:label2\" content=\"Est. tempo de leitura\" \/>\n\t<meta name=\"twitter:data2\" content=\"5 minutos\" \/>\n<script type=\"application\/ld+json\" class=\"yoast-schema-graph\">{\"@context\":\"https:\\\/\\\/schema.org\",\"@graph\":[{\"@type\":\"Article\",\"@id\":\"https:\\\/\\\/www.notibras.com\\\/site\\\/ate-quando-o-brasil-vai-ficar-preso-aos-esquemas-do-pt\\\/#article\",\"isPartOf\":{\"@id\":\"https:\\\/\\\/www.notibras.com\\\/site\\\/ate-quando-o-brasil-vai-ficar-preso-aos-esquemas-do-pt\\\/\"},\"author\":{\"name\":\"Reda\u00e7\u00e3o\",\"@id\":\"https:\\\/\\\/www.notibras.com\\\/site\\\/#\\\/schema\\\/person\\\/36ab0979449956132d3e5b517ea76ac8\"},\"headline\":\"At\u00e9 quando o Brasil vai ficar preso aos esquemas do PT?\",\"datePublished\":\"2014-06-08T22:54:18+00:00\",\"mainEntityOfPage\":{\"@id\":\"https:\\\/\\\/www.notibras.com\\\/site\\\/ate-quando-o-brasil-vai-ficar-preso-aos-esquemas-do-pt\\\/\"},\"wordCount\":963,\"commentCount\":0,\"publisher\":{\"@id\":\"https:\\\/\\\/www.notibras.com\\\/site\\\/#organization\"},\"image\":{\"@id\":\"https:\\\/\\\/www.notibras.com\\\/site\\\/ate-quando-o-brasil-vai-ficar-preso-aos-esquemas-do-pt\\\/#primaryimage\"},\"thumbnailUrl\":\"https:\\\/\\\/www.notibras.com\\\/site\\\/wp-content\\\/uploads\\\/2014\\\/06\\\/10545_389138697865168_948958464_n.jpg\",\"articleSection\":[\"Opina a\u00ed\"],\"inLanguage\":\"pt-BR\",\"potentialAction\":[{\"@type\":\"CommentAction\",\"name\":\"Comment\",\"target\":[\"https:\\\/\\\/www.notibras.com\\\/site\\\/ate-quando-o-brasil-vai-ficar-preso-aos-esquemas-do-pt\\\/#respond\"]}]},{\"@type\":\"WebPage\",\"@id\":\"https:\\\/\\\/www.notibras.com\\\/site\\\/ate-quando-o-brasil-vai-ficar-preso-aos-esquemas-do-pt\\\/\",\"url\":\"https:\\\/\\\/www.notibras.com\\\/site\\\/ate-quando-o-brasil-vai-ficar-preso-aos-esquemas-do-pt\\\/\",\"name\":\"At\u00e9 quando o Brasil vai ficar preso aos esquemas do PT? - Notibras\",\"isPartOf\":{\"@id\":\"https:\\\/\\\/www.notibras.com\\\/site\\\/#website\"},\"primaryImageOfPage\":{\"@id\":\"https:\\\/\\\/www.notibras.com\\\/site\\\/ate-quando-o-brasil-vai-ficar-preso-aos-esquemas-do-pt\\\/#primaryimage\"},\"image\":{\"@id\":\"https:\\\/\\\/www.notibras.com\\\/site\\\/ate-quando-o-brasil-vai-ficar-preso-aos-esquemas-do-pt\\\/#primaryimage\"},\"thumbnailUrl\":\"https:\\\/\\\/www.notibras.com\\\/site\\\/wp-content\\\/uploads\\\/2014\\\/06\\\/10545_389138697865168_948958464_n.jpg\",\"datePublished\":\"2014-06-08T22:54:18+00:00\",\"breadcrumb\":{\"@id\":\"https:\\\/\\\/www.notibras.com\\\/site\\\/ate-quando-o-brasil-vai-ficar-preso-aos-esquemas-do-pt\\\/#breadcrumb\"},\"inLanguage\":\"pt-BR\",\"potentialAction\":[{\"@type\":\"ReadAction\",\"target\":[\"https:\\\/\\\/www.notibras.com\\\/site\\\/ate-quando-o-brasil-vai-ficar-preso-aos-esquemas-do-pt\\\/\"]}]},{\"@type\":\"ImageObject\",\"inLanguage\":\"pt-BR\",\"@id\":\"https:\\\/\\\/www.notibras.com\\\/site\\\/ate-quando-o-brasil-vai-ficar-preso-aos-esquemas-do-pt\\\/#primaryimage\",\"url\":\"https:\\\/\\\/www.notibras.com\\\/site\\\/wp-content\\\/uploads\\\/2014\\\/06\\\/10545_389138697865168_948958464_n.jpg\",\"contentUrl\":\"https:\\\/\\\/www.notibras.com\\\/site\\\/wp-content\\\/uploads\\\/2014\\\/06\\\/10545_389138697865168_948958464_n.jpg\",\"width\":400,\"height\":277},{\"@type\":\"BreadcrumbList\",\"@id\":\"https:\\\/\\\/www.notibras.com\\\/site\\\/ate-quando-o-brasil-vai-ficar-preso-aos-esquemas-do-pt\\\/#breadcrumb\",\"itemListElement\":[{\"@type\":\"ListItem\",\"position\":1,\"name\":\"In\u00edcio\",\"item\":\"https:\\\/\\\/www.notibras.com\\\/site\\\/\"},{\"@type\":\"ListItem\",\"position\":2,\"name\":\"At\u00e9 quando o Brasil vai ficar preso aos esquemas do PT?\"}]},{\"@type\":\"WebSite\",\"@id\":\"https:\\\/\\\/www.notibras.com\\\/site\\\/#website\",\"url\":\"https:\\\/\\\/www.notibras.com\\\/site\\\/\",\"name\":\"Notibras\",\"description\":\"Not\u00edcias de Bras\u00edlia, do Brasil e do Mundo\",\"publisher\":{\"@id\":\"https:\\\/\\\/www.notibras.com\\\/site\\\/#organization\"},\"potentialAction\":[{\"@type\":\"SearchAction\",\"target\":{\"@type\":\"EntryPoint\",\"urlTemplate\":\"https:\\\/\\\/www.notibras.com\\\/site\\\/?s={search_term_string}\"},\"query-input\":{\"@type\":\"PropertyValueSpecification\",\"valueRequired\":true,\"valueName\":\"search_term_string\"}}],\"inLanguage\":\"pt-BR\"},{\"@type\":\"Organization\",\"@id\":\"https:\\\/\\\/www.notibras.com\\\/site\\\/#organization\",\"name\":\"Grupo Notibras de Comunica\u00e7\u00e3o\",\"url\":\"https:\\\/\\\/www.notibras.com\\\/site\\\/\",\"logo\":{\"@type\":\"ImageObject\",\"inLanguage\":\"pt-BR\",\"@id\":\"https:\\\/\\\/www.notibras.com\\\/site\\\/#\\\/schema\\\/logo\\\/image\\\/\",\"url\":\"https:\\\/\\\/www.notibras.com\\\/site\\\/wp-content\\\/uploads\\\/2023\\\/01\\\/notibras23.png\",\"contentUrl\":\"https:\\\/\\\/www.notibras.com\\\/site\\\/wp-content\\\/uploads\\\/2023\\\/01\\\/notibras23.png\",\"width\":350,\"height\":87,\"caption\":\"Grupo Notibras de Comunica\u00e7\u00e3o\"},\"image\":{\"@id\":\"https:\\\/\\\/www.notibras.com\\\/site\\\/#\\\/schema\\\/logo\\\/image\\\/\"},\"sameAs\":[\"https:\\\/\\\/www.facebook.com\\\/notibras\\\/\",\"https:\\\/\\\/x.com\\\/Notibras\",\"https:\\\/\\\/www.instagram.com\\\/notibras\\\/\"]},{\"@type\":\"Person\",\"@id\":\"https:\\\/\\\/www.notibras.com\\\/site\\\/#\\\/schema\\\/person\\\/36ab0979449956132d3e5b517ea76ac8\",\"name\":\"Reda\u00e7\u00e3o\",\"image\":{\"@type\":\"ImageObject\",\"inLanguage\":\"pt-BR\",\"@id\":\"https:\\\/\\\/secure.gravatar.com\\\/avatar\\\/e0a867bdedb85fd243eadf09663511f96fc81e0720a4a42581f334ad4303aa6b?s=96&d=mm&r=g\",\"url\":\"https:\\\/\\\/secure.gravatar.com\\\/avatar\\\/e0a867bdedb85fd243eadf09663511f96fc81e0720a4a42581f334ad4303aa6b?s=96&d=mm&r=g\",\"contentUrl\":\"https:\\\/\\\/secure.gravatar.com\\\/avatar\\\/e0a867bdedb85fd243eadf09663511f96fc81e0720a4a42581f334ad4303aa6b?s=96&d=mm&r=g\",\"caption\":\"Reda\u00e7\u00e3o\"}}]}<\/script>\n<!-- \/ Yoast SEO plugin. -->","yoast_head_json":{"title":"At\u00e9 quando o Brasil vai ficar preso aos esquemas do PT? - Notibras","robots":{"index":"index","follow":"follow","max-snippet":"max-snippet:-1","max-image-preview":"max-image-preview:large","max-video-preview":"max-video-preview:-1"},"canonical":"https:\/\/www.notibras.com\/site\/ate-quando-o-brasil-vai-ficar-preso-aos-esquemas-do-pt\/","og_locale":"pt_BR","og_type":"article","og_title":"At\u00e9 quando o Brasil vai ficar preso aos esquemas do PT? - Notibras","og_description":"Desde 1 de janeiro de 2003, quando Lula fundou a rep\u00fablica da Ban\u00e2nia e instalou a era da mediocridade, que o PTMDB vem minando o estado brasileiro, criando circunst\u00e2ncias para o surgimento de uma ditadura totalit\u00e1ria. Criou um curral eleitoral, com as diversas bolsas que distribui; aparelhou o estado; deixou as For\u00e7as Armadas a p\u00e3o [&hellip;]","og_url":"https:\/\/www.notibras.com\/site\/ate-quando-o-brasil-vai-ficar-preso-aos-esquemas-do-pt\/","og_site_name":"Notibras","article_publisher":"https:\/\/www.facebook.com\/notibras\/","article_published_time":"2014-06-08T22:54:18+00:00","og_image":[{"width":400,"height":277,"url":"https:\/\/www.notibras.com\/site\/wp-content\/uploads\/2014\/06\/10545_389138697865168_948958464_n.jpg","type":"image\/jpeg"}],"author":"Reda\u00e7\u00e3o","twitter_card":"summary_large_image","twitter_creator":"@Notibras","twitter_site":"@Notibras","twitter_misc":{"Escrito por":"Reda\u00e7\u00e3o","Est. tempo de leitura":"5 minutos"},"schema":{"@context":"https:\/\/schema.org","@graph":[{"@type":"Article","@id":"https:\/\/www.notibras.com\/site\/ate-quando-o-brasil-vai-ficar-preso-aos-esquemas-do-pt\/#article","isPartOf":{"@id":"https:\/\/www.notibras.com\/site\/ate-quando-o-brasil-vai-ficar-preso-aos-esquemas-do-pt\/"},"author":{"name":"Reda\u00e7\u00e3o","@id":"https:\/\/www.notibras.com\/site\/#\/schema\/person\/36ab0979449956132d3e5b517ea76ac8"},"headline":"At\u00e9 quando o Brasil vai ficar preso aos esquemas do PT?","datePublished":"2014-06-08T22:54:18+00:00","mainEntityOfPage":{"@id":"https:\/\/www.notibras.com\/site\/ate-quando-o-brasil-vai-ficar-preso-aos-esquemas-do-pt\/"},"wordCount":963,"commentCount":0,"publisher":{"@id":"https:\/\/www.notibras.com\/site\/#organization"},"image":{"@id":"https:\/\/www.notibras.com\/site\/ate-quando-o-brasil-vai-ficar-preso-aos-esquemas-do-pt\/#primaryimage"},"thumbnailUrl":"https:\/\/www.notibras.com\/site\/wp-content\/uploads\/2014\/06\/10545_389138697865168_948958464_n.jpg","articleSection":["Opina a\u00ed"],"inLanguage":"pt-BR","potentialAction":[{"@type":"CommentAction","name":"Comment","target":["https:\/\/www.notibras.com\/site\/ate-quando-o-brasil-vai-ficar-preso-aos-esquemas-do-pt\/#respond"]}]},{"@type":"WebPage","@id":"https:\/\/www.notibras.com\/site\/ate-quando-o-brasil-vai-ficar-preso-aos-esquemas-do-pt\/","url":"https:\/\/www.notibras.com\/site\/ate-quando-o-brasil-vai-ficar-preso-aos-esquemas-do-pt\/","name":"At\u00e9 quando o Brasil vai ficar preso aos esquemas do PT? - Notibras","isPartOf":{"@id":"https:\/\/www.notibras.com\/site\/#website"},"primaryImageOfPage":{"@id":"https:\/\/www.notibras.com\/site\/ate-quando-o-brasil-vai-ficar-preso-aos-esquemas-do-pt\/#primaryimage"},"image":{"@id":"https:\/\/www.notibras.com\/site\/ate-quando-o-brasil-vai-ficar-preso-aos-esquemas-do-pt\/#primaryimage"},"thumbnailUrl":"https:\/\/www.notibras.com\/site\/wp-content\/uploads\/2014\/06\/10545_389138697865168_948958464_n.jpg","datePublished":"2014-06-08T22:54:18+00:00","breadcrumb":{"@id":"https:\/\/www.notibras.com\/site\/ate-quando-o-brasil-vai-ficar-preso-aos-esquemas-do-pt\/#breadcrumb"},"inLanguage":"pt-BR","potentialAction":[{"@type":"ReadAction","target":["https:\/\/www.notibras.com\/site\/ate-quando-o-brasil-vai-ficar-preso-aos-esquemas-do-pt\/"]}]},{"@type":"ImageObject","inLanguage":"pt-BR","@id":"https:\/\/www.notibras.com\/site\/ate-quando-o-brasil-vai-ficar-preso-aos-esquemas-do-pt\/#primaryimage","url":"https:\/\/www.notibras.com\/site\/wp-content\/uploads\/2014\/06\/10545_389138697865168_948958464_n.jpg","contentUrl":"https:\/\/www.notibras.com\/site\/wp-content\/uploads\/2014\/06\/10545_389138697865168_948958464_n.jpg","width":400,"height":277},{"@type":"BreadcrumbList","@id":"https:\/\/www.notibras.com\/site\/ate-quando-o-brasil-vai-ficar-preso-aos-esquemas-do-pt\/#breadcrumb","itemListElement":[{"@type":"ListItem","position":1,"name":"In\u00edcio","item":"https:\/\/www.notibras.com\/site\/"},{"@type":"ListItem","position":2,"name":"At\u00e9 quando o Brasil vai ficar preso aos esquemas do PT?"}]},{"@type":"WebSite","@id":"https:\/\/www.notibras.com\/site\/#website","url":"https:\/\/www.notibras.com\/site\/","name":"Notibras","description":"Not\u00edcias de Bras\u00edlia, do Brasil e do Mundo","publisher":{"@id":"https:\/\/www.notibras.com\/site\/#organization"},"potentialAction":[{"@type":"SearchAction","target":{"@type":"EntryPoint","urlTemplate":"https:\/\/www.notibras.com\/site\/?s={search_term_string}"},"query-input":{"@type":"PropertyValueSpecification","valueRequired":true,"valueName":"search_term_string"}}],"inLanguage":"pt-BR"},{"@type":"Organization","@id":"https:\/\/www.notibras.com\/site\/#organization","name":"Grupo Notibras de Comunica\u00e7\u00e3o","url":"https:\/\/www.notibras.com\/site\/","logo":{"@type":"ImageObject","inLanguage":"pt-BR","@id":"https:\/\/www.notibras.com\/site\/#\/schema\/logo\/image\/","url":"https:\/\/www.notibras.com\/site\/wp-content\/uploads\/2023\/01\/notibras23.png","contentUrl":"https:\/\/www.notibras.com\/site\/wp-content\/uploads\/2023\/01\/notibras23.png","width":350,"height":87,"caption":"Grupo Notibras de Comunica\u00e7\u00e3o"},"image":{"@id":"https:\/\/www.notibras.com\/site\/#\/schema\/logo\/image\/"},"sameAs":["https:\/\/www.facebook.com\/notibras\/","https:\/\/x.com\/Notibras","https:\/\/www.instagram.com\/notibras\/"]},{"@type":"Person","@id":"https:\/\/www.notibras.com\/site\/#\/schema\/person\/36ab0979449956132d3e5b517ea76ac8","name":"Reda\u00e7\u00e3o","image":{"@type":"ImageObject","inLanguage":"pt-BR","@id":"https:\/\/secure.gravatar.com\/avatar\/e0a867bdedb85fd243eadf09663511f96fc81e0720a4a42581f334ad4303aa6b?s=96&d=mm&r=g","url":"https:\/\/secure.gravatar.com\/avatar\/e0a867bdedb85fd243eadf09663511f96fc81e0720a4a42581f334ad4303aa6b?s=96&d=mm&r=g","contentUrl":"https:\/\/secure.gravatar.com\/avatar\/e0a867bdedb85fd243eadf09663511f96fc81e0720a4a42581f334ad4303aa6b?s=96&d=mm&r=g","caption":"Reda\u00e7\u00e3o"}}]}},"amp_enabled":true,"_links":{"self":[{"href":"https:\/\/www.notibras.com\/site\/wp-json\/wp\/v2\/posts\/12773","targetHints":{"allow":["GET"]}}],"collection":[{"href":"https:\/\/www.notibras.com\/site\/wp-json\/wp\/v2\/posts"}],"about":[{"href":"https:\/\/www.notibras.com\/site\/wp-json\/wp\/v2\/types\/post"}],"author":[{"embeddable":true,"href":"https:\/\/www.notibras.com\/site\/wp-json\/wp\/v2\/users\/2"}],"replies":[{"embeddable":true,"href":"https:\/\/www.notibras.com\/site\/wp-json\/wp\/v2\/comments?post=12773"}],"version-history":[{"count":0,"href":"https:\/\/www.notibras.com\/site\/wp-json\/wp\/v2\/posts\/12773\/revisions"}],"wp:featuredmedia":[{"embeddable":true,"href":"https:\/\/www.notibras.com\/site\/wp-json\/wp\/v2\/media\/12774"}],"wp:attachment":[{"href":"https:\/\/www.notibras.com\/site\/wp-json\/wp\/v2\/media?parent=12773"}],"wp:term":[{"taxonomy":"category","embeddable":true,"href":"https:\/\/www.notibras.com\/site\/wp-json\/wp\/v2\/categories?post=12773"},{"taxonomy":"post_tag","embeddable":true,"href":"https:\/\/www.notibras.com\/site\/wp-json\/wp\/v2\/tags?post=12773"}],"curies":[{"name":"wp","href":"https:\/\/api.w.org\/{rel}","templated":true}]}}