{"id":12782,"date":"2014-06-09T00:08:34","date_gmt":"2014-06-09T03:08:34","guid":{"rendered":"http:\/\/www.notibras.com\/site\/?p=12782"},"modified":"2014-06-09T00:09:23","modified_gmt":"2014-06-09T03:09:23","slug":"chuvas-torrenciais-matam-9-e-deixam-milhares-de-desabrigados-no-parana","status":"publish","type":"post","link":"https:\/\/www.notibras.com\/site\/chuvas-torrenciais-matam-9-e-deixam-milhares-de-desabrigados-no-parana\/","title":{"rendered":"Chuvas torrenciais matam 9 no Paran\u00e1 e deixam milhares de desabrigados"},"content":{"rendered":"<p>Ao menos nove pessoas morreram em decorr\u00eancia das fortes chuvas e vendavais que atingiram o Paran\u00e1, segundo a Defesa Civil estadual, que coordena as a\u00e7\u00f5es de ajuda para os afetados. O \u00f3rg\u00e3o informou no in\u00edcio da noite deste domingo que houve uma revis\u00e3o nos dados das localidades dos \u00f3bitos. Pelo menos uma pessoa est\u00e1 desaparecida.<\/p>\n<p>Guarapuava, na regi\u00e3o centro-sul do Estado e umas das cidades mais atingidas pelo temporal, registrou dois \u00f3bitos e um desaparecimento de uma crian\u00e7a. Inicialmente, foram divulgadas tr\u00eas mortes no munic\u00edpio.<\/p>\n<p>De acordo com o capit\u00e3o Eduardo Pinheiro, da coordenadoria da Defesa Civil, houve a inclus\u00e3o de uma morte na cidade de Guarania\u00e7u e outra em Quedas do Igua\u00e7u. Houve \u00f3bitos ainda em Campina do Sim\u00e3o, Laranjeiras do Sul, Sulina e Medianeira.<\/p>\n<p>De acordo com o Corpo de Bombeiros, uma m\u00e3e e um filho de 9 meses estavam em um carro que foi arrastado pela enxurrada enquanto tentavam atravessar uma ponte, por volta das 18h30 de s\u00e1bado, no munic\u00edpio de Medianeira, oeste do Estado. O pai do menino, que dirigia o ve\u00edculo, conseguiu se salvar. O motorista foi encontrado agarrado a uma \u00e1rvore. Os bombeiros s\u00f3 conseguiram retirar os corpos das v\u00edtimas ap\u00f3s o n\u00edvel do rio baixar.<\/p>\n<p>Em reuni\u00e3o neste domingo para analisar os estragos causados pela chuva, o governador do Estado, Beto Richa, decretou estado de emerg\u00eancia para todos os munic\u00edpios afetados pelos temporais. &#8220;Est\u00e1 sendo formulado este decreto abrangendo os munic\u00edpios atingidos. Por enquanto s\u00e3o 70, mas at\u00e9 o fim do dia teremos mais com certeza&#8221;, explica Pinheiro.<\/p>\n<p>As cidades de Guarapuava e Ros\u00e1rio do Iva\u00ed j\u00e1 tinham decretado estado de emerg\u00eancia por conta dos estragos. Em Curitiba, a cidade mais afetada em n\u00famero de pessoas por conta de alagamentos (15 mil), a prefeitura municipal anunciou estado de alerta por causa das cheias dos rios Barigui e Bel\u00e9m.<\/p>\n<p>Conforme o \u00faltimo boletim da Defesa Civil, divulgado na noite deste domingo, 51,4 mil pessoas foram afetadas pelas chuvas que atingiram o Paran\u00e1 durante este final de semana. Segundo o \u00f3rg\u00e3o, 3.650 pessoas ficaram desalojadas, mas a maior parte j\u00e1 retornou para casa. O n\u00famero total de desabrigados chegou a 2.136, sendo que 1.986 continuam em abrigos.<\/p>\n","protected":false},"excerpt":{"rendered":"<p>Ao menos nove pessoas morreram em decorr\u00eancia das fortes chuvas e vendavais que atingiram o Paran\u00e1, segundo a Defesa Civil estadual, que coordena as a\u00e7\u00f5es de ajuda para os afetados. O \u00f3rg\u00e3o informou no in\u00edcio da noite deste domingo que houve uma revis\u00e3o nos dados das localidades dos \u00f3bitos. Pelo menos uma pessoa est\u00e1 desaparecida. [&hellip;]<\/p>\n","protected":false},"author":2,"featured_media":12783,"comment_status":"open","ping_status":"closed","sticky":false,"template":"","format":"standard","meta":{"_acf_changed":false,"footnotes":""},"categories":[16],"tags":[],"class_list":["post-12782","post","type-post","status-publish","format-standard","has-post-thumbnail","hentry","category-brasil"],"acf":[],"yoast_head":"<!-- This site is optimized with the Yoast SEO plugin v27.2 - https:\/\/yoast.com\/product\/yoast-seo-wordpress\/ -->\n<title>Chuvas torrenciais matam 9 no Paran\u00e1 e deixam milhares de desabrigados - Notibras<\/title>\n<meta name=\"robots\" content=\"index, follow, max-snippet:-1, max-image-preview:large, max-video-preview:-1\" \/>\n<link rel=\"canonical\" href=\"https:\/\/www.notibras.com\/site\/chuvas-torrenciais-matam-9-e-deixam-milhares-de-desabrigados-no-parana\/\" \/>\n<meta property=\"og:locale\" content=\"pt_BR\" \/>\n<meta property=\"og:type\" content=\"article\" \/>\n<meta property=\"og:title\" content=\"Chuvas torrenciais matam 9 no Paran\u00e1 e deixam milhares de desabrigados - Notibras\" \/>\n<meta property=\"og:description\" content=\"Ao menos nove pessoas morreram em decorr\u00eancia das fortes chuvas e vendavais que atingiram o Paran\u00e1, segundo a Defesa Civil estadual, que coordena as a\u00e7\u00f5es de ajuda para os afetados. O \u00f3rg\u00e3o informou no in\u00edcio da noite deste domingo que houve uma revis\u00e3o nos dados das localidades dos \u00f3bitos. Pelo menos uma pessoa est\u00e1 desaparecida. [&hellip;]\" \/>\n<meta property=\"og:url\" content=\"https:\/\/www.notibras.com\/site\/chuvas-torrenciais-matam-9-e-deixam-milhares-de-desabrigados-no-parana\/\" \/>\n<meta property=\"og:site_name\" content=\"Notibras\" \/>\n<meta property=\"article:publisher\" content=\"https:\/\/www.facebook.com\/notibras\/\" \/>\n<meta property=\"article:published_time\" content=\"2014-06-09T03:08:34+00:00\" \/>\n<meta property=\"article:modified_time\" content=\"2014-06-09T03:09:23+00:00\" \/>\n<meta property=\"og:image\" content=\"https:\/\/www.notibras.com\/site\/wp-content\/uploads\/2014\/06\/chuvarionegroprjosielprestesvcreporter05.jpg\" \/>\n\t<meta property=\"og:image:width\" content=\"460\" \/>\n\t<meta property=\"og:image:height\" content=\"340\" \/>\n\t<meta property=\"og:image:type\" content=\"image\/jpeg\" \/>\n<meta name=\"author\" content=\"Reda\u00e7\u00e3o\" \/>\n<meta name=\"twitter:card\" content=\"summary_large_image\" \/>\n<meta name=\"twitter:creator\" content=\"@Notibras\" \/>\n<meta name=\"twitter:site\" content=\"@Notibras\" \/>\n<meta name=\"twitter:label1\" content=\"Escrito por\" \/>\n\t<meta name=\"twitter:data1\" content=\"Reda\u00e7\u00e3o\" \/>\n\t<meta name=\"twitter:label2\" content=\"Est. tempo de leitura\" \/>\n\t<meta name=\"twitter:data2\" content=\"2 minutos\" \/>\n<script type=\"application\/ld+json\" class=\"yoast-schema-graph\">{\"@context\":\"https:\/\/schema.org\",\"@graph\":[{\"@type\":\"Article\",\"@id\":\"https:\/\/www.notibras.com\/site\/chuvas-torrenciais-matam-9-e-deixam-milhares-de-desabrigados-no-parana\/#article\",\"isPartOf\":{\"@id\":\"https:\/\/www.notibras.com\/site\/chuvas-torrenciais-matam-9-e-deixam-milhares-de-desabrigados-no-parana\/\"},\"author\":{\"name\":\"Reda\u00e7\u00e3o\",\"@id\":\"https:\/\/www.notibras.com\/site\/#\/schema\/person\/36ab0979449956132d3e5b517ea76ac8\"},\"headline\":\"Chuvas torrenciais matam 9 no Paran\u00e1 e deixam milhares de desabrigados\",\"datePublished\":\"2014-06-09T03:08:34+00:00\",\"dateModified\":\"2014-06-09T03:09:23+00:00\",\"mainEntityOfPage\":{\"@id\":\"https:\/\/www.notibras.com\/site\/chuvas-torrenciais-matam-9-e-deixam-milhares-de-desabrigados-no-parana\/\"},\"wordCount\":397,\"commentCount\":0,\"publisher\":{\"@id\":\"https:\/\/www.notibras.com\/site\/#organization\"},\"image\":{\"@id\":\"https:\/\/www.notibras.com\/site\/chuvas-torrenciais-matam-9-e-deixam-milhares-de-desabrigados-no-parana\/#primaryimage\"},\"thumbnailUrl\":\"https:\/\/www.notibras.com\/site\/wp-content\/uploads\/2014\/06\/chuvarionegroprjosielprestesvcreporter05.jpg\",\"articleSection\":[\"Brasil\"],\"inLanguage\":\"pt-BR\",\"potentialAction\":[{\"@type\":\"CommentAction\",\"name\":\"Comment\",\"target\":[\"https:\/\/www.notibras.com\/site\/chuvas-torrenciais-matam-9-e-deixam-milhares-de-desabrigados-no-parana\/#respond\"]}]},{\"@type\":\"WebPage\",\"@id\":\"https:\/\/www.notibras.com\/site\/chuvas-torrenciais-matam-9-e-deixam-milhares-de-desabrigados-no-parana\/\",\"url\":\"https:\/\/www.notibras.com\/site\/chuvas-torrenciais-matam-9-e-deixam-milhares-de-desabrigados-no-parana\/\",\"name\":\"Chuvas torrenciais matam 9 no Paran\u00e1 e deixam milhares de desabrigados - Notibras\",\"isPartOf\":{\"@id\":\"https:\/\/www.notibras.com\/site\/#website\"},\"primaryImageOfPage\":{\"@id\":\"https:\/\/www.notibras.com\/site\/chuvas-torrenciais-matam-9-e-deixam-milhares-de-desabrigados-no-parana\/#primaryimage\"},\"image\":{\"@id\":\"https:\/\/www.notibras.com\/site\/chuvas-torrenciais-matam-9-e-deixam-milhares-de-desabrigados-no-parana\/#primaryimage\"},\"thumbnailUrl\":\"https:\/\/www.notibras.com\/site\/wp-content\/uploads\/2014\/06\/chuvarionegroprjosielprestesvcreporter05.jpg\",\"datePublished\":\"2014-06-09T03:08:34+00:00\",\"dateModified\":\"2014-06-09T03:09:23+00:00\",\"breadcrumb\":{\"@id\":\"https:\/\/www.notibras.com\/site\/chuvas-torrenciais-matam-9-e-deixam-milhares-de-desabrigados-no-parana\/#breadcrumb\"},\"inLanguage\":\"pt-BR\",\"potentialAction\":[{\"@type\":\"ReadAction\",\"target\":[\"https:\/\/www.notibras.com\/site\/chuvas-torrenciais-matam-9-e-deixam-milhares-de-desabrigados-no-parana\/\"]}]},{\"@type\":\"ImageObject\",\"inLanguage\":\"pt-BR\",\"@id\":\"https:\/\/www.notibras.com\/site\/chuvas-torrenciais-matam-9-e-deixam-milhares-de-desabrigados-no-parana\/#primaryimage\",\"url\":\"https:\/\/www.notibras.com\/site\/wp-content\/uploads\/2014\/06\/chuvarionegroprjosielprestesvcreporter05.jpg\",\"contentUrl\":\"https:\/\/www.notibras.com\/site\/wp-content\/uploads\/2014\/06\/chuvarionegroprjosielprestesvcreporter05.jpg\",\"width\":460,\"height\":340},{\"@type\":\"BreadcrumbList\",\"@id\":\"https:\/\/www.notibras.com\/site\/chuvas-torrenciais-matam-9-e-deixam-milhares-de-desabrigados-no-parana\/#breadcrumb\",\"itemListElement\":[{\"@type\":\"ListItem\",\"position\":1,\"name\":\"In\u00edcio\",\"item\":\"https:\/\/www.notibras.com\/site\/\"},{\"@type\":\"ListItem\",\"position\":2,\"name\":\"Chuvas torrenciais matam 9 no Paran\u00e1 e deixam milhares de desabrigados\"}]},{\"@type\":\"WebSite\",\"@id\":\"https:\/\/www.notibras.com\/site\/#website\",\"url\":\"https:\/\/www.notibras.com\/site\/\",\"name\":\"Notibras\",\"description\":\"Not\u00edcias de Bras\u00edlia, do Brasil e do Mundo\",\"publisher\":{\"@id\":\"https:\/\/www.notibras.com\/site\/#organization\"},\"potentialAction\":[{\"@type\":\"SearchAction\",\"target\":{\"@type\":\"EntryPoint\",\"urlTemplate\":\"https:\/\/www.notibras.com\/site\/?s={search_term_string}\"},\"query-input\":{\"@type\":\"PropertyValueSpecification\",\"valueRequired\":true,\"valueName\":\"search_term_string\"}}],\"inLanguage\":\"pt-BR\"},{\"@type\":\"Organization\",\"@id\":\"https:\/\/www.notibras.com\/site\/#organization\",\"name\":\"Grupo Notibras de Comunica\u00e7\u00e3o\",\"url\":\"https:\/\/www.notibras.com\/site\/\",\"logo\":{\"@type\":\"ImageObject\",\"inLanguage\":\"pt-BR\",\"@id\":\"https:\/\/www.notibras.com\/site\/#\/schema\/logo\/image\/\",\"url\":\"https:\/\/www.notibras.com\/site\/wp-content\/uploads\/2023\/01\/notibras23.png\",\"contentUrl\":\"https:\/\/www.notibras.com\/site\/wp-content\/uploads\/2023\/01\/notibras23.png\",\"width\":350,\"height\":87,\"caption\":\"Grupo Notibras de Comunica\u00e7\u00e3o\"},\"image\":{\"@id\":\"https:\/\/www.notibras.com\/site\/#\/schema\/logo\/image\/\"},\"sameAs\":[\"https:\/\/www.facebook.com\/notibras\/\",\"https:\/\/x.com\/Notibras\",\"https:\/\/www.instagram.com\/notibras\/\"]},{\"@type\":\"Person\",\"@id\":\"https:\/\/www.notibras.com\/site\/#\/schema\/person\/36ab0979449956132d3e5b517ea76ac8\",\"name\":\"Reda\u00e7\u00e3o\",\"image\":{\"@type\":\"ImageObject\",\"inLanguage\":\"pt-BR\",\"@id\":\"https:\/\/secure.gravatar.com\/avatar\/e0a867bdedb85fd243eadf09663511f96fc81e0720a4a42581f334ad4303aa6b?s=96&d=mm&r=g\",\"url\":\"https:\/\/secure.gravatar.com\/avatar\/e0a867bdedb85fd243eadf09663511f96fc81e0720a4a42581f334ad4303aa6b?s=96&d=mm&r=g\",\"contentUrl\":\"https:\/\/secure.gravatar.com\/avatar\/e0a867bdedb85fd243eadf09663511f96fc81e0720a4a42581f334ad4303aa6b?s=96&d=mm&r=g\",\"caption\":\"Reda\u00e7\u00e3o\"}}]}<\/script>\n<!-- \/ Yoast SEO plugin. -->","yoast_head_json":{"title":"Chuvas torrenciais matam 9 no Paran\u00e1 e deixam milhares de desabrigados - Notibras","robots":{"index":"index","follow":"follow","max-snippet":"max-snippet:-1","max-image-preview":"max-image-preview:large","max-video-preview":"max-video-preview:-1"},"canonical":"https:\/\/www.notibras.com\/site\/chuvas-torrenciais-matam-9-e-deixam-milhares-de-desabrigados-no-parana\/","og_locale":"pt_BR","og_type":"article","og_title":"Chuvas torrenciais matam 9 no Paran\u00e1 e deixam milhares de desabrigados - Notibras","og_description":"Ao menos nove pessoas morreram em decorr\u00eancia das fortes chuvas e vendavais que atingiram o Paran\u00e1, segundo a Defesa Civil estadual, que coordena as a\u00e7\u00f5es de ajuda para os afetados. O \u00f3rg\u00e3o informou no in\u00edcio da noite deste domingo que houve uma revis\u00e3o nos dados das localidades dos \u00f3bitos. Pelo menos uma pessoa est\u00e1 desaparecida. [&hellip;]","og_url":"https:\/\/www.notibras.com\/site\/chuvas-torrenciais-matam-9-e-deixam-milhares-de-desabrigados-no-parana\/","og_site_name":"Notibras","article_publisher":"https:\/\/www.facebook.com\/notibras\/","article_published_time":"2014-06-09T03:08:34+00:00","article_modified_time":"2014-06-09T03:09:23+00:00","og_image":[{"width":460,"height":340,"url":"https:\/\/www.notibras.com\/site\/wp-content\/uploads\/2014\/06\/chuvarionegroprjosielprestesvcreporter05.jpg","type":"image\/jpeg"}],"author":"Reda\u00e7\u00e3o","twitter_card":"summary_large_image","twitter_creator":"@Notibras","twitter_site":"@Notibras","twitter_misc":{"Escrito por":"Reda\u00e7\u00e3o","Est. tempo de leitura":"2 minutos"},"schema":{"@context":"https:\/\/schema.org","@graph":[{"@type":"Article","@id":"https:\/\/www.notibras.com\/site\/chuvas-torrenciais-matam-9-e-deixam-milhares-de-desabrigados-no-parana\/#article","isPartOf":{"@id":"https:\/\/www.notibras.com\/site\/chuvas-torrenciais-matam-9-e-deixam-milhares-de-desabrigados-no-parana\/"},"author":{"name":"Reda\u00e7\u00e3o","@id":"https:\/\/www.notibras.com\/site\/#\/schema\/person\/36ab0979449956132d3e5b517ea76ac8"},"headline":"Chuvas torrenciais matam 9 no Paran\u00e1 e deixam milhares de desabrigados","datePublished":"2014-06-09T03:08:34+00:00","dateModified":"2014-06-09T03:09:23+00:00","mainEntityOfPage":{"@id":"https:\/\/www.notibras.com\/site\/chuvas-torrenciais-matam-9-e-deixam-milhares-de-desabrigados-no-parana\/"},"wordCount":397,"commentCount":0,"publisher":{"@id":"https:\/\/www.notibras.com\/site\/#organization"},"image":{"@id":"https:\/\/www.notibras.com\/site\/chuvas-torrenciais-matam-9-e-deixam-milhares-de-desabrigados-no-parana\/#primaryimage"},"thumbnailUrl":"https:\/\/www.notibras.com\/site\/wp-content\/uploads\/2014\/06\/chuvarionegroprjosielprestesvcreporter05.jpg","articleSection":["Brasil"],"inLanguage":"pt-BR","potentialAction":[{"@type":"CommentAction","name":"Comment","target":["https:\/\/www.notibras.com\/site\/chuvas-torrenciais-matam-9-e-deixam-milhares-de-desabrigados-no-parana\/#respond"]}]},{"@type":"WebPage","@id":"https:\/\/www.notibras.com\/site\/chuvas-torrenciais-matam-9-e-deixam-milhares-de-desabrigados-no-parana\/","url":"https:\/\/www.notibras.com\/site\/chuvas-torrenciais-matam-9-e-deixam-milhares-de-desabrigados-no-parana\/","name":"Chuvas torrenciais matam 9 no Paran\u00e1 e deixam milhares de desabrigados - Notibras","isPartOf":{"@id":"https:\/\/www.notibras.com\/site\/#website"},"primaryImageOfPage":{"@id":"https:\/\/www.notibras.com\/site\/chuvas-torrenciais-matam-9-e-deixam-milhares-de-desabrigados-no-parana\/#primaryimage"},"image":{"@id":"https:\/\/www.notibras.com\/site\/chuvas-torrenciais-matam-9-e-deixam-milhares-de-desabrigados-no-parana\/#primaryimage"},"thumbnailUrl":"https:\/\/www.notibras.com\/site\/wp-content\/uploads\/2014\/06\/chuvarionegroprjosielprestesvcreporter05.jpg","datePublished":"2014-06-09T03:08:34+00:00","dateModified":"2014-06-09T03:09:23+00:00","breadcrumb":{"@id":"https:\/\/www.notibras.com\/site\/chuvas-torrenciais-matam-9-e-deixam-milhares-de-desabrigados-no-parana\/#breadcrumb"},"inLanguage":"pt-BR","potentialAction":[{"@type":"ReadAction","target":["https:\/\/www.notibras.com\/site\/chuvas-torrenciais-matam-9-e-deixam-milhares-de-desabrigados-no-parana\/"]}]},{"@type":"ImageObject","inLanguage":"pt-BR","@id":"https:\/\/www.notibras.com\/site\/chuvas-torrenciais-matam-9-e-deixam-milhares-de-desabrigados-no-parana\/#primaryimage","url":"https:\/\/www.notibras.com\/site\/wp-content\/uploads\/2014\/06\/chuvarionegroprjosielprestesvcreporter05.jpg","contentUrl":"https:\/\/www.notibras.com\/site\/wp-content\/uploads\/2014\/06\/chuvarionegroprjosielprestesvcreporter05.jpg","width":460,"height":340},{"@type":"BreadcrumbList","@id":"https:\/\/www.notibras.com\/site\/chuvas-torrenciais-matam-9-e-deixam-milhares-de-desabrigados-no-parana\/#breadcrumb","itemListElement":[{"@type":"ListItem","position":1,"name":"In\u00edcio","item":"https:\/\/www.notibras.com\/site\/"},{"@type":"ListItem","position":2,"name":"Chuvas torrenciais matam 9 no Paran\u00e1 e deixam milhares de desabrigados"}]},{"@type":"WebSite","@id":"https:\/\/www.notibras.com\/site\/#website","url":"https:\/\/www.notibras.com\/site\/","name":"Notibras","description":"Not\u00edcias de Bras\u00edlia, do Brasil e do Mundo","publisher":{"@id":"https:\/\/www.notibras.com\/site\/#organization"},"potentialAction":[{"@type":"SearchAction","target":{"@type":"EntryPoint","urlTemplate":"https:\/\/www.notibras.com\/site\/?s={search_term_string}"},"query-input":{"@type":"PropertyValueSpecification","valueRequired":true,"valueName":"search_term_string"}}],"inLanguage":"pt-BR"},{"@type":"Organization","@id":"https:\/\/www.notibras.com\/site\/#organization","name":"Grupo Notibras de Comunica\u00e7\u00e3o","url":"https:\/\/www.notibras.com\/site\/","logo":{"@type":"ImageObject","inLanguage":"pt-BR","@id":"https:\/\/www.notibras.com\/site\/#\/schema\/logo\/image\/","url":"https:\/\/www.notibras.com\/site\/wp-content\/uploads\/2023\/01\/notibras23.png","contentUrl":"https:\/\/www.notibras.com\/site\/wp-content\/uploads\/2023\/01\/notibras23.png","width":350,"height":87,"caption":"Grupo Notibras de Comunica\u00e7\u00e3o"},"image":{"@id":"https:\/\/www.notibras.com\/site\/#\/schema\/logo\/image\/"},"sameAs":["https:\/\/www.facebook.com\/notibras\/","https:\/\/x.com\/Notibras","https:\/\/www.instagram.com\/notibras\/"]},{"@type":"Person","@id":"https:\/\/www.notibras.com\/site\/#\/schema\/person\/36ab0979449956132d3e5b517ea76ac8","name":"Reda\u00e7\u00e3o","image":{"@type":"ImageObject","inLanguage":"pt-BR","@id":"https:\/\/secure.gravatar.com\/avatar\/e0a867bdedb85fd243eadf09663511f96fc81e0720a4a42581f334ad4303aa6b?s=96&d=mm&r=g","url":"https:\/\/secure.gravatar.com\/avatar\/e0a867bdedb85fd243eadf09663511f96fc81e0720a4a42581f334ad4303aa6b?s=96&d=mm&r=g","contentUrl":"https:\/\/secure.gravatar.com\/avatar\/e0a867bdedb85fd243eadf09663511f96fc81e0720a4a42581f334ad4303aa6b?s=96&d=mm&r=g","caption":"Reda\u00e7\u00e3o"}}]}},"amp_enabled":true,"_links":{"self":[{"href":"https:\/\/www.notibras.com\/site\/wp-json\/wp\/v2\/posts\/12782","targetHints":{"allow":["GET"]}}],"collection":[{"href":"https:\/\/www.notibras.com\/site\/wp-json\/wp\/v2\/posts"}],"about":[{"href":"https:\/\/www.notibras.com\/site\/wp-json\/wp\/v2\/types\/post"}],"author":[{"embeddable":true,"href":"https:\/\/www.notibras.com\/site\/wp-json\/wp\/v2\/users\/2"}],"replies":[{"embeddable":true,"href":"https:\/\/www.notibras.com\/site\/wp-json\/wp\/v2\/comments?post=12782"}],"version-history":[{"count":0,"href":"https:\/\/www.notibras.com\/site\/wp-json\/wp\/v2\/posts\/12782\/revisions"}],"wp:featuredmedia":[{"embeddable":true,"href":"https:\/\/www.notibras.com\/site\/wp-json\/wp\/v2\/media\/12783"}],"wp:attachment":[{"href":"https:\/\/www.notibras.com\/site\/wp-json\/wp\/v2\/media?parent=12782"}],"wp:term":[{"taxonomy":"category","embeddable":true,"href":"https:\/\/www.notibras.com\/site\/wp-json\/wp\/v2\/categories?post=12782"},{"taxonomy":"post_tag","embeddable":true,"href":"https:\/\/www.notibras.com\/site\/wp-json\/wp\/v2\/tags?post=12782"}],"curies":[{"name":"wp","href":"https:\/\/api.w.org\/{rel}","templated":true}]}}