{"id":127822,"date":"2017-02-05T16:50:45","date_gmt":"2017-02-05T18:50:45","guid":{"rendered":"http:\/\/www.notibras.com\/site\/?p=127822"},"modified":"2017-02-06T10:27:58","modified_gmt":"2017-02-06T12:27:58","slug":"somos-um-pais-fragil-se-maduro-quiser-invade","status":"publish","type":"post","link":"https:\/\/www.notibras.com\/site\/somos-um-pais-fragil-se-maduro-quiser-invade\/","title":{"rendered":"Somos um Pa\u00eds bem fr\u00e1gil; at\u00e9 Maduro, se quiser, invade"},"content":{"rendered":"<p><strong>Paulo Ricardo da Rocha Paiva<\/strong>, coronel de Infantaria<\/p>\n<p>Defesa anti acesso? As For\u00e7as Armadas teriam possibilidade de defender nosso territ\u00f3rio em um planeta cada vez mais carente de recursos naturais? \u00c9 not\u00f3rio que nesse mundo, cada vez mais carente de recursos naturais, entre eles a \u00e1gua, os pa\u00edses privilegiados nesse sentido tem que proporcionar \u00e0 sociedade seguran\u00e7a de que n\u00e3o seremos usurpados em futuro pr\u00f3ximo.<\/p>\n<p>Valho-me de dados contidos em estudos do General de Brigada R\/1 Luiz Eduardo Rocha Paiva, professor em\u00e9rito e ex-comandante da Escola de Comando e Estado-Maior do Ex\u00e9rcito, ardente defensor da \u201cestrat\u00e9gia de defesa antiacesso\u201d.<\/p>\n<p>Eis que a comunidade internacional, alarmada com a falta de previs\u00e3o e descaso com que o Pa\u00eds trata o problema de abastecimento d\u2019\u00e1gua (justo o Brasil, a parte do mundo melhor aquinhoada, com a maior quantidade em recursos h\u00eddricos), resolve se garantir de molde a que n\u00e3o falte o precioso l\u00edquido para o abastecimento do primeiro mundo, por absoluta incompet\u00eancia dos naturais daquele subcontinente.<\/p>\n<p>As potencias militares s\u00e3o instadas a solucionar este desafio \u00e0 estabilidade internacional, ao que se somam os pertinentes \u00e0s seguran\u00e7as energ\u00e9tica e ambiental, fato que cai como uma luva para o atendimento aos seus objetivos nacionais permanentes, qual seja o de manuten\u00e7\u00e3o do status de seu poder mundial.<\/p>\n<p>O Brasil, entretanto, surpreendentemente, ap\u00f3s tantos alertas dados pela \u201cintelligentzia\u201d (estudiosos militares da ativa, da reserva e, tamb\u00e9m, civis) nacional, partid\u00e1ria do princ\u00edpio de que \u201cdefesa n\u00e3o se improvisa\u201d, ainda que n\u00e3o dispondo de poder de dissuas\u00e3o nuclear, havia se debru\u00e7ado com grande profundidade no planejamento e preparo da \u00fanica estrat\u00e9gia capaz de, sem dispor a curto prazo de artefatos dom\u00e9sticos nucleares, se contrapor, com possiblidade de \u00eaxito, a uma amea\u00e7a deste n\u00edvel.<\/p>\n<p>A Estrat\u00e9gia Nacional de Defesa havia determinado a elabora\u00e7\u00e3o de projetos unificados de reequipamento e articula\u00e7\u00e3o. Em suma, um Projeto Conjunto de For\u00e7as tinha sido traduzido num Sistema \u00danico de Defesa Antiacesso.<\/p>\n<p>Esse sistema, interagindo com o Sistema Brasileiro de Intelig\u00eancia, composto por subsistemas integrados de vigil\u00e2ncia, havia sido estabelecido de forma a se dispor de: sat\u00e9lite brasileiro; defesa antia\u00e9rea; m\u00edsseis de longo alcance, com plataformas m\u00f3veis terrestres, navais e a\u00e9reas tripuladas e n\u00e3o tripuladas seria acionado, de forma a, s\u00f3 em \u00faltima inst\u00e2ncia, serem empregadas as for\u00e7as terrestres m\u00f3veis para engajar o inimigo que acessasse os limites nacionais.<\/p>\n<p><img loading=\"lazy\" decoding=\"async\" class=\"alignnone size-full wp-image-127829\" src=\"http:\/\/www.notibras.com\/site\/wp-content\/uploads\/2017\/02\/208503.jpg\" alt=\"208503\" width=\"1000\" height=\"541\" srcset=\"https:\/\/www.notibras.com\/site\/wp-content\/uploads\/2017\/02\/208503.jpg 1000w, https:\/\/www.notibras.com\/site\/wp-content\/uploads\/2017\/02\/208503-300x162.jpg 300w, https:\/\/www.notibras.com\/site\/wp-content\/uploads\/2017\/02\/208503-768x415.jpg 768w, https:\/\/www.notibras.com\/site\/wp-content\/uploads\/2017\/02\/208503-696x377.jpg 696w, https:\/\/www.notibras.com\/site\/wp-content\/uploads\/2017\/02\/208503-776x420.jpg 776w\" sizes=\"auto, (max-width: 1000px) 100vw, 1000px\" \/><\/p>\n<p>O inimigo desloca pelo Mar do Caribe uma armada de porte, onde n\u00e3o faltam porta-avi\u00f5es e submarinos nucleares, bem escoltados por fragatas e corvetas, uma grande parafern\u00e1lia de meios aeronavais no rumo da foz do Amazonas. Nosso prop\u00f3sito ser\u00e1 neutralizar ou desgastar esta pletora de armaria ainda longe do litoral.<\/p>\n<p>O Sistema de Defesa Anti Acesso seria posto \u00e0 prova numa situa\u00e7\u00e3o real, em cumprimento da miss\u00e3o constitucional mais importante das FFAA, qual seja a de defender a P\u00e1tria de inimigos externos. Hoje, agora, o estabelecimento deste sistema de grande potencial dissuas\u00f3rio est\u00e1 ainda apenas no est\u00e1gio das conjecturas! Por qu\u00ea?<\/p>\n<p>Sabe-se que o EB, em setembro de 2013, testou com \u00eaxito o MTC (m\u00edssil t\u00e1tico de cruzeiro) 300, com alcance de 300 Km. Tudo muito bonito, s\u00f3 que \u201cfica muito forte\u201d engolir este tipo de assertiva: -\u201cA arma est\u00e1 no limite Regime de Controle de Tecnologia de M\u00edsseis (o MTCR), do qual o Brasil \u00e9 signat\u00e1rio. O acordo restringe o raio de a\u00e7\u00e3o m\u00e1ximo a 300 Km e \u00e0s ogivas de 500 Kg (Brincadeira! Quem referendou este crime de lesa p\u00e1tria?).<\/p>\n<p>O MTC300 est\u00e1 dentro da dist\u00e2ncia fixada (Alerta! S\u00f3 se foi a fixada pelo inimigo que tem condi\u00e7\u00f5es de nos amea\u00e7ar, e que n\u00e3o s\u00e3o os \u201ccucarachos da Periferia do \u00d3\u201d) e atua com folga no peso.<\/p>\n<p>Brasileiros! Ou o Pa\u00eds se d\u00e1 ao respeito e denuncia estas morda\u00e7as humilhantes ou vamos continuar sendo olhados como \u201ca coisa nenhuma\u201dem termos militares.<\/p>\n<p>N\u00e3o podemos raciocinar em bater o oponente t\u00e3o somente quando ele estiver sulcando o mar de \u00e1gua doce gerado pelo Amazonas nas \u00e1guas do Caribe. Devemos, sim, castiga-lo t\u00e3o logo tenha largado ferros das bases na Fl\u00f3rida e do restolho insular colonial franco brit\u00e2nico. Por Deus! Quem n\u00e3o pensa assim j\u00e1 perdeu a guerra antes de entrar em combate.Ser\u00e1 que nossas vit\u00f3rias, a partir de agora, v\u00e3o ficar limitadas apenas \u00e0 ocupa\u00e7\u00e3o de favelas? Que l\u00e1stima!<\/p>\n<p>O que pensa o Ministro da Defesa? E o seu alto comando?<\/p>\n","protected":false},"excerpt":{"rendered":"<p>Paulo Ricardo da Rocha Paiva, coronel de Infantaria Defesa anti acesso? As For\u00e7as Armadas teriam possibilidade de defender nosso territ\u00f3rio em um planeta cada vez mais carente de recursos naturais? \u00c9 not\u00f3rio que nesse mundo, cada vez mais carente de recursos naturais, entre eles a \u00e1gua, os pa\u00edses privilegiados nesse sentido tem que proporcionar \u00e0 [&hellip;]<\/p>\n","protected":false},"author":2,"featured_media":127839,"comment_status":"open","ping_status":"closed","sticky":false,"template":"","format":"standard","meta":{"_acf_changed":false,"footnotes":""},"categories":[25],"tags":[],"class_list":["post-127822","post","type-post","status-publish","format-standard","has-post-thumbnail","hentry","category-opina-ai"],"acf":[],"yoast_head":"<!-- This site is optimized with the Yoast SEO plugin v27.5 - https:\/\/yoast.com\/product\/yoast-seo-wordpress\/ -->\n<title>Somos um Pa\u00eds bem fr\u00e1gil; at\u00e9 Maduro, se quiser, invade - Notibras<\/title>\n<meta name=\"robots\" content=\"index, follow, max-snippet:-1, max-image-preview:large, max-video-preview:-1\" \/>\n<link rel=\"canonical\" href=\"https:\/\/www.notibras.com\/site\/somos-um-pais-fragil-se-maduro-quiser-invade\/\" \/>\n<meta property=\"og:locale\" content=\"pt_BR\" \/>\n<meta property=\"og:type\" content=\"article\" \/>\n<meta property=\"og:title\" content=\"Somos um Pa\u00eds bem fr\u00e1gil; at\u00e9 Maduro, se quiser, invade - Notibras\" \/>\n<meta property=\"og:description\" content=\"Paulo Ricardo da Rocha Paiva, coronel de Infantaria Defesa anti acesso? As For\u00e7as Armadas teriam possibilidade de defender nosso territ\u00f3rio em um planeta cada vez mais carente de recursos naturais? \u00c9 not\u00f3rio que nesse mundo, cada vez mais carente de recursos naturais, entre eles a \u00e1gua, os pa\u00edses privilegiados nesse sentido tem que proporcionar \u00e0 [&hellip;]\" \/>\n<meta property=\"og:url\" content=\"https:\/\/www.notibras.com\/site\/somos-um-pais-fragil-se-maduro-quiser-invade\/\" \/>\n<meta property=\"og:site_name\" content=\"Notibras\" \/>\n<meta property=\"article:publisher\" content=\"https:\/\/www.facebook.com\/notibras\/\" \/>\n<meta property=\"article:published_time\" content=\"2017-02-05T18:50:45+00:00\" \/>\n<meta property=\"article:modified_time\" content=\"2017-02-06T12:27:58+00:00\" \/>\n<meta property=\"og:image\" content=\"https:\/\/www.notibras.com\/site\/wp-content\/uploads\/2017\/02\/Osorio-EE-T1.jpg\" \/>\n\t<meta property=\"og:image:width\" content=\"705\" \/>\n\t<meta property=\"og:image:height\" content=\"342\" \/>\n\t<meta property=\"og:image:type\" content=\"image\/jpeg\" \/>\n<meta name=\"author\" content=\"Reda\u00e7\u00e3o\" \/>\n<meta name=\"twitter:card\" content=\"summary_large_image\" \/>\n<meta name=\"twitter:creator\" content=\"@Notibras\" \/>\n<meta name=\"twitter:site\" content=\"@Notibras\" \/>\n<meta name=\"twitter:label1\" content=\"Escrito por\" \/>\n\t<meta name=\"twitter:data1\" content=\"Reda\u00e7\u00e3o\" \/>\n\t<meta name=\"twitter:label2\" content=\"Est. tempo de leitura\" \/>\n\t<meta name=\"twitter:data2\" content=\"4 minutos\" \/>\n<script type=\"application\/ld+json\" class=\"yoast-schema-graph\">{\"@context\":\"https:\\\/\\\/schema.org\",\"@graph\":[{\"@type\":\"Article\",\"@id\":\"https:\\\/\\\/www.notibras.com\\\/site\\\/somos-um-pais-fragil-se-maduro-quiser-invade\\\/#article\",\"isPartOf\":{\"@id\":\"https:\\\/\\\/www.notibras.com\\\/site\\\/somos-um-pais-fragil-se-maduro-quiser-invade\\\/\"},\"author\":{\"name\":\"Reda\u00e7\u00e3o\",\"@id\":\"https:\\\/\\\/www.notibras.com\\\/site\\\/#\\\/schema\\\/person\\\/36ab0979449956132d3e5b517ea76ac8\"},\"headline\":\"Somos um Pa\u00eds bem fr\u00e1gil; at\u00e9 Maduro, se quiser, invade\",\"datePublished\":\"2017-02-05T18:50:45+00:00\",\"dateModified\":\"2017-02-06T12:27:58+00:00\",\"mainEntityOfPage\":{\"@id\":\"https:\\\/\\\/www.notibras.com\\\/site\\\/somos-um-pais-fragil-se-maduro-quiser-invade\\\/\"},\"wordCount\":798,\"commentCount\":0,\"publisher\":{\"@id\":\"https:\\\/\\\/www.notibras.com\\\/site\\\/#organization\"},\"image\":{\"@id\":\"https:\\\/\\\/www.notibras.com\\\/site\\\/somos-um-pais-fragil-se-maduro-quiser-invade\\\/#primaryimage\"},\"thumbnailUrl\":\"https:\\\/\\\/www.notibras.com\\\/site\\\/wp-content\\\/uploads\\\/2017\\\/02\\\/Osorio-EE-T1.jpg\",\"articleSection\":[\"Opina a\u00ed\"],\"inLanguage\":\"pt-BR\",\"potentialAction\":[{\"@type\":\"CommentAction\",\"name\":\"Comment\",\"target\":[\"https:\\\/\\\/www.notibras.com\\\/site\\\/somos-um-pais-fragil-se-maduro-quiser-invade\\\/#respond\"]}]},{\"@type\":\"WebPage\",\"@id\":\"https:\\\/\\\/www.notibras.com\\\/site\\\/somos-um-pais-fragil-se-maduro-quiser-invade\\\/\",\"url\":\"https:\\\/\\\/www.notibras.com\\\/site\\\/somos-um-pais-fragil-se-maduro-quiser-invade\\\/\",\"name\":\"Somos um Pa\u00eds bem fr\u00e1gil; at\u00e9 Maduro, se quiser, invade - Notibras\",\"isPartOf\":{\"@id\":\"https:\\\/\\\/www.notibras.com\\\/site\\\/#website\"},\"primaryImageOfPage\":{\"@id\":\"https:\\\/\\\/www.notibras.com\\\/site\\\/somos-um-pais-fragil-se-maduro-quiser-invade\\\/#primaryimage\"},\"image\":{\"@id\":\"https:\\\/\\\/www.notibras.com\\\/site\\\/somos-um-pais-fragil-se-maduro-quiser-invade\\\/#primaryimage\"},\"thumbnailUrl\":\"https:\\\/\\\/www.notibras.com\\\/site\\\/wp-content\\\/uploads\\\/2017\\\/02\\\/Osorio-EE-T1.jpg\",\"datePublished\":\"2017-02-05T18:50:45+00:00\",\"dateModified\":\"2017-02-06T12:27:58+00:00\",\"breadcrumb\":{\"@id\":\"https:\\\/\\\/www.notibras.com\\\/site\\\/somos-um-pais-fragil-se-maduro-quiser-invade\\\/#breadcrumb\"},\"inLanguage\":\"pt-BR\",\"potentialAction\":[{\"@type\":\"ReadAction\",\"target\":[\"https:\\\/\\\/www.notibras.com\\\/site\\\/somos-um-pais-fragil-se-maduro-quiser-invade\\\/\"]}]},{\"@type\":\"ImageObject\",\"inLanguage\":\"pt-BR\",\"@id\":\"https:\\\/\\\/www.notibras.com\\\/site\\\/somos-um-pais-fragil-se-maduro-quiser-invade\\\/#primaryimage\",\"url\":\"https:\\\/\\\/www.notibras.com\\\/site\\\/wp-content\\\/uploads\\\/2017\\\/02\\\/Osorio-EE-T1.jpg\",\"contentUrl\":\"https:\\\/\\\/www.notibras.com\\\/site\\\/wp-content\\\/uploads\\\/2017\\\/02\\\/Osorio-EE-T1.jpg\",\"width\":705,\"height\":342},{\"@type\":\"BreadcrumbList\",\"@id\":\"https:\\\/\\\/www.notibras.com\\\/site\\\/somos-um-pais-fragil-se-maduro-quiser-invade\\\/#breadcrumb\",\"itemListElement\":[{\"@type\":\"ListItem\",\"position\":1,\"name\":\"In\u00edcio\",\"item\":\"https:\\\/\\\/www.notibras.com\\\/site\\\/\"},{\"@type\":\"ListItem\",\"position\":2,\"name\":\"Somos um Pa\u00eds bem fr\u00e1gil; at\u00e9 Maduro, se quiser, invade\"}]},{\"@type\":\"WebSite\",\"@id\":\"https:\\\/\\\/www.notibras.com\\\/site\\\/#website\",\"url\":\"https:\\\/\\\/www.notibras.com\\\/site\\\/\",\"name\":\"Notibras\",\"description\":\"Not\u00edcias de Bras\u00edlia, do Brasil e do Mundo\",\"publisher\":{\"@id\":\"https:\\\/\\\/www.notibras.com\\\/site\\\/#organization\"},\"potentialAction\":[{\"@type\":\"SearchAction\",\"target\":{\"@type\":\"EntryPoint\",\"urlTemplate\":\"https:\\\/\\\/www.notibras.com\\\/site\\\/?s={search_term_string}\"},\"query-input\":{\"@type\":\"PropertyValueSpecification\",\"valueRequired\":true,\"valueName\":\"search_term_string\"}}],\"inLanguage\":\"pt-BR\"},{\"@type\":\"Organization\",\"@id\":\"https:\\\/\\\/www.notibras.com\\\/site\\\/#organization\",\"name\":\"Grupo Notibras de Comunica\u00e7\u00e3o\",\"url\":\"https:\\\/\\\/www.notibras.com\\\/site\\\/\",\"logo\":{\"@type\":\"ImageObject\",\"inLanguage\":\"pt-BR\",\"@id\":\"https:\\\/\\\/www.notibras.com\\\/site\\\/#\\\/schema\\\/logo\\\/image\\\/\",\"url\":\"https:\\\/\\\/www.notibras.com\\\/site\\\/wp-content\\\/uploads\\\/2023\\\/01\\\/notibras23.png\",\"contentUrl\":\"https:\\\/\\\/www.notibras.com\\\/site\\\/wp-content\\\/uploads\\\/2023\\\/01\\\/notibras23.png\",\"width\":350,\"height\":87,\"caption\":\"Grupo Notibras de Comunica\u00e7\u00e3o\"},\"image\":{\"@id\":\"https:\\\/\\\/www.notibras.com\\\/site\\\/#\\\/schema\\\/logo\\\/image\\\/\"},\"sameAs\":[\"https:\\\/\\\/www.facebook.com\\\/notibras\\\/\",\"https:\\\/\\\/x.com\\\/Notibras\",\"https:\\\/\\\/www.instagram.com\\\/notibras\\\/\"]},{\"@type\":\"Person\",\"@id\":\"https:\\\/\\\/www.notibras.com\\\/site\\\/#\\\/schema\\\/person\\\/36ab0979449956132d3e5b517ea76ac8\",\"name\":\"Reda\u00e7\u00e3o\",\"image\":{\"@type\":\"ImageObject\",\"inLanguage\":\"pt-BR\",\"@id\":\"https:\\\/\\\/secure.gravatar.com\\\/avatar\\\/e0a867bdedb85fd243eadf09663511f96fc81e0720a4a42581f334ad4303aa6b?s=96&d=mm&r=g\",\"url\":\"https:\\\/\\\/secure.gravatar.com\\\/avatar\\\/e0a867bdedb85fd243eadf09663511f96fc81e0720a4a42581f334ad4303aa6b?s=96&d=mm&r=g\",\"contentUrl\":\"https:\\\/\\\/secure.gravatar.com\\\/avatar\\\/e0a867bdedb85fd243eadf09663511f96fc81e0720a4a42581f334ad4303aa6b?s=96&d=mm&r=g\",\"caption\":\"Reda\u00e7\u00e3o\"}}]}<\/script>\n<!-- \/ Yoast SEO plugin. -->","yoast_head_json":{"title":"Somos um Pa\u00eds bem fr\u00e1gil; at\u00e9 Maduro, se quiser, invade - Notibras","robots":{"index":"index","follow":"follow","max-snippet":"max-snippet:-1","max-image-preview":"max-image-preview:large","max-video-preview":"max-video-preview:-1"},"canonical":"https:\/\/www.notibras.com\/site\/somos-um-pais-fragil-se-maduro-quiser-invade\/","og_locale":"pt_BR","og_type":"article","og_title":"Somos um Pa\u00eds bem fr\u00e1gil; at\u00e9 Maduro, se quiser, invade - Notibras","og_description":"Paulo Ricardo da Rocha Paiva, coronel de Infantaria Defesa anti acesso? As For\u00e7as Armadas teriam possibilidade de defender nosso territ\u00f3rio em um planeta cada vez mais carente de recursos naturais? \u00c9 not\u00f3rio que nesse mundo, cada vez mais carente de recursos naturais, entre eles a \u00e1gua, os pa\u00edses privilegiados nesse sentido tem que proporcionar \u00e0 [&hellip;]","og_url":"https:\/\/www.notibras.com\/site\/somos-um-pais-fragil-se-maduro-quiser-invade\/","og_site_name":"Notibras","article_publisher":"https:\/\/www.facebook.com\/notibras\/","article_published_time":"2017-02-05T18:50:45+00:00","article_modified_time":"2017-02-06T12:27:58+00:00","og_image":[{"width":705,"height":342,"url":"https:\/\/www.notibras.com\/site\/wp-content\/uploads\/2017\/02\/Osorio-EE-T1.jpg","type":"image\/jpeg"}],"author":"Reda\u00e7\u00e3o","twitter_card":"summary_large_image","twitter_creator":"@Notibras","twitter_site":"@Notibras","twitter_misc":{"Escrito por":"Reda\u00e7\u00e3o","Est. tempo de leitura":"4 minutos"},"schema":{"@context":"https:\/\/schema.org","@graph":[{"@type":"Article","@id":"https:\/\/www.notibras.com\/site\/somos-um-pais-fragil-se-maduro-quiser-invade\/#article","isPartOf":{"@id":"https:\/\/www.notibras.com\/site\/somos-um-pais-fragil-se-maduro-quiser-invade\/"},"author":{"name":"Reda\u00e7\u00e3o","@id":"https:\/\/www.notibras.com\/site\/#\/schema\/person\/36ab0979449956132d3e5b517ea76ac8"},"headline":"Somos um Pa\u00eds bem fr\u00e1gil; at\u00e9 Maduro, se quiser, invade","datePublished":"2017-02-05T18:50:45+00:00","dateModified":"2017-02-06T12:27:58+00:00","mainEntityOfPage":{"@id":"https:\/\/www.notibras.com\/site\/somos-um-pais-fragil-se-maduro-quiser-invade\/"},"wordCount":798,"commentCount":0,"publisher":{"@id":"https:\/\/www.notibras.com\/site\/#organization"},"image":{"@id":"https:\/\/www.notibras.com\/site\/somos-um-pais-fragil-se-maduro-quiser-invade\/#primaryimage"},"thumbnailUrl":"https:\/\/www.notibras.com\/site\/wp-content\/uploads\/2017\/02\/Osorio-EE-T1.jpg","articleSection":["Opina a\u00ed"],"inLanguage":"pt-BR","potentialAction":[{"@type":"CommentAction","name":"Comment","target":["https:\/\/www.notibras.com\/site\/somos-um-pais-fragil-se-maduro-quiser-invade\/#respond"]}]},{"@type":"WebPage","@id":"https:\/\/www.notibras.com\/site\/somos-um-pais-fragil-se-maduro-quiser-invade\/","url":"https:\/\/www.notibras.com\/site\/somos-um-pais-fragil-se-maduro-quiser-invade\/","name":"Somos um Pa\u00eds bem fr\u00e1gil; at\u00e9 Maduro, se quiser, invade - Notibras","isPartOf":{"@id":"https:\/\/www.notibras.com\/site\/#website"},"primaryImageOfPage":{"@id":"https:\/\/www.notibras.com\/site\/somos-um-pais-fragil-se-maduro-quiser-invade\/#primaryimage"},"image":{"@id":"https:\/\/www.notibras.com\/site\/somos-um-pais-fragil-se-maduro-quiser-invade\/#primaryimage"},"thumbnailUrl":"https:\/\/www.notibras.com\/site\/wp-content\/uploads\/2017\/02\/Osorio-EE-T1.jpg","datePublished":"2017-02-05T18:50:45+00:00","dateModified":"2017-02-06T12:27:58+00:00","breadcrumb":{"@id":"https:\/\/www.notibras.com\/site\/somos-um-pais-fragil-se-maduro-quiser-invade\/#breadcrumb"},"inLanguage":"pt-BR","potentialAction":[{"@type":"ReadAction","target":["https:\/\/www.notibras.com\/site\/somos-um-pais-fragil-se-maduro-quiser-invade\/"]}]},{"@type":"ImageObject","inLanguage":"pt-BR","@id":"https:\/\/www.notibras.com\/site\/somos-um-pais-fragil-se-maduro-quiser-invade\/#primaryimage","url":"https:\/\/www.notibras.com\/site\/wp-content\/uploads\/2017\/02\/Osorio-EE-T1.jpg","contentUrl":"https:\/\/www.notibras.com\/site\/wp-content\/uploads\/2017\/02\/Osorio-EE-T1.jpg","width":705,"height":342},{"@type":"BreadcrumbList","@id":"https:\/\/www.notibras.com\/site\/somos-um-pais-fragil-se-maduro-quiser-invade\/#breadcrumb","itemListElement":[{"@type":"ListItem","position":1,"name":"In\u00edcio","item":"https:\/\/www.notibras.com\/site\/"},{"@type":"ListItem","position":2,"name":"Somos um Pa\u00eds bem fr\u00e1gil; at\u00e9 Maduro, se quiser, invade"}]},{"@type":"WebSite","@id":"https:\/\/www.notibras.com\/site\/#website","url":"https:\/\/www.notibras.com\/site\/","name":"Notibras","description":"Not\u00edcias de Bras\u00edlia, do Brasil e do Mundo","publisher":{"@id":"https:\/\/www.notibras.com\/site\/#organization"},"potentialAction":[{"@type":"SearchAction","target":{"@type":"EntryPoint","urlTemplate":"https:\/\/www.notibras.com\/site\/?s={search_term_string}"},"query-input":{"@type":"PropertyValueSpecification","valueRequired":true,"valueName":"search_term_string"}}],"inLanguage":"pt-BR"},{"@type":"Organization","@id":"https:\/\/www.notibras.com\/site\/#organization","name":"Grupo Notibras de Comunica\u00e7\u00e3o","url":"https:\/\/www.notibras.com\/site\/","logo":{"@type":"ImageObject","inLanguage":"pt-BR","@id":"https:\/\/www.notibras.com\/site\/#\/schema\/logo\/image\/","url":"https:\/\/www.notibras.com\/site\/wp-content\/uploads\/2023\/01\/notibras23.png","contentUrl":"https:\/\/www.notibras.com\/site\/wp-content\/uploads\/2023\/01\/notibras23.png","width":350,"height":87,"caption":"Grupo Notibras de Comunica\u00e7\u00e3o"},"image":{"@id":"https:\/\/www.notibras.com\/site\/#\/schema\/logo\/image\/"},"sameAs":["https:\/\/www.facebook.com\/notibras\/","https:\/\/x.com\/Notibras","https:\/\/www.instagram.com\/notibras\/"]},{"@type":"Person","@id":"https:\/\/www.notibras.com\/site\/#\/schema\/person\/36ab0979449956132d3e5b517ea76ac8","name":"Reda\u00e7\u00e3o","image":{"@type":"ImageObject","inLanguage":"pt-BR","@id":"https:\/\/secure.gravatar.com\/avatar\/e0a867bdedb85fd243eadf09663511f96fc81e0720a4a42581f334ad4303aa6b?s=96&d=mm&r=g","url":"https:\/\/secure.gravatar.com\/avatar\/e0a867bdedb85fd243eadf09663511f96fc81e0720a4a42581f334ad4303aa6b?s=96&d=mm&r=g","contentUrl":"https:\/\/secure.gravatar.com\/avatar\/e0a867bdedb85fd243eadf09663511f96fc81e0720a4a42581f334ad4303aa6b?s=96&d=mm&r=g","caption":"Reda\u00e7\u00e3o"}}]}},"amp_enabled":true,"_links":{"self":[{"href":"https:\/\/www.notibras.com\/site\/wp-json\/wp\/v2\/posts\/127822","targetHints":{"allow":["GET"]}}],"collection":[{"href":"https:\/\/www.notibras.com\/site\/wp-json\/wp\/v2\/posts"}],"about":[{"href":"https:\/\/www.notibras.com\/site\/wp-json\/wp\/v2\/types\/post"}],"author":[{"embeddable":true,"href":"https:\/\/www.notibras.com\/site\/wp-json\/wp\/v2\/users\/2"}],"replies":[{"embeddable":true,"href":"https:\/\/www.notibras.com\/site\/wp-json\/wp\/v2\/comments?post=127822"}],"version-history":[{"count":8,"href":"https:\/\/www.notibras.com\/site\/wp-json\/wp\/v2\/posts\/127822\/revisions"}],"predecessor-version":[{"id":127844,"href":"https:\/\/www.notibras.com\/site\/wp-json\/wp\/v2\/posts\/127822\/revisions\/127844"}],"wp:featuredmedia":[{"embeddable":true,"href":"https:\/\/www.notibras.com\/site\/wp-json\/wp\/v2\/media\/127839"}],"wp:attachment":[{"href":"https:\/\/www.notibras.com\/site\/wp-json\/wp\/v2\/media?parent=127822"}],"wp:term":[{"taxonomy":"category","embeddable":true,"href":"https:\/\/www.notibras.com\/site\/wp-json\/wp\/v2\/categories?post=127822"},{"taxonomy":"post_tag","embeddable":true,"href":"https:\/\/www.notibras.com\/site\/wp-json\/wp\/v2\/tags?post=127822"}],"curies":[{"name":"wp","href":"https:\/\/api.w.org\/{rel}","templated":true}]}}