{"id":127830,"date":"2017-02-05T10:00:33","date_gmt":"2017-02-05T12:00:33","guid":{"rendered":"http:\/\/www.notibras.com\/site\/?p=127830"},"modified":"2017-02-05T10:01:51","modified_gmt":"2017-02-05T12:01:51","slug":"responda-rapido-e-se-odebrecht-construisse-presidios","status":"publish","type":"post","link":"https:\/\/www.notibras.com\/site\/responda-rapido-e-se-odebrecht-construisse-presidios\/","title":{"rendered":"Responda r\u00e1pido. E se a Odebrecht constru\u00edsse cadeia?"},"content":{"rendered":"<p><strong>Percival Puggin<\/strong><\/p>\n<p>Meu primeiro local de trabalho, aos 18 anos, foi o ent\u00e3o modelar pres\u00eddio Central de Porto Alegre, inaugurado havia pouco tempo. De l\u00e1 para c\u00e1, por mais de meio s\u00e9culo, acompanhei, no notici\u00e1rio, sua degrada\u00e7\u00e3o. Um conjunto de fatores a impulsionou: desenfreado aumento da criminalidade, superpopula\u00e7\u00e3o carcer\u00e1ria, decomposi\u00e7\u00e3o f\u00edsica das instala\u00e7\u00f5es e escassez de recursos humanos e materiais.<\/p>\n<p>No final dos anos 90, conhecido militante de direitos humanos com foco nos direitos dos presos convidou-me para acompanh\u00e1-lo numa visita ao Central. J\u00e1 ent\u00e3o, antevendo o agravamento da inseguran\u00e7a que estava por vir, eu exigia, publicamente, maior rigor nas penas. E ele, pelo vi\u00e9s oposto, combatia o uso excessivo das senten\u00e7as de pris\u00e3o. Para convencer-me a aceitar sua sugest\u00e3o, meu interlocutor usou o seguinte argumento: &#8220;Puggina, n\u00e3o h\u00e1 como intuir o que seja uma semana naquele lugar. S\u00f3 indo l\u00e1 para compreender&#8221;.<\/p>\n<p>Declinei do convite porque, segundo lhe disse, para imaginar o inferno bastavam-me as imagens periodicamente disponibilizadas pela imprensa nacional. Na sequ\u00eancia, vali-me da sua argumenta\u00e7\u00e3o para dar mais vigor a meu ponto de vista. Disse-lhe: &#8220;Se aqueles que conhecem o inferno por dentro n\u00e3o se importam de assumir os riscos envolvidos nas atividades criminosas que os levam para l\u00e1, que motivo tenho eu, que j\u00e1 tive carros roubados e fui amea\u00e7ado por rev\u00f3lver, para me seduzir com qualquer compassivo projeto de esvaziamento das pris\u00f5es?&#8221;.<\/p>\n<p>Ainda que, sob todos os aspectos, nas duas d\u00e9cadas posteriores a esse di\u00e1logo, o inferno prisional tenha agravado suas afli\u00e7\u00f5es, mantenho a mesma opini\u00e3o. Os zeladores dos direitos dos presos, por sua vez, seguem clamando por desencarceramento. E a esquerda continua manipulando fatos e dados para prestidigitar o \u00f3bvio: bandido preso n\u00e3o est\u00e1 na rua estuprando, matando, roubando, traficando.<\/p>\n<p>Recente editorial de O Estado de S\u00e3o Paulo revela que os governos petistas, ao longo de 14 anos, dispuseram de R$ 5 bilh\u00f5es no or\u00e7amento da Uni\u00e3o como dota\u00e7\u00e3o para o Fundo Penitenci\u00e1rio. E, desse montante, os sensitivos protetores de bandidos n\u00e3o aplicaram sen\u00e3o 14%! Feitas as devidas exce\u00e7\u00f5es, n\u00e3o foi diferente a atitude dos nossos congressistas, desinteressados de cobrar a aplica\u00e7\u00e3o de tais verbas. Como se sabe, na maior parte, s\u00e3o esmerados zeladores das pr\u00f3prias moedas e da libera\u00e7\u00e3o de suas emendas parlamentares. E apenas delas.<\/p>\n<p>Em compensa\u00e7\u00e3o &#8211; para tudo h\u00e1 uma compensa\u00e7\u00e3o -, enquanto mandamos nossos condenados ao inferno do sistema carcer\u00e1rio, nossa lei n\u00ba 7210, que trata das execu\u00e7\u00f5es penais, \u00e9 coisa de deixar constrangidos su\u00ed\u00e7os e suecos. A lei atribui aos apenados brasileiros estupendas &#8220;garantias legais&#8221;: aten\u00e7\u00e3o \u00e0 sa\u00fade, assist\u00eancia material, jur\u00eddica, educacional, social e religiosa, extens\u00edveis aos egressos. E suas penas devem ser cumpridas em estabelecimentos dotados de instala\u00e7\u00f5es para trabalho, lazer, esportes, estudo e at\u00e9 mesmo est\u00e1gio para apenados que sejam estudantes universit\u00e1rios. E por a\u00ed vai. Uma lei para o para\u00edso, concebida no mundo da lua. Uma realidade para o inferno, gerada na des\u00eddia, corrup\u00e7\u00e3o e v\u00edcio. Ah, se a Odebrecht constru\u00edsse pres\u00eddios!<\/p>\n<p>&#8220;Nossa guerra n\u00e3o \u00e9 contra a sociedade!&#8221;, proclamou outro dia um encapuzado, em manifesto do PCC \u00e0 na\u00e7\u00e3o, postado no YouTube. Pergunto: como n\u00e3o, bro? De que peculiar de conflito fazem parte os milh\u00f5es que perdem suas vidas e seus bens para o crime organizado e desorganizado?<\/p>\n<p>N\u00e3o nego os direitos dos presos, mas n\u00e3o hesito em afirmar que quando se fala em direitos h\u00e1 ordenamentos impostos pela moral e pelo senso comum. E o bem da sociedade que vive segundo a lei precede o bem daqueles que optam por viver fora dela.<\/p>\n","protected":false},"excerpt":{"rendered":"<p>Percival Puggin Meu primeiro local de trabalho, aos 18 anos, foi o ent\u00e3o modelar pres\u00eddio Central de Porto Alegre, inaugurado havia pouco tempo. De l\u00e1 para c\u00e1, por mais de meio s\u00e9culo, acompanhei, no notici\u00e1rio, sua degrada\u00e7\u00e3o. Um conjunto de fatores a impulsionou: desenfreado aumento da criminalidade, superpopula\u00e7\u00e3o carcer\u00e1ria, decomposi\u00e7\u00e3o f\u00edsica das instala\u00e7\u00f5es e escassez [&hellip;]<\/p>\n","protected":false},"author":2,"featured_media":127831,"comment_status":"open","ping_status":"closed","sticky":false,"template":"","format":"standard","meta":{"_acf_changed":false,"footnotes":""},"categories":[25],"tags":[],"class_list":["post-127830","post","type-post","status-publish","format-standard","has-post-thumbnail","hentry","category-opina-ai"],"acf":[],"yoast_head":"<!-- This site is optimized with the Yoast SEO plugin v27.5 - https:\/\/yoast.com\/product\/yoast-seo-wordpress\/ -->\n<title>Responda r\u00e1pido. E se a Odebrecht constru\u00edsse cadeia? - Notibras<\/title>\n<meta name=\"robots\" content=\"index, follow, max-snippet:-1, max-image-preview:large, max-video-preview:-1\" \/>\n<link rel=\"canonical\" href=\"https:\/\/www.notibras.com\/site\/responda-rapido-e-se-odebrecht-construisse-presidios\/\" \/>\n<meta property=\"og:locale\" content=\"pt_BR\" \/>\n<meta property=\"og:type\" content=\"article\" \/>\n<meta property=\"og:title\" content=\"Responda r\u00e1pido. E se a Odebrecht constru\u00edsse cadeia? - Notibras\" \/>\n<meta property=\"og:description\" content=\"Percival Puggin Meu primeiro local de trabalho, aos 18 anos, foi o ent\u00e3o modelar pres\u00eddio Central de Porto Alegre, inaugurado havia pouco tempo. De l\u00e1 para c\u00e1, por mais de meio s\u00e9culo, acompanhei, no notici\u00e1rio, sua degrada\u00e7\u00e3o. Um conjunto de fatores a impulsionou: desenfreado aumento da criminalidade, superpopula\u00e7\u00e3o carcer\u00e1ria, decomposi\u00e7\u00e3o f\u00edsica das instala\u00e7\u00f5es e escassez [&hellip;]\" \/>\n<meta property=\"og:url\" content=\"https:\/\/www.notibras.com\/site\/responda-rapido-e-se-odebrecht-construisse-presidios\/\" \/>\n<meta property=\"og:site_name\" content=\"Notibras\" \/>\n<meta property=\"article:publisher\" content=\"https:\/\/www.facebook.com\/notibras\/\" \/>\n<meta property=\"article:published_time\" content=\"2017-02-05T12:00:33+00:00\" \/>\n<meta property=\"article:modified_time\" content=\"2017-02-05T12:01:51+00:00\" \/>\n<meta property=\"og:image\" content=\"https:\/\/www.notibras.com\/site\/wp-content\/uploads\/2017\/02\/corrup\u00e7\u00e3o-3.jpg\" \/>\n\t<meta property=\"og:image:width\" content=\"1280\" \/>\n\t<meta property=\"og:image:height\" content=\"652\" \/>\n\t<meta property=\"og:image:type\" content=\"image\/jpeg\" \/>\n<meta name=\"author\" content=\"Reda\u00e7\u00e3o\" \/>\n<meta name=\"twitter:card\" content=\"summary_large_image\" \/>\n<meta name=\"twitter:creator\" content=\"@Notibras\" \/>\n<meta name=\"twitter:site\" content=\"@Notibras\" \/>\n<meta name=\"twitter:label1\" content=\"Escrito por\" \/>\n\t<meta name=\"twitter:data1\" content=\"Reda\u00e7\u00e3o\" \/>\n\t<meta name=\"twitter:label2\" content=\"Est. tempo de leitura\" \/>\n\t<meta name=\"twitter:data2\" content=\"3 minutos\" \/>\n<script type=\"application\/ld+json\" class=\"yoast-schema-graph\">{\"@context\":\"https:\\\/\\\/schema.org\",\"@graph\":[{\"@type\":\"Article\",\"@id\":\"https:\\\/\\\/www.notibras.com\\\/site\\\/responda-rapido-e-se-odebrecht-construisse-presidios\\\/#article\",\"isPartOf\":{\"@id\":\"https:\\\/\\\/www.notibras.com\\\/site\\\/responda-rapido-e-se-odebrecht-construisse-presidios\\\/\"},\"author\":{\"name\":\"Reda\u00e7\u00e3o\",\"@id\":\"https:\\\/\\\/www.notibras.com\\\/site\\\/#\\\/schema\\\/person\\\/36ab0979449956132d3e5b517ea76ac8\"},\"headline\":\"Responda r\u00e1pido. E se a Odebrecht constru\u00edsse cadeia?\",\"datePublished\":\"2017-02-05T12:00:33+00:00\",\"dateModified\":\"2017-02-05T12:01:51+00:00\",\"mainEntityOfPage\":{\"@id\":\"https:\\\/\\\/www.notibras.com\\\/site\\\/responda-rapido-e-se-odebrecht-construisse-presidios\\\/\"},\"wordCount\":648,\"commentCount\":0,\"publisher\":{\"@id\":\"https:\\\/\\\/www.notibras.com\\\/site\\\/#organization\"},\"image\":{\"@id\":\"https:\\\/\\\/www.notibras.com\\\/site\\\/responda-rapido-e-se-odebrecht-construisse-presidios\\\/#primaryimage\"},\"thumbnailUrl\":\"https:\\\/\\\/www.notibras.com\\\/site\\\/wp-content\\\/uploads\\\/2017\\\/02\\\/corrup\u00e7\u00e3o-3.jpg\",\"articleSection\":[\"Opina a\u00ed\"],\"inLanguage\":\"pt-BR\",\"potentialAction\":[{\"@type\":\"CommentAction\",\"name\":\"Comment\",\"target\":[\"https:\\\/\\\/www.notibras.com\\\/site\\\/responda-rapido-e-se-odebrecht-construisse-presidios\\\/#respond\"]}]},{\"@type\":\"WebPage\",\"@id\":\"https:\\\/\\\/www.notibras.com\\\/site\\\/responda-rapido-e-se-odebrecht-construisse-presidios\\\/\",\"url\":\"https:\\\/\\\/www.notibras.com\\\/site\\\/responda-rapido-e-se-odebrecht-construisse-presidios\\\/\",\"name\":\"Responda r\u00e1pido. E se a Odebrecht constru\u00edsse cadeia? - Notibras\",\"isPartOf\":{\"@id\":\"https:\\\/\\\/www.notibras.com\\\/site\\\/#website\"},\"primaryImageOfPage\":{\"@id\":\"https:\\\/\\\/www.notibras.com\\\/site\\\/responda-rapido-e-se-odebrecht-construisse-presidios\\\/#primaryimage\"},\"image\":{\"@id\":\"https:\\\/\\\/www.notibras.com\\\/site\\\/responda-rapido-e-se-odebrecht-construisse-presidios\\\/#primaryimage\"},\"thumbnailUrl\":\"https:\\\/\\\/www.notibras.com\\\/site\\\/wp-content\\\/uploads\\\/2017\\\/02\\\/corrup\u00e7\u00e3o-3.jpg\",\"datePublished\":\"2017-02-05T12:00:33+00:00\",\"dateModified\":\"2017-02-05T12:01:51+00:00\",\"breadcrumb\":{\"@id\":\"https:\\\/\\\/www.notibras.com\\\/site\\\/responda-rapido-e-se-odebrecht-construisse-presidios\\\/#breadcrumb\"},\"inLanguage\":\"pt-BR\",\"potentialAction\":[{\"@type\":\"ReadAction\",\"target\":[\"https:\\\/\\\/www.notibras.com\\\/site\\\/responda-rapido-e-se-odebrecht-construisse-presidios\\\/\"]}]},{\"@type\":\"ImageObject\",\"inLanguage\":\"pt-BR\",\"@id\":\"https:\\\/\\\/www.notibras.com\\\/site\\\/responda-rapido-e-se-odebrecht-construisse-presidios\\\/#primaryimage\",\"url\":\"https:\\\/\\\/www.notibras.com\\\/site\\\/wp-content\\\/uploads\\\/2017\\\/02\\\/corrup\u00e7\u00e3o-3.jpg\",\"contentUrl\":\"https:\\\/\\\/www.notibras.com\\\/site\\\/wp-content\\\/uploads\\\/2017\\\/02\\\/corrup\u00e7\u00e3o-3.jpg\",\"width\":1280,\"height\":652},{\"@type\":\"BreadcrumbList\",\"@id\":\"https:\\\/\\\/www.notibras.com\\\/site\\\/responda-rapido-e-se-odebrecht-construisse-presidios\\\/#breadcrumb\",\"itemListElement\":[{\"@type\":\"ListItem\",\"position\":1,\"name\":\"In\u00edcio\",\"item\":\"https:\\\/\\\/www.notibras.com\\\/site\\\/\"},{\"@type\":\"ListItem\",\"position\":2,\"name\":\"Responda r\u00e1pido. E se a Odebrecht constru\u00edsse cadeia?\"}]},{\"@type\":\"WebSite\",\"@id\":\"https:\\\/\\\/www.notibras.com\\\/site\\\/#website\",\"url\":\"https:\\\/\\\/www.notibras.com\\\/site\\\/\",\"name\":\"Notibras\",\"description\":\"Not\u00edcias de Bras\u00edlia, do Brasil e do Mundo\",\"publisher\":{\"@id\":\"https:\\\/\\\/www.notibras.com\\\/site\\\/#organization\"},\"potentialAction\":[{\"@type\":\"SearchAction\",\"target\":{\"@type\":\"EntryPoint\",\"urlTemplate\":\"https:\\\/\\\/www.notibras.com\\\/site\\\/?s={search_term_string}\"},\"query-input\":{\"@type\":\"PropertyValueSpecification\",\"valueRequired\":true,\"valueName\":\"search_term_string\"}}],\"inLanguage\":\"pt-BR\"},{\"@type\":\"Organization\",\"@id\":\"https:\\\/\\\/www.notibras.com\\\/site\\\/#organization\",\"name\":\"Grupo Notibras de Comunica\u00e7\u00e3o\",\"url\":\"https:\\\/\\\/www.notibras.com\\\/site\\\/\",\"logo\":{\"@type\":\"ImageObject\",\"inLanguage\":\"pt-BR\",\"@id\":\"https:\\\/\\\/www.notibras.com\\\/site\\\/#\\\/schema\\\/logo\\\/image\\\/\",\"url\":\"https:\\\/\\\/www.notibras.com\\\/site\\\/wp-content\\\/uploads\\\/2023\\\/01\\\/notibras23.png\",\"contentUrl\":\"https:\\\/\\\/www.notibras.com\\\/site\\\/wp-content\\\/uploads\\\/2023\\\/01\\\/notibras23.png\",\"width\":350,\"height\":87,\"caption\":\"Grupo Notibras de Comunica\u00e7\u00e3o\"},\"image\":{\"@id\":\"https:\\\/\\\/www.notibras.com\\\/site\\\/#\\\/schema\\\/logo\\\/image\\\/\"},\"sameAs\":[\"https:\\\/\\\/www.facebook.com\\\/notibras\\\/\",\"https:\\\/\\\/x.com\\\/Notibras\",\"https:\\\/\\\/www.instagram.com\\\/notibras\\\/\"]},{\"@type\":\"Person\",\"@id\":\"https:\\\/\\\/www.notibras.com\\\/site\\\/#\\\/schema\\\/person\\\/36ab0979449956132d3e5b517ea76ac8\",\"name\":\"Reda\u00e7\u00e3o\",\"image\":{\"@type\":\"ImageObject\",\"inLanguage\":\"pt-BR\",\"@id\":\"https:\\\/\\\/secure.gravatar.com\\\/avatar\\\/e0a867bdedb85fd243eadf09663511f96fc81e0720a4a42581f334ad4303aa6b?s=96&d=mm&r=g\",\"url\":\"https:\\\/\\\/secure.gravatar.com\\\/avatar\\\/e0a867bdedb85fd243eadf09663511f96fc81e0720a4a42581f334ad4303aa6b?s=96&d=mm&r=g\",\"contentUrl\":\"https:\\\/\\\/secure.gravatar.com\\\/avatar\\\/e0a867bdedb85fd243eadf09663511f96fc81e0720a4a42581f334ad4303aa6b?s=96&d=mm&r=g\",\"caption\":\"Reda\u00e7\u00e3o\"}}]}<\/script>\n<!-- \/ Yoast SEO plugin. -->","yoast_head_json":{"title":"Responda r\u00e1pido. E se a Odebrecht constru\u00edsse cadeia? - Notibras","robots":{"index":"index","follow":"follow","max-snippet":"max-snippet:-1","max-image-preview":"max-image-preview:large","max-video-preview":"max-video-preview:-1"},"canonical":"https:\/\/www.notibras.com\/site\/responda-rapido-e-se-odebrecht-construisse-presidios\/","og_locale":"pt_BR","og_type":"article","og_title":"Responda r\u00e1pido. E se a Odebrecht constru\u00edsse cadeia? - Notibras","og_description":"Percival Puggin Meu primeiro local de trabalho, aos 18 anos, foi o ent\u00e3o modelar pres\u00eddio Central de Porto Alegre, inaugurado havia pouco tempo. De l\u00e1 para c\u00e1, por mais de meio s\u00e9culo, acompanhei, no notici\u00e1rio, sua degrada\u00e7\u00e3o. Um conjunto de fatores a impulsionou: desenfreado aumento da criminalidade, superpopula\u00e7\u00e3o carcer\u00e1ria, decomposi\u00e7\u00e3o f\u00edsica das instala\u00e7\u00f5es e escassez [&hellip;]","og_url":"https:\/\/www.notibras.com\/site\/responda-rapido-e-se-odebrecht-construisse-presidios\/","og_site_name":"Notibras","article_publisher":"https:\/\/www.facebook.com\/notibras\/","article_published_time":"2017-02-05T12:00:33+00:00","article_modified_time":"2017-02-05T12:01:51+00:00","og_image":[{"width":1280,"height":652,"url":"https:\/\/www.notibras.com\/site\/wp-content\/uploads\/2017\/02\/corrup\u00e7\u00e3o-3.jpg","type":"image\/jpeg"}],"author":"Reda\u00e7\u00e3o","twitter_card":"summary_large_image","twitter_creator":"@Notibras","twitter_site":"@Notibras","twitter_misc":{"Escrito por":"Reda\u00e7\u00e3o","Est. tempo de leitura":"3 minutos"},"schema":{"@context":"https:\/\/schema.org","@graph":[{"@type":"Article","@id":"https:\/\/www.notibras.com\/site\/responda-rapido-e-se-odebrecht-construisse-presidios\/#article","isPartOf":{"@id":"https:\/\/www.notibras.com\/site\/responda-rapido-e-se-odebrecht-construisse-presidios\/"},"author":{"name":"Reda\u00e7\u00e3o","@id":"https:\/\/www.notibras.com\/site\/#\/schema\/person\/36ab0979449956132d3e5b517ea76ac8"},"headline":"Responda r\u00e1pido. E se a Odebrecht constru\u00edsse cadeia?","datePublished":"2017-02-05T12:00:33+00:00","dateModified":"2017-02-05T12:01:51+00:00","mainEntityOfPage":{"@id":"https:\/\/www.notibras.com\/site\/responda-rapido-e-se-odebrecht-construisse-presidios\/"},"wordCount":648,"commentCount":0,"publisher":{"@id":"https:\/\/www.notibras.com\/site\/#organization"},"image":{"@id":"https:\/\/www.notibras.com\/site\/responda-rapido-e-se-odebrecht-construisse-presidios\/#primaryimage"},"thumbnailUrl":"https:\/\/www.notibras.com\/site\/wp-content\/uploads\/2017\/02\/corrup\u00e7\u00e3o-3.jpg","articleSection":["Opina a\u00ed"],"inLanguage":"pt-BR","potentialAction":[{"@type":"CommentAction","name":"Comment","target":["https:\/\/www.notibras.com\/site\/responda-rapido-e-se-odebrecht-construisse-presidios\/#respond"]}]},{"@type":"WebPage","@id":"https:\/\/www.notibras.com\/site\/responda-rapido-e-se-odebrecht-construisse-presidios\/","url":"https:\/\/www.notibras.com\/site\/responda-rapido-e-se-odebrecht-construisse-presidios\/","name":"Responda r\u00e1pido. E se a Odebrecht constru\u00edsse cadeia? - Notibras","isPartOf":{"@id":"https:\/\/www.notibras.com\/site\/#website"},"primaryImageOfPage":{"@id":"https:\/\/www.notibras.com\/site\/responda-rapido-e-se-odebrecht-construisse-presidios\/#primaryimage"},"image":{"@id":"https:\/\/www.notibras.com\/site\/responda-rapido-e-se-odebrecht-construisse-presidios\/#primaryimage"},"thumbnailUrl":"https:\/\/www.notibras.com\/site\/wp-content\/uploads\/2017\/02\/corrup\u00e7\u00e3o-3.jpg","datePublished":"2017-02-05T12:00:33+00:00","dateModified":"2017-02-05T12:01:51+00:00","breadcrumb":{"@id":"https:\/\/www.notibras.com\/site\/responda-rapido-e-se-odebrecht-construisse-presidios\/#breadcrumb"},"inLanguage":"pt-BR","potentialAction":[{"@type":"ReadAction","target":["https:\/\/www.notibras.com\/site\/responda-rapido-e-se-odebrecht-construisse-presidios\/"]}]},{"@type":"ImageObject","inLanguage":"pt-BR","@id":"https:\/\/www.notibras.com\/site\/responda-rapido-e-se-odebrecht-construisse-presidios\/#primaryimage","url":"https:\/\/www.notibras.com\/site\/wp-content\/uploads\/2017\/02\/corrup\u00e7\u00e3o-3.jpg","contentUrl":"https:\/\/www.notibras.com\/site\/wp-content\/uploads\/2017\/02\/corrup\u00e7\u00e3o-3.jpg","width":1280,"height":652},{"@type":"BreadcrumbList","@id":"https:\/\/www.notibras.com\/site\/responda-rapido-e-se-odebrecht-construisse-presidios\/#breadcrumb","itemListElement":[{"@type":"ListItem","position":1,"name":"In\u00edcio","item":"https:\/\/www.notibras.com\/site\/"},{"@type":"ListItem","position":2,"name":"Responda r\u00e1pido. E se a Odebrecht constru\u00edsse cadeia?"}]},{"@type":"WebSite","@id":"https:\/\/www.notibras.com\/site\/#website","url":"https:\/\/www.notibras.com\/site\/","name":"Notibras","description":"Not\u00edcias de Bras\u00edlia, do Brasil e do Mundo","publisher":{"@id":"https:\/\/www.notibras.com\/site\/#organization"},"potentialAction":[{"@type":"SearchAction","target":{"@type":"EntryPoint","urlTemplate":"https:\/\/www.notibras.com\/site\/?s={search_term_string}"},"query-input":{"@type":"PropertyValueSpecification","valueRequired":true,"valueName":"search_term_string"}}],"inLanguage":"pt-BR"},{"@type":"Organization","@id":"https:\/\/www.notibras.com\/site\/#organization","name":"Grupo Notibras de Comunica\u00e7\u00e3o","url":"https:\/\/www.notibras.com\/site\/","logo":{"@type":"ImageObject","inLanguage":"pt-BR","@id":"https:\/\/www.notibras.com\/site\/#\/schema\/logo\/image\/","url":"https:\/\/www.notibras.com\/site\/wp-content\/uploads\/2023\/01\/notibras23.png","contentUrl":"https:\/\/www.notibras.com\/site\/wp-content\/uploads\/2023\/01\/notibras23.png","width":350,"height":87,"caption":"Grupo Notibras de Comunica\u00e7\u00e3o"},"image":{"@id":"https:\/\/www.notibras.com\/site\/#\/schema\/logo\/image\/"},"sameAs":["https:\/\/www.facebook.com\/notibras\/","https:\/\/x.com\/Notibras","https:\/\/www.instagram.com\/notibras\/"]},{"@type":"Person","@id":"https:\/\/www.notibras.com\/site\/#\/schema\/person\/36ab0979449956132d3e5b517ea76ac8","name":"Reda\u00e7\u00e3o","image":{"@type":"ImageObject","inLanguage":"pt-BR","@id":"https:\/\/secure.gravatar.com\/avatar\/e0a867bdedb85fd243eadf09663511f96fc81e0720a4a42581f334ad4303aa6b?s=96&d=mm&r=g","url":"https:\/\/secure.gravatar.com\/avatar\/e0a867bdedb85fd243eadf09663511f96fc81e0720a4a42581f334ad4303aa6b?s=96&d=mm&r=g","contentUrl":"https:\/\/secure.gravatar.com\/avatar\/e0a867bdedb85fd243eadf09663511f96fc81e0720a4a42581f334ad4303aa6b?s=96&d=mm&r=g","caption":"Reda\u00e7\u00e3o"}}]}},"amp_enabled":true,"_links":{"self":[{"href":"https:\/\/www.notibras.com\/site\/wp-json\/wp\/v2\/posts\/127830","targetHints":{"allow":["GET"]}}],"collection":[{"href":"https:\/\/www.notibras.com\/site\/wp-json\/wp\/v2\/posts"}],"about":[{"href":"https:\/\/www.notibras.com\/site\/wp-json\/wp\/v2\/types\/post"}],"author":[{"embeddable":true,"href":"https:\/\/www.notibras.com\/site\/wp-json\/wp\/v2\/users\/2"}],"replies":[{"embeddable":true,"href":"https:\/\/www.notibras.com\/site\/wp-json\/wp\/v2\/comments?post=127830"}],"version-history":[{"count":3,"href":"https:\/\/www.notibras.com\/site\/wp-json\/wp\/v2\/posts\/127830\/revisions"}],"predecessor-version":[{"id":127834,"href":"https:\/\/www.notibras.com\/site\/wp-json\/wp\/v2\/posts\/127830\/revisions\/127834"}],"wp:featuredmedia":[{"embeddable":true,"href":"https:\/\/www.notibras.com\/site\/wp-json\/wp\/v2\/media\/127831"}],"wp:attachment":[{"href":"https:\/\/www.notibras.com\/site\/wp-json\/wp\/v2\/media?parent=127830"}],"wp:term":[{"taxonomy":"category","embeddable":true,"href":"https:\/\/www.notibras.com\/site\/wp-json\/wp\/v2\/categories?post=127830"},{"taxonomy":"post_tag","embeddable":true,"href":"https:\/\/www.notibras.com\/site\/wp-json\/wp\/v2\/tags?post=127830"}],"curies":[{"name":"wp","href":"https:\/\/api.w.org\/{rel}","templated":true}]}}