{"id":12787,"date":"2014-06-09T00:01:03","date_gmt":"2014-06-09T03:01:03","guid":{"rendered":"http:\/\/www.notibras.com\/site\/?p=12787"},"modified":"2014-06-09T00:19:50","modified_gmt":"2014-06-09T03:19:50","slug":"em-santa-catarina-desalojados-passam-dos-16-mil","status":"publish","type":"post","link":"https:\/\/www.notibras.com\/site\/em-santa-catarina-desalojados-passam-dos-16-mil\/","title":{"rendered":"Santa Catarina j\u00e1 conta 16 mil desalojados; rios transbordam"},"content":{"rendered":"<p class=\"text\">As chuvas que castigam Santa Catarina neste final de semana j\u00e1 deixaram 16 mil pessoas desalojadas em 22 munic\u00edpios atingidos. Os n\u00fameros fazem parte do levantamento divulgado pela Defesa Civil do Estado por volta das 21h deste domingo. A cidade que registrou maior volume de chuva foi Corup\u00e1, no norte: 350 mil\u00edmetros.<\/p>\n<p class=\"text\">\u201cFoi uma enchente pequena e r\u00e1pida\u201d, disse o governador Raimundo Colombo durante coletiva neste domingo.\u00a0O secret\u00e1rio de Estado da Defesa Civil, Rodrigo Moratell, destacou que somente ap\u00f3s as \u00e1guas baixarem ser\u00e1 poss\u00edvel finalizar o\u00a0levantamento sobre os danos na regi\u00e3o norte de Santa Catarina.<\/p>\n<p class=\"text\">A prefeitura municipal de Blumenau (SC) informou na noite deste domingo que o n\u00edvel do rio Itaja\u00ed A\u00e7\u00fa pode atingir 10 metros acima do n\u00edvel durante a madrugada de segunda-feira. Atingindo esse n\u00edvel, 80 ruas pode ser alagadas em v\u00e1rios bairros da cidade.<\/p>\n<blockquote>\n<p class=\"text\">A previs\u00e3o, divulgada pelo Sistema de Monitoramento e Alerta de Eventos Extremos de Blumenau, mostrou que o n\u00edvel do rio chegou aos 9,26 metros \u00e0s 22h deste domingo, o que representou eleva\u00e7\u00e3o de 28 cent\u00edmetros em rela\u00e7\u00e3o \u00e0 medi\u00e7\u00e3o anterior.<\/p>\n<\/blockquote>\n<p class=\"text\">Segundo o \u00f3rg\u00e3o, o rio pode chegar aos 10 metros na madrugada, mas como as chuvas deram uma tr\u00e9gua na regi\u00e3o, a perspectiva \u00e9 a de que a situa\u00e7\u00e3o se estabilize na segunda. A rua 1\u00ba de Janeiro \u00e9 a primeira a registrar alagamentos em Blumenau, quando o rio atinge a marca de 7,65 metros.<\/p>\n<p class=\"text\">O prefeito Napole\u00e3o Bernardes fez uma reuni\u00e3o de emerg\u00eancia com o Grupo de Resposta e A\u00e7\u00f5es Coordenadas (GRAC) para avaliar a situa\u00e7\u00e3o. Ficou decidido que escolas e creches n\u00e3o funcionar\u00e3o durante a manh\u00e3.<\/p>\n<p class=\"text\">O diretor da Defesa Civil Telmo Duarte informou que foram registradas 16 ocorr\u00eancias de deslizamentos de terra durante o final de semana. Nove abrigos permanecem ativados na cidade.<\/p>\n","protected":false},"excerpt":{"rendered":"<p>As chuvas que castigam Santa Catarina neste final de semana j\u00e1 deixaram 16 mil pessoas desalojadas em 22 munic\u00edpios atingidos. Os n\u00fameros fazem parte do levantamento divulgado pela Defesa Civil do Estado por volta das 21h deste domingo. A cidade que registrou maior volume de chuva foi Corup\u00e1, no norte: 350 mil\u00edmetros. \u201cFoi uma enchente [&hellip;]<\/p>\n","protected":false},"author":2,"featured_media":12788,"comment_status":"open","ping_status":"closed","sticky":false,"template":"","format":"standard","meta":{"_acf_changed":false,"footnotes":""},"categories":[16],"tags":[],"class_list":["post-12787","post","type-post","status-publish","format-standard","has-post-thumbnail","hentry","category-brasil"],"acf":[],"yoast_head":"<!-- This site is optimized with the Yoast SEO plugin v27.2 - https:\/\/yoast.com\/product\/yoast-seo-wordpress\/ -->\n<title>Santa Catarina j\u00e1 conta 16 mil desalojados; rios transbordam - Notibras<\/title>\n<meta name=\"robots\" content=\"index, follow, max-snippet:-1, max-image-preview:large, max-video-preview:-1\" \/>\n<link rel=\"canonical\" href=\"https:\/\/www.notibras.com\/site\/em-santa-catarina-desalojados-passam-dos-16-mil\/\" \/>\n<meta property=\"og:locale\" content=\"pt_BR\" \/>\n<meta property=\"og:type\" content=\"article\" \/>\n<meta property=\"og:title\" content=\"Santa Catarina j\u00e1 conta 16 mil desalojados; rios transbordam - Notibras\" \/>\n<meta property=\"og:description\" content=\"As chuvas que castigam Santa Catarina neste final de semana j\u00e1 deixaram 16 mil pessoas desalojadas em 22 munic\u00edpios atingidos. Os n\u00fameros fazem parte do levantamento divulgado pela Defesa Civil do Estado por volta das 21h deste domingo. A cidade que registrou maior volume de chuva foi Corup\u00e1, no norte: 350 mil\u00edmetros. \u201cFoi uma enchente [&hellip;]\" \/>\n<meta property=\"og:url\" content=\"https:\/\/www.notibras.com\/site\/em-santa-catarina-desalojados-passam-dos-16-mil\/\" \/>\n<meta property=\"og:site_name\" content=\"Notibras\" \/>\n<meta property=\"article:publisher\" content=\"https:\/\/www.facebook.com\/notibras\/\" \/>\n<meta property=\"article:published_time\" content=\"2014-06-09T03:01:03+00:00\" \/>\n<meta property=\"article:modified_time\" content=\"2014-06-09T03:19:50+00:00\" \/>\n<meta property=\"og:image\" content=\"https:\/\/www.notibras.com\/site\/wp-content\/uploads\/2014\/06\/fotos-governo-sc-divulgacao.jpeg\" \/>\n\t<meta property=\"og:image:width\" content=\"460\" \/>\n\t<meta property=\"og:image:height\" content=\"340\" \/>\n\t<meta property=\"og:image:type\" content=\"image\/jpeg\" \/>\n<meta name=\"author\" content=\"Reda\u00e7\u00e3o\" \/>\n<meta name=\"twitter:card\" content=\"summary_large_image\" \/>\n<meta name=\"twitter:creator\" content=\"@Notibras\" \/>\n<meta name=\"twitter:site\" content=\"@Notibras\" \/>\n<meta name=\"twitter:label1\" content=\"Escrito por\" \/>\n\t<meta name=\"twitter:data1\" content=\"Reda\u00e7\u00e3o\" \/>\n\t<meta name=\"twitter:label2\" content=\"Est. tempo de leitura\" \/>\n\t<meta name=\"twitter:data2\" content=\"2 minutos\" \/>\n<script type=\"application\/ld+json\" class=\"yoast-schema-graph\">{\"@context\":\"https:\/\/schema.org\",\"@graph\":[{\"@type\":\"Article\",\"@id\":\"https:\/\/www.notibras.com\/site\/em-santa-catarina-desalojados-passam-dos-16-mil\/#article\",\"isPartOf\":{\"@id\":\"https:\/\/www.notibras.com\/site\/em-santa-catarina-desalojados-passam-dos-16-mil\/\"},\"author\":{\"name\":\"Reda\u00e7\u00e3o\",\"@id\":\"https:\/\/www.notibras.com\/site\/#\/schema\/person\/36ab0979449956132d3e5b517ea76ac8\"},\"headline\":\"Santa Catarina j\u00e1 conta 16 mil desalojados; rios transbordam\",\"datePublished\":\"2014-06-09T03:01:03+00:00\",\"dateModified\":\"2014-06-09T03:19:50+00:00\",\"mainEntityOfPage\":{\"@id\":\"https:\/\/www.notibras.com\/site\/em-santa-catarina-desalojados-passam-dos-16-mil\/\"},\"wordCount\":320,\"commentCount\":0,\"publisher\":{\"@id\":\"https:\/\/www.notibras.com\/site\/#organization\"},\"image\":{\"@id\":\"https:\/\/www.notibras.com\/site\/em-santa-catarina-desalojados-passam-dos-16-mil\/#primaryimage\"},\"thumbnailUrl\":\"https:\/\/www.notibras.com\/site\/wp-content\/uploads\/2014\/06\/fotos-governo-sc-divulgacao.jpeg\",\"articleSection\":[\"Brasil\"],\"inLanguage\":\"pt-BR\",\"potentialAction\":[{\"@type\":\"CommentAction\",\"name\":\"Comment\",\"target\":[\"https:\/\/www.notibras.com\/site\/em-santa-catarina-desalojados-passam-dos-16-mil\/#respond\"]}]},{\"@type\":\"WebPage\",\"@id\":\"https:\/\/www.notibras.com\/site\/em-santa-catarina-desalojados-passam-dos-16-mil\/\",\"url\":\"https:\/\/www.notibras.com\/site\/em-santa-catarina-desalojados-passam-dos-16-mil\/\",\"name\":\"Santa Catarina j\u00e1 conta 16 mil desalojados; rios transbordam - Notibras\",\"isPartOf\":{\"@id\":\"https:\/\/www.notibras.com\/site\/#website\"},\"primaryImageOfPage\":{\"@id\":\"https:\/\/www.notibras.com\/site\/em-santa-catarina-desalojados-passam-dos-16-mil\/#primaryimage\"},\"image\":{\"@id\":\"https:\/\/www.notibras.com\/site\/em-santa-catarina-desalojados-passam-dos-16-mil\/#primaryimage\"},\"thumbnailUrl\":\"https:\/\/www.notibras.com\/site\/wp-content\/uploads\/2014\/06\/fotos-governo-sc-divulgacao.jpeg\",\"datePublished\":\"2014-06-09T03:01:03+00:00\",\"dateModified\":\"2014-06-09T03:19:50+00:00\",\"breadcrumb\":{\"@id\":\"https:\/\/www.notibras.com\/site\/em-santa-catarina-desalojados-passam-dos-16-mil\/#breadcrumb\"},\"inLanguage\":\"pt-BR\",\"potentialAction\":[{\"@type\":\"ReadAction\",\"target\":[\"https:\/\/www.notibras.com\/site\/em-santa-catarina-desalojados-passam-dos-16-mil\/\"]}]},{\"@type\":\"ImageObject\",\"inLanguage\":\"pt-BR\",\"@id\":\"https:\/\/www.notibras.com\/site\/em-santa-catarina-desalojados-passam-dos-16-mil\/#primaryimage\",\"url\":\"https:\/\/www.notibras.com\/site\/wp-content\/uploads\/2014\/06\/fotos-governo-sc-divulgacao.jpeg\",\"contentUrl\":\"https:\/\/www.notibras.com\/site\/wp-content\/uploads\/2014\/06\/fotos-governo-sc-divulgacao.jpeg\",\"width\":460,\"height\":340},{\"@type\":\"BreadcrumbList\",\"@id\":\"https:\/\/www.notibras.com\/site\/em-santa-catarina-desalojados-passam-dos-16-mil\/#breadcrumb\",\"itemListElement\":[{\"@type\":\"ListItem\",\"position\":1,\"name\":\"In\u00edcio\",\"item\":\"https:\/\/www.notibras.com\/site\/\"},{\"@type\":\"ListItem\",\"position\":2,\"name\":\"Santa Catarina j\u00e1 conta 16 mil desalojados; rios transbordam\"}]},{\"@type\":\"WebSite\",\"@id\":\"https:\/\/www.notibras.com\/site\/#website\",\"url\":\"https:\/\/www.notibras.com\/site\/\",\"name\":\"Notibras\",\"description\":\"Not\u00edcias de Bras\u00edlia, do Brasil e do Mundo\",\"publisher\":{\"@id\":\"https:\/\/www.notibras.com\/site\/#organization\"},\"potentialAction\":[{\"@type\":\"SearchAction\",\"target\":{\"@type\":\"EntryPoint\",\"urlTemplate\":\"https:\/\/www.notibras.com\/site\/?s={search_term_string}\"},\"query-input\":{\"@type\":\"PropertyValueSpecification\",\"valueRequired\":true,\"valueName\":\"search_term_string\"}}],\"inLanguage\":\"pt-BR\"},{\"@type\":\"Organization\",\"@id\":\"https:\/\/www.notibras.com\/site\/#organization\",\"name\":\"Grupo Notibras de Comunica\u00e7\u00e3o\",\"url\":\"https:\/\/www.notibras.com\/site\/\",\"logo\":{\"@type\":\"ImageObject\",\"inLanguage\":\"pt-BR\",\"@id\":\"https:\/\/www.notibras.com\/site\/#\/schema\/logo\/image\/\",\"url\":\"https:\/\/www.notibras.com\/site\/wp-content\/uploads\/2023\/01\/notibras23.png\",\"contentUrl\":\"https:\/\/www.notibras.com\/site\/wp-content\/uploads\/2023\/01\/notibras23.png\",\"width\":350,\"height\":87,\"caption\":\"Grupo Notibras de Comunica\u00e7\u00e3o\"},\"image\":{\"@id\":\"https:\/\/www.notibras.com\/site\/#\/schema\/logo\/image\/\"},\"sameAs\":[\"https:\/\/www.facebook.com\/notibras\/\",\"https:\/\/x.com\/Notibras\",\"https:\/\/www.instagram.com\/notibras\/\"]},{\"@type\":\"Person\",\"@id\":\"https:\/\/www.notibras.com\/site\/#\/schema\/person\/36ab0979449956132d3e5b517ea76ac8\",\"name\":\"Reda\u00e7\u00e3o\",\"image\":{\"@type\":\"ImageObject\",\"inLanguage\":\"pt-BR\",\"@id\":\"https:\/\/secure.gravatar.com\/avatar\/e0a867bdedb85fd243eadf09663511f96fc81e0720a4a42581f334ad4303aa6b?s=96&d=mm&r=g\",\"url\":\"https:\/\/secure.gravatar.com\/avatar\/e0a867bdedb85fd243eadf09663511f96fc81e0720a4a42581f334ad4303aa6b?s=96&d=mm&r=g\",\"contentUrl\":\"https:\/\/secure.gravatar.com\/avatar\/e0a867bdedb85fd243eadf09663511f96fc81e0720a4a42581f334ad4303aa6b?s=96&d=mm&r=g\",\"caption\":\"Reda\u00e7\u00e3o\"}}]}<\/script>\n<!-- \/ Yoast SEO plugin. -->","yoast_head_json":{"title":"Santa Catarina j\u00e1 conta 16 mil desalojados; rios transbordam - Notibras","robots":{"index":"index","follow":"follow","max-snippet":"max-snippet:-1","max-image-preview":"max-image-preview:large","max-video-preview":"max-video-preview:-1"},"canonical":"https:\/\/www.notibras.com\/site\/em-santa-catarina-desalojados-passam-dos-16-mil\/","og_locale":"pt_BR","og_type":"article","og_title":"Santa Catarina j\u00e1 conta 16 mil desalojados; rios transbordam - Notibras","og_description":"As chuvas que castigam Santa Catarina neste final de semana j\u00e1 deixaram 16 mil pessoas desalojadas em 22 munic\u00edpios atingidos. Os n\u00fameros fazem parte do levantamento divulgado pela Defesa Civil do Estado por volta das 21h deste domingo. A cidade que registrou maior volume de chuva foi Corup\u00e1, no norte: 350 mil\u00edmetros. \u201cFoi uma enchente [&hellip;]","og_url":"https:\/\/www.notibras.com\/site\/em-santa-catarina-desalojados-passam-dos-16-mil\/","og_site_name":"Notibras","article_publisher":"https:\/\/www.facebook.com\/notibras\/","article_published_time":"2014-06-09T03:01:03+00:00","article_modified_time":"2014-06-09T03:19:50+00:00","og_image":[{"width":460,"height":340,"url":"https:\/\/www.notibras.com\/site\/wp-content\/uploads\/2014\/06\/fotos-governo-sc-divulgacao.jpeg","type":"image\/jpeg"}],"author":"Reda\u00e7\u00e3o","twitter_card":"summary_large_image","twitter_creator":"@Notibras","twitter_site":"@Notibras","twitter_misc":{"Escrito por":"Reda\u00e7\u00e3o","Est. tempo de leitura":"2 minutos"},"schema":{"@context":"https:\/\/schema.org","@graph":[{"@type":"Article","@id":"https:\/\/www.notibras.com\/site\/em-santa-catarina-desalojados-passam-dos-16-mil\/#article","isPartOf":{"@id":"https:\/\/www.notibras.com\/site\/em-santa-catarina-desalojados-passam-dos-16-mil\/"},"author":{"name":"Reda\u00e7\u00e3o","@id":"https:\/\/www.notibras.com\/site\/#\/schema\/person\/36ab0979449956132d3e5b517ea76ac8"},"headline":"Santa Catarina j\u00e1 conta 16 mil desalojados; rios transbordam","datePublished":"2014-06-09T03:01:03+00:00","dateModified":"2014-06-09T03:19:50+00:00","mainEntityOfPage":{"@id":"https:\/\/www.notibras.com\/site\/em-santa-catarina-desalojados-passam-dos-16-mil\/"},"wordCount":320,"commentCount":0,"publisher":{"@id":"https:\/\/www.notibras.com\/site\/#organization"},"image":{"@id":"https:\/\/www.notibras.com\/site\/em-santa-catarina-desalojados-passam-dos-16-mil\/#primaryimage"},"thumbnailUrl":"https:\/\/www.notibras.com\/site\/wp-content\/uploads\/2014\/06\/fotos-governo-sc-divulgacao.jpeg","articleSection":["Brasil"],"inLanguage":"pt-BR","potentialAction":[{"@type":"CommentAction","name":"Comment","target":["https:\/\/www.notibras.com\/site\/em-santa-catarina-desalojados-passam-dos-16-mil\/#respond"]}]},{"@type":"WebPage","@id":"https:\/\/www.notibras.com\/site\/em-santa-catarina-desalojados-passam-dos-16-mil\/","url":"https:\/\/www.notibras.com\/site\/em-santa-catarina-desalojados-passam-dos-16-mil\/","name":"Santa Catarina j\u00e1 conta 16 mil desalojados; rios transbordam - Notibras","isPartOf":{"@id":"https:\/\/www.notibras.com\/site\/#website"},"primaryImageOfPage":{"@id":"https:\/\/www.notibras.com\/site\/em-santa-catarina-desalojados-passam-dos-16-mil\/#primaryimage"},"image":{"@id":"https:\/\/www.notibras.com\/site\/em-santa-catarina-desalojados-passam-dos-16-mil\/#primaryimage"},"thumbnailUrl":"https:\/\/www.notibras.com\/site\/wp-content\/uploads\/2014\/06\/fotos-governo-sc-divulgacao.jpeg","datePublished":"2014-06-09T03:01:03+00:00","dateModified":"2014-06-09T03:19:50+00:00","breadcrumb":{"@id":"https:\/\/www.notibras.com\/site\/em-santa-catarina-desalojados-passam-dos-16-mil\/#breadcrumb"},"inLanguage":"pt-BR","potentialAction":[{"@type":"ReadAction","target":["https:\/\/www.notibras.com\/site\/em-santa-catarina-desalojados-passam-dos-16-mil\/"]}]},{"@type":"ImageObject","inLanguage":"pt-BR","@id":"https:\/\/www.notibras.com\/site\/em-santa-catarina-desalojados-passam-dos-16-mil\/#primaryimage","url":"https:\/\/www.notibras.com\/site\/wp-content\/uploads\/2014\/06\/fotos-governo-sc-divulgacao.jpeg","contentUrl":"https:\/\/www.notibras.com\/site\/wp-content\/uploads\/2014\/06\/fotos-governo-sc-divulgacao.jpeg","width":460,"height":340},{"@type":"BreadcrumbList","@id":"https:\/\/www.notibras.com\/site\/em-santa-catarina-desalojados-passam-dos-16-mil\/#breadcrumb","itemListElement":[{"@type":"ListItem","position":1,"name":"In\u00edcio","item":"https:\/\/www.notibras.com\/site\/"},{"@type":"ListItem","position":2,"name":"Santa Catarina j\u00e1 conta 16 mil desalojados; rios transbordam"}]},{"@type":"WebSite","@id":"https:\/\/www.notibras.com\/site\/#website","url":"https:\/\/www.notibras.com\/site\/","name":"Notibras","description":"Not\u00edcias de Bras\u00edlia, do Brasil e do Mundo","publisher":{"@id":"https:\/\/www.notibras.com\/site\/#organization"},"potentialAction":[{"@type":"SearchAction","target":{"@type":"EntryPoint","urlTemplate":"https:\/\/www.notibras.com\/site\/?s={search_term_string}"},"query-input":{"@type":"PropertyValueSpecification","valueRequired":true,"valueName":"search_term_string"}}],"inLanguage":"pt-BR"},{"@type":"Organization","@id":"https:\/\/www.notibras.com\/site\/#organization","name":"Grupo Notibras de Comunica\u00e7\u00e3o","url":"https:\/\/www.notibras.com\/site\/","logo":{"@type":"ImageObject","inLanguage":"pt-BR","@id":"https:\/\/www.notibras.com\/site\/#\/schema\/logo\/image\/","url":"https:\/\/www.notibras.com\/site\/wp-content\/uploads\/2023\/01\/notibras23.png","contentUrl":"https:\/\/www.notibras.com\/site\/wp-content\/uploads\/2023\/01\/notibras23.png","width":350,"height":87,"caption":"Grupo Notibras de Comunica\u00e7\u00e3o"},"image":{"@id":"https:\/\/www.notibras.com\/site\/#\/schema\/logo\/image\/"},"sameAs":["https:\/\/www.facebook.com\/notibras\/","https:\/\/x.com\/Notibras","https:\/\/www.instagram.com\/notibras\/"]},{"@type":"Person","@id":"https:\/\/www.notibras.com\/site\/#\/schema\/person\/36ab0979449956132d3e5b517ea76ac8","name":"Reda\u00e7\u00e3o","image":{"@type":"ImageObject","inLanguage":"pt-BR","@id":"https:\/\/secure.gravatar.com\/avatar\/e0a867bdedb85fd243eadf09663511f96fc81e0720a4a42581f334ad4303aa6b?s=96&d=mm&r=g","url":"https:\/\/secure.gravatar.com\/avatar\/e0a867bdedb85fd243eadf09663511f96fc81e0720a4a42581f334ad4303aa6b?s=96&d=mm&r=g","contentUrl":"https:\/\/secure.gravatar.com\/avatar\/e0a867bdedb85fd243eadf09663511f96fc81e0720a4a42581f334ad4303aa6b?s=96&d=mm&r=g","caption":"Reda\u00e7\u00e3o"}}]}},"amp_enabled":true,"_links":{"self":[{"href":"https:\/\/www.notibras.com\/site\/wp-json\/wp\/v2\/posts\/12787","targetHints":{"allow":["GET"]}}],"collection":[{"href":"https:\/\/www.notibras.com\/site\/wp-json\/wp\/v2\/posts"}],"about":[{"href":"https:\/\/www.notibras.com\/site\/wp-json\/wp\/v2\/types\/post"}],"author":[{"embeddable":true,"href":"https:\/\/www.notibras.com\/site\/wp-json\/wp\/v2\/users\/2"}],"replies":[{"embeddable":true,"href":"https:\/\/www.notibras.com\/site\/wp-json\/wp\/v2\/comments?post=12787"}],"version-history":[{"count":0,"href":"https:\/\/www.notibras.com\/site\/wp-json\/wp\/v2\/posts\/12787\/revisions"}],"wp:featuredmedia":[{"embeddable":true,"href":"https:\/\/www.notibras.com\/site\/wp-json\/wp\/v2\/media\/12788"}],"wp:attachment":[{"href":"https:\/\/www.notibras.com\/site\/wp-json\/wp\/v2\/media?parent=12787"}],"wp:term":[{"taxonomy":"category","embeddable":true,"href":"https:\/\/www.notibras.com\/site\/wp-json\/wp\/v2\/categories?post=12787"},{"taxonomy":"post_tag","embeddable":true,"href":"https:\/\/www.notibras.com\/site\/wp-json\/wp\/v2\/tags?post=12787"}],"curies":[{"name":"wp","href":"https:\/\/api.w.org\/{rel}","templated":true}]}}