{"id":12792,"date":"2014-06-08T20:41:20","date_gmt":"2014-06-08T23:41:20","guid":{"rendered":"http:\/\/www.notibras.com\/site\/?p=12792"},"modified":"2014-06-09T00:43:25","modified_gmt":"2014-06-09T03:43:25","slug":"prouni-abre-inscricoes-para-bolsas-prazo-vai-ate-quarta","status":"publish","type":"post","link":"https:\/\/www.notibras.com\/site\/prouni-abre-inscricoes-para-bolsas-prazo-vai-ate-quarta\/","title":{"rendered":"ProUni abre inscri\u00e7\u00f5es para bolsas; prazo vai at\u00e9 quarta"},"content":{"rendered":"<p>Os candidatos a bolsas do\u00a0Programa Universidade para Todos (ProUni), que abre inscri\u00e7\u00f5es nesta segunda-feira, devem ficar atentos\u00a0ao prazo, que nesta edi\u00e7\u00e3o foi reduzido de cinco para tr\u00eas dias e vai at\u00e9 quarta-feira.<\/p>\n<p>A inscri\u00e7\u00e3o \u00e9 feita no site do programa. A lista\u00a0de cursos e institui\u00e7\u00f5es que participam do programa\u00a0foi divulgada\u00a0na \u00faltima sexta-feira.<\/p>\n<blockquote>\n<p class=\"text\">Para o pr\u00f3ximo semestre, ser\u00e3o oferecidas 115.101 bolsas em cursos de gradua\u00e7\u00e3o de institui\u00e7\u00f5es privadas.\u00a0Dessas, 73.601 s\u00e3o integrais e 41.500, parciais. Podem concorrer \u00e0s bolsas do ProUni os estudantes que cursaram o ensino m\u00e9dio na rede p\u00fablica ou na rede particular, na condi\u00e7\u00e3o de bolsista integral.<\/p>\n<\/blockquote>\n<p class=\"text\">Os cursos com maior n\u00famero de bolsas s\u00e3o administra\u00e7\u00e3o (13.168), direito (7.887), pedagogia (7.725) e ci\u00eancias cont\u00e1beis (6.865).<\/p>\n<p class=\"text\">Para concorrer \u00e0s bolsas integrais, o candidato deve comprovar renda bruta familiar, por pessoa, de at\u00e9 um sal\u00e1rio\u00a0m\u00ednimo e meio. Para as bolsas parciais, no valor de 50% da mensalidade, a renda bruta familiar deve ser at\u00e9 tr\u00eas sal\u00e1rios\u00a0m\u00ednimos por pessoa.<\/p>\n<p class=\"text\">O candidato deve ter participado do Exame Nacional do Ensino M\u00e9dio (Enem) de 2013 e obtido no m\u00ednimo 450 pontos na m\u00e9dia das notas. Al\u00e9m disso, n\u00e3o pode ter tirado nota zero na reda\u00e7\u00e3o. Quem se inscreveu no Sistema de Sele\u00e7\u00e3o Unificada (Sisu), para concorrer a vagas em institui\u00e7\u00f5es p\u00fablicas, tamb\u00e9m pode se candidatar ao ProUni.<\/p>\n","protected":false},"excerpt":{"rendered":"<p>Os candidatos a bolsas do\u00a0Programa Universidade para Todos (ProUni), que abre inscri\u00e7\u00f5es nesta segunda-feira, devem ficar atentos\u00a0ao prazo, que nesta edi\u00e7\u00e3o foi reduzido de cinco para tr\u00eas dias e vai at\u00e9 quarta-feira. A inscri\u00e7\u00e3o \u00e9 feita no site do programa. A lista\u00a0de cursos e institui\u00e7\u00f5es que participam do programa\u00a0foi divulgada\u00a0na \u00faltima sexta-feira. Para o pr\u00f3ximo [&hellip;]<\/p>\n","protected":false},"author":2,"featured_media":12793,"comment_status":"open","ping_status":"closed","sticky":false,"template":"","format":"standard","meta":{"_acf_changed":false,"footnotes":""},"categories":[16],"tags":[],"class_list":["post-12792","post","type-post","status-publish","format-standard","has-post-thumbnail","hentry","category-brasil"],"acf":[],"yoast_head":"<!-- This site is optimized with the Yoast SEO plugin v27.2 - https:\/\/yoast.com\/product\/yoast-seo-wordpress\/ -->\n<title>ProUni abre inscri\u00e7\u00f5es para bolsas; prazo vai at\u00e9 quarta - Notibras<\/title>\n<meta name=\"robots\" content=\"index, follow, max-snippet:-1, max-image-preview:large, max-video-preview:-1\" \/>\n<link rel=\"canonical\" href=\"https:\/\/www.notibras.com\/site\/prouni-abre-inscricoes-para-bolsas-prazo-vai-ate-quarta\/\" \/>\n<meta property=\"og:locale\" content=\"pt_BR\" \/>\n<meta property=\"og:type\" content=\"article\" \/>\n<meta property=\"og:title\" content=\"ProUni abre inscri\u00e7\u00f5es para bolsas; prazo vai at\u00e9 quarta - Notibras\" \/>\n<meta property=\"og:description\" content=\"Os candidatos a bolsas do\u00a0Programa Universidade para Todos (ProUni), que abre inscri\u00e7\u00f5es nesta segunda-feira, devem ficar atentos\u00a0ao prazo, que nesta edi\u00e7\u00e3o foi reduzido de cinco para tr\u00eas dias e vai at\u00e9 quarta-feira. A inscri\u00e7\u00e3o \u00e9 feita no site do programa. A lista\u00a0de cursos e institui\u00e7\u00f5es que participam do programa\u00a0foi divulgada\u00a0na \u00faltima sexta-feira. Para o pr\u00f3ximo [&hellip;]\" \/>\n<meta property=\"og:url\" content=\"https:\/\/www.notibras.com\/site\/prouni-abre-inscricoes-para-bolsas-prazo-vai-ate-quarta\/\" \/>\n<meta property=\"og:site_name\" content=\"Notibras\" \/>\n<meta property=\"article:publisher\" content=\"https:\/\/www.facebook.com\/notibras\/\" \/>\n<meta property=\"article:published_time\" content=\"2014-06-08T23:41:20+00:00\" \/>\n<meta property=\"article:modified_time\" content=\"2014-06-09T03:43:25+00:00\" \/>\n<meta property=\"og:image\" content=\"https:\/\/www.notibras.com\/site\/wp-content\/uploads\/2014\/06\/br1.jpg\" \/>\n\t<meta property=\"og:image:width\" content=\"460\" \/>\n\t<meta property=\"og:image:height\" content=\"340\" \/>\n\t<meta property=\"og:image:type\" content=\"image\/jpeg\" \/>\n<meta name=\"author\" content=\"Reda\u00e7\u00e3o\" \/>\n<meta name=\"twitter:card\" content=\"summary_large_image\" \/>\n<meta name=\"twitter:creator\" content=\"@Notibras\" \/>\n<meta name=\"twitter:site\" content=\"@Notibras\" \/>\n<meta name=\"twitter:label1\" content=\"Escrito por\" \/>\n\t<meta name=\"twitter:data1\" content=\"Reda\u00e7\u00e3o\" \/>\n\t<meta name=\"twitter:label2\" content=\"Est. tempo de leitura\" \/>\n\t<meta name=\"twitter:data2\" content=\"1 minuto\" \/>\n<script type=\"application\/ld+json\" class=\"yoast-schema-graph\">{\"@context\":\"https:\/\/schema.org\",\"@graph\":[{\"@type\":\"Article\",\"@id\":\"https:\/\/www.notibras.com\/site\/prouni-abre-inscricoes-para-bolsas-prazo-vai-ate-quarta\/#article\",\"isPartOf\":{\"@id\":\"https:\/\/www.notibras.com\/site\/prouni-abre-inscricoes-para-bolsas-prazo-vai-ate-quarta\/\"},\"author\":{\"name\":\"Reda\u00e7\u00e3o\",\"@id\":\"https:\/\/www.notibras.com\/site\/#\/schema\/person\/36ab0979449956132d3e5b517ea76ac8\"},\"headline\":\"ProUni abre inscri\u00e7\u00f5es para bolsas; prazo vai at\u00e9 quarta\",\"datePublished\":\"2014-06-08T23:41:20+00:00\",\"dateModified\":\"2014-06-09T03:43:25+00:00\",\"mainEntityOfPage\":{\"@id\":\"https:\/\/www.notibras.com\/site\/prouni-abre-inscricoes-para-bolsas-prazo-vai-ate-quarta\/\"},\"wordCount\":253,\"commentCount\":0,\"publisher\":{\"@id\":\"https:\/\/www.notibras.com\/site\/#organization\"},\"image\":{\"@id\":\"https:\/\/www.notibras.com\/site\/prouni-abre-inscricoes-para-bolsas-prazo-vai-ate-quarta\/#primaryimage\"},\"thumbnailUrl\":\"https:\/\/www.notibras.com\/site\/wp-content\/uploads\/2014\/06\/br1.jpg\",\"articleSection\":[\"Brasil\"],\"inLanguage\":\"pt-BR\",\"potentialAction\":[{\"@type\":\"CommentAction\",\"name\":\"Comment\",\"target\":[\"https:\/\/www.notibras.com\/site\/prouni-abre-inscricoes-para-bolsas-prazo-vai-ate-quarta\/#respond\"]}]},{\"@type\":\"WebPage\",\"@id\":\"https:\/\/www.notibras.com\/site\/prouni-abre-inscricoes-para-bolsas-prazo-vai-ate-quarta\/\",\"url\":\"https:\/\/www.notibras.com\/site\/prouni-abre-inscricoes-para-bolsas-prazo-vai-ate-quarta\/\",\"name\":\"ProUni abre inscri\u00e7\u00f5es para bolsas; prazo vai at\u00e9 quarta - Notibras\",\"isPartOf\":{\"@id\":\"https:\/\/www.notibras.com\/site\/#website\"},\"primaryImageOfPage\":{\"@id\":\"https:\/\/www.notibras.com\/site\/prouni-abre-inscricoes-para-bolsas-prazo-vai-ate-quarta\/#primaryimage\"},\"image\":{\"@id\":\"https:\/\/www.notibras.com\/site\/prouni-abre-inscricoes-para-bolsas-prazo-vai-ate-quarta\/#primaryimage\"},\"thumbnailUrl\":\"https:\/\/www.notibras.com\/site\/wp-content\/uploads\/2014\/06\/br1.jpg\",\"datePublished\":\"2014-06-08T23:41:20+00:00\",\"dateModified\":\"2014-06-09T03:43:25+00:00\",\"breadcrumb\":{\"@id\":\"https:\/\/www.notibras.com\/site\/prouni-abre-inscricoes-para-bolsas-prazo-vai-ate-quarta\/#breadcrumb\"},\"inLanguage\":\"pt-BR\",\"potentialAction\":[{\"@type\":\"ReadAction\",\"target\":[\"https:\/\/www.notibras.com\/site\/prouni-abre-inscricoes-para-bolsas-prazo-vai-ate-quarta\/\"]}]},{\"@type\":\"ImageObject\",\"inLanguage\":\"pt-BR\",\"@id\":\"https:\/\/www.notibras.com\/site\/prouni-abre-inscricoes-para-bolsas-prazo-vai-ate-quarta\/#primaryimage\",\"url\":\"https:\/\/www.notibras.com\/site\/wp-content\/uploads\/2014\/06\/br1.jpg\",\"contentUrl\":\"https:\/\/www.notibras.com\/site\/wp-content\/uploads\/2014\/06\/br1.jpg\",\"width\":460,\"height\":340},{\"@type\":\"BreadcrumbList\",\"@id\":\"https:\/\/www.notibras.com\/site\/prouni-abre-inscricoes-para-bolsas-prazo-vai-ate-quarta\/#breadcrumb\",\"itemListElement\":[{\"@type\":\"ListItem\",\"position\":1,\"name\":\"In\u00edcio\",\"item\":\"https:\/\/www.notibras.com\/site\/\"},{\"@type\":\"ListItem\",\"position\":2,\"name\":\"ProUni abre inscri\u00e7\u00f5es para bolsas; prazo vai at\u00e9 quarta\"}]},{\"@type\":\"WebSite\",\"@id\":\"https:\/\/www.notibras.com\/site\/#website\",\"url\":\"https:\/\/www.notibras.com\/site\/\",\"name\":\"Notibras\",\"description\":\"Not\u00edcias de Bras\u00edlia, do Brasil e do Mundo\",\"publisher\":{\"@id\":\"https:\/\/www.notibras.com\/site\/#organization\"},\"potentialAction\":[{\"@type\":\"SearchAction\",\"target\":{\"@type\":\"EntryPoint\",\"urlTemplate\":\"https:\/\/www.notibras.com\/site\/?s={search_term_string}\"},\"query-input\":{\"@type\":\"PropertyValueSpecification\",\"valueRequired\":true,\"valueName\":\"search_term_string\"}}],\"inLanguage\":\"pt-BR\"},{\"@type\":\"Organization\",\"@id\":\"https:\/\/www.notibras.com\/site\/#organization\",\"name\":\"Grupo Notibras de Comunica\u00e7\u00e3o\",\"url\":\"https:\/\/www.notibras.com\/site\/\",\"logo\":{\"@type\":\"ImageObject\",\"inLanguage\":\"pt-BR\",\"@id\":\"https:\/\/www.notibras.com\/site\/#\/schema\/logo\/image\/\",\"url\":\"https:\/\/www.notibras.com\/site\/wp-content\/uploads\/2023\/01\/notibras23.png\",\"contentUrl\":\"https:\/\/www.notibras.com\/site\/wp-content\/uploads\/2023\/01\/notibras23.png\",\"width\":350,\"height\":87,\"caption\":\"Grupo Notibras de Comunica\u00e7\u00e3o\"},\"image\":{\"@id\":\"https:\/\/www.notibras.com\/site\/#\/schema\/logo\/image\/\"},\"sameAs\":[\"https:\/\/www.facebook.com\/notibras\/\",\"https:\/\/x.com\/Notibras\",\"https:\/\/www.instagram.com\/notibras\/\"]},{\"@type\":\"Person\",\"@id\":\"https:\/\/www.notibras.com\/site\/#\/schema\/person\/36ab0979449956132d3e5b517ea76ac8\",\"name\":\"Reda\u00e7\u00e3o\",\"image\":{\"@type\":\"ImageObject\",\"inLanguage\":\"pt-BR\",\"@id\":\"https:\/\/secure.gravatar.com\/avatar\/e0a867bdedb85fd243eadf09663511f96fc81e0720a4a42581f334ad4303aa6b?s=96&d=mm&r=g\",\"url\":\"https:\/\/secure.gravatar.com\/avatar\/e0a867bdedb85fd243eadf09663511f96fc81e0720a4a42581f334ad4303aa6b?s=96&d=mm&r=g\",\"contentUrl\":\"https:\/\/secure.gravatar.com\/avatar\/e0a867bdedb85fd243eadf09663511f96fc81e0720a4a42581f334ad4303aa6b?s=96&d=mm&r=g\",\"caption\":\"Reda\u00e7\u00e3o\"}}]}<\/script>\n<!-- \/ Yoast SEO plugin. -->","yoast_head_json":{"title":"ProUni abre inscri\u00e7\u00f5es para bolsas; prazo vai at\u00e9 quarta - Notibras","robots":{"index":"index","follow":"follow","max-snippet":"max-snippet:-1","max-image-preview":"max-image-preview:large","max-video-preview":"max-video-preview:-1"},"canonical":"https:\/\/www.notibras.com\/site\/prouni-abre-inscricoes-para-bolsas-prazo-vai-ate-quarta\/","og_locale":"pt_BR","og_type":"article","og_title":"ProUni abre inscri\u00e7\u00f5es para bolsas; prazo vai at\u00e9 quarta - Notibras","og_description":"Os candidatos a bolsas do\u00a0Programa Universidade para Todos (ProUni), que abre inscri\u00e7\u00f5es nesta segunda-feira, devem ficar atentos\u00a0ao prazo, que nesta edi\u00e7\u00e3o foi reduzido de cinco para tr\u00eas dias e vai at\u00e9 quarta-feira. A inscri\u00e7\u00e3o \u00e9 feita no site do programa. A lista\u00a0de cursos e institui\u00e7\u00f5es que participam do programa\u00a0foi divulgada\u00a0na \u00faltima sexta-feira. Para o pr\u00f3ximo [&hellip;]","og_url":"https:\/\/www.notibras.com\/site\/prouni-abre-inscricoes-para-bolsas-prazo-vai-ate-quarta\/","og_site_name":"Notibras","article_publisher":"https:\/\/www.facebook.com\/notibras\/","article_published_time":"2014-06-08T23:41:20+00:00","article_modified_time":"2014-06-09T03:43:25+00:00","og_image":[{"width":460,"height":340,"url":"https:\/\/www.notibras.com\/site\/wp-content\/uploads\/2014\/06\/br1.jpg","type":"image\/jpeg"}],"author":"Reda\u00e7\u00e3o","twitter_card":"summary_large_image","twitter_creator":"@Notibras","twitter_site":"@Notibras","twitter_misc":{"Escrito por":"Reda\u00e7\u00e3o","Est. tempo de leitura":"1 minuto"},"schema":{"@context":"https:\/\/schema.org","@graph":[{"@type":"Article","@id":"https:\/\/www.notibras.com\/site\/prouni-abre-inscricoes-para-bolsas-prazo-vai-ate-quarta\/#article","isPartOf":{"@id":"https:\/\/www.notibras.com\/site\/prouni-abre-inscricoes-para-bolsas-prazo-vai-ate-quarta\/"},"author":{"name":"Reda\u00e7\u00e3o","@id":"https:\/\/www.notibras.com\/site\/#\/schema\/person\/36ab0979449956132d3e5b517ea76ac8"},"headline":"ProUni abre inscri\u00e7\u00f5es para bolsas; prazo vai at\u00e9 quarta","datePublished":"2014-06-08T23:41:20+00:00","dateModified":"2014-06-09T03:43:25+00:00","mainEntityOfPage":{"@id":"https:\/\/www.notibras.com\/site\/prouni-abre-inscricoes-para-bolsas-prazo-vai-ate-quarta\/"},"wordCount":253,"commentCount":0,"publisher":{"@id":"https:\/\/www.notibras.com\/site\/#organization"},"image":{"@id":"https:\/\/www.notibras.com\/site\/prouni-abre-inscricoes-para-bolsas-prazo-vai-ate-quarta\/#primaryimage"},"thumbnailUrl":"https:\/\/www.notibras.com\/site\/wp-content\/uploads\/2014\/06\/br1.jpg","articleSection":["Brasil"],"inLanguage":"pt-BR","potentialAction":[{"@type":"CommentAction","name":"Comment","target":["https:\/\/www.notibras.com\/site\/prouni-abre-inscricoes-para-bolsas-prazo-vai-ate-quarta\/#respond"]}]},{"@type":"WebPage","@id":"https:\/\/www.notibras.com\/site\/prouni-abre-inscricoes-para-bolsas-prazo-vai-ate-quarta\/","url":"https:\/\/www.notibras.com\/site\/prouni-abre-inscricoes-para-bolsas-prazo-vai-ate-quarta\/","name":"ProUni abre inscri\u00e7\u00f5es para bolsas; prazo vai at\u00e9 quarta - Notibras","isPartOf":{"@id":"https:\/\/www.notibras.com\/site\/#website"},"primaryImageOfPage":{"@id":"https:\/\/www.notibras.com\/site\/prouni-abre-inscricoes-para-bolsas-prazo-vai-ate-quarta\/#primaryimage"},"image":{"@id":"https:\/\/www.notibras.com\/site\/prouni-abre-inscricoes-para-bolsas-prazo-vai-ate-quarta\/#primaryimage"},"thumbnailUrl":"https:\/\/www.notibras.com\/site\/wp-content\/uploads\/2014\/06\/br1.jpg","datePublished":"2014-06-08T23:41:20+00:00","dateModified":"2014-06-09T03:43:25+00:00","breadcrumb":{"@id":"https:\/\/www.notibras.com\/site\/prouni-abre-inscricoes-para-bolsas-prazo-vai-ate-quarta\/#breadcrumb"},"inLanguage":"pt-BR","potentialAction":[{"@type":"ReadAction","target":["https:\/\/www.notibras.com\/site\/prouni-abre-inscricoes-para-bolsas-prazo-vai-ate-quarta\/"]}]},{"@type":"ImageObject","inLanguage":"pt-BR","@id":"https:\/\/www.notibras.com\/site\/prouni-abre-inscricoes-para-bolsas-prazo-vai-ate-quarta\/#primaryimage","url":"https:\/\/www.notibras.com\/site\/wp-content\/uploads\/2014\/06\/br1.jpg","contentUrl":"https:\/\/www.notibras.com\/site\/wp-content\/uploads\/2014\/06\/br1.jpg","width":460,"height":340},{"@type":"BreadcrumbList","@id":"https:\/\/www.notibras.com\/site\/prouni-abre-inscricoes-para-bolsas-prazo-vai-ate-quarta\/#breadcrumb","itemListElement":[{"@type":"ListItem","position":1,"name":"In\u00edcio","item":"https:\/\/www.notibras.com\/site\/"},{"@type":"ListItem","position":2,"name":"ProUni abre inscri\u00e7\u00f5es para bolsas; prazo vai at\u00e9 quarta"}]},{"@type":"WebSite","@id":"https:\/\/www.notibras.com\/site\/#website","url":"https:\/\/www.notibras.com\/site\/","name":"Notibras","description":"Not\u00edcias de Bras\u00edlia, do Brasil e do Mundo","publisher":{"@id":"https:\/\/www.notibras.com\/site\/#organization"},"potentialAction":[{"@type":"SearchAction","target":{"@type":"EntryPoint","urlTemplate":"https:\/\/www.notibras.com\/site\/?s={search_term_string}"},"query-input":{"@type":"PropertyValueSpecification","valueRequired":true,"valueName":"search_term_string"}}],"inLanguage":"pt-BR"},{"@type":"Organization","@id":"https:\/\/www.notibras.com\/site\/#organization","name":"Grupo Notibras de Comunica\u00e7\u00e3o","url":"https:\/\/www.notibras.com\/site\/","logo":{"@type":"ImageObject","inLanguage":"pt-BR","@id":"https:\/\/www.notibras.com\/site\/#\/schema\/logo\/image\/","url":"https:\/\/www.notibras.com\/site\/wp-content\/uploads\/2023\/01\/notibras23.png","contentUrl":"https:\/\/www.notibras.com\/site\/wp-content\/uploads\/2023\/01\/notibras23.png","width":350,"height":87,"caption":"Grupo Notibras de Comunica\u00e7\u00e3o"},"image":{"@id":"https:\/\/www.notibras.com\/site\/#\/schema\/logo\/image\/"},"sameAs":["https:\/\/www.facebook.com\/notibras\/","https:\/\/x.com\/Notibras","https:\/\/www.instagram.com\/notibras\/"]},{"@type":"Person","@id":"https:\/\/www.notibras.com\/site\/#\/schema\/person\/36ab0979449956132d3e5b517ea76ac8","name":"Reda\u00e7\u00e3o","image":{"@type":"ImageObject","inLanguage":"pt-BR","@id":"https:\/\/secure.gravatar.com\/avatar\/e0a867bdedb85fd243eadf09663511f96fc81e0720a4a42581f334ad4303aa6b?s=96&d=mm&r=g","url":"https:\/\/secure.gravatar.com\/avatar\/e0a867bdedb85fd243eadf09663511f96fc81e0720a4a42581f334ad4303aa6b?s=96&d=mm&r=g","contentUrl":"https:\/\/secure.gravatar.com\/avatar\/e0a867bdedb85fd243eadf09663511f96fc81e0720a4a42581f334ad4303aa6b?s=96&d=mm&r=g","caption":"Reda\u00e7\u00e3o"}}]}},"amp_enabled":true,"_links":{"self":[{"href":"https:\/\/www.notibras.com\/site\/wp-json\/wp\/v2\/posts\/12792","targetHints":{"allow":["GET"]}}],"collection":[{"href":"https:\/\/www.notibras.com\/site\/wp-json\/wp\/v2\/posts"}],"about":[{"href":"https:\/\/www.notibras.com\/site\/wp-json\/wp\/v2\/types\/post"}],"author":[{"embeddable":true,"href":"https:\/\/www.notibras.com\/site\/wp-json\/wp\/v2\/users\/2"}],"replies":[{"embeddable":true,"href":"https:\/\/www.notibras.com\/site\/wp-json\/wp\/v2\/comments?post=12792"}],"version-history":[{"count":0,"href":"https:\/\/www.notibras.com\/site\/wp-json\/wp\/v2\/posts\/12792\/revisions"}],"wp:featuredmedia":[{"embeddable":true,"href":"https:\/\/www.notibras.com\/site\/wp-json\/wp\/v2\/media\/12793"}],"wp:attachment":[{"href":"https:\/\/www.notibras.com\/site\/wp-json\/wp\/v2\/media?parent=12792"}],"wp:term":[{"taxonomy":"category","embeddable":true,"href":"https:\/\/www.notibras.com\/site\/wp-json\/wp\/v2\/categories?post=12792"},{"taxonomy":"post_tag","embeddable":true,"href":"https:\/\/www.notibras.com\/site\/wp-json\/wp\/v2\/tags?post=12792"}],"curies":[{"name":"wp","href":"https:\/\/api.w.org\/{rel}","templated":true}]}}