{"id":127969,"date":"2017-02-07T02:46:55","date_gmt":"2017-02-07T04:46:55","guid":{"rendered":"http:\/\/www.notibras.com\/site\/?p=127969"},"modified":"2017-02-13T09:12:19","modified_gmt":"2017-02-13T11:12:19","slug":"brasil-sofre-as-dores-de-um-avc-democratico","status":"publish","type":"post","link":"https:\/\/www.notibras.com\/site\/brasil-sofre-as-dores-de-um-avc-democratico\/","title":{"rendered":"Brasil sofre as consequ\u00eancias de um AVC democr\u00e1tico"},"content":{"rendered":"<p><strong>Marcelo Zero<\/strong><\/p>\n<p>Que o Brasil vai mal, todo mundo sabia. Que o outrora pa\u00eds do \u201chomem cordial\u201d se tornou o pa\u00eds do homo lupus homini de Hobbes, do \u00f3dio desenfreado, tamb\u00e9m j\u00e1 parecia evidente para todos h\u00e1 algum tempo.<\/p>\n<p>Mas h\u00e1 fatos que chocam.<\/p>\n<p>A rea\u00e7\u00e3o dos nossos conservadores protofascistas \u00e0 doen\u00e7a e \u00e0 morte de Dona Marisa Let\u00edcia, bem como ao discurso de Lula em seu vel\u00f3rio, extrapolou tudo o que se tinha visto at\u00e9 aqui.<\/p>\n<p>E olha que n\u00e3o foi pouco. H\u00e1 anos que Lula e sua fam\u00edlia v\u00eam sendo v\u00edtima de uma ca\u00e7ada judicial e medi\u00e1tica impiedosa, de uma lawfare cruel e sistem\u00e1tica.<\/p>\n<p>Decididos a desconstruir a maior lideran\u00e7a popular da hist\u00f3ria do Brasil, a \u00fanica capaz de se opor ao golpe, instauraram um vale-tudo jur\u00eddico e \u00e9tico que faria corar Roland Freisler, o \u201cjuiz do Terceiro Reich\u201d. Como muitos ju\u00edzes tupiniquins de hoje, Freisler colocou a justi\u00e7a a servi\u00e7o da causa da \u201climpeza da Alemanha\u201d. Como eles, Freisler desconsiderava o direito \u00e0 defesa e se comprazia em humilhar seus acusados, em julgamentos midi\u00e1ticos que atraiam a opini\u00e3o p\u00fablica \u00e1vida por linchamentos de \u201ccomunistas e judeus\u201d.<\/p>\n<p>Com esse vale-tudo absurdo, transformaram pedalinhos, um barco de lata e um apartamento nunca comprado em provas irrefut\u00e1veis do \u201cmaior esquema de corrup\u00e7\u00e3o da hist\u00f3ria do pa\u00eds\u201d.<\/p>\n<p>A cretinice dessas acusa\u00e7\u00f5es salta aos olhos de qualquer pessoa de QI mediano e um m\u00ednimo de isen\u00e7\u00e3o. Na realidade, essas investiga\u00e7\u00f5es e acusa\u00e7\u00f5es t\u00eam o mesmo valor de fofocas mirabolantes que circulam as redes sociais, as quais afirmam que Lula \u00e9 bilion\u00e1rio e que seus filhos s\u00e3o donos de quase todas as grandes empresas do pa\u00eds. A diferen\u00e7a \u00e9 que essas acusa\u00e7\u00f5es t\u00eam carimbo oficial. Foi com base nelas que Lula e Dona Marisa foram humilhados at\u00e9 dentro de sua pr\u00f3pria casa, no incr\u00edvel epis\u00f3dio da \u201ccondu\u00e7\u00e3o coercitiva\u201d desnecess\u00e1ria e ilegal.<\/p>\n<p>Mas quando o vale-tudo chega at\u00e9 mesmo \u00e0 doen\u00e7a, ao sofrimento e \u00e0 morte dos entes queridos \u00e9 um sinal de que todos os limites civilizados foram ultrapassados.<\/p>\n<p>Quando pessoas aparentemente normais v\u00e3o \u00e0s portas de hospitais para celebrar o sofrimento alheio e pedir a morte de advers\u00e1rios pol\u00edticos, isso \u00e9 sinal inequ\u00edvoco de que algo muito importante morreu no Brasil.<\/p>\n<p>Quando m\u00e9dicos que fizeram o juramento de Hip\u00f3crates vazam criminosamente exames, sugerem m\u00e9todos para acelerar a morte de paciente e tripudiam de seu sofrimento e de seus familiares, \u00e9 sintoma inequ\u00edvoco de que o pa\u00eds est\u00e1 acometido de grave doen\u00e7a. Uma esp\u00e9cie de sociopatia politicamente motivada, que nega ao outro qualquer tra\u00e7o de humanidade.<\/p>\n<p>N\u00e3o bastasse essa sociopatia generalizada, h\u00e1 o cinismo.<\/p>\n<p>Com efeito, o cinismo dos nossos protofascistas \u00e9 inacredit\u00e1vel. Politizaram com requintes de crueldade a vida privada da Dona Marisa. Politizaram seu sofrimento, sua doen\u00e7a. Politizaram at\u00e9 a sua tomografia. E, agora, se queixam de que Lula fez um desabafo no vel\u00f3rio. Segundo eles, Lula n\u00e3o pode falar nem no vel\u00f3rio da sua esposa. Tem de ficar caladinho e aguentar passivamente a ca\u00e7ada judicial a que ele e sua fam\u00edlia s\u00e3o submetidos. S\u00f3 os protofascistas podem vociferar seu \u00f3dio, sua ignor\u00e2ncia, sua sociopatia demente. S\u00f3 eles t\u00eam direito a se expressar, com estrid\u00eancia e crueldade.<\/p>\n<p>Felizmente, Lula n\u00e3o se calar\u00e1. N\u00e3o se vergar\u00e1 a esse \u00f3dio insano.<\/p>\n<p>Lula representa tudo o que eles odeiam mais. Lula \u00e9 aquela pobre crian\u00e7a do sert\u00e3o nordestino que deveria ter morrido antes dos 5 anos, mas que sobreviveu. Lula \u00e9 aquele miser\u00e1vel retirante nordestino que veio para S\u00e3o Paulo buscar, contra todas as probabilidades, empregoe melhores condi\u00e7\u00f5es de vida, e conseguiu. Lula \u00e9 aquele pol\u00edtico que n\u00e3o devia ter criado, em plena ditadura militar, um novo partido independente de esquerda, mas criou. Lula \u00e9 aquele candidato que n\u00e3o devia ter chegado ao poder, mas chegou. Lula \u00e9 aquele presidente que devia ter fracassado, mas teve \u00eaxito extraordin\u00e1rio.<\/p>\n<p>Lula \u00e9 o exclu\u00eddo que devia ter ficado em seu lugar, mas n\u00e3o ficou.<\/p>\n<p>Para eles, Lula n\u00e3o deveria existir, mas existe.<\/p>\n<p>Existe e n\u00e3o ser\u00e1 jamais amorda\u00e7ado, acorrentado ou extinto. Ao contr\u00e1rio dos golpistas e dos l\u00edderes midi\u00e1ticos de ocasi\u00e3o, que se nutrem do \u00f3dio, Lula mora no cora\u00e7\u00e3o do povo. Lula se nutre da esperan\u00e7a de dias melhores em um Brasil para todos. Inclusive para os que o odeiam. Por isso, Lula j\u00e1 \u00e9 eterno. Ao contr\u00e1rio de Get\u00falio, entrou para a Hist\u00f3ria em vida. N\u00e3o pode mais ser derrotado.<\/p>\n<p>O Brasil foi acometido de um AVC democr\u00e1tico. Nos cora\u00e7\u00f5es e mentes de muita gente jorram rios de \u00f3dio que amea\u00e7am nos afogar a todos. Estamos doentes.<\/p>\n<p>Lula \u00e9 uma das poucas lideran\u00e7as, talvez a \u00fanica, que pode estancar essa terr\u00edvel hemorragia e fazer o Brasil se reconciliar.<\/p>\n<p>Em troca, pede apenas um pedido de desculpas para a sua Galega que virou estrela.<\/p>\n<p>Para quem fez tanto e pode fazer muito mais, \u00e9 pouco, muito pouco.<\/p>\n","protected":false},"excerpt":{"rendered":"<p>Marcelo Zero Que o Brasil vai mal, todo mundo sabia. Que o outrora pa\u00eds do \u201chomem cordial\u201d se tornou o pa\u00eds do homo lupus homini de Hobbes, do \u00f3dio desenfreado, tamb\u00e9m j\u00e1 parecia evidente para todos h\u00e1 algum tempo. Mas h\u00e1 fatos que chocam. A rea\u00e7\u00e3o dos nossos conservadores protofascistas \u00e0 doen\u00e7a e \u00e0 morte [&hellip;]<\/p>\n","protected":false},"author":2,"featured_media":127970,"comment_status":"open","ping_status":"closed","sticky":false,"template":"","format":"standard","meta":{"_acf_changed":false,"footnotes":""},"categories":[25],"tags":[],"class_list":["post-127969","post","type-post","status-publish","format-standard","has-post-thumbnail","hentry","category-opina-ai"],"acf":[],"yoast_head":"<!-- This site is optimized with the Yoast SEO plugin v27.5 - https:\/\/yoast.com\/product\/yoast-seo-wordpress\/ -->\n<title>Brasil sofre as consequ\u00eancias de um AVC democr\u00e1tico - Notibras<\/title>\n<meta name=\"robots\" content=\"index, follow, max-snippet:-1, max-image-preview:large, max-video-preview:-1\" \/>\n<link rel=\"canonical\" href=\"https:\/\/www.notibras.com\/site\/brasil-sofre-as-dores-de-um-avc-democratico\/\" \/>\n<meta property=\"og:locale\" content=\"pt_BR\" \/>\n<meta property=\"og:type\" content=\"article\" \/>\n<meta property=\"og:title\" content=\"Brasil sofre as consequ\u00eancias de um AVC democr\u00e1tico - Notibras\" \/>\n<meta property=\"og:description\" content=\"Marcelo Zero Que o Brasil vai mal, todo mundo sabia. Que o outrora pa\u00eds do \u201chomem cordial\u201d se tornou o pa\u00eds do homo lupus homini de Hobbes, do \u00f3dio desenfreado, tamb\u00e9m j\u00e1 parecia evidente para todos h\u00e1 algum tempo. Mas h\u00e1 fatos que chocam. A rea\u00e7\u00e3o dos nossos conservadores protofascistas \u00e0 doen\u00e7a e \u00e0 morte [&hellip;]\" \/>\n<meta property=\"og:url\" content=\"https:\/\/www.notibras.com\/site\/brasil-sofre-as-dores-de-um-avc-democratico\/\" \/>\n<meta property=\"og:site_name\" content=\"Notibras\" \/>\n<meta property=\"article:publisher\" content=\"https:\/\/www.facebook.com\/notibras\/\" \/>\n<meta property=\"article:published_time\" content=\"2017-02-07T04:46:55+00:00\" \/>\n<meta property=\"article:modified_time\" content=\"2017-02-13T11:12:19+00:00\" \/>\n<meta property=\"og:image\" content=\"https:\/\/www.notibras.com\/site\/wp-content\/uploads\/2017\/02\/64727177_PA-Sao-Bernardo-do-CampoSP04-02-2017-Velorio-de-Dona-Maria-Leticia-esposa-do-ex-pre.jpg\" \/>\n\t<meta property=\"og:image:width\" content=\"699\" \/>\n\t<meta property=\"og:image:height\" content=\"420\" \/>\n\t<meta property=\"og:image:type\" content=\"image\/jpeg\" \/>\n<meta name=\"author\" content=\"Reda\u00e7\u00e3o\" \/>\n<meta name=\"twitter:card\" content=\"summary_large_image\" \/>\n<meta name=\"twitter:creator\" content=\"@Notibras\" \/>\n<meta name=\"twitter:site\" content=\"@Notibras\" \/>\n<meta name=\"twitter:label1\" content=\"Escrito por\" \/>\n\t<meta name=\"twitter:data1\" content=\"Reda\u00e7\u00e3o\" \/>\n\t<meta name=\"twitter:label2\" content=\"Est. tempo de leitura\" \/>\n\t<meta name=\"twitter:data2\" content=\"4 minutos\" \/>\n<script type=\"application\/ld+json\" class=\"yoast-schema-graph\">{\"@context\":\"https:\\\/\\\/schema.org\",\"@graph\":[{\"@type\":\"Article\",\"@id\":\"https:\\\/\\\/www.notibras.com\\\/site\\\/brasil-sofre-as-dores-de-um-avc-democratico\\\/#article\",\"isPartOf\":{\"@id\":\"https:\\\/\\\/www.notibras.com\\\/site\\\/brasil-sofre-as-dores-de-um-avc-democratico\\\/\"},\"author\":{\"name\":\"Reda\u00e7\u00e3o\",\"@id\":\"https:\\\/\\\/www.notibras.com\\\/site\\\/#\\\/schema\\\/person\\\/36ab0979449956132d3e5b517ea76ac8\"},\"headline\":\"Brasil sofre as consequ\u00eancias de um AVC democr\u00e1tico\",\"datePublished\":\"2017-02-07T04:46:55+00:00\",\"dateModified\":\"2017-02-13T11:12:19+00:00\",\"mainEntityOfPage\":{\"@id\":\"https:\\\/\\\/www.notibras.com\\\/site\\\/brasil-sofre-as-dores-de-um-avc-democratico\\\/\"},\"wordCount\":891,\"commentCount\":0,\"publisher\":{\"@id\":\"https:\\\/\\\/www.notibras.com\\\/site\\\/#organization\"},\"image\":{\"@id\":\"https:\\\/\\\/www.notibras.com\\\/site\\\/brasil-sofre-as-dores-de-um-avc-democratico\\\/#primaryimage\"},\"thumbnailUrl\":\"https:\\\/\\\/www.notibras.com\\\/site\\\/wp-content\\\/uploads\\\/2017\\\/02\\\/64727177_PA-Sao-Bernardo-do-CampoSP04-02-2017-Velorio-de-Dona-Maria-Leticia-esposa-do-ex-pre.jpg\",\"articleSection\":[\"Opina a\u00ed\"],\"inLanguage\":\"pt-BR\",\"potentialAction\":[{\"@type\":\"CommentAction\",\"name\":\"Comment\",\"target\":[\"https:\\\/\\\/www.notibras.com\\\/site\\\/brasil-sofre-as-dores-de-um-avc-democratico\\\/#respond\"]}]},{\"@type\":\"WebPage\",\"@id\":\"https:\\\/\\\/www.notibras.com\\\/site\\\/brasil-sofre-as-dores-de-um-avc-democratico\\\/\",\"url\":\"https:\\\/\\\/www.notibras.com\\\/site\\\/brasil-sofre-as-dores-de-um-avc-democratico\\\/\",\"name\":\"Brasil sofre as consequ\u00eancias de um AVC democr\u00e1tico - Notibras\",\"isPartOf\":{\"@id\":\"https:\\\/\\\/www.notibras.com\\\/site\\\/#website\"},\"primaryImageOfPage\":{\"@id\":\"https:\\\/\\\/www.notibras.com\\\/site\\\/brasil-sofre-as-dores-de-um-avc-democratico\\\/#primaryimage\"},\"image\":{\"@id\":\"https:\\\/\\\/www.notibras.com\\\/site\\\/brasil-sofre-as-dores-de-um-avc-democratico\\\/#primaryimage\"},\"thumbnailUrl\":\"https:\\\/\\\/www.notibras.com\\\/site\\\/wp-content\\\/uploads\\\/2017\\\/02\\\/64727177_PA-Sao-Bernardo-do-CampoSP04-02-2017-Velorio-de-Dona-Maria-Leticia-esposa-do-ex-pre.jpg\",\"datePublished\":\"2017-02-07T04:46:55+00:00\",\"dateModified\":\"2017-02-13T11:12:19+00:00\",\"breadcrumb\":{\"@id\":\"https:\\\/\\\/www.notibras.com\\\/site\\\/brasil-sofre-as-dores-de-um-avc-democratico\\\/#breadcrumb\"},\"inLanguage\":\"pt-BR\",\"potentialAction\":[{\"@type\":\"ReadAction\",\"target\":[\"https:\\\/\\\/www.notibras.com\\\/site\\\/brasil-sofre-as-dores-de-um-avc-democratico\\\/\"]}]},{\"@type\":\"ImageObject\",\"inLanguage\":\"pt-BR\",\"@id\":\"https:\\\/\\\/www.notibras.com\\\/site\\\/brasil-sofre-as-dores-de-um-avc-democratico\\\/#primaryimage\",\"url\":\"https:\\\/\\\/www.notibras.com\\\/site\\\/wp-content\\\/uploads\\\/2017\\\/02\\\/64727177_PA-Sao-Bernardo-do-CampoSP04-02-2017-Velorio-de-Dona-Maria-Leticia-esposa-do-ex-pre.jpg\",\"contentUrl\":\"https:\\\/\\\/www.notibras.com\\\/site\\\/wp-content\\\/uploads\\\/2017\\\/02\\\/64727177_PA-Sao-Bernardo-do-CampoSP04-02-2017-Velorio-de-Dona-Maria-Leticia-esposa-do-ex-pre.jpg\",\"width\":699,\"height\":420},{\"@type\":\"BreadcrumbList\",\"@id\":\"https:\\\/\\\/www.notibras.com\\\/site\\\/brasil-sofre-as-dores-de-um-avc-democratico\\\/#breadcrumb\",\"itemListElement\":[{\"@type\":\"ListItem\",\"position\":1,\"name\":\"In\u00edcio\",\"item\":\"https:\\\/\\\/www.notibras.com\\\/site\\\/\"},{\"@type\":\"ListItem\",\"position\":2,\"name\":\"Brasil sofre as consequ\u00eancias de um AVC democr\u00e1tico\"}]},{\"@type\":\"WebSite\",\"@id\":\"https:\\\/\\\/www.notibras.com\\\/site\\\/#website\",\"url\":\"https:\\\/\\\/www.notibras.com\\\/site\\\/\",\"name\":\"Notibras\",\"description\":\"Not\u00edcias de Bras\u00edlia, do Brasil e do Mundo\",\"publisher\":{\"@id\":\"https:\\\/\\\/www.notibras.com\\\/site\\\/#organization\"},\"potentialAction\":[{\"@type\":\"SearchAction\",\"target\":{\"@type\":\"EntryPoint\",\"urlTemplate\":\"https:\\\/\\\/www.notibras.com\\\/site\\\/?s={search_term_string}\"},\"query-input\":{\"@type\":\"PropertyValueSpecification\",\"valueRequired\":true,\"valueName\":\"search_term_string\"}}],\"inLanguage\":\"pt-BR\"},{\"@type\":\"Organization\",\"@id\":\"https:\\\/\\\/www.notibras.com\\\/site\\\/#organization\",\"name\":\"Grupo Notibras de Comunica\u00e7\u00e3o\",\"url\":\"https:\\\/\\\/www.notibras.com\\\/site\\\/\",\"logo\":{\"@type\":\"ImageObject\",\"inLanguage\":\"pt-BR\",\"@id\":\"https:\\\/\\\/www.notibras.com\\\/site\\\/#\\\/schema\\\/logo\\\/image\\\/\",\"url\":\"https:\\\/\\\/www.notibras.com\\\/site\\\/wp-content\\\/uploads\\\/2023\\\/01\\\/notibras23.png\",\"contentUrl\":\"https:\\\/\\\/www.notibras.com\\\/site\\\/wp-content\\\/uploads\\\/2023\\\/01\\\/notibras23.png\",\"width\":350,\"height\":87,\"caption\":\"Grupo Notibras de Comunica\u00e7\u00e3o\"},\"image\":{\"@id\":\"https:\\\/\\\/www.notibras.com\\\/site\\\/#\\\/schema\\\/logo\\\/image\\\/\"},\"sameAs\":[\"https:\\\/\\\/www.facebook.com\\\/notibras\\\/\",\"https:\\\/\\\/x.com\\\/Notibras\",\"https:\\\/\\\/www.instagram.com\\\/notibras\\\/\"]},{\"@type\":\"Person\",\"@id\":\"https:\\\/\\\/www.notibras.com\\\/site\\\/#\\\/schema\\\/person\\\/36ab0979449956132d3e5b517ea76ac8\",\"name\":\"Reda\u00e7\u00e3o\",\"image\":{\"@type\":\"ImageObject\",\"inLanguage\":\"pt-BR\",\"@id\":\"https:\\\/\\\/secure.gravatar.com\\\/avatar\\\/e0a867bdedb85fd243eadf09663511f96fc81e0720a4a42581f334ad4303aa6b?s=96&d=mm&r=g\",\"url\":\"https:\\\/\\\/secure.gravatar.com\\\/avatar\\\/e0a867bdedb85fd243eadf09663511f96fc81e0720a4a42581f334ad4303aa6b?s=96&d=mm&r=g\",\"contentUrl\":\"https:\\\/\\\/secure.gravatar.com\\\/avatar\\\/e0a867bdedb85fd243eadf09663511f96fc81e0720a4a42581f334ad4303aa6b?s=96&d=mm&r=g\",\"caption\":\"Reda\u00e7\u00e3o\"}}]}<\/script>\n<!-- \/ Yoast SEO plugin. -->","yoast_head_json":{"title":"Brasil sofre as consequ\u00eancias de um AVC democr\u00e1tico - Notibras","robots":{"index":"index","follow":"follow","max-snippet":"max-snippet:-1","max-image-preview":"max-image-preview:large","max-video-preview":"max-video-preview:-1"},"canonical":"https:\/\/www.notibras.com\/site\/brasil-sofre-as-dores-de-um-avc-democratico\/","og_locale":"pt_BR","og_type":"article","og_title":"Brasil sofre as consequ\u00eancias de um AVC democr\u00e1tico - Notibras","og_description":"Marcelo Zero Que o Brasil vai mal, todo mundo sabia. Que o outrora pa\u00eds do \u201chomem cordial\u201d se tornou o pa\u00eds do homo lupus homini de Hobbes, do \u00f3dio desenfreado, tamb\u00e9m j\u00e1 parecia evidente para todos h\u00e1 algum tempo. Mas h\u00e1 fatos que chocam. A rea\u00e7\u00e3o dos nossos conservadores protofascistas \u00e0 doen\u00e7a e \u00e0 morte [&hellip;]","og_url":"https:\/\/www.notibras.com\/site\/brasil-sofre-as-dores-de-um-avc-democratico\/","og_site_name":"Notibras","article_publisher":"https:\/\/www.facebook.com\/notibras\/","article_published_time":"2017-02-07T04:46:55+00:00","article_modified_time":"2017-02-13T11:12:19+00:00","og_image":[{"width":699,"height":420,"url":"https:\/\/www.notibras.com\/site\/wp-content\/uploads\/2017\/02\/64727177_PA-Sao-Bernardo-do-CampoSP04-02-2017-Velorio-de-Dona-Maria-Leticia-esposa-do-ex-pre.jpg","type":"image\/jpeg"}],"author":"Reda\u00e7\u00e3o","twitter_card":"summary_large_image","twitter_creator":"@Notibras","twitter_site":"@Notibras","twitter_misc":{"Escrito por":"Reda\u00e7\u00e3o","Est. tempo de leitura":"4 minutos"},"schema":{"@context":"https:\/\/schema.org","@graph":[{"@type":"Article","@id":"https:\/\/www.notibras.com\/site\/brasil-sofre-as-dores-de-um-avc-democratico\/#article","isPartOf":{"@id":"https:\/\/www.notibras.com\/site\/brasil-sofre-as-dores-de-um-avc-democratico\/"},"author":{"name":"Reda\u00e7\u00e3o","@id":"https:\/\/www.notibras.com\/site\/#\/schema\/person\/36ab0979449956132d3e5b517ea76ac8"},"headline":"Brasil sofre as consequ\u00eancias de um AVC democr\u00e1tico","datePublished":"2017-02-07T04:46:55+00:00","dateModified":"2017-02-13T11:12:19+00:00","mainEntityOfPage":{"@id":"https:\/\/www.notibras.com\/site\/brasil-sofre-as-dores-de-um-avc-democratico\/"},"wordCount":891,"commentCount":0,"publisher":{"@id":"https:\/\/www.notibras.com\/site\/#organization"},"image":{"@id":"https:\/\/www.notibras.com\/site\/brasil-sofre-as-dores-de-um-avc-democratico\/#primaryimage"},"thumbnailUrl":"https:\/\/www.notibras.com\/site\/wp-content\/uploads\/2017\/02\/64727177_PA-Sao-Bernardo-do-CampoSP04-02-2017-Velorio-de-Dona-Maria-Leticia-esposa-do-ex-pre.jpg","articleSection":["Opina a\u00ed"],"inLanguage":"pt-BR","potentialAction":[{"@type":"CommentAction","name":"Comment","target":["https:\/\/www.notibras.com\/site\/brasil-sofre-as-dores-de-um-avc-democratico\/#respond"]}]},{"@type":"WebPage","@id":"https:\/\/www.notibras.com\/site\/brasil-sofre-as-dores-de-um-avc-democratico\/","url":"https:\/\/www.notibras.com\/site\/brasil-sofre-as-dores-de-um-avc-democratico\/","name":"Brasil sofre as consequ\u00eancias de um AVC democr\u00e1tico - Notibras","isPartOf":{"@id":"https:\/\/www.notibras.com\/site\/#website"},"primaryImageOfPage":{"@id":"https:\/\/www.notibras.com\/site\/brasil-sofre-as-dores-de-um-avc-democratico\/#primaryimage"},"image":{"@id":"https:\/\/www.notibras.com\/site\/brasil-sofre-as-dores-de-um-avc-democratico\/#primaryimage"},"thumbnailUrl":"https:\/\/www.notibras.com\/site\/wp-content\/uploads\/2017\/02\/64727177_PA-Sao-Bernardo-do-CampoSP04-02-2017-Velorio-de-Dona-Maria-Leticia-esposa-do-ex-pre.jpg","datePublished":"2017-02-07T04:46:55+00:00","dateModified":"2017-02-13T11:12:19+00:00","breadcrumb":{"@id":"https:\/\/www.notibras.com\/site\/brasil-sofre-as-dores-de-um-avc-democratico\/#breadcrumb"},"inLanguage":"pt-BR","potentialAction":[{"@type":"ReadAction","target":["https:\/\/www.notibras.com\/site\/brasil-sofre-as-dores-de-um-avc-democratico\/"]}]},{"@type":"ImageObject","inLanguage":"pt-BR","@id":"https:\/\/www.notibras.com\/site\/brasil-sofre-as-dores-de-um-avc-democratico\/#primaryimage","url":"https:\/\/www.notibras.com\/site\/wp-content\/uploads\/2017\/02\/64727177_PA-Sao-Bernardo-do-CampoSP04-02-2017-Velorio-de-Dona-Maria-Leticia-esposa-do-ex-pre.jpg","contentUrl":"https:\/\/www.notibras.com\/site\/wp-content\/uploads\/2017\/02\/64727177_PA-Sao-Bernardo-do-CampoSP04-02-2017-Velorio-de-Dona-Maria-Leticia-esposa-do-ex-pre.jpg","width":699,"height":420},{"@type":"BreadcrumbList","@id":"https:\/\/www.notibras.com\/site\/brasil-sofre-as-dores-de-um-avc-democratico\/#breadcrumb","itemListElement":[{"@type":"ListItem","position":1,"name":"In\u00edcio","item":"https:\/\/www.notibras.com\/site\/"},{"@type":"ListItem","position":2,"name":"Brasil sofre as consequ\u00eancias de um AVC democr\u00e1tico"}]},{"@type":"WebSite","@id":"https:\/\/www.notibras.com\/site\/#website","url":"https:\/\/www.notibras.com\/site\/","name":"Notibras","description":"Not\u00edcias de Bras\u00edlia, do Brasil e do Mundo","publisher":{"@id":"https:\/\/www.notibras.com\/site\/#organization"},"potentialAction":[{"@type":"SearchAction","target":{"@type":"EntryPoint","urlTemplate":"https:\/\/www.notibras.com\/site\/?s={search_term_string}"},"query-input":{"@type":"PropertyValueSpecification","valueRequired":true,"valueName":"search_term_string"}}],"inLanguage":"pt-BR"},{"@type":"Organization","@id":"https:\/\/www.notibras.com\/site\/#organization","name":"Grupo Notibras de Comunica\u00e7\u00e3o","url":"https:\/\/www.notibras.com\/site\/","logo":{"@type":"ImageObject","inLanguage":"pt-BR","@id":"https:\/\/www.notibras.com\/site\/#\/schema\/logo\/image\/","url":"https:\/\/www.notibras.com\/site\/wp-content\/uploads\/2023\/01\/notibras23.png","contentUrl":"https:\/\/www.notibras.com\/site\/wp-content\/uploads\/2023\/01\/notibras23.png","width":350,"height":87,"caption":"Grupo Notibras de Comunica\u00e7\u00e3o"},"image":{"@id":"https:\/\/www.notibras.com\/site\/#\/schema\/logo\/image\/"},"sameAs":["https:\/\/www.facebook.com\/notibras\/","https:\/\/x.com\/Notibras","https:\/\/www.instagram.com\/notibras\/"]},{"@type":"Person","@id":"https:\/\/www.notibras.com\/site\/#\/schema\/person\/36ab0979449956132d3e5b517ea76ac8","name":"Reda\u00e7\u00e3o","image":{"@type":"ImageObject","inLanguage":"pt-BR","@id":"https:\/\/secure.gravatar.com\/avatar\/e0a867bdedb85fd243eadf09663511f96fc81e0720a4a42581f334ad4303aa6b?s=96&d=mm&r=g","url":"https:\/\/secure.gravatar.com\/avatar\/e0a867bdedb85fd243eadf09663511f96fc81e0720a4a42581f334ad4303aa6b?s=96&d=mm&r=g","contentUrl":"https:\/\/secure.gravatar.com\/avatar\/e0a867bdedb85fd243eadf09663511f96fc81e0720a4a42581f334ad4303aa6b?s=96&d=mm&r=g","caption":"Reda\u00e7\u00e3o"}}]}},"amp_enabled":true,"_links":{"self":[{"href":"https:\/\/www.notibras.com\/site\/wp-json\/wp\/v2\/posts\/127969","targetHints":{"allow":["GET"]}}],"collection":[{"href":"https:\/\/www.notibras.com\/site\/wp-json\/wp\/v2\/posts"}],"about":[{"href":"https:\/\/www.notibras.com\/site\/wp-json\/wp\/v2\/types\/post"}],"author":[{"embeddable":true,"href":"https:\/\/www.notibras.com\/site\/wp-json\/wp\/v2\/users\/2"}],"replies":[{"embeddable":true,"href":"https:\/\/www.notibras.com\/site\/wp-json\/wp\/v2\/comments?post=127969"}],"version-history":[{"count":6,"href":"https:\/\/www.notibras.com\/site\/wp-json\/wp\/v2\/posts\/127969\/revisions"}],"predecessor-version":[{"id":128666,"href":"https:\/\/www.notibras.com\/site\/wp-json\/wp\/v2\/posts\/127969\/revisions\/128666"}],"wp:featuredmedia":[{"embeddable":true,"href":"https:\/\/www.notibras.com\/site\/wp-json\/wp\/v2\/media\/127970"}],"wp:attachment":[{"href":"https:\/\/www.notibras.com\/site\/wp-json\/wp\/v2\/media?parent=127969"}],"wp:term":[{"taxonomy":"category","embeddable":true,"href":"https:\/\/www.notibras.com\/site\/wp-json\/wp\/v2\/categories?post=127969"},{"taxonomy":"post_tag","embeddable":true,"href":"https:\/\/www.notibras.com\/site\/wp-json\/wp\/v2\/tags?post=127969"}],"curies":[{"name":"wp","href":"https:\/\/api.w.org\/{rel}","templated":true}]}}