{"id":128367,"date":"2017-02-10T08:47:04","date_gmt":"2017-02-10T10:47:04","guid":{"rendered":"http:\/\/www.notibras.com\/site\/?p=128367"},"modified":"2017-02-10T08:48:05","modified_gmt":"2017-02-10T10:48:05","slug":"quadrilhas-comecam-rachar-salve-se-quem-puder","status":"publish","type":"post","link":"https:\/\/www.notibras.com\/site\/quadrilhas-comecam-rachar-salve-se-quem-puder\/","title":{"rendered":"Quadrilha come\u00e7a a rachar na base do salve-se quem puder"},"content":{"rendered":"<p><strong>Percival Puggina<\/strong><\/p>\n<p>Imperativos de consci\u00eancia significam muito para mim. Meu grilo falante fala. Isso por um lado. Por outro, o senso de realidade me faz entender o peso dos fatos e a for\u00e7a das circunst\u00e2ncias. Faz saber que o bem pode estar onde, n\u00e3o havendo estrada, torna necess\u00e1rio usar um off road. Ent\u00e3o, querendo o bem do meu pa\u00eds e \u00e0 luz do que sei sobre nossa pol\u00edtica, trago estas reflex\u00f5es aos tantos que, como eu, nos mobilizamos pelo impeachment de Dilma Rousseff.<\/p>\n<p>Se n\u00f3s, os milh\u00f5es que nos integramos naquelas jornadas c\u00edvicas, n\u00e3o nos esfor\u00e7armos para entender os fatos, identificar e adotar a atitude correta ante o momento atual da pol\u00edtica brasileira, poderemos ficar na posi\u00e7\u00e3o de coniventes com o que est\u00e1 acontecendo, ou escolher a atitude errada ante o que vemos. N\u00e3o! A \u00e9tica, para n\u00f3s, n\u00e3o est\u00e1 em negocia\u00e7\u00e3o. O que se discute s\u00e3o as alternativas para o pa\u00eds.<\/p>\n<p>Governo petista nunca mais ser\u00e1 alternativa. Caiu de podre e de tanto maltratar a democracia com a mentira e o engodo. E caiu porque a inqualific\u00e1vel gest\u00e3o de Dilma Rousseff apenas concretizou o desastre cuidadosamente arquitetado no governo n\u00e3o menos transviado de Luis In\u00e1cio Lula da Silva. Este, irresponsavelmente, semeou na plan\u00edcie dos anos bons a cat\u00e1strofe que Dilma colheria nas escarpas. N\u00e3o tinha e n\u00e3o tem como dar certo o governo de um partido cuja orienta\u00e7\u00e3o econ\u00f4mica segue a linha de Celso Furtado e Maria da Concei\u00e7\u00e3o Tavares, cuja fil\u00f3sofa \u00e9 Marilena Chau\u00ed, cuja soci\u00f3loga \u00e9 Maria Vict\u00f3ria Benevides, cujo pedagogo \u00e9 Paulo Freire e cujo pol\u00edtico referencial \u00e9 Luiz In\u00e1cio Lula da Silva.<\/p>\n<p>\u00c9 claro, tamb\u00e9m, que nosso objetivo nas ruas, durante a viabiliza\u00e7\u00e3o pol\u00edtica do impeachment, n\u00e3o era destituir Dilma para empossar Michel Temer. A posse do vice-presidente eleito com ela foi o desdobramento constitucional do afastamento da mandat\u00e1ria. E s\u00f3 algu\u00e9m muito ing\u00eanuo, mormente \u00e0 luz do que j\u00e1 se sabia em meados de 2015 sobre a participa\u00e7\u00e3o de congressistas do PMDB e do PP nos crimes investigados pela Lava Jato, poderia aguardar, na sequ\u00eancia, um governo de honor\u00e1veis espartanos. Mesmo que houvesse n\u00famero suficiente de tais cidad\u00e3os no Congresso Nacional, compor governo s\u00f3 com eles n\u00e3o arregimentaria base suficiente para aprovar nem mesmo um voto de louvor a Madre Teresa de Calcut\u00e1.<\/p>\n<p>S\u00e3o duras estas observa\u00e7\u00f5es? Perdoem-me, mas est\u00e3o moldadas na realidade. A Orcrim, a organiza\u00e7\u00e3o criminosa no foco da Opera\u00e7\u00e3o Lava Jato, cindiu-se durante o processo de impeachment. Foi ruptura pol\u00edtica, mas n\u00e3o foi uma cis\u00e3o \u00e0 morte, como as que ocorrem entre as for\u00e7as mais ferozes do crime organizado. A prova disso surgiu na madrugada do dia 30 de novembro, quando o plen\u00e1rio da C\u00e2mara dos Deputados aprovou, pelas avessas, o pacote anticorrup\u00e7\u00e3o. Em fraternal algazarra, 313 macaquinhos cuidavam, juntos, dos pr\u00f3prios rabos.<\/p>\n<p>&#8220;O governo Temer tamb\u00e9m n\u00e3o deveria cair?&#8221;. Essa pergunta pode comparecer aos l\u00e1bios de muitos leitores. &#8220;Deus nos livre disso!&#8221;, respondo. Num sistema presidencialista, em que os processos de substitui\u00e7\u00e3o de governantes se arrastam pelo tempo e com os transtornos que acabamos de presenciar, um novo impeachment seria total irresponsabilidade. Ademais, n\u00e3o teria qualquer viabilidade pol\u00edtica, visto que Temer disp\u00f5e de s\u00f3lida base de apoio. Ele s\u00f3 pode ser atingido por uma decis\u00e3o do TSE que venha a derrubar a chapa Dilma-Temer .<\/p>\n<p>Mas isso est\u00e1 longe de ser desej\u00e1vel, ao menos por quem quer o bem do pa\u00eds e almeja, em favor de 12 milh\u00f5es de desempregados, que saiamos da crise que sufoca o setor privado e o setor p\u00fablico nacional, com pesados reflexos na vida de todos. Que se levantem os sigilos para que a nomenclatura do crime se torne conhecida antes de 2018, e sigam seu imprescind\u00edvel curso os processos criminais. Mas que a roda da gest\u00e3o continue girando. Nova e crescente instabilidade, desejada por irrespons\u00e1veis, s\u00f3 acrescentaria danos ao que j\u00e1 est\u00e1 danado de ruim.<\/p>\n","protected":false},"excerpt":{"rendered":"<p>Percival Puggina Imperativos de consci\u00eancia significam muito para mim. Meu grilo falante fala. Isso por um lado. Por outro, o senso de realidade me faz entender o peso dos fatos e a for\u00e7a das circunst\u00e2ncias. Faz saber que o bem pode estar onde, n\u00e3o havendo estrada, torna necess\u00e1rio usar um off road. Ent\u00e3o, querendo o [&hellip;]<\/p>\n","protected":false},"author":2,"featured_media":128368,"comment_status":"open","ping_status":"closed","sticky":false,"template":"","format":"standard","meta":{"_acf_changed":false,"footnotes":""},"categories":[25],"tags":[],"class_list":["post-128367","post","type-post","status-publish","format-standard","has-post-thumbnail","hentry","category-opina-ai"],"acf":[],"yoast_head":"<!-- This site is optimized with the Yoast SEO plugin v27.5 - https:\/\/yoast.com\/product\/yoast-seo-wordpress\/ -->\n<title>Quadrilha come\u00e7a a rachar na base do salve-se quem puder - Notibras<\/title>\n<meta name=\"robots\" content=\"index, follow, max-snippet:-1, max-image-preview:large, max-video-preview:-1\" \/>\n<link rel=\"canonical\" href=\"https:\/\/www.notibras.com\/site\/quadrilhas-comecam-rachar-salve-se-quem-puder\/\" \/>\n<meta property=\"og:locale\" content=\"pt_BR\" \/>\n<meta property=\"og:type\" content=\"article\" \/>\n<meta property=\"og:title\" content=\"Quadrilha come\u00e7a a rachar na base do salve-se quem puder - Notibras\" \/>\n<meta property=\"og:description\" content=\"Percival Puggina Imperativos de consci\u00eancia significam muito para mim. Meu grilo falante fala. Isso por um lado. Por outro, o senso de realidade me faz entender o peso dos fatos e a for\u00e7a das circunst\u00e2ncias. Faz saber que o bem pode estar onde, n\u00e3o havendo estrada, torna necess\u00e1rio usar um off road. Ent\u00e3o, querendo o [&hellip;]\" \/>\n<meta property=\"og:url\" content=\"https:\/\/www.notibras.com\/site\/quadrilhas-comecam-rachar-salve-se-quem-puder\/\" \/>\n<meta property=\"og:site_name\" content=\"Notibras\" \/>\n<meta property=\"article:publisher\" content=\"https:\/\/www.facebook.com\/notibras\/\" \/>\n<meta property=\"article:published_time\" content=\"2017-02-10T10:47:04+00:00\" \/>\n<meta property=\"article:modified_time\" content=\"2017-02-10T10:48:05+00:00\" \/>\n<meta property=\"og:image\" content=\"https:\/\/www.notibras.com\/site\/wp-content\/uploads\/2017\/02\/Congresso-Nacional-Foto-George-Gianni.jpg\" \/>\n\t<meta property=\"og:image:width\" content=\"1757\" \/>\n\t<meta property=\"og:image:height\" content=\"1171\" \/>\n\t<meta property=\"og:image:type\" content=\"image\/jpeg\" \/>\n<meta name=\"author\" content=\"Reda\u00e7\u00e3o\" \/>\n<meta name=\"twitter:card\" content=\"summary_large_image\" \/>\n<meta name=\"twitter:creator\" content=\"@Notibras\" \/>\n<meta name=\"twitter:site\" content=\"@Notibras\" \/>\n<meta name=\"twitter:label1\" content=\"Escrito por\" \/>\n\t<meta name=\"twitter:data1\" content=\"Reda\u00e7\u00e3o\" \/>\n\t<meta name=\"twitter:label2\" content=\"Est. tempo de leitura\" \/>\n\t<meta name=\"twitter:data2\" content=\"4 minutos\" \/>\n<script type=\"application\/ld+json\" class=\"yoast-schema-graph\">{\"@context\":\"https:\\\/\\\/schema.org\",\"@graph\":[{\"@type\":\"Article\",\"@id\":\"https:\\\/\\\/www.notibras.com\\\/site\\\/quadrilhas-comecam-rachar-salve-se-quem-puder\\\/#article\",\"isPartOf\":{\"@id\":\"https:\\\/\\\/www.notibras.com\\\/site\\\/quadrilhas-comecam-rachar-salve-se-quem-puder\\\/\"},\"author\":{\"name\":\"Reda\u00e7\u00e3o\",\"@id\":\"https:\\\/\\\/www.notibras.com\\\/site\\\/#\\\/schema\\\/person\\\/36ab0979449956132d3e5b517ea76ac8\"},\"headline\":\"Quadrilha come\u00e7a a rachar na base do salve-se quem puder\",\"datePublished\":\"2017-02-10T10:47:04+00:00\",\"dateModified\":\"2017-02-10T10:48:05+00:00\",\"mainEntityOfPage\":{\"@id\":\"https:\\\/\\\/www.notibras.com\\\/site\\\/quadrilhas-comecam-rachar-salve-se-quem-puder\\\/\"},\"wordCount\":718,\"commentCount\":0,\"publisher\":{\"@id\":\"https:\\\/\\\/www.notibras.com\\\/site\\\/#organization\"},\"image\":{\"@id\":\"https:\\\/\\\/www.notibras.com\\\/site\\\/quadrilhas-comecam-rachar-salve-se-quem-puder\\\/#primaryimage\"},\"thumbnailUrl\":\"https:\\\/\\\/www.notibras.com\\\/site\\\/wp-content\\\/uploads\\\/2017\\\/02\\\/Congresso-Nacional-Foto-George-Gianni.jpg\",\"articleSection\":[\"Opina a\u00ed\"],\"inLanguage\":\"pt-BR\",\"potentialAction\":[{\"@type\":\"CommentAction\",\"name\":\"Comment\",\"target\":[\"https:\\\/\\\/www.notibras.com\\\/site\\\/quadrilhas-comecam-rachar-salve-se-quem-puder\\\/#respond\"]}]},{\"@type\":\"WebPage\",\"@id\":\"https:\\\/\\\/www.notibras.com\\\/site\\\/quadrilhas-comecam-rachar-salve-se-quem-puder\\\/\",\"url\":\"https:\\\/\\\/www.notibras.com\\\/site\\\/quadrilhas-comecam-rachar-salve-se-quem-puder\\\/\",\"name\":\"Quadrilha come\u00e7a a rachar na base do salve-se quem puder - Notibras\",\"isPartOf\":{\"@id\":\"https:\\\/\\\/www.notibras.com\\\/site\\\/#website\"},\"primaryImageOfPage\":{\"@id\":\"https:\\\/\\\/www.notibras.com\\\/site\\\/quadrilhas-comecam-rachar-salve-se-quem-puder\\\/#primaryimage\"},\"image\":{\"@id\":\"https:\\\/\\\/www.notibras.com\\\/site\\\/quadrilhas-comecam-rachar-salve-se-quem-puder\\\/#primaryimage\"},\"thumbnailUrl\":\"https:\\\/\\\/www.notibras.com\\\/site\\\/wp-content\\\/uploads\\\/2017\\\/02\\\/Congresso-Nacional-Foto-George-Gianni.jpg\",\"datePublished\":\"2017-02-10T10:47:04+00:00\",\"dateModified\":\"2017-02-10T10:48:05+00:00\",\"breadcrumb\":{\"@id\":\"https:\\\/\\\/www.notibras.com\\\/site\\\/quadrilhas-comecam-rachar-salve-se-quem-puder\\\/#breadcrumb\"},\"inLanguage\":\"pt-BR\",\"potentialAction\":[{\"@type\":\"ReadAction\",\"target\":[\"https:\\\/\\\/www.notibras.com\\\/site\\\/quadrilhas-comecam-rachar-salve-se-quem-puder\\\/\"]}]},{\"@type\":\"ImageObject\",\"inLanguage\":\"pt-BR\",\"@id\":\"https:\\\/\\\/www.notibras.com\\\/site\\\/quadrilhas-comecam-rachar-salve-se-quem-puder\\\/#primaryimage\",\"url\":\"https:\\\/\\\/www.notibras.com\\\/site\\\/wp-content\\\/uploads\\\/2017\\\/02\\\/Congresso-Nacional-Foto-George-Gianni.jpg\",\"contentUrl\":\"https:\\\/\\\/www.notibras.com\\\/site\\\/wp-content\\\/uploads\\\/2017\\\/02\\\/Congresso-Nacional-Foto-George-Gianni.jpg\",\"width\":1757,\"height\":1171},{\"@type\":\"BreadcrumbList\",\"@id\":\"https:\\\/\\\/www.notibras.com\\\/site\\\/quadrilhas-comecam-rachar-salve-se-quem-puder\\\/#breadcrumb\",\"itemListElement\":[{\"@type\":\"ListItem\",\"position\":1,\"name\":\"In\u00edcio\",\"item\":\"https:\\\/\\\/www.notibras.com\\\/site\\\/\"},{\"@type\":\"ListItem\",\"position\":2,\"name\":\"Quadrilha come\u00e7a a rachar na base do salve-se quem puder\"}]},{\"@type\":\"WebSite\",\"@id\":\"https:\\\/\\\/www.notibras.com\\\/site\\\/#website\",\"url\":\"https:\\\/\\\/www.notibras.com\\\/site\\\/\",\"name\":\"Notibras\",\"description\":\"Not\u00edcias de Bras\u00edlia, do Brasil e do Mundo\",\"publisher\":{\"@id\":\"https:\\\/\\\/www.notibras.com\\\/site\\\/#organization\"},\"potentialAction\":[{\"@type\":\"SearchAction\",\"target\":{\"@type\":\"EntryPoint\",\"urlTemplate\":\"https:\\\/\\\/www.notibras.com\\\/site\\\/?s={search_term_string}\"},\"query-input\":{\"@type\":\"PropertyValueSpecification\",\"valueRequired\":true,\"valueName\":\"search_term_string\"}}],\"inLanguage\":\"pt-BR\"},{\"@type\":\"Organization\",\"@id\":\"https:\\\/\\\/www.notibras.com\\\/site\\\/#organization\",\"name\":\"Grupo Notibras de Comunica\u00e7\u00e3o\",\"url\":\"https:\\\/\\\/www.notibras.com\\\/site\\\/\",\"logo\":{\"@type\":\"ImageObject\",\"inLanguage\":\"pt-BR\",\"@id\":\"https:\\\/\\\/www.notibras.com\\\/site\\\/#\\\/schema\\\/logo\\\/image\\\/\",\"url\":\"https:\\\/\\\/www.notibras.com\\\/site\\\/wp-content\\\/uploads\\\/2023\\\/01\\\/notibras23.png\",\"contentUrl\":\"https:\\\/\\\/www.notibras.com\\\/site\\\/wp-content\\\/uploads\\\/2023\\\/01\\\/notibras23.png\",\"width\":350,\"height\":87,\"caption\":\"Grupo Notibras de Comunica\u00e7\u00e3o\"},\"image\":{\"@id\":\"https:\\\/\\\/www.notibras.com\\\/site\\\/#\\\/schema\\\/logo\\\/image\\\/\"},\"sameAs\":[\"https:\\\/\\\/www.facebook.com\\\/notibras\\\/\",\"https:\\\/\\\/x.com\\\/Notibras\",\"https:\\\/\\\/www.instagram.com\\\/notibras\\\/\"]},{\"@type\":\"Person\",\"@id\":\"https:\\\/\\\/www.notibras.com\\\/site\\\/#\\\/schema\\\/person\\\/36ab0979449956132d3e5b517ea76ac8\",\"name\":\"Reda\u00e7\u00e3o\",\"image\":{\"@type\":\"ImageObject\",\"inLanguage\":\"pt-BR\",\"@id\":\"https:\\\/\\\/secure.gravatar.com\\\/avatar\\\/e0a867bdedb85fd243eadf09663511f96fc81e0720a4a42581f334ad4303aa6b?s=96&d=mm&r=g\",\"url\":\"https:\\\/\\\/secure.gravatar.com\\\/avatar\\\/e0a867bdedb85fd243eadf09663511f96fc81e0720a4a42581f334ad4303aa6b?s=96&d=mm&r=g\",\"contentUrl\":\"https:\\\/\\\/secure.gravatar.com\\\/avatar\\\/e0a867bdedb85fd243eadf09663511f96fc81e0720a4a42581f334ad4303aa6b?s=96&d=mm&r=g\",\"caption\":\"Reda\u00e7\u00e3o\"}}]}<\/script>\n<!-- \/ Yoast SEO plugin. -->","yoast_head_json":{"title":"Quadrilha come\u00e7a a rachar na base do salve-se quem puder - Notibras","robots":{"index":"index","follow":"follow","max-snippet":"max-snippet:-1","max-image-preview":"max-image-preview:large","max-video-preview":"max-video-preview:-1"},"canonical":"https:\/\/www.notibras.com\/site\/quadrilhas-comecam-rachar-salve-se-quem-puder\/","og_locale":"pt_BR","og_type":"article","og_title":"Quadrilha come\u00e7a a rachar na base do salve-se quem puder - Notibras","og_description":"Percival Puggina Imperativos de consci\u00eancia significam muito para mim. Meu grilo falante fala. Isso por um lado. Por outro, o senso de realidade me faz entender o peso dos fatos e a for\u00e7a das circunst\u00e2ncias. Faz saber que o bem pode estar onde, n\u00e3o havendo estrada, torna necess\u00e1rio usar um off road. Ent\u00e3o, querendo o [&hellip;]","og_url":"https:\/\/www.notibras.com\/site\/quadrilhas-comecam-rachar-salve-se-quem-puder\/","og_site_name":"Notibras","article_publisher":"https:\/\/www.facebook.com\/notibras\/","article_published_time":"2017-02-10T10:47:04+00:00","article_modified_time":"2017-02-10T10:48:05+00:00","og_image":[{"width":1757,"height":1171,"url":"https:\/\/www.notibras.com\/site\/wp-content\/uploads\/2017\/02\/Congresso-Nacional-Foto-George-Gianni.jpg","type":"image\/jpeg"}],"author":"Reda\u00e7\u00e3o","twitter_card":"summary_large_image","twitter_creator":"@Notibras","twitter_site":"@Notibras","twitter_misc":{"Escrito por":"Reda\u00e7\u00e3o","Est. tempo de leitura":"4 minutos"},"schema":{"@context":"https:\/\/schema.org","@graph":[{"@type":"Article","@id":"https:\/\/www.notibras.com\/site\/quadrilhas-comecam-rachar-salve-se-quem-puder\/#article","isPartOf":{"@id":"https:\/\/www.notibras.com\/site\/quadrilhas-comecam-rachar-salve-se-quem-puder\/"},"author":{"name":"Reda\u00e7\u00e3o","@id":"https:\/\/www.notibras.com\/site\/#\/schema\/person\/36ab0979449956132d3e5b517ea76ac8"},"headline":"Quadrilha come\u00e7a a rachar na base do salve-se quem puder","datePublished":"2017-02-10T10:47:04+00:00","dateModified":"2017-02-10T10:48:05+00:00","mainEntityOfPage":{"@id":"https:\/\/www.notibras.com\/site\/quadrilhas-comecam-rachar-salve-se-quem-puder\/"},"wordCount":718,"commentCount":0,"publisher":{"@id":"https:\/\/www.notibras.com\/site\/#organization"},"image":{"@id":"https:\/\/www.notibras.com\/site\/quadrilhas-comecam-rachar-salve-se-quem-puder\/#primaryimage"},"thumbnailUrl":"https:\/\/www.notibras.com\/site\/wp-content\/uploads\/2017\/02\/Congresso-Nacional-Foto-George-Gianni.jpg","articleSection":["Opina a\u00ed"],"inLanguage":"pt-BR","potentialAction":[{"@type":"CommentAction","name":"Comment","target":["https:\/\/www.notibras.com\/site\/quadrilhas-comecam-rachar-salve-se-quem-puder\/#respond"]}]},{"@type":"WebPage","@id":"https:\/\/www.notibras.com\/site\/quadrilhas-comecam-rachar-salve-se-quem-puder\/","url":"https:\/\/www.notibras.com\/site\/quadrilhas-comecam-rachar-salve-se-quem-puder\/","name":"Quadrilha come\u00e7a a rachar na base do salve-se quem puder - Notibras","isPartOf":{"@id":"https:\/\/www.notibras.com\/site\/#website"},"primaryImageOfPage":{"@id":"https:\/\/www.notibras.com\/site\/quadrilhas-comecam-rachar-salve-se-quem-puder\/#primaryimage"},"image":{"@id":"https:\/\/www.notibras.com\/site\/quadrilhas-comecam-rachar-salve-se-quem-puder\/#primaryimage"},"thumbnailUrl":"https:\/\/www.notibras.com\/site\/wp-content\/uploads\/2017\/02\/Congresso-Nacional-Foto-George-Gianni.jpg","datePublished":"2017-02-10T10:47:04+00:00","dateModified":"2017-02-10T10:48:05+00:00","breadcrumb":{"@id":"https:\/\/www.notibras.com\/site\/quadrilhas-comecam-rachar-salve-se-quem-puder\/#breadcrumb"},"inLanguage":"pt-BR","potentialAction":[{"@type":"ReadAction","target":["https:\/\/www.notibras.com\/site\/quadrilhas-comecam-rachar-salve-se-quem-puder\/"]}]},{"@type":"ImageObject","inLanguage":"pt-BR","@id":"https:\/\/www.notibras.com\/site\/quadrilhas-comecam-rachar-salve-se-quem-puder\/#primaryimage","url":"https:\/\/www.notibras.com\/site\/wp-content\/uploads\/2017\/02\/Congresso-Nacional-Foto-George-Gianni.jpg","contentUrl":"https:\/\/www.notibras.com\/site\/wp-content\/uploads\/2017\/02\/Congresso-Nacional-Foto-George-Gianni.jpg","width":1757,"height":1171},{"@type":"BreadcrumbList","@id":"https:\/\/www.notibras.com\/site\/quadrilhas-comecam-rachar-salve-se-quem-puder\/#breadcrumb","itemListElement":[{"@type":"ListItem","position":1,"name":"In\u00edcio","item":"https:\/\/www.notibras.com\/site\/"},{"@type":"ListItem","position":2,"name":"Quadrilha come\u00e7a a rachar na base do salve-se quem puder"}]},{"@type":"WebSite","@id":"https:\/\/www.notibras.com\/site\/#website","url":"https:\/\/www.notibras.com\/site\/","name":"Notibras","description":"Not\u00edcias de Bras\u00edlia, do Brasil e do Mundo","publisher":{"@id":"https:\/\/www.notibras.com\/site\/#organization"},"potentialAction":[{"@type":"SearchAction","target":{"@type":"EntryPoint","urlTemplate":"https:\/\/www.notibras.com\/site\/?s={search_term_string}"},"query-input":{"@type":"PropertyValueSpecification","valueRequired":true,"valueName":"search_term_string"}}],"inLanguage":"pt-BR"},{"@type":"Organization","@id":"https:\/\/www.notibras.com\/site\/#organization","name":"Grupo Notibras de Comunica\u00e7\u00e3o","url":"https:\/\/www.notibras.com\/site\/","logo":{"@type":"ImageObject","inLanguage":"pt-BR","@id":"https:\/\/www.notibras.com\/site\/#\/schema\/logo\/image\/","url":"https:\/\/www.notibras.com\/site\/wp-content\/uploads\/2023\/01\/notibras23.png","contentUrl":"https:\/\/www.notibras.com\/site\/wp-content\/uploads\/2023\/01\/notibras23.png","width":350,"height":87,"caption":"Grupo Notibras de Comunica\u00e7\u00e3o"},"image":{"@id":"https:\/\/www.notibras.com\/site\/#\/schema\/logo\/image\/"},"sameAs":["https:\/\/www.facebook.com\/notibras\/","https:\/\/x.com\/Notibras","https:\/\/www.instagram.com\/notibras\/"]},{"@type":"Person","@id":"https:\/\/www.notibras.com\/site\/#\/schema\/person\/36ab0979449956132d3e5b517ea76ac8","name":"Reda\u00e7\u00e3o","image":{"@type":"ImageObject","inLanguage":"pt-BR","@id":"https:\/\/secure.gravatar.com\/avatar\/e0a867bdedb85fd243eadf09663511f96fc81e0720a4a42581f334ad4303aa6b?s=96&d=mm&r=g","url":"https:\/\/secure.gravatar.com\/avatar\/e0a867bdedb85fd243eadf09663511f96fc81e0720a4a42581f334ad4303aa6b?s=96&d=mm&r=g","contentUrl":"https:\/\/secure.gravatar.com\/avatar\/e0a867bdedb85fd243eadf09663511f96fc81e0720a4a42581f334ad4303aa6b?s=96&d=mm&r=g","caption":"Reda\u00e7\u00e3o"}}]}},"amp_enabled":true,"_links":{"self":[{"href":"https:\/\/www.notibras.com\/site\/wp-json\/wp\/v2\/posts\/128367","targetHints":{"allow":["GET"]}}],"collection":[{"href":"https:\/\/www.notibras.com\/site\/wp-json\/wp\/v2\/posts"}],"about":[{"href":"https:\/\/www.notibras.com\/site\/wp-json\/wp\/v2\/types\/post"}],"author":[{"embeddable":true,"href":"https:\/\/www.notibras.com\/site\/wp-json\/wp\/v2\/users\/2"}],"replies":[{"embeddable":true,"href":"https:\/\/www.notibras.com\/site\/wp-json\/wp\/v2\/comments?post=128367"}],"version-history":[{"count":2,"href":"https:\/\/www.notibras.com\/site\/wp-json\/wp\/v2\/posts\/128367\/revisions"}],"predecessor-version":[{"id":128370,"href":"https:\/\/www.notibras.com\/site\/wp-json\/wp\/v2\/posts\/128367\/revisions\/128370"}],"wp:featuredmedia":[{"embeddable":true,"href":"https:\/\/www.notibras.com\/site\/wp-json\/wp\/v2\/media\/128368"}],"wp:attachment":[{"href":"https:\/\/www.notibras.com\/site\/wp-json\/wp\/v2\/media?parent=128367"}],"wp:term":[{"taxonomy":"category","embeddable":true,"href":"https:\/\/www.notibras.com\/site\/wp-json\/wp\/v2\/categories?post=128367"},{"taxonomy":"post_tag","embeddable":true,"href":"https:\/\/www.notibras.com\/site\/wp-json\/wp\/v2\/tags?post=128367"}],"curies":[{"name":"wp","href":"https:\/\/api.w.org\/{rel}","templated":true}]}}