{"id":12851,"date":"2014-06-09T15:12:37","date_gmt":"2014-06-09T18:12:37","guid":{"rendered":"http:\/\/www.notibras.com\/site\/?p=12851"},"modified":"2014-06-09T16:15:38","modified_gmt":"2014-06-09T19:15:38","slug":"flagrado-roubando-ladrao-se-joga-de-ponte-em-porto-alegre-mas-e-preso","status":"publish","type":"post","link":"https:\/\/www.notibras.com\/site\/flagrado-roubando-ladrao-se-joga-de-ponte-em-porto-alegre-mas-e-preso\/","title":{"rendered":"Flagrado roubando, ladr\u00e3o se joga de ponte e acaba preso"},"content":{"rendered":"<p>Um homem se atirou no Gua\u00edba, em Porto Alegre,neste fim de semana, ao ser flagrado pela pol\u00edcia furtando fios no v\u00e3o m\u00f3vel da ponte. N\u00e3o adiantou e\u00a0Alexsandro Silva do Couto, 37 anos, acabou preso.<\/p>\n<p class=\"text\">A movimenta\u00e7\u00e3o suspeita foi flagrada pelas c\u00e2meras de videomonitoramento. Uma equipe de ronda foi deslocada para o local, e\u00a0quando o suspeito viu os policiais, se atirou na \u00e1gua para tentar evitar a pris\u00e3o.<\/p>\n<blockquote>\n<p class=\"text\">O homem foi encontrado e detido nas \u00e1guas do lago, perto da ponte. Segundo a PRF, ele\u00a0n\u00e3o tinha ferimentos e portava uma faca.<\/p>\n<\/blockquote>\n<p class=\"text\">A pol\u00edcia afirma que Couto\u00a0tem um longo hist\u00f3rico de furtos e pris\u00f5es, al\u00e9m de problemas com drogas. A \u00faltima que foi preso foi em janeiro deste ano, quanto tamb\u00e9m retirava fios, mas da linha do trem.<\/p>\n","protected":false},"excerpt":{"rendered":"<p>Um homem se atirou no Gua\u00edba, em Porto Alegre,neste fim de semana, ao ser flagrado pela pol\u00edcia furtando fios no v\u00e3o m\u00f3vel da ponte. N\u00e3o adiantou e\u00a0Alexsandro Silva do Couto, 37 anos, acabou preso. A movimenta\u00e7\u00e3o suspeita foi flagrada pelas c\u00e2meras de videomonitoramento. Uma equipe de ronda foi deslocada para o local, e\u00a0quando o suspeito [&hellip;]<\/p>\n","protected":false},"author":2,"featured_media":12852,"comment_status":"open","ping_status":"closed","sticky":false,"template":"","format":"standard","meta":{"_acf_changed":false,"footnotes":""},"categories":[16],"tags":[],"class_list":["post-12851","post","type-post","status-publish","format-standard","has-post-thumbnail","hentry","category-brasil"],"acf":[],"yoast_head":"<!-- This site is optimized with the Yoast SEO plugin v27.2 - https:\/\/yoast.com\/product\/yoast-seo-wordpress\/ -->\n<title>Flagrado roubando, ladr\u00e3o se joga de ponte e acaba preso - Notibras<\/title>\n<meta name=\"robots\" content=\"index, follow, max-snippet:-1, max-image-preview:large, max-video-preview:-1\" \/>\n<link rel=\"canonical\" href=\"https:\/\/www.notibras.com\/site\/flagrado-roubando-ladrao-se-joga-de-ponte-em-porto-alegre-mas-e-preso\/\" \/>\n<meta property=\"og:locale\" content=\"pt_BR\" \/>\n<meta property=\"og:type\" content=\"article\" \/>\n<meta property=\"og:title\" content=\"Flagrado roubando, ladr\u00e3o se joga de ponte e acaba preso - Notibras\" \/>\n<meta property=\"og:description\" content=\"Um homem se atirou no Gua\u00edba, em Porto Alegre,neste fim de semana, ao ser flagrado pela pol\u00edcia furtando fios no v\u00e3o m\u00f3vel da ponte. N\u00e3o adiantou e\u00a0Alexsandro Silva do Couto, 37 anos, acabou preso. A movimenta\u00e7\u00e3o suspeita foi flagrada pelas c\u00e2meras de videomonitoramento. Uma equipe de ronda foi deslocada para o local, e\u00a0quando o suspeito [&hellip;]\" \/>\n<meta property=\"og:url\" content=\"https:\/\/www.notibras.com\/site\/flagrado-roubando-ladrao-se-joga-de-ponte-em-porto-alegre-mas-e-preso\/\" \/>\n<meta property=\"og:site_name\" content=\"Notibras\" \/>\n<meta property=\"article:publisher\" content=\"https:\/\/www.facebook.com\/notibras\/\" \/>\n<meta property=\"article:published_time\" content=\"2014-06-09T18:12:37+00:00\" \/>\n<meta property=\"article:modified_time\" content=\"2014-06-09T19:15:38+00:00\" \/>\n<meta property=\"og:image\" content=\"https:\/\/www.notibras.com\/site\/wp-content\/uploads\/2014\/06\/Pris\u00e3o-homem-armado-na-Barra.jpg\" \/>\n\t<meta property=\"og:image:width\" content=\"1600\" \/>\n\t<meta property=\"og:image:height\" content=\"1200\" \/>\n\t<meta property=\"og:image:type\" content=\"image\/jpeg\" \/>\n<meta name=\"author\" content=\"Reda\u00e7\u00e3o\" \/>\n<meta name=\"twitter:card\" content=\"summary_large_image\" \/>\n<meta name=\"twitter:creator\" content=\"@Notibras\" \/>\n<meta name=\"twitter:site\" content=\"@Notibras\" \/>\n<meta name=\"twitter:label1\" content=\"Escrito por\" \/>\n\t<meta name=\"twitter:data1\" content=\"Reda\u00e7\u00e3o\" \/>\n\t<meta name=\"twitter:label2\" content=\"Est. tempo de leitura\" \/>\n\t<meta name=\"twitter:data2\" content=\"1 minuto\" \/>\n<script type=\"application\/ld+json\" class=\"yoast-schema-graph\">{\"@context\":\"https:\/\/schema.org\",\"@graph\":[{\"@type\":\"Article\",\"@id\":\"https:\/\/www.notibras.com\/site\/flagrado-roubando-ladrao-se-joga-de-ponte-em-porto-alegre-mas-e-preso\/#article\",\"isPartOf\":{\"@id\":\"https:\/\/www.notibras.com\/site\/flagrado-roubando-ladrao-se-joga-de-ponte-em-porto-alegre-mas-e-preso\/\"},\"author\":{\"name\":\"Reda\u00e7\u00e3o\",\"@id\":\"https:\/\/www.notibras.com\/site\/#\/schema\/person\/36ab0979449956132d3e5b517ea76ac8\"},\"headline\":\"Flagrado roubando, ladr\u00e3o se joga de ponte e acaba preso\",\"datePublished\":\"2014-06-09T18:12:37+00:00\",\"dateModified\":\"2014-06-09T19:15:38+00:00\",\"mainEntityOfPage\":{\"@id\":\"https:\/\/www.notibras.com\/site\/flagrado-roubando-ladrao-se-joga-de-ponte-em-porto-alegre-mas-e-preso\/\"},\"wordCount\":155,\"commentCount\":0,\"publisher\":{\"@id\":\"https:\/\/www.notibras.com\/site\/#organization\"},\"image\":{\"@id\":\"https:\/\/www.notibras.com\/site\/flagrado-roubando-ladrao-se-joga-de-ponte-em-porto-alegre-mas-e-preso\/#primaryimage\"},\"thumbnailUrl\":\"https:\/\/www.notibras.com\/site\/wp-content\/uploads\/2014\/06\/Pris\u00e3o-homem-armado-na-Barra.jpg\",\"articleSection\":[\"Brasil\"],\"inLanguage\":\"pt-BR\",\"potentialAction\":[{\"@type\":\"CommentAction\",\"name\":\"Comment\",\"target\":[\"https:\/\/www.notibras.com\/site\/flagrado-roubando-ladrao-se-joga-de-ponte-em-porto-alegre-mas-e-preso\/#respond\"]}]},{\"@type\":\"WebPage\",\"@id\":\"https:\/\/www.notibras.com\/site\/flagrado-roubando-ladrao-se-joga-de-ponte-em-porto-alegre-mas-e-preso\/\",\"url\":\"https:\/\/www.notibras.com\/site\/flagrado-roubando-ladrao-se-joga-de-ponte-em-porto-alegre-mas-e-preso\/\",\"name\":\"Flagrado roubando, ladr\u00e3o se joga de ponte e acaba preso - Notibras\",\"isPartOf\":{\"@id\":\"https:\/\/www.notibras.com\/site\/#website\"},\"primaryImageOfPage\":{\"@id\":\"https:\/\/www.notibras.com\/site\/flagrado-roubando-ladrao-se-joga-de-ponte-em-porto-alegre-mas-e-preso\/#primaryimage\"},\"image\":{\"@id\":\"https:\/\/www.notibras.com\/site\/flagrado-roubando-ladrao-se-joga-de-ponte-em-porto-alegre-mas-e-preso\/#primaryimage\"},\"thumbnailUrl\":\"https:\/\/www.notibras.com\/site\/wp-content\/uploads\/2014\/06\/Pris\u00e3o-homem-armado-na-Barra.jpg\",\"datePublished\":\"2014-06-09T18:12:37+00:00\",\"dateModified\":\"2014-06-09T19:15:38+00:00\",\"breadcrumb\":{\"@id\":\"https:\/\/www.notibras.com\/site\/flagrado-roubando-ladrao-se-joga-de-ponte-em-porto-alegre-mas-e-preso\/#breadcrumb\"},\"inLanguage\":\"pt-BR\",\"potentialAction\":[{\"@type\":\"ReadAction\",\"target\":[\"https:\/\/www.notibras.com\/site\/flagrado-roubando-ladrao-se-joga-de-ponte-em-porto-alegre-mas-e-preso\/\"]}]},{\"@type\":\"ImageObject\",\"inLanguage\":\"pt-BR\",\"@id\":\"https:\/\/www.notibras.com\/site\/flagrado-roubando-ladrao-se-joga-de-ponte-em-porto-alegre-mas-e-preso\/#primaryimage\",\"url\":\"https:\/\/www.notibras.com\/site\/wp-content\/uploads\/2014\/06\/Pris\u00e3o-homem-armado-na-Barra.jpg\",\"contentUrl\":\"https:\/\/www.notibras.com\/site\/wp-content\/uploads\/2014\/06\/Pris\u00e3o-homem-armado-na-Barra.jpg\",\"width\":1600,\"height\":1200},{\"@type\":\"BreadcrumbList\",\"@id\":\"https:\/\/www.notibras.com\/site\/flagrado-roubando-ladrao-se-joga-de-ponte-em-porto-alegre-mas-e-preso\/#breadcrumb\",\"itemListElement\":[{\"@type\":\"ListItem\",\"position\":1,\"name\":\"In\u00edcio\",\"item\":\"https:\/\/www.notibras.com\/site\/\"},{\"@type\":\"ListItem\",\"position\":2,\"name\":\"Flagrado roubando, ladr\u00e3o se joga de ponte e acaba preso\"}]},{\"@type\":\"WebSite\",\"@id\":\"https:\/\/www.notibras.com\/site\/#website\",\"url\":\"https:\/\/www.notibras.com\/site\/\",\"name\":\"Notibras\",\"description\":\"Not\u00edcias de Bras\u00edlia, do Brasil e do Mundo\",\"publisher\":{\"@id\":\"https:\/\/www.notibras.com\/site\/#organization\"},\"potentialAction\":[{\"@type\":\"SearchAction\",\"target\":{\"@type\":\"EntryPoint\",\"urlTemplate\":\"https:\/\/www.notibras.com\/site\/?s={search_term_string}\"},\"query-input\":{\"@type\":\"PropertyValueSpecification\",\"valueRequired\":true,\"valueName\":\"search_term_string\"}}],\"inLanguage\":\"pt-BR\"},{\"@type\":\"Organization\",\"@id\":\"https:\/\/www.notibras.com\/site\/#organization\",\"name\":\"Grupo Notibras de Comunica\u00e7\u00e3o\",\"url\":\"https:\/\/www.notibras.com\/site\/\",\"logo\":{\"@type\":\"ImageObject\",\"inLanguage\":\"pt-BR\",\"@id\":\"https:\/\/www.notibras.com\/site\/#\/schema\/logo\/image\/\",\"url\":\"https:\/\/www.notibras.com\/site\/wp-content\/uploads\/2023\/01\/notibras23.png\",\"contentUrl\":\"https:\/\/www.notibras.com\/site\/wp-content\/uploads\/2023\/01\/notibras23.png\",\"width\":350,\"height\":87,\"caption\":\"Grupo Notibras de Comunica\u00e7\u00e3o\"},\"image\":{\"@id\":\"https:\/\/www.notibras.com\/site\/#\/schema\/logo\/image\/\"},\"sameAs\":[\"https:\/\/www.facebook.com\/notibras\/\",\"https:\/\/x.com\/Notibras\",\"https:\/\/www.instagram.com\/notibras\/\"]},{\"@type\":\"Person\",\"@id\":\"https:\/\/www.notibras.com\/site\/#\/schema\/person\/36ab0979449956132d3e5b517ea76ac8\",\"name\":\"Reda\u00e7\u00e3o\",\"image\":{\"@type\":\"ImageObject\",\"inLanguage\":\"pt-BR\",\"@id\":\"https:\/\/secure.gravatar.com\/avatar\/e0a867bdedb85fd243eadf09663511f96fc81e0720a4a42581f334ad4303aa6b?s=96&d=mm&r=g\",\"url\":\"https:\/\/secure.gravatar.com\/avatar\/e0a867bdedb85fd243eadf09663511f96fc81e0720a4a42581f334ad4303aa6b?s=96&d=mm&r=g\",\"contentUrl\":\"https:\/\/secure.gravatar.com\/avatar\/e0a867bdedb85fd243eadf09663511f96fc81e0720a4a42581f334ad4303aa6b?s=96&d=mm&r=g\",\"caption\":\"Reda\u00e7\u00e3o\"}}]}<\/script>\n<!-- \/ Yoast SEO plugin. -->","yoast_head_json":{"title":"Flagrado roubando, ladr\u00e3o se joga de ponte e acaba preso - Notibras","robots":{"index":"index","follow":"follow","max-snippet":"max-snippet:-1","max-image-preview":"max-image-preview:large","max-video-preview":"max-video-preview:-1"},"canonical":"https:\/\/www.notibras.com\/site\/flagrado-roubando-ladrao-se-joga-de-ponte-em-porto-alegre-mas-e-preso\/","og_locale":"pt_BR","og_type":"article","og_title":"Flagrado roubando, ladr\u00e3o se joga de ponte e acaba preso - Notibras","og_description":"Um homem se atirou no Gua\u00edba, em Porto Alegre,neste fim de semana, ao ser flagrado pela pol\u00edcia furtando fios no v\u00e3o m\u00f3vel da ponte. N\u00e3o adiantou e\u00a0Alexsandro Silva do Couto, 37 anos, acabou preso. A movimenta\u00e7\u00e3o suspeita foi flagrada pelas c\u00e2meras de videomonitoramento. Uma equipe de ronda foi deslocada para o local, e\u00a0quando o suspeito [&hellip;]","og_url":"https:\/\/www.notibras.com\/site\/flagrado-roubando-ladrao-se-joga-de-ponte-em-porto-alegre-mas-e-preso\/","og_site_name":"Notibras","article_publisher":"https:\/\/www.facebook.com\/notibras\/","article_published_time":"2014-06-09T18:12:37+00:00","article_modified_time":"2014-06-09T19:15:38+00:00","og_image":[{"width":1600,"height":1200,"url":"https:\/\/www.notibras.com\/site\/wp-content\/uploads\/2014\/06\/Pris\u00e3o-homem-armado-na-Barra.jpg","type":"image\/jpeg"}],"author":"Reda\u00e7\u00e3o","twitter_card":"summary_large_image","twitter_creator":"@Notibras","twitter_site":"@Notibras","twitter_misc":{"Escrito por":"Reda\u00e7\u00e3o","Est. tempo de leitura":"1 minuto"},"schema":{"@context":"https:\/\/schema.org","@graph":[{"@type":"Article","@id":"https:\/\/www.notibras.com\/site\/flagrado-roubando-ladrao-se-joga-de-ponte-em-porto-alegre-mas-e-preso\/#article","isPartOf":{"@id":"https:\/\/www.notibras.com\/site\/flagrado-roubando-ladrao-se-joga-de-ponte-em-porto-alegre-mas-e-preso\/"},"author":{"name":"Reda\u00e7\u00e3o","@id":"https:\/\/www.notibras.com\/site\/#\/schema\/person\/36ab0979449956132d3e5b517ea76ac8"},"headline":"Flagrado roubando, ladr\u00e3o se joga de ponte e acaba preso","datePublished":"2014-06-09T18:12:37+00:00","dateModified":"2014-06-09T19:15:38+00:00","mainEntityOfPage":{"@id":"https:\/\/www.notibras.com\/site\/flagrado-roubando-ladrao-se-joga-de-ponte-em-porto-alegre-mas-e-preso\/"},"wordCount":155,"commentCount":0,"publisher":{"@id":"https:\/\/www.notibras.com\/site\/#organization"},"image":{"@id":"https:\/\/www.notibras.com\/site\/flagrado-roubando-ladrao-se-joga-de-ponte-em-porto-alegre-mas-e-preso\/#primaryimage"},"thumbnailUrl":"https:\/\/www.notibras.com\/site\/wp-content\/uploads\/2014\/06\/Pris\u00e3o-homem-armado-na-Barra.jpg","articleSection":["Brasil"],"inLanguage":"pt-BR","potentialAction":[{"@type":"CommentAction","name":"Comment","target":["https:\/\/www.notibras.com\/site\/flagrado-roubando-ladrao-se-joga-de-ponte-em-porto-alegre-mas-e-preso\/#respond"]}]},{"@type":"WebPage","@id":"https:\/\/www.notibras.com\/site\/flagrado-roubando-ladrao-se-joga-de-ponte-em-porto-alegre-mas-e-preso\/","url":"https:\/\/www.notibras.com\/site\/flagrado-roubando-ladrao-se-joga-de-ponte-em-porto-alegre-mas-e-preso\/","name":"Flagrado roubando, ladr\u00e3o se joga de ponte e acaba preso - Notibras","isPartOf":{"@id":"https:\/\/www.notibras.com\/site\/#website"},"primaryImageOfPage":{"@id":"https:\/\/www.notibras.com\/site\/flagrado-roubando-ladrao-se-joga-de-ponte-em-porto-alegre-mas-e-preso\/#primaryimage"},"image":{"@id":"https:\/\/www.notibras.com\/site\/flagrado-roubando-ladrao-se-joga-de-ponte-em-porto-alegre-mas-e-preso\/#primaryimage"},"thumbnailUrl":"https:\/\/www.notibras.com\/site\/wp-content\/uploads\/2014\/06\/Pris\u00e3o-homem-armado-na-Barra.jpg","datePublished":"2014-06-09T18:12:37+00:00","dateModified":"2014-06-09T19:15:38+00:00","breadcrumb":{"@id":"https:\/\/www.notibras.com\/site\/flagrado-roubando-ladrao-se-joga-de-ponte-em-porto-alegre-mas-e-preso\/#breadcrumb"},"inLanguage":"pt-BR","potentialAction":[{"@type":"ReadAction","target":["https:\/\/www.notibras.com\/site\/flagrado-roubando-ladrao-se-joga-de-ponte-em-porto-alegre-mas-e-preso\/"]}]},{"@type":"ImageObject","inLanguage":"pt-BR","@id":"https:\/\/www.notibras.com\/site\/flagrado-roubando-ladrao-se-joga-de-ponte-em-porto-alegre-mas-e-preso\/#primaryimage","url":"https:\/\/www.notibras.com\/site\/wp-content\/uploads\/2014\/06\/Pris\u00e3o-homem-armado-na-Barra.jpg","contentUrl":"https:\/\/www.notibras.com\/site\/wp-content\/uploads\/2014\/06\/Pris\u00e3o-homem-armado-na-Barra.jpg","width":1600,"height":1200},{"@type":"BreadcrumbList","@id":"https:\/\/www.notibras.com\/site\/flagrado-roubando-ladrao-se-joga-de-ponte-em-porto-alegre-mas-e-preso\/#breadcrumb","itemListElement":[{"@type":"ListItem","position":1,"name":"In\u00edcio","item":"https:\/\/www.notibras.com\/site\/"},{"@type":"ListItem","position":2,"name":"Flagrado roubando, ladr\u00e3o se joga de ponte e acaba preso"}]},{"@type":"WebSite","@id":"https:\/\/www.notibras.com\/site\/#website","url":"https:\/\/www.notibras.com\/site\/","name":"Notibras","description":"Not\u00edcias de Bras\u00edlia, do Brasil e do Mundo","publisher":{"@id":"https:\/\/www.notibras.com\/site\/#organization"},"potentialAction":[{"@type":"SearchAction","target":{"@type":"EntryPoint","urlTemplate":"https:\/\/www.notibras.com\/site\/?s={search_term_string}"},"query-input":{"@type":"PropertyValueSpecification","valueRequired":true,"valueName":"search_term_string"}}],"inLanguage":"pt-BR"},{"@type":"Organization","@id":"https:\/\/www.notibras.com\/site\/#organization","name":"Grupo Notibras de Comunica\u00e7\u00e3o","url":"https:\/\/www.notibras.com\/site\/","logo":{"@type":"ImageObject","inLanguage":"pt-BR","@id":"https:\/\/www.notibras.com\/site\/#\/schema\/logo\/image\/","url":"https:\/\/www.notibras.com\/site\/wp-content\/uploads\/2023\/01\/notibras23.png","contentUrl":"https:\/\/www.notibras.com\/site\/wp-content\/uploads\/2023\/01\/notibras23.png","width":350,"height":87,"caption":"Grupo Notibras de Comunica\u00e7\u00e3o"},"image":{"@id":"https:\/\/www.notibras.com\/site\/#\/schema\/logo\/image\/"},"sameAs":["https:\/\/www.facebook.com\/notibras\/","https:\/\/x.com\/Notibras","https:\/\/www.instagram.com\/notibras\/"]},{"@type":"Person","@id":"https:\/\/www.notibras.com\/site\/#\/schema\/person\/36ab0979449956132d3e5b517ea76ac8","name":"Reda\u00e7\u00e3o","image":{"@type":"ImageObject","inLanguage":"pt-BR","@id":"https:\/\/secure.gravatar.com\/avatar\/e0a867bdedb85fd243eadf09663511f96fc81e0720a4a42581f334ad4303aa6b?s=96&d=mm&r=g","url":"https:\/\/secure.gravatar.com\/avatar\/e0a867bdedb85fd243eadf09663511f96fc81e0720a4a42581f334ad4303aa6b?s=96&d=mm&r=g","contentUrl":"https:\/\/secure.gravatar.com\/avatar\/e0a867bdedb85fd243eadf09663511f96fc81e0720a4a42581f334ad4303aa6b?s=96&d=mm&r=g","caption":"Reda\u00e7\u00e3o"}}]}},"amp_enabled":true,"_links":{"self":[{"href":"https:\/\/www.notibras.com\/site\/wp-json\/wp\/v2\/posts\/12851","targetHints":{"allow":["GET"]}}],"collection":[{"href":"https:\/\/www.notibras.com\/site\/wp-json\/wp\/v2\/posts"}],"about":[{"href":"https:\/\/www.notibras.com\/site\/wp-json\/wp\/v2\/types\/post"}],"author":[{"embeddable":true,"href":"https:\/\/www.notibras.com\/site\/wp-json\/wp\/v2\/users\/2"}],"replies":[{"embeddable":true,"href":"https:\/\/www.notibras.com\/site\/wp-json\/wp\/v2\/comments?post=12851"}],"version-history":[{"count":0,"href":"https:\/\/www.notibras.com\/site\/wp-json\/wp\/v2\/posts\/12851\/revisions"}],"wp:featuredmedia":[{"embeddable":true,"href":"https:\/\/www.notibras.com\/site\/wp-json\/wp\/v2\/media\/12852"}],"wp:attachment":[{"href":"https:\/\/www.notibras.com\/site\/wp-json\/wp\/v2\/media?parent=12851"}],"wp:term":[{"taxonomy":"category","embeddable":true,"href":"https:\/\/www.notibras.com\/site\/wp-json\/wp\/v2\/categories?post=12851"},{"taxonomy":"post_tag","embeddable":true,"href":"https:\/\/www.notibras.com\/site\/wp-json\/wp\/v2\/tags?post=12851"}],"curies":[{"name":"wp","href":"https:\/\/api.w.org\/{rel}","templated":true}]}}