{"id":12856,"date":"2014-06-09T14:16:23","date_gmt":"2014-06-09T17:16:23","guid":{"rendered":"http:\/\/www.notibras.com\/site\/?p=12856"},"modified":"2014-06-09T16:17:26","modified_gmt":"2014-06-09T19:17:26","slug":"bando-que-extorquia-turistas-vai-parar-na-cadeia-de-natal","status":"publish","type":"post","link":"https:\/\/www.notibras.com\/site\/bando-que-extorquia-turistas-vai-parar-na-cadeia-de-natal\/","title":{"rendered":"Bando que extorquia turistas vai parar na cadeia de Natal"},"content":{"rendered":"<p>Tr\u00eas pessoas foram presas preventivamente nesta sexta-feira na Opera\u00e7\u00e3o Cilada, desencadeada pela Delegacia Especializada em Atendimento ao Turista (DEATUR) de Natal (RN). Elas integravam quadrilha que vinha praticando extors\u00e3o contra estrangeiros.<\/p>\n<p class=\"text\">Na a\u00e7\u00e3o foram presos Vanessa de Oliveira Ferreira, 26 anos, Geane Rodrigues Regis, 24 anos, e Prussio Mendes Parisio, 39 anos, marido de Vanessa. As pris\u00f5es foram realizadas nos bairros do Alecrim e Vila de Ponta Negra. Tamb\u00e9m foram cumpridos tr\u00eas mandados de busca e apreens\u00e3o na casa dos suspeitos.<\/p>\n<blockquote>\n<p class=\"text\">Segundo a Delegacia, o grupo extorquia dinheiro de estrangeiros sob o pretexto de que uma das garotas de programa (uma das acusadas) tinha menos de 18 anos. Caso as v\u00edtimas n\u00e3o dessem o valor exigido, seriam denunciados \u00e0 pol\u00edcia.<\/p>\n<\/blockquote>\n<p class=\"text\">De acordo com o titular da delegacia, Daniel Couto Maur\u00edcio, as investiga\u00e7\u00f5es em torno do caso duraram 12 dias, logo ap\u00f3s\u00a0um turista holand\u00eas disse estar sendo extorquido por um grupo. \u201cN\u00f3s identificamos essas pessoas e ap\u00f3s interrog\u00e1-las e levantarmos informa\u00e7\u00f5es solicitamos a pris\u00e3o junto \u00e0 Justi\u00e7a\u201d, explicou. Uma quarta suspeita identificada como Andreza Baracho dos Santos, 24 anos, encontra-se foragida.<\/p>\n","protected":false},"excerpt":{"rendered":"<p>Tr\u00eas pessoas foram presas preventivamente nesta sexta-feira na Opera\u00e7\u00e3o Cilada, desencadeada pela Delegacia Especializada em Atendimento ao Turista (DEATUR) de Natal (RN). Elas integravam quadrilha que vinha praticando extors\u00e3o contra estrangeiros. Na a\u00e7\u00e3o foram presos Vanessa de Oliveira Ferreira, 26 anos, Geane Rodrigues Regis, 24 anos, e Prussio Mendes Parisio, 39 anos, marido de Vanessa. [&hellip;]<\/p>\n","protected":false},"author":2,"featured_media":12857,"comment_status":"open","ping_status":"closed","sticky":false,"template":"","format":"standard","meta":{"_acf_changed":false,"footnotes":""},"categories":[16],"tags":[],"class_list":["post-12856","post","type-post","status-publish","format-standard","has-post-thumbnail","hentry","category-brasil"],"acf":[],"yoast_head":"<!-- This site is optimized with the Yoast SEO plugin v27.2 - https:\/\/yoast.com\/product\/yoast-seo-wordpress\/ -->\n<title>Bando que extorquia turistas vai parar na cadeia de Natal - Notibras<\/title>\n<meta name=\"robots\" content=\"index, follow, max-snippet:-1, max-image-preview:large, max-video-preview:-1\" \/>\n<link rel=\"canonical\" href=\"https:\/\/www.notibras.com\/site\/bando-que-extorquia-turistas-vai-parar-na-cadeia-de-natal\/\" \/>\n<meta property=\"og:locale\" content=\"pt_BR\" \/>\n<meta property=\"og:type\" content=\"article\" \/>\n<meta property=\"og:title\" content=\"Bando que extorquia turistas vai parar na cadeia de Natal - Notibras\" \/>\n<meta property=\"og:description\" content=\"Tr\u00eas pessoas foram presas preventivamente nesta sexta-feira na Opera\u00e7\u00e3o Cilada, desencadeada pela Delegacia Especializada em Atendimento ao Turista (DEATUR) de Natal (RN). Elas integravam quadrilha que vinha praticando extors\u00e3o contra estrangeiros. Na a\u00e7\u00e3o foram presos Vanessa de Oliveira Ferreira, 26 anos, Geane Rodrigues Regis, 24 anos, e Prussio Mendes Parisio, 39 anos, marido de Vanessa. [&hellip;]\" \/>\n<meta property=\"og:url\" content=\"https:\/\/www.notibras.com\/site\/bando-que-extorquia-turistas-vai-parar-na-cadeia-de-natal\/\" \/>\n<meta property=\"og:site_name\" content=\"Notibras\" \/>\n<meta property=\"article:publisher\" content=\"https:\/\/www.facebook.com\/notibras\/\" \/>\n<meta property=\"article:published_time\" content=\"2014-06-09T17:16:23+00:00\" \/>\n<meta property=\"article:modified_time\" content=\"2014-06-09T19:17:26+00:00\" \/>\n<meta property=\"og:image\" content=\"https:\/\/www.notibras.com\/site\/wp-content\/uploads\/2014\/06\/rnvanessapresaoperacaociladapcrn.jpg\" \/>\n\t<meta property=\"og:image:width\" content=\"480\" \/>\n\t<meta property=\"og:image:height\" content=\"640\" \/>\n\t<meta property=\"og:image:type\" content=\"image\/jpeg\" \/>\n<meta name=\"author\" content=\"Reda\u00e7\u00e3o\" \/>\n<meta name=\"twitter:card\" content=\"summary_large_image\" \/>\n<meta name=\"twitter:creator\" content=\"@Notibras\" \/>\n<meta name=\"twitter:site\" content=\"@Notibras\" \/>\n<meta name=\"twitter:label1\" content=\"Escrito por\" \/>\n\t<meta name=\"twitter:data1\" content=\"Reda\u00e7\u00e3o\" \/>\n\t<meta name=\"twitter:label2\" content=\"Est. tempo de leitura\" \/>\n\t<meta name=\"twitter:data2\" content=\"1 minuto\" \/>\n<script type=\"application\/ld+json\" class=\"yoast-schema-graph\">{\"@context\":\"https:\/\/schema.org\",\"@graph\":[{\"@type\":\"Article\",\"@id\":\"https:\/\/www.notibras.com\/site\/bando-que-extorquia-turistas-vai-parar-na-cadeia-de-natal\/#article\",\"isPartOf\":{\"@id\":\"https:\/\/www.notibras.com\/site\/bando-que-extorquia-turistas-vai-parar-na-cadeia-de-natal\/\"},\"author\":{\"name\":\"Reda\u00e7\u00e3o\",\"@id\":\"https:\/\/www.notibras.com\/site\/#\/schema\/person\/36ab0979449956132d3e5b517ea76ac8\"},\"headline\":\"Bando que extorquia turistas vai parar na cadeia de Natal\",\"datePublished\":\"2014-06-09T17:16:23+00:00\",\"dateModified\":\"2014-06-09T19:17:26+00:00\",\"mainEntityOfPage\":{\"@id\":\"https:\/\/www.notibras.com\/site\/bando-que-extorquia-turistas-vai-parar-na-cadeia-de-natal\/\"},\"wordCount\":204,\"commentCount\":0,\"publisher\":{\"@id\":\"https:\/\/www.notibras.com\/site\/#organization\"},\"image\":{\"@id\":\"https:\/\/www.notibras.com\/site\/bando-que-extorquia-turistas-vai-parar-na-cadeia-de-natal\/#primaryimage\"},\"thumbnailUrl\":\"https:\/\/www.notibras.com\/site\/wp-content\/uploads\/2014\/06\/rnvanessapresaoperacaociladapcrn.jpg\",\"articleSection\":[\"Brasil\"],\"inLanguage\":\"pt-BR\",\"potentialAction\":[{\"@type\":\"CommentAction\",\"name\":\"Comment\",\"target\":[\"https:\/\/www.notibras.com\/site\/bando-que-extorquia-turistas-vai-parar-na-cadeia-de-natal\/#respond\"]}]},{\"@type\":\"WebPage\",\"@id\":\"https:\/\/www.notibras.com\/site\/bando-que-extorquia-turistas-vai-parar-na-cadeia-de-natal\/\",\"url\":\"https:\/\/www.notibras.com\/site\/bando-que-extorquia-turistas-vai-parar-na-cadeia-de-natal\/\",\"name\":\"Bando que extorquia turistas vai parar na cadeia de Natal - Notibras\",\"isPartOf\":{\"@id\":\"https:\/\/www.notibras.com\/site\/#website\"},\"primaryImageOfPage\":{\"@id\":\"https:\/\/www.notibras.com\/site\/bando-que-extorquia-turistas-vai-parar-na-cadeia-de-natal\/#primaryimage\"},\"image\":{\"@id\":\"https:\/\/www.notibras.com\/site\/bando-que-extorquia-turistas-vai-parar-na-cadeia-de-natal\/#primaryimage\"},\"thumbnailUrl\":\"https:\/\/www.notibras.com\/site\/wp-content\/uploads\/2014\/06\/rnvanessapresaoperacaociladapcrn.jpg\",\"datePublished\":\"2014-06-09T17:16:23+00:00\",\"dateModified\":\"2014-06-09T19:17:26+00:00\",\"breadcrumb\":{\"@id\":\"https:\/\/www.notibras.com\/site\/bando-que-extorquia-turistas-vai-parar-na-cadeia-de-natal\/#breadcrumb\"},\"inLanguage\":\"pt-BR\",\"potentialAction\":[{\"@type\":\"ReadAction\",\"target\":[\"https:\/\/www.notibras.com\/site\/bando-que-extorquia-turistas-vai-parar-na-cadeia-de-natal\/\"]}]},{\"@type\":\"ImageObject\",\"inLanguage\":\"pt-BR\",\"@id\":\"https:\/\/www.notibras.com\/site\/bando-que-extorquia-turistas-vai-parar-na-cadeia-de-natal\/#primaryimage\",\"url\":\"https:\/\/www.notibras.com\/site\/wp-content\/uploads\/2014\/06\/rnvanessapresaoperacaociladapcrn.jpg\",\"contentUrl\":\"https:\/\/www.notibras.com\/site\/wp-content\/uploads\/2014\/06\/rnvanessapresaoperacaociladapcrn.jpg\",\"width\":480,\"height\":640},{\"@type\":\"BreadcrumbList\",\"@id\":\"https:\/\/www.notibras.com\/site\/bando-que-extorquia-turistas-vai-parar-na-cadeia-de-natal\/#breadcrumb\",\"itemListElement\":[{\"@type\":\"ListItem\",\"position\":1,\"name\":\"In\u00edcio\",\"item\":\"https:\/\/www.notibras.com\/site\/\"},{\"@type\":\"ListItem\",\"position\":2,\"name\":\"Bando que extorquia turistas vai parar na cadeia de Natal\"}]},{\"@type\":\"WebSite\",\"@id\":\"https:\/\/www.notibras.com\/site\/#website\",\"url\":\"https:\/\/www.notibras.com\/site\/\",\"name\":\"Notibras\",\"description\":\"Not\u00edcias de Bras\u00edlia, do Brasil e do Mundo\",\"publisher\":{\"@id\":\"https:\/\/www.notibras.com\/site\/#organization\"},\"potentialAction\":[{\"@type\":\"SearchAction\",\"target\":{\"@type\":\"EntryPoint\",\"urlTemplate\":\"https:\/\/www.notibras.com\/site\/?s={search_term_string}\"},\"query-input\":{\"@type\":\"PropertyValueSpecification\",\"valueRequired\":true,\"valueName\":\"search_term_string\"}}],\"inLanguage\":\"pt-BR\"},{\"@type\":\"Organization\",\"@id\":\"https:\/\/www.notibras.com\/site\/#organization\",\"name\":\"Grupo Notibras de Comunica\u00e7\u00e3o\",\"url\":\"https:\/\/www.notibras.com\/site\/\",\"logo\":{\"@type\":\"ImageObject\",\"inLanguage\":\"pt-BR\",\"@id\":\"https:\/\/www.notibras.com\/site\/#\/schema\/logo\/image\/\",\"url\":\"https:\/\/www.notibras.com\/site\/wp-content\/uploads\/2023\/01\/notibras23.png\",\"contentUrl\":\"https:\/\/www.notibras.com\/site\/wp-content\/uploads\/2023\/01\/notibras23.png\",\"width\":350,\"height\":87,\"caption\":\"Grupo Notibras de Comunica\u00e7\u00e3o\"},\"image\":{\"@id\":\"https:\/\/www.notibras.com\/site\/#\/schema\/logo\/image\/\"},\"sameAs\":[\"https:\/\/www.facebook.com\/notibras\/\",\"https:\/\/x.com\/Notibras\",\"https:\/\/www.instagram.com\/notibras\/\"]},{\"@type\":\"Person\",\"@id\":\"https:\/\/www.notibras.com\/site\/#\/schema\/person\/36ab0979449956132d3e5b517ea76ac8\",\"name\":\"Reda\u00e7\u00e3o\",\"image\":{\"@type\":\"ImageObject\",\"inLanguage\":\"pt-BR\",\"@id\":\"https:\/\/secure.gravatar.com\/avatar\/e0a867bdedb85fd243eadf09663511f96fc81e0720a4a42581f334ad4303aa6b?s=96&d=mm&r=g\",\"url\":\"https:\/\/secure.gravatar.com\/avatar\/e0a867bdedb85fd243eadf09663511f96fc81e0720a4a42581f334ad4303aa6b?s=96&d=mm&r=g\",\"contentUrl\":\"https:\/\/secure.gravatar.com\/avatar\/e0a867bdedb85fd243eadf09663511f96fc81e0720a4a42581f334ad4303aa6b?s=96&d=mm&r=g\",\"caption\":\"Reda\u00e7\u00e3o\"}}]}<\/script>\n<!-- \/ Yoast SEO plugin. -->","yoast_head_json":{"title":"Bando que extorquia turistas vai parar na cadeia de Natal - Notibras","robots":{"index":"index","follow":"follow","max-snippet":"max-snippet:-1","max-image-preview":"max-image-preview:large","max-video-preview":"max-video-preview:-1"},"canonical":"https:\/\/www.notibras.com\/site\/bando-que-extorquia-turistas-vai-parar-na-cadeia-de-natal\/","og_locale":"pt_BR","og_type":"article","og_title":"Bando que extorquia turistas vai parar na cadeia de Natal - Notibras","og_description":"Tr\u00eas pessoas foram presas preventivamente nesta sexta-feira na Opera\u00e7\u00e3o Cilada, desencadeada pela Delegacia Especializada em Atendimento ao Turista (DEATUR) de Natal (RN). Elas integravam quadrilha que vinha praticando extors\u00e3o contra estrangeiros. Na a\u00e7\u00e3o foram presos Vanessa de Oliveira Ferreira, 26 anos, Geane Rodrigues Regis, 24 anos, e Prussio Mendes Parisio, 39 anos, marido de Vanessa. [&hellip;]","og_url":"https:\/\/www.notibras.com\/site\/bando-que-extorquia-turistas-vai-parar-na-cadeia-de-natal\/","og_site_name":"Notibras","article_publisher":"https:\/\/www.facebook.com\/notibras\/","article_published_time":"2014-06-09T17:16:23+00:00","article_modified_time":"2014-06-09T19:17:26+00:00","og_image":[{"width":480,"height":640,"url":"https:\/\/www.notibras.com\/site\/wp-content\/uploads\/2014\/06\/rnvanessapresaoperacaociladapcrn.jpg","type":"image\/jpeg"}],"author":"Reda\u00e7\u00e3o","twitter_card":"summary_large_image","twitter_creator":"@Notibras","twitter_site":"@Notibras","twitter_misc":{"Escrito por":"Reda\u00e7\u00e3o","Est. tempo de leitura":"1 minuto"},"schema":{"@context":"https:\/\/schema.org","@graph":[{"@type":"Article","@id":"https:\/\/www.notibras.com\/site\/bando-que-extorquia-turistas-vai-parar-na-cadeia-de-natal\/#article","isPartOf":{"@id":"https:\/\/www.notibras.com\/site\/bando-que-extorquia-turistas-vai-parar-na-cadeia-de-natal\/"},"author":{"name":"Reda\u00e7\u00e3o","@id":"https:\/\/www.notibras.com\/site\/#\/schema\/person\/36ab0979449956132d3e5b517ea76ac8"},"headline":"Bando que extorquia turistas vai parar na cadeia de Natal","datePublished":"2014-06-09T17:16:23+00:00","dateModified":"2014-06-09T19:17:26+00:00","mainEntityOfPage":{"@id":"https:\/\/www.notibras.com\/site\/bando-que-extorquia-turistas-vai-parar-na-cadeia-de-natal\/"},"wordCount":204,"commentCount":0,"publisher":{"@id":"https:\/\/www.notibras.com\/site\/#organization"},"image":{"@id":"https:\/\/www.notibras.com\/site\/bando-que-extorquia-turistas-vai-parar-na-cadeia-de-natal\/#primaryimage"},"thumbnailUrl":"https:\/\/www.notibras.com\/site\/wp-content\/uploads\/2014\/06\/rnvanessapresaoperacaociladapcrn.jpg","articleSection":["Brasil"],"inLanguage":"pt-BR","potentialAction":[{"@type":"CommentAction","name":"Comment","target":["https:\/\/www.notibras.com\/site\/bando-que-extorquia-turistas-vai-parar-na-cadeia-de-natal\/#respond"]}]},{"@type":"WebPage","@id":"https:\/\/www.notibras.com\/site\/bando-que-extorquia-turistas-vai-parar-na-cadeia-de-natal\/","url":"https:\/\/www.notibras.com\/site\/bando-que-extorquia-turistas-vai-parar-na-cadeia-de-natal\/","name":"Bando que extorquia turistas vai parar na cadeia de Natal - Notibras","isPartOf":{"@id":"https:\/\/www.notibras.com\/site\/#website"},"primaryImageOfPage":{"@id":"https:\/\/www.notibras.com\/site\/bando-que-extorquia-turistas-vai-parar-na-cadeia-de-natal\/#primaryimage"},"image":{"@id":"https:\/\/www.notibras.com\/site\/bando-que-extorquia-turistas-vai-parar-na-cadeia-de-natal\/#primaryimage"},"thumbnailUrl":"https:\/\/www.notibras.com\/site\/wp-content\/uploads\/2014\/06\/rnvanessapresaoperacaociladapcrn.jpg","datePublished":"2014-06-09T17:16:23+00:00","dateModified":"2014-06-09T19:17:26+00:00","breadcrumb":{"@id":"https:\/\/www.notibras.com\/site\/bando-que-extorquia-turistas-vai-parar-na-cadeia-de-natal\/#breadcrumb"},"inLanguage":"pt-BR","potentialAction":[{"@type":"ReadAction","target":["https:\/\/www.notibras.com\/site\/bando-que-extorquia-turistas-vai-parar-na-cadeia-de-natal\/"]}]},{"@type":"ImageObject","inLanguage":"pt-BR","@id":"https:\/\/www.notibras.com\/site\/bando-que-extorquia-turistas-vai-parar-na-cadeia-de-natal\/#primaryimage","url":"https:\/\/www.notibras.com\/site\/wp-content\/uploads\/2014\/06\/rnvanessapresaoperacaociladapcrn.jpg","contentUrl":"https:\/\/www.notibras.com\/site\/wp-content\/uploads\/2014\/06\/rnvanessapresaoperacaociladapcrn.jpg","width":480,"height":640},{"@type":"BreadcrumbList","@id":"https:\/\/www.notibras.com\/site\/bando-que-extorquia-turistas-vai-parar-na-cadeia-de-natal\/#breadcrumb","itemListElement":[{"@type":"ListItem","position":1,"name":"In\u00edcio","item":"https:\/\/www.notibras.com\/site\/"},{"@type":"ListItem","position":2,"name":"Bando que extorquia turistas vai parar na cadeia de Natal"}]},{"@type":"WebSite","@id":"https:\/\/www.notibras.com\/site\/#website","url":"https:\/\/www.notibras.com\/site\/","name":"Notibras","description":"Not\u00edcias de Bras\u00edlia, do Brasil e do Mundo","publisher":{"@id":"https:\/\/www.notibras.com\/site\/#organization"},"potentialAction":[{"@type":"SearchAction","target":{"@type":"EntryPoint","urlTemplate":"https:\/\/www.notibras.com\/site\/?s={search_term_string}"},"query-input":{"@type":"PropertyValueSpecification","valueRequired":true,"valueName":"search_term_string"}}],"inLanguage":"pt-BR"},{"@type":"Organization","@id":"https:\/\/www.notibras.com\/site\/#organization","name":"Grupo Notibras de Comunica\u00e7\u00e3o","url":"https:\/\/www.notibras.com\/site\/","logo":{"@type":"ImageObject","inLanguage":"pt-BR","@id":"https:\/\/www.notibras.com\/site\/#\/schema\/logo\/image\/","url":"https:\/\/www.notibras.com\/site\/wp-content\/uploads\/2023\/01\/notibras23.png","contentUrl":"https:\/\/www.notibras.com\/site\/wp-content\/uploads\/2023\/01\/notibras23.png","width":350,"height":87,"caption":"Grupo Notibras de Comunica\u00e7\u00e3o"},"image":{"@id":"https:\/\/www.notibras.com\/site\/#\/schema\/logo\/image\/"},"sameAs":["https:\/\/www.facebook.com\/notibras\/","https:\/\/x.com\/Notibras","https:\/\/www.instagram.com\/notibras\/"]},{"@type":"Person","@id":"https:\/\/www.notibras.com\/site\/#\/schema\/person\/36ab0979449956132d3e5b517ea76ac8","name":"Reda\u00e7\u00e3o","image":{"@type":"ImageObject","inLanguage":"pt-BR","@id":"https:\/\/secure.gravatar.com\/avatar\/e0a867bdedb85fd243eadf09663511f96fc81e0720a4a42581f334ad4303aa6b?s=96&d=mm&r=g","url":"https:\/\/secure.gravatar.com\/avatar\/e0a867bdedb85fd243eadf09663511f96fc81e0720a4a42581f334ad4303aa6b?s=96&d=mm&r=g","contentUrl":"https:\/\/secure.gravatar.com\/avatar\/e0a867bdedb85fd243eadf09663511f96fc81e0720a4a42581f334ad4303aa6b?s=96&d=mm&r=g","caption":"Reda\u00e7\u00e3o"}}]}},"amp_enabled":true,"_links":{"self":[{"href":"https:\/\/www.notibras.com\/site\/wp-json\/wp\/v2\/posts\/12856","targetHints":{"allow":["GET"]}}],"collection":[{"href":"https:\/\/www.notibras.com\/site\/wp-json\/wp\/v2\/posts"}],"about":[{"href":"https:\/\/www.notibras.com\/site\/wp-json\/wp\/v2\/types\/post"}],"author":[{"embeddable":true,"href":"https:\/\/www.notibras.com\/site\/wp-json\/wp\/v2\/users\/2"}],"replies":[{"embeddable":true,"href":"https:\/\/www.notibras.com\/site\/wp-json\/wp\/v2\/comments?post=12856"}],"version-history":[{"count":0,"href":"https:\/\/www.notibras.com\/site\/wp-json\/wp\/v2\/posts\/12856\/revisions"}],"wp:featuredmedia":[{"embeddable":true,"href":"https:\/\/www.notibras.com\/site\/wp-json\/wp\/v2\/media\/12857"}],"wp:attachment":[{"href":"https:\/\/www.notibras.com\/site\/wp-json\/wp\/v2\/media?parent=12856"}],"wp:term":[{"taxonomy":"category","embeddable":true,"href":"https:\/\/www.notibras.com\/site\/wp-json\/wp\/v2\/categories?post=12856"},{"taxonomy":"post_tag","embeddable":true,"href":"https:\/\/www.notibras.com\/site\/wp-json\/wp\/v2\/tags?post=12856"}],"curies":[{"name":"wp","href":"https:\/\/api.w.org\/{rel}","templated":true}]}}