{"id":12859,"date":"2014-06-09T18:15:48","date_gmt":"2014-06-09T21:15:48","guid":{"rendered":"http:\/\/www.notibras.com\/site\/?p=12859"},"modified":"2014-06-10T02:04:53","modified_gmt":"2014-06-10T05:04:53","slug":"bancos-elevam-taxas-de-juros-temendo-piora-no-quadro-economico-do-pais","status":"publish","type":"post","link":"https:\/\/www.notibras.com\/site\/bancos-elevam-taxas-de-juros-temendo-piora-no-quadro-economico-do-pais\/","title":{"rendered":"Bancos elevam taxas de juros temendo piora na economia"},"content":{"rendered":"<p>Os bancos e o com\u00e9rcio elevaram os juros sobre os empr\u00e9stimos e compras financiadas, em maio, pela quinta vez no ano. \u00c9 a 12\u00aa alta seguida. Comportamento diferenciado em rela\u00e7\u00e3o ao do Comit\u00ea de Pol\u00edcia Monet\u00e1ria (Copom), que na \u00faltima reuni\u00e3o manteve a taxa b\u00e1sica de juros (Selic) inalterada.<\/p>\n<p>Para o diretor executivo da Associa\u00e7\u00e3o Nacional dos Executivos de Finan\u00e7as, Administra\u00e7\u00e3o e Contabilidade (Anefac), Miguel Jos\u00e9 Ribeiro de Oliveira, as corre\u00e7\u00f5es revelam que o mercado procurou se proteger contra uma eventual piora das condi\u00e7\u00f5es econ\u00f4micas e mesmo ante poss\u00edvel nova subida da Selic, que acabou n\u00e3o se confirmando.<\/p>\n<p>As pessoas f\u00edsicas pagaram, em m\u00e9dia, juros de 100,76% ao ano, em maio, ante 100,31% em abril. De acordo com a pesquisa da Anefac, enquanto a taxa Selic teve alta de 51,72% entre abril de 2013 e maio deste ano, quando atingiu 11% ao ano, o cr\u00e9dito \u00e0 pessoa f\u00edsica aumentou 87,97%.<\/p>\n<p>Apenas uma das seis linhas oferecidas \u00e0s pessoas f\u00edsicas manteve-se est\u00e1vel: a de cr\u00e9dito rotativo. Mas \u00e9 justamente a que tem as maiores taxas de cobran\u00e7a, que chegaram a 10,52% ao m\u00eas, em maio, o que d\u00e1 salgados 232,12% em 12 meses. Na virada do m\u00eas, os juros cresceram 0,02% na m\u00e9dia, constituindo-se no patamar mais elevado de taxas dos \u00faltimos dois anos.<\/p>\n<p>No com\u00e9rcio, estava sendo cobrada taxa mensal de 4,62% e 71,94% ao ano, ou 0,04 ponto percentual acima da taxa de abril &#8211; a maior corre\u00e7\u00e3o registrada na compara\u00e7\u00e3o mensal. Evolu\u00e7\u00e3o semelhante se verificou no caso do cheque especial, que cobrou, em m\u00e9dia, juros mensais de 8,22% (158,04% no ano) &#8211; taxa mais alta desde os 158,61% contabilizados em maio de 2012.<\/p>\n<p>Em rela\u00e7\u00e3o ao Cr\u00e9dito Direto ao Consumidor (CDC) nos financiamentos para a compra de autom\u00f3veis, os juros ficaram, em m\u00e9dia, 1,12% mais altos, ou 0,02 ponto percentual a mais do que em abril. No m\u00eas, a taxa variou 1,8% para cima, e em 12 meses se expandiu 23,87%.<\/p>\n<p>Para contratar um empr\u00e9stimo pessoal nos bancos, o tomador teve que pagar juros de 3,41% ao m\u00eas (49,54% ao ano), com alta de 0,29% sobre o m\u00eas anterior. Esse mesmo tipo de cr\u00e9dito em financeiras custa mais do dobro; o cliente paga juros de 7,29% ao m\u00eas (132,65% ao ano), uma eleva\u00e7\u00e3o de 0,14%.<\/p>\n<p>As empresas enfrentaram eleva\u00e7\u00f5es nas tr\u00eas linhas de cr\u00e9dito mais comuns. Na m\u00e9dia, a alta foi 0,59% no m\u00eas, com taxa de 3,41% ao m\u00eas (49,54% ao ano), a mais elevada desde agosto de 2012. O dinheiro para capital de giro ficou 2,22% mais caro, com taxa de 1,84% ao m\u00eas (24,46% ao ano); no desconto de duplicada, ocorreu alta de 0,81%, com taxa mensal de 2,48% (34,17% ao ano); e sobre a conta garantida, houve alta de 0,34% em rela\u00e7\u00e3o a abril, com taxa de 5,92% ao m\u00eas e (99,40% ao ano).<\/p>\n<div class=\"node-info\"><strong>Marli Moreira, ABr<\/strong><strong><br \/>\n<\/strong><\/div>\n","protected":false},"excerpt":{"rendered":"<p>Os bancos e o com\u00e9rcio elevaram os juros sobre os empr\u00e9stimos e compras financiadas, em maio, pela quinta vez no ano. \u00c9 a 12\u00aa alta seguida. Comportamento diferenciado em rela\u00e7\u00e3o ao do Comit\u00ea de Pol\u00edcia Monet\u00e1ria (Copom), que na \u00faltima reuni\u00e3o manteve a taxa b\u00e1sica de juros (Selic) inalterada. Para o diretor executivo da Associa\u00e7\u00e3o [&hellip;]<\/p>\n","protected":false},"author":2,"featured_media":12860,"comment_status":"open","ping_status":"closed","sticky":false,"template":"","format":"standard","meta":{"_acf_changed":false,"footnotes":""},"categories":[16],"tags":[],"class_list":["post-12859","post","type-post","status-publish","format-standard","has-post-thumbnail","hentry","category-brasil"],"acf":[],"yoast_head":"<!-- This site is optimized with the Yoast SEO plugin v27.2 - https:\/\/yoast.com\/product\/yoast-seo-wordpress\/ -->\n<title>Bancos elevam taxas de juros temendo piora na economia - Notibras<\/title>\n<meta name=\"robots\" content=\"index, follow, max-snippet:-1, max-image-preview:large, max-video-preview:-1\" \/>\n<link rel=\"canonical\" href=\"https:\/\/www.notibras.com\/site\/bancos-elevam-taxas-de-juros-temendo-piora-no-quadro-economico-do-pais\/\" \/>\n<meta property=\"og:locale\" content=\"pt_BR\" \/>\n<meta property=\"og:type\" content=\"article\" \/>\n<meta property=\"og:title\" content=\"Bancos elevam taxas de juros temendo piora na economia - Notibras\" \/>\n<meta property=\"og:description\" content=\"Os bancos e o com\u00e9rcio elevaram os juros sobre os empr\u00e9stimos e compras financiadas, em maio, pela quinta vez no ano. \u00c9 a 12\u00aa alta seguida. Comportamento diferenciado em rela\u00e7\u00e3o ao do Comit\u00ea de Pol\u00edcia Monet\u00e1ria (Copom), que na \u00faltima reuni\u00e3o manteve a taxa b\u00e1sica de juros (Selic) inalterada. Para o diretor executivo da Associa\u00e7\u00e3o [&hellip;]\" \/>\n<meta property=\"og:url\" content=\"https:\/\/www.notibras.com\/site\/bancos-elevam-taxas-de-juros-temendo-piora-no-quadro-economico-do-pais\/\" \/>\n<meta property=\"og:site_name\" content=\"Notibras\" \/>\n<meta property=\"article:publisher\" content=\"https:\/\/www.facebook.com\/notibras\/\" \/>\n<meta property=\"article:published_time\" content=\"2014-06-09T21:15:48+00:00\" \/>\n<meta property=\"article:modified_time\" content=\"2014-06-10T05:04:53+00:00\" \/>\n<meta property=\"og:image\" content=\"https:\/\/www.notibras.com\/site\/wp-content\/uploads\/2014\/06\/660x425x20140531-dinheirama-investir-juros-altos-660x425.jpg.pagespeed.ic_.944FqvKpL7.jpg\" \/>\n\t<meta property=\"og:image:width\" content=\"660\" \/>\n\t<meta property=\"og:image:height\" content=\"425\" \/>\n\t<meta property=\"og:image:type\" content=\"image\/jpeg\" \/>\n<meta name=\"author\" content=\"Reda\u00e7\u00e3o\" \/>\n<meta name=\"twitter:card\" content=\"summary_large_image\" \/>\n<meta name=\"twitter:creator\" content=\"@Notibras\" \/>\n<meta name=\"twitter:site\" content=\"@Notibras\" \/>\n<meta name=\"twitter:label1\" content=\"Escrito por\" \/>\n\t<meta name=\"twitter:data1\" content=\"Reda\u00e7\u00e3o\" \/>\n\t<meta name=\"twitter:label2\" content=\"Est. tempo de leitura\" \/>\n\t<meta name=\"twitter:data2\" content=\"2 minutos\" \/>\n<script type=\"application\/ld+json\" class=\"yoast-schema-graph\">{\"@context\":\"https:\/\/schema.org\",\"@graph\":[{\"@type\":\"Article\",\"@id\":\"https:\/\/www.notibras.com\/site\/bancos-elevam-taxas-de-juros-temendo-piora-no-quadro-economico-do-pais\/#article\",\"isPartOf\":{\"@id\":\"https:\/\/www.notibras.com\/site\/bancos-elevam-taxas-de-juros-temendo-piora-no-quadro-economico-do-pais\/\"},\"author\":{\"name\":\"Reda\u00e7\u00e3o\",\"@id\":\"https:\/\/www.notibras.com\/site\/#\/schema\/person\/36ab0979449956132d3e5b517ea76ac8\"},\"headline\":\"Bancos elevam taxas de juros temendo piora na economia\",\"datePublished\":\"2014-06-09T21:15:48+00:00\",\"dateModified\":\"2014-06-10T05:04:53+00:00\",\"mainEntityOfPage\":{\"@id\":\"https:\/\/www.notibras.com\/site\/bancos-elevam-taxas-de-juros-temendo-piora-no-quadro-economico-do-pais\/\"},\"wordCount\":488,\"commentCount\":0,\"publisher\":{\"@id\":\"https:\/\/www.notibras.com\/site\/#organization\"},\"image\":{\"@id\":\"https:\/\/www.notibras.com\/site\/bancos-elevam-taxas-de-juros-temendo-piora-no-quadro-economico-do-pais\/#primaryimage\"},\"thumbnailUrl\":\"https:\/\/www.notibras.com\/site\/wp-content\/uploads\/2014\/06\/660x425x20140531-dinheirama-investir-juros-altos-660x425.jpg.pagespeed.ic_.944FqvKpL7.jpg\",\"articleSection\":[\"Brasil\"],\"inLanguage\":\"pt-BR\",\"potentialAction\":[{\"@type\":\"CommentAction\",\"name\":\"Comment\",\"target\":[\"https:\/\/www.notibras.com\/site\/bancos-elevam-taxas-de-juros-temendo-piora-no-quadro-economico-do-pais\/#respond\"]}]},{\"@type\":\"WebPage\",\"@id\":\"https:\/\/www.notibras.com\/site\/bancos-elevam-taxas-de-juros-temendo-piora-no-quadro-economico-do-pais\/\",\"url\":\"https:\/\/www.notibras.com\/site\/bancos-elevam-taxas-de-juros-temendo-piora-no-quadro-economico-do-pais\/\",\"name\":\"Bancos elevam taxas de juros temendo piora na economia - Notibras\",\"isPartOf\":{\"@id\":\"https:\/\/www.notibras.com\/site\/#website\"},\"primaryImageOfPage\":{\"@id\":\"https:\/\/www.notibras.com\/site\/bancos-elevam-taxas-de-juros-temendo-piora-no-quadro-economico-do-pais\/#primaryimage\"},\"image\":{\"@id\":\"https:\/\/www.notibras.com\/site\/bancos-elevam-taxas-de-juros-temendo-piora-no-quadro-economico-do-pais\/#primaryimage\"},\"thumbnailUrl\":\"https:\/\/www.notibras.com\/site\/wp-content\/uploads\/2014\/06\/660x425x20140531-dinheirama-investir-juros-altos-660x425.jpg.pagespeed.ic_.944FqvKpL7.jpg\",\"datePublished\":\"2014-06-09T21:15:48+00:00\",\"dateModified\":\"2014-06-10T05:04:53+00:00\",\"breadcrumb\":{\"@id\":\"https:\/\/www.notibras.com\/site\/bancos-elevam-taxas-de-juros-temendo-piora-no-quadro-economico-do-pais\/#breadcrumb\"},\"inLanguage\":\"pt-BR\",\"potentialAction\":[{\"@type\":\"ReadAction\",\"target\":[\"https:\/\/www.notibras.com\/site\/bancos-elevam-taxas-de-juros-temendo-piora-no-quadro-economico-do-pais\/\"]}]},{\"@type\":\"ImageObject\",\"inLanguage\":\"pt-BR\",\"@id\":\"https:\/\/www.notibras.com\/site\/bancos-elevam-taxas-de-juros-temendo-piora-no-quadro-economico-do-pais\/#primaryimage\",\"url\":\"https:\/\/www.notibras.com\/site\/wp-content\/uploads\/2014\/06\/660x425x20140531-dinheirama-investir-juros-altos-660x425.jpg.pagespeed.ic_.944FqvKpL7.jpg\",\"contentUrl\":\"https:\/\/www.notibras.com\/site\/wp-content\/uploads\/2014\/06\/660x425x20140531-dinheirama-investir-juros-altos-660x425.jpg.pagespeed.ic_.944FqvKpL7.jpg\",\"width\":660,\"height\":425},{\"@type\":\"BreadcrumbList\",\"@id\":\"https:\/\/www.notibras.com\/site\/bancos-elevam-taxas-de-juros-temendo-piora-no-quadro-economico-do-pais\/#breadcrumb\",\"itemListElement\":[{\"@type\":\"ListItem\",\"position\":1,\"name\":\"In\u00edcio\",\"item\":\"https:\/\/www.notibras.com\/site\/\"},{\"@type\":\"ListItem\",\"position\":2,\"name\":\"Bancos elevam taxas de juros temendo piora na economia\"}]},{\"@type\":\"WebSite\",\"@id\":\"https:\/\/www.notibras.com\/site\/#website\",\"url\":\"https:\/\/www.notibras.com\/site\/\",\"name\":\"Notibras\",\"description\":\"Not\u00edcias de Bras\u00edlia, do Brasil e do Mundo\",\"publisher\":{\"@id\":\"https:\/\/www.notibras.com\/site\/#organization\"},\"potentialAction\":[{\"@type\":\"SearchAction\",\"target\":{\"@type\":\"EntryPoint\",\"urlTemplate\":\"https:\/\/www.notibras.com\/site\/?s={search_term_string}\"},\"query-input\":{\"@type\":\"PropertyValueSpecification\",\"valueRequired\":true,\"valueName\":\"search_term_string\"}}],\"inLanguage\":\"pt-BR\"},{\"@type\":\"Organization\",\"@id\":\"https:\/\/www.notibras.com\/site\/#organization\",\"name\":\"Grupo Notibras de Comunica\u00e7\u00e3o\",\"url\":\"https:\/\/www.notibras.com\/site\/\",\"logo\":{\"@type\":\"ImageObject\",\"inLanguage\":\"pt-BR\",\"@id\":\"https:\/\/www.notibras.com\/site\/#\/schema\/logo\/image\/\",\"url\":\"https:\/\/www.notibras.com\/site\/wp-content\/uploads\/2023\/01\/notibras23.png\",\"contentUrl\":\"https:\/\/www.notibras.com\/site\/wp-content\/uploads\/2023\/01\/notibras23.png\",\"width\":350,\"height\":87,\"caption\":\"Grupo Notibras de Comunica\u00e7\u00e3o\"},\"image\":{\"@id\":\"https:\/\/www.notibras.com\/site\/#\/schema\/logo\/image\/\"},\"sameAs\":[\"https:\/\/www.facebook.com\/notibras\/\",\"https:\/\/x.com\/Notibras\",\"https:\/\/www.instagram.com\/notibras\/\"]},{\"@type\":\"Person\",\"@id\":\"https:\/\/www.notibras.com\/site\/#\/schema\/person\/36ab0979449956132d3e5b517ea76ac8\",\"name\":\"Reda\u00e7\u00e3o\",\"image\":{\"@type\":\"ImageObject\",\"inLanguage\":\"pt-BR\",\"@id\":\"https:\/\/secure.gravatar.com\/avatar\/e0a867bdedb85fd243eadf09663511f96fc81e0720a4a42581f334ad4303aa6b?s=96&d=mm&r=g\",\"url\":\"https:\/\/secure.gravatar.com\/avatar\/e0a867bdedb85fd243eadf09663511f96fc81e0720a4a42581f334ad4303aa6b?s=96&d=mm&r=g\",\"contentUrl\":\"https:\/\/secure.gravatar.com\/avatar\/e0a867bdedb85fd243eadf09663511f96fc81e0720a4a42581f334ad4303aa6b?s=96&d=mm&r=g\",\"caption\":\"Reda\u00e7\u00e3o\"}}]}<\/script>\n<!-- \/ Yoast SEO plugin. -->","yoast_head_json":{"title":"Bancos elevam taxas de juros temendo piora na economia - Notibras","robots":{"index":"index","follow":"follow","max-snippet":"max-snippet:-1","max-image-preview":"max-image-preview:large","max-video-preview":"max-video-preview:-1"},"canonical":"https:\/\/www.notibras.com\/site\/bancos-elevam-taxas-de-juros-temendo-piora-no-quadro-economico-do-pais\/","og_locale":"pt_BR","og_type":"article","og_title":"Bancos elevam taxas de juros temendo piora na economia - Notibras","og_description":"Os bancos e o com\u00e9rcio elevaram os juros sobre os empr\u00e9stimos e compras financiadas, em maio, pela quinta vez no ano. \u00c9 a 12\u00aa alta seguida. Comportamento diferenciado em rela\u00e7\u00e3o ao do Comit\u00ea de Pol\u00edcia Monet\u00e1ria (Copom), que na \u00faltima reuni\u00e3o manteve a taxa b\u00e1sica de juros (Selic) inalterada. Para o diretor executivo da Associa\u00e7\u00e3o [&hellip;]","og_url":"https:\/\/www.notibras.com\/site\/bancos-elevam-taxas-de-juros-temendo-piora-no-quadro-economico-do-pais\/","og_site_name":"Notibras","article_publisher":"https:\/\/www.facebook.com\/notibras\/","article_published_time":"2014-06-09T21:15:48+00:00","article_modified_time":"2014-06-10T05:04:53+00:00","og_image":[{"width":660,"height":425,"url":"https:\/\/www.notibras.com\/site\/wp-content\/uploads\/2014\/06\/660x425x20140531-dinheirama-investir-juros-altos-660x425.jpg.pagespeed.ic_.944FqvKpL7.jpg","type":"image\/jpeg"}],"author":"Reda\u00e7\u00e3o","twitter_card":"summary_large_image","twitter_creator":"@Notibras","twitter_site":"@Notibras","twitter_misc":{"Escrito por":"Reda\u00e7\u00e3o","Est. tempo de leitura":"2 minutos"},"schema":{"@context":"https:\/\/schema.org","@graph":[{"@type":"Article","@id":"https:\/\/www.notibras.com\/site\/bancos-elevam-taxas-de-juros-temendo-piora-no-quadro-economico-do-pais\/#article","isPartOf":{"@id":"https:\/\/www.notibras.com\/site\/bancos-elevam-taxas-de-juros-temendo-piora-no-quadro-economico-do-pais\/"},"author":{"name":"Reda\u00e7\u00e3o","@id":"https:\/\/www.notibras.com\/site\/#\/schema\/person\/36ab0979449956132d3e5b517ea76ac8"},"headline":"Bancos elevam taxas de juros temendo piora na economia","datePublished":"2014-06-09T21:15:48+00:00","dateModified":"2014-06-10T05:04:53+00:00","mainEntityOfPage":{"@id":"https:\/\/www.notibras.com\/site\/bancos-elevam-taxas-de-juros-temendo-piora-no-quadro-economico-do-pais\/"},"wordCount":488,"commentCount":0,"publisher":{"@id":"https:\/\/www.notibras.com\/site\/#organization"},"image":{"@id":"https:\/\/www.notibras.com\/site\/bancos-elevam-taxas-de-juros-temendo-piora-no-quadro-economico-do-pais\/#primaryimage"},"thumbnailUrl":"https:\/\/www.notibras.com\/site\/wp-content\/uploads\/2014\/06\/660x425x20140531-dinheirama-investir-juros-altos-660x425.jpg.pagespeed.ic_.944FqvKpL7.jpg","articleSection":["Brasil"],"inLanguage":"pt-BR","potentialAction":[{"@type":"CommentAction","name":"Comment","target":["https:\/\/www.notibras.com\/site\/bancos-elevam-taxas-de-juros-temendo-piora-no-quadro-economico-do-pais\/#respond"]}]},{"@type":"WebPage","@id":"https:\/\/www.notibras.com\/site\/bancos-elevam-taxas-de-juros-temendo-piora-no-quadro-economico-do-pais\/","url":"https:\/\/www.notibras.com\/site\/bancos-elevam-taxas-de-juros-temendo-piora-no-quadro-economico-do-pais\/","name":"Bancos elevam taxas de juros temendo piora na economia - Notibras","isPartOf":{"@id":"https:\/\/www.notibras.com\/site\/#website"},"primaryImageOfPage":{"@id":"https:\/\/www.notibras.com\/site\/bancos-elevam-taxas-de-juros-temendo-piora-no-quadro-economico-do-pais\/#primaryimage"},"image":{"@id":"https:\/\/www.notibras.com\/site\/bancos-elevam-taxas-de-juros-temendo-piora-no-quadro-economico-do-pais\/#primaryimage"},"thumbnailUrl":"https:\/\/www.notibras.com\/site\/wp-content\/uploads\/2014\/06\/660x425x20140531-dinheirama-investir-juros-altos-660x425.jpg.pagespeed.ic_.944FqvKpL7.jpg","datePublished":"2014-06-09T21:15:48+00:00","dateModified":"2014-06-10T05:04:53+00:00","breadcrumb":{"@id":"https:\/\/www.notibras.com\/site\/bancos-elevam-taxas-de-juros-temendo-piora-no-quadro-economico-do-pais\/#breadcrumb"},"inLanguage":"pt-BR","potentialAction":[{"@type":"ReadAction","target":["https:\/\/www.notibras.com\/site\/bancos-elevam-taxas-de-juros-temendo-piora-no-quadro-economico-do-pais\/"]}]},{"@type":"ImageObject","inLanguage":"pt-BR","@id":"https:\/\/www.notibras.com\/site\/bancos-elevam-taxas-de-juros-temendo-piora-no-quadro-economico-do-pais\/#primaryimage","url":"https:\/\/www.notibras.com\/site\/wp-content\/uploads\/2014\/06\/660x425x20140531-dinheirama-investir-juros-altos-660x425.jpg.pagespeed.ic_.944FqvKpL7.jpg","contentUrl":"https:\/\/www.notibras.com\/site\/wp-content\/uploads\/2014\/06\/660x425x20140531-dinheirama-investir-juros-altos-660x425.jpg.pagespeed.ic_.944FqvKpL7.jpg","width":660,"height":425},{"@type":"BreadcrumbList","@id":"https:\/\/www.notibras.com\/site\/bancos-elevam-taxas-de-juros-temendo-piora-no-quadro-economico-do-pais\/#breadcrumb","itemListElement":[{"@type":"ListItem","position":1,"name":"In\u00edcio","item":"https:\/\/www.notibras.com\/site\/"},{"@type":"ListItem","position":2,"name":"Bancos elevam taxas de juros temendo piora na economia"}]},{"@type":"WebSite","@id":"https:\/\/www.notibras.com\/site\/#website","url":"https:\/\/www.notibras.com\/site\/","name":"Notibras","description":"Not\u00edcias de Bras\u00edlia, do Brasil e do Mundo","publisher":{"@id":"https:\/\/www.notibras.com\/site\/#organization"},"potentialAction":[{"@type":"SearchAction","target":{"@type":"EntryPoint","urlTemplate":"https:\/\/www.notibras.com\/site\/?s={search_term_string}"},"query-input":{"@type":"PropertyValueSpecification","valueRequired":true,"valueName":"search_term_string"}}],"inLanguage":"pt-BR"},{"@type":"Organization","@id":"https:\/\/www.notibras.com\/site\/#organization","name":"Grupo Notibras de Comunica\u00e7\u00e3o","url":"https:\/\/www.notibras.com\/site\/","logo":{"@type":"ImageObject","inLanguage":"pt-BR","@id":"https:\/\/www.notibras.com\/site\/#\/schema\/logo\/image\/","url":"https:\/\/www.notibras.com\/site\/wp-content\/uploads\/2023\/01\/notibras23.png","contentUrl":"https:\/\/www.notibras.com\/site\/wp-content\/uploads\/2023\/01\/notibras23.png","width":350,"height":87,"caption":"Grupo Notibras de Comunica\u00e7\u00e3o"},"image":{"@id":"https:\/\/www.notibras.com\/site\/#\/schema\/logo\/image\/"},"sameAs":["https:\/\/www.facebook.com\/notibras\/","https:\/\/x.com\/Notibras","https:\/\/www.instagram.com\/notibras\/"]},{"@type":"Person","@id":"https:\/\/www.notibras.com\/site\/#\/schema\/person\/36ab0979449956132d3e5b517ea76ac8","name":"Reda\u00e7\u00e3o","image":{"@type":"ImageObject","inLanguage":"pt-BR","@id":"https:\/\/secure.gravatar.com\/avatar\/e0a867bdedb85fd243eadf09663511f96fc81e0720a4a42581f334ad4303aa6b?s=96&d=mm&r=g","url":"https:\/\/secure.gravatar.com\/avatar\/e0a867bdedb85fd243eadf09663511f96fc81e0720a4a42581f334ad4303aa6b?s=96&d=mm&r=g","contentUrl":"https:\/\/secure.gravatar.com\/avatar\/e0a867bdedb85fd243eadf09663511f96fc81e0720a4a42581f334ad4303aa6b?s=96&d=mm&r=g","caption":"Reda\u00e7\u00e3o"}}]}},"amp_enabled":true,"_links":{"self":[{"href":"https:\/\/www.notibras.com\/site\/wp-json\/wp\/v2\/posts\/12859","targetHints":{"allow":["GET"]}}],"collection":[{"href":"https:\/\/www.notibras.com\/site\/wp-json\/wp\/v2\/posts"}],"about":[{"href":"https:\/\/www.notibras.com\/site\/wp-json\/wp\/v2\/types\/post"}],"author":[{"embeddable":true,"href":"https:\/\/www.notibras.com\/site\/wp-json\/wp\/v2\/users\/2"}],"replies":[{"embeddable":true,"href":"https:\/\/www.notibras.com\/site\/wp-json\/wp\/v2\/comments?post=12859"}],"version-history":[{"count":0,"href":"https:\/\/www.notibras.com\/site\/wp-json\/wp\/v2\/posts\/12859\/revisions"}],"wp:featuredmedia":[{"embeddable":true,"href":"https:\/\/www.notibras.com\/site\/wp-json\/wp\/v2\/media\/12860"}],"wp:attachment":[{"href":"https:\/\/www.notibras.com\/site\/wp-json\/wp\/v2\/media?parent=12859"}],"wp:term":[{"taxonomy":"category","embeddable":true,"href":"https:\/\/www.notibras.com\/site\/wp-json\/wp\/v2\/categories?post=12859"},{"taxonomy":"post_tag","embeddable":true,"href":"https:\/\/www.notibras.com\/site\/wp-json\/wp\/v2\/tags?post=12859"}],"curies":[{"name":"wp","href":"https:\/\/api.w.org\/{rel}","templated":true}]}}