{"id":128590,"date":"2017-02-12T18:35:17","date_gmt":"2017-02-12T20:35:17","guid":{"rendered":"http:\/\/www.notibras.com\/site\/?p=128590"},"modified":"2017-02-12T18:40:53","modified_gmt":"2017-02-12T20:40:53","slug":"tetano-de-furo-de-prego-e-o-mimimi-que-antecipa-2018","status":"publish","type":"post","link":"https:\/\/www.notibras.com\/site\/tetano-de-furo-de-prego-e-o-mimimi-que-antecipa-2018\/","title":{"rendered":"T\u00e9tano de furo de prego e o mimimi que antecipa 2018"},"content":{"rendered":"<p><strong>Jo\u00e3o Moura<\/strong><\/p>\n<p>A palavra de ordem \u00e9 caos. O voto dado aos atores principais nas \u00faltimas elei\u00e7\u00f5es virou um t\u00e9tano. Nada (ainda) comparado a roubalheira do Rio, nem ao assalto aos cofres da Na\u00e7\u00e3o, feito pela quadrilha que tomou o Planalto desde tempos idos.<\/p>\n<p>O certo, por\u00e9m, \u00e9 que com as \u00faltimas movimenta\u00e7\u00f5es no xadrez pol\u00edtico da capital da Rep\u00fablica para o pleito de 2018, toca-se uma m\u00fasica repetida \u2013 e ouvimos seus ecos roucos, nada animadores.<\/p>\n<p>\u201cBrilhou\u2026 a coroa na luz do sol e do c\u00e9u mais bonito!<\/p>\n<p>Nos troncos a eternidade\u2026 a reza e a magia do paj\u00e9\u201d.<\/p>\n<p>J\u00e1 \u00e9 samba-enredo n\u00e3o s\u00f3 nas escolas de samba da carnav\u00e1lia brasileira&#8230;<\/p>\n<p>Esse mimimimimi pol\u00edtico est\u00e1 por conta da libera\u00e7\u00e3o (pelo menos por enquanto) do ex-vice-governador para subir no palanque; e por olhares fugazes do senador que tamb\u00e9m j\u00e1 foi governador.<\/p>\n<p>Ali\u00e1s, nesse quesito de ex-governador candidato em 2018 tem mais um na espreita: o vi\u00favo n\u00e3o fala nada por enquanto, mas j\u00e1 soltou seu hit mimimimico para tocar no Planalto e nos subterr\u00e2neos do poder candango.<\/p>\n<p>\u00c9 como uma velha e conhecida m\u00fasica da noite bo\u00eamia: \u201cEu voltei! Agora pra ficar. Por que aqui, aqui \u00e9 meu lugar\u201d&#8230; e por ai vai&#8230;<\/p>\n<p>Pelo menos \u00e9 isso que velhos caciques pol\u00edticos pensam, ou seja, acham que a cidade \u00e9 deles. E como n\u00e3o tem governo mesmo na Casa de M\u00e3e Joana, fica f\u00e1cil chegar novamente.<\/p>\n<p>O povo \u00e9 esquecido mesmo. E da\u00ed?! Bora l\u00e1! O guaran\u00e1 est\u00e1 de volta, s\u00f3 que na forma de maracuj\u00e1 de gaveta e seu \u201cpi\u00f3 que t\u00e1 num fica\u201d. Vai que cola, n\u00e3o \u00e9 mesmo?<\/p>\n<p>Alguns que sonham com o agro e com o business tamb\u00e9m querem, mas v\u00e3o pelo caminho do mesmo: querem ser o cisne porque, como patos, n\u00e3o batem mais panelas. Entretanto, querem o \u201cX\u201d melhor do hamb\u00farguer, Justamente os que, como muitos outros de sua ra\u00e7a, representam a elite que defende capitalismo puro, mas n\u00e3o dispensam ajuda do Estado.<\/p>\n<p>Na festa pol\u00edtica segue a devo\u00e7\u00e3o.<\/p>\n<p>Vem \u201csi minino\u201d pro carnaval, pro forr\u00f3 e pra elei\u00e7\u00e3o. \u00c9 o brasileir\u00e3o que come\u00e7ou&#8230;<\/p>\n<p>O problema \u00e9 que boa parte da popula\u00e7\u00e3o ainda n\u00e3o est\u00e1 nem enxergando a treta. Uns dormem tranquilos, convictos de que o pior j\u00e1 passou. Outros est\u00e3o ocupados demais denunciando a ilegalidade, e n\u00e3o percebem que o tal golpe \u00e9 muito mais amplo do que a derrubada de sua amada marrenta \u2013 ele come\u00e7ou bem antes disso, ainda com um \u00eddolo de p\u00e9s de barro, e segue se aprofundando com apoio de parte do pr\u00f3prio s\u00e9quito.<\/p>\n<p>Para essa galera s\u00f3 tem um rem\u00e9dio. \u00c9 como diz o ditado: Para curar furada de prego, o rem\u00e9dio \u00e9 ch\u00e1 de arame farpado.<\/p>\n<p>Mas \u00e9 bom ter cuidado com o t\u00e9tano&#8230; que se chama voto.<\/p>\n","protected":false},"excerpt":{"rendered":"<p>Jo\u00e3o Moura A palavra de ordem \u00e9 caos. O voto dado aos atores principais nas \u00faltimas elei\u00e7\u00f5es virou um t\u00e9tano. Nada (ainda) comparado a roubalheira do Rio, nem ao assalto aos cofres da Na\u00e7\u00e3o, feito pela quadrilha que tomou o Planalto desde tempos idos. O certo, por\u00e9m, \u00e9 que com as \u00faltimas movimenta\u00e7\u00f5es no xadrez [&hellip;]<\/p>\n","protected":false},"author":2,"featured_media":128591,"comment_status":"open","ping_status":"closed","sticky":false,"template":"","format":"standard","meta":{"_acf_changed":false,"footnotes":""},"categories":[25],"tags":[],"class_list":["post-128590","post","type-post","status-publish","format-standard","has-post-thumbnail","hentry","category-opina-ai"],"acf":[],"yoast_head":"<!-- This site is optimized with the Yoast SEO plugin v27.5 - https:\/\/yoast.com\/product\/yoast-seo-wordpress\/ -->\n<title>T\u00e9tano de furo de prego e o mimimi que antecipa 2018 - Notibras<\/title>\n<meta name=\"robots\" content=\"index, follow, max-snippet:-1, max-image-preview:large, max-video-preview:-1\" \/>\n<link rel=\"canonical\" href=\"https:\/\/www.notibras.com\/site\/tetano-de-furo-de-prego-e-o-mimimi-que-antecipa-2018\/\" \/>\n<meta property=\"og:locale\" content=\"pt_BR\" \/>\n<meta property=\"og:type\" content=\"article\" \/>\n<meta property=\"og:title\" content=\"T\u00e9tano de furo de prego e o mimimi que antecipa 2018 - Notibras\" \/>\n<meta property=\"og:description\" content=\"Jo\u00e3o Moura A palavra de ordem \u00e9 caos. O voto dado aos atores principais nas \u00faltimas elei\u00e7\u00f5es virou um t\u00e9tano. Nada (ainda) comparado a roubalheira do Rio, nem ao assalto aos cofres da Na\u00e7\u00e3o, feito pela quadrilha que tomou o Planalto desde tempos idos. O certo, por\u00e9m, \u00e9 que com as \u00faltimas movimenta\u00e7\u00f5es no xadrez [&hellip;]\" \/>\n<meta property=\"og:url\" content=\"https:\/\/www.notibras.com\/site\/tetano-de-furo-de-prego-e-o-mimimi-que-antecipa-2018\/\" \/>\n<meta property=\"og:site_name\" content=\"Notibras\" \/>\n<meta property=\"article:publisher\" content=\"https:\/\/www.facebook.com\/notibras\/\" \/>\n<meta property=\"article:published_time\" content=\"2017-02-12T20:35:17+00:00\" \/>\n<meta property=\"article:modified_time\" content=\"2017-02-12T20:40:53+00:00\" \/>\n<meta property=\"og:image\" content=\"https:\/\/www.notibras.com\/site\/wp-content\/uploads\/2017\/02\/carnaxe_humor_carnaval_47.jpg\" \/>\n\t<meta property=\"og:image:width\" content=\"1600\" \/>\n\t<meta property=\"og:image:height\" content=\"1192\" \/>\n\t<meta property=\"og:image:type\" content=\"image\/jpeg\" \/>\n<meta name=\"author\" content=\"Reda\u00e7\u00e3o\" \/>\n<meta name=\"twitter:card\" content=\"summary_large_image\" \/>\n<meta name=\"twitter:creator\" content=\"@Notibras\" \/>\n<meta name=\"twitter:site\" content=\"@Notibras\" \/>\n<meta name=\"twitter:label1\" content=\"Escrito por\" \/>\n\t<meta name=\"twitter:data1\" content=\"Reda\u00e7\u00e3o\" \/>\n\t<meta name=\"twitter:label2\" content=\"Est. tempo de leitura\" \/>\n\t<meta name=\"twitter:data2\" content=\"2 minutos\" \/>\n<script type=\"application\/ld+json\" class=\"yoast-schema-graph\">{\"@context\":\"https:\\\/\\\/schema.org\",\"@graph\":[{\"@type\":\"Article\",\"@id\":\"https:\\\/\\\/www.notibras.com\\\/site\\\/tetano-de-furo-de-prego-e-o-mimimi-que-antecipa-2018\\\/#article\",\"isPartOf\":{\"@id\":\"https:\\\/\\\/www.notibras.com\\\/site\\\/tetano-de-furo-de-prego-e-o-mimimi-que-antecipa-2018\\\/\"},\"author\":{\"name\":\"Reda\u00e7\u00e3o\",\"@id\":\"https:\\\/\\\/www.notibras.com\\\/site\\\/#\\\/schema\\\/person\\\/36ab0979449956132d3e5b517ea76ac8\"},\"headline\":\"T\u00e9tano de furo de prego e o mimimi que antecipa 2018\",\"datePublished\":\"2017-02-12T20:35:17+00:00\",\"dateModified\":\"2017-02-12T20:40:53+00:00\",\"mainEntityOfPage\":{\"@id\":\"https:\\\/\\\/www.notibras.com\\\/site\\\/tetano-de-furo-de-prego-e-o-mimimi-que-antecipa-2018\\\/\"},\"wordCount\":501,\"commentCount\":0,\"publisher\":{\"@id\":\"https:\\\/\\\/www.notibras.com\\\/site\\\/#organization\"},\"image\":{\"@id\":\"https:\\\/\\\/www.notibras.com\\\/site\\\/tetano-de-furo-de-prego-e-o-mimimi-que-antecipa-2018\\\/#primaryimage\"},\"thumbnailUrl\":\"https:\\\/\\\/www.notibras.com\\\/site\\\/wp-content\\\/uploads\\\/2017\\\/02\\\/carnaxe_humor_carnaval_47.jpg\",\"articleSection\":[\"Opina a\u00ed\"],\"inLanguage\":\"pt-BR\",\"potentialAction\":[{\"@type\":\"CommentAction\",\"name\":\"Comment\",\"target\":[\"https:\\\/\\\/www.notibras.com\\\/site\\\/tetano-de-furo-de-prego-e-o-mimimi-que-antecipa-2018\\\/#respond\"]}]},{\"@type\":\"WebPage\",\"@id\":\"https:\\\/\\\/www.notibras.com\\\/site\\\/tetano-de-furo-de-prego-e-o-mimimi-que-antecipa-2018\\\/\",\"url\":\"https:\\\/\\\/www.notibras.com\\\/site\\\/tetano-de-furo-de-prego-e-o-mimimi-que-antecipa-2018\\\/\",\"name\":\"T\u00e9tano de furo de prego e o mimimi que antecipa 2018 - Notibras\",\"isPartOf\":{\"@id\":\"https:\\\/\\\/www.notibras.com\\\/site\\\/#website\"},\"primaryImageOfPage\":{\"@id\":\"https:\\\/\\\/www.notibras.com\\\/site\\\/tetano-de-furo-de-prego-e-o-mimimi-que-antecipa-2018\\\/#primaryimage\"},\"image\":{\"@id\":\"https:\\\/\\\/www.notibras.com\\\/site\\\/tetano-de-furo-de-prego-e-o-mimimi-que-antecipa-2018\\\/#primaryimage\"},\"thumbnailUrl\":\"https:\\\/\\\/www.notibras.com\\\/site\\\/wp-content\\\/uploads\\\/2017\\\/02\\\/carnaxe_humor_carnaval_47.jpg\",\"datePublished\":\"2017-02-12T20:35:17+00:00\",\"dateModified\":\"2017-02-12T20:40:53+00:00\",\"breadcrumb\":{\"@id\":\"https:\\\/\\\/www.notibras.com\\\/site\\\/tetano-de-furo-de-prego-e-o-mimimi-que-antecipa-2018\\\/#breadcrumb\"},\"inLanguage\":\"pt-BR\",\"potentialAction\":[{\"@type\":\"ReadAction\",\"target\":[\"https:\\\/\\\/www.notibras.com\\\/site\\\/tetano-de-furo-de-prego-e-o-mimimi-que-antecipa-2018\\\/\"]}]},{\"@type\":\"ImageObject\",\"inLanguage\":\"pt-BR\",\"@id\":\"https:\\\/\\\/www.notibras.com\\\/site\\\/tetano-de-furo-de-prego-e-o-mimimi-que-antecipa-2018\\\/#primaryimage\",\"url\":\"https:\\\/\\\/www.notibras.com\\\/site\\\/wp-content\\\/uploads\\\/2017\\\/02\\\/carnaxe_humor_carnaval_47.jpg\",\"contentUrl\":\"https:\\\/\\\/www.notibras.com\\\/site\\\/wp-content\\\/uploads\\\/2017\\\/02\\\/carnaxe_humor_carnaval_47.jpg\",\"width\":1600,\"height\":1192},{\"@type\":\"BreadcrumbList\",\"@id\":\"https:\\\/\\\/www.notibras.com\\\/site\\\/tetano-de-furo-de-prego-e-o-mimimi-que-antecipa-2018\\\/#breadcrumb\",\"itemListElement\":[{\"@type\":\"ListItem\",\"position\":1,\"name\":\"In\u00edcio\",\"item\":\"https:\\\/\\\/www.notibras.com\\\/site\\\/\"},{\"@type\":\"ListItem\",\"position\":2,\"name\":\"T\u00e9tano de furo de prego e o mimimi que antecipa 2018\"}]},{\"@type\":\"WebSite\",\"@id\":\"https:\\\/\\\/www.notibras.com\\\/site\\\/#website\",\"url\":\"https:\\\/\\\/www.notibras.com\\\/site\\\/\",\"name\":\"Notibras\",\"description\":\"Not\u00edcias de Bras\u00edlia, do Brasil e do Mundo\",\"publisher\":{\"@id\":\"https:\\\/\\\/www.notibras.com\\\/site\\\/#organization\"},\"potentialAction\":[{\"@type\":\"SearchAction\",\"target\":{\"@type\":\"EntryPoint\",\"urlTemplate\":\"https:\\\/\\\/www.notibras.com\\\/site\\\/?s={search_term_string}\"},\"query-input\":{\"@type\":\"PropertyValueSpecification\",\"valueRequired\":true,\"valueName\":\"search_term_string\"}}],\"inLanguage\":\"pt-BR\"},{\"@type\":\"Organization\",\"@id\":\"https:\\\/\\\/www.notibras.com\\\/site\\\/#organization\",\"name\":\"Grupo Notibras de Comunica\u00e7\u00e3o\",\"url\":\"https:\\\/\\\/www.notibras.com\\\/site\\\/\",\"logo\":{\"@type\":\"ImageObject\",\"inLanguage\":\"pt-BR\",\"@id\":\"https:\\\/\\\/www.notibras.com\\\/site\\\/#\\\/schema\\\/logo\\\/image\\\/\",\"url\":\"https:\\\/\\\/www.notibras.com\\\/site\\\/wp-content\\\/uploads\\\/2023\\\/01\\\/notibras23.png\",\"contentUrl\":\"https:\\\/\\\/www.notibras.com\\\/site\\\/wp-content\\\/uploads\\\/2023\\\/01\\\/notibras23.png\",\"width\":350,\"height\":87,\"caption\":\"Grupo Notibras de Comunica\u00e7\u00e3o\"},\"image\":{\"@id\":\"https:\\\/\\\/www.notibras.com\\\/site\\\/#\\\/schema\\\/logo\\\/image\\\/\"},\"sameAs\":[\"https:\\\/\\\/www.facebook.com\\\/notibras\\\/\",\"https:\\\/\\\/x.com\\\/Notibras\",\"https:\\\/\\\/www.instagram.com\\\/notibras\\\/\"]},{\"@type\":\"Person\",\"@id\":\"https:\\\/\\\/www.notibras.com\\\/site\\\/#\\\/schema\\\/person\\\/36ab0979449956132d3e5b517ea76ac8\",\"name\":\"Reda\u00e7\u00e3o\",\"image\":{\"@type\":\"ImageObject\",\"inLanguage\":\"pt-BR\",\"@id\":\"https:\\\/\\\/secure.gravatar.com\\\/avatar\\\/e0a867bdedb85fd243eadf09663511f96fc81e0720a4a42581f334ad4303aa6b?s=96&d=mm&r=g\",\"url\":\"https:\\\/\\\/secure.gravatar.com\\\/avatar\\\/e0a867bdedb85fd243eadf09663511f96fc81e0720a4a42581f334ad4303aa6b?s=96&d=mm&r=g\",\"contentUrl\":\"https:\\\/\\\/secure.gravatar.com\\\/avatar\\\/e0a867bdedb85fd243eadf09663511f96fc81e0720a4a42581f334ad4303aa6b?s=96&d=mm&r=g\",\"caption\":\"Reda\u00e7\u00e3o\"}}]}<\/script>\n<!-- \/ Yoast SEO plugin. -->","yoast_head_json":{"title":"T\u00e9tano de furo de prego e o mimimi que antecipa 2018 - Notibras","robots":{"index":"index","follow":"follow","max-snippet":"max-snippet:-1","max-image-preview":"max-image-preview:large","max-video-preview":"max-video-preview:-1"},"canonical":"https:\/\/www.notibras.com\/site\/tetano-de-furo-de-prego-e-o-mimimi-que-antecipa-2018\/","og_locale":"pt_BR","og_type":"article","og_title":"T\u00e9tano de furo de prego e o mimimi que antecipa 2018 - Notibras","og_description":"Jo\u00e3o Moura A palavra de ordem \u00e9 caos. O voto dado aos atores principais nas \u00faltimas elei\u00e7\u00f5es virou um t\u00e9tano. Nada (ainda) comparado a roubalheira do Rio, nem ao assalto aos cofres da Na\u00e7\u00e3o, feito pela quadrilha que tomou o Planalto desde tempos idos. O certo, por\u00e9m, \u00e9 que com as \u00faltimas movimenta\u00e7\u00f5es no xadrez [&hellip;]","og_url":"https:\/\/www.notibras.com\/site\/tetano-de-furo-de-prego-e-o-mimimi-que-antecipa-2018\/","og_site_name":"Notibras","article_publisher":"https:\/\/www.facebook.com\/notibras\/","article_published_time":"2017-02-12T20:35:17+00:00","article_modified_time":"2017-02-12T20:40:53+00:00","og_image":[{"width":1600,"height":1192,"url":"https:\/\/www.notibras.com\/site\/wp-content\/uploads\/2017\/02\/carnaxe_humor_carnaval_47.jpg","type":"image\/jpeg"}],"author":"Reda\u00e7\u00e3o","twitter_card":"summary_large_image","twitter_creator":"@Notibras","twitter_site":"@Notibras","twitter_misc":{"Escrito por":"Reda\u00e7\u00e3o","Est. tempo de leitura":"2 minutos"},"schema":{"@context":"https:\/\/schema.org","@graph":[{"@type":"Article","@id":"https:\/\/www.notibras.com\/site\/tetano-de-furo-de-prego-e-o-mimimi-que-antecipa-2018\/#article","isPartOf":{"@id":"https:\/\/www.notibras.com\/site\/tetano-de-furo-de-prego-e-o-mimimi-que-antecipa-2018\/"},"author":{"name":"Reda\u00e7\u00e3o","@id":"https:\/\/www.notibras.com\/site\/#\/schema\/person\/36ab0979449956132d3e5b517ea76ac8"},"headline":"T\u00e9tano de furo de prego e o mimimi que antecipa 2018","datePublished":"2017-02-12T20:35:17+00:00","dateModified":"2017-02-12T20:40:53+00:00","mainEntityOfPage":{"@id":"https:\/\/www.notibras.com\/site\/tetano-de-furo-de-prego-e-o-mimimi-que-antecipa-2018\/"},"wordCount":501,"commentCount":0,"publisher":{"@id":"https:\/\/www.notibras.com\/site\/#organization"},"image":{"@id":"https:\/\/www.notibras.com\/site\/tetano-de-furo-de-prego-e-o-mimimi-que-antecipa-2018\/#primaryimage"},"thumbnailUrl":"https:\/\/www.notibras.com\/site\/wp-content\/uploads\/2017\/02\/carnaxe_humor_carnaval_47.jpg","articleSection":["Opina a\u00ed"],"inLanguage":"pt-BR","potentialAction":[{"@type":"CommentAction","name":"Comment","target":["https:\/\/www.notibras.com\/site\/tetano-de-furo-de-prego-e-o-mimimi-que-antecipa-2018\/#respond"]}]},{"@type":"WebPage","@id":"https:\/\/www.notibras.com\/site\/tetano-de-furo-de-prego-e-o-mimimi-que-antecipa-2018\/","url":"https:\/\/www.notibras.com\/site\/tetano-de-furo-de-prego-e-o-mimimi-que-antecipa-2018\/","name":"T\u00e9tano de furo de prego e o mimimi que antecipa 2018 - Notibras","isPartOf":{"@id":"https:\/\/www.notibras.com\/site\/#website"},"primaryImageOfPage":{"@id":"https:\/\/www.notibras.com\/site\/tetano-de-furo-de-prego-e-o-mimimi-que-antecipa-2018\/#primaryimage"},"image":{"@id":"https:\/\/www.notibras.com\/site\/tetano-de-furo-de-prego-e-o-mimimi-que-antecipa-2018\/#primaryimage"},"thumbnailUrl":"https:\/\/www.notibras.com\/site\/wp-content\/uploads\/2017\/02\/carnaxe_humor_carnaval_47.jpg","datePublished":"2017-02-12T20:35:17+00:00","dateModified":"2017-02-12T20:40:53+00:00","breadcrumb":{"@id":"https:\/\/www.notibras.com\/site\/tetano-de-furo-de-prego-e-o-mimimi-que-antecipa-2018\/#breadcrumb"},"inLanguage":"pt-BR","potentialAction":[{"@type":"ReadAction","target":["https:\/\/www.notibras.com\/site\/tetano-de-furo-de-prego-e-o-mimimi-que-antecipa-2018\/"]}]},{"@type":"ImageObject","inLanguage":"pt-BR","@id":"https:\/\/www.notibras.com\/site\/tetano-de-furo-de-prego-e-o-mimimi-que-antecipa-2018\/#primaryimage","url":"https:\/\/www.notibras.com\/site\/wp-content\/uploads\/2017\/02\/carnaxe_humor_carnaval_47.jpg","contentUrl":"https:\/\/www.notibras.com\/site\/wp-content\/uploads\/2017\/02\/carnaxe_humor_carnaval_47.jpg","width":1600,"height":1192},{"@type":"BreadcrumbList","@id":"https:\/\/www.notibras.com\/site\/tetano-de-furo-de-prego-e-o-mimimi-que-antecipa-2018\/#breadcrumb","itemListElement":[{"@type":"ListItem","position":1,"name":"In\u00edcio","item":"https:\/\/www.notibras.com\/site\/"},{"@type":"ListItem","position":2,"name":"T\u00e9tano de furo de prego e o mimimi que antecipa 2018"}]},{"@type":"WebSite","@id":"https:\/\/www.notibras.com\/site\/#website","url":"https:\/\/www.notibras.com\/site\/","name":"Notibras","description":"Not\u00edcias de Bras\u00edlia, do Brasil e do Mundo","publisher":{"@id":"https:\/\/www.notibras.com\/site\/#organization"},"potentialAction":[{"@type":"SearchAction","target":{"@type":"EntryPoint","urlTemplate":"https:\/\/www.notibras.com\/site\/?s={search_term_string}"},"query-input":{"@type":"PropertyValueSpecification","valueRequired":true,"valueName":"search_term_string"}}],"inLanguage":"pt-BR"},{"@type":"Organization","@id":"https:\/\/www.notibras.com\/site\/#organization","name":"Grupo Notibras de Comunica\u00e7\u00e3o","url":"https:\/\/www.notibras.com\/site\/","logo":{"@type":"ImageObject","inLanguage":"pt-BR","@id":"https:\/\/www.notibras.com\/site\/#\/schema\/logo\/image\/","url":"https:\/\/www.notibras.com\/site\/wp-content\/uploads\/2023\/01\/notibras23.png","contentUrl":"https:\/\/www.notibras.com\/site\/wp-content\/uploads\/2023\/01\/notibras23.png","width":350,"height":87,"caption":"Grupo Notibras de Comunica\u00e7\u00e3o"},"image":{"@id":"https:\/\/www.notibras.com\/site\/#\/schema\/logo\/image\/"},"sameAs":["https:\/\/www.facebook.com\/notibras\/","https:\/\/x.com\/Notibras","https:\/\/www.instagram.com\/notibras\/"]},{"@type":"Person","@id":"https:\/\/www.notibras.com\/site\/#\/schema\/person\/36ab0979449956132d3e5b517ea76ac8","name":"Reda\u00e7\u00e3o","image":{"@type":"ImageObject","inLanguage":"pt-BR","@id":"https:\/\/secure.gravatar.com\/avatar\/e0a867bdedb85fd243eadf09663511f96fc81e0720a4a42581f334ad4303aa6b?s=96&d=mm&r=g","url":"https:\/\/secure.gravatar.com\/avatar\/e0a867bdedb85fd243eadf09663511f96fc81e0720a4a42581f334ad4303aa6b?s=96&d=mm&r=g","contentUrl":"https:\/\/secure.gravatar.com\/avatar\/e0a867bdedb85fd243eadf09663511f96fc81e0720a4a42581f334ad4303aa6b?s=96&d=mm&r=g","caption":"Reda\u00e7\u00e3o"}}]}},"amp_enabled":true,"_links":{"self":[{"href":"https:\/\/www.notibras.com\/site\/wp-json\/wp\/v2\/posts\/128590","targetHints":{"allow":["GET"]}}],"collection":[{"href":"https:\/\/www.notibras.com\/site\/wp-json\/wp\/v2\/posts"}],"about":[{"href":"https:\/\/www.notibras.com\/site\/wp-json\/wp\/v2\/types\/post"}],"author":[{"embeddable":true,"href":"https:\/\/www.notibras.com\/site\/wp-json\/wp\/v2\/users\/2"}],"replies":[{"embeddable":true,"href":"https:\/\/www.notibras.com\/site\/wp-json\/wp\/v2\/comments?post=128590"}],"version-history":[{"count":3,"href":"https:\/\/www.notibras.com\/site\/wp-json\/wp\/v2\/posts\/128590\/revisions"}],"predecessor-version":[{"id":128594,"href":"https:\/\/www.notibras.com\/site\/wp-json\/wp\/v2\/posts\/128590\/revisions\/128594"}],"wp:featuredmedia":[{"embeddable":true,"href":"https:\/\/www.notibras.com\/site\/wp-json\/wp\/v2\/media\/128591"}],"wp:attachment":[{"href":"https:\/\/www.notibras.com\/site\/wp-json\/wp\/v2\/media?parent=128590"}],"wp:term":[{"taxonomy":"category","embeddable":true,"href":"https:\/\/www.notibras.com\/site\/wp-json\/wp\/v2\/categories?post=128590"},{"taxonomy":"post_tag","embeddable":true,"href":"https:\/\/www.notibras.com\/site\/wp-json\/wp\/v2\/tags?post=128590"}],"curies":[{"name":"wp","href":"https:\/\/api.w.org\/{rel}","templated":true}]}}