{"id":128716,"date":"2017-02-13T21:52:06","date_gmt":"2017-02-13T23:52:06","guid":{"rendered":"http:\/\/www.notibras.com\/site\/?p=128716"},"modified":"2017-02-13T21:52:06","modified_gmt":"2017-02-13T23:52:06","slug":"nenhum-pais-sobrevive-em-meio-ao-descredito-geral","status":"publish","type":"post","link":"https:\/\/www.notibras.com\/site\/nenhum-pais-sobrevive-em-meio-ao-descredito-geral\/","title":{"rendered":"Nenhum pa\u00eds sobrevive em meio ao descr\u00e9dito geral"},"content":{"rendered":"<p><strong>Ronaldo Caiado<\/strong><\/p>\n<p>As m\u00faltiplas facetas da crise brasileira \u2013pol\u00edtica, econ\u00f4mica, social, gerencial\u2013 convergem e se unificam em torno de um \u00fanico ente: o Estado. A crise \u00e9 dele e decorre, sobretudo, do deficit moral que ostenta. N\u00e3o \u00e9 condi\u00e7\u00e3o recente, mas, sem d\u00favida, agravou-se enormemente no per\u00edodo em que teve o PT a conduzi-lo.<\/p>\n<p>A hipertrofia agravou a inefic\u00e1cia e o custo, favorecendo, por tabela, a corrup\u00e7\u00e3o. O que era latente tornou-se patente. As institui\u00e7\u00f5es est\u00e3o, como nunca antes, desacreditadas perante a popula\u00e7\u00e3o. Os fatos recentes levaram esse quadro de deteriora\u00e7\u00e3o ao paroxismo. Assistimos em 2016 ao impeachment da presidente da Rep\u00fablica e ao afastamento e \u00e0 pris\u00e3o do presidente da C\u00e2mara dos Deputados, ambos acusados de delinquir no exerc\u00edcio do cargo.<\/p>\n<p>N\u00e3o bastasse, diversos outros agentes p\u00fablicos (PT em maioria) e empres\u00e1rios ou est\u00e3o presos ou s\u00e3o r\u00e9us ou est\u00e3o denunciados. Ou as tr\u00eas coisas juntas.<\/p>\n<p>No Judici\u00e1rio, n\u00e3o s\u00e3o poucas as den\u00fancias de venda de senten\u00e7as, com puni\u00e7\u00e3o desproporcional \u00e0 gravidade do delito (aposentadoria com preserva\u00e7\u00e3o dos proventos), e sal\u00e1rios que ultrapassam muitas vezes o teto constitucional.<\/p>\n<p>Nenhum dos poderes escapa ao striptease moral em curso. O resultado \u00e9 a crise institucional que presenciamos, sem precedentes.<\/p>\n<p>O ano come\u00e7ou com duas crises agudas na \u00e1rea da seguran\u00e7a: uma, dentro dos pres\u00eddios \u2013em Manaus, Boa Vista, Natal\u2013, e outra fora, nas ruas, no Esp\u00edrito Santo. O saldo de mortes, na soma dos dois casos, ultrapassa duas centenas de pessoas.<\/p>\n<p>\u00cdndice de guerra civil. Em ambos os casos, ressaltam a impot\u00eancia e a omiss\u00e3o das for\u00e7as repressivas, o bra\u00e7o armado do Estado. A pol\u00edcia n\u00e3o agiu nos pres\u00eddios, optando por assistir \u00e0 matan\u00e7a entre os presos. E, no Esp\u00edrito Santo, a PM ausentou-se das ruas.<\/p>\n<p>Em tr\u00eas dias, 113 mortos. Somente no quarto dia, as for\u00e7as federais se apresentaram, quando os danos j\u00e1 eram colossais.<\/p>\n<p>Para que se tenha uma ideia da magnitude dessa trag\u00e9dia, basta lembrar que, segundo n\u00fameros da Comiss\u00e3o da Verdade, morreram, ao longo dos 21 anos do regime militar \u2013e na grande maioria dos casos em enfrentamento armado\u2013, 434 pessoas, \u00e0 m\u00e9dia de 21 pessoas por ano. A crise capixaba matou mais de 30 por dia.<\/p>\n<p>Segundo o Mapa da Viol\u00eancia, levantamento sistem\u00e1tico do n\u00famero de v\u00edtimas da criminalidade no Brasil, elaborado pela Faculdade Latino-Americana de Ci\u00eancias Sociais (Flacso), a m\u00e9dia anual, de uma d\u00e9cada para c\u00e1, \u00e9 de 60 mil mortos por ano, contabilizados apenas os que morrem no local do crime.<\/p>\n<p>S\u00f3 para efeito de compara\u00e7\u00e3o, os mortos civis na guerra da S\u00edria, de 2008 at\u00e9 2015, segundo levantamento do Observat\u00f3rio S\u00edrio para Direitos Humanos, somam 71.781 civis.<\/p>\n<p>\u00c9 \u00f3bvio que \u00e9 preciso mudar praticamente tudo em mat\u00e9ria de seguran\u00e7a p\u00fablica. Mas \u00e9 tamb\u00e9m \u00f3bvio que n\u00e3o se far\u00e1 isso -n\u00e3o na plenitude necess\u00e1ria- dissociado de uma reforma em profundidade do Estado. Reforma moral e estrutural.<\/p>\n<p>O gigantismo estatal gerou um monstro, que hoje tiraniza a sociedade; em vez de servi-la, serve-se dela, impondo-lhe uma das mais altas cargas tribut\u00e1rias do planeta. A corrup\u00e7\u00e3o \u00e9 um subproduto, que se soma \u00e0 monumental inefic\u00e1cia dos servi\u00e7os e condena as institui\u00e7\u00f5es ao mais profundo desprezo por parte da sociedade. N\u00e3o h\u00e1 democracia que resista a isso por muito tempo.<\/p>\n<p>A insurrei\u00e7\u00e3o policial capixaba e os crimes da Lava Jato resumem, mas n\u00e3o esgotam, o quadro terminal da trag\u00e9dia c\u00edvica brasileira. Nenhuma economia, ainda que conduzida com efici\u00eancia t\u00e9cnica, se sustenta em um ambiente de descr\u00e9dito institucional.<\/p>\n","protected":false},"excerpt":{"rendered":"<p>Ronaldo Caiado As m\u00faltiplas facetas da crise brasileira \u2013pol\u00edtica, econ\u00f4mica, social, gerencial\u2013 convergem e se unificam em torno de um \u00fanico ente: o Estado. A crise \u00e9 dele e decorre, sobretudo, do deficit moral que ostenta. N\u00e3o \u00e9 condi\u00e7\u00e3o recente, mas, sem d\u00favida, agravou-se enormemente no per\u00edodo em que teve o PT a conduzi-lo. A [&hellip;]<\/p>\n","protected":false},"author":2,"featured_media":128717,"comment_status":"open","ping_status":"closed","sticky":false,"template":"","format":"standard","meta":{"_acf_changed":false,"footnotes":""},"categories":[25],"tags":[],"class_list":["post-128716","post","type-post","status-publish","format-standard","has-post-thumbnail","hentry","category-opina-ai"],"acf":[],"yoast_head":"<!-- This site is optimized with the Yoast SEO plugin v27.5 - https:\/\/yoast.com\/product\/yoast-seo-wordpress\/ -->\n<title>Nenhum pa\u00eds sobrevive em meio ao descr\u00e9dito geral - Notibras<\/title>\n<meta name=\"robots\" content=\"index, follow, max-snippet:-1, max-image-preview:large, max-video-preview:-1\" \/>\n<link rel=\"canonical\" href=\"https:\/\/www.notibras.com\/site\/nenhum-pais-sobrevive-em-meio-ao-descredito-geral\/\" \/>\n<meta property=\"og:locale\" content=\"pt_BR\" \/>\n<meta property=\"og:type\" content=\"article\" \/>\n<meta property=\"og:title\" content=\"Nenhum pa\u00eds sobrevive em meio ao descr\u00e9dito geral - Notibras\" \/>\n<meta property=\"og:description\" content=\"Ronaldo Caiado As m\u00faltiplas facetas da crise brasileira \u2013pol\u00edtica, econ\u00f4mica, social, gerencial\u2013 convergem e se unificam em torno de um \u00fanico ente: o Estado. A crise \u00e9 dele e decorre, sobretudo, do deficit moral que ostenta. N\u00e3o \u00e9 condi\u00e7\u00e3o recente, mas, sem d\u00favida, agravou-se enormemente no per\u00edodo em que teve o PT a conduzi-lo. A [&hellip;]\" \/>\n<meta property=\"og:url\" content=\"https:\/\/www.notibras.com\/site\/nenhum-pais-sobrevive-em-meio-ao-descredito-geral\/\" \/>\n<meta property=\"og:site_name\" content=\"Notibras\" \/>\n<meta property=\"article:publisher\" content=\"https:\/\/www.facebook.com\/notibras\/\" \/>\n<meta property=\"article:published_time\" content=\"2017-02-13T23:52:06+00:00\" \/>\n<meta property=\"og:image\" content=\"https:\/\/www.notibras.com\/site\/wp-content\/uploads\/2017\/02\/brasil-governo-falido-pais-a-deriva-blogdoluizpaulo-1.jpg\" \/>\n\t<meta property=\"og:image:width\" content=\"1200\" \/>\n\t<meta property=\"og:image:height\" content=\"625\" \/>\n\t<meta property=\"og:image:type\" content=\"image\/jpeg\" \/>\n<meta name=\"author\" content=\"Reda\u00e7\u00e3o\" \/>\n<meta name=\"twitter:card\" content=\"summary_large_image\" \/>\n<meta name=\"twitter:creator\" content=\"@Notibras\" \/>\n<meta name=\"twitter:site\" content=\"@Notibras\" \/>\n<meta name=\"twitter:label1\" content=\"Escrito por\" \/>\n\t<meta name=\"twitter:data1\" content=\"Reda\u00e7\u00e3o\" \/>\n\t<meta name=\"twitter:label2\" content=\"Est. tempo de leitura\" \/>\n\t<meta name=\"twitter:data2\" content=\"3 minutos\" \/>\n<script type=\"application\/ld+json\" class=\"yoast-schema-graph\">{\"@context\":\"https:\\\/\\\/schema.org\",\"@graph\":[{\"@type\":\"Article\",\"@id\":\"https:\\\/\\\/www.notibras.com\\\/site\\\/nenhum-pais-sobrevive-em-meio-ao-descredito-geral\\\/#article\",\"isPartOf\":{\"@id\":\"https:\\\/\\\/www.notibras.com\\\/site\\\/nenhum-pais-sobrevive-em-meio-ao-descredito-geral\\\/\"},\"author\":{\"name\":\"Reda\u00e7\u00e3o\",\"@id\":\"https:\\\/\\\/www.notibras.com\\\/site\\\/#\\\/schema\\\/person\\\/36ab0979449956132d3e5b517ea76ac8\"},\"headline\":\"Nenhum pa\u00eds sobrevive em meio ao descr\u00e9dito geral\",\"datePublished\":\"2017-02-13T23:52:06+00:00\",\"mainEntityOfPage\":{\"@id\":\"https:\\\/\\\/www.notibras.com\\\/site\\\/nenhum-pais-sobrevive-em-meio-ao-descredito-geral\\\/\"},\"wordCount\":640,\"commentCount\":0,\"publisher\":{\"@id\":\"https:\\\/\\\/www.notibras.com\\\/site\\\/#organization\"},\"image\":{\"@id\":\"https:\\\/\\\/www.notibras.com\\\/site\\\/nenhum-pais-sobrevive-em-meio-ao-descredito-geral\\\/#primaryimage\"},\"thumbnailUrl\":\"https:\\\/\\\/www.notibras.com\\\/site\\\/wp-content\\\/uploads\\\/2017\\\/02\\\/brasil-governo-falido-pais-a-deriva-blogdoluizpaulo-1.jpg\",\"articleSection\":[\"Opina a\u00ed\"],\"inLanguage\":\"pt-BR\",\"potentialAction\":[{\"@type\":\"CommentAction\",\"name\":\"Comment\",\"target\":[\"https:\\\/\\\/www.notibras.com\\\/site\\\/nenhum-pais-sobrevive-em-meio-ao-descredito-geral\\\/#respond\"]}]},{\"@type\":\"WebPage\",\"@id\":\"https:\\\/\\\/www.notibras.com\\\/site\\\/nenhum-pais-sobrevive-em-meio-ao-descredito-geral\\\/\",\"url\":\"https:\\\/\\\/www.notibras.com\\\/site\\\/nenhum-pais-sobrevive-em-meio-ao-descredito-geral\\\/\",\"name\":\"Nenhum pa\u00eds sobrevive em meio ao descr\u00e9dito geral - Notibras\",\"isPartOf\":{\"@id\":\"https:\\\/\\\/www.notibras.com\\\/site\\\/#website\"},\"primaryImageOfPage\":{\"@id\":\"https:\\\/\\\/www.notibras.com\\\/site\\\/nenhum-pais-sobrevive-em-meio-ao-descredito-geral\\\/#primaryimage\"},\"image\":{\"@id\":\"https:\\\/\\\/www.notibras.com\\\/site\\\/nenhum-pais-sobrevive-em-meio-ao-descredito-geral\\\/#primaryimage\"},\"thumbnailUrl\":\"https:\\\/\\\/www.notibras.com\\\/site\\\/wp-content\\\/uploads\\\/2017\\\/02\\\/brasil-governo-falido-pais-a-deriva-blogdoluizpaulo-1.jpg\",\"datePublished\":\"2017-02-13T23:52:06+00:00\",\"breadcrumb\":{\"@id\":\"https:\\\/\\\/www.notibras.com\\\/site\\\/nenhum-pais-sobrevive-em-meio-ao-descredito-geral\\\/#breadcrumb\"},\"inLanguage\":\"pt-BR\",\"potentialAction\":[{\"@type\":\"ReadAction\",\"target\":[\"https:\\\/\\\/www.notibras.com\\\/site\\\/nenhum-pais-sobrevive-em-meio-ao-descredito-geral\\\/\"]}]},{\"@type\":\"ImageObject\",\"inLanguage\":\"pt-BR\",\"@id\":\"https:\\\/\\\/www.notibras.com\\\/site\\\/nenhum-pais-sobrevive-em-meio-ao-descredito-geral\\\/#primaryimage\",\"url\":\"https:\\\/\\\/www.notibras.com\\\/site\\\/wp-content\\\/uploads\\\/2017\\\/02\\\/brasil-governo-falido-pais-a-deriva-blogdoluizpaulo-1.jpg\",\"contentUrl\":\"https:\\\/\\\/www.notibras.com\\\/site\\\/wp-content\\\/uploads\\\/2017\\\/02\\\/brasil-governo-falido-pais-a-deriva-blogdoluizpaulo-1.jpg\",\"width\":1200,\"height\":625},{\"@type\":\"BreadcrumbList\",\"@id\":\"https:\\\/\\\/www.notibras.com\\\/site\\\/nenhum-pais-sobrevive-em-meio-ao-descredito-geral\\\/#breadcrumb\",\"itemListElement\":[{\"@type\":\"ListItem\",\"position\":1,\"name\":\"In\u00edcio\",\"item\":\"https:\\\/\\\/www.notibras.com\\\/site\\\/\"},{\"@type\":\"ListItem\",\"position\":2,\"name\":\"Nenhum pa\u00eds sobrevive em meio ao descr\u00e9dito geral\"}]},{\"@type\":\"WebSite\",\"@id\":\"https:\\\/\\\/www.notibras.com\\\/site\\\/#website\",\"url\":\"https:\\\/\\\/www.notibras.com\\\/site\\\/\",\"name\":\"Notibras\",\"description\":\"Not\u00edcias de Bras\u00edlia, do Brasil e do Mundo\",\"publisher\":{\"@id\":\"https:\\\/\\\/www.notibras.com\\\/site\\\/#organization\"},\"potentialAction\":[{\"@type\":\"SearchAction\",\"target\":{\"@type\":\"EntryPoint\",\"urlTemplate\":\"https:\\\/\\\/www.notibras.com\\\/site\\\/?s={search_term_string}\"},\"query-input\":{\"@type\":\"PropertyValueSpecification\",\"valueRequired\":true,\"valueName\":\"search_term_string\"}}],\"inLanguage\":\"pt-BR\"},{\"@type\":\"Organization\",\"@id\":\"https:\\\/\\\/www.notibras.com\\\/site\\\/#organization\",\"name\":\"Grupo Notibras de Comunica\u00e7\u00e3o\",\"url\":\"https:\\\/\\\/www.notibras.com\\\/site\\\/\",\"logo\":{\"@type\":\"ImageObject\",\"inLanguage\":\"pt-BR\",\"@id\":\"https:\\\/\\\/www.notibras.com\\\/site\\\/#\\\/schema\\\/logo\\\/image\\\/\",\"url\":\"https:\\\/\\\/www.notibras.com\\\/site\\\/wp-content\\\/uploads\\\/2023\\\/01\\\/notibras23.png\",\"contentUrl\":\"https:\\\/\\\/www.notibras.com\\\/site\\\/wp-content\\\/uploads\\\/2023\\\/01\\\/notibras23.png\",\"width\":350,\"height\":87,\"caption\":\"Grupo Notibras de Comunica\u00e7\u00e3o\"},\"image\":{\"@id\":\"https:\\\/\\\/www.notibras.com\\\/site\\\/#\\\/schema\\\/logo\\\/image\\\/\"},\"sameAs\":[\"https:\\\/\\\/www.facebook.com\\\/notibras\\\/\",\"https:\\\/\\\/x.com\\\/Notibras\",\"https:\\\/\\\/www.instagram.com\\\/notibras\\\/\"]},{\"@type\":\"Person\",\"@id\":\"https:\\\/\\\/www.notibras.com\\\/site\\\/#\\\/schema\\\/person\\\/36ab0979449956132d3e5b517ea76ac8\",\"name\":\"Reda\u00e7\u00e3o\",\"image\":{\"@type\":\"ImageObject\",\"inLanguage\":\"pt-BR\",\"@id\":\"https:\\\/\\\/secure.gravatar.com\\\/avatar\\\/e0a867bdedb85fd243eadf09663511f96fc81e0720a4a42581f334ad4303aa6b?s=96&d=mm&r=g\",\"url\":\"https:\\\/\\\/secure.gravatar.com\\\/avatar\\\/e0a867bdedb85fd243eadf09663511f96fc81e0720a4a42581f334ad4303aa6b?s=96&d=mm&r=g\",\"contentUrl\":\"https:\\\/\\\/secure.gravatar.com\\\/avatar\\\/e0a867bdedb85fd243eadf09663511f96fc81e0720a4a42581f334ad4303aa6b?s=96&d=mm&r=g\",\"caption\":\"Reda\u00e7\u00e3o\"}}]}<\/script>\n<!-- \/ Yoast SEO plugin. -->","yoast_head_json":{"title":"Nenhum pa\u00eds sobrevive em meio ao descr\u00e9dito geral - Notibras","robots":{"index":"index","follow":"follow","max-snippet":"max-snippet:-1","max-image-preview":"max-image-preview:large","max-video-preview":"max-video-preview:-1"},"canonical":"https:\/\/www.notibras.com\/site\/nenhum-pais-sobrevive-em-meio-ao-descredito-geral\/","og_locale":"pt_BR","og_type":"article","og_title":"Nenhum pa\u00eds sobrevive em meio ao descr\u00e9dito geral - Notibras","og_description":"Ronaldo Caiado As m\u00faltiplas facetas da crise brasileira \u2013pol\u00edtica, econ\u00f4mica, social, gerencial\u2013 convergem e se unificam em torno de um \u00fanico ente: o Estado. A crise \u00e9 dele e decorre, sobretudo, do deficit moral que ostenta. N\u00e3o \u00e9 condi\u00e7\u00e3o recente, mas, sem d\u00favida, agravou-se enormemente no per\u00edodo em que teve o PT a conduzi-lo. A [&hellip;]","og_url":"https:\/\/www.notibras.com\/site\/nenhum-pais-sobrevive-em-meio-ao-descredito-geral\/","og_site_name":"Notibras","article_publisher":"https:\/\/www.facebook.com\/notibras\/","article_published_time":"2017-02-13T23:52:06+00:00","og_image":[{"width":1200,"height":625,"url":"https:\/\/www.notibras.com\/site\/wp-content\/uploads\/2017\/02\/brasil-governo-falido-pais-a-deriva-blogdoluizpaulo-1.jpg","type":"image\/jpeg"}],"author":"Reda\u00e7\u00e3o","twitter_card":"summary_large_image","twitter_creator":"@Notibras","twitter_site":"@Notibras","twitter_misc":{"Escrito por":"Reda\u00e7\u00e3o","Est. tempo de leitura":"3 minutos"},"schema":{"@context":"https:\/\/schema.org","@graph":[{"@type":"Article","@id":"https:\/\/www.notibras.com\/site\/nenhum-pais-sobrevive-em-meio-ao-descredito-geral\/#article","isPartOf":{"@id":"https:\/\/www.notibras.com\/site\/nenhum-pais-sobrevive-em-meio-ao-descredito-geral\/"},"author":{"name":"Reda\u00e7\u00e3o","@id":"https:\/\/www.notibras.com\/site\/#\/schema\/person\/36ab0979449956132d3e5b517ea76ac8"},"headline":"Nenhum pa\u00eds sobrevive em meio ao descr\u00e9dito geral","datePublished":"2017-02-13T23:52:06+00:00","mainEntityOfPage":{"@id":"https:\/\/www.notibras.com\/site\/nenhum-pais-sobrevive-em-meio-ao-descredito-geral\/"},"wordCount":640,"commentCount":0,"publisher":{"@id":"https:\/\/www.notibras.com\/site\/#organization"},"image":{"@id":"https:\/\/www.notibras.com\/site\/nenhum-pais-sobrevive-em-meio-ao-descredito-geral\/#primaryimage"},"thumbnailUrl":"https:\/\/www.notibras.com\/site\/wp-content\/uploads\/2017\/02\/brasil-governo-falido-pais-a-deriva-blogdoluizpaulo-1.jpg","articleSection":["Opina a\u00ed"],"inLanguage":"pt-BR","potentialAction":[{"@type":"CommentAction","name":"Comment","target":["https:\/\/www.notibras.com\/site\/nenhum-pais-sobrevive-em-meio-ao-descredito-geral\/#respond"]}]},{"@type":"WebPage","@id":"https:\/\/www.notibras.com\/site\/nenhum-pais-sobrevive-em-meio-ao-descredito-geral\/","url":"https:\/\/www.notibras.com\/site\/nenhum-pais-sobrevive-em-meio-ao-descredito-geral\/","name":"Nenhum pa\u00eds sobrevive em meio ao descr\u00e9dito geral - Notibras","isPartOf":{"@id":"https:\/\/www.notibras.com\/site\/#website"},"primaryImageOfPage":{"@id":"https:\/\/www.notibras.com\/site\/nenhum-pais-sobrevive-em-meio-ao-descredito-geral\/#primaryimage"},"image":{"@id":"https:\/\/www.notibras.com\/site\/nenhum-pais-sobrevive-em-meio-ao-descredito-geral\/#primaryimage"},"thumbnailUrl":"https:\/\/www.notibras.com\/site\/wp-content\/uploads\/2017\/02\/brasil-governo-falido-pais-a-deriva-blogdoluizpaulo-1.jpg","datePublished":"2017-02-13T23:52:06+00:00","breadcrumb":{"@id":"https:\/\/www.notibras.com\/site\/nenhum-pais-sobrevive-em-meio-ao-descredito-geral\/#breadcrumb"},"inLanguage":"pt-BR","potentialAction":[{"@type":"ReadAction","target":["https:\/\/www.notibras.com\/site\/nenhum-pais-sobrevive-em-meio-ao-descredito-geral\/"]}]},{"@type":"ImageObject","inLanguage":"pt-BR","@id":"https:\/\/www.notibras.com\/site\/nenhum-pais-sobrevive-em-meio-ao-descredito-geral\/#primaryimage","url":"https:\/\/www.notibras.com\/site\/wp-content\/uploads\/2017\/02\/brasil-governo-falido-pais-a-deriva-blogdoluizpaulo-1.jpg","contentUrl":"https:\/\/www.notibras.com\/site\/wp-content\/uploads\/2017\/02\/brasil-governo-falido-pais-a-deriva-blogdoluizpaulo-1.jpg","width":1200,"height":625},{"@type":"BreadcrumbList","@id":"https:\/\/www.notibras.com\/site\/nenhum-pais-sobrevive-em-meio-ao-descredito-geral\/#breadcrumb","itemListElement":[{"@type":"ListItem","position":1,"name":"In\u00edcio","item":"https:\/\/www.notibras.com\/site\/"},{"@type":"ListItem","position":2,"name":"Nenhum pa\u00eds sobrevive em meio ao descr\u00e9dito geral"}]},{"@type":"WebSite","@id":"https:\/\/www.notibras.com\/site\/#website","url":"https:\/\/www.notibras.com\/site\/","name":"Notibras","description":"Not\u00edcias de Bras\u00edlia, do Brasil e do Mundo","publisher":{"@id":"https:\/\/www.notibras.com\/site\/#organization"},"potentialAction":[{"@type":"SearchAction","target":{"@type":"EntryPoint","urlTemplate":"https:\/\/www.notibras.com\/site\/?s={search_term_string}"},"query-input":{"@type":"PropertyValueSpecification","valueRequired":true,"valueName":"search_term_string"}}],"inLanguage":"pt-BR"},{"@type":"Organization","@id":"https:\/\/www.notibras.com\/site\/#organization","name":"Grupo Notibras de Comunica\u00e7\u00e3o","url":"https:\/\/www.notibras.com\/site\/","logo":{"@type":"ImageObject","inLanguage":"pt-BR","@id":"https:\/\/www.notibras.com\/site\/#\/schema\/logo\/image\/","url":"https:\/\/www.notibras.com\/site\/wp-content\/uploads\/2023\/01\/notibras23.png","contentUrl":"https:\/\/www.notibras.com\/site\/wp-content\/uploads\/2023\/01\/notibras23.png","width":350,"height":87,"caption":"Grupo Notibras de Comunica\u00e7\u00e3o"},"image":{"@id":"https:\/\/www.notibras.com\/site\/#\/schema\/logo\/image\/"},"sameAs":["https:\/\/www.facebook.com\/notibras\/","https:\/\/x.com\/Notibras","https:\/\/www.instagram.com\/notibras\/"]},{"@type":"Person","@id":"https:\/\/www.notibras.com\/site\/#\/schema\/person\/36ab0979449956132d3e5b517ea76ac8","name":"Reda\u00e7\u00e3o","image":{"@type":"ImageObject","inLanguage":"pt-BR","@id":"https:\/\/secure.gravatar.com\/avatar\/e0a867bdedb85fd243eadf09663511f96fc81e0720a4a42581f334ad4303aa6b?s=96&d=mm&r=g","url":"https:\/\/secure.gravatar.com\/avatar\/e0a867bdedb85fd243eadf09663511f96fc81e0720a4a42581f334ad4303aa6b?s=96&d=mm&r=g","contentUrl":"https:\/\/secure.gravatar.com\/avatar\/e0a867bdedb85fd243eadf09663511f96fc81e0720a4a42581f334ad4303aa6b?s=96&d=mm&r=g","caption":"Reda\u00e7\u00e3o"}}]}},"amp_enabled":true,"_links":{"self":[{"href":"https:\/\/www.notibras.com\/site\/wp-json\/wp\/v2\/posts\/128716","targetHints":{"allow":["GET"]}}],"collection":[{"href":"https:\/\/www.notibras.com\/site\/wp-json\/wp\/v2\/posts"}],"about":[{"href":"https:\/\/www.notibras.com\/site\/wp-json\/wp\/v2\/types\/post"}],"author":[{"embeddable":true,"href":"https:\/\/www.notibras.com\/site\/wp-json\/wp\/v2\/users\/2"}],"replies":[{"embeddable":true,"href":"https:\/\/www.notibras.com\/site\/wp-json\/wp\/v2\/comments?post=128716"}],"version-history":[{"count":1,"href":"https:\/\/www.notibras.com\/site\/wp-json\/wp\/v2\/posts\/128716\/revisions"}],"predecessor-version":[{"id":128718,"href":"https:\/\/www.notibras.com\/site\/wp-json\/wp\/v2\/posts\/128716\/revisions\/128718"}],"wp:featuredmedia":[{"embeddable":true,"href":"https:\/\/www.notibras.com\/site\/wp-json\/wp\/v2\/media\/128717"}],"wp:attachment":[{"href":"https:\/\/www.notibras.com\/site\/wp-json\/wp\/v2\/media?parent=128716"}],"wp:term":[{"taxonomy":"category","embeddable":true,"href":"https:\/\/www.notibras.com\/site\/wp-json\/wp\/v2\/categories?post=128716"},{"taxonomy":"post_tag","embeddable":true,"href":"https:\/\/www.notibras.com\/site\/wp-json\/wp\/v2\/tags?post=128716"}],"curies":[{"name":"wp","href":"https:\/\/api.w.org\/{rel}","templated":true}]}}