{"id":128847,"date":"2017-02-15T08:22:47","date_gmt":"2017-02-15T10:22:47","guid":{"rendered":"http:\/\/www.notibras.com\/site\/?p=128847"},"modified":"2017-02-15T08:22:47","modified_gmt":"2017-02-15T10:22:47","slug":"vamos-pro-pau-porque-esse-governo-temer-e-imoral","status":"publish","type":"post","link":"https:\/\/www.notibras.com\/site\/vamos-pro-pau-porque-esse-governo-temer-e-imoral\/","title":{"rendered":"Vamos pro pau, porque esse governo Temer \u00e9 imoral"},"content":{"rendered":"<p><strong>Silas Correa Leite<\/strong><\/p>\n<p>Se um usurpador interino, de uma esp\u00e9cie de novo estado novo, n\u00e3o respeita as clausulas p\u00e9treas da carta magna, porque nosotros, o povo, temos que seguir as regras, principalmente as regras deste ditador impune feito um fil\u00e9 de picareta?<\/p>\n<p>Se esse vice tra\u00edra que est\u00e1 indevidamente com a faixa presidencial no peito de jeca, tem ministros investigados pela PF, condenados e envoltos em m\u00e1fias e quadrilhas, e ainda assim tem a prote\u00e7\u00e3o da justi\u00e7a amoral e da m\u00eddia abutre, por que temos que seguir essa ordem unida e de corrup\u00e7\u00e3o e impunidade?<\/p>\n<p>Se o tal do STF tem de ministro um elemento corrupto e envolto no crime organizado de SP, o estado m\u00e1fia, e foi advogado do PCC, e agora vai juntar-se aos corvos de toga de uma justi\u00e7a capenga, por que temos que seguir aos padr\u00f5es s\u00f3rdidos dele, batendo contin\u00eancia pro arb\u00edtrio, e, acreditarmos nos falidos tr\u00eas poderes, mais o quarto, a m\u00eddia suja, e o quinto poder, a viol\u00eancia?<\/p>\n<p>Nada nos bolsos e nas m\u00e3os\u2026 alegria alegria, lembram-se? \u2013 sem len\u00e7o e sem documento\u2026 Mas n\u00e3o um asnoia Black Bloc, claro, mas um cidad\u00e3o que sabe que os poderes est\u00e3o podres, e quem faz pose todo pimp\u00e3o de presidente \u00e9 zumbirionete de enfeite, e os que s\u00e3o subalternos dele comp\u00f5em as m\u00e1fias e quadrilhas desse atual estado de coisas do Brasil S\/A, uma republiqueta de bananas, de canalhas neoliberais.<\/p>\n<p>N\u00e3o \u00e0 ordem unida. N\u00e3o \u00e0 classe dominante. N\u00e3o ao jugo de um p\u00e1ria no poder. Se nos pedirem documentos, daremos nosso olhar de indigna\u00e7\u00e3o, nossos globos oculares cheios de sangue paisano, civil, dizendo n\u00e3o ao n\u00e3o, dizendo Fora Temer, dizendo Volta Lula, dizendo de nosso esc\u00e1rnio as autoridades desconstitu\u00eddas de zelo \u00e9tico e moral.<\/p>\n<p>Policia para quem precisa de policia, diz o refr\u00e3o do rock. Uma policia incompetente, corrupta, violenta e senil, mal formada, mal informada e mal preparada, cheia de capit\u00e3es do mato, jagun\u00e7os de farda obedecendo cegamente a leis fascistas, e os poderes municipais, estaduais e federais cortando direitos do pov\u00e3o\u2026 Fora povo? N\u00e3o, fora governo. Somos todos anarquistas agora. Desobedi\u00eancia Civil J\u00e1. Volta Lampi\u00e3o!<\/p>\n<p>O Estado de Direito falido. Bachar\u00e9is contando com falhas de improbidades nos rituais de s\u00f3rdidos bastidores labir\u00ednticos dos pal\u00e1cios f\u00fanebres de uma justi\u00e7a falida moralmente. M\u00e3os ao alto? Carregaremos algemas aos montes. Para algemarmos cada um que nos pe\u00e7a identidades, documentos, satisfa\u00e7\u00e3o. Policia gerida por mil\u00edcias. Juizecos liberando bandidos de alto escal\u00e3o e colarinho branco, doutores vazando doutores. Cadeia s\u00f3 para pobres? Cadeia s\u00f3 para Pretos, Pobres, Prostitutas, Professores, Petistas? E os outros? Justi\u00e7a que n\u00e3o \u00e9 para todos, ou ampla, total e irrestrita, n\u00e3o \u00e9 justi\u00e7a que valha. Se temos bandidos soltos, \u00e9 porque temos bandidos na policia, na justi\u00e7a, na sociedade impune. E bandidos de toga.<\/p>\n<p>Nessa territorial pangeia do arb\u00edtrio que se restou o Brasil dos picaretas, nesse Carnaval a palo seco, vamos vestir as nossas fantasias de uma revolta, uma insurrei\u00e7\u00e3o, contundente, evolutiva, e derrubar a Bastilha da Globo, o Castelo de Cartas do STF, o Penico do Congresso, e o Vaso Sanit\u00e1rio do Pal\u00e1cio do Desgoverno Federal.<\/p>\n<p>Se n\u00f3s sofremos, que eles sofram. Se n\u00f3s pagamos, que eles paguem. Se cortaram nossos direitos, que os coloquemos em jaulas. Por que temos que sofrer, e eles impunes e garbosos arrotando velhacarias como se fossem donos da verdade, e n\u00f3s, cobaias do arb\u00edtrio. Se eles s\u00e3o lacaios da m\u00e1fia da propina, que paguem por isso. Desobedi\u00eancia Civil j\u00e1!<\/p>\n<p>Pelos campos e cidades, pelas ruas e pal\u00e1cios, por uma greve geral j\u00e1, al\u00f4 CUT, n\u00e3o podemos aceitar o que est\u00e1 acontecendo, nem deixar que uma emissora de televis\u00e3o que deve milh\u00f5es aos cofres p\u00fablicos dite as normas, as regras, com sua programa\u00e7\u00e3o med\u00edocre, de jornalismo de bact\u00e9rias do lixo fascista. Fora povo? N\u00e3o. Desobedi\u00eancia Civil.<\/p>\n<p>O povo unido, jamais poder\u00e1 ser vencido. F\u00e9 no exerc\u00edcio de cidadania&gt;<\/p>\n<p>Daremos uma banana ao governo usurpador. E sairemos \u00e0s ruas. E carregaremos bandeiras que tenham nossa cara, nosso sangue, suor e l\u00e1grimas. Temos um governo Padr\u00e3o Fifa, com tent\u00e1culos em todas as \u00e1reas do crime organizado, e n\u00e3o podemos compactuar com isso.<\/p>\n<p>Que man\u00e9 presidente \u00e9 esse, um Presidente ileg\u00edtimo, 43 vezes delatado. Um santo de pau oco, para a m\u00eddia-abutre conivente e capanga.<\/p>\n<p>A Lei? Ora, a Lei. A tal Lava a Jato, jacta-se de ser o que n\u00e3o \u00e9, e s\u00f3 lava o que interessa, para eliminar advers\u00e1rios da legalidade; para os amigos do alheio, a Lava a Jato \u00e9 um jato s\u00f3 de pagar impress\u00f5es digitais dos componentes do desgoverno\u2026 Governo? Desobedi\u00eancia civil j\u00e1.<\/p>\n<p>Vamos pro pau!<\/p>\n","protected":false},"excerpt":{"rendered":"<p>Silas Correa Leite Se um usurpador interino, de uma esp\u00e9cie de novo estado novo, n\u00e3o respeita as clausulas p\u00e9treas da carta magna, porque nosotros, o povo, temos que seguir as regras, principalmente as regras deste ditador impune feito um fil\u00e9 de picareta? Se esse vice tra\u00edra que est\u00e1 indevidamente com a faixa presidencial no peito [&hellip;]<\/p>\n","protected":false},"author":2,"featured_media":128848,"comment_status":"open","ping_status":"closed","sticky":false,"template":"","format":"standard","meta":{"_acf_changed":false,"footnotes":""},"categories":[25],"tags":[],"class_list":["post-128847","post","type-post","status-publish","format-standard","has-post-thumbnail","hentry","category-opina-ai"],"acf":[],"yoast_head":"<!-- This site is optimized with the Yoast SEO plugin v27.5 - https:\/\/yoast.com\/product\/yoast-seo-wordpress\/ -->\n<title>Vamos pro pau, porque esse governo Temer \u00e9 imoral - Notibras<\/title>\n<meta name=\"robots\" content=\"index, follow, max-snippet:-1, max-image-preview:large, max-video-preview:-1\" \/>\n<link rel=\"canonical\" href=\"https:\/\/www.notibras.com\/site\/vamos-pro-pau-porque-esse-governo-temer-e-imoral\/\" \/>\n<meta property=\"og:locale\" content=\"pt_BR\" \/>\n<meta property=\"og:type\" content=\"article\" \/>\n<meta property=\"og:title\" content=\"Vamos pro pau, porque esse governo Temer \u00e9 imoral - Notibras\" \/>\n<meta property=\"og:description\" content=\"Silas Correa Leite Se um usurpador interino, de uma esp\u00e9cie de novo estado novo, n\u00e3o respeita as clausulas p\u00e9treas da carta magna, porque nosotros, o povo, temos que seguir as regras, principalmente as regras deste ditador impune feito um fil\u00e9 de picareta? Se esse vice tra\u00edra que est\u00e1 indevidamente com a faixa presidencial no peito [&hellip;]\" \/>\n<meta property=\"og:url\" content=\"https:\/\/www.notibras.com\/site\/vamos-pro-pau-porque-esse-governo-temer-e-imoral\/\" \/>\n<meta property=\"og:site_name\" content=\"Notibras\" \/>\n<meta property=\"article:publisher\" content=\"https:\/\/www.facebook.com\/notibras\/\" \/>\n<meta property=\"article:published_time\" content=\"2017-02-15T10:22:47+00:00\" \/>\n<meta property=\"og:image\" content=\"https:\/\/www.notibras.com\/site\/wp-content\/uploads\/2017\/02\/desobedienciacivil.jpg\" \/>\n\t<meta property=\"og:image:width\" content=\"810\" \/>\n\t<meta property=\"og:image:height\" content=\"455\" \/>\n\t<meta property=\"og:image:type\" content=\"image\/jpeg\" \/>\n<meta name=\"author\" content=\"Reda\u00e7\u00e3o\" \/>\n<meta name=\"twitter:card\" content=\"summary_large_image\" \/>\n<meta name=\"twitter:creator\" content=\"@Notibras\" \/>\n<meta name=\"twitter:site\" content=\"@Notibras\" \/>\n<meta name=\"twitter:label1\" content=\"Escrito por\" \/>\n\t<meta name=\"twitter:data1\" content=\"Reda\u00e7\u00e3o\" \/>\n\t<meta name=\"twitter:label2\" content=\"Est. tempo de leitura\" \/>\n\t<meta name=\"twitter:data2\" content=\"4 minutos\" \/>\n<script type=\"application\/ld+json\" class=\"yoast-schema-graph\">{\"@context\":\"https:\\\/\\\/schema.org\",\"@graph\":[{\"@type\":\"Article\",\"@id\":\"https:\\\/\\\/www.notibras.com\\\/site\\\/vamos-pro-pau-porque-esse-governo-temer-e-imoral\\\/#article\",\"isPartOf\":{\"@id\":\"https:\\\/\\\/www.notibras.com\\\/site\\\/vamos-pro-pau-porque-esse-governo-temer-e-imoral\\\/\"},\"author\":{\"name\":\"Reda\u00e7\u00e3o\",\"@id\":\"https:\\\/\\\/www.notibras.com\\\/site\\\/#\\\/schema\\\/person\\\/36ab0979449956132d3e5b517ea76ac8\"},\"headline\":\"Vamos pro pau, porque esse governo Temer \u00e9 imoral\",\"datePublished\":\"2017-02-15T10:22:47+00:00\",\"mainEntityOfPage\":{\"@id\":\"https:\\\/\\\/www.notibras.com\\\/site\\\/vamos-pro-pau-porque-esse-governo-temer-e-imoral\\\/\"},\"wordCount\":851,\"commentCount\":0,\"publisher\":{\"@id\":\"https:\\\/\\\/www.notibras.com\\\/site\\\/#organization\"},\"image\":{\"@id\":\"https:\\\/\\\/www.notibras.com\\\/site\\\/vamos-pro-pau-porque-esse-governo-temer-e-imoral\\\/#primaryimage\"},\"thumbnailUrl\":\"https:\\\/\\\/www.notibras.com\\\/site\\\/wp-content\\\/uploads\\\/2017\\\/02\\\/desobedienciacivil.jpg\",\"articleSection\":[\"Opina a\u00ed\"],\"inLanguage\":\"pt-BR\",\"potentialAction\":[{\"@type\":\"CommentAction\",\"name\":\"Comment\",\"target\":[\"https:\\\/\\\/www.notibras.com\\\/site\\\/vamos-pro-pau-porque-esse-governo-temer-e-imoral\\\/#respond\"]}]},{\"@type\":\"WebPage\",\"@id\":\"https:\\\/\\\/www.notibras.com\\\/site\\\/vamos-pro-pau-porque-esse-governo-temer-e-imoral\\\/\",\"url\":\"https:\\\/\\\/www.notibras.com\\\/site\\\/vamos-pro-pau-porque-esse-governo-temer-e-imoral\\\/\",\"name\":\"Vamos pro pau, porque esse governo Temer \u00e9 imoral - Notibras\",\"isPartOf\":{\"@id\":\"https:\\\/\\\/www.notibras.com\\\/site\\\/#website\"},\"primaryImageOfPage\":{\"@id\":\"https:\\\/\\\/www.notibras.com\\\/site\\\/vamos-pro-pau-porque-esse-governo-temer-e-imoral\\\/#primaryimage\"},\"image\":{\"@id\":\"https:\\\/\\\/www.notibras.com\\\/site\\\/vamos-pro-pau-porque-esse-governo-temer-e-imoral\\\/#primaryimage\"},\"thumbnailUrl\":\"https:\\\/\\\/www.notibras.com\\\/site\\\/wp-content\\\/uploads\\\/2017\\\/02\\\/desobedienciacivil.jpg\",\"datePublished\":\"2017-02-15T10:22:47+00:00\",\"breadcrumb\":{\"@id\":\"https:\\\/\\\/www.notibras.com\\\/site\\\/vamos-pro-pau-porque-esse-governo-temer-e-imoral\\\/#breadcrumb\"},\"inLanguage\":\"pt-BR\",\"potentialAction\":[{\"@type\":\"ReadAction\",\"target\":[\"https:\\\/\\\/www.notibras.com\\\/site\\\/vamos-pro-pau-porque-esse-governo-temer-e-imoral\\\/\"]}]},{\"@type\":\"ImageObject\",\"inLanguage\":\"pt-BR\",\"@id\":\"https:\\\/\\\/www.notibras.com\\\/site\\\/vamos-pro-pau-porque-esse-governo-temer-e-imoral\\\/#primaryimage\",\"url\":\"https:\\\/\\\/www.notibras.com\\\/site\\\/wp-content\\\/uploads\\\/2017\\\/02\\\/desobedienciacivil.jpg\",\"contentUrl\":\"https:\\\/\\\/www.notibras.com\\\/site\\\/wp-content\\\/uploads\\\/2017\\\/02\\\/desobedienciacivil.jpg\",\"width\":810,\"height\":455},{\"@type\":\"BreadcrumbList\",\"@id\":\"https:\\\/\\\/www.notibras.com\\\/site\\\/vamos-pro-pau-porque-esse-governo-temer-e-imoral\\\/#breadcrumb\",\"itemListElement\":[{\"@type\":\"ListItem\",\"position\":1,\"name\":\"In\u00edcio\",\"item\":\"https:\\\/\\\/www.notibras.com\\\/site\\\/\"},{\"@type\":\"ListItem\",\"position\":2,\"name\":\"Vamos pro pau, porque esse governo Temer \u00e9 imoral\"}]},{\"@type\":\"WebSite\",\"@id\":\"https:\\\/\\\/www.notibras.com\\\/site\\\/#website\",\"url\":\"https:\\\/\\\/www.notibras.com\\\/site\\\/\",\"name\":\"Notibras\",\"description\":\"Not\u00edcias de Bras\u00edlia, do Brasil e do Mundo\",\"publisher\":{\"@id\":\"https:\\\/\\\/www.notibras.com\\\/site\\\/#organization\"},\"potentialAction\":[{\"@type\":\"SearchAction\",\"target\":{\"@type\":\"EntryPoint\",\"urlTemplate\":\"https:\\\/\\\/www.notibras.com\\\/site\\\/?s={search_term_string}\"},\"query-input\":{\"@type\":\"PropertyValueSpecification\",\"valueRequired\":true,\"valueName\":\"search_term_string\"}}],\"inLanguage\":\"pt-BR\"},{\"@type\":\"Organization\",\"@id\":\"https:\\\/\\\/www.notibras.com\\\/site\\\/#organization\",\"name\":\"Grupo Notibras de Comunica\u00e7\u00e3o\",\"url\":\"https:\\\/\\\/www.notibras.com\\\/site\\\/\",\"logo\":{\"@type\":\"ImageObject\",\"inLanguage\":\"pt-BR\",\"@id\":\"https:\\\/\\\/www.notibras.com\\\/site\\\/#\\\/schema\\\/logo\\\/image\\\/\",\"url\":\"https:\\\/\\\/www.notibras.com\\\/site\\\/wp-content\\\/uploads\\\/2023\\\/01\\\/notibras23.png\",\"contentUrl\":\"https:\\\/\\\/www.notibras.com\\\/site\\\/wp-content\\\/uploads\\\/2023\\\/01\\\/notibras23.png\",\"width\":350,\"height\":87,\"caption\":\"Grupo Notibras de Comunica\u00e7\u00e3o\"},\"image\":{\"@id\":\"https:\\\/\\\/www.notibras.com\\\/site\\\/#\\\/schema\\\/logo\\\/image\\\/\"},\"sameAs\":[\"https:\\\/\\\/www.facebook.com\\\/notibras\\\/\",\"https:\\\/\\\/x.com\\\/Notibras\",\"https:\\\/\\\/www.instagram.com\\\/notibras\\\/\"]},{\"@type\":\"Person\",\"@id\":\"https:\\\/\\\/www.notibras.com\\\/site\\\/#\\\/schema\\\/person\\\/36ab0979449956132d3e5b517ea76ac8\",\"name\":\"Reda\u00e7\u00e3o\",\"image\":{\"@type\":\"ImageObject\",\"inLanguage\":\"pt-BR\",\"@id\":\"https:\\\/\\\/secure.gravatar.com\\\/avatar\\\/e0a867bdedb85fd243eadf09663511f96fc81e0720a4a42581f334ad4303aa6b?s=96&d=mm&r=g\",\"url\":\"https:\\\/\\\/secure.gravatar.com\\\/avatar\\\/e0a867bdedb85fd243eadf09663511f96fc81e0720a4a42581f334ad4303aa6b?s=96&d=mm&r=g\",\"contentUrl\":\"https:\\\/\\\/secure.gravatar.com\\\/avatar\\\/e0a867bdedb85fd243eadf09663511f96fc81e0720a4a42581f334ad4303aa6b?s=96&d=mm&r=g\",\"caption\":\"Reda\u00e7\u00e3o\"}}]}<\/script>\n<!-- \/ Yoast SEO plugin. -->","yoast_head_json":{"title":"Vamos pro pau, porque esse governo Temer \u00e9 imoral - Notibras","robots":{"index":"index","follow":"follow","max-snippet":"max-snippet:-1","max-image-preview":"max-image-preview:large","max-video-preview":"max-video-preview:-1"},"canonical":"https:\/\/www.notibras.com\/site\/vamos-pro-pau-porque-esse-governo-temer-e-imoral\/","og_locale":"pt_BR","og_type":"article","og_title":"Vamos pro pau, porque esse governo Temer \u00e9 imoral - Notibras","og_description":"Silas Correa Leite Se um usurpador interino, de uma esp\u00e9cie de novo estado novo, n\u00e3o respeita as clausulas p\u00e9treas da carta magna, porque nosotros, o povo, temos que seguir as regras, principalmente as regras deste ditador impune feito um fil\u00e9 de picareta? Se esse vice tra\u00edra que est\u00e1 indevidamente com a faixa presidencial no peito [&hellip;]","og_url":"https:\/\/www.notibras.com\/site\/vamos-pro-pau-porque-esse-governo-temer-e-imoral\/","og_site_name":"Notibras","article_publisher":"https:\/\/www.facebook.com\/notibras\/","article_published_time":"2017-02-15T10:22:47+00:00","og_image":[{"width":810,"height":455,"url":"https:\/\/www.notibras.com\/site\/wp-content\/uploads\/2017\/02\/desobedienciacivil.jpg","type":"image\/jpeg"}],"author":"Reda\u00e7\u00e3o","twitter_card":"summary_large_image","twitter_creator":"@Notibras","twitter_site":"@Notibras","twitter_misc":{"Escrito por":"Reda\u00e7\u00e3o","Est. tempo de leitura":"4 minutos"},"schema":{"@context":"https:\/\/schema.org","@graph":[{"@type":"Article","@id":"https:\/\/www.notibras.com\/site\/vamos-pro-pau-porque-esse-governo-temer-e-imoral\/#article","isPartOf":{"@id":"https:\/\/www.notibras.com\/site\/vamos-pro-pau-porque-esse-governo-temer-e-imoral\/"},"author":{"name":"Reda\u00e7\u00e3o","@id":"https:\/\/www.notibras.com\/site\/#\/schema\/person\/36ab0979449956132d3e5b517ea76ac8"},"headline":"Vamos pro pau, porque esse governo Temer \u00e9 imoral","datePublished":"2017-02-15T10:22:47+00:00","mainEntityOfPage":{"@id":"https:\/\/www.notibras.com\/site\/vamos-pro-pau-porque-esse-governo-temer-e-imoral\/"},"wordCount":851,"commentCount":0,"publisher":{"@id":"https:\/\/www.notibras.com\/site\/#organization"},"image":{"@id":"https:\/\/www.notibras.com\/site\/vamos-pro-pau-porque-esse-governo-temer-e-imoral\/#primaryimage"},"thumbnailUrl":"https:\/\/www.notibras.com\/site\/wp-content\/uploads\/2017\/02\/desobedienciacivil.jpg","articleSection":["Opina a\u00ed"],"inLanguage":"pt-BR","potentialAction":[{"@type":"CommentAction","name":"Comment","target":["https:\/\/www.notibras.com\/site\/vamos-pro-pau-porque-esse-governo-temer-e-imoral\/#respond"]}]},{"@type":"WebPage","@id":"https:\/\/www.notibras.com\/site\/vamos-pro-pau-porque-esse-governo-temer-e-imoral\/","url":"https:\/\/www.notibras.com\/site\/vamos-pro-pau-porque-esse-governo-temer-e-imoral\/","name":"Vamos pro pau, porque esse governo Temer \u00e9 imoral - Notibras","isPartOf":{"@id":"https:\/\/www.notibras.com\/site\/#website"},"primaryImageOfPage":{"@id":"https:\/\/www.notibras.com\/site\/vamos-pro-pau-porque-esse-governo-temer-e-imoral\/#primaryimage"},"image":{"@id":"https:\/\/www.notibras.com\/site\/vamos-pro-pau-porque-esse-governo-temer-e-imoral\/#primaryimage"},"thumbnailUrl":"https:\/\/www.notibras.com\/site\/wp-content\/uploads\/2017\/02\/desobedienciacivil.jpg","datePublished":"2017-02-15T10:22:47+00:00","breadcrumb":{"@id":"https:\/\/www.notibras.com\/site\/vamos-pro-pau-porque-esse-governo-temer-e-imoral\/#breadcrumb"},"inLanguage":"pt-BR","potentialAction":[{"@type":"ReadAction","target":["https:\/\/www.notibras.com\/site\/vamos-pro-pau-porque-esse-governo-temer-e-imoral\/"]}]},{"@type":"ImageObject","inLanguage":"pt-BR","@id":"https:\/\/www.notibras.com\/site\/vamos-pro-pau-porque-esse-governo-temer-e-imoral\/#primaryimage","url":"https:\/\/www.notibras.com\/site\/wp-content\/uploads\/2017\/02\/desobedienciacivil.jpg","contentUrl":"https:\/\/www.notibras.com\/site\/wp-content\/uploads\/2017\/02\/desobedienciacivil.jpg","width":810,"height":455},{"@type":"BreadcrumbList","@id":"https:\/\/www.notibras.com\/site\/vamos-pro-pau-porque-esse-governo-temer-e-imoral\/#breadcrumb","itemListElement":[{"@type":"ListItem","position":1,"name":"In\u00edcio","item":"https:\/\/www.notibras.com\/site\/"},{"@type":"ListItem","position":2,"name":"Vamos pro pau, porque esse governo Temer \u00e9 imoral"}]},{"@type":"WebSite","@id":"https:\/\/www.notibras.com\/site\/#website","url":"https:\/\/www.notibras.com\/site\/","name":"Notibras","description":"Not\u00edcias de Bras\u00edlia, do Brasil e do Mundo","publisher":{"@id":"https:\/\/www.notibras.com\/site\/#organization"},"potentialAction":[{"@type":"SearchAction","target":{"@type":"EntryPoint","urlTemplate":"https:\/\/www.notibras.com\/site\/?s={search_term_string}"},"query-input":{"@type":"PropertyValueSpecification","valueRequired":true,"valueName":"search_term_string"}}],"inLanguage":"pt-BR"},{"@type":"Organization","@id":"https:\/\/www.notibras.com\/site\/#organization","name":"Grupo Notibras de Comunica\u00e7\u00e3o","url":"https:\/\/www.notibras.com\/site\/","logo":{"@type":"ImageObject","inLanguage":"pt-BR","@id":"https:\/\/www.notibras.com\/site\/#\/schema\/logo\/image\/","url":"https:\/\/www.notibras.com\/site\/wp-content\/uploads\/2023\/01\/notibras23.png","contentUrl":"https:\/\/www.notibras.com\/site\/wp-content\/uploads\/2023\/01\/notibras23.png","width":350,"height":87,"caption":"Grupo Notibras de Comunica\u00e7\u00e3o"},"image":{"@id":"https:\/\/www.notibras.com\/site\/#\/schema\/logo\/image\/"},"sameAs":["https:\/\/www.facebook.com\/notibras\/","https:\/\/x.com\/Notibras","https:\/\/www.instagram.com\/notibras\/"]},{"@type":"Person","@id":"https:\/\/www.notibras.com\/site\/#\/schema\/person\/36ab0979449956132d3e5b517ea76ac8","name":"Reda\u00e7\u00e3o","image":{"@type":"ImageObject","inLanguage":"pt-BR","@id":"https:\/\/secure.gravatar.com\/avatar\/e0a867bdedb85fd243eadf09663511f96fc81e0720a4a42581f334ad4303aa6b?s=96&d=mm&r=g","url":"https:\/\/secure.gravatar.com\/avatar\/e0a867bdedb85fd243eadf09663511f96fc81e0720a4a42581f334ad4303aa6b?s=96&d=mm&r=g","contentUrl":"https:\/\/secure.gravatar.com\/avatar\/e0a867bdedb85fd243eadf09663511f96fc81e0720a4a42581f334ad4303aa6b?s=96&d=mm&r=g","caption":"Reda\u00e7\u00e3o"}}]}},"amp_enabled":true,"_links":{"self":[{"href":"https:\/\/www.notibras.com\/site\/wp-json\/wp\/v2\/posts\/128847","targetHints":{"allow":["GET"]}}],"collection":[{"href":"https:\/\/www.notibras.com\/site\/wp-json\/wp\/v2\/posts"}],"about":[{"href":"https:\/\/www.notibras.com\/site\/wp-json\/wp\/v2\/types\/post"}],"author":[{"embeddable":true,"href":"https:\/\/www.notibras.com\/site\/wp-json\/wp\/v2\/users\/2"}],"replies":[{"embeddable":true,"href":"https:\/\/www.notibras.com\/site\/wp-json\/wp\/v2\/comments?post=128847"}],"version-history":[{"count":1,"href":"https:\/\/www.notibras.com\/site\/wp-json\/wp\/v2\/posts\/128847\/revisions"}],"predecessor-version":[{"id":128849,"href":"https:\/\/www.notibras.com\/site\/wp-json\/wp\/v2\/posts\/128847\/revisions\/128849"}],"wp:featuredmedia":[{"embeddable":true,"href":"https:\/\/www.notibras.com\/site\/wp-json\/wp\/v2\/media\/128848"}],"wp:attachment":[{"href":"https:\/\/www.notibras.com\/site\/wp-json\/wp\/v2\/media?parent=128847"}],"wp:term":[{"taxonomy":"category","embeddable":true,"href":"https:\/\/www.notibras.com\/site\/wp-json\/wp\/v2\/categories?post=128847"},{"taxonomy":"post_tag","embeddable":true,"href":"https:\/\/www.notibras.com\/site\/wp-json\/wp\/v2\/tags?post=128847"}],"curies":[{"name":"wp","href":"https:\/\/api.w.org\/{rel}","templated":true}]}}