{"id":12905,"date":"2014-06-10T00:20:04","date_gmt":"2014-06-10T03:20:04","guid":{"rendered":"http:\/\/www.notibras.com\/site\/?p=12905"},"modified":"2014-06-10T12:44:39","modified_gmt":"2014-06-10T15:44:39","slug":"marcola-rejeita-comida-ruim-e-ameaca-detentos-cozinheiros-da-prisao","status":"publish","type":"post","link":"https:\/\/www.notibras.com\/site\/marcola-rejeita-comida-ruim-e-ameaca-detentos-cozinheiros-da-prisao\/","title":{"rendered":"Marcola rejeita comida ruim de penitenci\u00e1ria e amea\u00e7a matar detentos-cozinheiros"},"content":{"rendered":"<p>Principal l\u00edder da fac\u00e7\u00e3o criminosa Primeiro Comando da Capital (PCC), Marco Willians Herbas Camacho, o Marcola, chegou a expulsar &#8211; e a amea\u00e7ar de morte &#8211;\u00a0175 membros da fac\u00e7\u00e3o porque n\u00e3o gostou da comida que era servida\u00a0a ele durante sua interna\u00e7\u00e3o no Regime Disciplinar Diferenciado (RDD)\u00a0no Centro de Readapta\u00e7\u00e3o Penitenci\u00e1ria (CRP) de Presidente Bernardes, no interior de S\u00e3o Paulo. As informa\u00e7\u00f5es s\u00e3o do Terra.<\/p>\n<p class=\"text\">Os exclu\u00eddos eram detentos que trabalhavam na cozinha da Penitenci\u00e1ria 1\u00a0de Presidente Bernardes, onde \u00e9 preparada a comida servida no CRP e na pr\u00f3pria P-1, onde est\u00e3o detidos 1,9 mil homens. O paladar de Marcola n\u00e3o aprovou a comida e revoltado com a situa\u00e7\u00e3o decidiu punir os &#8220;cozinheiros&#8221;.<\/p>\n<blockquote>\n<p class=\"text\">\u201cEle alegou &#8216;falta de responsabilidade&#8217;\u00a0para puni-los, por fazerem uma comida que na opini\u00e3o dele era mal feita, e tamb\u00e9m por n\u00e3o reclamarem da falta de temperos e ingredientes para melhorar o sabor das refei\u00e7\u00f5es&#8221;, contou uma autoridade do sistema penitenci\u00e1rio do Oeste Paulista, que acompanhou o desenrolar do caso.<\/p>\n<\/blockquote>\n<p class=\"text\">Segundo a mesma autoridade, Marcola chegou a dar um ultimato para os detentos da cozinha. &#8220;Ele deu prazo de 30 dias para que a comida fosse melhorada e, se isso n\u00e3o ocorresse, os exclu\u00eddos seriam punidos com a pena de morte&#8221;, contou a autoridade. Em muitos casos, as regras do PCC incluem a pena capital para integrantes que s\u00e3o expulsos da fac\u00e7\u00e3o.<\/p>\n<p class=\"text\">Agentes penitenci\u00e1rios disseram que a situa\u00e7\u00e3o ficou tensa. &#8220;Essa situa\u00e7\u00e3o causou uma grande como\u00e7\u00e3o dentro do pres\u00eddio, com muitos presos com medo de serem mortos porque n\u00e3o conseguiam fazer uma comida que agradasse seu principal chefe&#8221;, contou um deles. &#8220;Eles <em>(detentos exclu\u00eddos)<\/em> chegaram a conversar com a dire\u00e7\u00e3o do pres\u00eddio pedindo para que liberassem a entrada de temperos e ingredientes na tentativa de melhorar o sabor dos alimentos&#8221;, contou o agente. Segundo ele, at\u00e9 mesmo parentes dos presos tentaram ajudar. &#8220;Houve at\u00e9 visita que foi pega levando tempero Sazon dentro do corpo&#8221;, contou.<\/p>\n<p class=\"text\">No final, a dire\u00e7\u00e3o do pres\u00eddio concordou em liberar a entrada de temperos para fazer a comida, e uma decis\u00e3o da Justi\u00e7a ajudou a amenizar a situa\u00e7\u00e3o. Marcola, quer tinha sido recolhido em 11 de mar\u00e7o para ficar 60 dias isolado no RDD, conseguiu um habeas corpus do Tribunal de Justi\u00e7a, em 10 de abril. &#8220;Ele saiu antes de completar um m\u00eas de interna\u00e7\u00e3o e isso ajudou na solu\u00e7\u00e3o do problema\u201d, contou uma autoridade do Judici\u00e1rio que tamb\u00e9m acompanhou o caso. O habeas corpus foi concedido em 9 de abril pelo desembargador P\u00e9ricles\u00a0Piza, relator do processo, que pedia a interna\u00e7\u00e3o de Marcola, na 1\u00aa C\u00e2mara de Direito Criminal, do Tribunal de Justi\u00e7a do Estado de S\u00e3o Paulo.<\/p>\n<p class=\"text\">De volta \u00e0 Penitenci\u00e1ria 2 de Presidente Venceslau, onde cumpre pena com outros l\u00edderes do PCC e passa a semana se alimentando, principalmente, de comida levada por parentes nos finais de semana, Marcola foi convencido pelos colegas a cancelar a exclus\u00e3o dos detentos cozinheiros da P-1 de Bernardes. No entanto, a dire\u00e7\u00e3o da unidade tem dificuldades at\u00e9 hoje para achar detentos interessados em trabalhar na cozinha. \u201cEles t\u00eam medo de um dia o Marcola volte e resolva novamente puni-los s\u00f3 porque n\u00e3o gostou da comida\u201d, explicou um agente penitenci\u00e1rio da P-1 de Presidente Bernardes.<\/p>\n<p class=\"text\">A Secretaria de Administra\u00e7\u00e3o Penitenci\u00e1ria (SAP) diz que n\u00e3o fornece informa\u00e7\u00f5es administrativas sobre a rotina das unidades prisionais por quest\u00f5es de seguran\u00e7a, mas que a situa\u00e7\u00e3o descrita \u00e9 \u201cdescabida\u201d e tratada como \u201cboato\u201d.<\/p>\n","protected":false},"excerpt":{"rendered":"<p>Principal l\u00edder da fac\u00e7\u00e3o criminosa Primeiro Comando da Capital (PCC), Marco Willians Herbas Camacho, o Marcola, chegou a expulsar &#8211; e a amea\u00e7ar de morte &#8211;\u00a0175 membros da fac\u00e7\u00e3o porque n\u00e3o gostou da comida que era servida\u00a0a ele durante sua interna\u00e7\u00e3o no Regime Disciplinar Diferenciado (RDD)\u00a0no Centro de Readapta\u00e7\u00e3o Penitenci\u00e1ria (CRP) de Presidente Bernardes, no [&hellip;]<\/p>\n","protected":false},"author":2,"featured_media":12906,"comment_status":"open","ping_status":"closed","sticky":false,"template":"","format":"standard","meta":{"_acf_changed":false,"footnotes":""},"categories":[16],"tags":[],"class_list":["post-12905","post","type-post","status-publish","format-standard","has-post-thumbnail","hentry","category-brasil"],"acf":[],"yoast_head":"<!-- This site is optimized with the Yoast SEO plugin v27.2 - https:\/\/yoast.com\/product\/yoast-seo-wordpress\/ -->\n<title>Marcola rejeita comida ruim de penitenci\u00e1ria e amea\u00e7a matar detentos-cozinheiros - Notibras<\/title>\n<meta name=\"robots\" content=\"index, follow, max-snippet:-1, max-image-preview:large, max-video-preview:-1\" \/>\n<link rel=\"canonical\" href=\"https:\/\/www.notibras.com\/site\/marcola-rejeita-comida-ruim-e-ameaca-detentos-cozinheiros-da-prisao\/\" \/>\n<meta property=\"og:locale\" content=\"pt_BR\" \/>\n<meta property=\"og:type\" content=\"article\" \/>\n<meta property=\"og:title\" content=\"Marcola rejeita comida ruim de penitenci\u00e1ria e amea\u00e7a matar detentos-cozinheiros - Notibras\" \/>\n<meta property=\"og:description\" content=\"Principal l\u00edder da fac\u00e7\u00e3o criminosa Primeiro Comando da Capital (PCC), Marco Willians Herbas Camacho, o Marcola, chegou a expulsar &#8211; e a amea\u00e7ar de morte &#8211;\u00a0175 membros da fac\u00e7\u00e3o porque n\u00e3o gostou da comida que era servida\u00a0a ele durante sua interna\u00e7\u00e3o no Regime Disciplinar Diferenciado (RDD)\u00a0no Centro de Readapta\u00e7\u00e3o Penitenci\u00e1ria (CRP) de Presidente Bernardes, no [&hellip;]\" \/>\n<meta property=\"og:url\" content=\"https:\/\/www.notibras.com\/site\/marcola-rejeita-comida-ruim-e-ameaca-detentos-cozinheiros-da-prisao\/\" \/>\n<meta property=\"og:site_name\" content=\"Notibras\" \/>\n<meta property=\"article:publisher\" content=\"https:\/\/www.facebook.com\/notibras\/\" \/>\n<meta property=\"article:published_time\" content=\"2014-06-10T03:20:04+00:00\" \/>\n<meta property=\"article:modified_time\" content=\"2014-06-10T15:44:39+00:00\" \/>\n<meta property=\"og:image\" content=\"https:\/\/www.notibras.com\/site\/wp-content\/uploads\/2014\/06\/marcocamachomarcolapcc200101.jpg\" \/>\n\t<meta property=\"og:image:width\" content=\"460\" \/>\n\t<meta property=\"og:image:height\" content=\"340\" \/>\n\t<meta property=\"og:image:type\" content=\"image\/jpeg\" \/>\n<meta name=\"author\" content=\"Reda\u00e7\u00e3o\" \/>\n<meta name=\"twitter:card\" content=\"summary_large_image\" \/>\n<meta name=\"twitter:creator\" content=\"@Notibras\" \/>\n<meta name=\"twitter:site\" content=\"@Notibras\" \/>\n<meta name=\"twitter:label1\" content=\"Escrito por\" \/>\n\t<meta name=\"twitter:data1\" content=\"Reda\u00e7\u00e3o\" \/>\n\t<meta name=\"twitter:label2\" content=\"Est. tempo de leitura\" \/>\n\t<meta name=\"twitter:data2\" content=\"3 minutos\" \/>\n<script type=\"application\/ld+json\" class=\"yoast-schema-graph\">{\"@context\":\"https:\/\/schema.org\",\"@graph\":[{\"@type\":\"Article\",\"@id\":\"https:\/\/www.notibras.com\/site\/marcola-rejeita-comida-ruim-e-ameaca-detentos-cozinheiros-da-prisao\/#article\",\"isPartOf\":{\"@id\":\"https:\/\/www.notibras.com\/site\/marcola-rejeita-comida-ruim-e-ameaca-detentos-cozinheiros-da-prisao\/\"},\"author\":{\"name\":\"Reda\u00e7\u00e3o\",\"@id\":\"https:\/\/www.notibras.com\/site\/#\/schema\/person\/36ab0979449956132d3e5b517ea76ac8\"},\"headline\":\"Marcola rejeita comida ruim de penitenci\u00e1ria e amea\u00e7a matar detentos-cozinheiros\",\"datePublished\":\"2014-06-10T03:20:04+00:00\",\"dateModified\":\"2014-06-10T15:44:39+00:00\",\"mainEntityOfPage\":{\"@id\":\"https:\/\/www.notibras.com\/site\/marcola-rejeita-comida-ruim-e-ameaca-detentos-cozinheiros-da-prisao\/\"},\"wordCount\":631,\"commentCount\":0,\"publisher\":{\"@id\":\"https:\/\/www.notibras.com\/site\/#organization\"},\"image\":{\"@id\":\"https:\/\/www.notibras.com\/site\/marcola-rejeita-comida-ruim-e-ameaca-detentos-cozinheiros-da-prisao\/#primaryimage\"},\"thumbnailUrl\":\"https:\/\/www.notibras.com\/site\/wp-content\/uploads\/2014\/06\/marcocamachomarcolapcc200101.jpg\",\"articleSection\":[\"Brasil\"],\"inLanguage\":\"pt-BR\",\"potentialAction\":[{\"@type\":\"CommentAction\",\"name\":\"Comment\",\"target\":[\"https:\/\/www.notibras.com\/site\/marcola-rejeita-comida-ruim-e-ameaca-detentos-cozinheiros-da-prisao\/#respond\"]}]},{\"@type\":\"WebPage\",\"@id\":\"https:\/\/www.notibras.com\/site\/marcola-rejeita-comida-ruim-e-ameaca-detentos-cozinheiros-da-prisao\/\",\"url\":\"https:\/\/www.notibras.com\/site\/marcola-rejeita-comida-ruim-e-ameaca-detentos-cozinheiros-da-prisao\/\",\"name\":\"Marcola rejeita comida ruim de penitenci\u00e1ria e amea\u00e7a matar detentos-cozinheiros - Notibras\",\"isPartOf\":{\"@id\":\"https:\/\/www.notibras.com\/site\/#website\"},\"primaryImageOfPage\":{\"@id\":\"https:\/\/www.notibras.com\/site\/marcola-rejeita-comida-ruim-e-ameaca-detentos-cozinheiros-da-prisao\/#primaryimage\"},\"image\":{\"@id\":\"https:\/\/www.notibras.com\/site\/marcola-rejeita-comida-ruim-e-ameaca-detentos-cozinheiros-da-prisao\/#primaryimage\"},\"thumbnailUrl\":\"https:\/\/www.notibras.com\/site\/wp-content\/uploads\/2014\/06\/marcocamachomarcolapcc200101.jpg\",\"datePublished\":\"2014-06-10T03:20:04+00:00\",\"dateModified\":\"2014-06-10T15:44:39+00:00\",\"breadcrumb\":{\"@id\":\"https:\/\/www.notibras.com\/site\/marcola-rejeita-comida-ruim-e-ameaca-detentos-cozinheiros-da-prisao\/#breadcrumb\"},\"inLanguage\":\"pt-BR\",\"potentialAction\":[{\"@type\":\"ReadAction\",\"target\":[\"https:\/\/www.notibras.com\/site\/marcola-rejeita-comida-ruim-e-ameaca-detentos-cozinheiros-da-prisao\/\"]}]},{\"@type\":\"ImageObject\",\"inLanguage\":\"pt-BR\",\"@id\":\"https:\/\/www.notibras.com\/site\/marcola-rejeita-comida-ruim-e-ameaca-detentos-cozinheiros-da-prisao\/#primaryimage\",\"url\":\"https:\/\/www.notibras.com\/site\/wp-content\/uploads\/2014\/06\/marcocamachomarcolapcc200101.jpg\",\"contentUrl\":\"https:\/\/www.notibras.com\/site\/wp-content\/uploads\/2014\/06\/marcocamachomarcolapcc200101.jpg\",\"width\":460,\"height\":340},{\"@type\":\"BreadcrumbList\",\"@id\":\"https:\/\/www.notibras.com\/site\/marcola-rejeita-comida-ruim-e-ameaca-detentos-cozinheiros-da-prisao\/#breadcrumb\",\"itemListElement\":[{\"@type\":\"ListItem\",\"position\":1,\"name\":\"In\u00edcio\",\"item\":\"https:\/\/www.notibras.com\/site\/\"},{\"@type\":\"ListItem\",\"position\":2,\"name\":\"Marcola rejeita comida ruim de penitenci\u00e1ria e amea\u00e7a matar detentos-cozinheiros\"}]},{\"@type\":\"WebSite\",\"@id\":\"https:\/\/www.notibras.com\/site\/#website\",\"url\":\"https:\/\/www.notibras.com\/site\/\",\"name\":\"Notibras\",\"description\":\"Not\u00edcias de Bras\u00edlia, do Brasil e do Mundo\",\"publisher\":{\"@id\":\"https:\/\/www.notibras.com\/site\/#organization\"},\"potentialAction\":[{\"@type\":\"SearchAction\",\"target\":{\"@type\":\"EntryPoint\",\"urlTemplate\":\"https:\/\/www.notibras.com\/site\/?s={search_term_string}\"},\"query-input\":{\"@type\":\"PropertyValueSpecification\",\"valueRequired\":true,\"valueName\":\"search_term_string\"}}],\"inLanguage\":\"pt-BR\"},{\"@type\":\"Organization\",\"@id\":\"https:\/\/www.notibras.com\/site\/#organization\",\"name\":\"Grupo Notibras de Comunica\u00e7\u00e3o\",\"url\":\"https:\/\/www.notibras.com\/site\/\",\"logo\":{\"@type\":\"ImageObject\",\"inLanguage\":\"pt-BR\",\"@id\":\"https:\/\/www.notibras.com\/site\/#\/schema\/logo\/image\/\",\"url\":\"https:\/\/www.notibras.com\/site\/wp-content\/uploads\/2023\/01\/notibras23.png\",\"contentUrl\":\"https:\/\/www.notibras.com\/site\/wp-content\/uploads\/2023\/01\/notibras23.png\",\"width\":350,\"height\":87,\"caption\":\"Grupo Notibras de Comunica\u00e7\u00e3o\"},\"image\":{\"@id\":\"https:\/\/www.notibras.com\/site\/#\/schema\/logo\/image\/\"},\"sameAs\":[\"https:\/\/www.facebook.com\/notibras\/\",\"https:\/\/x.com\/Notibras\",\"https:\/\/www.instagram.com\/notibras\/\"]},{\"@type\":\"Person\",\"@id\":\"https:\/\/www.notibras.com\/site\/#\/schema\/person\/36ab0979449956132d3e5b517ea76ac8\",\"name\":\"Reda\u00e7\u00e3o\",\"image\":{\"@type\":\"ImageObject\",\"inLanguage\":\"pt-BR\",\"@id\":\"https:\/\/secure.gravatar.com\/avatar\/e0a867bdedb85fd243eadf09663511f96fc81e0720a4a42581f334ad4303aa6b?s=96&d=mm&r=g\",\"url\":\"https:\/\/secure.gravatar.com\/avatar\/e0a867bdedb85fd243eadf09663511f96fc81e0720a4a42581f334ad4303aa6b?s=96&d=mm&r=g\",\"contentUrl\":\"https:\/\/secure.gravatar.com\/avatar\/e0a867bdedb85fd243eadf09663511f96fc81e0720a4a42581f334ad4303aa6b?s=96&d=mm&r=g\",\"caption\":\"Reda\u00e7\u00e3o\"}}]}<\/script>\n<!-- \/ Yoast SEO plugin. -->","yoast_head_json":{"title":"Marcola rejeita comida ruim de penitenci\u00e1ria e amea\u00e7a matar detentos-cozinheiros - Notibras","robots":{"index":"index","follow":"follow","max-snippet":"max-snippet:-1","max-image-preview":"max-image-preview:large","max-video-preview":"max-video-preview:-1"},"canonical":"https:\/\/www.notibras.com\/site\/marcola-rejeita-comida-ruim-e-ameaca-detentos-cozinheiros-da-prisao\/","og_locale":"pt_BR","og_type":"article","og_title":"Marcola rejeita comida ruim de penitenci\u00e1ria e amea\u00e7a matar detentos-cozinheiros - Notibras","og_description":"Principal l\u00edder da fac\u00e7\u00e3o criminosa Primeiro Comando da Capital (PCC), Marco Willians Herbas Camacho, o Marcola, chegou a expulsar &#8211; e a amea\u00e7ar de morte &#8211;\u00a0175 membros da fac\u00e7\u00e3o porque n\u00e3o gostou da comida que era servida\u00a0a ele durante sua interna\u00e7\u00e3o no Regime Disciplinar Diferenciado (RDD)\u00a0no Centro de Readapta\u00e7\u00e3o Penitenci\u00e1ria (CRP) de Presidente Bernardes, no [&hellip;]","og_url":"https:\/\/www.notibras.com\/site\/marcola-rejeita-comida-ruim-e-ameaca-detentos-cozinheiros-da-prisao\/","og_site_name":"Notibras","article_publisher":"https:\/\/www.facebook.com\/notibras\/","article_published_time":"2014-06-10T03:20:04+00:00","article_modified_time":"2014-06-10T15:44:39+00:00","og_image":[{"width":460,"height":340,"url":"https:\/\/www.notibras.com\/site\/wp-content\/uploads\/2014\/06\/marcocamachomarcolapcc200101.jpg","type":"image\/jpeg"}],"author":"Reda\u00e7\u00e3o","twitter_card":"summary_large_image","twitter_creator":"@Notibras","twitter_site":"@Notibras","twitter_misc":{"Escrito por":"Reda\u00e7\u00e3o","Est. tempo de leitura":"3 minutos"},"schema":{"@context":"https:\/\/schema.org","@graph":[{"@type":"Article","@id":"https:\/\/www.notibras.com\/site\/marcola-rejeita-comida-ruim-e-ameaca-detentos-cozinheiros-da-prisao\/#article","isPartOf":{"@id":"https:\/\/www.notibras.com\/site\/marcola-rejeita-comida-ruim-e-ameaca-detentos-cozinheiros-da-prisao\/"},"author":{"name":"Reda\u00e7\u00e3o","@id":"https:\/\/www.notibras.com\/site\/#\/schema\/person\/36ab0979449956132d3e5b517ea76ac8"},"headline":"Marcola rejeita comida ruim de penitenci\u00e1ria e amea\u00e7a matar detentos-cozinheiros","datePublished":"2014-06-10T03:20:04+00:00","dateModified":"2014-06-10T15:44:39+00:00","mainEntityOfPage":{"@id":"https:\/\/www.notibras.com\/site\/marcola-rejeita-comida-ruim-e-ameaca-detentos-cozinheiros-da-prisao\/"},"wordCount":631,"commentCount":0,"publisher":{"@id":"https:\/\/www.notibras.com\/site\/#organization"},"image":{"@id":"https:\/\/www.notibras.com\/site\/marcola-rejeita-comida-ruim-e-ameaca-detentos-cozinheiros-da-prisao\/#primaryimage"},"thumbnailUrl":"https:\/\/www.notibras.com\/site\/wp-content\/uploads\/2014\/06\/marcocamachomarcolapcc200101.jpg","articleSection":["Brasil"],"inLanguage":"pt-BR","potentialAction":[{"@type":"CommentAction","name":"Comment","target":["https:\/\/www.notibras.com\/site\/marcola-rejeita-comida-ruim-e-ameaca-detentos-cozinheiros-da-prisao\/#respond"]}]},{"@type":"WebPage","@id":"https:\/\/www.notibras.com\/site\/marcola-rejeita-comida-ruim-e-ameaca-detentos-cozinheiros-da-prisao\/","url":"https:\/\/www.notibras.com\/site\/marcola-rejeita-comida-ruim-e-ameaca-detentos-cozinheiros-da-prisao\/","name":"Marcola rejeita comida ruim de penitenci\u00e1ria e amea\u00e7a matar detentos-cozinheiros - Notibras","isPartOf":{"@id":"https:\/\/www.notibras.com\/site\/#website"},"primaryImageOfPage":{"@id":"https:\/\/www.notibras.com\/site\/marcola-rejeita-comida-ruim-e-ameaca-detentos-cozinheiros-da-prisao\/#primaryimage"},"image":{"@id":"https:\/\/www.notibras.com\/site\/marcola-rejeita-comida-ruim-e-ameaca-detentos-cozinheiros-da-prisao\/#primaryimage"},"thumbnailUrl":"https:\/\/www.notibras.com\/site\/wp-content\/uploads\/2014\/06\/marcocamachomarcolapcc200101.jpg","datePublished":"2014-06-10T03:20:04+00:00","dateModified":"2014-06-10T15:44:39+00:00","breadcrumb":{"@id":"https:\/\/www.notibras.com\/site\/marcola-rejeita-comida-ruim-e-ameaca-detentos-cozinheiros-da-prisao\/#breadcrumb"},"inLanguage":"pt-BR","potentialAction":[{"@type":"ReadAction","target":["https:\/\/www.notibras.com\/site\/marcola-rejeita-comida-ruim-e-ameaca-detentos-cozinheiros-da-prisao\/"]}]},{"@type":"ImageObject","inLanguage":"pt-BR","@id":"https:\/\/www.notibras.com\/site\/marcola-rejeita-comida-ruim-e-ameaca-detentos-cozinheiros-da-prisao\/#primaryimage","url":"https:\/\/www.notibras.com\/site\/wp-content\/uploads\/2014\/06\/marcocamachomarcolapcc200101.jpg","contentUrl":"https:\/\/www.notibras.com\/site\/wp-content\/uploads\/2014\/06\/marcocamachomarcolapcc200101.jpg","width":460,"height":340},{"@type":"BreadcrumbList","@id":"https:\/\/www.notibras.com\/site\/marcola-rejeita-comida-ruim-e-ameaca-detentos-cozinheiros-da-prisao\/#breadcrumb","itemListElement":[{"@type":"ListItem","position":1,"name":"In\u00edcio","item":"https:\/\/www.notibras.com\/site\/"},{"@type":"ListItem","position":2,"name":"Marcola rejeita comida ruim de penitenci\u00e1ria e amea\u00e7a matar detentos-cozinheiros"}]},{"@type":"WebSite","@id":"https:\/\/www.notibras.com\/site\/#website","url":"https:\/\/www.notibras.com\/site\/","name":"Notibras","description":"Not\u00edcias de Bras\u00edlia, do Brasil e do Mundo","publisher":{"@id":"https:\/\/www.notibras.com\/site\/#organization"},"potentialAction":[{"@type":"SearchAction","target":{"@type":"EntryPoint","urlTemplate":"https:\/\/www.notibras.com\/site\/?s={search_term_string}"},"query-input":{"@type":"PropertyValueSpecification","valueRequired":true,"valueName":"search_term_string"}}],"inLanguage":"pt-BR"},{"@type":"Organization","@id":"https:\/\/www.notibras.com\/site\/#organization","name":"Grupo Notibras de Comunica\u00e7\u00e3o","url":"https:\/\/www.notibras.com\/site\/","logo":{"@type":"ImageObject","inLanguage":"pt-BR","@id":"https:\/\/www.notibras.com\/site\/#\/schema\/logo\/image\/","url":"https:\/\/www.notibras.com\/site\/wp-content\/uploads\/2023\/01\/notibras23.png","contentUrl":"https:\/\/www.notibras.com\/site\/wp-content\/uploads\/2023\/01\/notibras23.png","width":350,"height":87,"caption":"Grupo Notibras de Comunica\u00e7\u00e3o"},"image":{"@id":"https:\/\/www.notibras.com\/site\/#\/schema\/logo\/image\/"},"sameAs":["https:\/\/www.facebook.com\/notibras\/","https:\/\/x.com\/Notibras","https:\/\/www.instagram.com\/notibras\/"]},{"@type":"Person","@id":"https:\/\/www.notibras.com\/site\/#\/schema\/person\/36ab0979449956132d3e5b517ea76ac8","name":"Reda\u00e7\u00e3o","image":{"@type":"ImageObject","inLanguage":"pt-BR","@id":"https:\/\/secure.gravatar.com\/avatar\/e0a867bdedb85fd243eadf09663511f96fc81e0720a4a42581f334ad4303aa6b?s=96&d=mm&r=g","url":"https:\/\/secure.gravatar.com\/avatar\/e0a867bdedb85fd243eadf09663511f96fc81e0720a4a42581f334ad4303aa6b?s=96&d=mm&r=g","contentUrl":"https:\/\/secure.gravatar.com\/avatar\/e0a867bdedb85fd243eadf09663511f96fc81e0720a4a42581f334ad4303aa6b?s=96&d=mm&r=g","caption":"Reda\u00e7\u00e3o"}}]}},"amp_enabled":true,"_links":{"self":[{"href":"https:\/\/www.notibras.com\/site\/wp-json\/wp\/v2\/posts\/12905","targetHints":{"allow":["GET"]}}],"collection":[{"href":"https:\/\/www.notibras.com\/site\/wp-json\/wp\/v2\/posts"}],"about":[{"href":"https:\/\/www.notibras.com\/site\/wp-json\/wp\/v2\/types\/post"}],"author":[{"embeddable":true,"href":"https:\/\/www.notibras.com\/site\/wp-json\/wp\/v2\/users\/2"}],"replies":[{"embeddable":true,"href":"https:\/\/www.notibras.com\/site\/wp-json\/wp\/v2\/comments?post=12905"}],"version-history":[{"count":0,"href":"https:\/\/www.notibras.com\/site\/wp-json\/wp\/v2\/posts\/12905\/revisions"}],"wp:featuredmedia":[{"embeddable":true,"href":"https:\/\/www.notibras.com\/site\/wp-json\/wp\/v2\/media\/12906"}],"wp:attachment":[{"href":"https:\/\/www.notibras.com\/site\/wp-json\/wp\/v2\/media?parent=12905"}],"wp:term":[{"taxonomy":"category","embeddable":true,"href":"https:\/\/www.notibras.com\/site\/wp-json\/wp\/v2\/categories?post=12905"},{"taxonomy":"post_tag","embeddable":true,"href":"https:\/\/www.notibras.com\/site\/wp-json\/wp\/v2\/tags?post=12905"}],"curies":[{"name":"wp","href":"https:\/\/api.w.org\/{rel}","templated":true}]}}