{"id":129176,"date":"2017-02-18T10:12:30","date_gmt":"2017-02-18T12:12:30","guid":{"rendered":"http:\/\/www.notibras.com\/site\/?p=129176"},"modified":"2017-02-18T10:13:28","modified_gmt":"2017-02-18T12:13:28","slug":"para-onde-iremos-amanha-se-vivermos-nos-repetindo","status":"publish","type":"post","link":"https:\/\/www.notibras.com\/site\/para-onde-iremos-amanha-se-vivermos-nos-repetindo\/","title":{"rendered":"Para onde iremos amanh\u00e3, se vivemos nos repetindo?"},"content":{"rendered":"<p><strong>Kleber Galv\u00eaas<\/strong><\/p>\n<p>H\u00e1 9 dias o Esp\u00edrito Santo vive momentos de tens\u00e3o. Situa\u00e7\u00e3o que na casa dos militares \u00e9 experimentada 365 dias ao ano, enquanto enfrentam principalmente traficantes, que lutam por seus territ\u00f3rios e, capitalizados, imp\u00f5em suas vontades. Sem policia nas ruas a popula\u00e7\u00e3o est\u00e1 presa em casa, e todos os setores da economia, inclusive o governo, acumulam preju\u00edzos e enorme desconforto.<\/p>\n<p>Imaginem-se as consequ\u00eancias deste cen\u00e1rio em qualquer tempo e lugar: o Estado est\u00e1 em recess\u00e3o, perdeu o FUNDAP, e muito dinheiro, com a nova divis\u00e3o dos royalties do petr\u00f3leo; tem n\u00edvel elevado de desemprego e alta taxa de criminalidade, quase exclusivamente ligada ao tr\u00e1fico. Policiais convivem em quart\u00e9is onde treinam o uso de armas, explosivos, ordem unida, e est\u00e3o insatisfeitos e solid\u00e1rios.<\/p>\n<p>Qual a rea\u00e7\u00e3o esperada ao serem amea\u00e7ados de puni\u00e7\u00e3o e dispensa, com o castigo atingindo diretamente seus familiares, que assumiram a vanguarda desta luta, que se arrasta h\u00e1 2 anos?<\/p>\n<p>O protesto \u00e9 ilegal na letra da lei, terr\u00edvel para todos, mas compreens\u00edvel, quando visto pela perspectiva humana: da injusti\u00e7a, erro pol\u00edtico e imper\u00edcia administrativa. A responsabilidade o governo procura encobrir com bravatas arrogantes, colocando como culpado quem apontou a infra\u00e7\u00e3o.<\/p>\n<p>O Estado gasta 5 mil com um preso e paga a metade ao policial. O ambiente de trabalho do policial oferece alto risco. As defici\u00eancias cr\u00f4nicas o tornam ainda mais estressante, provocando desarmonia no c\u00edrculo familiar de alguns soldados e desequil\u00edbrio emocional em muitos. Enquanto isso, o mundo do crime tem prote\u00e7\u00e3o legal para sua reserva de mercado e monop\u00f3lio altamente lucrativo (drogas). Bandidos est\u00e3o capitalizados, bem armados, bem assessorados&#8230;<\/p>\n<p>Seguramente, algo cai quanto o equil\u00edbrio inst\u00e1vel se torna insuport\u00e1vel. Se o lado que est\u00e1 mais alto na balan\u00e7a n\u00e3o perder peso, e o mais baixo n\u00e3o recuperar parte do peso perdido, n\u00e3o se retorna ao equil\u00edbrio. Entretanto retomar o equil\u00edbrio \u00e9 resolver o problema pontual e ele n\u00e3o se manter\u00e1, se a oportunidade n\u00e3o for aproveitada para se experimentarem novos caminhos, fugindo da trilha repetitiva que sempre leva ao mesmo lugar: troca de comando, constru\u00e7\u00e3o de pres\u00eddios, aumento do efetivo, dos sal\u00e1rios e do armamento.<\/p>\n<p>Se n\u00e3o houver aprendizagem, isto \u00e9, mudan\u00e7a de comportamento de quem opera o equil\u00edbrio com as a\u00e7\u00f5es de governo, e ele n\u00e3o agir olhando para frente, uma hora o caldo entornar\u00e1 de vez.<\/p>\n<p>Quando, na P\u00e9rsia (700 a. C.), o c\u00e3o de guarda era importante para seguran\u00e7a do cidad\u00e3o e do rebanho, Zaratustra ensinava: &#8220;Quando comer alimente os c\u00e3es, ainda que o mordam&#8221;.<\/p>\n<p>Se o Estado tiver cr\u00e9dito, deve recorrer a ele, como faz o seu policial quando falta sal\u00e1rio no fim do m\u00eas. Se h\u00e1 prestigio pol\u00edtico fa\u00e7a-o valer. Com imagina\u00e7\u00e3o e interesse por nossa identidade e voca\u00e7\u00e3o, promova projetos que tragam dividendos financeiros, e seja parcimonioso ao conceder isen\u00e7\u00f5es fiscais (R$ 4,3 bilh\u00f5es).<\/p>\n<p>A tarefa prim\u00e1ria do administrador \u00e9 identificar prioridades na aplica\u00e7\u00e3o dos recursos e equilibrar as contas; investigar para ficar bem informado, prevenindo acidentes de percurso; constituir reserva emergencial, evitando a surpresa da desorganiza\u00e7\u00e3o generalizada, porta de entrada para o caos.<\/p>\n<p>Afli\u00e7\u00e3o de todos \u00e9 estado de guerra. Isso n\u00e3o pode acontecer. Se houver persist\u00eancia na falta de imagina\u00e7\u00e3o de quem decide, e o inc\u00f4modo generalizado continuar para a popula\u00e7\u00e3o, corre-se o risco de a corda arrebentar do lado aparentemente mais forte. Na Fran\u00e7a, onde se inventou a guilhotina, a corda arrebentou desse lado. N\u00e3o foi a primeira, nem a \u00fanica vez, que isso aconteceu.<\/p>\n<p>N\u00e3o h\u00e1 chantagem. As mulheres dos nossos soldados buscam paz e harmonia no lar. Fazem Hist\u00f3ria!<\/p>\n","protected":false},"excerpt":{"rendered":"<p>Kleber Galv\u00eaas H\u00e1 9 dias o Esp\u00edrito Santo vive momentos de tens\u00e3o. Situa\u00e7\u00e3o que na casa dos militares \u00e9 experimentada 365 dias ao ano, enquanto enfrentam principalmente traficantes, que lutam por seus territ\u00f3rios e, capitalizados, imp\u00f5em suas vontades. Sem policia nas ruas a popula\u00e7\u00e3o est\u00e1 presa em casa, e todos os setores da economia, inclusive [&hellip;]<\/p>\n","protected":false},"author":2,"featured_media":129177,"comment_status":"open","ping_status":"closed","sticky":false,"template":"","format":"standard","meta":{"_acf_changed":false,"footnotes":""},"categories":[25],"tags":[],"class_list":["post-129176","post","type-post","status-publish","format-standard","has-post-thumbnail","hentry","category-opina-ai"],"acf":[],"yoast_head":"<!-- This site is optimized with the Yoast SEO plugin v27.5 - https:\/\/yoast.com\/product\/yoast-seo-wordpress\/ -->\n<title>Para onde iremos amanh\u00e3, se vivemos nos repetindo? - Notibras<\/title>\n<meta name=\"robots\" content=\"index, follow, max-snippet:-1, max-image-preview:large, max-video-preview:-1\" \/>\n<link rel=\"canonical\" href=\"https:\/\/www.notibras.com\/site\/para-onde-iremos-amanha-se-vivermos-nos-repetindo\/\" \/>\n<meta property=\"og:locale\" content=\"pt_BR\" \/>\n<meta property=\"og:type\" content=\"article\" \/>\n<meta property=\"og:title\" content=\"Para onde iremos amanh\u00e3, se vivemos nos repetindo? - Notibras\" \/>\n<meta property=\"og:description\" content=\"Kleber Galv\u00eaas H\u00e1 9 dias o Esp\u00edrito Santo vive momentos de tens\u00e3o. Situa\u00e7\u00e3o que na casa dos militares \u00e9 experimentada 365 dias ao ano, enquanto enfrentam principalmente traficantes, que lutam por seus territ\u00f3rios e, capitalizados, imp\u00f5em suas vontades. Sem policia nas ruas a popula\u00e7\u00e3o est\u00e1 presa em casa, e todos os setores da economia, inclusive [&hellip;]\" \/>\n<meta property=\"og:url\" content=\"https:\/\/www.notibras.com\/site\/para-onde-iremos-amanha-se-vivermos-nos-repetindo\/\" \/>\n<meta property=\"og:site_name\" content=\"Notibras\" \/>\n<meta property=\"article:publisher\" content=\"https:\/\/www.facebook.com\/notibras\/\" \/>\n<meta property=\"article:published_time\" content=\"2017-02-18T12:12:30+00:00\" \/>\n<meta property=\"article:modified_time\" content=\"2017-02-18T12:13:28+00:00\" \/>\n<meta property=\"og:image\" content=\"https:\/\/www.notibras.com\/site\/wp-content\/uploads\/2017\/02\/Juventude-Nazista.jpg\" \/>\n\t<meta property=\"og:image:width\" content=\"800\" \/>\n\t<meta property=\"og:image:height\" content=\"600\" \/>\n\t<meta property=\"og:image:type\" content=\"image\/jpeg\" \/>\n<meta name=\"author\" content=\"Reda\u00e7\u00e3o\" \/>\n<meta name=\"twitter:card\" content=\"summary_large_image\" \/>\n<meta name=\"twitter:creator\" content=\"@Notibras\" \/>\n<meta name=\"twitter:site\" content=\"@Notibras\" \/>\n<meta name=\"twitter:label1\" content=\"Escrito por\" \/>\n\t<meta name=\"twitter:data1\" content=\"Reda\u00e7\u00e3o\" \/>\n\t<meta name=\"twitter:label2\" content=\"Est. tempo de leitura\" \/>\n\t<meta name=\"twitter:data2\" content=\"3 minutos\" \/>\n<script type=\"application\/ld+json\" class=\"yoast-schema-graph\">{\"@context\":\"https:\\\/\\\/schema.org\",\"@graph\":[{\"@type\":\"Article\",\"@id\":\"https:\\\/\\\/www.notibras.com\\\/site\\\/para-onde-iremos-amanha-se-vivermos-nos-repetindo\\\/#article\",\"isPartOf\":{\"@id\":\"https:\\\/\\\/www.notibras.com\\\/site\\\/para-onde-iremos-amanha-se-vivermos-nos-repetindo\\\/\"},\"author\":{\"name\":\"Reda\u00e7\u00e3o\",\"@id\":\"https:\\\/\\\/www.notibras.com\\\/site\\\/#\\\/schema\\\/person\\\/36ab0979449956132d3e5b517ea76ac8\"},\"headline\":\"Para onde iremos amanh\u00e3, se vivemos nos repetindo?\",\"datePublished\":\"2017-02-18T12:12:30+00:00\",\"dateModified\":\"2017-02-18T12:13:28+00:00\",\"mainEntityOfPage\":{\"@id\":\"https:\\\/\\\/www.notibras.com\\\/site\\\/para-onde-iremos-amanha-se-vivermos-nos-repetindo\\\/\"},\"wordCount\":662,\"commentCount\":0,\"publisher\":{\"@id\":\"https:\\\/\\\/www.notibras.com\\\/site\\\/#organization\"},\"image\":{\"@id\":\"https:\\\/\\\/www.notibras.com\\\/site\\\/para-onde-iremos-amanha-se-vivermos-nos-repetindo\\\/#primaryimage\"},\"thumbnailUrl\":\"https:\\\/\\\/www.notibras.com\\\/site\\\/wp-content\\\/uploads\\\/2017\\\/02\\\/Juventude-Nazista.jpg\",\"articleSection\":[\"Opina a\u00ed\"],\"inLanguage\":\"pt-BR\",\"potentialAction\":[{\"@type\":\"CommentAction\",\"name\":\"Comment\",\"target\":[\"https:\\\/\\\/www.notibras.com\\\/site\\\/para-onde-iremos-amanha-se-vivermos-nos-repetindo\\\/#respond\"]}]},{\"@type\":\"WebPage\",\"@id\":\"https:\\\/\\\/www.notibras.com\\\/site\\\/para-onde-iremos-amanha-se-vivermos-nos-repetindo\\\/\",\"url\":\"https:\\\/\\\/www.notibras.com\\\/site\\\/para-onde-iremos-amanha-se-vivermos-nos-repetindo\\\/\",\"name\":\"Para onde iremos amanh\u00e3, se vivemos nos repetindo? - Notibras\",\"isPartOf\":{\"@id\":\"https:\\\/\\\/www.notibras.com\\\/site\\\/#website\"},\"primaryImageOfPage\":{\"@id\":\"https:\\\/\\\/www.notibras.com\\\/site\\\/para-onde-iremos-amanha-se-vivermos-nos-repetindo\\\/#primaryimage\"},\"image\":{\"@id\":\"https:\\\/\\\/www.notibras.com\\\/site\\\/para-onde-iremos-amanha-se-vivermos-nos-repetindo\\\/#primaryimage\"},\"thumbnailUrl\":\"https:\\\/\\\/www.notibras.com\\\/site\\\/wp-content\\\/uploads\\\/2017\\\/02\\\/Juventude-Nazista.jpg\",\"datePublished\":\"2017-02-18T12:12:30+00:00\",\"dateModified\":\"2017-02-18T12:13:28+00:00\",\"breadcrumb\":{\"@id\":\"https:\\\/\\\/www.notibras.com\\\/site\\\/para-onde-iremos-amanha-se-vivermos-nos-repetindo\\\/#breadcrumb\"},\"inLanguage\":\"pt-BR\",\"potentialAction\":[{\"@type\":\"ReadAction\",\"target\":[\"https:\\\/\\\/www.notibras.com\\\/site\\\/para-onde-iremos-amanha-se-vivermos-nos-repetindo\\\/\"]}]},{\"@type\":\"ImageObject\",\"inLanguage\":\"pt-BR\",\"@id\":\"https:\\\/\\\/www.notibras.com\\\/site\\\/para-onde-iremos-amanha-se-vivermos-nos-repetindo\\\/#primaryimage\",\"url\":\"https:\\\/\\\/www.notibras.com\\\/site\\\/wp-content\\\/uploads\\\/2017\\\/02\\\/Juventude-Nazista.jpg\",\"contentUrl\":\"https:\\\/\\\/www.notibras.com\\\/site\\\/wp-content\\\/uploads\\\/2017\\\/02\\\/Juventude-Nazista.jpg\",\"width\":800,\"height\":600},{\"@type\":\"BreadcrumbList\",\"@id\":\"https:\\\/\\\/www.notibras.com\\\/site\\\/para-onde-iremos-amanha-se-vivermos-nos-repetindo\\\/#breadcrumb\",\"itemListElement\":[{\"@type\":\"ListItem\",\"position\":1,\"name\":\"In\u00edcio\",\"item\":\"https:\\\/\\\/www.notibras.com\\\/site\\\/\"},{\"@type\":\"ListItem\",\"position\":2,\"name\":\"Para onde iremos amanh\u00e3, se vivemos nos repetindo?\"}]},{\"@type\":\"WebSite\",\"@id\":\"https:\\\/\\\/www.notibras.com\\\/site\\\/#website\",\"url\":\"https:\\\/\\\/www.notibras.com\\\/site\\\/\",\"name\":\"Notibras\",\"description\":\"Not\u00edcias de Bras\u00edlia, do Brasil e do Mundo\",\"publisher\":{\"@id\":\"https:\\\/\\\/www.notibras.com\\\/site\\\/#organization\"},\"potentialAction\":[{\"@type\":\"SearchAction\",\"target\":{\"@type\":\"EntryPoint\",\"urlTemplate\":\"https:\\\/\\\/www.notibras.com\\\/site\\\/?s={search_term_string}\"},\"query-input\":{\"@type\":\"PropertyValueSpecification\",\"valueRequired\":true,\"valueName\":\"search_term_string\"}}],\"inLanguage\":\"pt-BR\"},{\"@type\":\"Organization\",\"@id\":\"https:\\\/\\\/www.notibras.com\\\/site\\\/#organization\",\"name\":\"Grupo Notibras de Comunica\u00e7\u00e3o\",\"url\":\"https:\\\/\\\/www.notibras.com\\\/site\\\/\",\"logo\":{\"@type\":\"ImageObject\",\"inLanguage\":\"pt-BR\",\"@id\":\"https:\\\/\\\/www.notibras.com\\\/site\\\/#\\\/schema\\\/logo\\\/image\\\/\",\"url\":\"https:\\\/\\\/www.notibras.com\\\/site\\\/wp-content\\\/uploads\\\/2023\\\/01\\\/notibras23.png\",\"contentUrl\":\"https:\\\/\\\/www.notibras.com\\\/site\\\/wp-content\\\/uploads\\\/2023\\\/01\\\/notibras23.png\",\"width\":350,\"height\":87,\"caption\":\"Grupo Notibras de Comunica\u00e7\u00e3o\"},\"image\":{\"@id\":\"https:\\\/\\\/www.notibras.com\\\/site\\\/#\\\/schema\\\/logo\\\/image\\\/\"},\"sameAs\":[\"https:\\\/\\\/www.facebook.com\\\/notibras\\\/\",\"https:\\\/\\\/x.com\\\/Notibras\",\"https:\\\/\\\/www.instagram.com\\\/notibras\\\/\"]},{\"@type\":\"Person\",\"@id\":\"https:\\\/\\\/www.notibras.com\\\/site\\\/#\\\/schema\\\/person\\\/36ab0979449956132d3e5b517ea76ac8\",\"name\":\"Reda\u00e7\u00e3o\",\"image\":{\"@type\":\"ImageObject\",\"inLanguage\":\"pt-BR\",\"@id\":\"https:\\\/\\\/secure.gravatar.com\\\/avatar\\\/e0a867bdedb85fd243eadf09663511f96fc81e0720a4a42581f334ad4303aa6b?s=96&d=mm&r=g\",\"url\":\"https:\\\/\\\/secure.gravatar.com\\\/avatar\\\/e0a867bdedb85fd243eadf09663511f96fc81e0720a4a42581f334ad4303aa6b?s=96&d=mm&r=g\",\"contentUrl\":\"https:\\\/\\\/secure.gravatar.com\\\/avatar\\\/e0a867bdedb85fd243eadf09663511f96fc81e0720a4a42581f334ad4303aa6b?s=96&d=mm&r=g\",\"caption\":\"Reda\u00e7\u00e3o\"}}]}<\/script>\n<!-- \/ Yoast SEO plugin. -->","yoast_head_json":{"title":"Para onde iremos amanh\u00e3, se vivemos nos repetindo? - Notibras","robots":{"index":"index","follow":"follow","max-snippet":"max-snippet:-1","max-image-preview":"max-image-preview:large","max-video-preview":"max-video-preview:-1"},"canonical":"https:\/\/www.notibras.com\/site\/para-onde-iremos-amanha-se-vivermos-nos-repetindo\/","og_locale":"pt_BR","og_type":"article","og_title":"Para onde iremos amanh\u00e3, se vivemos nos repetindo? - Notibras","og_description":"Kleber Galv\u00eaas H\u00e1 9 dias o Esp\u00edrito Santo vive momentos de tens\u00e3o. Situa\u00e7\u00e3o que na casa dos militares \u00e9 experimentada 365 dias ao ano, enquanto enfrentam principalmente traficantes, que lutam por seus territ\u00f3rios e, capitalizados, imp\u00f5em suas vontades. Sem policia nas ruas a popula\u00e7\u00e3o est\u00e1 presa em casa, e todos os setores da economia, inclusive [&hellip;]","og_url":"https:\/\/www.notibras.com\/site\/para-onde-iremos-amanha-se-vivermos-nos-repetindo\/","og_site_name":"Notibras","article_publisher":"https:\/\/www.facebook.com\/notibras\/","article_published_time":"2017-02-18T12:12:30+00:00","article_modified_time":"2017-02-18T12:13:28+00:00","og_image":[{"width":800,"height":600,"url":"https:\/\/www.notibras.com\/site\/wp-content\/uploads\/2017\/02\/Juventude-Nazista.jpg","type":"image\/jpeg"}],"author":"Reda\u00e7\u00e3o","twitter_card":"summary_large_image","twitter_creator":"@Notibras","twitter_site":"@Notibras","twitter_misc":{"Escrito por":"Reda\u00e7\u00e3o","Est. tempo de leitura":"3 minutos"},"schema":{"@context":"https:\/\/schema.org","@graph":[{"@type":"Article","@id":"https:\/\/www.notibras.com\/site\/para-onde-iremos-amanha-se-vivermos-nos-repetindo\/#article","isPartOf":{"@id":"https:\/\/www.notibras.com\/site\/para-onde-iremos-amanha-se-vivermos-nos-repetindo\/"},"author":{"name":"Reda\u00e7\u00e3o","@id":"https:\/\/www.notibras.com\/site\/#\/schema\/person\/36ab0979449956132d3e5b517ea76ac8"},"headline":"Para onde iremos amanh\u00e3, se vivemos nos repetindo?","datePublished":"2017-02-18T12:12:30+00:00","dateModified":"2017-02-18T12:13:28+00:00","mainEntityOfPage":{"@id":"https:\/\/www.notibras.com\/site\/para-onde-iremos-amanha-se-vivermos-nos-repetindo\/"},"wordCount":662,"commentCount":0,"publisher":{"@id":"https:\/\/www.notibras.com\/site\/#organization"},"image":{"@id":"https:\/\/www.notibras.com\/site\/para-onde-iremos-amanha-se-vivermos-nos-repetindo\/#primaryimage"},"thumbnailUrl":"https:\/\/www.notibras.com\/site\/wp-content\/uploads\/2017\/02\/Juventude-Nazista.jpg","articleSection":["Opina a\u00ed"],"inLanguage":"pt-BR","potentialAction":[{"@type":"CommentAction","name":"Comment","target":["https:\/\/www.notibras.com\/site\/para-onde-iremos-amanha-se-vivermos-nos-repetindo\/#respond"]}]},{"@type":"WebPage","@id":"https:\/\/www.notibras.com\/site\/para-onde-iremos-amanha-se-vivermos-nos-repetindo\/","url":"https:\/\/www.notibras.com\/site\/para-onde-iremos-amanha-se-vivermos-nos-repetindo\/","name":"Para onde iremos amanh\u00e3, se vivemos nos repetindo? - Notibras","isPartOf":{"@id":"https:\/\/www.notibras.com\/site\/#website"},"primaryImageOfPage":{"@id":"https:\/\/www.notibras.com\/site\/para-onde-iremos-amanha-se-vivermos-nos-repetindo\/#primaryimage"},"image":{"@id":"https:\/\/www.notibras.com\/site\/para-onde-iremos-amanha-se-vivermos-nos-repetindo\/#primaryimage"},"thumbnailUrl":"https:\/\/www.notibras.com\/site\/wp-content\/uploads\/2017\/02\/Juventude-Nazista.jpg","datePublished":"2017-02-18T12:12:30+00:00","dateModified":"2017-02-18T12:13:28+00:00","breadcrumb":{"@id":"https:\/\/www.notibras.com\/site\/para-onde-iremos-amanha-se-vivermos-nos-repetindo\/#breadcrumb"},"inLanguage":"pt-BR","potentialAction":[{"@type":"ReadAction","target":["https:\/\/www.notibras.com\/site\/para-onde-iremos-amanha-se-vivermos-nos-repetindo\/"]}]},{"@type":"ImageObject","inLanguage":"pt-BR","@id":"https:\/\/www.notibras.com\/site\/para-onde-iremos-amanha-se-vivermos-nos-repetindo\/#primaryimage","url":"https:\/\/www.notibras.com\/site\/wp-content\/uploads\/2017\/02\/Juventude-Nazista.jpg","contentUrl":"https:\/\/www.notibras.com\/site\/wp-content\/uploads\/2017\/02\/Juventude-Nazista.jpg","width":800,"height":600},{"@type":"BreadcrumbList","@id":"https:\/\/www.notibras.com\/site\/para-onde-iremos-amanha-se-vivermos-nos-repetindo\/#breadcrumb","itemListElement":[{"@type":"ListItem","position":1,"name":"In\u00edcio","item":"https:\/\/www.notibras.com\/site\/"},{"@type":"ListItem","position":2,"name":"Para onde iremos amanh\u00e3, se vivemos nos repetindo?"}]},{"@type":"WebSite","@id":"https:\/\/www.notibras.com\/site\/#website","url":"https:\/\/www.notibras.com\/site\/","name":"Notibras","description":"Not\u00edcias de Bras\u00edlia, do Brasil e do Mundo","publisher":{"@id":"https:\/\/www.notibras.com\/site\/#organization"},"potentialAction":[{"@type":"SearchAction","target":{"@type":"EntryPoint","urlTemplate":"https:\/\/www.notibras.com\/site\/?s={search_term_string}"},"query-input":{"@type":"PropertyValueSpecification","valueRequired":true,"valueName":"search_term_string"}}],"inLanguage":"pt-BR"},{"@type":"Organization","@id":"https:\/\/www.notibras.com\/site\/#organization","name":"Grupo Notibras de Comunica\u00e7\u00e3o","url":"https:\/\/www.notibras.com\/site\/","logo":{"@type":"ImageObject","inLanguage":"pt-BR","@id":"https:\/\/www.notibras.com\/site\/#\/schema\/logo\/image\/","url":"https:\/\/www.notibras.com\/site\/wp-content\/uploads\/2023\/01\/notibras23.png","contentUrl":"https:\/\/www.notibras.com\/site\/wp-content\/uploads\/2023\/01\/notibras23.png","width":350,"height":87,"caption":"Grupo Notibras de Comunica\u00e7\u00e3o"},"image":{"@id":"https:\/\/www.notibras.com\/site\/#\/schema\/logo\/image\/"},"sameAs":["https:\/\/www.facebook.com\/notibras\/","https:\/\/x.com\/Notibras","https:\/\/www.instagram.com\/notibras\/"]},{"@type":"Person","@id":"https:\/\/www.notibras.com\/site\/#\/schema\/person\/36ab0979449956132d3e5b517ea76ac8","name":"Reda\u00e7\u00e3o","image":{"@type":"ImageObject","inLanguage":"pt-BR","@id":"https:\/\/secure.gravatar.com\/avatar\/e0a867bdedb85fd243eadf09663511f96fc81e0720a4a42581f334ad4303aa6b?s=96&d=mm&r=g","url":"https:\/\/secure.gravatar.com\/avatar\/e0a867bdedb85fd243eadf09663511f96fc81e0720a4a42581f334ad4303aa6b?s=96&d=mm&r=g","contentUrl":"https:\/\/secure.gravatar.com\/avatar\/e0a867bdedb85fd243eadf09663511f96fc81e0720a4a42581f334ad4303aa6b?s=96&d=mm&r=g","caption":"Reda\u00e7\u00e3o"}}]}},"amp_enabled":true,"_links":{"self":[{"href":"https:\/\/www.notibras.com\/site\/wp-json\/wp\/v2\/posts\/129176","targetHints":{"allow":["GET"]}}],"collection":[{"href":"https:\/\/www.notibras.com\/site\/wp-json\/wp\/v2\/posts"}],"about":[{"href":"https:\/\/www.notibras.com\/site\/wp-json\/wp\/v2\/types\/post"}],"author":[{"embeddable":true,"href":"https:\/\/www.notibras.com\/site\/wp-json\/wp\/v2\/users\/2"}],"replies":[{"embeddable":true,"href":"https:\/\/www.notibras.com\/site\/wp-json\/wp\/v2\/comments?post=129176"}],"version-history":[{"count":2,"href":"https:\/\/www.notibras.com\/site\/wp-json\/wp\/v2\/posts\/129176\/revisions"}],"predecessor-version":[{"id":129179,"href":"https:\/\/www.notibras.com\/site\/wp-json\/wp\/v2\/posts\/129176\/revisions\/129179"}],"wp:featuredmedia":[{"embeddable":true,"href":"https:\/\/www.notibras.com\/site\/wp-json\/wp\/v2\/media\/129177"}],"wp:attachment":[{"href":"https:\/\/www.notibras.com\/site\/wp-json\/wp\/v2\/media?parent=129176"}],"wp:term":[{"taxonomy":"category","embeddable":true,"href":"https:\/\/www.notibras.com\/site\/wp-json\/wp\/v2\/categories?post=129176"},{"taxonomy":"post_tag","embeddable":true,"href":"https:\/\/www.notibras.com\/site\/wp-json\/wp\/v2\/tags?post=129176"}],"curies":[{"name":"wp","href":"https:\/\/api.w.org\/{rel}","templated":true}]}}