{"id":129314,"date":"2017-02-19T09:42:52","date_gmt":"2017-02-19T12:42:52","guid":{"rendered":"http:\/\/www.notibras.com\/site\/?p=129314"},"modified":"2017-02-19T09:42:52","modified_gmt":"2017-02-19T12:42:52","slug":"ressurreicao-de-lula-sera-salvacao-da-terra-arrasada","status":"publish","type":"post","link":"https:\/\/www.notibras.com\/site\/ressurreicao-de-lula-sera-salvacao-da-terra-arrasada\/","title":{"rendered":"Ressurrei\u00e7\u00e3o de Lula ser\u00e1 salva\u00e7\u00e3o da terra arrasada"},"content":{"rendered":"<p><strong>Tereza Cruvinel<\/strong><\/p>\n<p>Os sinais vieram da economia, da Lava Jato, das pesquisas, da vida real e do mundo simb\u00f3lico, a exemplo do que houve nesta sexta-feira (17) na entrega do pr\u00eamio Cam\u00f5es: uma das maiores estrelas de nossa literatura denunciou o golpe e suas degenera\u00e7\u00f5es autorit\u00e1rias. Foi desancado pelo ministro da Cultura. O plano golpista fracassou mas o pa\u00eds ainda n\u00e3o encontrou uma sa\u00edda. Se ela n\u00e3o vier antes de 2018, a resposta vir\u00e1 das urnas mas a terra estar\u00e1 mais arrasada e a restaura\u00e7\u00e3o ter\u00e1 custo maior.<\/p>\n<p>Na economia, a divulga\u00e7\u00e3o, pelo pr\u00f3prio BC, de um \u00edndice pr\u00e9vio que aponta para uma queda do PIB de 2016 da ordem de 4,55% negativos \u00e9 a coroa\u00e7\u00e3o do fracasso. Na esteira deste mergulho recessivo v\u00eam o desemprego, a contra\u00e7\u00e3o na renda e na massa salarial, a corros\u00e3o da qualidade de vida dos que trabalham.<\/p>\n<p>A promessa de colocar o pa\u00eds nos trilhos foi um engodo. Venderam a id\u00e9ia de que, removendo Dilma e o PT do governo, os agentes econ\u00f4micos imediatamente receberiam uma visita do esp\u00edrito santo da confian\u00e7a e tudo come\u00e7aria a correr bem. Deu-se o contr\u00e1rio. A ilegitimidade do governo, sua vulgaridade e seu cinismo sugerem cautela, p\u00e9 atr\u00e1s e desconfian\u00e7a.<\/p>\n<p>No campo \u00e9tico-pol\u00edtico o projeto do golpe tamb\u00e9m fracassa, apesar de todos os esfor\u00e7os para \u201cestancar a sangria\u201d da Lava Jato, como a indica\u00e7\u00e3o de Alexandre de Moraes para o STF e a blindagem de Moreira Franco. L\u00e1 de Curitiba Eduardo Cunha avisa, ao apresentar novas 21 perguntas capciosas a Temer, que est\u00e1 no limite. Ou o tiram de l\u00e1, ou vai delatar. Setores do Supremo ensaiam prestar mais este favor ao governo. Mais manobras, entretanto, s\u00f3 far\u00e3o aumentar a percep\u00e7\u00e3o do povo, de que a promessa de moraliza\u00e7\u00e3o foi outro embuste, um estelionato pol\u00edtico sem elei\u00e7\u00f5es. Tomaram o governo para poder manobrar e livrar a cara de todos.<\/p>\n<p>A pesquisa MDA-CNT tamb\u00e9m trouxe avisos clar\u00edssimos do fracasso do golpe. A rejei\u00e7\u00e3o a Temer subiu para 62% e a aprova\u00e7\u00e3o caiu para 10%. E na sondagem para a elei\u00e7\u00e3o presidencial, Lula apareceu com a maior prefer\u00eancia em todos os cen\u00e1rios. Alcan\u00e7a 30% no primeiro turno se o candidato tucano for A\u00e9cio Neves, e 31% se for Alckmin. Os dois tucanos perderam musculatura eleitoral. Marina Silva e o ultra-direitista Bolsonaro disputam o segundo lugar.<\/p>\n<p>O que significa a ressurrei\u00e7\u00e3o de Lula com 30% \u2013 depois de toda a persegui\u00e7\u00e3o judicial que vem sofrendo, depois da demoniza\u00e7\u00e3o do PT e apesar da ladainha di\u00e1ria da m\u00eddia e da oposi\u00e7\u00e3o, culpando os governos petistas pelo descalabro econ\u00f4mico \u2013 sen\u00e3o o fracasso do golpe em seu objetivo mais estrat\u00e9gico, que n\u00e3o era derrubar Dilma mas, principalmente, evitar uma volta de Lula e mandar o PT para um longo degredo na oposi\u00e7\u00e3o.<\/p>\n<p>Que sa\u00edda pode haver antes de 2018? Se Cunha delatar Temer, teremos um esc\u00e2ndalo mas n\u00e3o uma solu\u00e7\u00e3o. O presidente da Rep\u00fablica n\u00e3o pode ser processado por atos estranhos (ou anteriores) ao exerc\u00edcio do mandato. Resta o TSE, se houver a cassa\u00e7\u00e3o da chapa Dilma-Temer num julgamento que o ministro Gilmar Mendes vai retardar ao m\u00e1ximo. Se os que resistiram e os que se disiludiram com o golpe se juntarem para ir \u00e0s ruas, como fizeram os que pediram o impeachment de Dilma, podemos ter o cen\u00e1rio para uma sa\u00edda antecipada. Fora disso, o pa\u00eds vai sangrar at\u00e9 2018, at\u00e9 que venha a resposta eleitoral que come\u00e7a a tomar forma.<\/p>\n","protected":false},"excerpt":{"rendered":"<p>Tereza Cruvinel Os sinais vieram da economia, da Lava Jato, das pesquisas, da vida real e do mundo simb\u00f3lico, a exemplo do que houve nesta sexta-feira (17) na entrega do pr\u00eamio Cam\u00f5es: uma das maiores estrelas de nossa literatura denunciou o golpe e suas degenera\u00e7\u00f5es autorit\u00e1rias. Foi desancado pelo ministro da Cultura. O plano golpista [&hellip;]<\/p>\n","protected":false},"author":2,"featured_media":129315,"comment_status":"open","ping_status":"closed","sticky":false,"template":"","format":"standard","meta":{"_acf_changed":false,"footnotes":""},"categories":[25],"tags":[],"class_list":["post-129314","post","type-post","status-publish","format-standard","has-post-thumbnail","hentry","category-opina-ai"],"acf":[],"yoast_head":"<!-- This site is optimized with the Yoast SEO plugin v27.5 - https:\/\/yoast.com\/product\/yoast-seo-wordpress\/ -->\n<title>Ressurrei\u00e7\u00e3o de Lula ser\u00e1 salva\u00e7\u00e3o da terra arrasada - Notibras<\/title>\n<meta name=\"robots\" content=\"index, follow, max-snippet:-1, max-image-preview:large, max-video-preview:-1\" \/>\n<link rel=\"canonical\" href=\"https:\/\/www.notibras.com\/site\/ressurreicao-de-lula-sera-salvacao-da-terra-arrasada\/\" \/>\n<meta property=\"og:locale\" content=\"pt_BR\" \/>\n<meta property=\"og:type\" content=\"article\" \/>\n<meta property=\"og:title\" content=\"Ressurrei\u00e7\u00e3o de Lula ser\u00e1 salva\u00e7\u00e3o da terra arrasada - Notibras\" \/>\n<meta property=\"og:description\" content=\"Tereza Cruvinel Os sinais vieram da economia, da Lava Jato, das pesquisas, da vida real e do mundo simb\u00f3lico, a exemplo do que houve nesta sexta-feira (17) na entrega do pr\u00eamio Cam\u00f5es: uma das maiores estrelas de nossa literatura denunciou o golpe e suas degenera\u00e7\u00f5es autorit\u00e1rias. Foi desancado pelo ministro da Cultura. O plano golpista [&hellip;]\" \/>\n<meta property=\"og:url\" content=\"https:\/\/www.notibras.com\/site\/ressurreicao-de-lula-sera-salvacao-da-terra-arrasada\/\" \/>\n<meta property=\"og:site_name\" content=\"Notibras\" \/>\n<meta property=\"article:publisher\" content=\"https:\/\/www.facebook.com\/notibras\/\" \/>\n<meta property=\"article:published_time\" content=\"2017-02-19T12:42:52+00:00\" \/>\n<meta property=\"og:image\" content=\"https:\/\/www.notibras.com\/site\/wp-content\/uploads\/2017\/02\/Lula-em-campanha.jpeg\" \/>\n\t<meta property=\"og:image:width\" content=\"690\" \/>\n\t<meta property=\"og:image:height\" content=\"518\" \/>\n\t<meta property=\"og:image:type\" content=\"image\/jpeg\" \/>\n<meta name=\"author\" content=\"Reda\u00e7\u00e3o\" \/>\n<meta name=\"twitter:card\" content=\"summary_large_image\" \/>\n<meta name=\"twitter:creator\" content=\"@Notibras\" \/>\n<meta name=\"twitter:site\" content=\"@Notibras\" \/>\n<meta name=\"twitter:label1\" content=\"Escrito por\" \/>\n\t<meta name=\"twitter:data1\" content=\"Reda\u00e7\u00e3o\" \/>\n\t<meta name=\"twitter:label2\" content=\"Est. tempo de leitura\" \/>\n\t<meta name=\"twitter:data2\" content=\"3 minutos\" \/>\n<script type=\"application\/ld+json\" class=\"yoast-schema-graph\">{\"@context\":\"https:\\\/\\\/schema.org\",\"@graph\":[{\"@type\":\"Article\",\"@id\":\"https:\\\/\\\/www.notibras.com\\\/site\\\/ressurreicao-de-lula-sera-salvacao-da-terra-arrasada\\\/#article\",\"isPartOf\":{\"@id\":\"https:\\\/\\\/www.notibras.com\\\/site\\\/ressurreicao-de-lula-sera-salvacao-da-terra-arrasada\\\/\"},\"author\":{\"name\":\"Reda\u00e7\u00e3o\",\"@id\":\"https:\\\/\\\/www.notibras.com\\\/site\\\/#\\\/schema\\\/person\\\/36ab0979449956132d3e5b517ea76ac8\"},\"headline\":\"Ressurrei\u00e7\u00e3o de Lula ser\u00e1 salva\u00e7\u00e3o da terra arrasada\",\"datePublished\":\"2017-02-19T12:42:52+00:00\",\"mainEntityOfPage\":{\"@id\":\"https:\\\/\\\/www.notibras.com\\\/site\\\/ressurreicao-de-lula-sera-salvacao-da-terra-arrasada\\\/\"},\"wordCount\":632,\"commentCount\":0,\"publisher\":{\"@id\":\"https:\\\/\\\/www.notibras.com\\\/site\\\/#organization\"},\"image\":{\"@id\":\"https:\\\/\\\/www.notibras.com\\\/site\\\/ressurreicao-de-lula-sera-salvacao-da-terra-arrasada\\\/#primaryimage\"},\"thumbnailUrl\":\"https:\\\/\\\/www.notibras.com\\\/site\\\/wp-content\\\/uploads\\\/2017\\\/02\\\/Lula-em-campanha.jpeg\",\"articleSection\":[\"Opina a\u00ed\"],\"inLanguage\":\"pt-BR\",\"potentialAction\":[{\"@type\":\"CommentAction\",\"name\":\"Comment\",\"target\":[\"https:\\\/\\\/www.notibras.com\\\/site\\\/ressurreicao-de-lula-sera-salvacao-da-terra-arrasada\\\/#respond\"]}]},{\"@type\":\"WebPage\",\"@id\":\"https:\\\/\\\/www.notibras.com\\\/site\\\/ressurreicao-de-lula-sera-salvacao-da-terra-arrasada\\\/\",\"url\":\"https:\\\/\\\/www.notibras.com\\\/site\\\/ressurreicao-de-lula-sera-salvacao-da-terra-arrasada\\\/\",\"name\":\"Ressurrei\u00e7\u00e3o de Lula ser\u00e1 salva\u00e7\u00e3o da terra arrasada - Notibras\",\"isPartOf\":{\"@id\":\"https:\\\/\\\/www.notibras.com\\\/site\\\/#website\"},\"primaryImageOfPage\":{\"@id\":\"https:\\\/\\\/www.notibras.com\\\/site\\\/ressurreicao-de-lula-sera-salvacao-da-terra-arrasada\\\/#primaryimage\"},\"image\":{\"@id\":\"https:\\\/\\\/www.notibras.com\\\/site\\\/ressurreicao-de-lula-sera-salvacao-da-terra-arrasada\\\/#primaryimage\"},\"thumbnailUrl\":\"https:\\\/\\\/www.notibras.com\\\/site\\\/wp-content\\\/uploads\\\/2017\\\/02\\\/Lula-em-campanha.jpeg\",\"datePublished\":\"2017-02-19T12:42:52+00:00\",\"breadcrumb\":{\"@id\":\"https:\\\/\\\/www.notibras.com\\\/site\\\/ressurreicao-de-lula-sera-salvacao-da-terra-arrasada\\\/#breadcrumb\"},\"inLanguage\":\"pt-BR\",\"potentialAction\":[{\"@type\":\"ReadAction\",\"target\":[\"https:\\\/\\\/www.notibras.com\\\/site\\\/ressurreicao-de-lula-sera-salvacao-da-terra-arrasada\\\/\"]}]},{\"@type\":\"ImageObject\",\"inLanguage\":\"pt-BR\",\"@id\":\"https:\\\/\\\/www.notibras.com\\\/site\\\/ressurreicao-de-lula-sera-salvacao-da-terra-arrasada\\\/#primaryimage\",\"url\":\"https:\\\/\\\/www.notibras.com\\\/site\\\/wp-content\\\/uploads\\\/2017\\\/02\\\/Lula-em-campanha.jpeg\",\"contentUrl\":\"https:\\\/\\\/www.notibras.com\\\/site\\\/wp-content\\\/uploads\\\/2017\\\/02\\\/Lula-em-campanha.jpeg\",\"width\":690,\"height\":518},{\"@type\":\"BreadcrumbList\",\"@id\":\"https:\\\/\\\/www.notibras.com\\\/site\\\/ressurreicao-de-lula-sera-salvacao-da-terra-arrasada\\\/#breadcrumb\",\"itemListElement\":[{\"@type\":\"ListItem\",\"position\":1,\"name\":\"In\u00edcio\",\"item\":\"https:\\\/\\\/www.notibras.com\\\/site\\\/\"},{\"@type\":\"ListItem\",\"position\":2,\"name\":\"Ressurrei\u00e7\u00e3o de Lula ser\u00e1 salva\u00e7\u00e3o da terra arrasada\"}]},{\"@type\":\"WebSite\",\"@id\":\"https:\\\/\\\/www.notibras.com\\\/site\\\/#website\",\"url\":\"https:\\\/\\\/www.notibras.com\\\/site\\\/\",\"name\":\"Notibras\",\"description\":\"Not\u00edcias de Bras\u00edlia, do Brasil e do Mundo\",\"publisher\":{\"@id\":\"https:\\\/\\\/www.notibras.com\\\/site\\\/#organization\"},\"potentialAction\":[{\"@type\":\"SearchAction\",\"target\":{\"@type\":\"EntryPoint\",\"urlTemplate\":\"https:\\\/\\\/www.notibras.com\\\/site\\\/?s={search_term_string}\"},\"query-input\":{\"@type\":\"PropertyValueSpecification\",\"valueRequired\":true,\"valueName\":\"search_term_string\"}}],\"inLanguage\":\"pt-BR\"},{\"@type\":\"Organization\",\"@id\":\"https:\\\/\\\/www.notibras.com\\\/site\\\/#organization\",\"name\":\"Grupo Notibras de Comunica\u00e7\u00e3o\",\"url\":\"https:\\\/\\\/www.notibras.com\\\/site\\\/\",\"logo\":{\"@type\":\"ImageObject\",\"inLanguage\":\"pt-BR\",\"@id\":\"https:\\\/\\\/www.notibras.com\\\/site\\\/#\\\/schema\\\/logo\\\/image\\\/\",\"url\":\"https:\\\/\\\/www.notibras.com\\\/site\\\/wp-content\\\/uploads\\\/2023\\\/01\\\/notibras23.png\",\"contentUrl\":\"https:\\\/\\\/www.notibras.com\\\/site\\\/wp-content\\\/uploads\\\/2023\\\/01\\\/notibras23.png\",\"width\":350,\"height\":87,\"caption\":\"Grupo Notibras de Comunica\u00e7\u00e3o\"},\"image\":{\"@id\":\"https:\\\/\\\/www.notibras.com\\\/site\\\/#\\\/schema\\\/logo\\\/image\\\/\"},\"sameAs\":[\"https:\\\/\\\/www.facebook.com\\\/notibras\\\/\",\"https:\\\/\\\/x.com\\\/Notibras\",\"https:\\\/\\\/www.instagram.com\\\/notibras\\\/\"]},{\"@type\":\"Person\",\"@id\":\"https:\\\/\\\/www.notibras.com\\\/site\\\/#\\\/schema\\\/person\\\/36ab0979449956132d3e5b517ea76ac8\",\"name\":\"Reda\u00e7\u00e3o\",\"image\":{\"@type\":\"ImageObject\",\"inLanguage\":\"pt-BR\",\"@id\":\"https:\\\/\\\/secure.gravatar.com\\\/avatar\\\/e0a867bdedb85fd243eadf09663511f96fc81e0720a4a42581f334ad4303aa6b?s=96&d=mm&r=g\",\"url\":\"https:\\\/\\\/secure.gravatar.com\\\/avatar\\\/e0a867bdedb85fd243eadf09663511f96fc81e0720a4a42581f334ad4303aa6b?s=96&d=mm&r=g\",\"contentUrl\":\"https:\\\/\\\/secure.gravatar.com\\\/avatar\\\/e0a867bdedb85fd243eadf09663511f96fc81e0720a4a42581f334ad4303aa6b?s=96&d=mm&r=g\",\"caption\":\"Reda\u00e7\u00e3o\"}}]}<\/script>\n<!-- \/ Yoast SEO plugin. -->","yoast_head_json":{"title":"Ressurrei\u00e7\u00e3o de Lula ser\u00e1 salva\u00e7\u00e3o da terra arrasada - Notibras","robots":{"index":"index","follow":"follow","max-snippet":"max-snippet:-1","max-image-preview":"max-image-preview:large","max-video-preview":"max-video-preview:-1"},"canonical":"https:\/\/www.notibras.com\/site\/ressurreicao-de-lula-sera-salvacao-da-terra-arrasada\/","og_locale":"pt_BR","og_type":"article","og_title":"Ressurrei\u00e7\u00e3o de Lula ser\u00e1 salva\u00e7\u00e3o da terra arrasada - Notibras","og_description":"Tereza Cruvinel Os sinais vieram da economia, da Lava Jato, das pesquisas, da vida real e do mundo simb\u00f3lico, a exemplo do que houve nesta sexta-feira (17) na entrega do pr\u00eamio Cam\u00f5es: uma das maiores estrelas de nossa literatura denunciou o golpe e suas degenera\u00e7\u00f5es autorit\u00e1rias. Foi desancado pelo ministro da Cultura. O plano golpista [&hellip;]","og_url":"https:\/\/www.notibras.com\/site\/ressurreicao-de-lula-sera-salvacao-da-terra-arrasada\/","og_site_name":"Notibras","article_publisher":"https:\/\/www.facebook.com\/notibras\/","article_published_time":"2017-02-19T12:42:52+00:00","og_image":[{"width":690,"height":518,"url":"https:\/\/www.notibras.com\/site\/wp-content\/uploads\/2017\/02\/Lula-em-campanha.jpeg","type":"image\/jpeg"}],"author":"Reda\u00e7\u00e3o","twitter_card":"summary_large_image","twitter_creator":"@Notibras","twitter_site":"@Notibras","twitter_misc":{"Escrito por":"Reda\u00e7\u00e3o","Est. tempo de leitura":"3 minutos"},"schema":{"@context":"https:\/\/schema.org","@graph":[{"@type":"Article","@id":"https:\/\/www.notibras.com\/site\/ressurreicao-de-lula-sera-salvacao-da-terra-arrasada\/#article","isPartOf":{"@id":"https:\/\/www.notibras.com\/site\/ressurreicao-de-lula-sera-salvacao-da-terra-arrasada\/"},"author":{"name":"Reda\u00e7\u00e3o","@id":"https:\/\/www.notibras.com\/site\/#\/schema\/person\/36ab0979449956132d3e5b517ea76ac8"},"headline":"Ressurrei\u00e7\u00e3o de Lula ser\u00e1 salva\u00e7\u00e3o da terra arrasada","datePublished":"2017-02-19T12:42:52+00:00","mainEntityOfPage":{"@id":"https:\/\/www.notibras.com\/site\/ressurreicao-de-lula-sera-salvacao-da-terra-arrasada\/"},"wordCount":632,"commentCount":0,"publisher":{"@id":"https:\/\/www.notibras.com\/site\/#organization"},"image":{"@id":"https:\/\/www.notibras.com\/site\/ressurreicao-de-lula-sera-salvacao-da-terra-arrasada\/#primaryimage"},"thumbnailUrl":"https:\/\/www.notibras.com\/site\/wp-content\/uploads\/2017\/02\/Lula-em-campanha.jpeg","articleSection":["Opina a\u00ed"],"inLanguage":"pt-BR","potentialAction":[{"@type":"CommentAction","name":"Comment","target":["https:\/\/www.notibras.com\/site\/ressurreicao-de-lula-sera-salvacao-da-terra-arrasada\/#respond"]}]},{"@type":"WebPage","@id":"https:\/\/www.notibras.com\/site\/ressurreicao-de-lula-sera-salvacao-da-terra-arrasada\/","url":"https:\/\/www.notibras.com\/site\/ressurreicao-de-lula-sera-salvacao-da-terra-arrasada\/","name":"Ressurrei\u00e7\u00e3o de Lula ser\u00e1 salva\u00e7\u00e3o da terra arrasada - Notibras","isPartOf":{"@id":"https:\/\/www.notibras.com\/site\/#website"},"primaryImageOfPage":{"@id":"https:\/\/www.notibras.com\/site\/ressurreicao-de-lula-sera-salvacao-da-terra-arrasada\/#primaryimage"},"image":{"@id":"https:\/\/www.notibras.com\/site\/ressurreicao-de-lula-sera-salvacao-da-terra-arrasada\/#primaryimage"},"thumbnailUrl":"https:\/\/www.notibras.com\/site\/wp-content\/uploads\/2017\/02\/Lula-em-campanha.jpeg","datePublished":"2017-02-19T12:42:52+00:00","breadcrumb":{"@id":"https:\/\/www.notibras.com\/site\/ressurreicao-de-lula-sera-salvacao-da-terra-arrasada\/#breadcrumb"},"inLanguage":"pt-BR","potentialAction":[{"@type":"ReadAction","target":["https:\/\/www.notibras.com\/site\/ressurreicao-de-lula-sera-salvacao-da-terra-arrasada\/"]}]},{"@type":"ImageObject","inLanguage":"pt-BR","@id":"https:\/\/www.notibras.com\/site\/ressurreicao-de-lula-sera-salvacao-da-terra-arrasada\/#primaryimage","url":"https:\/\/www.notibras.com\/site\/wp-content\/uploads\/2017\/02\/Lula-em-campanha.jpeg","contentUrl":"https:\/\/www.notibras.com\/site\/wp-content\/uploads\/2017\/02\/Lula-em-campanha.jpeg","width":690,"height":518},{"@type":"BreadcrumbList","@id":"https:\/\/www.notibras.com\/site\/ressurreicao-de-lula-sera-salvacao-da-terra-arrasada\/#breadcrumb","itemListElement":[{"@type":"ListItem","position":1,"name":"In\u00edcio","item":"https:\/\/www.notibras.com\/site\/"},{"@type":"ListItem","position":2,"name":"Ressurrei\u00e7\u00e3o de Lula ser\u00e1 salva\u00e7\u00e3o da terra arrasada"}]},{"@type":"WebSite","@id":"https:\/\/www.notibras.com\/site\/#website","url":"https:\/\/www.notibras.com\/site\/","name":"Notibras","description":"Not\u00edcias de Bras\u00edlia, do Brasil e do Mundo","publisher":{"@id":"https:\/\/www.notibras.com\/site\/#organization"},"potentialAction":[{"@type":"SearchAction","target":{"@type":"EntryPoint","urlTemplate":"https:\/\/www.notibras.com\/site\/?s={search_term_string}"},"query-input":{"@type":"PropertyValueSpecification","valueRequired":true,"valueName":"search_term_string"}}],"inLanguage":"pt-BR"},{"@type":"Organization","@id":"https:\/\/www.notibras.com\/site\/#organization","name":"Grupo Notibras de Comunica\u00e7\u00e3o","url":"https:\/\/www.notibras.com\/site\/","logo":{"@type":"ImageObject","inLanguage":"pt-BR","@id":"https:\/\/www.notibras.com\/site\/#\/schema\/logo\/image\/","url":"https:\/\/www.notibras.com\/site\/wp-content\/uploads\/2023\/01\/notibras23.png","contentUrl":"https:\/\/www.notibras.com\/site\/wp-content\/uploads\/2023\/01\/notibras23.png","width":350,"height":87,"caption":"Grupo Notibras de Comunica\u00e7\u00e3o"},"image":{"@id":"https:\/\/www.notibras.com\/site\/#\/schema\/logo\/image\/"},"sameAs":["https:\/\/www.facebook.com\/notibras\/","https:\/\/x.com\/Notibras","https:\/\/www.instagram.com\/notibras\/"]},{"@type":"Person","@id":"https:\/\/www.notibras.com\/site\/#\/schema\/person\/36ab0979449956132d3e5b517ea76ac8","name":"Reda\u00e7\u00e3o","image":{"@type":"ImageObject","inLanguage":"pt-BR","@id":"https:\/\/secure.gravatar.com\/avatar\/e0a867bdedb85fd243eadf09663511f96fc81e0720a4a42581f334ad4303aa6b?s=96&d=mm&r=g","url":"https:\/\/secure.gravatar.com\/avatar\/e0a867bdedb85fd243eadf09663511f96fc81e0720a4a42581f334ad4303aa6b?s=96&d=mm&r=g","contentUrl":"https:\/\/secure.gravatar.com\/avatar\/e0a867bdedb85fd243eadf09663511f96fc81e0720a4a42581f334ad4303aa6b?s=96&d=mm&r=g","caption":"Reda\u00e7\u00e3o"}}]}},"amp_enabled":true,"_links":{"self":[{"href":"https:\/\/www.notibras.com\/site\/wp-json\/wp\/v2\/posts\/129314","targetHints":{"allow":["GET"]}}],"collection":[{"href":"https:\/\/www.notibras.com\/site\/wp-json\/wp\/v2\/posts"}],"about":[{"href":"https:\/\/www.notibras.com\/site\/wp-json\/wp\/v2\/types\/post"}],"author":[{"embeddable":true,"href":"https:\/\/www.notibras.com\/site\/wp-json\/wp\/v2\/users\/2"}],"replies":[{"embeddable":true,"href":"https:\/\/www.notibras.com\/site\/wp-json\/wp\/v2\/comments?post=129314"}],"version-history":[{"count":1,"href":"https:\/\/www.notibras.com\/site\/wp-json\/wp\/v2\/posts\/129314\/revisions"}],"predecessor-version":[{"id":129316,"href":"https:\/\/www.notibras.com\/site\/wp-json\/wp\/v2\/posts\/129314\/revisions\/129316"}],"wp:featuredmedia":[{"embeddable":true,"href":"https:\/\/www.notibras.com\/site\/wp-json\/wp\/v2\/media\/129315"}],"wp:attachment":[{"href":"https:\/\/www.notibras.com\/site\/wp-json\/wp\/v2\/media?parent=129314"}],"wp:term":[{"taxonomy":"category","embeddable":true,"href":"https:\/\/www.notibras.com\/site\/wp-json\/wp\/v2\/categories?post=129314"},{"taxonomy":"post_tag","embeddable":true,"href":"https:\/\/www.notibras.com\/site\/wp-json\/wp\/v2\/tags?post=129314"}],"curies":[{"name":"wp","href":"https:\/\/api.w.org\/{rel}","templated":true}]}}