{"id":129490,"date":"2017-02-20T23:40:21","date_gmt":"2017-02-21T02:40:21","guid":{"rendered":"http:\/\/www.notibras.com\/site\/?p=129490"},"modified":"2017-02-20T11:41:10","modified_gmt":"2017-02-20T14:41:10","slug":"otan-cerca-e-enterra-soberania-da-america-latina","status":"publish","type":"post","link":"https:\/\/www.notibras.com\/site\/otan-cerca-e-enterra-soberania-da-america-latina\/","title":{"rendered":"Otan cerca e enterra a soberania da Am\u00e9rica Latina"},"content":{"rendered":"<p><strong>Luis Britto Garc\u00eda<\/strong><\/p>\n<p>A agenda da direita ibero-americana \u00e9 fixada na Espanha por uma Fundaci\u00f3n para el An\u00e1lisis y los Estudios Sociales (FAES)patrocinada por Felipe Gonz\u00e1lez, e dedicada a \u201cincorporar a Am\u00e9rica Latina ao Ocidente\u201d.<\/p>\n<p>Com \u201cO objetivo comum de derrotar democraticamente o projeto do socialismo do s\u00e9culo 21\u201d, a FAES prop\u00f4s em 2007 uma \u201cAgenda para a Liberdade\u201d que inclui criar uma \u201cInternacional de las Derechas\u201c; p\u00f4r fim ao ensino universit\u00e1rio gratuito e proibir as expropria\u00e7\u00f5es.<\/p>\n<p>Para isso, \u201cAm\u00e9rica Latina deve cooperar em mat\u00e9ria de seguran\u00e7a e da luta contra o terrorismo internacional ao lado de Europa e Am\u00e9rica do Norte, mediante a cria\u00e7\u00e3o de uma associa\u00e7\u00e3o estrat\u00e9gica entre OTAN e Col\u00f4mbia\u201d. Assinam o documento Julio Borges y Leopoldo L\u00f3pez.<\/p>\n<p>Em 2016, o presidente Santos confessa que prepara uma associa\u00e7\u00e3o estrat\u00e9gica de seu pa\u00eds com a Organiza\u00e7\u00e3o do Tratado do Atl\u00e2ntico Norte, OTAN. N\u00e3o \u00e9 a primeira vez que a Rep\u00fablica Irm\u00e3 subordina seus ex\u00e9rcitos a interesses imperiais. Em 1901, forneceu 6.000 soldados para que Carlos Rangel Garbiras invadisse a Venezuela e impedisse a devolu\u00e7\u00e3o da Gran Colombia. A partir de 1951, enviou tr\u00eas fragatas e 4.750 efetivos, para morrerem na guerra da Coreia. Milhares de mercen\u00e1rios colombianos servem no Ex\u00e9rcito dos Emirados \u00c1rabes, em Dubai, Afeganist\u00e3o, I\u00eamen\u2026<\/p>\n<p>A associa\u00e7\u00e3o criminosa conhecida como OTAN compreende 28 Estados-membros, 22 pa\u00edses que apoiam a OTAN na \u201cAlian\u00e7a para a Paz\u201d, e 15 colaboradores; domina 75% do gasto armamentista do planeta e ampliou suas opera\u00e7\u00f5es. Enquanto existiu a Uni\u00e3o Sovi\u00e9tica, a OTAN permaneceu limitada a fazer espalhafatosos exerc\u00edcios militares, a viver \u00e0 custa dos pa\u00edses que ocupava e fingir que defendia o mundo contra os sovi\u00e9ticos. Quando esses desapareceram, em vez de a OTAN dissolver-se, aproveitou a falta da grande pot\u00eancia que garantisse o equil\u00edbrio mundial e desencadeou uma sucess\u00e3o de genoc\u00eddios contra S\u00e9rvia, Afeganist\u00e3o, Iraque, Som\u00e1lia, L\u00edbia, I\u00eamen e S\u00edria.<\/p>\n<p>Somadas as bases da OTAN e dos EUA totalizam 785 bases militares no mundo. Na Argentina, a OTAN opera as bases de Malvinas, Georgias e Sandwich; no nosso Atl\u00e2ntico Sul, as de Tristan da Cunha, Santa Helena e Ascensi\u00f3n. Os USA \u00e9 estado-membro da OTAN: devem-se somar tamb\u00e9m as sete bases norte-americanas na Col\u00f4mbia e v\u00e1rias dezenas delas encravadas na Am\u00e9rica Latina. O corredor estrat\u00e9gico do Plano Puebla-Panam\u00e1 come\u00e7a nos EUA e entra na Am\u00e9rica Latina, apoiado num ex\u00e9rcito colombiano de meio milh\u00e3o de homens, segundo o Or\u00e7amento da Defesa da Col\u00f4mbia.<\/p>\n<p>Essa mil\u00edcia gigante n\u00e3o tem outra fun\u00e7\u00e3o que n\u00e3o seja assinar \u201cAcordos de Paz\u201d, at\u00e9 que assuma como sua a fun\u00e7\u00e3o de liberar o pr\u00f3prio territ\u00f3rio colombiano, varrendo daqui as bases estrangeiras que o ocupam. Mais de meio s\u00e9culo lutando contra o pr\u00f3prio povo. O Ex\u00e9rcito da Col\u00f4mbia jamais dedicou um dia de luta, que fosse, para combater contra o Imp\u00e9rio que lhe roubou o Panam\u00e1.<\/p>\n<p>O prop\u00f3sito desse aparato car\u00edssimo \u00e9 sufocar pela for\u00e7a a soberania e os movimentos progressistas de nossos pa\u00edses, para apoderar-se das riquezas e da m\u00e3o de obra da regi\u00e3o. N\u00e3o \u00e9 pouca coisa ter como vizinha a mais poderosa alian\u00e7a militar do mundo, que tem recursos dos quais depende o destino do mundo.<\/p>\n<p>A \u00faltima estrat\u00e9gia do Imp\u00e9rio \u00e9 terceirizar suas guerras mediante aliados, mercen\u00e1rios, sic\u00e1rios, paramilitares ou fantoches.<\/p>\n<p>A situa\u00e7\u00e3o exige a mais contundente resposta da Alba, da Unasul, da Celac e do Mercosul. Em \u00faltima inst\u00e2ncia, esse cerco visa tamb\u00e9m a aniquilar o Brasil, pa\u00eds-membro dos Brics e principal concorrente potencial dos EUA no hemisf\u00e9rio.<\/p>\n<p>A luta por nossa independ\u00eancia n\u00e3o terminou em Ayacucho. Guerra avisada n\u00e3o rouba a soberania.<\/p>\n","protected":false},"excerpt":{"rendered":"<p>Luis Britto Garc\u00eda A agenda da direita ibero-americana \u00e9 fixada na Espanha por uma Fundaci\u00f3n para el An\u00e1lisis y los Estudios Sociales (FAES)patrocinada por Felipe Gonz\u00e1lez, e dedicada a \u201cincorporar a Am\u00e9rica Latina ao Ocidente\u201d. Com \u201cO objetivo comum de derrotar democraticamente o projeto do socialismo do s\u00e9culo 21\u201d, a FAES prop\u00f4s em 2007 uma [&hellip;]<\/p>\n","protected":false},"author":2,"featured_media":129491,"comment_status":"open","ping_status":"closed","sticky":false,"template":"","format":"standard","meta":{"_acf_changed":false,"footnotes":""},"categories":[25],"tags":[],"class_list":["post-129490","post","type-post","status-publish","format-standard","has-post-thumbnail","hentry","category-opina-ai"],"acf":[],"yoast_head":"<!-- This site is optimized with the Yoast SEO plugin v27.5 - https:\/\/yoast.com\/product\/yoast-seo-wordpress\/ -->\n<title>Otan cerca e enterra a soberania da Am\u00e9rica Latina - Notibras<\/title>\n<meta name=\"robots\" content=\"index, follow, max-snippet:-1, max-image-preview:large, max-video-preview:-1\" \/>\n<link rel=\"canonical\" href=\"https:\/\/www.notibras.com\/site\/otan-cerca-e-enterra-soberania-da-america-latina\/\" \/>\n<meta property=\"og:locale\" content=\"pt_BR\" \/>\n<meta property=\"og:type\" content=\"article\" \/>\n<meta property=\"og:title\" content=\"Otan cerca e enterra a soberania da Am\u00e9rica Latina - Notibras\" \/>\n<meta property=\"og:description\" content=\"Luis Britto Garc\u00eda A agenda da direita ibero-americana \u00e9 fixada na Espanha por uma Fundaci\u00f3n para el An\u00e1lisis y los Estudios Sociales (FAES)patrocinada por Felipe Gonz\u00e1lez, e dedicada a \u201cincorporar a Am\u00e9rica Latina ao Ocidente\u201d. Com \u201cO objetivo comum de derrotar democraticamente o projeto do socialismo do s\u00e9culo 21\u201d, a FAES prop\u00f4s em 2007 uma [&hellip;]\" \/>\n<meta property=\"og:url\" content=\"https:\/\/www.notibras.com\/site\/otan-cerca-e-enterra-soberania-da-america-latina\/\" \/>\n<meta property=\"og:site_name\" content=\"Notibras\" \/>\n<meta property=\"article:publisher\" content=\"https:\/\/www.facebook.com\/notibras\/\" \/>\n<meta property=\"article:published_time\" content=\"2017-02-21T02:40:21+00:00\" \/>\n<meta property=\"og:image\" content=\"https:\/\/www.notibras.com\/site\/wp-content\/uploads\/2017\/02\/Radar-SIVAM.jpg\" \/>\n\t<meta property=\"og:image:width\" content=\"732\" \/>\n\t<meta property=\"og:image:height\" content=\"488\" \/>\n\t<meta property=\"og:image:type\" content=\"image\/jpeg\" \/>\n<meta name=\"author\" content=\"Reda\u00e7\u00e3o\" \/>\n<meta name=\"twitter:card\" content=\"summary_large_image\" \/>\n<meta name=\"twitter:creator\" content=\"@Notibras\" \/>\n<meta name=\"twitter:site\" content=\"@Notibras\" \/>\n<meta name=\"twitter:label1\" content=\"Escrito por\" \/>\n\t<meta name=\"twitter:data1\" content=\"Reda\u00e7\u00e3o\" \/>\n\t<meta name=\"twitter:label2\" content=\"Est. tempo de leitura\" \/>\n\t<meta name=\"twitter:data2\" content=\"3 minutos\" \/>\n<script type=\"application\/ld+json\" class=\"yoast-schema-graph\">{\"@context\":\"https:\\\/\\\/schema.org\",\"@graph\":[{\"@type\":\"Article\",\"@id\":\"https:\\\/\\\/www.notibras.com\\\/site\\\/otan-cerca-e-enterra-soberania-da-america-latina\\\/#article\",\"isPartOf\":{\"@id\":\"https:\\\/\\\/www.notibras.com\\\/site\\\/otan-cerca-e-enterra-soberania-da-america-latina\\\/\"},\"author\":{\"name\":\"Reda\u00e7\u00e3o\",\"@id\":\"https:\\\/\\\/www.notibras.com\\\/site\\\/#\\\/schema\\\/person\\\/36ab0979449956132d3e5b517ea76ac8\"},\"headline\":\"Otan cerca e enterra a soberania da Am\u00e9rica Latina\",\"datePublished\":\"2017-02-21T02:40:21+00:00\",\"mainEntityOfPage\":{\"@id\":\"https:\\\/\\\/www.notibras.com\\\/site\\\/otan-cerca-e-enterra-soberania-da-america-latina\\\/\"},\"wordCount\":678,\"commentCount\":0,\"publisher\":{\"@id\":\"https:\\\/\\\/www.notibras.com\\\/site\\\/#organization\"},\"image\":{\"@id\":\"https:\\\/\\\/www.notibras.com\\\/site\\\/otan-cerca-e-enterra-soberania-da-america-latina\\\/#primaryimage\"},\"thumbnailUrl\":\"https:\\\/\\\/www.notibras.com\\\/site\\\/wp-content\\\/uploads\\\/2017\\\/02\\\/Radar-SIVAM.jpg\",\"articleSection\":[\"Opina a\u00ed\"],\"inLanguage\":\"pt-BR\",\"potentialAction\":[{\"@type\":\"CommentAction\",\"name\":\"Comment\",\"target\":[\"https:\\\/\\\/www.notibras.com\\\/site\\\/otan-cerca-e-enterra-soberania-da-america-latina\\\/#respond\"]}]},{\"@type\":\"WebPage\",\"@id\":\"https:\\\/\\\/www.notibras.com\\\/site\\\/otan-cerca-e-enterra-soberania-da-america-latina\\\/\",\"url\":\"https:\\\/\\\/www.notibras.com\\\/site\\\/otan-cerca-e-enterra-soberania-da-america-latina\\\/\",\"name\":\"Otan cerca e enterra a soberania da Am\u00e9rica Latina - Notibras\",\"isPartOf\":{\"@id\":\"https:\\\/\\\/www.notibras.com\\\/site\\\/#website\"},\"primaryImageOfPage\":{\"@id\":\"https:\\\/\\\/www.notibras.com\\\/site\\\/otan-cerca-e-enterra-soberania-da-america-latina\\\/#primaryimage\"},\"image\":{\"@id\":\"https:\\\/\\\/www.notibras.com\\\/site\\\/otan-cerca-e-enterra-soberania-da-america-latina\\\/#primaryimage\"},\"thumbnailUrl\":\"https:\\\/\\\/www.notibras.com\\\/site\\\/wp-content\\\/uploads\\\/2017\\\/02\\\/Radar-SIVAM.jpg\",\"datePublished\":\"2017-02-21T02:40:21+00:00\",\"breadcrumb\":{\"@id\":\"https:\\\/\\\/www.notibras.com\\\/site\\\/otan-cerca-e-enterra-soberania-da-america-latina\\\/#breadcrumb\"},\"inLanguage\":\"pt-BR\",\"potentialAction\":[{\"@type\":\"ReadAction\",\"target\":[\"https:\\\/\\\/www.notibras.com\\\/site\\\/otan-cerca-e-enterra-soberania-da-america-latina\\\/\"]}]},{\"@type\":\"ImageObject\",\"inLanguage\":\"pt-BR\",\"@id\":\"https:\\\/\\\/www.notibras.com\\\/site\\\/otan-cerca-e-enterra-soberania-da-america-latina\\\/#primaryimage\",\"url\":\"https:\\\/\\\/www.notibras.com\\\/site\\\/wp-content\\\/uploads\\\/2017\\\/02\\\/Radar-SIVAM.jpg\",\"contentUrl\":\"https:\\\/\\\/www.notibras.com\\\/site\\\/wp-content\\\/uploads\\\/2017\\\/02\\\/Radar-SIVAM.jpg\",\"width\":732,\"height\":488},{\"@type\":\"BreadcrumbList\",\"@id\":\"https:\\\/\\\/www.notibras.com\\\/site\\\/otan-cerca-e-enterra-soberania-da-america-latina\\\/#breadcrumb\",\"itemListElement\":[{\"@type\":\"ListItem\",\"position\":1,\"name\":\"In\u00edcio\",\"item\":\"https:\\\/\\\/www.notibras.com\\\/site\\\/\"},{\"@type\":\"ListItem\",\"position\":2,\"name\":\"Otan cerca e enterra a soberania da Am\u00e9rica Latina\"}]},{\"@type\":\"WebSite\",\"@id\":\"https:\\\/\\\/www.notibras.com\\\/site\\\/#website\",\"url\":\"https:\\\/\\\/www.notibras.com\\\/site\\\/\",\"name\":\"Notibras\",\"description\":\"Not\u00edcias de Bras\u00edlia, do Brasil e do Mundo\",\"publisher\":{\"@id\":\"https:\\\/\\\/www.notibras.com\\\/site\\\/#organization\"},\"potentialAction\":[{\"@type\":\"SearchAction\",\"target\":{\"@type\":\"EntryPoint\",\"urlTemplate\":\"https:\\\/\\\/www.notibras.com\\\/site\\\/?s={search_term_string}\"},\"query-input\":{\"@type\":\"PropertyValueSpecification\",\"valueRequired\":true,\"valueName\":\"search_term_string\"}}],\"inLanguage\":\"pt-BR\"},{\"@type\":\"Organization\",\"@id\":\"https:\\\/\\\/www.notibras.com\\\/site\\\/#organization\",\"name\":\"Grupo Notibras de Comunica\u00e7\u00e3o\",\"url\":\"https:\\\/\\\/www.notibras.com\\\/site\\\/\",\"logo\":{\"@type\":\"ImageObject\",\"inLanguage\":\"pt-BR\",\"@id\":\"https:\\\/\\\/www.notibras.com\\\/site\\\/#\\\/schema\\\/logo\\\/image\\\/\",\"url\":\"https:\\\/\\\/www.notibras.com\\\/site\\\/wp-content\\\/uploads\\\/2023\\\/01\\\/notibras23.png\",\"contentUrl\":\"https:\\\/\\\/www.notibras.com\\\/site\\\/wp-content\\\/uploads\\\/2023\\\/01\\\/notibras23.png\",\"width\":350,\"height\":87,\"caption\":\"Grupo Notibras de Comunica\u00e7\u00e3o\"},\"image\":{\"@id\":\"https:\\\/\\\/www.notibras.com\\\/site\\\/#\\\/schema\\\/logo\\\/image\\\/\"},\"sameAs\":[\"https:\\\/\\\/www.facebook.com\\\/notibras\\\/\",\"https:\\\/\\\/x.com\\\/Notibras\",\"https:\\\/\\\/www.instagram.com\\\/notibras\\\/\"]},{\"@type\":\"Person\",\"@id\":\"https:\\\/\\\/www.notibras.com\\\/site\\\/#\\\/schema\\\/person\\\/36ab0979449956132d3e5b517ea76ac8\",\"name\":\"Reda\u00e7\u00e3o\",\"image\":{\"@type\":\"ImageObject\",\"inLanguage\":\"pt-BR\",\"@id\":\"https:\\\/\\\/secure.gravatar.com\\\/avatar\\\/e0a867bdedb85fd243eadf09663511f96fc81e0720a4a42581f334ad4303aa6b?s=96&d=mm&r=g\",\"url\":\"https:\\\/\\\/secure.gravatar.com\\\/avatar\\\/e0a867bdedb85fd243eadf09663511f96fc81e0720a4a42581f334ad4303aa6b?s=96&d=mm&r=g\",\"contentUrl\":\"https:\\\/\\\/secure.gravatar.com\\\/avatar\\\/e0a867bdedb85fd243eadf09663511f96fc81e0720a4a42581f334ad4303aa6b?s=96&d=mm&r=g\",\"caption\":\"Reda\u00e7\u00e3o\"}}]}<\/script>\n<!-- \/ Yoast SEO plugin. -->","yoast_head_json":{"title":"Otan cerca e enterra a soberania da Am\u00e9rica Latina - Notibras","robots":{"index":"index","follow":"follow","max-snippet":"max-snippet:-1","max-image-preview":"max-image-preview:large","max-video-preview":"max-video-preview:-1"},"canonical":"https:\/\/www.notibras.com\/site\/otan-cerca-e-enterra-soberania-da-america-latina\/","og_locale":"pt_BR","og_type":"article","og_title":"Otan cerca e enterra a soberania da Am\u00e9rica Latina - Notibras","og_description":"Luis Britto Garc\u00eda A agenda da direita ibero-americana \u00e9 fixada na Espanha por uma Fundaci\u00f3n para el An\u00e1lisis y los Estudios Sociales (FAES)patrocinada por Felipe Gonz\u00e1lez, e dedicada a \u201cincorporar a Am\u00e9rica Latina ao Ocidente\u201d. Com \u201cO objetivo comum de derrotar democraticamente o projeto do socialismo do s\u00e9culo 21\u201d, a FAES prop\u00f4s em 2007 uma [&hellip;]","og_url":"https:\/\/www.notibras.com\/site\/otan-cerca-e-enterra-soberania-da-america-latina\/","og_site_name":"Notibras","article_publisher":"https:\/\/www.facebook.com\/notibras\/","article_published_time":"2017-02-21T02:40:21+00:00","og_image":[{"width":732,"height":488,"url":"https:\/\/www.notibras.com\/site\/wp-content\/uploads\/2017\/02\/Radar-SIVAM.jpg","type":"image\/jpeg"}],"author":"Reda\u00e7\u00e3o","twitter_card":"summary_large_image","twitter_creator":"@Notibras","twitter_site":"@Notibras","twitter_misc":{"Escrito por":"Reda\u00e7\u00e3o","Est. tempo de leitura":"3 minutos"},"schema":{"@context":"https:\/\/schema.org","@graph":[{"@type":"Article","@id":"https:\/\/www.notibras.com\/site\/otan-cerca-e-enterra-soberania-da-america-latina\/#article","isPartOf":{"@id":"https:\/\/www.notibras.com\/site\/otan-cerca-e-enterra-soberania-da-america-latina\/"},"author":{"name":"Reda\u00e7\u00e3o","@id":"https:\/\/www.notibras.com\/site\/#\/schema\/person\/36ab0979449956132d3e5b517ea76ac8"},"headline":"Otan cerca e enterra a soberania da Am\u00e9rica Latina","datePublished":"2017-02-21T02:40:21+00:00","mainEntityOfPage":{"@id":"https:\/\/www.notibras.com\/site\/otan-cerca-e-enterra-soberania-da-america-latina\/"},"wordCount":678,"commentCount":0,"publisher":{"@id":"https:\/\/www.notibras.com\/site\/#organization"},"image":{"@id":"https:\/\/www.notibras.com\/site\/otan-cerca-e-enterra-soberania-da-america-latina\/#primaryimage"},"thumbnailUrl":"https:\/\/www.notibras.com\/site\/wp-content\/uploads\/2017\/02\/Radar-SIVAM.jpg","articleSection":["Opina a\u00ed"],"inLanguage":"pt-BR","potentialAction":[{"@type":"CommentAction","name":"Comment","target":["https:\/\/www.notibras.com\/site\/otan-cerca-e-enterra-soberania-da-america-latina\/#respond"]}]},{"@type":"WebPage","@id":"https:\/\/www.notibras.com\/site\/otan-cerca-e-enterra-soberania-da-america-latina\/","url":"https:\/\/www.notibras.com\/site\/otan-cerca-e-enterra-soberania-da-america-latina\/","name":"Otan cerca e enterra a soberania da Am\u00e9rica Latina - Notibras","isPartOf":{"@id":"https:\/\/www.notibras.com\/site\/#website"},"primaryImageOfPage":{"@id":"https:\/\/www.notibras.com\/site\/otan-cerca-e-enterra-soberania-da-america-latina\/#primaryimage"},"image":{"@id":"https:\/\/www.notibras.com\/site\/otan-cerca-e-enterra-soberania-da-america-latina\/#primaryimage"},"thumbnailUrl":"https:\/\/www.notibras.com\/site\/wp-content\/uploads\/2017\/02\/Radar-SIVAM.jpg","datePublished":"2017-02-21T02:40:21+00:00","breadcrumb":{"@id":"https:\/\/www.notibras.com\/site\/otan-cerca-e-enterra-soberania-da-america-latina\/#breadcrumb"},"inLanguage":"pt-BR","potentialAction":[{"@type":"ReadAction","target":["https:\/\/www.notibras.com\/site\/otan-cerca-e-enterra-soberania-da-america-latina\/"]}]},{"@type":"ImageObject","inLanguage":"pt-BR","@id":"https:\/\/www.notibras.com\/site\/otan-cerca-e-enterra-soberania-da-america-latina\/#primaryimage","url":"https:\/\/www.notibras.com\/site\/wp-content\/uploads\/2017\/02\/Radar-SIVAM.jpg","contentUrl":"https:\/\/www.notibras.com\/site\/wp-content\/uploads\/2017\/02\/Radar-SIVAM.jpg","width":732,"height":488},{"@type":"BreadcrumbList","@id":"https:\/\/www.notibras.com\/site\/otan-cerca-e-enterra-soberania-da-america-latina\/#breadcrumb","itemListElement":[{"@type":"ListItem","position":1,"name":"In\u00edcio","item":"https:\/\/www.notibras.com\/site\/"},{"@type":"ListItem","position":2,"name":"Otan cerca e enterra a soberania da Am\u00e9rica Latina"}]},{"@type":"WebSite","@id":"https:\/\/www.notibras.com\/site\/#website","url":"https:\/\/www.notibras.com\/site\/","name":"Notibras","description":"Not\u00edcias de Bras\u00edlia, do Brasil e do Mundo","publisher":{"@id":"https:\/\/www.notibras.com\/site\/#organization"},"potentialAction":[{"@type":"SearchAction","target":{"@type":"EntryPoint","urlTemplate":"https:\/\/www.notibras.com\/site\/?s={search_term_string}"},"query-input":{"@type":"PropertyValueSpecification","valueRequired":true,"valueName":"search_term_string"}}],"inLanguage":"pt-BR"},{"@type":"Organization","@id":"https:\/\/www.notibras.com\/site\/#organization","name":"Grupo Notibras de Comunica\u00e7\u00e3o","url":"https:\/\/www.notibras.com\/site\/","logo":{"@type":"ImageObject","inLanguage":"pt-BR","@id":"https:\/\/www.notibras.com\/site\/#\/schema\/logo\/image\/","url":"https:\/\/www.notibras.com\/site\/wp-content\/uploads\/2023\/01\/notibras23.png","contentUrl":"https:\/\/www.notibras.com\/site\/wp-content\/uploads\/2023\/01\/notibras23.png","width":350,"height":87,"caption":"Grupo Notibras de Comunica\u00e7\u00e3o"},"image":{"@id":"https:\/\/www.notibras.com\/site\/#\/schema\/logo\/image\/"},"sameAs":["https:\/\/www.facebook.com\/notibras\/","https:\/\/x.com\/Notibras","https:\/\/www.instagram.com\/notibras\/"]},{"@type":"Person","@id":"https:\/\/www.notibras.com\/site\/#\/schema\/person\/36ab0979449956132d3e5b517ea76ac8","name":"Reda\u00e7\u00e3o","image":{"@type":"ImageObject","inLanguage":"pt-BR","@id":"https:\/\/secure.gravatar.com\/avatar\/e0a867bdedb85fd243eadf09663511f96fc81e0720a4a42581f334ad4303aa6b?s=96&d=mm&r=g","url":"https:\/\/secure.gravatar.com\/avatar\/e0a867bdedb85fd243eadf09663511f96fc81e0720a4a42581f334ad4303aa6b?s=96&d=mm&r=g","contentUrl":"https:\/\/secure.gravatar.com\/avatar\/e0a867bdedb85fd243eadf09663511f96fc81e0720a4a42581f334ad4303aa6b?s=96&d=mm&r=g","caption":"Reda\u00e7\u00e3o"}}]}},"amp_enabled":true,"_links":{"self":[{"href":"https:\/\/www.notibras.com\/site\/wp-json\/wp\/v2\/posts\/129490","targetHints":{"allow":["GET"]}}],"collection":[{"href":"https:\/\/www.notibras.com\/site\/wp-json\/wp\/v2\/posts"}],"about":[{"href":"https:\/\/www.notibras.com\/site\/wp-json\/wp\/v2\/types\/post"}],"author":[{"embeddable":true,"href":"https:\/\/www.notibras.com\/site\/wp-json\/wp\/v2\/users\/2"}],"replies":[{"embeddable":true,"href":"https:\/\/www.notibras.com\/site\/wp-json\/wp\/v2\/comments?post=129490"}],"version-history":[{"count":1,"href":"https:\/\/www.notibras.com\/site\/wp-json\/wp\/v2\/posts\/129490\/revisions"}],"predecessor-version":[{"id":129492,"href":"https:\/\/www.notibras.com\/site\/wp-json\/wp\/v2\/posts\/129490\/revisions\/129492"}],"wp:featuredmedia":[{"embeddable":true,"href":"https:\/\/www.notibras.com\/site\/wp-json\/wp\/v2\/media\/129491"}],"wp:attachment":[{"href":"https:\/\/www.notibras.com\/site\/wp-json\/wp\/v2\/media?parent=129490"}],"wp:term":[{"taxonomy":"category","embeddable":true,"href":"https:\/\/www.notibras.com\/site\/wp-json\/wp\/v2\/categories?post=129490"},{"taxonomy":"post_tag","embeddable":true,"href":"https:\/\/www.notibras.com\/site\/wp-json\/wp\/v2\/tags?post=129490"}],"curies":[{"name":"wp","href":"https:\/\/api.w.org\/{rel}","templated":true}]}}