{"id":12971,"date":"2014-06-10T13:48:11","date_gmt":"2014-06-10T16:48:11","guid":{"rendered":"http:\/\/www.notibras.com\/site\/?p=12971"},"modified":"2014-06-10T13:48:11","modified_gmt":"2014-06-10T16:48:11","slug":"a-fifa-a-mafia-o-catar-a-escolha-das-sedes-das-copas","status":"publish","type":"post","link":"https:\/\/www.notibras.com\/site\/a-fifa-a-mafia-o-catar-a-escolha-das-sedes-das-copas\/","title":{"rendered":"A Fifa, a m\u00e1fia, o Catar, a escolha das sedes das Copas&#8230;"},"content":{"rendered":"<p>Mais importante do que o resultado do jogo de abertura da Copa do Mundo entre o Brasil e a Cro\u00e1cia, na quinta-feira 12, no chamado Itaquer\u00e3o, quem sabe, ser\u00e3o os apertos de m\u00e3os, sorrisos e express\u00f5es joviais dos cartolas nas tribunas. Como ser\u00e1 um suposto encontro entre Sepp Blatter, o presidente da Fifa, e Michel Platini, seu hom\u00f3logo na Uefa? Ou esse encontro n\u00e3o ocorrer\u00e1?<\/p>\n<p>Blatter, sucessor de Jo\u00e3o Havelange em 1998, com quem, ali\u00e1s, aprendeu a capitanear a Fifa (ele se autoproclama, de fato, \u201ccapit\u00e3o do navio\u201d) da forma mais corrupta poss\u00edvel, \u00e9 o \u00fanico a ter revelado publicamente seu interesse por um quinto mandato na organiza\u00e7\u00e3o mundial de futebol. Embora declarasse, desde a sua elei\u00e7\u00e3o em 2011, que esses seriam seus \u00faltimos quatro anos no leme, agora ele repete: \u201cMinha miss\u00e3o ainda n\u00e3o foi cumprida\u201d.<\/p>\n<p>Por sua vez, Platini, o ex-n\u00famero 10 da sele\u00e7\u00e3o francesa e tr\u00eas vezes ballon d\u2019or nos anos 1980, parece ser o \u00fanico rival \u00e0 altura de enfrent\u00e1-lo, embora tamb\u00e9m ainda n\u00e3o tenha oficializado sua candidatura para o pleito de 2015. Ex-aliados, Blatter agora n\u00e3o perde a menor oportunidade para propalar o fato de Platini, 58 anos, ter se envolvido de forma exagerada na escolha do Catar. O nome do pequeno emirado do Golfo de 2,2 milh\u00f5es de habitantes virou uma bomba com potencial, segundo uma fonte de CartaCapital, \u201cpara fazer explodir a Fifa e implodir, na esteira, a Uefa\u201d. Nesse mar revolto, o su\u00ed\u00e7o Blatter, 78 anos, quer jogar a culpa na escolha do Catar, que ele considera um \u201cerro\u201d, em Platini.<\/p>\n<blockquote><p>O novo enredo teve in\u00edcio no domingo 1\u00ba de junho, quando o seman\u00e1rio brit\u00e2nico The Sunday Times deu um furo. A escolha do Catar teria sido feita gra\u00e7as \u00e0s propinas do ent\u00e3o vice-presidente da Fifa, o catariano Mohamed bin Hammam, no valor de 5 milh\u00f5es de d\u00f3lares, em troca de votos a favor do emirado. Os pagamentos aos integrantes do Comit\u00ea Executivo da Fifa viriam de v\u00e1rias contas secretas da Kemco, empresa de constru\u00e7\u00e3o de Bin Hammam, ent\u00e3o tamb\u00e9m presidente da Confedera\u00e7\u00e3o Asi\u00e1tica de Futebol. Em 11 p\u00e1ginas, em que se exibem e-mails e transfer\u00eancias banc\u00e1rias, o Sunday Times demonstra como o Catar rompeu todas as regras da Fifa. No entanto, o Comit\u00ea Catar 2022 diz que Bin Hammam n\u00e3o fazia parte da equipe de licita\u00e7\u00e3o.<\/p><\/blockquote>\n<p>O ex-vice naturalmente insiste ter mantido total neutralidade em raz\u00e3o dos seus dois cargos. Mas os documentos deixam transparente o seu papel de lobista e demonstram como se deu que ele transferisse dezenas de milhares de d\u00f3lares para dirigentes da Fifa. Jack Warner teria sido um dos benefici\u00e1rios. Ent\u00e3o tamb\u00e9m vice-presidente da Fifa e presidente da Confedera\u00e7\u00e3o de Futebol da Am\u00e9rica do Norte, Central e Caribe (Concacaf), teria recebido 1,5 milh\u00e3o de d\u00f3lares. Warner era capaz de tudo. Em 2006 vendia ingressos para a Copa por tr\u00eas vezes o valor nominal. Quatro anos mais tarde comprou ingressos no valor de 84 mil d\u00f3lares. Era aliado de Blatter, mas depois de apoiar Bin Hammam para a presid\u00eancia em 2011 teve de renunciar aos cargos na Fifa e em seguida na Concacaf por alega\u00e7\u00f5es de suborno. O mesmo fim teve Bin Hammam. Um dos homens mais influentes na elei\u00e7\u00e3o de Blatter em 1998, teve de renunciar em junho de 2011, seis meses ap\u00f3s as elei\u00e7\u00f5es da R\u00fassia e do Catar. O motivo: acusa\u00e7\u00e3o de tentativa de suborno na sua empreitada para vencer a presid\u00eancia da Fifa.<\/p>\n<p>A imagem de Platini sofreu quando uma fonte reportou ao vespertino Le Monde que o ex-meia da sele\u00e7\u00e3o francesa tomou um caf\u00e9 da manh\u00e3 com Bin Hammam em um hotel na Su\u00ed\u00e7a. Isso a poucos dias da vota\u00e7\u00e3o em dezembro de 2010. A fonte do jornal diz que Bin Hammam n\u00e3o queria comprar seu voto para o Catar, mas sim que ele se candidatasse contra Blatter. Platini recusou-se e Bin Hammam resolveu ent\u00e3o se candidatar. Nesta semana, o di\u00e1rio brit\u00e2nico The Daily Telegraph garantiu que Bin Hammam queria mesmo era \u201ccomprar o voto favor\u00e1vel ao Catar de Platini\u201d.<\/p>\n<p>O di\u00e1rio franc\u00eas L\u2019\u00c9quipe, por sua vez, correu em socorro de Platini em uma mat\u00e9ria de primeira p\u00e1gina intitulada: \u201cQuem quer a pele de Platini?\u201d Segundo o L\u2019\u00c9quipe, o Daily Telegraph \u201cse apoia em fontes\u201d e \u201cn\u00e3o fornece provas\u201d de que houve tentativa de suborno por parte de Bin Hammam. Escreveu Platini ao Telegraph: \u201cAcho incr\u00edvel que um encontro com um colega seja transformado em conspira\u00e7\u00e3o de Estado\u201d. O L\u2019\u00c9quipe, no seu canto, escorrega ao fazer um segundo artigo com o t\u00edtulo \u201cUma revanche inglesa?\u201d Na verdade, jornais brit\u00e2nicos t\u00eam sido instrumentais na luta contra a corrup\u00e7\u00e3o na Fifa.<\/p>\n<p>O \u201cerro de Platini foi ter revelado seu voto a favor do Catar\u201d, reporta o L\u2019\u00c9quipe. Isso j\u00e1 no dia da vota\u00e7\u00e3o, em dezembro de 2010. Platini fez mais: aceitou um convite do ent\u00e3o presidente Nicolas Sarkozy para jantar no Pal\u00e1cio do Eliseu com dirigentes catarianos. Entre os presentes, o filho do emir e o premier do Catar. Data: 28 de novembro de 2010, dias antes do voto a favor do Catar. \u201cN\u00e3o sou t\u00e3o burro para n\u00e3o entender que Sarkozy queria que eu votasse a favor do Catar\u201d, avaliou Platini. \u201cMas ele nunca me pediu para faz\u00ea-lo.\u201d O L\u2019\u00c9quipe n\u00e3o revelou que Platini, \u00e0s v\u00e9speras da vota\u00e7\u00e3o, recusou um convite de Vladimir Putin para visitar Moscou. Tamb\u00e9m n\u00e3o comentou que o filho de Platini, Laurent, tornou-se chefe-executivo da Burrda, empresa de esportes catariana. Mais: um ano mais tarde, a Qatar Sports Investments comprou o Paris Saint-Germain (PSG), o time de Sarkozy. \u201cO fato de Platini ter aceito, ap\u00f3s ter votado no Catar, que seu filho trabalhe para os catarianos n\u00e3o \u00e9 \u00e9tico\u201d, avalia a fonte.<\/p>\n<p>A escolha do Catar nunca deixou de arrancar suspeitas de corrup\u00e7\u00e3o. Um pa\u00eds com ver\u00f5es de 50 graus cent\u00edgrados, sem tradi\u00e7\u00e3o de futebol, sem um est\u00e1dio sequer \u00e9, de fato, menos credenciado para acolher o maior evento futebol\u00edstico. Tanto mais em compara\u00e7\u00e3o com os EUA, o Jap\u00e3o e a Austr\u00e1lia, entre os mais cotados para a edi\u00e7\u00e3o de 2022. \u201cSeria como organizar a pr\u00f3xima competi\u00e7\u00e3o mundial de esqui na Costa do Marfim\u201d, diz a fonte que esteve em Doha em meados de 2010 para fazer uma reportagem para um jornal europeu. \u201cEm Doha, logo me dei conta de que eles iam conseguir a escolha.\u201d O motivo? \u201cEles t\u00eam petr\u00f3leo e numerosos cartolas do futebol n\u00e3o t\u00eam escr\u00fapulos.\u201d A quest\u00e3o, emenda, \u201c\u00e9 como os catarianos usariam o dinheiro deles para ser sede da Copa\u201d.<\/p>\n<p>Reportagens sobre casos de corrup\u00e7\u00e3o e propinas n\u00e3o escassearam desde a vota\u00e7\u00e3o favor\u00e1vel ao Catar, e da Copa do Mundo na R\u00fassia em 2018. A m\u00eddia americana, derrotados os EUA na final por 14 a 8 votos, para a ira de Bill Clinton, tem sido bastante ativa. Idem a brit\u00e2nica, derrotado o Reino Unido pela R\u00fassia por 20 votos a humilhantes 2. O di\u00e1rio The Guardian reportou, em maio, que morre mais de um trabalhador imigrante ao dia nas obras do Catar. E, segundo a Confedera\u00e7\u00e3o Internacional Sindical, se at\u00e9 2022 as leis trabalhistas n\u00e3o forem reformadas, 4 mil trabalhadores imigrantes perder\u00e3o a vida.<\/p>\n<p>Nos \u00faltimos dois anos, o americano Michael Garcia, presidente da C\u00e2mara de Instru\u00e7\u00e3o da Comiss\u00e3o \u00c9tica da Federa\u00e7\u00e3o Internacional, investiga as supostas corrup\u00e7\u00e3o e propinas a envolver a escolha do Catar. Garcia dever\u00e1 entregar o relat\u00f3rio \u00e0 Fifa na segunda-feira 9. Observadores dizem que ele n\u00e3o ter\u00e1 tempo de avaliar os documentos publicados no Sunday Times no dia 1\u00ba e os pr\u00f3ximos artigos do seman\u00e1rio. \u201cEsse inqu\u00e9rito \u00e9 uma farsa\u201d, diz a fonte. \u201cAdemais, Garcia n\u00e3o leva em conta o caso da R\u00fassia.\u201d Houve trapa\u00e7a l\u00e1 tamb\u00e9m? \u201cQuando h\u00e1 duas h\u00e1 tr\u00eas.\u201d Em mi\u00fados, se houve propinas no Catar por que n\u00e3o na R\u00fassia? De qualquer modo, Garcia tem poderes limitados. S\u00f3 Blatter poder\u00e1 decidir se haver\u00e1 nova vota\u00e7\u00e3o. E, no caso, haveria dois problemas. Primeiro: teriam de lidar com Putin, que n\u00e3o aceitaria um novo escrut\u00ednio. Segundo: custaria bilh\u00f5es de euros. Os patrocinadores est\u00e3o inquietos. Blatter, que diz, ao contr\u00e1rio de Platini, ter votado nos EUA, vai ser testado. Se a reelei\u00e7\u00e3o lhe valer um quinto mandato, talvez ele siga adiante. A solu\u00e7\u00e3o para o esporte mais amado do mundo \u00e9 a reforma da Fifa, ou o seu fim. E sem Platini e Blatter.<\/p>\n<p><strong>Gianni Carta<\/strong><\/p>\n","protected":false},"excerpt":{"rendered":"<p>Mais importante do que o resultado do jogo de abertura da Copa do Mundo entre o Brasil e a Cro\u00e1cia, na quinta-feira 12, no chamado Itaquer\u00e3o, quem sabe, ser\u00e3o os apertos de m\u00e3os, sorrisos e express\u00f5es joviais dos cartolas nas tribunas. Como ser\u00e1 um suposto encontro entre Sepp Blatter, o presidente da Fifa, e Michel [&hellip;]<\/p>\n","protected":false},"author":2,"featured_media":12972,"comment_status":"open","ping_status":"closed","sticky":false,"template":"","format":"standard","meta":{"_acf_changed":false,"footnotes":""},"categories":[25],"tags":[],"class_list":["post-12971","post","type-post","status-publish","format-standard","has-post-thumbnail","hentry","category-opina-ai"],"acf":[],"yoast_head":"<!-- This site is optimized with the Yoast SEO plugin v27.5 - https:\/\/yoast.com\/product\/yoast-seo-wordpress\/ -->\n<title>A Fifa, a m\u00e1fia, o Catar, a escolha das sedes das Copas... - Notibras<\/title>\n<meta name=\"robots\" content=\"index, follow, max-snippet:-1, max-image-preview:large, max-video-preview:-1\" \/>\n<link rel=\"canonical\" href=\"https:\/\/www.notibras.com\/site\/a-fifa-a-mafia-o-catar-a-escolha-das-sedes-das-copas\/\" \/>\n<meta property=\"og:locale\" content=\"pt_BR\" \/>\n<meta property=\"og:type\" content=\"article\" \/>\n<meta property=\"og:title\" content=\"A Fifa, a m\u00e1fia, o Catar, a escolha das sedes das Copas... - Notibras\" \/>\n<meta property=\"og:description\" content=\"Mais importante do que o resultado do jogo de abertura da Copa do Mundo entre o Brasil e a Cro\u00e1cia, na quinta-feira 12, no chamado Itaquer\u00e3o, quem sabe, ser\u00e3o os apertos de m\u00e3os, sorrisos e express\u00f5es joviais dos cartolas nas tribunas. Como ser\u00e1 um suposto encontro entre Sepp Blatter, o presidente da Fifa, e Michel [&hellip;]\" \/>\n<meta property=\"og:url\" content=\"https:\/\/www.notibras.com\/site\/a-fifa-a-mafia-o-catar-a-escolha-das-sedes-das-copas\/\" \/>\n<meta property=\"og:site_name\" content=\"Notibras\" \/>\n<meta property=\"article:publisher\" content=\"https:\/\/www.facebook.com\/notibras\/\" \/>\n<meta property=\"article:published_time\" content=\"2014-06-10T16:48:11+00:00\" \/>\n<meta property=\"og:image\" content=\"https:\/\/www.notibras.com\/site\/wp-content\/uploads\/2014\/06\/Qatar-1-salvo1.jpg\" \/>\n\t<meta property=\"og:image:width\" content=\"624\" \/>\n\t<meta property=\"og:image:height\" content=\"432\" \/>\n\t<meta property=\"og:image:type\" content=\"image\/jpeg\" \/>\n<meta name=\"author\" content=\"Reda\u00e7\u00e3o\" \/>\n<meta name=\"twitter:card\" content=\"summary_large_image\" \/>\n<meta name=\"twitter:creator\" content=\"@Notibras\" \/>\n<meta name=\"twitter:site\" content=\"@Notibras\" \/>\n<meta name=\"twitter:label1\" content=\"Escrito por\" \/>\n\t<meta name=\"twitter:data1\" content=\"Reda\u00e7\u00e3o\" \/>\n\t<meta name=\"twitter:label2\" content=\"Est. tempo de leitura\" \/>\n\t<meta name=\"twitter:data2\" content=\"7 minutos\" \/>\n<script type=\"application\/ld+json\" class=\"yoast-schema-graph\">{\"@context\":\"https:\\\/\\\/schema.org\",\"@graph\":[{\"@type\":\"Article\",\"@id\":\"https:\\\/\\\/www.notibras.com\\\/site\\\/a-fifa-a-mafia-o-catar-a-escolha-das-sedes-das-copas\\\/#article\",\"isPartOf\":{\"@id\":\"https:\\\/\\\/www.notibras.com\\\/site\\\/a-fifa-a-mafia-o-catar-a-escolha-das-sedes-das-copas\\\/\"},\"author\":{\"name\":\"Reda\u00e7\u00e3o\",\"@id\":\"https:\\\/\\\/www.notibras.com\\\/site\\\/#\\\/schema\\\/person\\\/36ab0979449956132d3e5b517ea76ac8\"},\"headline\":\"A Fifa, a m\u00e1fia, o Catar, a escolha das sedes das Copas&#8230;\",\"datePublished\":\"2014-06-10T16:48:11+00:00\",\"mainEntityOfPage\":{\"@id\":\"https:\\\/\\\/www.notibras.com\\\/site\\\/a-fifa-a-mafia-o-catar-a-escolha-das-sedes-das-copas\\\/\"},\"wordCount\":1503,\"commentCount\":0,\"publisher\":{\"@id\":\"https:\\\/\\\/www.notibras.com\\\/site\\\/#organization\"},\"image\":{\"@id\":\"https:\\\/\\\/www.notibras.com\\\/site\\\/a-fifa-a-mafia-o-catar-a-escolha-das-sedes-das-copas\\\/#primaryimage\"},\"thumbnailUrl\":\"https:\\\/\\\/www.notibras.com\\\/site\\\/wp-content\\\/uploads\\\/2014\\\/06\\\/Qatar-1-salvo1.jpg\",\"articleSection\":[\"Opina a\u00ed\"],\"inLanguage\":\"pt-BR\",\"potentialAction\":[{\"@type\":\"CommentAction\",\"name\":\"Comment\",\"target\":[\"https:\\\/\\\/www.notibras.com\\\/site\\\/a-fifa-a-mafia-o-catar-a-escolha-das-sedes-das-copas\\\/#respond\"]}]},{\"@type\":\"WebPage\",\"@id\":\"https:\\\/\\\/www.notibras.com\\\/site\\\/a-fifa-a-mafia-o-catar-a-escolha-das-sedes-das-copas\\\/\",\"url\":\"https:\\\/\\\/www.notibras.com\\\/site\\\/a-fifa-a-mafia-o-catar-a-escolha-das-sedes-das-copas\\\/\",\"name\":\"A Fifa, a m\u00e1fia, o Catar, a escolha das sedes das Copas... - Notibras\",\"isPartOf\":{\"@id\":\"https:\\\/\\\/www.notibras.com\\\/site\\\/#website\"},\"primaryImageOfPage\":{\"@id\":\"https:\\\/\\\/www.notibras.com\\\/site\\\/a-fifa-a-mafia-o-catar-a-escolha-das-sedes-das-copas\\\/#primaryimage\"},\"image\":{\"@id\":\"https:\\\/\\\/www.notibras.com\\\/site\\\/a-fifa-a-mafia-o-catar-a-escolha-das-sedes-das-copas\\\/#primaryimage\"},\"thumbnailUrl\":\"https:\\\/\\\/www.notibras.com\\\/site\\\/wp-content\\\/uploads\\\/2014\\\/06\\\/Qatar-1-salvo1.jpg\",\"datePublished\":\"2014-06-10T16:48:11+00:00\",\"breadcrumb\":{\"@id\":\"https:\\\/\\\/www.notibras.com\\\/site\\\/a-fifa-a-mafia-o-catar-a-escolha-das-sedes-das-copas\\\/#breadcrumb\"},\"inLanguage\":\"pt-BR\",\"potentialAction\":[{\"@type\":\"ReadAction\",\"target\":[\"https:\\\/\\\/www.notibras.com\\\/site\\\/a-fifa-a-mafia-o-catar-a-escolha-das-sedes-das-copas\\\/\"]}]},{\"@type\":\"ImageObject\",\"inLanguage\":\"pt-BR\",\"@id\":\"https:\\\/\\\/www.notibras.com\\\/site\\\/a-fifa-a-mafia-o-catar-a-escolha-das-sedes-das-copas\\\/#primaryimage\",\"url\":\"https:\\\/\\\/www.notibras.com\\\/site\\\/wp-content\\\/uploads\\\/2014\\\/06\\\/Qatar-1-salvo1.jpg\",\"contentUrl\":\"https:\\\/\\\/www.notibras.com\\\/site\\\/wp-content\\\/uploads\\\/2014\\\/06\\\/Qatar-1-salvo1.jpg\",\"width\":624,\"height\":432},{\"@type\":\"BreadcrumbList\",\"@id\":\"https:\\\/\\\/www.notibras.com\\\/site\\\/a-fifa-a-mafia-o-catar-a-escolha-das-sedes-das-copas\\\/#breadcrumb\",\"itemListElement\":[{\"@type\":\"ListItem\",\"position\":1,\"name\":\"In\u00edcio\",\"item\":\"https:\\\/\\\/www.notibras.com\\\/site\\\/\"},{\"@type\":\"ListItem\",\"position\":2,\"name\":\"A Fifa, a m\u00e1fia, o Catar, a escolha das sedes das Copas&#8230;\"}]},{\"@type\":\"WebSite\",\"@id\":\"https:\\\/\\\/www.notibras.com\\\/site\\\/#website\",\"url\":\"https:\\\/\\\/www.notibras.com\\\/site\\\/\",\"name\":\"Notibras\",\"description\":\"Not\u00edcias de Bras\u00edlia, do Brasil e do Mundo\",\"publisher\":{\"@id\":\"https:\\\/\\\/www.notibras.com\\\/site\\\/#organization\"},\"potentialAction\":[{\"@type\":\"SearchAction\",\"target\":{\"@type\":\"EntryPoint\",\"urlTemplate\":\"https:\\\/\\\/www.notibras.com\\\/site\\\/?s={search_term_string}\"},\"query-input\":{\"@type\":\"PropertyValueSpecification\",\"valueRequired\":true,\"valueName\":\"search_term_string\"}}],\"inLanguage\":\"pt-BR\"},{\"@type\":\"Organization\",\"@id\":\"https:\\\/\\\/www.notibras.com\\\/site\\\/#organization\",\"name\":\"Grupo Notibras de Comunica\u00e7\u00e3o\",\"url\":\"https:\\\/\\\/www.notibras.com\\\/site\\\/\",\"logo\":{\"@type\":\"ImageObject\",\"inLanguage\":\"pt-BR\",\"@id\":\"https:\\\/\\\/www.notibras.com\\\/site\\\/#\\\/schema\\\/logo\\\/image\\\/\",\"url\":\"https:\\\/\\\/www.notibras.com\\\/site\\\/wp-content\\\/uploads\\\/2023\\\/01\\\/notibras23.png\",\"contentUrl\":\"https:\\\/\\\/www.notibras.com\\\/site\\\/wp-content\\\/uploads\\\/2023\\\/01\\\/notibras23.png\",\"width\":350,\"height\":87,\"caption\":\"Grupo Notibras de Comunica\u00e7\u00e3o\"},\"image\":{\"@id\":\"https:\\\/\\\/www.notibras.com\\\/site\\\/#\\\/schema\\\/logo\\\/image\\\/\"},\"sameAs\":[\"https:\\\/\\\/www.facebook.com\\\/notibras\\\/\",\"https:\\\/\\\/x.com\\\/Notibras\",\"https:\\\/\\\/www.instagram.com\\\/notibras\\\/\"]},{\"@type\":\"Person\",\"@id\":\"https:\\\/\\\/www.notibras.com\\\/site\\\/#\\\/schema\\\/person\\\/36ab0979449956132d3e5b517ea76ac8\",\"name\":\"Reda\u00e7\u00e3o\",\"image\":{\"@type\":\"ImageObject\",\"inLanguage\":\"pt-BR\",\"@id\":\"https:\\\/\\\/secure.gravatar.com\\\/avatar\\\/e0a867bdedb85fd243eadf09663511f96fc81e0720a4a42581f334ad4303aa6b?s=96&d=mm&r=g\",\"url\":\"https:\\\/\\\/secure.gravatar.com\\\/avatar\\\/e0a867bdedb85fd243eadf09663511f96fc81e0720a4a42581f334ad4303aa6b?s=96&d=mm&r=g\",\"contentUrl\":\"https:\\\/\\\/secure.gravatar.com\\\/avatar\\\/e0a867bdedb85fd243eadf09663511f96fc81e0720a4a42581f334ad4303aa6b?s=96&d=mm&r=g\",\"caption\":\"Reda\u00e7\u00e3o\"}}]}<\/script>\n<!-- \/ Yoast SEO plugin. -->","yoast_head_json":{"title":"A Fifa, a m\u00e1fia, o Catar, a escolha das sedes das Copas... - Notibras","robots":{"index":"index","follow":"follow","max-snippet":"max-snippet:-1","max-image-preview":"max-image-preview:large","max-video-preview":"max-video-preview:-1"},"canonical":"https:\/\/www.notibras.com\/site\/a-fifa-a-mafia-o-catar-a-escolha-das-sedes-das-copas\/","og_locale":"pt_BR","og_type":"article","og_title":"A Fifa, a m\u00e1fia, o Catar, a escolha das sedes das Copas... - Notibras","og_description":"Mais importante do que o resultado do jogo de abertura da Copa do Mundo entre o Brasil e a Cro\u00e1cia, na quinta-feira 12, no chamado Itaquer\u00e3o, quem sabe, ser\u00e3o os apertos de m\u00e3os, sorrisos e express\u00f5es joviais dos cartolas nas tribunas. Como ser\u00e1 um suposto encontro entre Sepp Blatter, o presidente da Fifa, e Michel [&hellip;]","og_url":"https:\/\/www.notibras.com\/site\/a-fifa-a-mafia-o-catar-a-escolha-das-sedes-das-copas\/","og_site_name":"Notibras","article_publisher":"https:\/\/www.facebook.com\/notibras\/","article_published_time":"2014-06-10T16:48:11+00:00","og_image":[{"width":624,"height":432,"url":"https:\/\/www.notibras.com\/site\/wp-content\/uploads\/2014\/06\/Qatar-1-salvo1.jpg","type":"image\/jpeg"}],"author":"Reda\u00e7\u00e3o","twitter_card":"summary_large_image","twitter_creator":"@Notibras","twitter_site":"@Notibras","twitter_misc":{"Escrito por":"Reda\u00e7\u00e3o","Est. tempo de leitura":"7 minutos"},"schema":{"@context":"https:\/\/schema.org","@graph":[{"@type":"Article","@id":"https:\/\/www.notibras.com\/site\/a-fifa-a-mafia-o-catar-a-escolha-das-sedes-das-copas\/#article","isPartOf":{"@id":"https:\/\/www.notibras.com\/site\/a-fifa-a-mafia-o-catar-a-escolha-das-sedes-das-copas\/"},"author":{"name":"Reda\u00e7\u00e3o","@id":"https:\/\/www.notibras.com\/site\/#\/schema\/person\/36ab0979449956132d3e5b517ea76ac8"},"headline":"A Fifa, a m\u00e1fia, o Catar, a escolha das sedes das Copas&#8230;","datePublished":"2014-06-10T16:48:11+00:00","mainEntityOfPage":{"@id":"https:\/\/www.notibras.com\/site\/a-fifa-a-mafia-o-catar-a-escolha-das-sedes-das-copas\/"},"wordCount":1503,"commentCount":0,"publisher":{"@id":"https:\/\/www.notibras.com\/site\/#organization"},"image":{"@id":"https:\/\/www.notibras.com\/site\/a-fifa-a-mafia-o-catar-a-escolha-das-sedes-das-copas\/#primaryimage"},"thumbnailUrl":"https:\/\/www.notibras.com\/site\/wp-content\/uploads\/2014\/06\/Qatar-1-salvo1.jpg","articleSection":["Opina a\u00ed"],"inLanguage":"pt-BR","potentialAction":[{"@type":"CommentAction","name":"Comment","target":["https:\/\/www.notibras.com\/site\/a-fifa-a-mafia-o-catar-a-escolha-das-sedes-das-copas\/#respond"]}]},{"@type":"WebPage","@id":"https:\/\/www.notibras.com\/site\/a-fifa-a-mafia-o-catar-a-escolha-das-sedes-das-copas\/","url":"https:\/\/www.notibras.com\/site\/a-fifa-a-mafia-o-catar-a-escolha-das-sedes-das-copas\/","name":"A Fifa, a m\u00e1fia, o Catar, a escolha das sedes das Copas... - Notibras","isPartOf":{"@id":"https:\/\/www.notibras.com\/site\/#website"},"primaryImageOfPage":{"@id":"https:\/\/www.notibras.com\/site\/a-fifa-a-mafia-o-catar-a-escolha-das-sedes-das-copas\/#primaryimage"},"image":{"@id":"https:\/\/www.notibras.com\/site\/a-fifa-a-mafia-o-catar-a-escolha-das-sedes-das-copas\/#primaryimage"},"thumbnailUrl":"https:\/\/www.notibras.com\/site\/wp-content\/uploads\/2014\/06\/Qatar-1-salvo1.jpg","datePublished":"2014-06-10T16:48:11+00:00","breadcrumb":{"@id":"https:\/\/www.notibras.com\/site\/a-fifa-a-mafia-o-catar-a-escolha-das-sedes-das-copas\/#breadcrumb"},"inLanguage":"pt-BR","potentialAction":[{"@type":"ReadAction","target":["https:\/\/www.notibras.com\/site\/a-fifa-a-mafia-o-catar-a-escolha-das-sedes-das-copas\/"]}]},{"@type":"ImageObject","inLanguage":"pt-BR","@id":"https:\/\/www.notibras.com\/site\/a-fifa-a-mafia-o-catar-a-escolha-das-sedes-das-copas\/#primaryimage","url":"https:\/\/www.notibras.com\/site\/wp-content\/uploads\/2014\/06\/Qatar-1-salvo1.jpg","contentUrl":"https:\/\/www.notibras.com\/site\/wp-content\/uploads\/2014\/06\/Qatar-1-salvo1.jpg","width":624,"height":432},{"@type":"BreadcrumbList","@id":"https:\/\/www.notibras.com\/site\/a-fifa-a-mafia-o-catar-a-escolha-das-sedes-das-copas\/#breadcrumb","itemListElement":[{"@type":"ListItem","position":1,"name":"In\u00edcio","item":"https:\/\/www.notibras.com\/site\/"},{"@type":"ListItem","position":2,"name":"A Fifa, a m\u00e1fia, o Catar, a escolha das sedes das Copas&#8230;"}]},{"@type":"WebSite","@id":"https:\/\/www.notibras.com\/site\/#website","url":"https:\/\/www.notibras.com\/site\/","name":"Notibras","description":"Not\u00edcias de Bras\u00edlia, do Brasil e do Mundo","publisher":{"@id":"https:\/\/www.notibras.com\/site\/#organization"},"potentialAction":[{"@type":"SearchAction","target":{"@type":"EntryPoint","urlTemplate":"https:\/\/www.notibras.com\/site\/?s={search_term_string}"},"query-input":{"@type":"PropertyValueSpecification","valueRequired":true,"valueName":"search_term_string"}}],"inLanguage":"pt-BR"},{"@type":"Organization","@id":"https:\/\/www.notibras.com\/site\/#organization","name":"Grupo Notibras de Comunica\u00e7\u00e3o","url":"https:\/\/www.notibras.com\/site\/","logo":{"@type":"ImageObject","inLanguage":"pt-BR","@id":"https:\/\/www.notibras.com\/site\/#\/schema\/logo\/image\/","url":"https:\/\/www.notibras.com\/site\/wp-content\/uploads\/2023\/01\/notibras23.png","contentUrl":"https:\/\/www.notibras.com\/site\/wp-content\/uploads\/2023\/01\/notibras23.png","width":350,"height":87,"caption":"Grupo Notibras de Comunica\u00e7\u00e3o"},"image":{"@id":"https:\/\/www.notibras.com\/site\/#\/schema\/logo\/image\/"},"sameAs":["https:\/\/www.facebook.com\/notibras\/","https:\/\/x.com\/Notibras","https:\/\/www.instagram.com\/notibras\/"]},{"@type":"Person","@id":"https:\/\/www.notibras.com\/site\/#\/schema\/person\/36ab0979449956132d3e5b517ea76ac8","name":"Reda\u00e7\u00e3o","image":{"@type":"ImageObject","inLanguage":"pt-BR","@id":"https:\/\/secure.gravatar.com\/avatar\/e0a867bdedb85fd243eadf09663511f96fc81e0720a4a42581f334ad4303aa6b?s=96&d=mm&r=g","url":"https:\/\/secure.gravatar.com\/avatar\/e0a867bdedb85fd243eadf09663511f96fc81e0720a4a42581f334ad4303aa6b?s=96&d=mm&r=g","contentUrl":"https:\/\/secure.gravatar.com\/avatar\/e0a867bdedb85fd243eadf09663511f96fc81e0720a4a42581f334ad4303aa6b?s=96&d=mm&r=g","caption":"Reda\u00e7\u00e3o"}}]}},"amp_enabled":true,"_links":{"self":[{"href":"https:\/\/www.notibras.com\/site\/wp-json\/wp\/v2\/posts\/12971","targetHints":{"allow":["GET"]}}],"collection":[{"href":"https:\/\/www.notibras.com\/site\/wp-json\/wp\/v2\/posts"}],"about":[{"href":"https:\/\/www.notibras.com\/site\/wp-json\/wp\/v2\/types\/post"}],"author":[{"embeddable":true,"href":"https:\/\/www.notibras.com\/site\/wp-json\/wp\/v2\/users\/2"}],"replies":[{"embeddable":true,"href":"https:\/\/www.notibras.com\/site\/wp-json\/wp\/v2\/comments?post=12971"}],"version-history":[{"count":0,"href":"https:\/\/www.notibras.com\/site\/wp-json\/wp\/v2\/posts\/12971\/revisions"}],"wp:featuredmedia":[{"embeddable":true,"href":"https:\/\/www.notibras.com\/site\/wp-json\/wp\/v2\/media\/12972"}],"wp:attachment":[{"href":"https:\/\/www.notibras.com\/site\/wp-json\/wp\/v2\/media?parent=12971"}],"wp:term":[{"taxonomy":"category","embeddable":true,"href":"https:\/\/www.notibras.com\/site\/wp-json\/wp\/v2\/categories?post=12971"},{"taxonomy":"post_tag","embeddable":true,"href":"https:\/\/www.notibras.com\/site\/wp-json\/wp\/v2\/tags?post=12971"}],"curies":[{"name":"wp","href":"https:\/\/api.w.org\/{rel}","templated":true}]}}