{"id":130044,"date":"2017-02-25T02:55:32","date_gmt":"2017-02-25T05:55:32","guid":{"rendered":"http:\/\/www.notibras.com\/site\/?p=130044"},"modified":"2017-02-25T02:55:32","modified_gmt":"2017-02-25T05:55:32","slug":"brasil-um-pais-de-folia-que-tem-14-meses-por-ano","status":"publish","type":"post","link":"https:\/\/www.notibras.com\/site\/brasil-um-pais-de-folia-que-tem-14-meses-por-ano\/","title":{"rendered":"Brasil, um Pa\u00eds de folia que tem 14 meses por ano"},"content":{"rendered":"<p><strong>Jos\u00e9 Henrique Bravo Alves<\/strong><\/p>\n<p>A antiga sensa\u00e7\u00e3o de que o ano brasileiro come\u00e7a de verdade somente ap\u00f3s o carnaval est\u00e1 mais viva do que nunca na percep\u00e7\u00e3o dos empres\u00e1rios. A despeito das tentativas do governo de colocar a economia nos trilhos e adotar algumas medidas h\u00e1 muito reclamadas pela sociedade, como a busca de equil\u00edbrio fiscal e as reformas trabalhista e previdenci\u00e1ria, o n\u00edvel de atividade parece n\u00e3o reagir.<\/p>\n<p>\u00c9 como se 2016, quando a crise bateu no fundo do po\u00e7o, o desemprego quebrou recordes e os neg\u00f3cios ficaram estagnados, realmente n\u00e3o tivesse terminado em 31 de dezembro \u00faltimo. A letargia persiste. O fechamento de contratos \u00e9 p\u00edfio e todas as decis\u00f5es de compra no universo corporativo s\u00e3o postergadas. Por isso, \u00e9 forte o sentimento de que nosso ano novo come\u00e7ar\u00e1 somente em mar\u00e7o, mais precisamente \u00e0s 13 horas do dia primeiro, quando as empresas reabrem e as pessoas voltam ao trabalho depois do longo feriado do rei Momo.<\/p>\n<p>A mais grave consequ\u00eancia de 2017 ainda n\u00e3o ter come\u00e7ado \u00e9 que, na pr\u00e1tica, por consequ\u00eancia, o terr\u00edvel 2016 ainda n\u00e3o acabou. O Brasil segue o mesmo ritmo modorrento, despertando certo ceticismo no empresariado quanto \u00e0 capacidade de rea\u00e7\u00e3o. Com certeza, o ano passado, que insiste em n\u00e3o terminar, continua sua recessiva trajet\u00f3ria, constituindo-se em um dos mais dif\u00edceis momentos de toda a hist\u00f3ria econ\u00f4mica de nosso pa\u00eds.<\/p>\n<p>Por isso, \u00e9 de se esperar que, ap\u00f3s o desfile da \u00faltima escola de samba e o retorno ao trabalho do derradeiro foli\u00e3o, possamos, finalmente, comemorar a passagem do ano, saudando 2017 com for\u00e7a, energia e novo \u00e2nimo. Mais do que nunca, ao inv\u00e9s de reclamar de nosso tardio R\u00e9veillon, \u00e9 preciso acreditar que, terminado o Carnaval, o Brasil realmente inicie um processo consistente de retomada do crescimento, dos investimentos e da gera\u00e7\u00e3o de empregos.<\/p>\n<p>Acreditar nessas perspectivas \u00e9 fundamental para redespertar o \u00e2nimo dos empres\u00e1rios. Muitos venceram o ceticismo e se prepararam com vistas a uma retomada econ\u00f4mica do ano novo. \u00c9 o caso de nossa empresa, que investiu R$ 45 milh\u00f5es na compra de novos equipamentos, dentre eles quatro guindastes de grande porte e \u00faltima gera\u00e7\u00e3o, cujos modelos s\u00e3o in\u00e9ditos no Pa\u00eds. Assim, que venha o ano novo depois do Carnaval!<\/p>\n<p>Esses 14 meses de 2016, o ano mais longo de nossa hist\u00f3ria, haver\u00e3o de terminar, deixando amargas lembran\u00e7as para os brasileiros, mas tamb\u00e9m algumas li\u00e7\u00f5es importantes, que precisam ser assimiladas. Nosso pa\u00eds parece ter dificuldade de aprender com os erros do passado, repetindo equ\u00edvocos que acabam custando muito caro para as empresas, os trabalhadores e a sociedade como um todo.<\/p>\n<p>Esperamos que, nesta quarta-feira de cinzas com jeito de ano novo, flores\u00e7a um novo tempo de mais transpar\u00eancia e \u00e9tica na pol\u00edtica, lucidez na gest\u00e3o da economia e credibilidade Esses s\u00e3o elementos essenciais para vencermos a crise e ingressarmos em um fluxo duradouro de crescimento sustentado.<\/p>\n","protected":false},"excerpt":{"rendered":"<p>Jos\u00e9 Henrique Bravo Alves A antiga sensa\u00e7\u00e3o de que o ano brasileiro come\u00e7a de verdade somente ap\u00f3s o carnaval est\u00e1 mais viva do que nunca na percep\u00e7\u00e3o dos empres\u00e1rios. A despeito das tentativas do governo de colocar a economia nos trilhos e adotar algumas medidas h\u00e1 muito reclamadas pela sociedade, como a busca de equil\u00edbrio [&hellip;]<\/p>\n","protected":false},"author":2,"featured_media":130045,"comment_status":"open","ping_status":"closed","sticky":false,"template":"","format":"standard","meta":{"_acf_changed":false,"footnotes":""},"categories":[25],"tags":[],"class_list":["post-130044","post","type-post","status-publish","format-standard","has-post-thumbnail","hentry","category-opina-ai"],"acf":[],"yoast_head":"<!-- This site is optimized with the Yoast SEO plugin v27.5 - https:\/\/yoast.com\/product\/yoast-seo-wordpress\/ -->\n<title>Brasil, um Pa\u00eds de folia que tem 14 meses por ano - Notibras<\/title>\n<meta name=\"robots\" content=\"index, follow, max-snippet:-1, max-image-preview:large, max-video-preview:-1\" \/>\n<link rel=\"canonical\" href=\"https:\/\/www.notibras.com\/site\/brasil-um-pais-de-folia-que-tem-14-meses-por-ano\/\" \/>\n<meta property=\"og:locale\" content=\"pt_BR\" \/>\n<meta property=\"og:type\" content=\"article\" \/>\n<meta property=\"og:title\" content=\"Brasil, um Pa\u00eds de folia que tem 14 meses por ano - Notibras\" \/>\n<meta property=\"og:description\" content=\"Jos\u00e9 Henrique Bravo Alves A antiga sensa\u00e7\u00e3o de que o ano brasileiro come\u00e7a de verdade somente ap\u00f3s o carnaval est\u00e1 mais viva do que nunca na percep\u00e7\u00e3o dos empres\u00e1rios. A despeito das tentativas do governo de colocar a economia nos trilhos e adotar algumas medidas h\u00e1 muito reclamadas pela sociedade, como a busca de equil\u00edbrio [&hellip;]\" \/>\n<meta property=\"og:url\" content=\"https:\/\/www.notibras.com\/site\/brasil-um-pais-de-folia-que-tem-14-meses-por-ano\/\" \/>\n<meta property=\"og:site_name\" content=\"Notibras\" \/>\n<meta property=\"article:publisher\" content=\"https:\/\/www.facebook.com\/notibras\/\" \/>\n<meta property=\"article:published_time\" content=\"2017-02-25T05:55:32+00:00\" \/>\n<meta property=\"og:image\" content=\"https:\/\/www.notibras.com\/site\/wp-content\/uploads\/2017\/02\/Como-conseguir-emprego-na-industria-de-gas-e-petroleo.jpg\" \/>\n\t<meta property=\"og:image:width\" content=\"660\" \/>\n\t<meta property=\"og:image:height\" content=\"438\" \/>\n\t<meta property=\"og:image:type\" content=\"image\/jpeg\" \/>\n<meta name=\"author\" content=\"Reda\u00e7\u00e3o\" \/>\n<meta name=\"twitter:card\" content=\"summary_large_image\" \/>\n<meta name=\"twitter:creator\" content=\"@Notibras\" \/>\n<meta name=\"twitter:site\" content=\"@Notibras\" \/>\n<meta name=\"twitter:label1\" content=\"Escrito por\" \/>\n\t<meta name=\"twitter:data1\" content=\"Reda\u00e7\u00e3o\" \/>\n\t<meta name=\"twitter:label2\" content=\"Est. tempo de leitura\" \/>\n\t<meta name=\"twitter:data2\" content=\"3 minutos\" \/>\n<script type=\"application\/ld+json\" class=\"yoast-schema-graph\">{\"@context\":\"https:\\\/\\\/schema.org\",\"@graph\":[{\"@type\":\"Article\",\"@id\":\"https:\\\/\\\/www.notibras.com\\\/site\\\/brasil-um-pais-de-folia-que-tem-14-meses-por-ano\\\/#article\",\"isPartOf\":{\"@id\":\"https:\\\/\\\/www.notibras.com\\\/site\\\/brasil-um-pais-de-folia-que-tem-14-meses-por-ano\\\/\"},\"author\":{\"name\":\"Reda\u00e7\u00e3o\",\"@id\":\"https:\\\/\\\/www.notibras.com\\\/site\\\/#\\\/schema\\\/person\\\/36ab0979449956132d3e5b517ea76ac8\"},\"headline\":\"Brasil, um Pa\u00eds de folia que tem 14 meses por ano\",\"datePublished\":\"2017-02-25T05:55:32+00:00\",\"mainEntityOfPage\":{\"@id\":\"https:\\\/\\\/www.notibras.com\\\/site\\\/brasil-um-pais-de-folia-que-tem-14-meses-por-ano\\\/\"},\"wordCount\":525,\"commentCount\":0,\"publisher\":{\"@id\":\"https:\\\/\\\/www.notibras.com\\\/site\\\/#organization\"},\"image\":{\"@id\":\"https:\\\/\\\/www.notibras.com\\\/site\\\/brasil-um-pais-de-folia-que-tem-14-meses-por-ano\\\/#primaryimage\"},\"thumbnailUrl\":\"https:\\\/\\\/www.notibras.com\\\/site\\\/wp-content\\\/uploads\\\/2017\\\/02\\\/Como-conseguir-emprego-na-industria-de-gas-e-petroleo.jpg\",\"articleSection\":[\"Opina a\u00ed\"],\"inLanguage\":\"pt-BR\",\"potentialAction\":[{\"@type\":\"CommentAction\",\"name\":\"Comment\",\"target\":[\"https:\\\/\\\/www.notibras.com\\\/site\\\/brasil-um-pais-de-folia-que-tem-14-meses-por-ano\\\/#respond\"]}]},{\"@type\":\"WebPage\",\"@id\":\"https:\\\/\\\/www.notibras.com\\\/site\\\/brasil-um-pais-de-folia-que-tem-14-meses-por-ano\\\/\",\"url\":\"https:\\\/\\\/www.notibras.com\\\/site\\\/brasil-um-pais-de-folia-que-tem-14-meses-por-ano\\\/\",\"name\":\"Brasil, um Pa\u00eds de folia que tem 14 meses por ano - Notibras\",\"isPartOf\":{\"@id\":\"https:\\\/\\\/www.notibras.com\\\/site\\\/#website\"},\"primaryImageOfPage\":{\"@id\":\"https:\\\/\\\/www.notibras.com\\\/site\\\/brasil-um-pais-de-folia-que-tem-14-meses-por-ano\\\/#primaryimage\"},\"image\":{\"@id\":\"https:\\\/\\\/www.notibras.com\\\/site\\\/brasil-um-pais-de-folia-que-tem-14-meses-por-ano\\\/#primaryimage\"},\"thumbnailUrl\":\"https:\\\/\\\/www.notibras.com\\\/site\\\/wp-content\\\/uploads\\\/2017\\\/02\\\/Como-conseguir-emprego-na-industria-de-gas-e-petroleo.jpg\",\"datePublished\":\"2017-02-25T05:55:32+00:00\",\"breadcrumb\":{\"@id\":\"https:\\\/\\\/www.notibras.com\\\/site\\\/brasil-um-pais-de-folia-que-tem-14-meses-por-ano\\\/#breadcrumb\"},\"inLanguage\":\"pt-BR\",\"potentialAction\":[{\"@type\":\"ReadAction\",\"target\":[\"https:\\\/\\\/www.notibras.com\\\/site\\\/brasil-um-pais-de-folia-que-tem-14-meses-por-ano\\\/\"]}]},{\"@type\":\"ImageObject\",\"inLanguage\":\"pt-BR\",\"@id\":\"https:\\\/\\\/www.notibras.com\\\/site\\\/brasil-um-pais-de-folia-que-tem-14-meses-por-ano\\\/#primaryimage\",\"url\":\"https:\\\/\\\/www.notibras.com\\\/site\\\/wp-content\\\/uploads\\\/2017\\\/02\\\/Como-conseguir-emprego-na-industria-de-gas-e-petroleo.jpg\",\"contentUrl\":\"https:\\\/\\\/www.notibras.com\\\/site\\\/wp-content\\\/uploads\\\/2017\\\/02\\\/Como-conseguir-emprego-na-industria-de-gas-e-petroleo.jpg\",\"width\":660,\"height\":438},{\"@type\":\"BreadcrumbList\",\"@id\":\"https:\\\/\\\/www.notibras.com\\\/site\\\/brasil-um-pais-de-folia-que-tem-14-meses-por-ano\\\/#breadcrumb\",\"itemListElement\":[{\"@type\":\"ListItem\",\"position\":1,\"name\":\"In\u00edcio\",\"item\":\"https:\\\/\\\/www.notibras.com\\\/site\\\/\"},{\"@type\":\"ListItem\",\"position\":2,\"name\":\"Brasil, um Pa\u00eds de folia que tem 14 meses por ano\"}]},{\"@type\":\"WebSite\",\"@id\":\"https:\\\/\\\/www.notibras.com\\\/site\\\/#website\",\"url\":\"https:\\\/\\\/www.notibras.com\\\/site\\\/\",\"name\":\"Notibras\",\"description\":\"Not\u00edcias de Bras\u00edlia, do Brasil e do Mundo\",\"publisher\":{\"@id\":\"https:\\\/\\\/www.notibras.com\\\/site\\\/#organization\"},\"potentialAction\":[{\"@type\":\"SearchAction\",\"target\":{\"@type\":\"EntryPoint\",\"urlTemplate\":\"https:\\\/\\\/www.notibras.com\\\/site\\\/?s={search_term_string}\"},\"query-input\":{\"@type\":\"PropertyValueSpecification\",\"valueRequired\":true,\"valueName\":\"search_term_string\"}}],\"inLanguage\":\"pt-BR\"},{\"@type\":\"Organization\",\"@id\":\"https:\\\/\\\/www.notibras.com\\\/site\\\/#organization\",\"name\":\"Grupo Notibras de Comunica\u00e7\u00e3o\",\"url\":\"https:\\\/\\\/www.notibras.com\\\/site\\\/\",\"logo\":{\"@type\":\"ImageObject\",\"inLanguage\":\"pt-BR\",\"@id\":\"https:\\\/\\\/www.notibras.com\\\/site\\\/#\\\/schema\\\/logo\\\/image\\\/\",\"url\":\"https:\\\/\\\/www.notibras.com\\\/site\\\/wp-content\\\/uploads\\\/2023\\\/01\\\/notibras23.png\",\"contentUrl\":\"https:\\\/\\\/www.notibras.com\\\/site\\\/wp-content\\\/uploads\\\/2023\\\/01\\\/notibras23.png\",\"width\":350,\"height\":87,\"caption\":\"Grupo Notibras de Comunica\u00e7\u00e3o\"},\"image\":{\"@id\":\"https:\\\/\\\/www.notibras.com\\\/site\\\/#\\\/schema\\\/logo\\\/image\\\/\"},\"sameAs\":[\"https:\\\/\\\/www.facebook.com\\\/notibras\\\/\",\"https:\\\/\\\/x.com\\\/Notibras\",\"https:\\\/\\\/www.instagram.com\\\/notibras\\\/\"]},{\"@type\":\"Person\",\"@id\":\"https:\\\/\\\/www.notibras.com\\\/site\\\/#\\\/schema\\\/person\\\/36ab0979449956132d3e5b517ea76ac8\",\"name\":\"Reda\u00e7\u00e3o\",\"image\":{\"@type\":\"ImageObject\",\"inLanguage\":\"pt-BR\",\"@id\":\"https:\\\/\\\/secure.gravatar.com\\\/avatar\\\/e0a867bdedb85fd243eadf09663511f96fc81e0720a4a42581f334ad4303aa6b?s=96&d=mm&r=g\",\"url\":\"https:\\\/\\\/secure.gravatar.com\\\/avatar\\\/e0a867bdedb85fd243eadf09663511f96fc81e0720a4a42581f334ad4303aa6b?s=96&d=mm&r=g\",\"contentUrl\":\"https:\\\/\\\/secure.gravatar.com\\\/avatar\\\/e0a867bdedb85fd243eadf09663511f96fc81e0720a4a42581f334ad4303aa6b?s=96&d=mm&r=g\",\"caption\":\"Reda\u00e7\u00e3o\"}}]}<\/script>\n<!-- \/ Yoast SEO plugin. -->","yoast_head_json":{"title":"Brasil, um Pa\u00eds de folia que tem 14 meses por ano - Notibras","robots":{"index":"index","follow":"follow","max-snippet":"max-snippet:-1","max-image-preview":"max-image-preview:large","max-video-preview":"max-video-preview:-1"},"canonical":"https:\/\/www.notibras.com\/site\/brasil-um-pais-de-folia-que-tem-14-meses-por-ano\/","og_locale":"pt_BR","og_type":"article","og_title":"Brasil, um Pa\u00eds de folia que tem 14 meses por ano - Notibras","og_description":"Jos\u00e9 Henrique Bravo Alves A antiga sensa\u00e7\u00e3o de que o ano brasileiro come\u00e7a de verdade somente ap\u00f3s o carnaval est\u00e1 mais viva do que nunca na percep\u00e7\u00e3o dos empres\u00e1rios. A despeito das tentativas do governo de colocar a economia nos trilhos e adotar algumas medidas h\u00e1 muito reclamadas pela sociedade, como a busca de equil\u00edbrio [&hellip;]","og_url":"https:\/\/www.notibras.com\/site\/brasil-um-pais-de-folia-que-tem-14-meses-por-ano\/","og_site_name":"Notibras","article_publisher":"https:\/\/www.facebook.com\/notibras\/","article_published_time":"2017-02-25T05:55:32+00:00","og_image":[{"width":660,"height":438,"url":"https:\/\/www.notibras.com\/site\/wp-content\/uploads\/2017\/02\/Como-conseguir-emprego-na-industria-de-gas-e-petroleo.jpg","type":"image\/jpeg"}],"author":"Reda\u00e7\u00e3o","twitter_card":"summary_large_image","twitter_creator":"@Notibras","twitter_site":"@Notibras","twitter_misc":{"Escrito por":"Reda\u00e7\u00e3o","Est. tempo de leitura":"3 minutos"},"schema":{"@context":"https:\/\/schema.org","@graph":[{"@type":"Article","@id":"https:\/\/www.notibras.com\/site\/brasil-um-pais-de-folia-que-tem-14-meses-por-ano\/#article","isPartOf":{"@id":"https:\/\/www.notibras.com\/site\/brasil-um-pais-de-folia-que-tem-14-meses-por-ano\/"},"author":{"name":"Reda\u00e7\u00e3o","@id":"https:\/\/www.notibras.com\/site\/#\/schema\/person\/36ab0979449956132d3e5b517ea76ac8"},"headline":"Brasil, um Pa\u00eds de folia que tem 14 meses por ano","datePublished":"2017-02-25T05:55:32+00:00","mainEntityOfPage":{"@id":"https:\/\/www.notibras.com\/site\/brasil-um-pais-de-folia-que-tem-14-meses-por-ano\/"},"wordCount":525,"commentCount":0,"publisher":{"@id":"https:\/\/www.notibras.com\/site\/#organization"},"image":{"@id":"https:\/\/www.notibras.com\/site\/brasil-um-pais-de-folia-que-tem-14-meses-por-ano\/#primaryimage"},"thumbnailUrl":"https:\/\/www.notibras.com\/site\/wp-content\/uploads\/2017\/02\/Como-conseguir-emprego-na-industria-de-gas-e-petroleo.jpg","articleSection":["Opina a\u00ed"],"inLanguage":"pt-BR","potentialAction":[{"@type":"CommentAction","name":"Comment","target":["https:\/\/www.notibras.com\/site\/brasil-um-pais-de-folia-que-tem-14-meses-por-ano\/#respond"]}]},{"@type":"WebPage","@id":"https:\/\/www.notibras.com\/site\/brasil-um-pais-de-folia-que-tem-14-meses-por-ano\/","url":"https:\/\/www.notibras.com\/site\/brasil-um-pais-de-folia-que-tem-14-meses-por-ano\/","name":"Brasil, um Pa\u00eds de folia que tem 14 meses por ano - Notibras","isPartOf":{"@id":"https:\/\/www.notibras.com\/site\/#website"},"primaryImageOfPage":{"@id":"https:\/\/www.notibras.com\/site\/brasil-um-pais-de-folia-que-tem-14-meses-por-ano\/#primaryimage"},"image":{"@id":"https:\/\/www.notibras.com\/site\/brasil-um-pais-de-folia-que-tem-14-meses-por-ano\/#primaryimage"},"thumbnailUrl":"https:\/\/www.notibras.com\/site\/wp-content\/uploads\/2017\/02\/Como-conseguir-emprego-na-industria-de-gas-e-petroleo.jpg","datePublished":"2017-02-25T05:55:32+00:00","breadcrumb":{"@id":"https:\/\/www.notibras.com\/site\/brasil-um-pais-de-folia-que-tem-14-meses-por-ano\/#breadcrumb"},"inLanguage":"pt-BR","potentialAction":[{"@type":"ReadAction","target":["https:\/\/www.notibras.com\/site\/brasil-um-pais-de-folia-que-tem-14-meses-por-ano\/"]}]},{"@type":"ImageObject","inLanguage":"pt-BR","@id":"https:\/\/www.notibras.com\/site\/brasil-um-pais-de-folia-que-tem-14-meses-por-ano\/#primaryimage","url":"https:\/\/www.notibras.com\/site\/wp-content\/uploads\/2017\/02\/Como-conseguir-emprego-na-industria-de-gas-e-petroleo.jpg","contentUrl":"https:\/\/www.notibras.com\/site\/wp-content\/uploads\/2017\/02\/Como-conseguir-emprego-na-industria-de-gas-e-petroleo.jpg","width":660,"height":438},{"@type":"BreadcrumbList","@id":"https:\/\/www.notibras.com\/site\/brasil-um-pais-de-folia-que-tem-14-meses-por-ano\/#breadcrumb","itemListElement":[{"@type":"ListItem","position":1,"name":"In\u00edcio","item":"https:\/\/www.notibras.com\/site\/"},{"@type":"ListItem","position":2,"name":"Brasil, um Pa\u00eds de folia que tem 14 meses por ano"}]},{"@type":"WebSite","@id":"https:\/\/www.notibras.com\/site\/#website","url":"https:\/\/www.notibras.com\/site\/","name":"Notibras","description":"Not\u00edcias de Bras\u00edlia, do Brasil e do Mundo","publisher":{"@id":"https:\/\/www.notibras.com\/site\/#organization"},"potentialAction":[{"@type":"SearchAction","target":{"@type":"EntryPoint","urlTemplate":"https:\/\/www.notibras.com\/site\/?s={search_term_string}"},"query-input":{"@type":"PropertyValueSpecification","valueRequired":true,"valueName":"search_term_string"}}],"inLanguage":"pt-BR"},{"@type":"Organization","@id":"https:\/\/www.notibras.com\/site\/#organization","name":"Grupo Notibras de Comunica\u00e7\u00e3o","url":"https:\/\/www.notibras.com\/site\/","logo":{"@type":"ImageObject","inLanguage":"pt-BR","@id":"https:\/\/www.notibras.com\/site\/#\/schema\/logo\/image\/","url":"https:\/\/www.notibras.com\/site\/wp-content\/uploads\/2023\/01\/notibras23.png","contentUrl":"https:\/\/www.notibras.com\/site\/wp-content\/uploads\/2023\/01\/notibras23.png","width":350,"height":87,"caption":"Grupo Notibras de Comunica\u00e7\u00e3o"},"image":{"@id":"https:\/\/www.notibras.com\/site\/#\/schema\/logo\/image\/"},"sameAs":["https:\/\/www.facebook.com\/notibras\/","https:\/\/x.com\/Notibras","https:\/\/www.instagram.com\/notibras\/"]},{"@type":"Person","@id":"https:\/\/www.notibras.com\/site\/#\/schema\/person\/36ab0979449956132d3e5b517ea76ac8","name":"Reda\u00e7\u00e3o","image":{"@type":"ImageObject","inLanguage":"pt-BR","@id":"https:\/\/secure.gravatar.com\/avatar\/e0a867bdedb85fd243eadf09663511f96fc81e0720a4a42581f334ad4303aa6b?s=96&d=mm&r=g","url":"https:\/\/secure.gravatar.com\/avatar\/e0a867bdedb85fd243eadf09663511f96fc81e0720a4a42581f334ad4303aa6b?s=96&d=mm&r=g","contentUrl":"https:\/\/secure.gravatar.com\/avatar\/e0a867bdedb85fd243eadf09663511f96fc81e0720a4a42581f334ad4303aa6b?s=96&d=mm&r=g","caption":"Reda\u00e7\u00e3o"}}]}},"amp_enabled":true,"_links":{"self":[{"href":"https:\/\/www.notibras.com\/site\/wp-json\/wp\/v2\/posts\/130044","targetHints":{"allow":["GET"]}}],"collection":[{"href":"https:\/\/www.notibras.com\/site\/wp-json\/wp\/v2\/posts"}],"about":[{"href":"https:\/\/www.notibras.com\/site\/wp-json\/wp\/v2\/types\/post"}],"author":[{"embeddable":true,"href":"https:\/\/www.notibras.com\/site\/wp-json\/wp\/v2\/users\/2"}],"replies":[{"embeddable":true,"href":"https:\/\/www.notibras.com\/site\/wp-json\/wp\/v2\/comments?post=130044"}],"version-history":[{"count":1,"href":"https:\/\/www.notibras.com\/site\/wp-json\/wp\/v2\/posts\/130044\/revisions"}],"predecessor-version":[{"id":130046,"href":"https:\/\/www.notibras.com\/site\/wp-json\/wp\/v2\/posts\/130044\/revisions\/130046"}],"wp:featuredmedia":[{"embeddable":true,"href":"https:\/\/www.notibras.com\/site\/wp-json\/wp\/v2\/media\/130045"}],"wp:attachment":[{"href":"https:\/\/www.notibras.com\/site\/wp-json\/wp\/v2\/media?parent=130044"}],"wp:term":[{"taxonomy":"category","embeddable":true,"href":"https:\/\/www.notibras.com\/site\/wp-json\/wp\/v2\/categories?post=130044"},{"taxonomy":"post_tag","embeddable":true,"href":"https:\/\/www.notibras.com\/site\/wp-json\/wp\/v2\/tags?post=130044"}],"curies":[{"name":"wp","href":"https:\/\/api.w.org\/{rel}","templated":true}]}}