{"id":130395,"date":"2017-02-28T07:20:47","date_gmt":"2017-02-28T10:20:47","guid":{"rendered":"http:\/\/www.notibras.com\/site\/?p=130395"},"modified":"2017-02-28T07:22:13","modified_gmt":"2017-02-28T10:22:13","slug":"arma-para-que-te-quero-para-enfrentar-os-bandidos","status":"publish","type":"post","link":"https:\/\/www.notibras.com\/site\/arma-para-que-te-quero-para-enfrentar-os-bandidos\/","title":{"rendered":"Arma, para que te quero? Enfrentar os bandidos, \u00e9 claro"},"content":{"rendered":"<p><strong>Percival Puggina<\/strong><\/p>\n<p>Quem se alinha com teses sempre desastrosas, como os defensores do desarmamento, por exemplo, senta-se sobre o lado esquerdo do traseiro. Por que ser\u00e1? As exce\u00e7\u00f5es s\u00e3o t\u00e3o raras que n\u00e3o ocupam lugar na arquibancada dos fatos sociais. N\u00e3o contentes com fincarem p\u00e9 nos fracassos, nem com andarem por a\u00ed arredondando pilar quadrado at\u00e9 que a casa caia, esse pessoal se esmera em espancar o bom conselho e em desqualificar a diverg\u00eancia. Voc\u00ea \u00e9 contra o desarmamento? Ent\u00e3o voc\u00ea \u00e9 raivoso, da turma da bala; est\u00e1 a servi\u00e7o da ind\u00fastria da guerra. Potencialmente, um assassino de aluguel.<\/p>\n<p>No entanto, a entrega compuls\u00f3ria de todas as armas das pessoas de bem tem lugar de merecido destaque na lista das iniciativas absurdas e mal\u00e9ficas adotadas em nosso pa\u00eds. Responde, diretamente, pelo aumento da criminalidade, tanto em raz\u00e3o do quantitativo quanto da desfa\u00e7atez com que os bandidos passaram a agir nos mais variados ambientes e circunst\u00e2ncias. Percebem-se \u2013 e de fato s\u00e3o \u2013 &#8220;donos do peda\u00e7o&#8221;, tocadores de gado para o abatedouro ou para o brete da marca\u00e7\u00e3o. Rapidamente vamos adquirindo destreza em preencher boletins de ocorr\u00eancia, aos quais j\u00e1 tratamos na intimidade como &#8220;os meus BOs&#8221;.<\/p>\n<p>N\u00f3s, os conservadores, e boa parte dos liberais, cremos que a pessoa humana \u00e9 titular de direitos aos quais denominamos naturais. Entre eles, o direito \u00e0 vida, \u00e0 liberdade e \u00e0 propriedade dos bens legitimamente havidos. Para os estatistas, socialistas, comunistas e outros totalit\u00e1rios em geral, as coisas n\u00e3o s\u00e3o assim. Entendem que os direitos nos s\u00e3o dados pelo Estado, motivo por que, fonte de todos os direitos, ele se torna, simultaneamente, objeto de rever\u00eancia e de ass\u00e9dio. Estados v\u00e3o \u00e0 fal\u00eancia por conta do ass\u00e9dio. Sociedades s\u00e3o escravizadas por conta da rever\u00eancia.<\/p>\n<p>O leitor destas linhas pode estar pensando: &#8220;Mas se o Estado diz que eu n\u00e3o posso isto ou aquilo, na pr\u00e1tica eu n\u00e3o posso mesmo; na pr\u00e1tica eu n\u00e3o tenho tais direitos&#8221;. Ora, se um direito \u00e9 natural, inerente \u00e0 condi\u00e7\u00e3o humana, o Estado pode n\u00e3o o reconhecer, mas ele n\u00e3o deixa de existir. Os criminosos sentenciados t\u00eam a liberdade justificadamente tolhida; os presos pol\u00edticos em regimes n\u00e3o democr\u00e1ticos, tem a liberdade injustificadamente contida. Mas o direito? Ah, o direito permanece na pessoa!<\/p>\n<p>Isso \u00e9 t\u00e3o significativo quanto objeto de abuso. Se olharmos a pauta das postula\u00e7\u00f5es daqueles corpos pol\u00edticos a que me referi no in\u00edcio, veremos que atuam invocando o reconhecimento de supostos direitos que seriam naturais aos grupos que manipulam. Normalmente, n\u00e3o s\u00e3o.<\/p>\n<p>Pois bem, a turma das teses desastrosas acabou, simultaneamente, com o sistema penitenci\u00e1rio e com a possibilidade de dar devida vig\u00eancia repressiva ao C\u00f3digo Penal. A realidade social evidencia que j\u00e1 h\u00e1 mais criminosos soltos do que presos. As baixas contabilizadas pelas estat\u00edsticas s\u00e3o indicativas de estado de guerra, e de guerra sangrenta.<\/p>\n<p>Em tais condi\u00e7\u00f5es, nosso direito \u00e0 vida n\u00e3o pode ser preservado, defendido ou exercido na aus\u00eancia de leg\u00edtimo e proporcional direito de defesa. No Brasil de 2017, a posse e o porte de armas deveria ser objeto de clamor nacional ante o Estado omisso no cumprimento das obriga\u00e7\u00f5es. Esse n\u00e3o cumprimento se torna ainda mais grave quando, simultaneamente, nos recusa o direito \u00e0 posse e ao porte de armas de defesa pessoal. Como gado para o abatedouro, n\u00e3o!<\/p>\n","protected":false},"excerpt":{"rendered":"<p>Percival Puggina Quem se alinha com teses sempre desastrosas, como os defensores do desarmamento, por exemplo, senta-se sobre o lado esquerdo do traseiro. Por que ser\u00e1? As exce\u00e7\u00f5es s\u00e3o t\u00e3o raras que n\u00e3o ocupam lugar na arquibancada dos fatos sociais. N\u00e3o contentes com fincarem p\u00e9 nos fracassos, nem com andarem por a\u00ed arredondando pilar quadrado [&hellip;]<\/p>\n","protected":false},"author":2,"featured_media":130396,"comment_status":"open","ping_status":"closed","sticky":false,"template":"","format":"standard","meta":{"_acf_changed":false,"footnotes":""},"categories":[25],"tags":[],"class_list":["post-130395","post","type-post","status-publish","format-standard","has-post-thumbnail","hentry","category-opina-ai"],"acf":[],"yoast_head":"<!-- This site is optimized with the Yoast SEO plugin v27.5 - https:\/\/yoast.com\/product\/yoast-seo-wordpress\/ -->\n<title>Arma, para que te quero? Enfrentar os bandidos, \u00e9 claro - Notibras<\/title>\n<meta name=\"robots\" content=\"index, follow, max-snippet:-1, max-image-preview:large, max-video-preview:-1\" \/>\n<link rel=\"canonical\" href=\"https:\/\/www.notibras.com\/site\/arma-para-que-te-quero-para-enfrentar-os-bandidos\/\" \/>\n<meta property=\"og:locale\" content=\"pt_BR\" \/>\n<meta property=\"og:type\" content=\"article\" \/>\n<meta property=\"og:title\" content=\"Arma, para que te quero? Enfrentar os bandidos, \u00e9 claro - Notibras\" \/>\n<meta property=\"og:description\" content=\"Percival Puggina Quem se alinha com teses sempre desastrosas, como os defensores do desarmamento, por exemplo, senta-se sobre o lado esquerdo do traseiro. Por que ser\u00e1? As exce\u00e7\u00f5es s\u00e3o t\u00e3o raras que n\u00e3o ocupam lugar na arquibancada dos fatos sociais. N\u00e3o contentes com fincarem p\u00e9 nos fracassos, nem com andarem por a\u00ed arredondando pilar quadrado [&hellip;]\" \/>\n<meta property=\"og:url\" content=\"https:\/\/www.notibras.com\/site\/arma-para-que-te-quero-para-enfrentar-os-bandidos\/\" \/>\n<meta property=\"og:site_name\" content=\"Notibras\" \/>\n<meta property=\"article:publisher\" content=\"https:\/\/www.facebook.com\/notibras\/\" \/>\n<meta property=\"article:published_time\" content=\"2017-02-28T10:20:47+00:00\" \/>\n<meta property=\"article:modified_time\" content=\"2017-02-28T10:22:13+00:00\" \/>\n<meta property=\"og:image\" content=\"https:\/\/www.notibras.com\/site\/wp-content\/uploads\/2017\/02\/arma.jpg\" \/>\n\t<meta property=\"og:image:width\" content=\"1920\" \/>\n\t<meta property=\"og:image:height\" content=\"1080\" \/>\n\t<meta property=\"og:image:type\" content=\"image\/jpeg\" \/>\n<meta name=\"author\" content=\"Reda\u00e7\u00e3o\" \/>\n<meta name=\"twitter:card\" content=\"summary_large_image\" \/>\n<meta name=\"twitter:creator\" content=\"@Notibras\" \/>\n<meta name=\"twitter:site\" content=\"@Notibras\" \/>\n<meta name=\"twitter:label1\" content=\"Escrito por\" \/>\n\t<meta name=\"twitter:data1\" content=\"Reda\u00e7\u00e3o\" \/>\n\t<meta name=\"twitter:label2\" content=\"Est. tempo de leitura\" \/>\n\t<meta name=\"twitter:data2\" content=\"3 minutos\" \/>\n<script type=\"application\/ld+json\" class=\"yoast-schema-graph\">{\"@context\":\"https:\\\/\\\/schema.org\",\"@graph\":[{\"@type\":\"Article\",\"@id\":\"https:\\\/\\\/www.notibras.com\\\/site\\\/arma-para-que-te-quero-para-enfrentar-os-bandidos\\\/#article\",\"isPartOf\":{\"@id\":\"https:\\\/\\\/www.notibras.com\\\/site\\\/arma-para-que-te-quero-para-enfrentar-os-bandidos\\\/\"},\"author\":{\"name\":\"Reda\u00e7\u00e3o\",\"@id\":\"https:\\\/\\\/www.notibras.com\\\/site\\\/#\\\/schema\\\/person\\\/36ab0979449956132d3e5b517ea76ac8\"},\"headline\":\"Arma, para que te quero? Enfrentar os bandidos, \u00e9 claro\",\"datePublished\":\"2017-02-28T10:20:47+00:00\",\"dateModified\":\"2017-02-28T10:22:13+00:00\",\"mainEntityOfPage\":{\"@id\":\"https:\\\/\\\/www.notibras.com\\\/site\\\/arma-para-que-te-quero-para-enfrentar-os-bandidos\\\/\"},\"wordCount\":600,\"commentCount\":0,\"publisher\":{\"@id\":\"https:\\\/\\\/www.notibras.com\\\/site\\\/#organization\"},\"image\":{\"@id\":\"https:\\\/\\\/www.notibras.com\\\/site\\\/arma-para-que-te-quero-para-enfrentar-os-bandidos\\\/#primaryimage\"},\"thumbnailUrl\":\"https:\\\/\\\/www.notibras.com\\\/site\\\/wp-content\\\/uploads\\\/2017\\\/02\\\/arma.jpg\",\"articleSection\":[\"Opina a\u00ed\"],\"inLanguage\":\"pt-BR\",\"potentialAction\":[{\"@type\":\"CommentAction\",\"name\":\"Comment\",\"target\":[\"https:\\\/\\\/www.notibras.com\\\/site\\\/arma-para-que-te-quero-para-enfrentar-os-bandidos\\\/#respond\"]}]},{\"@type\":\"WebPage\",\"@id\":\"https:\\\/\\\/www.notibras.com\\\/site\\\/arma-para-que-te-quero-para-enfrentar-os-bandidos\\\/\",\"url\":\"https:\\\/\\\/www.notibras.com\\\/site\\\/arma-para-que-te-quero-para-enfrentar-os-bandidos\\\/\",\"name\":\"Arma, para que te quero? Enfrentar os bandidos, \u00e9 claro - Notibras\",\"isPartOf\":{\"@id\":\"https:\\\/\\\/www.notibras.com\\\/site\\\/#website\"},\"primaryImageOfPage\":{\"@id\":\"https:\\\/\\\/www.notibras.com\\\/site\\\/arma-para-que-te-quero-para-enfrentar-os-bandidos\\\/#primaryimage\"},\"image\":{\"@id\":\"https:\\\/\\\/www.notibras.com\\\/site\\\/arma-para-que-te-quero-para-enfrentar-os-bandidos\\\/#primaryimage\"},\"thumbnailUrl\":\"https:\\\/\\\/www.notibras.com\\\/site\\\/wp-content\\\/uploads\\\/2017\\\/02\\\/arma.jpg\",\"datePublished\":\"2017-02-28T10:20:47+00:00\",\"dateModified\":\"2017-02-28T10:22:13+00:00\",\"breadcrumb\":{\"@id\":\"https:\\\/\\\/www.notibras.com\\\/site\\\/arma-para-que-te-quero-para-enfrentar-os-bandidos\\\/#breadcrumb\"},\"inLanguage\":\"pt-BR\",\"potentialAction\":[{\"@type\":\"ReadAction\",\"target\":[\"https:\\\/\\\/www.notibras.com\\\/site\\\/arma-para-que-te-quero-para-enfrentar-os-bandidos\\\/\"]}]},{\"@type\":\"ImageObject\",\"inLanguage\":\"pt-BR\",\"@id\":\"https:\\\/\\\/www.notibras.com\\\/site\\\/arma-para-que-te-quero-para-enfrentar-os-bandidos\\\/#primaryimage\",\"url\":\"https:\\\/\\\/www.notibras.com\\\/site\\\/wp-content\\\/uploads\\\/2017\\\/02\\\/arma.jpg\",\"contentUrl\":\"https:\\\/\\\/www.notibras.com\\\/site\\\/wp-content\\\/uploads\\\/2017\\\/02\\\/arma.jpg\",\"width\":1920,\"height\":1080},{\"@type\":\"BreadcrumbList\",\"@id\":\"https:\\\/\\\/www.notibras.com\\\/site\\\/arma-para-que-te-quero-para-enfrentar-os-bandidos\\\/#breadcrumb\",\"itemListElement\":[{\"@type\":\"ListItem\",\"position\":1,\"name\":\"In\u00edcio\",\"item\":\"https:\\\/\\\/www.notibras.com\\\/site\\\/\"},{\"@type\":\"ListItem\",\"position\":2,\"name\":\"Arma, para que te quero? Enfrentar os bandidos, \u00e9 claro\"}]},{\"@type\":\"WebSite\",\"@id\":\"https:\\\/\\\/www.notibras.com\\\/site\\\/#website\",\"url\":\"https:\\\/\\\/www.notibras.com\\\/site\\\/\",\"name\":\"Notibras\",\"description\":\"Not\u00edcias de Bras\u00edlia, do Brasil e do Mundo\",\"publisher\":{\"@id\":\"https:\\\/\\\/www.notibras.com\\\/site\\\/#organization\"},\"potentialAction\":[{\"@type\":\"SearchAction\",\"target\":{\"@type\":\"EntryPoint\",\"urlTemplate\":\"https:\\\/\\\/www.notibras.com\\\/site\\\/?s={search_term_string}\"},\"query-input\":{\"@type\":\"PropertyValueSpecification\",\"valueRequired\":true,\"valueName\":\"search_term_string\"}}],\"inLanguage\":\"pt-BR\"},{\"@type\":\"Organization\",\"@id\":\"https:\\\/\\\/www.notibras.com\\\/site\\\/#organization\",\"name\":\"Grupo Notibras de Comunica\u00e7\u00e3o\",\"url\":\"https:\\\/\\\/www.notibras.com\\\/site\\\/\",\"logo\":{\"@type\":\"ImageObject\",\"inLanguage\":\"pt-BR\",\"@id\":\"https:\\\/\\\/www.notibras.com\\\/site\\\/#\\\/schema\\\/logo\\\/image\\\/\",\"url\":\"https:\\\/\\\/www.notibras.com\\\/site\\\/wp-content\\\/uploads\\\/2023\\\/01\\\/notibras23.png\",\"contentUrl\":\"https:\\\/\\\/www.notibras.com\\\/site\\\/wp-content\\\/uploads\\\/2023\\\/01\\\/notibras23.png\",\"width\":350,\"height\":87,\"caption\":\"Grupo Notibras de Comunica\u00e7\u00e3o\"},\"image\":{\"@id\":\"https:\\\/\\\/www.notibras.com\\\/site\\\/#\\\/schema\\\/logo\\\/image\\\/\"},\"sameAs\":[\"https:\\\/\\\/www.facebook.com\\\/notibras\\\/\",\"https:\\\/\\\/x.com\\\/Notibras\",\"https:\\\/\\\/www.instagram.com\\\/notibras\\\/\"]},{\"@type\":\"Person\",\"@id\":\"https:\\\/\\\/www.notibras.com\\\/site\\\/#\\\/schema\\\/person\\\/36ab0979449956132d3e5b517ea76ac8\",\"name\":\"Reda\u00e7\u00e3o\",\"image\":{\"@type\":\"ImageObject\",\"inLanguage\":\"pt-BR\",\"@id\":\"https:\\\/\\\/secure.gravatar.com\\\/avatar\\\/e0a867bdedb85fd243eadf09663511f96fc81e0720a4a42581f334ad4303aa6b?s=96&d=mm&r=g\",\"url\":\"https:\\\/\\\/secure.gravatar.com\\\/avatar\\\/e0a867bdedb85fd243eadf09663511f96fc81e0720a4a42581f334ad4303aa6b?s=96&d=mm&r=g\",\"contentUrl\":\"https:\\\/\\\/secure.gravatar.com\\\/avatar\\\/e0a867bdedb85fd243eadf09663511f96fc81e0720a4a42581f334ad4303aa6b?s=96&d=mm&r=g\",\"caption\":\"Reda\u00e7\u00e3o\"}}]}<\/script>\n<!-- \/ Yoast SEO plugin. -->","yoast_head_json":{"title":"Arma, para que te quero? Enfrentar os bandidos, \u00e9 claro - Notibras","robots":{"index":"index","follow":"follow","max-snippet":"max-snippet:-1","max-image-preview":"max-image-preview:large","max-video-preview":"max-video-preview:-1"},"canonical":"https:\/\/www.notibras.com\/site\/arma-para-que-te-quero-para-enfrentar-os-bandidos\/","og_locale":"pt_BR","og_type":"article","og_title":"Arma, para que te quero? Enfrentar os bandidos, \u00e9 claro - Notibras","og_description":"Percival Puggina Quem se alinha com teses sempre desastrosas, como os defensores do desarmamento, por exemplo, senta-se sobre o lado esquerdo do traseiro. Por que ser\u00e1? As exce\u00e7\u00f5es s\u00e3o t\u00e3o raras que n\u00e3o ocupam lugar na arquibancada dos fatos sociais. N\u00e3o contentes com fincarem p\u00e9 nos fracassos, nem com andarem por a\u00ed arredondando pilar quadrado [&hellip;]","og_url":"https:\/\/www.notibras.com\/site\/arma-para-que-te-quero-para-enfrentar-os-bandidos\/","og_site_name":"Notibras","article_publisher":"https:\/\/www.facebook.com\/notibras\/","article_published_time":"2017-02-28T10:20:47+00:00","article_modified_time":"2017-02-28T10:22:13+00:00","og_image":[{"width":1920,"height":1080,"url":"https:\/\/www.notibras.com\/site\/wp-content\/uploads\/2017\/02\/arma.jpg","type":"image\/jpeg"}],"author":"Reda\u00e7\u00e3o","twitter_card":"summary_large_image","twitter_creator":"@Notibras","twitter_site":"@Notibras","twitter_misc":{"Escrito por":"Reda\u00e7\u00e3o","Est. tempo de leitura":"3 minutos"},"schema":{"@context":"https:\/\/schema.org","@graph":[{"@type":"Article","@id":"https:\/\/www.notibras.com\/site\/arma-para-que-te-quero-para-enfrentar-os-bandidos\/#article","isPartOf":{"@id":"https:\/\/www.notibras.com\/site\/arma-para-que-te-quero-para-enfrentar-os-bandidos\/"},"author":{"name":"Reda\u00e7\u00e3o","@id":"https:\/\/www.notibras.com\/site\/#\/schema\/person\/36ab0979449956132d3e5b517ea76ac8"},"headline":"Arma, para que te quero? Enfrentar os bandidos, \u00e9 claro","datePublished":"2017-02-28T10:20:47+00:00","dateModified":"2017-02-28T10:22:13+00:00","mainEntityOfPage":{"@id":"https:\/\/www.notibras.com\/site\/arma-para-que-te-quero-para-enfrentar-os-bandidos\/"},"wordCount":600,"commentCount":0,"publisher":{"@id":"https:\/\/www.notibras.com\/site\/#organization"},"image":{"@id":"https:\/\/www.notibras.com\/site\/arma-para-que-te-quero-para-enfrentar-os-bandidos\/#primaryimage"},"thumbnailUrl":"https:\/\/www.notibras.com\/site\/wp-content\/uploads\/2017\/02\/arma.jpg","articleSection":["Opina a\u00ed"],"inLanguage":"pt-BR","potentialAction":[{"@type":"CommentAction","name":"Comment","target":["https:\/\/www.notibras.com\/site\/arma-para-que-te-quero-para-enfrentar-os-bandidos\/#respond"]}]},{"@type":"WebPage","@id":"https:\/\/www.notibras.com\/site\/arma-para-que-te-quero-para-enfrentar-os-bandidos\/","url":"https:\/\/www.notibras.com\/site\/arma-para-que-te-quero-para-enfrentar-os-bandidos\/","name":"Arma, para que te quero? Enfrentar os bandidos, \u00e9 claro - Notibras","isPartOf":{"@id":"https:\/\/www.notibras.com\/site\/#website"},"primaryImageOfPage":{"@id":"https:\/\/www.notibras.com\/site\/arma-para-que-te-quero-para-enfrentar-os-bandidos\/#primaryimage"},"image":{"@id":"https:\/\/www.notibras.com\/site\/arma-para-que-te-quero-para-enfrentar-os-bandidos\/#primaryimage"},"thumbnailUrl":"https:\/\/www.notibras.com\/site\/wp-content\/uploads\/2017\/02\/arma.jpg","datePublished":"2017-02-28T10:20:47+00:00","dateModified":"2017-02-28T10:22:13+00:00","breadcrumb":{"@id":"https:\/\/www.notibras.com\/site\/arma-para-que-te-quero-para-enfrentar-os-bandidos\/#breadcrumb"},"inLanguage":"pt-BR","potentialAction":[{"@type":"ReadAction","target":["https:\/\/www.notibras.com\/site\/arma-para-que-te-quero-para-enfrentar-os-bandidos\/"]}]},{"@type":"ImageObject","inLanguage":"pt-BR","@id":"https:\/\/www.notibras.com\/site\/arma-para-que-te-quero-para-enfrentar-os-bandidos\/#primaryimage","url":"https:\/\/www.notibras.com\/site\/wp-content\/uploads\/2017\/02\/arma.jpg","contentUrl":"https:\/\/www.notibras.com\/site\/wp-content\/uploads\/2017\/02\/arma.jpg","width":1920,"height":1080},{"@type":"BreadcrumbList","@id":"https:\/\/www.notibras.com\/site\/arma-para-que-te-quero-para-enfrentar-os-bandidos\/#breadcrumb","itemListElement":[{"@type":"ListItem","position":1,"name":"In\u00edcio","item":"https:\/\/www.notibras.com\/site\/"},{"@type":"ListItem","position":2,"name":"Arma, para que te quero? Enfrentar os bandidos, \u00e9 claro"}]},{"@type":"WebSite","@id":"https:\/\/www.notibras.com\/site\/#website","url":"https:\/\/www.notibras.com\/site\/","name":"Notibras","description":"Not\u00edcias de Bras\u00edlia, do Brasil e do Mundo","publisher":{"@id":"https:\/\/www.notibras.com\/site\/#organization"},"potentialAction":[{"@type":"SearchAction","target":{"@type":"EntryPoint","urlTemplate":"https:\/\/www.notibras.com\/site\/?s={search_term_string}"},"query-input":{"@type":"PropertyValueSpecification","valueRequired":true,"valueName":"search_term_string"}}],"inLanguage":"pt-BR"},{"@type":"Organization","@id":"https:\/\/www.notibras.com\/site\/#organization","name":"Grupo Notibras de Comunica\u00e7\u00e3o","url":"https:\/\/www.notibras.com\/site\/","logo":{"@type":"ImageObject","inLanguage":"pt-BR","@id":"https:\/\/www.notibras.com\/site\/#\/schema\/logo\/image\/","url":"https:\/\/www.notibras.com\/site\/wp-content\/uploads\/2023\/01\/notibras23.png","contentUrl":"https:\/\/www.notibras.com\/site\/wp-content\/uploads\/2023\/01\/notibras23.png","width":350,"height":87,"caption":"Grupo Notibras de Comunica\u00e7\u00e3o"},"image":{"@id":"https:\/\/www.notibras.com\/site\/#\/schema\/logo\/image\/"},"sameAs":["https:\/\/www.facebook.com\/notibras\/","https:\/\/x.com\/Notibras","https:\/\/www.instagram.com\/notibras\/"]},{"@type":"Person","@id":"https:\/\/www.notibras.com\/site\/#\/schema\/person\/36ab0979449956132d3e5b517ea76ac8","name":"Reda\u00e7\u00e3o","image":{"@type":"ImageObject","inLanguage":"pt-BR","@id":"https:\/\/secure.gravatar.com\/avatar\/e0a867bdedb85fd243eadf09663511f96fc81e0720a4a42581f334ad4303aa6b?s=96&d=mm&r=g","url":"https:\/\/secure.gravatar.com\/avatar\/e0a867bdedb85fd243eadf09663511f96fc81e0720a4a42581f334ad4303aa6b?s=96&d=mm&r=g","contentUrl":"https:\/\/secure.gravatar.com\/avatar\/e0a867bdedb85fd243eadf09663511f96fc81e0720a4a42581f334ad4303aa6b?s=96&d=mm&r=g","caption":"Reda\u00e7\u00e3o"}}]}},"amp_enabled":true,"_links":{"self":[{"href":"https:\/\/www.notibras.com\/site\/wp-json\/wp\/v2\/posts\/130395","targetHints":{"allow":["GET"]}}],"collection":[{"href":"https:\/\/www.notibras.com\/site\/wp-json\/wp\/v2\/posts"}],"about":[{"href":"https:\/\/www.notibras.com\/site\/wp-json\/wp\/v2\/types\/post"}],"author":[{"embeddable":true,"href":"https:\/\/www.notibras.com\/site\/wp-json\/wp\/v2\/users\/2"}],"replies":[{"embeddable":true,"href":"https:\/\/www.notibras.com\/site\/wp-json\/wp\/v2\/comments?post=130395"}],"version-history":[{"count":3,"href":"https:\/\/www.notibras.com\/site\/wp-json\/wp\/v2\/posts\/130395\/revisions"}],"predecessor-version":[{"id":130399,"href":"https:\/\/www.notibras.com\/site\/wp-json\/wp\/v2\/posts\/130395\/revisions\/130399"}],"wp:featuredmedia":[{"embeddable":true,"href":"https:\/\/www.notibras.com\/site\/wp-json\/wp\/v2\/media\/130396"}],"wp:attachment":[{"href":"https:\/\/www.notibras.com\/site\/wp-json\/wp\/v2\/media?parent=130395"}],"wp:term":[{"taxonomy":"category","embeddable":true,"href":"https:\/\/www.notibras.com\/site\/wp-json\/wp\/v2\/categories?post=130395"},{"taxonomy":"post_tag","embeddable":true,"href":"https:\/\/www.notibras.com\/site\/wp-json\/wp\/v2\/tags?post=130395"}],"curies":[{"name":"wp","href":"https:\/\/api.w.org\/{rel}","templated":true}]}}