{"id":13040,"date":"2014-06-11T02:24:41","date_gmt":"2014-06-11T05:24:41","guid":{"rendered":"http:\/\/www.notibras.com\/site\/?p=13040"},"modified":"2014-06-11T02:34:52","modified_gmt":"2014-06-11T05:34:52","slug":"fantastico-presidente-da-camara-vai-bater-de-frente-contra-a-ficcao","status":"publish","type":"post","link":"https:\/\/www.notibras.com\/site\/fantastico-presidente-da-camara-vai-bater-de-frente-contra-a-ficcao\/","title":{"rendered":"Fant\u00e1stico. Presidente da C\u00e2mara vai bater de frente com a fic\u00e7\u00e3o"},"content":{"rendered":"<p>O presidente da C\u00e2mara dos Deputados, Henrique Eduardo Alves (PMDB-RN), anunciou que vai entrar com uma representa\u00e7\u00e3o no Conselho Nacional de Justi\u00e7a (CNJ) contra o juiz M\u00e1rlon Ribeiro, autor do livro <em>O Nobre Deputado<\/em>.<\/p>\n<p>Em pronunciamento, Alves rebateu reportagem exibida pelo programa <em>Fant\u00e1stico<\/em>, da Rede Globo, sobre o livro, que retrata um deputado fict\u00edcio, chamado C\u00e2ndido Pe\u00e7anha, que compra votos, desvia recursos p\u00fablicos e pratica diversos atos de corrup\u00e7\u00e3o.<\/p>\n<p>No pronunciamento, a reportagem, segundo Alves, incorre em \u201cden\u00fancias gen\u00e9ricas, sem indica\u00e7\u00e3o de nomes, minam as institui\u00e7\u00f5es fundamentais\u201d e \u201crefor\u00e7a nos eleitores a falsa ideia de que a pol\u00edtica nada lhes serve\u201d.<\/p>\n<p>Parlamentares da oposi\u00e7\u00e3o e da situa\u00e7\u00e3o tamb\u00e9m chamaram de \u201cgen\u00e9ricas\u201d as informa\u00e7\u00f5es apresentadas pela reportagem.\u00a0 O presidente da C\u00e2mara criticou ainda o uso de imagens das sess\u00f5es da C\u00e2mara dos Deputados para ilustrar a atua\u00e7\u00e3o do personagem. \u201cAs diversas alus\u00f5es a um deputado fict\u00edcio, associadas a repetidas imagens no plen\u00e1rio da C\u00e2mara dos Deputados e do Pal\u00e1cio do Congresso traduzem exerc\u00edcio impr\u00f3prio do direito de informar: sem possibilitar o direito de defesa, vilipendiam a imagem do Parlamento.\u201d<\/p>\n<blockquote><p>Ap\u00f3s o pronunciamento, os deputados fizeram um apelo para que Alves entrasse com um pedido de direito de resposta na emissora. O l\u00edder do DEM, deputado Mendon\u00e7a Filho (DEM-PE), disse que a den\u00fancia era grav\u00edssima e cobrou que o juiz prove o que relatado no livro. \u201cSe porventura existe algu\u00e9m cometendo uma irregularidade que se aponte\u201d. J\u00e1 o vice-presidente da C\u00e2mara, Arlindo Chinaglia (PT-SP), defendeu, que al\u00e9m da representa\u00e7\u00e3o no CNJ, o juiz seja convidado a falar no Parlamento. \u201cCaso as den\u00fancias sejam ver\u00eddicas, que se abra comiss\u00e3o parlamentar de inqu\u00e9rito (CPI), ou se tome outras medidas cab\u00edveis,\u201d argumentou.<\/p><\/blockquote>\n<p>O deputado Chico Alencar (PSOL-RJ) saiu em defesa do juiz e alegou que os deputados est\u00e3o extrapolando, uma vez que a reportagem \u00e9 \u201cbaseada, no livro do juiz, que \u00e9 uma obra de fic\u00e7\u00e3o com elementos da realidade, mas que apresenta as coisas de forma gen\u00e9rica&#8221;, disse, por\u00e9m criticou a reportagem.<\/p>\n<div class=\"node-info\"><strong>Luciano Nascimento, ABr<\/strong><\/div>\n","protected":false},"excerpt":{"rendered":"<p>O presidente da C\u00e2mara dos Deputados, Henrique Eduardo Alves (PMDB-RN), anunciou que vai entrar com uma representa\u00e7\u00e3o no Conselho Nacional de Justi\u00e7a (CNJ) contra o juiz M\u00e1rlon Ribeiro, autor do livro O Nobre Deputado. Em pronunciamento, Alves rebateu reportagem exibida pelo programa Fant\u00e1stico, da Rede Globo, sobre o livro, que retrata um deputado fict\u00edcio, chamado [&hellip;]<\/p>\n","protected":false},"author":2,"featured_media":13041,"comment_status":"open","ping_status":"closed","sticky":false,"template":"","format":"standard","meta":{"_acf_changed":false,"footnotes":""},"categories":[16],"tags":[],"class_list":["post-13040","post","type-post","status-publish","format-standard","has-post-thumbnail","hentry","category-brasil"],"acf":[],"yoast_head":"<!-- This site is optimized with the Yoast SEO plugin v27.2 - https:\/\/yoast.com\/product\/yoast-seo-wordpress\/ -->\n<title>Fant\u00e1stico. Presidente da C\u00e2mara vai bater de frente com a fic\u00e7\u00e3o - Notibras<\/title>\n<meta name=\"robots\" content=\"index, follow, max-snippet:-1, max-image-preview:large, max-video-preview:-1\" \/>\n<link rel=\"canonical\" href=\"https:\/\/www.notibras.com\/site\/fantastico-presidente-da-camara-vai-bater-de-frente-contra-a-ficcao\/\" \/>\n<meta property=\"og:locale\" content=\"pt_BR\" \/>\n<meta property=\"og:type\" content=\"article\" \/>\n<meta property=\"og:title\" content=\"Fant\u00e1stico. Presidente da C\u00e2mara vai bater de frente com a fic\u00e7\u00e3o - Notibras\" \/>\n<meta property=\"og:description\" content=\"O presidente da C\u00e2mara dos Deputados, Henrique Eduardo Alves (PMDB-RN), anunciou que vai entrar com uma representa\u00e7\u00e3o no Conselho Nacional de Justi\u00e7a (CNJ) contra o juiz M\u00e1rlon Ribeiro, autor do livro O Nobre Deputado. Em pronunciamento, Alves rebateu reportagem exibida pelo programa Fant\u00e1stico, da Rede Globo, sobre o livro, que retrata um deputado fict\u00edcio, chamado [&hellip;]\" \/>\n<meta property=\"og:url\" content=\"https:\/\/www.notibras.com\/site\/fantastico-presidente-da-camara-vai-bater-de-frente-contra-a-ficcao\/\" \/>\n<meta property=\"og:site_name\" content=\"Notibras\" \/>\n<meta property=\"article:publisher\" content=\"https:\/\/www.facebook.com\/notibras\/\" \/>\n<meta property=\"article:published_time\" content=\"2014-06-11T05:24:41+00:00\" \/>\n<meta property=\"article:modified_time\" content=\"2014-06-11T05:34:52+00:00\" \/>\n<meta property=\"og:image\" content=\"https:\/\/www.notibras.com\/site\/wp-content\/uploads\/2014\/06\/dep-Henrique-Eduardo-Alves2.jpg\" \/>\n\t<meta property=\"og:image:width\" content=\"445\" \/>\n\t<meta property=\"og:image:height\" content=\"379\" \/>\n\t<meta property=\"og:image:type\" content=\"image\/jpeg\" \/>\n<meta name=\"author\" content=\"Reda\u00e7\u00e3o\" \/>\n<meta name=\"twitter:card\" content=\"summary_large_image\" \/>\n<meta name=\"twitter:creator\" content=\"@Notibras\" \/>\n<meta name=\"twitter:site\" content=\"@Notibras\" \/>\n<meta name=\"twitter:label1\" content=\"Escrito por\" \/>\n\t<meta name=\"twitter:data1\" content=\"Reda\u00e7\u00e3o\" \/>\n\t<meta name=\"twitter:label2\" content=\"Est. tempo de leitura\" \/>\n\t<meta name=\"twitter:data2\" content=\"2 minutos\" \/>\n<script type=\"application\/ld+json\" class=\"yoast-schema-graph\">{\"@context\":\"https:\/\/schema.org\",\"@graph\":[{\"@type\":\"Article\",\"@id\":\"https:\/\/www.notibras.com\/site\/fantastico-presidente-da-camara-vai-bater-de-frente-contra-a-ficcao\/#article\",\"isPartOf\":{\"@id\":\"https:\/\/www.notibras.com\/site\/fantastico-presidente-da-camara-vai-bater-de-frente-contra-a-ficcao\/\"},\"author\":{\"name\":\"Reda\u00e7\u00e3o\",\"@id\":\"https:\/\/www.notibras.com\/site\/#\/schema\/person\/36ab0979449956132d3e5b517ea76ac8\"},\"headline\":\"Fant\u00e1stico. Presidente da C\u00e2mara vai bater de frente com a fic\u00e7\u00e3o\",\"datePublished\":\"2014-06-11T05:24:41+00:00\",\"dateModified\":\"2014-06-11T05:34:52+00:00\",\"mainEntityOfPage\":{\"@id\":\"https:\/\/www.notibras.com\/site\/fantastico-presidente-da-camara-vai-bater-de-frente-contra-a-ficcao\/\"},\"wordCount\":393,\"commentCount\":0,\"publisher\":{\"@id\":\"https:\/\/www.notibras.com\/site\/#organization\"},\"image\":{\"@id\":\"https:\/\/www.notibras.com\/site\/fantastico-presidente-da-camara-vai-bater-de-frente-contra-a-ficcao\/#primaryimage\"},\"thumbnailUrl\":\"https:\/\/www.notibras.com\/site\/wp-content\/uploads\/2014\/06\/dep-Henrique-Eduardo-Alves2.jpg\",\"articleSection\":[\"Brasil\"],\"inLanguage\":\"pt-BR\",\"potentialAction\":[{\"@type\":\"CommentAction\",\"name\":\"Comment\",\"target\":[\"https:\/\/www.notibras.com\/site\/fantastico-presidente-da-camara-vai-bater-de-frente-contra-a-ficcao\/#respond\"]}]},{\"@type\":\"WebPage\",\"@id\":\"https:\/\/www.notibras.com\/site\/fantastico-presidente-da-camara-vai-bater-de-frente-contra-a-ficcao\/\",\"url\":\"https:\/\/www.notibras.com\/site\/fantastico-presidente-da-camara-vai-bater-de-frente-contra-a-ficcao\/\",\"name\":\"Fant\u00e1stico. Presidente da C\u00e2mara vai bater de frente com a fic\u00e7\u00e3o - Notibras\",\"isPartOf\":{\"@id\":\"https:\/\/www.notibras.com\/site\/#website\"},\"primaryImageOfPage\":{\"@id\":\"https:\/\/www.notibras.com\/site\/fantastico-presidente-da-camara-vai-bater-de-frente-contra-a-ficcao\/#primaryimage\"},\"image\":{\"@id\":\"https:\/\/www.notibras.com\/site\/fantastico-presidente-da-camara-vai-bater-de-frente-contra-a-ficcao\/#primaryimage\"},\"thumbnailUrl\":\"https:\/\/www.notibras.com\/site\/wp-content\/uploads\/2014\/06\/dep-Henrique-Eduardo-Alves2.jpg\",\"datePublished\":\"2014-06-11T05:24:41+00:00\",\"dateModified\":\"2014-06-11T05:34:52+00:00\",\"breadcrumb\":{\"@id\":\"https:\/\/www.notibras.com\/site\/fantastico-presidente-da-camara-vai-bater-de-frente-contra-a-ficcao\/#breadcrumb\"},\"inLanguage\":\"pt-BR\",\"potentialAction\":[{\"@type\":\"ReadAction\",\"target\":[\"https:\/\/www.notibras.com\/site\/fantastico-presidente-da-camara-vai-bater-de-frente-contra-a-ficcao\/\"]}]},{\"@type\":\"ImageObject\",\"inLanguage\":\"pt-BR\",\"@id\":\"https:\/\/www.notibras.com\/site\/fantastico-presidente-da-camara-vai-bater-de-frente-contra-a-ficcao\/#primaryimage\",\"url\":\"https:\/\/www.notibras.com\/site\/wp-content\/uploads\/2014\/06\/dep-Henrique-Eduardo-Alves2.jpg\",\"contentUrl\":\"https:\/\/www.notibras.com\/site\/wp-content\/uploads\/2014\/06\/dep-Henrique-Eduardo-Alves2.jpg\",\"width\":445,\"height\":379},{\"@type\":\"BreadcrumbList\",\"@id\":\"https:\/\/www.notibras.com\/site\/fantastico-presidente-da-camara-vai-bater-de-frente-contra-a-ficcao\/#breadcrumb\",\"itemListElement\":[{\"@type\":\"ListItem\",\"position\":1,\"name\":\"In\u00edcio\",\"item\":\"https:\/\/www.notibras.com\/site\/\"},{\"@type\":\"ListItem\",\"position\":2,\"name\":\"Fant\u00e1stico. Presidente da C\u00e2mara vai bater de frente com a fic\u00e7\u00e3o\"}]},{\"@type\":\"WebSite\",\"@id\":\"https:\/\/www.notibras.com\/site\/#website\",\"url\":\"https:\/\/www.notibras.com\/site\/\",\"name\":\"Notibras\",\"description\":\"Not\u00edcias de Bras\u00edlia, do Brasil e do Mundo\",\"publisher\":{\"@id\":\"https:\/\/www.notibras.com\/site\/#organization\"},\"potentialAction\":[{\"@type\":\"SearchAction\",\"target\":{\"@type\":\"EntryPoint\",\"urlTemplate\":\"https:\/\/www.notibras.com\/site\/?s={search_term_string}\"},\"query-input\":{\"@type\":\"PropertyValueSpecification\",\"valueRequired\":true,\"valueName\":\"search_term_string\"}}],\"inLanguage\":\"pt-BR\"},{\"@type\":\"Organization\",\"@id\":\"https:\/\/www.notibras.com\/site\/#organization\",\"name\":\"Grupo Notibras de Comunica\u00e7\u00e3o\",\"url\":\"https:\/\/www.notibras.com\/site\/\",\"logo\":{\"@type\":\"ImageObject\",\"inLanguage\":\"pt-BR\",\"@id\":\"https:\/\/www.notibras.com\/site\/#\/schema\/logo\/image\/\",\"url\":\"https:\/\/www.notibras.com\/site\/wp-content\/uploads\/2023\/01\/notibras23.png\",\"contentUrl\":\"https:\/\/www.notibras.com\/site\/wp-content\/uploads\/2023\/01\/notibras23.png\",\"width\":350,\"height\":87,\"caption\":\"Grupo Notibras de Comunica\u00e7\u00e3o\"},\"image\":{\"@id\":\"https:\/\/www.notibras.com\/site\/#\/schema\/logo\/image\/\"},\"sameAs\":[\"https:\/\/www.facebook.com\/notibras\/\",\"https:\/\/x.com\/Notibras\",\"https:\/\/www.instagram.com\/notibras\/\"]},{\"@type\":\"Person\",\"@id\":\"https:\/\/www.notibras.com\/site\/#\/schema\/person\/36ab0979449956132d3e5b517ea76ac8\",\"name\":\"Reda\u00e7\u00e3o\",\"image\":{\"@type\":\"ImageObject\",\"inLanguage\":\"pt-BR\",\"@id\":\"https:\/\/secure.gravatar.com\/avatar\/e0a867bdedb85fd243eadf09663511f96fc81e0720a4a42581f334ad4303aa6b?s=96&d=mm&r=g\",\"url\":\"https:\/\/secure.gravatar.com\/avatar\/e0a867bdedb85fd243eadf09663511f96fc81e0720a4a42581f334ad4303aa6b?s=96&d=mm&r=g\",\"contentUrl\":\"https:\/\/secure.gravatar.com\/avatar\/e0a867bdedb85fd243eadf09663511f96fc81e0720a4a42581f334ad4303aa6b?s=96&d=mm&r=g\",\"caption\":\"Reda\u00e7\u00e3o\"}}]}<\/script>\n<!-- \/ Yoast SEO plugin. -->","yoast_head_json":{"title":"Fant\u00e1stico. Presidente da C\u00e2mara vai bater de frente com a fic\u00e7\u00e3o - Notibras","robots":{"index":"index","follow":"follow","max-snippet":"max-snippet:-1","max-image-preview":"max-image-preview:large","max-video-preview":"max-video-preview:-1"},"canonical":"https:\/\/www.notibras.com\/site\/fantastico-presidente-da-camara-vai-bater-de-frente-contra-a-ficcao\/","og_locale":"pt_BR","og_type":"article","og_title":"Fant\u00e1stico. Presidente da C\u00e2mara vai bater de frente com a fic\u00e7\u00e3o - Notibras","og_description":"O presidente da C\u00e2mara dos Deputados, Henrique Eduardo Alves (PMDB-RN), anunciou que vai entrar com uma representa\u00e7\u00e3o no Conselho Nacional de Justi\u00e7a (CNJ) contra o juiz M\u00e1rlon Ribeiro, autor do livro O Nobre Deputado. Em pronunciamento, Alves rebateu reportagem exibida pelo programa Fant\u00e1stico, da Rede Globo, sobre o livro, que retrata um deputado fict\u00edcio, chamado [&hellip;]","og_url":"https:\/\/www.notibras.com\/site\/fantastico-presidente-da-camara-vai-bater-de-frente-contra-a-ficcao\/","og_site_name":"Notibras","article_publisher":"https:\/\/www.facebook.com\/notibras\/","article_published_time":"2014-06-11T05:24:41+00:00","article_modified_time":"2014-06-11T05:34:52+00:00","og_image":[{"width":445,"height":379,"url":"https:\/\/www.notibras.com\/site\/wp-content\/uploads\/2014\/06\/dep-Henrique-Eduardo-Alves2.jpg","type":"image\/jpeg"}],"author":"Reda\u00e7\u00e3o","twitter_card":"summary_large_image","twitter_creator":"@Notibras","twitter_site":"@Notibras","twitter_misc":{"Escrito por":"Reda\u00e7\u00e3o","Est. tempo de leitura":"2 minutos"},"schema":{"@context":"https:\/\/schema.org","@graph":[{"@type":"Article","@id":"https:\/\/www.notibras.com\/site\/fantastico-presidente-da-camara-vai-bater-de-frente-contra-a-ficcao\/#article","isPartOf":{"@id":"https:\/\/www.notibras.com\/site\/fantastico-presidente-da-camara-vai-bater-de-frente-contra-a-ficcao\/"},"author":{"name":"Reda\u00e7\u00e3o","@id":"https:\/\/www.notibras.com\/site\/#\/schema\/person\/36ab0979449956132d3e5b517ea76ac8"},"headline":"Fant\u00e1stico. Presidente da C\u00e2mara vai bater de frente com a fic\u00e7\u00e3o","datePublished":"2014-06-11T05:24:41+00:00","dateModified":"2014-06-11T05:34:52+00:00","mainEntityOfPage":{"@id":"https:\/\/www.notibras.com\/site\/fantastico-presidente-da-camara-vai-bater-de-frente-contra-a-ficcao\/"},"wordCount":393,"commentCount":0,"publisher":{"@id":"https:\/\/www.notibras.com\/site\/#organization"},"image":{"@id":"https:\/\/www.notibras.com\/site\/fantastico-presidente-da-camara-vai-bater-de-frente-contra-a-ficcao\/#primaryimage"},"thumbnailUrl":"https:\/\/www.notibras.com\/site\/wp-content\/uploads\/2014\/06\/dep-Henrique-Eduardo-Alves2.jpg","articleSection":["Brasil"],"inLanguage":"pt-BR","potentialAction":[{"@type":"CommentAction","name":"Comment","target":["https:\/\/www.notibras.com\/site\/fantastico-presidente-da-camara-vai-bater-de-frente-contra-a-ficcao\/#respond"]}]},{"@type":"WebPage","@id":"https:\/\/www.notibras.com\/site\/fantastico-presidente-da-camara-vai-bater-de-frente-contra-a-ficcao\/","url":"https:\/\/www.notibras.com\/site\/fantastico-presidente-da-camara-vai-bater-de-frente-contra-a-ficcao\/","name":"Fant\u00e1stico. Presidente da C\u00e2mara vai bater de frente com a fic\u00e7\u00e3o - Notibras","isPartOf":{"@id":"https:\/\/www.notibras.com\/site\/#website"},"primaryImageOfPage":{"@id":"https:\/\/www.notibras.com\/site\/fantastico-presidente-da-camara-vai-bater-de-frente-contra-a-ficcao\/#primaryimage"},"image":{"@id":"https:\/\/www.notibras.com\/site\/fantastico-presidente-da-camara-vai-bater-de-frente-contra-a-ficcao\/#primaryimage"},"thumbnailUrl":"https:\/\/www.notibras.com\/site\/wp-content\/uploads\/2014\/06\/dep-Henrique-Eduardo-Alves2.jpg","datePublished":"2014-06-11T05:24:41+00:00","dateModified":"2014-06-11T05:34:52+00:00","breadcrumb":{"@id":"https:\/\/www.notibras.com\/site\/fantastico-presidente-da-camara-vai-bater-de-frente-contra-a-ficcao\/#breadcrumb"},"inLanguage":"pt-BR","potentialAction":[{"@type":"ReadAction","target":["https:\/\/www.notibras.com\/site\/fantastico-presidente-da-camara-vai-bater-de-frente-contra-a-ficcao\/"]}]},{"@type":"ImageObject","inLanguage":"pt-BR","@id":"https:\/\/www.notibras.com\/site\/fantastico-presidente-da-camara-vai-bater-de-frente-contra-a-ficcao\/#primaryimage","url":"https:\/\/www.notibras.com\/site\/wp-content\/uploads\/2014\/06\/dep-Henrique-Eduardo-Alves2.jpg","contentUrl":"https:\/\/www.notibras.com\/site\/wp-content\/uploads\/2014\/06\/dep-Henrique-Eduardo-Alves2.jpg","width":445,"height":379},{"@type":"BreadcrumbList","@id":"https:\/\/www.notibras.com\/site\/fantastico-presidente-da-camara-vai-bater-de-frente-contra-a-ficcao\/#breadcrumb","itemListElement":[{"@type":"ListItem","position":1,"name":"In\u00edcio","item":"https:\/\/www.notibras.com\/site\/"},{"@type":"ListItem","position":2,"name":"Fant\u00e1stico. Presidente da C\u00e2mara vai bater de frente com a fic\u00e7\u00e3o"}]},{"@type":"WebSite","@id":"https:\/\/www.notibras.com\/site\/#website","url":"https:\/\/www.notibras.com\/site\/","name":"Notibras","description":"Not\u00edcias de Bras\u00edlia, do Brasil e do Mundo","publisher":{"@id":"https:\/\/www.notibras.com\/site\/#organization"},"potentialAction":[{"@type":"SearchAction","target":{"@type":"EntryPoint","urlTemplate":"https:\/\/www.notibras.com\/site\/?s={search_term_string}"},"query-input":{"@type":"PropertyValueSpecification","valueRequired":true,"valueName":"search_term_string"}}],"inLanguage":"pt-BR"},{"@type":"Organization","@id":"https:\/\/www.notibras.com\/site\/#organization","name":"Grupo Notibras de Comunica\u00e7\u00e3o","url":"https:\/\/www.notibras.com\/site\/","logo":{"@type":"ImageObject","inLanguage":"pt-BR","@id":"https:\/\/www.notibras.com\/site\/#\/schema\/logo\/image\/","url":"https:\/\/www.notibras.com\/site\/wp-content\/uploads\/2023\/01\/notibras23.png","contentUrl":"https:\/\/www.notibras.com\/site\/wp-content\/uploads\/2023\/01\/notibras23.png","width":350,"height":87,"caption":"Grupo Notibras de Comunica\u00e7\u00e3o"},"image":{"@id":"https:\/\/www.notibras.com\/site\/#\/schema\/logo\/image\/"},"sameAs":["https:\/\/www.facebook.com\/notibras\/","https:\/\/x.com\/Notibras","https:\/\/www.instagram.com\/notibras\/"]},{"@type":"Person","@id":"https:\/\/www.notibras.com\/site\/#\/schema\/person\/36ab0979449956132d3e5b517ea76ac8","name":"Reda\u00e7\u00e3o","image":{"@type":"ImageObject","inLanguage":"pt-BR","@id":"https:\/\/secure.gravatar.com\/avatar\/e0a867bdedb85fd243eadf09663511f96fc81e0720a4a42581f334ad4303aa6b?s=96&d=mm&r=g","url":"https:\/\/secure.gravatar.com\/avatar\/e0a867bdedb85fd243eadf09663511f96fc81e0720a4a42581f334ad4303aa6b?s=96&d=mm&r=g","contentUrl":"https:\/\/secure.gravatar.com\/avatar\/e0a867bdedb85fd243eadf09663511f96fc81e0720a4a42581f334ad4303aa6b?s=96&d=mm&r=g","caption":"Reda\u00e7\u00e3o"}}]}},"amp_enabled":true,"_links":{"self":[{"href":"https:\/\/www.notibras.com\/site\/wp-json\/wp\/v2\/posts\/13040","targetHints":{"allow":["GET"]}}],"collection":[{"href":"https:\/\/www.notibras.com\/site\/wp-json\/wp\/v2\/posts"}],"about":[{"href":"https:\/\/www.notibras.com\/site\/wp-json\/wp\/v2\/types\/post"}],"author":[{"embeddable":true,"href":"https:\/\/www.notibras.com\/site\/wp-json\/wp\/v2\/users\/2"}],"replies":[{"embeddable":true,"href":"https:\/\/www.notibras.com\/site\/wp-json\/wp\/v2\/comments?post=13040"}],"version-history":[{"count":0,"href":"https:\/\/www.notibras.com\/site\/wp-json\/wp\/v2\/posts\/13040\/revisions"}],"wp:featuredmedia":[{"embeddable":true,"href":"https:\/\/www.notibras.com\/site\/wp-json\/wp\/v2\/media\/13041"}],"wp:attachment":[{"href":"https:\/\/www.notibras.com\/site\/wp-json\/wp\/v2\/media?parent=13040"}],"wp:term":[{"taxonomy":"category","embeddable":true,"href":"https:\/\/www.notibras.com\/site\/wp-json\/wp\/v2\/categories?post=13040"},{"taxonomy":"post_tag","embeddable":true,"href":"https:\/\/www.notibras.com\/site\/wp-json\/wp\/v2\/tags?post=13040"}],"curies":[{"name":"wp","href":"https:\/\/api.w.org\/{rel}","templated":true}]}}