{"id":130458,"date":"2017-03-01T06:27:55","date_gmt":"2017-03-01T09:27:55","guid":{"rendered":"http:\/\/www.notibras.com\/site\/?p=130458"},"modified":"2017-03-01T06:27:55","modified_gmt":"2017-03-01T09:27:55","slug":"momo-sai-de-cena-para-dar-lugar-pressao-sobre-lula","status":"publish","type":"post","link":"https:\/\/www.notibras.com\/site\/momo-sai-de-cena-para-dar-lugar-pressao-sobre-lula\/","title":{"rendered":"Momo sai de cena para dar lugar a press\u00e3o sobre Lula"},"content":{"rendered":"<p><strong>Patricia Faermann<\/strong><\/p>\n<p>Os jornais amanheceram no \u00faltimo dia de festejos de carnaval anunciando o que aguardam para os pr\u00f3ximos acontecimentos do ano: a condena\u00e7\u00e3o do ex-presidente Luiz In\u00e1cio Lula da Silva. N\u00e3o \u00e0 toa ou coincid\u00eancias, que a Folha de S. Paulo manchetou \u201cPelo prazo m\u00e9dio da Lava Jato, Lula pode ficar ineleg\u00edvel durante elei\u00e7\u00e3o\u201c, enquanto o Estado de S. Paulo dedicou editorial \u00e0 press\u00e3o direta.<\/p>\n<p>S\u00e3o desdobramentos de uma entrevista h\u00e1 quase uma semana do ex-ministro Gilberto Carvalho, afirmando o que todos j\u00e1 sabiam: \u201cLava Jato far\u00e1 de tudo para condenar Lula\u201c, disse ao Valor. Sintetizava a expectativa do pr\u00f3prio ex-presidente e de todos seus aliados, de que a inten\u00e7\u00e3o dos investigadores e do juiz S\u00e9rgio Moro era conden\u00e1-lo na primeira inst\u00e2ncia, deixando-o ineleg\u00edvel.<\/p>\n<p>Entretanto, acrescentava Carvalho, em trecho ainda mais importante da entrevista: \u201cNa primeira inst\u00e2ncia, podem conden\u00e1-lo. Mas a repercuss\u00e3o e a nossa guerra ser\u00e1 tanta que apostamos que na segunda inst\u00e2ncia possamos reverter [a condena\u00e7\u00e3o], e tamb\u00e9m nos tribunais superiores. Lula, ao fim e ao cabo, ser\u00e1 candidato\u201d.<\/p>\n<p>Mas essa parte foi ignorada. A repercuss\u00e3o foi mesmo da inelegibilidade nos jornais, que aguardaram para recuperar a entrevista logo no fim do carnaval, iniciando \u201coficialmente\u201d o ano. \u201cO desespero do PT\u201c, \u00e9 o t\u00edtulo do editorial do Estad\u00e3o nesta manh\u00e3, que preferiu transferir os \u00e2nimos do jornal para o partido, em interpreta\u00e7\u00e3o.<\/p>\n<p>\u201cO Partido dos Trabalhadores (PT), que, mais do que nunca, n\u00e3o passa de um ap\u00eandice de Luiz In\u00e1cio Lula da Silva, deflagrar\u00e1 uma \u201cguerra\u201d caso seu timoneiro seja condenado pela Justi\u00e7a em algum dos diversos processos nos quais \u00e9 r\u00e9u\u201d, iniciou o di\u00e1rio.<\/p>\n<p>O espa\u00e7o opinativo se debru\u00e7a naquilo que o ex-ministro Gilberto Carvalho poderia ter falado ao Valor, mas n\u00e3o falou, o que levanta a impress\u00e3o de que faltavam sustenta\u00e7\u00f5es para o editorial.<\/p>\n<p>\u201cCarvalho n\u00e3o se preocupou, em nenhum momento, em contestar as acusa\u00e7\u00f5es que pesam contra o Padrinho, pois obviamente n\u00e3o \u00e9 disso que se trata \u2013 e se nem os ativos advogados de Lula da Silva conseguem alinhavar argumentos em sua defesa, por que Carvalhinho o faria? Para Carvalho, como para os petistas em geral, o \u00fanico crime pelo qual Lula ser\u00e1 condenado \u00e9 o de ter ajudado os pobres\u201d, continua.<\/p>\n<p>Na entrevista, o ex-ministro deixou claro que a vit\u00f3ria de Lula contra a Lava Jato vir\u00e1 na segunda inst\u00e2ncia, porque j\u00e1 naquela Justi\u00e7a n\u00e3o poder\u00e1 haver espa\u00e7os para erros e abusos judiciais, sob o risco de um crime hist\u00f3rico. \u201cEles pensar\u00e3o duas vezes antes de fazer bobagem\u201d, lembrou, diante da \u00f3bvia rea\u00e7\u00e3o popular em caso de condena\u00e7\u00e3o ou pris\u00e3o do ex-presidente.<\/p>\n<p>Mas a conclus\u00e3o do Estad\u00e3o foi: \u201cN\u00e3o h\u00e1 outra maneira de entender as inspiradas palavras de Carvalho \u2013 leia-se Lula. EleAPOSTA que a m\u00edstica em torno do grande l\u00edder ser\u00e1 capaz de levar a milit\u00e2ncia \u00e0s ruas para intimidar os magistrados. O PT sabe que, se os processos contra Lula forem tratados somente no \u00e2mbito jur\u00eddico, a derrota do petista \u00e9 certa, e n\u00e3o porque a Lava Jato \u201cpersegue\u201d Lula, mas sim porque, ao que tudo indica, sobram provas contra ele\u201d.<\/p>\n<p>Nessa linha, mas em formato \u201cinformativo\u201d publicou a Folha de S. Paulo em suas duas reportagens dedicadas ao tema. Uma delas, direto de Curitiba, a rep\u00f3rter Estelita Hass Carazzai mostra entregar o veredicto da Justi\u00e7a daquela regi\u00e3o: \u201cSe seguirem o ritmo de outros processos, as a\u00e7\u00f5es contra o ex-presidente Luiz In\u00e1cio Lula da Silva que correm pelas m\u00e3os de Sergio Moro podem torn\u00e1-lo ineleg\u00edvel ainda antes do pleito de outubro de 2018\u201d.<\/p>\n<p>Na verdade, o que fez a rep\u00f3rter foi calcular quanto tempo o Tribunal Regional Federal julgou recursos de r\u00e9us contra o juiz S\u00e9rgio Moro. As contas chegaram a 1 ano e 10 meses, desde uma den\u00fancia at\u00e9 o julgamento da segunda inst\u00e2ncia. \u201cMantido esse ritmo, o petista ficaria ineleg\u00edvel em meio \u00e0 campanha de 2018 \u2013entre julho e outubro\u201d.<\/p>\n<p>O jornal n\u00e3o detalhou, entretanto que, ainda que Lula responda a dois processos no Paran\u00e1, pelo apartamento triplex no Guaruj\u00e1 e por suposto benef\u00edcio obtido da Odebrecht, em terreno onde seria a sede do Instituto Lula, cada caso da Lava Jato leva um tempo de investiga\u00e7\u00e3o. E que o andamento da fase de testemunhas pode retroceder as estimativas da imprensa e do Paran\u00e1, uma vez que os depoimentos negam as teses sustentadas.<\/p>\n<p>A outra publica\u00e7\u00e3o do di\u00e1rio paulista \u00e9 assinada por Igor Gielow, antes diretor da sucursal de Bras\u00edlia da Folha, passou recentemente a publicar coluna de opini\u00e3o. Nesta, buscou revestir a publica\u00e7\u00e3o de aparente imparcialidade, porque conversou com \u201cobservadores\u201d para se chegar a conclus\u00e3o.<\/p>\n<p>\u201cApesar dos anos de desgaste, o cen\u00e1rio atual entre observadores prev\u00ea algu\u00e9m da centro-esquerda com chances de ir ao segundo turno em 2018\u201d, inicia. \u201cOs olhos convergem para o ex-presidente Luiz In\u00e1cio Lula da Silva, \u00fanico nome do PT com densidade eleitoral, exceto que o partido aposteem algum derrotado de 2016, como o ex-prefeito paulistano Fernando Haddad\u201d, completa.<\/p>\n<p>J\u00e1 admitindo que o ex-presidente pode, sim, conseguir vencer a Lava Jato, focou o artigo no desgaste para Lula de enfrentar uma campanha pol\u00edtica, ap\u00f3s todos os questionamentos da Lava Jato e press\u00f5es diversas.<\/p>\n<p>A exasperada coluna do Estad\u00e3o, ap\u00f3s insistentemente defender uma indiscut\u00edvel inelegibilidade, chega a conclus\u00e3o de admitir de que o ex-presidente pode sim avan\u00e7ar contra as acusa\u00e7\u00f5es da Lava Jato, mostrando o desespero com os resultados recentes das pesquisas, com as grandes chances de Lula nas elei\u00e7\u00f5es 2018.<\/p>\n<p>N\u00e3o deixando de atirar: \u201cO partido e seu demiurgo n\u00e3o apenas s\u00e3o os respons\u00e1veis pela pior crise econ\u00f4mica da hist\u00f3ria brasileira, mas tamb\u00e9m s\u00e3o as estrelas do maior esc\u00e2ndalo de corrup\u00e7\u00e3o que j\u00e1 se viu no Pa\u00eds.<\/p>\n<p>\u201cO problema \u00e9 que os \u201cfatos alternativos\u201d dos petistas podem n\u00e3o ser suficientes para esconder a dura realidade de que, al\u00e9m de Lula \u2013 que pode n\u00e3o concorrer em raz\u00e3o de seus enroscos com a Justi\u00e7a \u2013, o PT n\u00e3o tem outro candidato. \u2018Depois do Lula, quem?&#8217;\u201d, conclui.<\/p>\n","protected":false},"excerpt":{"rendered":"<p>Patricia Faermann Os jornais amanheceram no \u00faltimo dia de festejos de carnaval anunciando o que aguardam para os pr\u00f3ximos acontecimentos do ano: a condena\u00e7\u00e3o do ex-presidente Luiz In\u00e1cio Lula da Silva. N\u00e3o \u00e0 toa ou coincid\u00eancias, que a Folha de S. Paulo manchetou \u201cPelo prazo m\u00e9dio da Lava Jato, Lula pode ficar ineleg\u00edvel durante elei\u00e7\u00e3o\u201c, [&hellip;]<\/p>\n","protected":false},"author":2,"featured_media":130459,"comment_status":"open","ping_status":"closed","sticky":false,"template":"","format":"standard","meta":{"_acf_changed":false,"footnotes":""},"categories":[25],"tags":[],"class_list":["post-130458","post","type-post","status-publish","format-standard","has-post-thumbnail","hentry","category-opina-ai"],"acf":[],"yoast_head":"<!-- This site is optimized with the Yoast SEO plugin v27.5 - https:\/\/yoast.com\/product\/yoast-seo-wordpress\/ -->\n<title>Momo sai de cena para dar lugar a press\u00e3o sobre Lula - Notibras<\/title>\n<meta name=\"robots\" content=\"index, follow, max-snippet:-1, max-image-preview:large, max-video-preview:-1\" \/>\n<link rel=\"canonical\" href=\"https:\/\/www.notibras.com\/site\/momo-sai-de-cena-para-dar-lugar-pressao-sobre-lula\/\" \/>\n<meta property=\"og:locale\" content=\"pt_BR\" \/>\n<meta property=\"og:type\" content=\"article\" \/>\n<meta property=\"og:title\" content=\"Momo sai de cena para dar lugar a press\u00e3o sobre Lula - Notibras\" \/>\n<meta property=\"og:description\" content=\"Patricia Faermann Os jornais amanheceram no \u00faltimo dia de festejos de carnaval anunciando o que aguardam para os pr\u00f3ximos acontecimentos do ano: a condena\u00e7\u00e3o do ex-presidente Luiz In\u00e1cio Lula da Silva. N\u00e3o \u00e0 toa ou coincid\u00eancias, que a Folha de S. Paulo manchetou \u201cPelo prazo m\u00e9dio da Lava Jato, Lula pode ficar ineleg\u00edvel durante elei\u00e7\u00e3o\u201c, [&hellip;]\" \/>\n<meta property=\"og:url\" content=\"https:\/\/www.notibras.com\/site\/momo-sai-de-cena-para-dar-lugar-pressao-sobre-lula\/\" \/>\n<meta property=\"og:site_name\" content=\"Notibras\" \/>\n<meta property=\"article:publisher\" content=\"https:\/\/www.facebook.com\/notibras\/\" \/>\n<meta property=\"article:published_time\" content=\"2017-03-01T09:27:55+00:00\" \/>\n<meta property=\"og:image\" content=\"https:\/\/www.notibras.com\/site\/wp-content\/uploads\/2017\/03\/20170111122814_mst.jpg\" \/>\n\t<meta property=\"og:image:width\" content=\"848\" \/>\n\t<meta property=\"og:image:height\" content=\"635\" \/>\n\t<meta property=\"og:image:type\" content=\"image\/jpeg\" \/>\n<meta name=\"author\" content=\"Reda\u00e7\u00e3o\" \/>\n<meta name=\"twitter:card\" content=\"summary_large_image\" \/>\n<meta name=\"twitter:creator\" content=\"@Notibras\" \/>\n<meta name=\"twitter:site\" content=\"@Notibras\" \/>\n<meta name=\"twitter:label1\" content=\"Escrito por\" \/>\n\t<meta name=\"twitter:data1\" content=\"Reda\u00e7\u00e3o\" \/>\n\t<meta name=\"twitter:label2\" content=\"Est. tempo de leitura\" \/>\n\t<meta name=\"twitter:data2\" content=\"5 minutos\" \/>\n<script type=\"application\/ld+json\" class=\"yoast-schema-graph\">{\"@context\":\"https:\\\/\\\/schema.org\",\"@graph\":[{\"@type\":\"Article\",\"@id\":\"https:\\\/\\\/www.notibras.com\\\/site\\\/momo-sai-de-cena-para-dar-lugar-pressao-sobre-lula\\\/#article\",\"isPartOf\":{\"@id\":\"https:\\\/\\\/www.notibras.com\\\/site\\\/momo-sai-de-cena-para-dar-lugar-pressao-sobre-lula\\\/\"},\"author\":{\"name\":\"Reda\u00e7\u00e3o\",\"@id\":\"https:\\\/\\\/www.notibras.com\\\/site\\\/#\\\/schema\\\/person\\\/36ab0979449956132d3e5b517ea76ac8\"},\"headline\":\"Momo sai de cena para dar lugar a press\u00e3o sobre Lula\",\"datePublished\":\"2017-03-01T09:27:55+00:00\",\"mainEntityOfPage\":{\"@id\":\"https:\\\/\\\/www.notibras.com\\\/site\\\/momo-sai-de-cena-para-dar-lugar-pressao-sobre-lula\\\/\"},\"wordCount\":1084,\"commentCount\":0,\"publisher\":{\"@id\":\"https:\\\/\\\/www.notibras.com\\\/site\\\/#organization\"},\"image\":{\"@id\":\"https:\\\/\\\/www.notibras.com\\\/site\\\/momo-sai-de-cena-para-dar-lugar-pressao-sobre-lula\\\/#primaryimage\"},\"thumbnailUrl\":\"https:\\\/\\\/www.notibras.com\\\/site\\\/wp-content\\\/uploads\\\/2017\\\/03\\\/20170111122814_mst.jpg\",\"articleSection\":[\"Opina a\u00ed\"],\"inLanguage\":\"pt-BR\",\"potentialAction\":[{\"@type\":\"CommentAction\",\"name\":\"Comment\",\"target\":[\"https:\\\/\\\/www.notibras.com\\\/site\\\/momo-sai-de-cena-para-dar-lugar-pressao-sobre-lula\\\/#respond\"]}]},{\"@type\":\"WebPage\",\"@id\":\"https:\\\/\\\/www.notibras.com\\\/site\\\/momo-sai-de-cena-para-dar-lugar-pressao-sobre-lula\\\/\",\"url\":\"https:\\\/\\\/www.notibras.com\\\/site\\\/momo-sai-de-cena-para-dar-lugar-pressao-sobre-lula\\\/\",\"name\":\"Momo sai de cena para dar lugar a press\u00e3o sobre Lula - Notibras\",\"isPartOf\":{\"@id\":\"https:\\\/\\\/www.notibras.com\\\/site\\\/#website\"},\"primaryImageOfPage\":{\"@id\":\"https:\\\/\\\/www.notibras.com\\\/site\\\/momo-sai-de-cena-para-dar-lugar-pressao-sobre-lula\\\/#primaryimage\"},\"image\":{\"@id\":\"https:\\\/\\\/www.notibras.com\\\/site\\\/momo-sai-de-cena-para-dar-lugar-pressao-sobre-lula\\\/#primaryimage\"},\"thumbnailUrl\":\"https:\\\/\\\/www.notibras.com\\\/site\\\/wp-content\\\/uploads\\\/2017\\\/03\\\/20170111122814_mst.jpg\",\"datePublished\":\"2017-03-01T09:27:55+00:00\",\"breadcrumb\":{\"@id\":\"https:\\\/\\\/www.notibras.com\\\/site\\\/momo-sai-de-cena-para-dar-lugar-pressao-sobre-lula\\\/#breadcrumb\"},\"inLanguage\":\"pt-BR\",\"potentialAction\":[{\"@type\":\"ReadAction\",\"target\":[\"https:\\\/\\\/www.notibras.com\\\/site\\\/momo-sai-de-cena-para-dar-lugar-pressao-sobre-lula\\\/\"]}]},{\"@type\":\"ImageObject\",\"inLanguage\":\"pt-BR\",\"@id\":\"https:\\\/\\\/www.notibras.com\\\/site\\\/momo-sai-de-cena-para-dar-lugar-pressao-sobre-lula\\\/#primaryimage\",\"url\":\"https:\\\/\\\/www.notibras.com\\\/site\\\/wp-content\\\/uploads\\\/2017\\\/03\\\/20170111122814_mst.jpg\",\"contentUrl\":\"https:\\\/\\\/www.notibras.com\\\/site\\\/wp-content\\\/uploads\\\/2017\\\/03\\\/20170111122814_mst.jpg\",\"width\":848,\"height\":635},{\"@type\":\"BreadcrumbList\",\"@id\":\"https:\\\/\\\/www.notibras.com\\\/site\\\/momo-sai-de-cena-para-dar-lugar-pressao-sobre-lula\\\/#breadcrumb\",\"itemListElement\":[{\"@type\":\"ListItem\",\"position\":1,\"name\":\"In\u00edcio\",\"item\":\"https:\\\/\\\/www.notibras.com\\\/site\\\/\"},{\"@type\":\"ListItem\",\"position\":2,\"name\":\"Momo sai de cena para dar lugar a press\u00e3o sobre Lula\"}]},{\"@type\":\"WebSite\",\"@id\":\"https:\\\/\\\/www.notibras.com\\\/site\\\/#website\",\"url\":\"https:\\\/\\\/www.notibras.com\\\/site\\\/\",\"name\":\"Notibras\",\"description\":\"Not\u00edcias de Bras\u00edlia, do Brasil e do Mundo\",\"publisher\":{\"@id\":\"https:\\\/\\\/www.notibras.com\\\/site\\\/#organization\"},\"potentialAction\":[{\"@type\":\"SearchAction\",\"target\":{\"@type\":\"EntryPoint\",\"urlTemplate\":\"https:\\\/\\\/www.notibras.com\\\/site\\\/?s={search_term_string}\"},\"query-input\":{\"@type\":\"PropertyValueSpecification\",\"valueRequired\":true,\"valueName\":\"search_term_string\"}}],\"inLanguage\":\"pt-BR\"},{\"@type\":\"Organization\",\"@id\":\"https:\\\/\\\/www.notibras.com\\\/site\\\/#organization\",\"name\":\"Grupo Notibras de Comunica\u00e7\u00e3o\",\"url\":\"https:\\\/\\\/www.notibras.com\\\/site\\\/\",\"logo\":{\"@type\":\"ImageObject\",\"inLanguage\":\"pt-BR\",\"@id\":\"https:\\\/\\\/www.notibras.com\\\/site\\\/#\\\/schema\\\/logo\\\/image\\\/\",\"url\":\"https:\\\/\\\/www.notibras.com\\\/site\\\/wp-content\\\/uploads\\\/2023\\\/01\\\/notibras23.png\",\"contentUrl\":\"https:\\\/\\\/www.notibras.com\\\/site\\\/wp-content\\\/uploads\\\/2023\\\/01\\\/notibras23.png\",\"width\":350,\"height\":87,\"caption\":\"Grupo Notibras de Comunica\u00e7\u00e3o\"},\"image\":{\"@id\":\"https:\\\/\\\/www.notibras.com\\\/site\\\/#\\\/schema\\\/logo\\\/image\\\/\"},\"sameAs\":[\"https:\\\/\\\/www.facebook.com\\\/notibras\\\/\",\"https:\\\/\\\/x.com\\\/Notibras\",\"https:\\\/\\\/www.instagram.com\\\/notibras\\\/\"]},{\"@type\":\"Person\",\"@id\":\"https:\\\/\\\/www.notibras.com\\\/site\\\/#\\\/schema\\\/person\\\/36ab0979449956132d3e5b517ea76ac8\",\"name\":\"Reda\u00e7\u00e3o\",\"image\":{\"@type\":\"ImageObject\",\"inLanguage\":\"pt-BR\",\"@id\":\"https:\\\/\\\/secure.gravatar.com\\\/avatar\\\/e0a867bdedb85fd243eadf09663511f96fc81e0720a4a42581f334ad4303aa6b?s=96&d=mm&r=g\",\"url\":\"https:\\\/\\\/secure.gravatar.com\\\/avatar\\\/e0a867bdedb85fd243eadf09663511f96fc81e0720a4a42581f334ad4303aa6b?s=96&d=mm&r=g\",\"contentUrl\":\"https:\\\/\\\/secure.gravatar.com\\\/avatar\\\/e0a867bdedb85fd243eadf09663511f96fc81e0720a4a42581f334ad4303aa6b?s=96&d=mm&r=g\",\"caption\":\"Reda\u00e7\u00e3o\"}}]}<\/script>\n<!-- \/ Yoast SEO plugin. -->","yoast_head_json":{"title":"Momo sai de cena para dar lugar a press\u00e3o sobre Lula - Notibras","robots":{"index":"index","follow":"follow","max-snippet":"max-snippet:-1","max-image-preview":"max-image-preview:large","max-video-preview":"max-video-preview:-1"},"canonical":"https:\/\/www.notibras.com\/site\/momo-sai-de-cena-para-dar-lugar-pressao-sobre-lula\/","og_locale":"pt_BR","og_type":"article","og_title":"Momo sai de cena para dar lugar a press\u00e3o sobre Lula - Notibras","og_description":"Patricia Faermann Os jornais amanheceram no \u00faltimo dia de festejos de carnaval anunciando o que aguardam para os pr\u00f3ximos acontecimentos do ano: a condena\u00e7\u00e3o do ex-presidente Luiz In\u00e1cio Lula da Silva. N\u00e3o \u00e0 toa ou coincid\u00eancias, que a Folha de S. Paulo manchetou \u201cPelo prazo m\u00e9dio da Lava Jato, Lula pode ficar ineleg\u00edvel durante elei\u00e7\u00e3o\u201c, [&hellip;]","og_url":"https:\/\/www.notibras.com\/site\/momo-sai-de-cena-para-dar-lugar-pressao-sobre-lula\/","og_site_name":"Notibras","article_publisher":"https:\/\/www.facebook.com\/notibras\/","article_published_time":"2017-03-01T09:27:55+00:00","og_image":[{"width":848,"height":635,"url":"https:\/\/www.notibras.com\/site\/wp-content\/uploads\/2017\/03\/20170111122814_mst.jpg","type":"image\/jpeg"}],"author":"Reda\u00e7\u00e3o","twitter_card":"summary_large_image","twitter_creator":"@Notibras","twitter_site":"@Notibras","twitter_misc":{"Escrito por":"Reda\u00e7\u00e3o","Est. tempo de leitura":"5 minutos"},"schema":{"@context":"https:\/\/schema.org","@graph":[{"@type":"Article","@id":"https:\/\/www.notibras.com\/site\/momo-sai-de-cena-para-dar-lugar-pressao-sobre-lula\/#article","isPartOf":{"@id":"https:\/\/www.notibras.com\/site\/momo-sai-de-cena-para-dar-lugar-pressao-sobre-lula\/"},"author":{"name":"Reda\u00e7\u00e3o","@id":"https:\/\/www.notibras.com\/site\/#\/schema\/person\/36ab0979449956132d3e5b517ea76ac8"},"headline":"Momo sai de cena para dar lugar a press\u00e3o sobre Lula","datePublished":"2017-03-01T09:27:55+00:00","mainEntityOfPage":{"@id":"https:\/\/www.notibras.com\/site\/momo-sai-de-cena-para-dar-lugar-pressao-sobre-lula\/"},"wordCount":1084,"commentCount":0,"publisher":{"@id":"https:\/\/www.notibras.com\/site\/#organization"},"image":{"@id":"https:\/\/www.notibras.com\/site\/momo-sai-de-cena-para-dar-lugar-pressao-sobre-lula\/#primaryimage"},"thumbnailUrl":"https:\/\/www.notibras.com\/site\/wp-content\/uploads\/2017\/03\/20170111122814_mst.jpg","articleSection":["Opina a\u00ed"],"inLanguage":"pt-BR","potentialAction":[{"@type":"CommentAction","name":"Comment","target":["https:\/\/www.notibras.com\/site\/momo-sai-de-cena-para-dar-lugar-pressao-sobre-lula\/#respond"]}]},{"@type":"WebPage","@id":"https:\/\/www.notibras.com\/site\/momo-sai-de-cena-para-dar-lugar-pressao-sobre-lula\/","url":"https:\/\/www.notibras.com\/site\/momo-sai-de-cena-para-dar-lugar-pressao-sobre-lula\/","name":"Momo sai de cena para dar lugar a press\u00e3o sobre Lula - Notibras","isPartOf":{"@id":"https:\/\/www.notibras.com\/site\/#website"},"primaryImageOfPage":{"@id":"https:\/\/www.notibras.com\/site\/momo-sai-de-cena-para-dar-lugar-pressao-sobre-lula\/#primaryimage"},"image":{"@id":"https:\/\/www.notibras.com\/site\/momo-sai-de-cena-para-dar-lugar-pressao-sobre-lula\/#primaryimage"},"thumbnailUrl":"https:\/\/www.notibras.com\/site\/wp-content\/uploads\/2017\/03\/20170111122814_mst.jpg","datePublished":"2017-03-01T09:27:55+00:00","breadcrumb":{"@id":"https:\/\/www.notibras.com\/site\/momo-sai-de-cena-para-dar-lugar-pressao-sobre-lula\/#breadcrumb"},"inLanguage":"pt-BR","potentialAction":[{"@type":"ReadAction","target":["https:\/\/www.notibras.com\/site\/momo-sai-de-cena-para-dar-lugar-pressao-sobre-lula\/"]}]},{"@type":"ImageObject","inLanguage":"pt-BR","@id":"https:\/\/www.notibras.com\/site\/momo-sai-de-cena-para-dar-lugar-pressao-sobre-lula\/#primaryimage","url":"https:\/\/www.notibras.com\/site\/wp-content\/uploads\/2017\/03\/20170111122814_mst.jpg","contentUrl":"https:\/\/www.notibras.com\/site\/wp-content\/uploads\/2017\/03\/20170111122814_mst.jpg","width":848,"height":635},{"@type":"BreadcrumbList","@id":"https:\/\/www.notibras.com\/site\/momo-sai-de-cena-para-dar-lugar-pressao-sobre-lula\/#breadcrumb","itemListElement":[{"@type":"ListItem","position":1,"name":"In\u00edcio","item":"https:\/\/www.notibras.com\/site\/"},{"@type":"ListItem","position":2,"name":"Momo sai de cena para dar lugar a press\u00e3o sobre Lula"}]},{"@type":"WebSite","@id":"https:\/\/www.notibras.com\/site\/#website","url":"https:\/\/www.notibras.com\/site\/","name":"Notibras","description":"Not\u00edcias de Bras\u00edlia, do Brasil e do Mundo","publisher":{"@id":"https:\/\/www.notibras.com\/site\/#organization"},"potentialAction":[{"@type":"SearchAction","target":{"@type":"EntryPoint","urlTemplate":"https:\/\/www.notibras.com\/site\/?s={search_term_string}"},"query-input":{"@type":"PropertyValueSpecification","valueRequired":true,"valueName":"search_term_string"}}],"inLanguage":"pt-BR"},{"@type":"Organization","@id":"https:\/\/www.notibras.com\/site\/#organization","name":"Grupo Notibras de Comunica\u00e7\u00e3o","url":"https:\/\/www.notibras.com\/site\/","logo":{"@type":"ImageObject","inLanguage":"pt-BR","@id":"https:\/\/www.notibras.com\/site\/#\/schema\/logo\/image\/","url":"https:\/\/www.notibras.com\/site\/wp-content\/uploads\/2023\/01\/notibras23.png","contentUrl":"https:\/\/www.notibras.com\/site\/wp-content\/uploads\/2023\/01\/notibras23.png","width":350,"height":87,"caption":"Grupo Notibras de Comunica\u00e7\u00e3o"},"image":{"@id":"https:\/\/www.notibras.com\/site\/#\/schema\/logo\/image\/"},"sameAs":["https:\/\/www.facebook.com\/notibras\/","https:\/\/x.com\/Notibras","https:\/\/www.instagram.com\/notibras\/"]},{"@type":"Person","@id":"https:\/\/www.notibras.com\/site\/#\/schema\/person\/36ab0979449956132d3e5b517ea76ac8","name":"Reda\u00e7\u00e3o","image":{"@type":"ImageObject","inLanguage":"pt-BR","@id":"https:\/\/secure.gravatar.com\/avatar\/e0a867bdedb85fd243eadf09663511f96fc81e0720a4a42581f334ad4303aa6b?s=96&d=mm&r=g","url":"https:\/\/secure.gravatar.com\/avatar\/e0a867bdedb85fd243eadf09663511f96fc81e0720a4a42581f334ad4303aa6b?s=96&d=mm&r=g","contentUrl":"https:\/\/secure.gravatar.com\/avatar\/e0a867bdedb85fd243eadf09663511f96fc81e0720a4a42581f334ad4303aa6b?s=96&d=mm&r=g","caption":"Reda\u00e7\u00e3o"}}]}},"amp_enabled":true,"_links":{"self":[{"href":"https:\/\/www.notibras.com\/site\/wp-json\/wp\/v2\/posts\/130458","targetHints":{"allow":["GET"]}}],"collection":[{"href":"https:\/\/www.notibras.com\/site\/wp-json\/wp\/v2\/posts"}],"about":[{"href":"https:\/\/www.notibras.com\/site\/wp-json\/wp\/v2\/types\/post"}],"author":[{"embeddable":true,"href":"https:\/\/www.notibras.com\/site\/wp-json\/wp\/v2\/users\/2"}],"replies":[{"embeddable":true,"href":"https:\/\/www.notibras.com\/site\/wp-json\/wp\/v2\/comments?post=130458"}],"version-history":[{"count":1,"href":"https:\/\/www.notibras.com\/site\/wp-json\/wp\/v2\/posts\/130458\/revisions"}],"predecessor-version":[{"id":130460,"href":"https:\/\/www.notibras.com\/site\/wp-json\/wp\/v2\/posts\/130458\/revisions\/130460"}],"wp:featuredmedia":[{"embeddable":true,"href":"https:\/\/www.notibras.com\/site\/wp-json\/wp\/v2\/media\/130459"}],"wp:attachment":[{"href":"https:\/\/www.notibras.com\/site\/wp-json\/wp\/v2\/media?parent=130458"}],"wp:term":[{"taxonomy":"category","embeddable":true,"href":"https:\/\/www.notibras.com\/site\/wp-json\/wp\/v2\/categories?post=130458"},{"taxonomy":"post_tag","embeddable":true,"href":"https:\/\/www.notibras.com\/site\/wp-json\/wp\/v2\/tags?post=130458"}],"curies":[{"name":"wp","href":"https:\/\/api.w.org\/{rel}","templated":true}]}}