{"id":130745,"date":"2017-03-03T09:01:43","date_gmt":"2017-03-03T12:01:43","guid":{"rendered":"http:\/\/www.notibras.com\/site\/?p=130745"},"modified":"2017-03-03T09:01:43","modified_gmt":"2017-03-03T12:01:43","slug":"feminismo-e-nazismo-onde-esta-mera-analogia","status":"publish","type":"post","link":"https:\/\/www.notibras.com\/site\/feminismo-e-nazismo-onde-esta-mera-analogia\/","title":{"rendered":"Feminismo e nazismo, onde est\u00e1 a mera analogia?"},"content":{"rendered":"<p><strong>Percival Puggina<\/strong><\/p>\n<p>Impressionado com o que vejo exposto em cartazes e corpos pintados durante manifesta\u00e7\u00f5es feministas, mundo afora, fui atr\u00e1s do termo &#8220;feminazi&#8221;, no Google, e me deparei com diversos conte\u00fados que reprovam o voc\u00e1bulo. Alegam que seria improcedente estabelecer qualquer analogia entre o feminismo e o nazismo. Ah, \u00e9? Ent\u00e3o, vamos a isso.<\/p>\n<p>Houve um feminismo cuja import\u00e2ncia sociol\u00f3gica e econ\u00f4mica n\u00e3o pode ser negada. Abusos e desvios de conduta \u00e0 parte, representou um esfor\u00e7o leg\u00edtimo em favor da dignidade da mulher. No entanto, de algumas d\u00e9cadas para c\u00e1, surgiu um feminismo cujas pautas potencializam os males do machismo. Este, nem em sua express\u00e3o mais vulgar consegue ser t\u00e3o grosseiro e devasso quanto o feminismo das &#8220;feminazis&#8221;.<\/p>\n<p>Com tais caracter\u00edsticas, tinha tudo para virar movimento pol\u00edtico, representante de um grupo social que se diz oprimido, e ser, ent\u00e3o, abra\u00e7ado pela esquerda. Hoje, todo esquerdista comprometido acaba sendo, tamb\u00e9m, feminazi. Ironicamente, o voc\u00e1bulo serve aos dois g\u00eaneros.<\/p>\n<p>Lembram do &#8220;Mam\u00e3efalei&#8221; e de suas entrevistas em v\u00eddeo, muito interessantes, feitas com invasores de escolas? Numa delas, o entrevistador mencionou a certa mo\u00e7a que ela dan\u00e7ava muito bem. A dita cuja, indignada, disparou: &#8220;Machista!&#8221;. Quando ele lhe indagou o motivo daquele r\u00f3tulo, ela, mostrando o treino para a conduta odienta, n\u00e3o parou para pensar: &#8220;Porque eu n\u00e3o autorizei voc\u00ea a me dizer que eu dan\u00e7o bem&#8221;.<\/p>\n<p>Toda(o) feminazi (n\u00e3o v\u00e3o me enlouquecer!) est\u00e1 num jogo de poder, naquele cl\u00e1ssico formato que a esquerda (sempre ela) administra como coisa sua: d\u00edvida hist\u00f3rica, contas a ajustar, \u00f3dios a nutrir e vingan\u00e7as a aplicar. A mocinha expressava exatamente essas convic\u00e7\u00f5es e sentimentos. Dado que os indiv\u00edduos de cromossomos XY teriam oprimido os de cromossomos XX, atrav\u00e9s dos mil\u00eanios (o que n\u00e3o foi verdadeiro em todas culturas), gerou-se um d\u00e9bito que come\u00e7ou a ser acumulado nas cavernas e uma agravante onipresente nas rela\u00e7\u00f5es entre homens e mulheres.<\/p>\n<p>Como produto dessa interpreta\u00e7\u00e3o, desenvolve-se um \u00f3dio de g\u00eanero e uma criminaliza\u00e7\u00e3o da condi\u00e7\u00e3o masculina, buscando a invers\u00e3o do quadro anterior para a futura preval\u00eancia de um poder feminino na pol\u00edtica e no direito. Voil\u00e1! Ficou claro, agora? O que no nazismo era representado pela ra\u00e7a, no feminazismo \u00e9 representado pelo sexo. Leiam os cartazes e os corpos que comparecem pintados \u00e0s suas manifesta\u00e7\u00f5es. Pode ser que exista neles e nos louvores \u00e0 genit\u00e1lia feminina alguma sutil men\u00e7\u00e3o a algo t\u00e3o propriamente da mulher como a maternidade, a gera\u00e7\u00e3o, a cria\u00e7\u00e3o de filhos e a amamenta\u00e7\u00e3o. Nunca vi. Mas se houvesse, seria algo tipo &#8220;Meu leite, minhas regras!&#8221;.<\/p>\n<p>Quando mencionei os feminazis, veio-me \u00e0 mente o ministro Roberto Barroso, do STF que, em recente voto favor\u00e1vel a realiza\u00e7\u00e3o de um aborto, afirmou que tais atos deveriam de livre decis\u00e3o feminina, assegurada em nome do princ\u00edpio constitucional da igualdade, porque homens n\u00e3o engravidam. Viram o que Deus fez? Imagino que, analogamente, por decorr\u00eancia do mesmo princ\u00edpio, os homens deveriam menstruar ou, as mulheres, parar de ovular. E vamos ficar por aqui, ministro.<\/p>\n<p>N\u00e3o devemos esquecer a alian\u00e7a t\u00e1cita do feminazismo com a esquerda mundial. As feminazis, por exemplo, jamais mencionam a situa\u00e7\u00e3o das mulheres nos pa\u00edses onde vige a lei da sharia. Ali\u00e1s, dia 23 de janeiro, em protesto contra a posse de Trump, feminazis loiras, para incomodar os republicanos, desfilaram em Berlim gritando Allahu Akbar&#8230; Por fim, nem feministas nem feminazis abriram a boca quando Reinaldo Azevedo desfechou contra Joice Hasselmann, durante 24 minutos, ao vivo, pela TV Jovem Pan, o mais est\u00fapido e grosseiro ataque verbal que a imprensa brasileira j\u00e1 assistiu. Mas Joice \u00e9 uma jornalista &#8220;de direita&#8221; e isso parece fazer dela uma subesp\u00e9cie daquilo que Dilma Rousseff chamaria de &#8220;mulher sapiens&#8221;.<\/p>\n","protected":false},"excerpt":{"rendered":"<p>Percival Puggina Impressionado com o que vejo exposto em cartazes e corpos pintados durante manifesta\u00e7\u00f5es feministas, mundo afora, fui atr\u00e1s do termo &#8220;feminazi&#8221;, no Google, e me deparei com diversos conte\u00fados que reprovam o voc\u00e1bulo. Alegam que seria improcedente estabelecer qualquer analogia entre o feminismo e o nazismo. Ah, \u00e9? Ent\u00e3o, vamos a isso. Houve [&hellip;]<\/p>\n","protected":false},"author":2,"featured_media":130746,"comment_status":"open","ping_status":"closed","sticky":false,"template":"","format":"standard","meta":{"_acf_changed":false,"footnotes":""},"categories":[25],"tags":[],"class_list":["post-130745","post","type-post","status-publish","format-standard","has-post-thumbnail","hentry","category-opina-ai"],"acf":[],"yoast_head":"<!-- This site is optimized with the Yoast SEO plugin v27.5 - https:\/\/yoast.com\/product\/yoast-seo-wordpress\/ -->\n<title>Feminismo e nazismo, onde est\u00e1 a mera analogia? - Notibras<\/title>\n<meta name=\"robots\" content=\"index, follow, max-snippet:-1, max-image-preview:large, max-video-preview:-1\" \/>\n<link rel=\"canonical\" href=\"https:\/\/www.notibras.com\/site\/feminismo-e-nazismo-onde-esta-mera-analogia\/\" \/>\n<meta property=\"og:locale\" content=\"pt_BR\" \/>\n<meta property=\"og:type\" content=\"article\" \/>\n<meta property=\"og:title\" content=\"Feminismo e nazismo, onde est\u00e1 a mera analogia? - Notibras\" \/>\n<meta property=\"og:description\" content=\"Percival Puggina Impressionado com o que vejo exposto em cartazes e corpos pintados durante manifesta\u00e7\u00f5es feministas, mundo afora, fui atr\u00e1s do termo &#8220;feminazi&#8221;, no Google, e me deparei com diversos conte\u00fados que reprovam o voc\u00e1bulo. Alegam que seria improcedente estabelecer qualquer analogia entre o feminismo e o nazismo. Ah, \u00e9? Ent\u00e3o, vamos a isso. Houve [&hellip;]\" \/>\n<meta property=\"og:url\" content=\"https:\/\/www.notibras.com\/site\/feminismo-e-nazismo-onde-esta-mera-analogia\/\" \/>\n<meta property=\"og:site_name\" content=\"Notibras\" \/>\n<meta property=\"article:publisher\" content=\"https:\/\/www.facebook.com\/notibras\/\" \/>\n<meta property=\"article:published_time\" content=\"2017-03-03T12:01:43+00:00\" \/>\n<meta property=\"og:image\" content=\"https:\/\/www.notibras.com\/site\/wp-content\/uploads\/2017\/03\/urss.jpg\" \/>\n\t<meta property=\"og:image:width\" content=\"855\" \/>\n\t<meta property=\"og:image:height\" content=\"581\" \/>\n\t<meta property=\"og:image:type\" content=\"image\/jpeg\" \/>\n<meta name=\"author\" content=\"Reda\u00e7\u00e3o\" \/>\n<meta name=\"twitter:card\" content=\"summary_large_image\" \/>\n<meta name=\"twitter:creator\" content=\"@Notibras\" \/>\n<meta name=\"twitter:site\" content=\"@Notibras\" \/>\n<meta name=\"twitter:label1\" content=\"Escrito por\" \/>\n\t<meta name=\"twitter:data1\" content=\"Reda\u00e7\u00e3o\" \/>\n\t<meta name=\"twitter:label2\" content=\"Est. tempo de leitura\" \/>\n\t<meta name=\"twitter:data2\" content=\"3 minutos\" \/>\n<script type=\"application\/ld+json\" class=\"yoast-schema-graph\">{\"@context\":\"https:\\\/\\\/schema.org\",\"@graph\":[{\"@type\":\"Article\",\"@id\":\"https:\\\/\\\/www.notibras.com\\\/site\\\/feminismo-e-nazismo-onde-esta-mera-analogia\\\/#article\",\"isPartOf\":{\"@id\":\"https:\\\/\\\/www.notibras.com\\\/site\\\/feminismo-e-nazismo-onde-esta-mera-analogia\\\/\"},\"author\":{\"name\":\"Reda\u00e7\u00e3o\",\"@id\":\"https:\\\/\\\/www.notibras.com\\\/site\\\/#\\\/schema\\\/person\\\/36ab0979449956132d3e5b517ea76ac8\"},\"headline\":\"Feminismo e nazismo, onde est\u00e1 a mera analogia?\",\"datePublished\":\"2017-03-03T12:01:43+00:00\",\"mainEntityOfPage\":{\"@id\":\"https:\\\/\\\/www.notibras.com\\\/site\\\/feminismo-e-nazismo-onde-esta-mera-analogia\\\/\"},\"wordCount\":680,\"commentCount\":0,\"publisher\":{\"@id\":\"https:\\\/\\\/www.notibras.com\\\/site\\\/#organization\"},\"image\":{\"@id\":\"https:\\\/\\\/www.notibras.com\\\/site\\\/feminismo-e-nazismo-onde-esta-mera-analogia\\\/#primaryimage\"},\"thumbnailUrl\":\"https:\\\/\\\/www.notibras.com\\\/site\\\/wp-content\\\/uploads\\\/2017\\\/03\\\/urss.jpg\",\"articleSection\":[\"Opina a\u00ed\"],\"inLanguage\":\"pt-BR\",\"potentialAction\":[{\"@type\":\"CommentAction\",\"name\":\"Comment\",\"target\":[\"https:\\\/\\\/www.notibras.com\\\/site\\\/feminismo-e-nazismo-onde-esta-mera-analogia\\\/#respond\"]}]},{\"@type\":\"WebPage\",\"@id\":\"https:\\\/\\\/www.notibras.com\\\/site\\\/feminismo-e-nazismo-onde-esta-mera-analogia\\\/\",\"url\":\"https:\\\/\\\/www.notibras.com\\\/site\\\/feminismo-e-nazismo-onde-esta-mera-analogia\\\/\",\"name\":\"Feminismo e nazismo, onde est\u00e1 a mera analogia? - Notibras\",\"isPartOf\":{\"@id\":\"https:\\\/\\\/www.notibras.com\\\/site\\\/#website\"},\"primaryImageOfPage\":{\"@id\":\"https:\\\/\\\/www.notibras.com\\\/site\\\/feminismo-e-nazismo-onde-esta-mera-analogia\\\/#primaryimage\"},\"image\":{\"@id\":\"https:\\\/\\\/www.notibras.com\\\/site\\\/feminismo-e-nazismo-onde-esta-mera-analogia\\\/#primaryimage\"},\"thumbnailUrl\":\"https:\\\/\\\/www.notibras.com\\\/site\\\/wp-content\\\/uploads\\\/2017\\\/03\\\/urss.jpg\",\"datePublished\":\"2017-03-03T12:01:43+00:00\",\"breadcrumb\":{\"@id\":\"https:\\\/\\\/www.notibras.com\\\/site\\\/feminismo-e-nazismo-onde-esta-mera-analogia\\\/#breadcrumb\"},\"inLanguage\":\"pt-BR\",\"potentialAction\":[{\"@type\":\"ReadAction\",\"target\":[\"https:\\\/\\\/www.notibras.com\\\/site\\\/feminismo-e-nazismo-onde-esta-mera-analogia\\\/\"]}]},{\"@type\":\"ImageObject\",\"inLanguage\":\"pt-BR\",\"@id\":\"https:\\\/\\\/www.notibras.com\\\/site\\\/feminismo-e-nazismo-onde-esta-mera-analogia\\\/#primaryimage\",\"url\":\"https:\\\/\\\/www.notibras.com\\\/site\\\/wp-content\\\/uploads\\\/2017\\\/03\\\/urss.jpg\",\"contentUrl\":\"https:\\\/\\\/www.notibras.com\\\/site\\\/wp-content\\\/uploads\\\/2017\\\/03\\\/urss.jpg\",\"width\":855,\"height\":581},{\"@type\":\"BreadcrumbList\",\"@id\":\"https:\\\/\\\/www.notibras.com\\\/site\\\/feminismo-e-nazismo-onde-esta-mera-analogia\\\/#breadcrumb\",\"itemListElement\":[{\"@type\":\"ListItem\",\"position\":1,\"name\":\"In\u00edcio\",\"item\":\"https:\\\/\\\/www.notibras.com\\\/site\\\/\"},{\"@type\":\"ListItem\",\"position\":2,\"name\":\"Feminismo e nazismo, onde est\u00e1 a mera analogia?\"}]},{\"@type\":\"WebSite\",\"@id\":\"https:\\\/\\\/www.notibras.com\\\/site\\\/#website\",\"url\":\"https:\\\/\\\/www.notibras.com\\\/site\\\/\",\"name\":\"Notibras\",\"description\":\"Not\u00edcias de Bras\u00edlia, do Brasil e do Mundo\",\"publisher\":{\"@id\":\"https:\\\/\\\/www.notibras.com\\\/site\\\/#organization\"},\"potentialAction\":[{\"@type\":\"SearchAction\",\"target\":{\"@type\":\"EntryPoint\",\"urlTemplate\":\"https:\\\/\\\/www.notibras.com\\\/site\\\/?s={search_term_string}\"},\"query-input\":{\"@type\":\"PropertyValueSpecification\",\"valueRequired\":true,\"valueName\":\"search_term_string\"}}],\"inLanguage\":\"pt-BR\"},{\"@type\":\"Organization\",\"@id\":\"https:\\\/\\\/www.notibras.com\\\/site\\\/#organization\",\"name\":\"Grupo Notibras de Comunica\u00e7\u00e3o\",\"url\":\"https:\\\/\\\/www.notibras.com\\\/site\\\/\",\"logo\":{\"@type\":\"ImageObject\",\"inLanguage\":\"pt-BR\",\"@id\":\"https:\\\/\\\/www.notibras.com\\\/site\\\/#\\\/schema\\\/logo\\\/image\\\/\",\"url\":\"https:\\\/\\\/www.notibras.com\\\/site\\\/wp-content\\\/uploads\\\/2023\\\/01\\\/notibras23.png\",\"contentUrl\":\"https:\\\/\\\/www.notibras.com\\\/site\\\/wp-content\\\/uploads\\\/2023\\\/01\\\/notibras23.png\",\"width\":350,\"height\":87,\"caption\":\"Grupo Notibras de Comunica\u00e7\u00e3o\"},\"image\":{\"@id\":\"https:\\\/\\\/www.notibras.com\\\/site\\\/#\\\/schema\\\/logo\\\/image\\\/\"},\"sameAs\":[\"https:\\\/\\\/www.facebook.com\\\/notibras\\\/\",\"https:\\\/\\\/x.com\\\/Notibras\",\"https:\\\/\\\/www.instagram.com\\\/notibras\\\/\"]},{\"@type\":\"Person\",\"@id\":\"https:\\\/\\\/www.notibras.com\\\/site\\\/#\\\/schema\\\/person\\\/36ab0979449956132d3e5b517ea76ac8\",\"name\":\"Reda\u00e7\u00e3o\",\"image\":{\"@type\":\"ImageObject\",\"inLanguage\":\"pt-BR\",\"@id\":\"https:\\\/\\\/secure.gravatar.com\\\/avatar\\\/e0a867bdedb85fd243eadf09663511f96fc81e0720a4a42581f334ad4303aa6b?s=96&d=mm&r=g\",\"url\":\"https:\\\/\\\/secure.gravatar.com\\\/avatar\\\/e0a867bdedb85fd243eadf09663511f96fc81e0720a4a42581f334ad4303aa6b?s=96&d=mm&r=g\",\"contentUrl\":\"https:\\\/\\\/secure.gravatar.com\\\/avatar\\\/e0a867bdedb85fd243eadf09663511f96fc81e0720a4a42581f334ad4303aa6b?s=96&d=mm&r=g\",\"caption\":\"Reda\u00e7\u00e3o\"}}]}<\/script>\n<!-- \/ Yoast SEO plugin. -->","yoast_head_json":{"title":"Feminismo e nazismo, onde est\u00e1 a mera analogia? - Notibras","robots":{"index":"index","follow":"follow","max-snippet":"max-snippet:-1","max-image-preview":"max-image-preview:large","max-video-preview":"max-video-preview:-1"},"canonical":"https:\/\/www.notibras.com\/site\/feminismo-e-nazismo-onde-esta-mera-analogia\/","og_locale":"pt_BR","og_type":"article","og_title":"Feminismo e nazismo, onde est\u00e1 a mera analogia? - Notibras","og_description":"Percival Puggina Impressionado com o que vejo exposto em cartazes e corpos pintados durante manifesta\u00e7\u00f5es feministas, mundo afora, fui atr\u00e1s do termo &#8220;feminazi&#8221;, no Google, e me deparei com diversos conte\u00fados que reprovam o voc\u00e1bulo. Alegam que seria improcedente estabelecer qualquer analogia entre o feminismo e o nazismo. Ah, \u00e9? Ent\u00e3o, vamos a isso. Houve [&hellip;]","og_url":"https:\/\/www.notibras.com\/site\/feminismo-e-nazismo-onde-esta-mera-analogia\/","og_site_name":"Notibras","article_publisher":"https:\/\/www.facebook.com\/notibras\/","article_published_time":"2017-03-03T12:01:43+00:00","og_image":[{"width":855,"height":581,"url":"https:\/\/www.notibras.com\/site\/wp-content\/uploads\/2017\/03\/urss.jpg","type":"image\/jpeg"}],"author":"Reda\u00e7\u00e3o","twitter_card":"summary_large_image","twitter_creator":"@Notibras","twitter_site":"@Notibras","twitter_misc":{"Escrito por":"Reda\u00e7\u00e3o","Est. tempo de leitura":"3 minutos"},"schema":{"@context":"https:\/\/schema.org","@graph":[{"@type":"Article","@id":"https:\/\/www.notibras.com\/site\/feminismo-e-nazismo-onde-esta-mera-analogia\/#article","isPartOf":{"@id":"https:\/\/www.notibras.com\/site\/feminismo-e-nazismo-onde-esta-mera-analogia\/"},"author":{"name":"Reda\u00e7\u00e3o","@id":"https:\/\/www.notibras.com\/site\/#\/schema\/person\/36ab0979449956132d3e5b517ea76ac8"},"headline":"Feminismo e nazismo, onde est\u00e1 a mera analogia?","datePublished":"2017-03-03T12:01:43+00:00","mainEntityOfPage":{"@id":"https:\/\/www.notibras.com\/site\/feminismo-e-nazismo-onde-esta-mera-analogia\/"},"wordCount":680,"commentCount":0,"publisher":{"@id":"https:\/\/www.notibras.com\/site\/#organization"},"image":{"@id":"https:\/\/www.notibras.com\/site\/feminismo-e-nazismo-onde-esta-mera-analogia\/#primaryimage"},"thumbnailUrl":"https:\/\/www.notibras.com\/site\/wp-content\/uploads\/2017\/03\/urss.jpg","articleSection":["Opina a\u00ed"],"inLanguage":"pt-BR","potentialAction":[{"@type":"CommentAction","name":"Comment","target":["https:\/\/www.notibras.com\/site\/feminismo-e-nazismo-onde-esta-mera-analogia\/#respond"]}]},{"@type":"WebPage","@id":"https:\/\/www.notibras.com\/site\/feminismo-e-nazismo-onde-esta-mera-analogia\/","url":"https:\/\/www.notibras.com\/site\/feminismo-e-nazismo-onde-esta-mera-analogia\/","name":"Feminismo e nazismo, onde est\u00e1 a mera analogia? - Notibras","isPartOf":{"@id":"https:\/\/www.notibras.com\/site\/#website"},"primaryImageOfPage":{"@id":"https:\/\/www.notibras.com\/site\/feminismo-e-nazismo-onde-esta-mera-analogia\/#primaryimage"},"image":{"@id":"https:\/\/www.notibras.com\/site\/feminismo-e-nazismo-onde-esta-mera-analogia\/#primaryimage"},"thumbnailUrl":"https:\/\/www.notibras.com\/site\/wp-content\/uploads\/2017\/03\/urss.jpg","datePublished":"2017-03-03T12:01:43+00:00","breadcrumb":{"@id":"https:\/\/www.notibras.com\/site\/feminismo-e-nazismo-onde-esta-mera-analogia\/#breadcrumb"},"inLanguage":"pt-BR","potentialAction":[{"@type":"ReadAction","target":["https:\/\/www.notibras.com\/site\/feminismo-e-nazismo-onde-esta-mera-analogia\/"]}]},{"@type":"ImageObject","inLanguage":"pt-BR","@id":"https:\/\/www.notibras.com\/site\/feminismo-e-nazismo-onde-esta-mera-analogia\/#primaryimage","url":"https:\/\/www.notibras.com\/site\/wp-content\/uploads\/2017\/03\/urss.jpg","contentUrl":"https:\/\/www.notibras.com\/site\/wp-content\/uploads\/2017\/03\/urss.jpg","width":855,"height":581},{"@type":"BreadcrumbList","@id":"https:\/\/www.notibras.com\/site\/feminismo-e-nazismo-onde-esta-mera-analogia\/#breadcrumb","itemListElement":[{"@type":"ListItem","position":1,"name":"In\u00edcio","item":"https:\/\/www.notibras.com\/site\/"},{"@type":"ListItem","position":2,"name":"Feminismo e nazismo, onde est\u00e1 a mera analogia?"}]},{"@type":"WebSite","@id":"https:\/\/www.notibras.com\/site\/#website","url":"https:\/\/www.notibras.com\/site\/","name":"Notibras","description":"Not\u00edcias de Bras\u00edlia, do Brasil e do Mundo","publisher":{"@id":"https:\/\/www.notibras.com\/site\/#organization"},"potentialAction":[{"@type":"SearchAction","target":{"@type":"EntryPoint","urlTemplate":"https:\/\/www.notibras.com\/site\/?s={search_term_string}"},"query-input":{"@type":"PropertyValueSpecification","valueRequired":true,"valueName":"search_term_string"}}],"inLanguage":"pt-BR"},{"@type":"Organization","@id":"https:\/\/www.notibras.com\/site\/#organization","name":"Grupo Notibras de Comunica\u00e7\u00e3o","url":"https:\/\/www.notibras.com\/site\/","logo":{"@type":"ImageObject","inLanguage":"pt-BR","@id":"https:\/\/www.notibras.com\/site\/#\/schema\/logo\/image\/","url":"https:\/\/www.notibras.com\/site\/wp-content\/uploads\/2023\/01\/notibras23.png","contentUrl":"https:\/\/www.notibras.com\/site\/wp-content\/uploads\/2023\/01\/notibras23.png","width":350,"height":87,"caption":"Grupo Notibras de Comunica\u00e7\u00e3o"},"image":{"@id":"https:\/\/www.notibras.com\/site\/#\/schema\/logo\/image\/"},"sameAs":["https:\/\/www.facebook.com\/notibras\/","https:\/\/x.com\/Notibras","https:\/\/www.instagram.com\/notibras\/"]},{"@type":"Person","@id":"https:\/\/www.notibras.com\/site\/#\/schema\/person\/36ab0979449956132d3e5b517ea76ac8","name":"Reda\u00e7\u00e3o","image":{"@type":"ImageObject","inLanguage":"pt-BR","@id":"https:\/\/secure.gravatar.com\/avatar\/e0a867bdedb85fd243eadf09663511f96fc81e0720a4a42581f334ad4303aa6b?s=96&d=mm&r=g","url":"https:\/\/secure.gravatar.com\/avatar\/e0a867bdedb85fd243eadf09663511f96fc81e0720a4a42581f334ad4303aa6b?s=96&d=mm&r=g","contentUrl":"https:\/\/secure.gravatar.com\/avatar\/e0a867bdedb85fd243eadf09663511f96fc81e0720a4a42581f334ad4303aa6b?s=96&d=mm&r=g","caption":"Reda\u00e7\u00e3o"}}]}},"amp_enabled":true,"_links":{"self":[{"href":"https:\/\/www.notibras.com\/site\/wp-json\/wp\/v2\/posts\/130745","targetHints":{"allow":["GET"]}}],"collection":[{"href":"https:\/\/www.notibras.com\/site\/wp-json\/wp\/v2\/posts"}],"about":[{"href":"https:\/\/www.notibras.com\/site\/wp-json\/wp\/v2\/types\/post"}],"author":[{"embeddable":true,"href":"https:\/\/www.notibras.com\/site\/wp-json\/wp\/v2\/users\/2"}],"replies":[{"embeddable":true,"href":"https:\/\/www.notibras.com\/site\/wp-json\/wp\/v2\/comments?post=130745"}],"version-history":[{"count":1,"href":"https:\/\/www.notibras.com\/site\/wp-json\/wp\/v2\/posts\/130745\/revisions"}],"predecessor-version":[{"id":130747,"href":"https:\/\/www.notibras.com\/site\/wp-json\/wp\/v2\/posts\/130745\/revisions\/130747"}],"wp:featuredmedia":[{"embeddable":true,"href":"https:\/\/www.notibras.com\/site\/wp-json\/wp\/v2\/media\/130746"}],"wp:attachment":[{"href":"https:\/\/www.notibras.com\/site\/wp-json\/wp\/v2\/media?parent=130745"}],"wp:term":[{"taxonomy":"category","embeddable":true,"href":"https:\/\/www.notibras.com\/site\/wp-json\/wp\/v2\/categories?post=130745"},{"taxonomy":"post_tag","embeddable":true,"href":"https:\/\/www.notibras.com\/site\/wp-json\/wp\/v2\/tags?post=130745"}],"curies":[{"name":"wp","href":"https:\/\/api.w.org\/{rel}","templated":true}]}}