{"id":130831,"date":"2017-03-04T10:19:54","date_gmt":"2017-03-04T13:19:54","guid":{"rendered":"http:\/\/www.notibras.com\/site\/?p=130831"},"modified":"2017-03-04T10:19:54","modified_gmt":"2017-03-04T13:19:54","slug":"estado-enquanto-governo-e-o-vilao-da-crise-brasileira","status":"publish","type":"post","link":"https:\/\/www.notibras.com\/site\/estado-enquanto-governo-e-o-vilao-da-crise-brasileira\/","title":{"rendered":"Estado, enquanto governo, \u00e9 o vil\u00e3o da crise brasileira"},"content":{"rendered":"<p><strong>Ronaldo Caiado<\/strong><\/p>\n<p>O Estado, sem d\u00favida, \u00e9 o grande vil\u00e3o da crise brasileira. Mais que isso, \u00e9 a pr\u00f3pria crise. O descr\u00e9dito que a sociedade, em seu conjunto, devota hoje aos tr\u00eas Poderes, dificultando (quando n\u00e3o impedindo) a governabilidade, deriva, em s\u00edntese, de um sistem\u00e1tico descumprimento contratual. O Estado n\u00e3o cumpre o seu papel.<\/p>\n<p>O contribuinte arca com uma das mais altas taxas tribut\u00e1rias do planeta e tem como retorno (quando tem) servi\u00e7os que muito raramente merecem tal qualificativo. Trata-se, pois, de um calote \u00e0 cidadania. Os setores essenciais \u2014sa\u00fade, seguran\u00e7a e educa\u00e7\u00e3o\u2014 est\u00e3o claramente degradados.<\/p>\n<p>Basta ir a um hospital p\u00fablico, qualquer um, para ver pacientes agonizando e morrendo nos corredores. Faltam m\u00e9dicos, enfermeiros, equipamentos b\u00e1sicos, condi\u00e7\u00f5es sanit\u00e1rias m\u00ednimas.<\/p>\n<p>A seguran\u00e7a p\u00fablica mostrou h\u00e1 poucos dias em que est\u00e1gio est\u00e1. Uma greve da PM no Esp\u00edrito Santo produziu, em quatro dias, 161 mortos. Os \u00edndices anuais de homic\u00eddio ultrapassam 60 mil.<\/p>\n<p>O contrabando de armas tornou-se um dos mais pr\u00f3speros neg\u00f3cios, facilitado pelas imensas fronteiras porosas, que favorecem a a\u00e7\u00e3o do crime organizado. Em decorr\u00eancia, o pa\u00eds deixou h\u00e1 muito de ser apenas corredor de exporta\u00e7\u00e3o de drogas para tornar-se o segundo consumidor mundial de coca\u00edna e o primeiro de crack.<\/p>\n<p>O Estado, nos termos da Constitui\u00e7\u00e3o, \u00e9 o respons\u00e1vel pela inefic\u00e1cia de tais servi\u00e7os, que s\u00e3o de sua al\u00e7ada exclusiva. A degrada\u00e7\u00e3o \u00e9 geral, mas, para espanto da sociedade, a Justi\u00e7a decidiu enquadr\u00e1-lo n\u00e3o em rela\u00e7\u00e3o a quem o sustenta \u2014o cidad\u00e3o-contribuinte\u2014, mas exatamente em rela\u00e7\u00e3o a quem contribui para tornar esse ambiente ainda mais irrespir\u00e1vel: o bandido.<\/p>\n<p>Refiro-me \u00e0 recente decis\u00e3o do STF de obrigar o Estado de Mato Grosso do Sul a indenizar um presidi\u00e1rio, que pediu repara\u00e7\u00e3o pecuni\u00e1ria por danos morais em decorr\u00eancia do tratamento degradante que recebeu no cumprimento da pena.<\/p>\n<p>Trata-se de algu\u00e9m que cometeu crime de latroc\u00ednio \u2014assalto seguido de morte. O STF entendeu que o Estado, ao n\u00e3o garantir a integridade do preso, descumpriu a Constitui\u00e7\u00e3o. De fato, mas o que se pergunta \u00e9: e os demais descumprimentos?<\/p>\n<p>O cidad\u00e3o assassinado por aquele presidi\u00e1rio, assim como milhares de outros, tinha tamb\u00e9m direito \u00e0 seguran\u00e7a, que o Estado n\u00e3o lhe proveu. Sua fam\u00edlia ser\u00e1 indenizada?<\/p>\n<p>E ainda: ao dar repercuss\u00e3o geral a essa decis\u00e3o, o STF abre as portas para que toda a popula\u00e7\u00e3o carcer\u00e1ria do pa\u00eds, que vive nas mesmas condi\u00e7\u00f5es \u2014cerca de 700 mil presos\u2014, requeira o mesmo direito.<\/p>\n<p>Num c\u00e1lculo aproximado, a despesa, mantido aquele valor, que pode ser aumentada de acordo com o crit\u00e9rio de cada juiz, seria em torno de R$ 1,4 bilh\u00e3o. No Amazonas, a Justi\u00e7a mandou indenizar em R$ 60 mil as fam\u00edlias dos mortos em confronto entre fac\u00e7\u00f5es criminosas dentro do pres\u00eddio.<\/p>\n<p>Al\u00e9m dos danos ao teto dos gastos p\u00fablicos, a decis\u00e3o n\u00e3o vai sequer \u00e0 raiz do problema: a degrada\u00e7\u00e3o do sistema penitenci\u00e1rio em seu conjunto. Ataca-se mais uma vez o sintoma e mant\u00eam-se as causas da enfermidade.<\/p>\n<p>O que temos a\u00ed? Um Estado em morat\u00f3ria moral, que, de costas para a sociedade que o prov\u00ea, decide priorizar os que contra ela atuam. Um Estado inconstitucional, alheio aos fundamentos com que \u00e9 definido pela Carta Magna do pa\u00eds \u2014e n\u00e3o apenas por atos pontuais, como esses, sen\u00e3o pelo conjunto da obra.<\/p>\n<p>O que se deduz de tudo isso \u00e9 que a reforma do Estado \u00e9 a grande e inadi\u00e1vel urg\u00eancia. Em seu perfil atual, n\u00e3o h\u00e1 planos econ\u00f4micos, por mais engenhosos, que o regenerem. \u00c9 preciso refundar o Estado brasileiro \u2014ou ser\u00e1 cada vez mais ingovern\u00e1vel.<\/p>\n","protected":false},"excerpt":{"rendered":"<p>Ronaldo Caiado O Estado, sem d\u00favida, \u00e9 o grande vil\u00e3o da crise brasileira. Mais que isso, \u00e9 a pr\u00f3pria crise. O descr\u00e9dito que a sociedade, em seu conjunto, devota hoje aos tr\u00eas Poderes, dificultando (quando n\u00e3o impedindo) a governabilidade, deriva, em s\u00edntese, de um sistem\u00e1tico descumprimento contratual. O Estado n\u00e3o cumpre o seu papel. O [&hellip;]<\/p>\n","protected":false},"author":2,"featured_media":130832,"comment_status":"open","ping_status":"closed","sticky":false,"template":"","format":"standard","meta":{"_acf_changed":false,"footnotes":""},"categories":[25],"tags":[],"class_list":["post-130831","post","type-post","status-publish","format-standard","has-post-thumbnail","hentry","category-opina-ai"],"acf":[],"yoast_head":"<!-- This site is optimized with the Yoast SEO plugin v27.5 - https:\/\/yoast.com\/product\/yoast-seo-wordpress\/ -->\n<title>Estado, enquanto governo, \u00e9 o vil\u00e3o da crise brasileira - Notibras<\/title>\n<meta name=\"robots\" content=\"index, follow, max-snippet:-1, max-image-preview:large, max-video-preview:-1\" \/>\n<link rel=\"canonical\" href=\"https:\/\/www.notibras.com\/site\/estado-enquanto-governo-e-o-vilao-da-crise-brasileira\/\" \/>\n<meta property=\"og:locale\" content=\"pt_BR\" \/>\n<meta property=\"og:type\" content=\"article\" \/>\n<meta property=\"og:title\" content=\"Estado, enquanto governo, \u00e9 o vil\u00e3o da crise brasileira - Notibras\" \/>\n<meta property=\"og:description\" content=\"Ronaldo Caiado O Estado, sem d\u00favida, \u00e9 o grande vil\u00e3o da crise brasileira. Mais que isso, \u00e9 a pr\u00f3pria crise. O descr\u00e9dito que a sociedade, em seu conjunto, devota hoje aos tr\u00eas Poderes, dificultando (quando n\u00e3o impedindo) a governabilidade, deriva, em s\u00edntese, de um sistem\u00e1tico descumprimento contratual. O Estado n\u00e3o cumpre o seu papel. O [&hellip;]\" \/>\n<meta property=\"og:url\" content=\"https:\/\/www.notibras.com\/site\/estado-enquanto-governo-e-o-vilao-da-crise-brasileira\/\" \/>\n<meta property=\"og:site_name\" content=\"Notibras\" \/>\n<meta property=\"article:publisher\" content=\"https:\/\/www.facebook.com\/notibras\/\" \/>\n<meta property=\"article:published_time\" content=\"2017-03-04T13:19:54+00:00\" \/>\n<meta property=\"og:image\" content=\"https:\/\/www.notibras.com\/site\/wp-content\/uploads\/2017\/03\/f_378720.jpg\" \/>\n\t<meta property=\"og:image:width\" content=\"2898\" \/>\n\t<meta property=\"og:image:height\" content=\"2173\" \/>\n\t<meta property=\"og:image:type\" content=\"image\/jpeg\" \/>\n<meta name=\"author\" content=\"Reda\u00e7\u00e3o\" \/>\n<meta name=\"twitter:card\" content=\"summary_large_image\" \/>\n<meta name=\"twitter:creator\" content=\"@Notibras\" \/>\n<meta name=\"twitter:site\" content=\"@Notibras\" \/>\n<meta name=\"twitter:label1\" content=\"Escrito por\" \/>\n\t<meta name=\"twitter:data1\" content=\"Reda\u00e7\u00e3o\" \/>\n\t<meta name=\"twitter:label2\" content=\"Est. tempo de leitura\" \/>\n\t<meta name=\"twitter:data2\" content=\"3 minutos\" \/>\n<script type=\"application\/ld+json\" class=\"yoast-schema-graph\">{\"@context\":\"https:\\\/\\\/schema.org\",\"@graph\":[{\"@type\":\"Article\",\"@id\":\"https:\\\/\\\/www.notibras.com\\\/site\\\/estado-enquanto-governo-e-o-vilao-da-crise-brasileira\\\/#article\",\"isPartOf\":{\"@id\":\"https:\\\/\\\/www.notibras.com\\\/site\\\/estado-enquanto-governo-e-o-vilao-da-crise-brasileira\\\/\"},\"author\":{\"name\":\"Reda\u00e7\u00e3o\",\"@id\":\"https:\\\/\\\/www.notibras.com\\\/site\\\/#\\\/schema\\\/person\\\/36ab0979449956132d3e5b517ea76ac8\"},\"headline\":\"Estado, enquanto governo, \u00e9 o vil\u00e3o da crise brasileira\",\"datePublished\":\"2017-03-04T13:19:54+00:00\",\"mainEntityOfPage\":{\"@id\":\"https:\\\/\\\/www.notibras.com\\\/site\\\/estado-enquanto-governo-e-o-vilao-da-crise-brasileira\\\/\"},\"wordCount\":665,\"commentCount\":0,\"publisher\":{\"@id\":\"https:\\\/\\\/www.notibras.com\\\/site\\\/#organization\"},\"image\":{\"@id\":\"https:\\\/\\\/www.notibras.com\\\/site\\\/estado-enquanto-governo-e-o-vilao-da-crise-brasileira\\\/#primaryimage\"},\"thumbnailUrl\":\"https:\\\/\\\/www.notibras.com\\\/site\\\/wp-content\\\/uploads\\\/2017\\\/03\\\/f_378720.jpg\",\"articleSection\":[\"Opina a\u00ed\"],\"inLanguage\":\"pt-BR\",\"potentialAction\":[{\"@type\":\"CommentAction\",\"name\":\"Comment\",\"target\":[\"https:\\\/\\\/www.notibras.com\\\/site\\\/estado-enquanto-governo-e-o-vilao-da-crise-brasileira\\\/#respond\"]}]},{\"@type\":\"WebPage\",\"@id\":\"https:\\\/\\\/www.notibras.com\\\/site\\\/estado-enquanto-governo-e-o-vilao-da-crise-brasileira\\\/\",\"url\":\"https:\\\/\\\/www.notibras.com\\\/site\\\/estado-enquanto-governo-e-o-vilao-da-crise-brasileira\\\/\",\"name\":\"Estado, enquanto governo, \u00e9 o vil\u00e3o da crise brasileira - Notibras\",\"isPartOf\":{\"@id\":\"https:\\\/\\\/www.notibras.com\\\/site\\\/#website\"},\"primaryImageOfPage\":{\"@id\":\"https:\\\/\\\/www.notibras.com\\\/site\\\/estado-enquanto-governo-e-o-vilao-da-crise-brasileira\\\/#primaryimage\"},\"image\":{\"@id\":\"https:\\\/\\\/www.notibras.com\\\/site\\\/estado-enquanto-governo-e-o-vilao-da-crise-brasileira\\\/#primaryimage\"},\"thumbnailUrl\":\"https:\\\/\\\/www.notibras.com\\\/site\\\/wp-content\\\/uploads\\\/2017\\\/03\\\/f_378720.jpg\",\"datePublished\":\"2017-03-04T13:19:54+00:00\",\"breadcrumb\":{\"@id\":\"https:\\\/\\\/www.notibras.com\\\/site\\\/estado-enquanto-governo-e-o-vilao-da-crise-brasileira\\\/#breadcrumb\"},\"inLanguage\":\"pt-BR\",\"potentialAction\":[{\"@type\":\"ReadAction\",\"target\":[\"https:\\\/\\\/www.notibras.com\\\/site\\\/estado-enquanto-governo-e-o-vilao-da-crise-brasileira\\\/\"]}]},{\"@type\":\"ImageObject\",\"inLanguage\":\"pt-BR\",\"@id\":\"https:\\\/\\\/www.notibras.com\\\/site\\\/estado-enquanto-governo-e-o-vilao-da-crise-brasileira\\\/#primaryimage\",\"url\":\"https:\\\/\\\/www.notibras.com\\\/site\\\/wp-content\\\/uploads\\\/2017\\\/03\\\/f_378720.jpg\",\"contentUrl\":\"https:\\\/\\\/www.notibras.com\\\/site\\\/wp-content\\\/uploads\\\/2017\\\/03\\\/f_378720.jpg\",\"width\":2898,\"height\":2173,\"caption\":\"Foto\\\/Arquivo Notibras\"},{\"@type\":\"BreadcrumbList\",\"@id\":\"https:\\\/\\\/www.notibras.com\\\/site\\\/estado-enquanto-governo-e-o-vilao-da-crise-brasileira\\\/#breadcrumb\",\"itemListElement\":[{\"@type\":\"ListItem\",\"position\":1,\"name\":\"In\u00edcio\",\"item\":\"https:\\\/\\\/www.notibras.com\\\/site\\\/\"},{\"@type\":\"ListItem\",\"position\":2,\"name\":\"Estado, enquanto governo, \u00e9 o vil\u00e3o da crise brasileira\"}]},{\"@type\":\"WebSite\",\"@id\":\"https:\\\/\\\/www.notibras.com\\\/site\\\/#website\",\"url\":\"https:\\\/\\\/www.notibras.com\\\/site\\\/\",\"name\":\"Notibras\",\"description\":\"Not\u00edcias de Bras\u00edlia, do Brasil e do Mundo\",\"publisher\":{\"@id\":\"https:\\\/\\\/www.notibras.com\\\/site\\\/#organization\"},\"potentialAction\":[{\"@type\":\"SearchAction\",\"target\":{\"@type\":\"EntryPoint\",\"urlTemplate\":\"https:\\\/\\\/www.notibras.com\\\/site\\\/?s={search_term_string}\"},\"query-input\":{\"@type\":\"PropertyValueSpecification\",\"valueRequired\":true,\"valueName\":\"search_term_string\"}}],\"inLanguage\":\"pt-BR\"},{\"@type\":\"Organization\",\"@id\":\"https:\\\/\\\/www.notibras.com\\\/site\\\/#organization\",\"name\":\"Grupo Notibras de Comunica\u00e7\u00e3o\",\"url\":\"https:\\\/\\\/www.notibras.com\\\/site\\\/\",\"logo\":{\"@type\":\"ImageObject\",\"inLanguage\":\"pt-BR\",\"@id\":\"https:\\\/\\\/www.notibras.com\\\/site\\\/#\\\/schema\\\/logo\\\/image\\\/\",\"url\":\"https:\\\/\\\/www.notibras.com\\\/site\\\/wp-content\\\/uploads\\\/2023\\\/01\\\/notibras23.png\",\"contentUrl\":\"https:\\\/\\\/www.notibras.com\\\/site\\\/wp-content\\\/uploads\\\/2023\\\/01\\\/notibras23.png\",\"width\":350,\"height\":87,\"caption\":\"Grupo Notibras de Comunica\u00e7\u00e3o\"},\"image\":{\"@id\":\"https:\\\/\\\/www.notibras.com\\\/site\\\/#\\\/schema\\\/logo\\\/image\\\/\"},\"sameAs\":[\"https:\\\/\\\/www.facebook.com\\\/notibras\\\/\",\"https:\\\/\\\/x.com\\\/Notibras\",\"https:\\\/\\\/www.instagram.com\\\/notibras\\\/\"]},{\"@type\":\"Person\",\"@id\":\"https:\\\/\\\/www.notibras.com\\\/site\\\/#\\\/schema\\\/person\\\/36ab0979449956132d3e5b517ea76ac8\",\"name\":\"Reda\u00e7\u00e3o\",\"image\":{\"@type\":\"ImageObject\",\"inLanguage\":\"pt-BR\",\"@id\":\"https:\\\/\\\/secure.gravatar.com\\\/avatar\\\/e0a867bdedb85fd243eadf09663511f96fc81e0720a4a42581f334ad4303aa6b?s=96&d=mm&r=g\",\"url\":\"https:\\\/\\\/secure.gravatar.com\\\/avatar\\\/e0a867bdedb85fd243eadf09663511f96fc81e0720a4a42581f334ad4303aa6b?s=96&d=mm&r=g\",\"contentUrl\":\"https:\\\/\\\/secure.gravatar.com\\\/avatar\\\/e0a867bdedb85fd243eadf09663511f96fc81e0720a4a42581f334ad4303aa6b?s=96&d=mm&r=g\",\"caption\":\"Reda\u00e7\u00e3o\"}}]}<\/script>\n<!-- \/ Yoast SEO plugin. -->","yoast_head_json":{"title":"Estado, enquanto governo, \u00e9 o vil\u00e3o da crise brasileira - Notibras","robots":{"index":"index","follow":"follow","max-snippet":"max-snippet:-1","max-image-preview":"max-image-preview:large","max-video-preview":"max-video-preview:-1"},"canonical":"https:\/\/www.notibras.com\/site\/estado-enquanto-governo-e-o-vilao-da-crise-brasileira\/","og_locale":"pt_BR","og_type":"article","og_title":"Estado, enquanto governo, \u00e9 o vil\u00e3o da crise brasileira - Notibras","og_description":"Ronaldo Caiado O Estado, sem d\u00favida, \u00e9 o grande vil\u00e3o da crise brasileira. Mais que isso, \u00e9 a pr\u00f3pria crise. O descr\u00e9dito que a sociedade, em seu conjunto, devota hoje aos tr\u00eas Poderes, dificultando (quando n\u00e3o impedindo) a governabilidade, deriva, em s\u00edntese, de um sistem\u00e1tico descumprimento contratual. O Estado n\u00e3o cumpre o seu papel. O [&hellip;]","og_url":"https:\/\/www.notibras.com\/site\/estado-enquanto-governo-e-o-vilao-da-crise-brasileira\/","og_site_name":"Notibras","article_publisher":"https:\/\/www.facebook.com\/notibras\/","article_published_time":"2017-03-04T13:19:54+00:00","og_image":[{"width":2898,"height":2173,"url":"https:\/\/www.notibras.com\/site\/wp-content\/uploads\/2017\/03\/f_378720.jpg","type":"image\/jpeg"}],"author":"Reda\u00e7\u00e3o","twitter_card":"summary_large_image","twitter_creator":"@Notibras","twitter_site":"@Notibras","twitter_misc":{"Escrito por":"Reda\u00e7\u00e3o","Est. tempo de leitura":"3 minutos"},"schema":{"@context":"https:\/\/schema.org","@graph":[{"@type":"Article","@id":"https:\/\/www.notibras.com\/site\/estado-enquanto-governo-e-o-vilao-da-crise-brasileira\/#article","isPartOf":{"@id":"https:\/\/www.notibras.com\/site\/estado-enquanto-governo-e-o-vilao-da-crise-brasileira\/"},"author":{"name":"Reda\u00e7\u00e3o","@id":"https:\/\/www.notibras.com\/site\/#\/schema\/person\/36ab0979449956132d3e5b517ea76ac8"},"headline":"Estado, enquanto governo, \u00e9 o vil\u00e3o da crise brasileira","datePublished":"2017-03-04T13:19:54+00:00","mainEntityOfPage":{"@id":"https:\/\/www.notibras.com\/site\/estado-enquanto-governo-e-o-vilao-da-crise-brasileira\/"},"wordCount":665,"commentCount":0,"publisher":{"@id":"https:\/\/www.notibras.com\/site\/#organization"},"image":{"@id":"https:\/\/www.notibras.com\/site\/estado-enquanto-governo-e-o-vilao-da-crise-brasileira\/#primaryimage"},"thumbnailUrl":"https:\/\/www.notibras.com\/site\/wp-content\/uploads\/2017\/03\/f_378720.jpg","articleSection":["Opina a\u00ed"],"inLanguage":"pt-BR","potentialAction":[{"@type":"CommentAction","name":"Comment","target":["https:\/\/www.notibras.com\/site\/estado-enquanto-governo-e-o-vilao-da-crise-brasileira\/#respond"]}]},{"@type":"WebPage","@id":"https:\/\/www.notibras.com\/site\/estado-enquanto-governo-e-o-vilao-da-crise-brasileira\/","url":"https:\/\/www.notibras.com\/site\/estado-enquanto-governo-e-o-vilao-da-crise-brasileira\/","name":"Estado, enquanto governo, \u00e9 o vil\u00e3o da crise brasileira - Notibras","isPartOf":{"@id":"https:\/\/www.notibras.com\/site\/#website"},"primaryImageOfPage":{"@id":"https:\/\/www.notibras.com\/site\/estado-enquanto-governo-e-o-vilao-da-crise-brasileira\/#primaryimage"},"image":{"@id":"https:\/\/www.notibras.com\/site\/estado-enquanto-governo-e-o-vilao-da-crise-brasileira\/#primaryimage"},"thumbnailUrl":"https:\/\/www.notibras.com\/site\/wp-content\/uploads\/2017\/03\/f_378720.jpg","datePublished":"2017-03-04T13:19:54+00:00","breadcrumb":{"@id":"https:\/\/www.notibras.com\/site\/estado-enquanto-governo-e-o-vilao-da-crise-brasileira\/#breadcrumb"},"inLanguage":"pt-BR","potentialAction":[{"@type":"ReadAction","target":["https:\/\/www.notibras.com\/site\/estado-enquanto-governo-e-o-vilao-da-crise-brasileira\/"]}]},{"@type":"ImageObject","inLanguage":"pt-BR","@id":"https:\/\/www.notibras.com\/site\/estado-enquanto-governo-e-o-vilao-da-crise-brasileira\/#primaryimage","url":"https:\/\/www.notibras.com\/site\/wp-content\/uploads\/2017\/03\/f_378720.jpg","contentUrl":"https:\/\/www.notibras.com\/site\/wp-content\/uploads\/2017\/03\/f_378720.jpg","width":2898,"height":2173,"caption":"Foto\/Arquivo Notibras"},{"@type":"BreadcrumbList","@id":"https:\/\/www.notibras.com\/site\/estado-enquanto-governo-e-o-vilao-da-crise-brasileira\/#breadcrumb","itemListElement":[{"@type":"ListItem","position":1,"name":"In\u00edcio","item":"https:\/\/www.notibras.com\/site\/"},{"@type":"ListItem","position":2,"name":"Estado, enquanto governo, \u00e9 o vil\u00e3o da crise brasileira"}]},{"@type":"WebSite","@id":"https:\/\/www.notibras.com\/site\/#website","url":"https:\/\/www.notibras.com\/site\/","name":"Notibras","description":"Not\u00edcias de Bras\u00edlia, do Brasil e do Mundo","publisher":{"@id":"https:\/\/www.notibras.com\/site\/#organization"},"potentialAction":[{"@type":"SearchAction","target":{"@type":"EntryPoint","urlTemplate":"https:\/\/www.notibras.com\/site\/?s={search_term_string}"},"query-input":{"@type":"PropertyValueSpecification","valueRequired":true,"valueName":"search_term_string"}}],"inLanguage":"pt-BR"},{"@type":"Organization","@id":"https:\/\/www.notibras.com\/site\/#organization","name":"Grupo Notibras de Comunica\u00e7\u00e3o","url":"https:\/\/www.notibras.com\/site\/","logo":{"@type":"ImageObject","inLanguage":"pt-BR","@id":"https:\/\/www.notibras.com\/site\/#\/schema\/logo\/image\/","url":"https:\/\/www.notibras.com\/site\/wp-content\/uploads\/2023\/01\/notibras23.png","contentUrl":"https:\/\/www.notibras.com\/site\/wp-content\/uploads\/2023\/01\/notibras23.png","width":350,"height":87,"caption":"Grupo Notibras de Comunica\u00e7\u00e3o"},"image":{"@id":"https:\/\/www.notibras.com\/site\/#\/schema\/logo\/image\/"},"sameAs":["https:\/\/www.facebook.com\/notibras\/","https:\/\/x.com\/Notibras","https:\/\/www.instagram.com\/notibras\/"]},{"@type":"Person","@id":"https:\/\/www.notibras.com\/site\/#\/schema\/person\/36ab0979449956132d3e5b517ea76ac8","name":"Reda\u00e7\u00e3o","image":{"@type":"ImageObject","inLanguage":"pt-BR","@id":"https:\/\/secure.gravatar.com\/avatar\/e0a867bdedb85fd243eadf09663511f96fc81e0720a4a42581f334ad4303aa6b?s=96&d=mm&r=g","url":"https:\/\/secure.gravatar.com\/avatar\/e0a867bdedb85fd243eadf09663511f96fc81e0720a4a42581f334ad4303aa6b?s=96&d=mm&r=g","contentUrl":"https:\/\/secure.gravatar.com\/avatar\/e0a867bdedb85fd243eadf09663511f96fc81e0720a4a42581f334ad4303aa6b?s=96&d=mm&r=g","caption":"Reda\u00e7\u00e3o"}}]}},"amp_enabled":true,"_links":{"self":[{"href":"https:\/\/www.notibras.com\/site\/wp-json\/wp\/v2\/posts\/130831","targetHints":{"allow":["GET"]}}],"collection":[{"href":"https:\/\/www.notibras.com\/site\/wp-json\/wp\/v2\/posts"}],"about":[{"href":"https:\/\/www.notibras.com\/site\/wp-json\/wp\/v2\/types\/post"}],"author":[{"embeddable":true,"href":"https:\/\/www.notibras.com\/site\/wp-json\/wp\/v2\/users\/2"}],"replies":[{"embeddable":true,"href":"https:\/\/www.notibras.com\/site\/wp-json\/wp\/v2\/comments?post=130831"}],"version-history":[{"count":1,"href":"https:\/\/www.notibras.com\/site\/wp-json\/wp\/v2\/posts\/130831\/revisions"}],"predecessor-version":[{"id":130833,"href":"https:\/\/www.notibras.com\/site\/wp-json\/wp\/v2\/posts\/130831\/revisions\/130833"}],"wp:featuredmedia":[{"embeddable":true,"href":"https:\/\/www.notibras.com\/site\/wp-json\/wp\/v2\/media\/130832"}],"wp:attachment":[{"href":"https:\/\/www.notibras.com\/site\/wp-json\/wp\/v2\/media?parent=130831"}],"wp:term":[{"taxonomy":"category","embeddable":true,"href":"https:\/\/www.notibras.com\/site\/wp-json\/wp\/v2\/categories?post=130831"},{"taxonomy":"post_tag","embeddable":true,"href":"https:\/\/www.notibras.com\/site\/wp-json\/wp\/v2\/tags?post=130831"}],"curies":[{"name":"wp","href":"https:\/\/api.w.org\/{rel}","templated":true}]}}