{"id":130980,"date":"2017-03-06T06:53:45","date_gmt":"2017-03-06T09:53:45","guid":{"rendered":"http:\/\/www.notibras.com\/site\/?p=130980"},"modified":"2017-03-06T06:53:45","modified_gmt":"2017-03-06T09:53:45","slug":"lava-jato-esta-meio-caminho-de-pegar-o-tucanato","status":"publish","type":"post","link":"https:\/\/www.notibras.com\/site\/lava-jato-esta-meio-caminho-de-pegar-o-tucanato\/","title":{"rendered":"Lava Jato est\u00e1 a meio caminho de pegar o tucanato"},"content":{"rendered":"<p><strong>Luis Nassif<\/strong><\/p>\n<p>A Lava Jato enfim chegou a Paulo Preto, o principal operador do tucanato paulista com as empreiteiras.Preso desde agosto do ano passado, Adir Assad decidiu abrir o jogo e admitiu ter entregue R$ 100 milh\u00f5es a Paulo Vieira de Souza, o Paulo Preto, ex-diretor da Desenvolvimento Rodovi\u00e1rio S\/A (DERSA) no governo Serra, e visto como principal arrecadador do tucano.<\/p>\n<p>Ele deixou as sombras na campanha de Serra, em 2012, quando vazou a informa\u00e7\u00e3o de que supostamente teria se apropriado de recursos de campanha. Confrontado com o tema, Serra bateu em retirada e voltou imediatamente quando Paulo Preto proferiu afrase c\u00e9lebre: \u201cn\u00e3o se deixa um amigo ferido no campo de batalha\u201d.<\/p>\n<p>Segundo informa o jornal, Assad admitiu ter se valido de empresas de fachada para lavar recursos de empreiteiras em obras vi\u00e1rias como a Nova Marginal do Tiet\u00ea, o Rodoanel e o Complexo Jacu-P\u00eassego.<\/p>\n<p>Segundo ele, os pagamentos eram em esp\u00e9cie para o caixa 2 das construtoras. Elas subcontratavam suas empresas, que recebiam os pagamentos, emitiam notas frias, e devolviam o dinheiro em esp\u00e9cie para as empreiteiras. No per\u00edodo 2007 a 2012 esse esquema movimentou R$ 1,3 bilh\u00e3o.<\/p>\n<p>Aparentemente, a dela\u00e7\u00e3o de Assad vem com imensa riqueza de detalhes. Ele promete detalhar o funcionamento do sistema financeiro paralelo, o banco das propinas, das construtoras. Inclusive indicando o im\u00f3vel onde o dinheiro, em esp\u00e9cie, era armazenado.<\/p>\n<p>O que chama a aten\u00e7\u00e3o:<\/p>\n<p>1) Desde junho de 2015 a Procuradoria Geral da Rep\u00fablica tem um amplo relat\u00f3rio sobre as atividades de Assad. N\u00e3o se sabe de nenhum inqu\u00e9rito que tenha batido no padrinho de Paulo Preto, Jos\u00e9 Serra. Ali\u00e1s, nenhum tesoureiro tucano, embora sem prerrogativa de foro, foi incomodado at\u00e9 hoje.<\/p>\n<p>2) Ao contr\u00e1rio de outras dela\u00e7\u00f5es, Assad n\u00e3o apontou o nome de nenhum pol\u00edtico benefici\u00e1rio das propinas, alegando n\u00e3o ter provas contra eles. \u00c9 evidente que n\u00e3o! O dinheiro \u00e9 sempre entregue a intermedi\u00e1rios, no caso Paulo Preto. Mas, em outras oportunidades, o Minist\u00e9rio P\u00fablico Federal acatou as indica\u00e7\u00f5es de nomes de pol\u00edticos, a partir das conversas dos delatores com os intermedi\u00e1rios. Aparentemente, a n\u00e3o cita\u00e7\u00e3o de Serra ou Alckmin foi mais um ato de benevol\u00eancia do Procurador Geral da Rep\u00fablica Rodrigo Janot.<\/p>\n<p>3) Segundo informa a reportagem, h\u00e1 resist\u00eancia do Minist\u00e9rio P\u00fablico Federal em aceitar a dela\u00e7\u00e3o de Assad, alegando que j\u00e1 det\u00e9m as informa\u00e7\u00f5es que ele promete apresentar. No ano passado, Janot inviabilizou o depoimento de L\u00e9o Pinheiro, da OAS, que prometia detalhar o esquema de propinas do governo de S\u00e3o Paulo.<\/p>\n<p>4) Desde mar\u00e7o de 2015 Janot tinha um relat\u00f3rio oficial descrevendo a atua\u00e7\u00e3o de Adir Assad junto \u00e0s empreiteiras que atuavam em S\u00e2o Paulo. Dois anos e nenhum inqu\u00e9rito foi aberto contra governantes paulistas.<\/p>\n","protected":false},"excerpt":{"rendered":"<p>Luis Nassif A Lava Jato enfim chegou a Paulo Preto, o principal operador do tucanato paulista com as empreiteiras.Preso desde agosto do ano passado, Adir Assad decidiu abrir o jogo e admitiu ter entregue R$ 100 milh\u00f5es a Paulo Vieira de Souza, o Paulo Preto, ex-diretor da Desenvolvimento Rodovi\u00e1rio S\/A (DERSA) no governo Serra, e [&hellip;]<\/p>\n","protected":false},"author":2,"featured_media":130981,"comment_status":"open","ping_status":"closed","sticky":false,"template":"","format":"standard","meta":{"_acf_changed":false,"footnotes":""},"categories":[25],"tags":[],"class_list":["post-130980","post","type-post","status-publish","format-standard","has-post-thumbnail","hentry","category-opina-ai"],"acf":[],"yoast_head":"<!-- This site is optimized with the Yoast SEO plugin v27.5 - https:\/\/yoast.com\/product\/yoast-seo-wordpress\/ -->\n<title>Lava Jato est\u00e1 a meio caminho de pegar o tucanato - Notibras<\/title>\n<meta name=\"robots\" content=\"index, follow, max-snippet:-1, max-image-preview:large, max-video-preview:-1\" \/>\n<link rel=\"canonical\" href=\"https:\/\/www.notibras.com\/site\/lava-jato-esta-meio-caminho-de-pegar-o-tucanato\/\" \/>\n<meta property=\"og:locale\" content=\"pt_BR\" \/>\n<meta property=\"og:type\" content=\"article\" \/>\n<meta property=\"og:title\" content=\"Lava Jato est\u00e1 a meio caminho de pegar o tucanato - Notibras\" \/>\n<meta property=\"og:description\" content=\"Luis Nassif A Lava Jato enfim chegou a Paulo Preto, o principal operador do tucanato paulista com as empreiteiras.Preso desde agosto do ano passado, Adir Assad decidiu abrir o jogo e admitiu ter entregue R$ 100 milh\u00f5es a Paulo Vieira de Souza, o Paulo Preto, ex-diretor da Desenvolvimento Rodovi\u00e1rio S\/A (DERSA) no governo Serra, e [&hellip;]\" \/>\n<meta property=\"og:url\" content=\"https:\/\/www.notibras.com\/site\/lava-jato-esta-meio-caminho-de-pegar-o-tucanato\/\" \/>\n<meta property=\"og:site_name\" content=\"Notibras\" \/>\n<meta property=\"article:publisher\" content=\"https:\/\/www.facebook.com\/notibras\/\" \/>\n<meta property=\"article:published_time\" content=\"2017-03-06T09:53:45+00:00\" \/>\n<meta property=\"og:image\" content=\"https:\/\/www.notibras.com\/site\/wp-content\/uploads\/2017\/03\/serras_fuross.jpeg\" \/>\n\t<meta property=\"og:image:width\" content=\"768\" \/>\n\t<meta property=\"og:image:height\" content=\"511\" \/>\n\t<meta property=\"og:image:type\" content=\"image\/jpeg\" \/>\n<meta name=\"author\" content=\"Reda\u00e7\u00e3o\" \/>\n<meta name=\"twitter:card\" content=\"summary_large_image\" \/>\n<meta name=\"twitter:creator\" content=\"@Notibras\" \/>\n<meta name=\"twitter:site\" content=\"@Notibras\" \/>\n<meta name=\"twitter:label1\" content=\"Escrito por\" \/>\n\t<meta name=\"twitter:data1\" content=\"Reda\u00e7\u00e3o\" \/>\n\t<meta name=\"twitter:label2\" content=\"Est. tempo de leitura\" \/>\n\t<meta name=\"twitter:data2\" content=\"2 minutos\" \/>\n<script type=\"application\/ld+json\" class=\"yoast-schema-graph\">{\"@context\":\"https:\\\/\\\/schema.org\",\"@graph\":[{\"@type\":\"Article\",\"@id\":\"https:\\\/\\\/www.notibras.com\\\/site\\\/lava-jato-esta-meio-caminho-de-pegar-o-tucanato\\\/#article\",\"isPartOf\":{\"@id\":\"https:\\\/\\\/www.notibras.com\\\/site\\\/lava-jato-esta-meio-caminho-de-pegar-o-tucanato\\\/\"},\"author\":{\"name\":\"Reda\u00e7\u00e3o\",\"@id\":\"https:\\\/\\\/www.notibras.com\\\/site\\\/#\\\/schema\\\/person\\\/36ab0979449956132d3e5b517ea76ac8\"},\"headline\":\"Lava Jato est\u00e1 a meio caminho de pegar o tucanato\",\"datePublished\":\"2017-03-06T09:53:45+00:00\",\"mainEntityOfPage\":{\"@id\":\"https:\\\/\\\/www.notibras.com\\\/site\\\/lava-jato-esta-meio-caminho-de-pegar-o-tucanato\\\/\"},\"wordCount\":495,\"commentCount\":0,\"publisher\":{\"@id\":\"https:\\\/\\\/www.notibras.com\\\/site\\\/#organization\"},\"image\":{\"@id\":\"https:\\\/\\\/www.notibras.com\\\/site\\\/lava-jato-esta-meio-caminho-de-pegar-o-tucanato\\\/#primaryimage\"},\"thumbnailUrl\":\"https:\\\/\\\/www.notibras.com\\\/site\\\/wp-content\\\/uploads\\\/2017\\\/03\\\/serras_fuross.jpeg\",\"articleSection\":[\"Opina a\u00ed\"],\"inLanguage\":\"pt-BR\",\"potentialAction\":[{\"@type\":\"CommentAction\",\"name\":\"Comment\",\"target\":[\"https:\\\/\\\/www.notibras.com\\\/site\\\/lava-jato-esta-meio-caminho-de-pegar-o-tucanato\\\/#respond\"]}]},{\"@type\":\"WebPage\",\"@id\":\"https:\\\/\\\/www.notibras.com\\\/site\\\/lava-jato-esta-meio-caminho-de-pegar-o-tucanato\\\/\",\"url\":\"https:\\\/\\\/www.notibras.com\\\/site\\\/lava-jato-esta-meio-caminho-de-pegar-o-tucanato\\\/\",\"name\":\"Lava Jato est\u00e1 a meio caminho de pegar o tucanato - Notibras\",\"isPartOf\":{\"@id\":\"https:\\\/\\\/www.notibras.com\\\/site\\\/#website\"},\"primaryImageOfPage\":{\"@id\":\"https:\\\/\\\/www.notibras.com\\\/site\\\/lava-jato-esta-meio-caminho-de-pegar-o-tucanato\\\/#primaryimage\"},\"image\":{\"@id\":\"https:\\\/\\\/www.notibras.com\\\/site\\\/lava-jato-esta-meio-caminho-de-pegar-o-tucanato\\\/#primaryimage\"},\"thumbnailUrl\":\"https:\\\/\\\/www.notibras.com\\\/site\\\/wp-content\\\/uploads\\\/2017\\\/03\\\/serras_fuross.jpeg\",\"datePublished\":\"2017-03-06T09:53:45+00:00\",\"breadcrumb\":{\"@id\":\"https:\\\/\\\/www.notibras.com\\\/site\\\/lava-jato-esta-meio-caminho-de-pegar-o-tucanato\\\/#breadcrumb\"},\"inLanguage\":\"pt-BR\",\"potentialAction\":[{\"@type\":\"ReadAction\",\"target\":[\"https:\\\/\\\/www.notibras.com\\\/site\\\/lava-jato-esta-meio-caminho-de-pegar-o-tucanato\\\/\"]}]},{\"@type\":\"ImageObject\",\"inLanguage\":\"pt-BR\",\"@id\":\"https:\\\/\\\/www.notibras.com\\\/site\\\/lava-jato-esta-meio-caminho-de-pegar-o-tucanato\\\/#primaryimage\",\"url\":\"https:\\\/\\\/www.notibras.com\\\/site\\\/wp-content\\\/uploads\\\/2017\\\/03\\\/serras_fuross.jpeg\",\"contentUrl\":\"https:\\\/\\\/www.notibras.com\\\/site\\\/wp-content\\\/uploads\\\/2017\\\/03\\\/serras_fuross.jpeg\",\"width\":768,\"height\":511},{\"@type\":\"BreadcrumbList\",\"@id\":\"https:\\\/\\\/www.notibras.com\\\/site\\\/lava-jato-esta-meio-caminho-de-pegar-o-tucanato\\\/#breadcrumb\",\"itemListElement\":[{\"@type\":\"ListItem\",\"position\":1,\"name\":\"In\u00edcio\",\"item\":\"https:\\\/\\\/www.notibras.com\\\/site\\\/\"},{\"@type\":\"ListItem\",\"position\":2,\"name\":\"Lava Jato est\u00e1 a meio caminho de pegar o tucanato\"}]},{\"@type\":\"WebSite\",\"@id\":\"https:\\\/\\\/www.notibras.com\\\/site\\\/#website\",\"url\":\"https:\\\/\\\/www.notibras.com\\\/site\\\/\",\"name\":\"Notibras\",\"description\":\"Not\u00edcias de Bras\u00edlia, do Brasil e do Mundo\",\"publisher\":{\"@id\":\"https:\\\/\\\/www.notibras.com\\\/site\\\/#organization\"},\"potentialAction\":[{\"@type\":\"SearchAction\",\"target\":{\"@type\":\"EntryPoint\",\"urlTemplate\":\"https:\\\/\\\/www.notibras.com\\\/site\\\/?s={search_term_string}\"},\"query-input\":{\"@type\":\"PropertyValueSpecification\",\"valueRequired\":true,\"valueName\":\"search_term_string\"}}],\"inLanguage\":\"pt-BR\"},{\"@type\":\"Organization\",\"@id\":\"https:\\\/\\\/www.notibras.com\\\/site\\\/#organization\",\"name\":\"Grupo Notibras de Comunica\u00e7\u00e3o\",\"url\":\"https:\\\/\\\/www.notibras.com\\\/site\\\/\",\"logo\":{\"@type\":\"ImageObject\",\"inLanguage\":\"pt-BR\",\"@id\":\"https:\\\/\\\/www.notibras.com\\\/site\\\/#\\\/schema\\\/logo\\\/image\\\/\",\"url\":\"https:\\\/\\\/www.notibras.com\\\/site\\\/wp-content\\\/uploads\\\/2023\\\/01\\\/notibras23.png\",\"contentUrl\":\"https:\\\/\\\/www.notibras.com\\\/site\\\/wp-content\\\/uploads\\\/2023\\\/01\\\/notibras23.png\",\"width\":350,\"height\":87,\"caption\":\"Grupo Notibras de Comunica\u00e7\u00e3o\"},\"image\":{\"@id\":\"https:\\\/\\\/www.notibras.com\\\/site\\\/#\\\/schema\\\/logo\\\/image\\\/\"},\"sameAs\":[\"https:\\\/\\\/www.facebook.com\\\/notibras\\\/\",\"https:\\\/\\\/x.com\\\/Notibras\",\"https:\\\/\\\/www.instagram.com\\\/notibras\\\/\"]},{\"@type\":\"Person\",\"@id\":\"https:\\\/\\\/www.notibras.com\\\/site\\\/#\\\/schema\\\/person\\\/36ab0979449956132d3e5b517ea76ac8\",\"name\":\"Reda\u00e7\u00e3o\",\"image\":{\"@type\":\"ImageObject\",\"inLanguage\":\"pt-BR\",\"@id\":\"https:\\\/\\\/secure.gravatar.com\\\/avatar\\\/e0a867bdedb85fd243eadf09663511f96fc81e0720a4a42581f334ad4303aa6b?s=96&d=mm&r=g\",\"url\":\"https:\\\/\\\/secure.gravatar.com\\\/avatar\\\/e0a867bdedb85fd243eadf09663511f96fc81e0720a4a42581f334ad4303aa6b?s=96&d=mm&r=g\",\"contentUrl\":\"https:\\\/\\\/secure.gravatar.com\\\/avatar\\\/e0a867bdedb85fd243eadf09663511f96fc81e0720a4a42581f334ad4303aa6b?s=96&d=mm&r=g\",\"caption\":\"Reda\u00e7\u00e3o\"}}]}<\/script>\n<!-- \/ Yoast SEO plugin. -->","yoast_head_json":{"title":"Lava Jato est\u00e1 a meio caminho de pegar o tucanato - Notibras","robots":{"index":"index","follow":"follow","max-snippet":"max-snippet:-1","max-image-preview":"max-image-preview:large","max-video-preview":"max-video-preview:-1"},"canonical":"https:\/\/www.notibras.com\/site\/lava-jato-esta-meio-caminho-de-pegar-o-tucanato\/","og_locale":"pt_BR","og_type":"article","og_title":"Lava Jato est\u00e1 a meio caminho de pegar o tucanato - Notibras","og_description":"Luis Nassif A Lava Jato enfim chegou a Paulo Preto, o principal operador do tucanato paulista com as empreiteiras.Preso desde agosto do ano passado, Adir Assad decidiu abrir o jogo e admitiu ter entregue R$ 100 milh\u00f5es a Paulo Vieira de Souza, o Paulo Preto, ex-diretor da Desenvolvimento Rodovi\u00e1rio S\/A (DERSA) no governo Serra, e [&hellip;]","og_url":"https:\/\/www.notibras.com\/site\/lava-jato-esta-meio-caminho-de-pegar-o-tucanato\/","og_site_name":"Notibras","article_publisher":"https:\/\/www.facebook.com\/notibras\/","article_published_time":"2017-03-06T09:53:45+00:00","og_image":[{"width":768,"height":511,"url":"https:\/\/www.notibras.com\/site\/wp-content\/uploads\/2017\/03\/serras_fuross.jpeg","type":"image\/jpeg"}],"author":"Reda\u00e7\u00e3o","twitter_card":"summary_large_image","twitter_creator":"@Notibras","twitter_site":"@Notibras","twitter_misc":{"Escrito por":"Reda\u00e7\u00e3o","Est. tempo de leitura":"2 minutos"},"schema":{"@context":"https:\/\/schema.org","@graph":[{"@type":"Article","@id":"https:\/\/www.notibras.com\/site\/lava-jato-esta-meio-caminho-de-pegar-o-tucanato\/#article","isPartOf":{"@id":"https:\/\/www.notibras.com\/site\/lava-jato-esta-meio-caminho-de-pegar-o-tucanato\/"},"author":{"name":"Reda\u00e7\u00e3o","@id":"https:\/\/www.notibras.com\/site\/#\/schema\/person\/36ab0979449956132d3e5b517ea76ac8"},"headline":"Lava Jato est\u00e1 a meio caminho de pegar o tucanato","datePublished":"2017-03-06T09:53:45+00:00","mainEntityOfPage":{"@id":"https:\/\/www.notibras.com\/site\/lava-jato-esta-meio-caminho-de-pegar-o-tucanato\/"},"wordCount":495,"commentCount":0,"publisher":{"@id":"https:\/\/www.notibras.com\/site\/#organization"},"image":{"@id":"https:\/\/www.notibras.com\/site\/lava-jato-esta-meio-caminho-de-pegar-o-tucanato\/#primaryimage"},"thumbnailUrl":"https:\/\/www.notibras.com\/site\/wp-content\/uploads\/2017\/03\/serras_fuross.jpeg","articleSection":["Opina a\u00ed"],"inLanguage":"pt-BR","potentialAction":[{"@type":"CommentAction","name":"Comment","target":["https:\/\/www.notibras.com\/site\/lava-jato-esta-meio-caminho-de-pegar-o-tucanato\/#respond"]}]},{"@type":"WebPage","@id":"https:\/\/www.notibras.com\/site\/lava-jato-esta-meio-caminho-de-pegar-o-tucanato\/","url":"https:\/\/www.notibras.com\/site\/lava-jato-esta-meio-caminho-de-pegar-o-tucanato\/","name":"Lava Jato est\u00e1 a meio caminho de pegar o tucanato - Notibras","isPartOf":{"@id":"https:\/\/www.notibras.com\/site\/#website"},"primaryImageOfPage":{"@id":"https:\/\/www.notibras.com\/site\/lava-jato-esta-meio-caminho-de-pegar-o-tucanato\/#primaryimage"},"image":{"@id":"https:\/\/www.notibras.com\/site\/lava-jato-esta-meio-caminho-de-pegar-o-tucanato\/#primaryimage"},"thumbnailUrl":"https:\/\/www.notibras.com\/site\/wp-content\/uploads\/2017\/03\/serras_fuross.jpeg","datePublished":"2017-03-06T09:53:45+00:00","breadcrumb":{"@id":"https:\/\/www.notibras.com\/site\/lava-jato-esta-meio-caminho-de-pegar-o-tucanato\/#breadcrumb"},"inLanguage":"pt-BR","potentialAction":[{"@type":"ReadAction","target":["https:\/\/www.notibras.com\/site\/lava-jato-esta-meio-caminho-de-pegar-o-tucanato\/"]}]},{"@type":"ImageObject","inLanguage":"pt-BR","@id":"https:\/\/www.notibras.com\/site\/lava-jato-esta-meio-caminho-de-pegar-o-tucanato\/#primaryimage","url":"https:\/\/www.notibras.com\/site\/wp-content\/uploads\/2017\/03\/serras_fuross.jpeg","contentUrl":"https:\/\/www.notibras.com\/site\/wp-content\/uploads\/2017\/03\/serras_fuross.jpeg","width":768,"height":511},{"@type":"BreadcrumbList","@id":"https:\/\/www.notibras.com\/site\/lava-jato-esta-meio-caminho-de-pegar-o-tucanato\/#breadcrumb","itemListElement":[{"@type":"ListItem","position":1,"name":"In\u00edcio","item":"https:\/\/www.notibras.com\/site\/"},{"@type":"ListItem","position":2,"name":"Lava Jato est\u00e1 a meio caminho de pegar o tucanato"}]},{"@type":"WebSite","@id":"https:\/\/www.notibras.com\/site\/#website","url":"https:\/\/www.notibras.com\/site\/","name":"Notibras","description":"Not\u00edcias de Bras\u00edlia, do Brasil e do Mundo","publisher":{"@id":"https:\/\/www.notibras.com\/site\/#organization"},"potentialAction":[{"@type":"SearchAction","target":{"@type":"EntryPoint","urlTemplate":"https:\/\/www.notibras.com\/site\/?s={search_term_string}"},"query-input":{"@type":"PropertyValueSpecification","valueRequired":true,"valueName":"search_term_string"}}],"inLanguage":"pt-BR"},{"@type":"Organization","@id":"https:\/\/www.notibras.com\/site\/#organization","name":"Grupo Notibras de Comunica\u00e7\u00e3o","url":"https:\/\/www.notibras.com\/site\/","logo":{"@type":"ImageObject","inLanguage":"pt-BR","@id":"https:\/\/www.notibras.com\/site\/#\/schema\/logo\/image\/","url":"https:\/\/www.notibras.com\/site\/wp-content\/uploads\/2023\/01\/notibras23.png","contentUrl":"https:\/\/www.notibras.com\/site\/wp-content\/uploads\/2023\/01\/notibras23.png","width":350,"height":87,"caption":"Grupo Notibras de Comunica\u00e7\u00e3o"},"image":{"@id":"https:\/\/www.notibras.com\/site\/#\/schema\/logo\/image\/"},"sameAs":["https:\/\/www.facebook.com\/notibras\/","https:\/\/x.com\/Notibras","https:\/\/www.instagram.com\/notibras\/"]},{"@type":"Person","@id":"https:\/\/www.notibras.com\/site\/#\/schema\/person\/36ab0979449956132d3e5b517ea76ac8","name":"Reda\u00e7\u00e3o","image":{"@type":"ImageObject","inLanguage":"pt-BR","@id":"https:\/\/secure.gravatar.com\/avatar\/e0a867bdedb85fd243eadf09663511f96fc81e0720a4a42581f334ad4303aa6b?s=96&d=mm&r=g","url":"https:\/\/secure.gravatar.com\/avatar\/e0a867bdedb85fd243eadf09663511f96fc81e0720a4a42581f334ad4303aa6b?s=96&d=mm&r=g","contentUrl":"https:\/\/secure.gravatar.com\/avatar\/e0a867bdedb85fd243eadf09663511f96fc81e0720a4a42581f334ad4303aa6b?s=96&d=mm&r=g","caption":"Reda\u00e7\u00e3o"}}]}},"amp_enabled":true,"_links":{"self":[{"href":"https:\/\/www.notibras.com\/site\/wp-json\/wp\/v2\/posts\/130980","targetHints":{"allow":["GET"]}}],"collection":[{"href":"https:\/\/www.notibras.com\/site\/wp-json\/wp\/v2\/posts"}],"about":[{"href":"https:\/\/www.notibras.com\/site\/wp-json\/wp\/v2\/types\/post"}],"author":[{"embeddable":true,"href":"https:\/\/www.notibras.com\/site\/wp-json\/wp\/v2\/users\/2"}],"replies":[{"embeddable":true,"href":"https:\/\/www.notibras.com\/site\/wp-json\/wp\/v2\/comments?post=130980"}],"version-history":[{"count":1,"href":"https:\/\/www.notibras.com\/site\/wp-json\/wp\/v2\/posts\/130980\/revisions"}],"predecessor-version":[{"id":130982,"href":"https:\/\/www.notibras.com\/site\/wp-json\/wp\/v2\/posts\/130980\/revisions\/130982"}],"wp:featuredmedia":[{"embeddable":true,"href":"https:\/\/www.notibras.com\/site\/wp-json\/wp\/v2\/media\/130981"}],"wp:attachment":[{"href":"https:\/\/www.notibras.com\/site\/wp-json\/wp\/v2\/media?parent=130980"}],"wp:term":[{"taxonomy":"category","embeddable":true,"href":"https:\/\/www.notibras.com\/site\/wp-json\/wp\/v2\/categories?post=130980"},{"taxonomy":"post_tag","embeddable":true,"href":"https:\/\/www.notibras.com\/site\/wp-json\/wp\/v2\/tags?post=130980"}],"curies":[{"name":"wp","href":"https:\/\/api.w.org\/{rel}","templated":true}]}}