{"id":131105,"date":"2017-03-07T08:15:56","date_gmt":"2017-03-07T11:15:56","guid":{"rendered":"http:\/\/www.notibras.com\/site\/?p=131105"},"modified":"2017-03-07T08:15:56","modified_gmt":"2017-03-07T11:15:56","slug":"um-coracao-para-de-bater-mas-o-povo-nunca-esquece","status":"publish","type":"post","link":"https:\/\/www.notibras.com\/site\/um-coracao-para-de-bater-mas-o-povo-nunca-esquece\/","title":{"rendered":"Um cora\u00e7\u00e3o para de bater, mas o povo nunca esquece"},"content":{"rendered":"<p><strong>Beto Almeida<\/strong><\/p>\n<p>H\u00e1 4 anos, num 5 de mar\u00e7o, deixava de bater um cora\u00e7\u00e3o generoso com os povos e deixava de acionar um pensamento revolucion\u00e1rio, permanentemente vinculado \u00e0 a\u00e7\u00e3o transformadora, enfrentando estruturas arcaicas da Venezuela e da Am\u00e9rica Latina. Falamos da semeadura do Comandante Hugo Ch\u00e1vez, j\u00e1 que revolucion\u00e1rios desta extirpe n\u00e3o morrem, mas sim florescem e iluminam caminhos para a liberta\u00e7\u00e3o definitiva do jugo imperial. Hoje, este cora\u00e7\u00e3o bate no seio do povo e aquela consci\u00eancia de propagada enriquecedora.<\/p>\n<p>S\u00e3o tantas as facetas inovadoras na forma e conte\u00fado de atuar de Hugo Ch\u00e1vez que, num artigo, cabem apenas alguns registros desta personalidade que n\u00e3o se apagar\u00e1 da hist\u00f3ria, para que novas gera\u00e7\u00f5es de lutadores sociais tenham elementos claros de um exemplo que permanece despertando a\u00e7\u00f5es e de uma consci\u00eancia revolucion\u00e1ria que se faz, a cada dia, mais necess\u00e1ria.<\/p>\n<p>Suas in\u00fameras visitas ao Brasil, verdadeiros lampejos de interpreta\u00e7\u00f5es e de proposi\u00e7\u00f5es pr\u00e1ticas revolucion\u00e1rias, devem ser semrpre objeto de reflex\u00e3o, de aprendizagem, porque suas visitas eram uma escola de educa\u00e7\u00e3o pol\u00edtica a c\u00e9u aberto. Especialmente num momento t\u00e3o dif\u00edcil e t\u00e3o dram\u00e1tico como o vivido agora pelo povo brasileiro, quando os mesmos inimigos de Hugo Ch\u00e1vez atuam para demolir toda uma constru\u00e7\u00e3o feita durante d\u00e9cadas, a come\u00e7ar pelas conquistas da Era Vargas \u2013 por quem Ch\u00e1vez nutria profunda admira\u00e7\u00e3o \u2013 e continuadas posteriormente, por JK, por Jango, at\u00e9 mesmo na expans\u00e3o da presen\u00e7a estatal durante o regime ditatorial, e, especialmente, durante os governos Lula e Dilma, quando o Brasil saiu do Mapa da Fome da ONU.<\/p>\n<p>Ch\u00e1vez era sempre pensamento e a\u00e7\u00e3o. Suas numerosas vistas ao Brasil sempre deixavam frutos, rastros, no\u00e7\u00f5es de pol\u00edticas integracionistas, introduzindo na cena pol\u00edtica a den\u00fancia da atua\u00e7\u00e3o desestabilizadora do imperialismo, sobre o que n\u00e3o se deve ter d\u00favidas. E criava instrumentos alternativos. No Paran\u00e1, por exemplo, em coopera\u00e7\u00e3o com o governo do ent\u00e3o governador Requi\u00e3o e a Universidade Federal do Paran\u00e1, fundou a Escola Latino-Americana de Agro-ecologia, com a participa\u00e7\u00e3o direta do MST, para produzir conhecimentos e t\u00e9cnicas visando uma agricultura sana, sem veneno, acolhendo alunos de todos os pa\u00edses latino-americanos, semeando mais que sementes, a id\u00e9ia pr\u00e1tica integracionista dos povos.<\/p>\n<p>Tamb\u00e9m firmou conv\u00eanio com o governador paranaense para uma coopera\u00e7\u00e3o entre a Telesur e a TV Paran\u00e1 Educativa, produzindo conte\u00fados televisivos em alternativa \u00e0 baixaria podre imposta pelo mercado \u00e0 m\u00eddia, criando um modo de fazer televisivo questinador da aliena\u00e7\u00e3o da TV comercial e com a capacidade, conforme argumentava, de \u201cenamorar os povos\u201d por meio da informa\u00e7\u00e3o e da cultura. Certamente, esta modalidade de coopera\u00e7\u00e3o poderia ter sido muito mais amplificada se tivesse contado com a participa\u00e7\u00e3o da TV Brasil, o que era totalmente poss\u00edvel.<\/p>\n<p>Em outra visita ao Brasil, a Pernambuco, desceu no Aeroporto de Guararapes, no Recife, recitando de cor o lindo texto de Jo\u00e3o Cabral de Melo Neto, \u201cA manh\u00e3\u201d, como forma de elogiar a cultura nordestina, o povo pernambucano e, tamb\u00e9m, de trazer a literatura e a poesia para o seio da visita que fazia \u00e0 Refinaria Abreu e Lima, assim batizada com nome de personalidade hist\u00f3rica da revolucion\u00e1ria tradi\u00e7\u00e3o pernambucana, e que, al\u00e9m de tudo, havia lutado ao lado de Bol\u00edvar nas Guerras de Independ\u00eancia da Venezuela no jugo imperial espanhol. Uma empresa bi-estatal, com o nome de um general pernambucano bolivariano, que cruzou os Andes a cavalo para libertar a Gran-Col\u00f4mbia.<\/p>\n<p>Essa forma simp\u00e1tica de agir, mas informal e despida do pesado protocolo estatal cargo, trazia a informa\u00e7\u00e3o hist\u00f3rica educadora (quantos conhecem no Brasil a trajet\u00f3ria do general Abreu e Lima?), a informa\u00e7\u00e3o cultural (Jo\u00e3o Cabral de Melo Neto recitado de p\u00e9, no aeroporto, antes mesmo de bater contin\u00eancia ou de formalismos outros) e com o discurso pol\u00edtico que fez do petr\u00f3leo uma ferramenta da integra\u00e7\u00e3o econ\u00f4mica e energ\u00e9tica da Am\u00e9rica Latina.<\/p>\n<p>A integra\u00e7\u00e3o energ\u00e9tica foi defendida apaixonadamente por Hugo Chavez em toda a sua constante e necess\u00e1ria gira por todos os continentes, onde denunciava os crimes do imperialismo, sob Bush ou sob Obama, e demonstrava aos povos que o petr\u00f3leo poderia promover um salto produtivo em toda a Am\u00e9rica Latina. Indo al\u00e9m do discurso, criou a Petrosul e a Petrocaribe, que ,juntamente com o Banco do Sul, s\u00e3o ferramentas pr\u00e1ticas e concretas para a redu\u00e7\u00e3o das assimetrias hist\u00f3ricas, ou, como a express\u00e3o que Lula traduziu como , \u2018\u00e9 preciso que todos os povos cres\u00e7am juntos\u201d. Para isto s\u00e3o nescess\u00e1rias e indispens\u00e1veis as pol\u00edticas de estado, como a que permitiu a constur\u00e7\u00e3o do Porto de Mariel, ou o Metr\u00f4 de Caracas. O sonho de Ch\u00e1vez era ir al\u00e9m, reivindicando a constru\u00e7\u00e3o do Gasoduto do Sul e a Ferrovia do Sul.<\/p>\n<p>Aos ouvidos c\u00e9ticos, argumentava, sempre com sua maneira persuasiva, simples e ardente de defender as ideias transformadoras, que toda a Europa j\u00e1 \u00e9 praticamente interligada por gasodutos e que ferrovias j\u00e1 cruzam a Sib\u00e9ria a d\u00e9cadas, unindo territ\u00f3rio europeu \u00e0 Asia. Por que n\u00e3o na Am\u00e8rica do Sul, argumentava? E sempre mencionava , tamb\u00e9m, as integra\u00e7\u00f5es por meio de hidrovias<\/p>\n<p>Ainda falando de cultura, tive ocasi\u00e3o de presenciar a visita de Ch\u00e1vez, acompanhado da cantora Beth Carvalho, \u00e0 Escola de Samba Mangueira, Escola fundada Cartola e Nelson Cavaquyinho, quando, al\u00e9m de tocar um surdo como se fosse um menino descobrindo a vida, e de tentar ensaiar alguns passos de sambas com as passistas, falou carinhosamente com o povo mangueirense, lembrando as ra\u00edzes comuns com a \u00c1frica, a luta de Bol\u00edvar contra o escravagismo, a for\u00e7a da cultura negra e sua contribui\u00e7\u00e3o libert\u00e1ria, refor\u00e7ando as pol\u00edticas estatais de combate ao racismo. E tudo isto com um surdo na m\u00e3o, depois de beijar a m\u00e3o de cada uma das passistas da Esta\u00e7\u00e3o Primeira.<\/p>\n<p>Em visita ao F\u00f3rum Social de Porto Alegre, n\u00e3o limitou sua participa\u00e7\u00e3o no evento ao importante discurso pol\u00edtico que fez no Gigantinho e ao encontro com intelectuais e comunicadores alternativos. Realizou tamb\u00e9m uma simb\u00f3lica visita ao Assentamento de Taques do MST, onde se produz de forma integrada o arroz, a cria\u00e7\u00e3o de peixes e de portos, sem o uso de agressivos agr\u00edcolas contaminantes. Era mensagem clara, vibrante, com palavras e a\u00e7\u00e3o, para todo o mundo, em defesa da Reforma Agr\u00e1ria e do programa de transforma\u00e7\u00f5es sociais com a participa\u00e7\u00e3o direta do campesinato nestas mudan\u00e7as.Sua presen\u00e7a no FSM era mensagem direta aos movimentos sociais do mundo sobre a necessidade de formula\u00e7\u00e3o de pol\u00edticas para sempre aplicadas com a a\u00e7\u00e3o pol\u00edtica do estado.<\/p>\n<p>Al\u00e9m de tudo, Ch\u00e1vez era e \u00e9 a express\u00e3o viva da exist\u00eancia da correntes militares progressistas e revolucion\u00e1rias, que deveriam sempre estarem unidas ao povo, em processos democr\u00e1ticos, para, organizados em torno de um projeto estrat\u00e9gico, promover o pensamento integracionista bolivariano ao campo das pol\u00edticas estrat\u00e9gicas de estado. Al\u00e9m de tudo o que j\u00e1 foi dito acima, e existiriam muitos outros elementos a mencionar, a exist\u00eancia de uma Uni\u00e3o C\u00edvico Militar foi a base que organizou a Revolu\u00e7\u00e3o de 1930 no Brasil, construindo , nesta alian\u00e7a, a Petrobras, a Vale do Rio Doce, a Cia Sider\u00fargica Nacional, o ITA, o Programa Nuclear Brasileiro, fen\u00f4meno pol\u00edtico que tamb\u00e9m houve na Era Per\u00f3n, retomada pelos Kirchner, que transformou a Argentina numa pot\u00eancia industrial e social.<\/p>\n<p>A unidade c\u00edvico militar foi respons\u00e1vel tamb\u00e9m pela Revolu\u00e7\u00e3o Inca, no Peru, sob o comando do general Juan Velasco Alvarado, bem como pelo governo progressista militar no Equador e tamb\u00e9m na Bol\u00edvia, onde agora o Presidente Evo Morales, como a mandar uma mensagem ao futuro, funda a Academia Militar Anti-imperialista Juan Jos\u00e9 Torres, general que comandou o pa\u00eds andino com pol\u00edticas estatizantes e progressistas, e que, por isso mesmo, foi assassinado pela Opera\u00e7\u00e3o Condor, quando estava exilado em Buenos Aires. No Uruguai, a Frente Ampla de Esquerda foi fundada e presidida pelo General L\u00edber Seregni.<\/p>\n<p>Ch\u00e1vez sempre mencionava em seus discursos o papel do Coronel Thomas Sankara, que presidiu e transformou Burkina Fasso, construindo at\u00e9 ferrovias com as m\u00e3os, mobilizando o povo, a quem o l\u00edder bolivariano chamava de o Guevara Negro. A a\u00e7\u00e3o pol\u00edtica di\u00e1ria de Ch\u00e1vez consistia em aproveitar cada segundo de cada visita, cada declara\u00e7\u00e3o, para formar quadros e educar politicamente. Por isso irritava tanto o imp\u00e9rio\u2026.<\/p>\n<p>Nestes 4 anos de sua semeadura, verificamos a presen\u00e7a de Ch\u00e1vez n\u00e3o apenas nestes exemplos mencionados \u2013 haveria tantos outros a citar \u2013 mas sobretudo na constru\u00e7\u00e3o da unidade popular e da uni\u00e3o c\u00edvico militar, s\u00e3o os fatores decisivos que garantem hoje a continuidade da Revolu\u00e7\u00e3o Bolivariana, t\u00e3o atacada, permanentemente, pelo imp\u00e9rio do Norte. Para enfrentar a sabotagem monet\u00e1ria, a crise fabricada do desabastecimento, e manter , apesar de tudo, todos os programas essenciais para o povo, entre eles a valoriza\u00e7\u00e3o do sal\u00e1rio m\u00ednimo, a constru\u00e7\u00e3o em massa de casas populares equipadas, com o apoio da R\u00fassia, da China e do Ir\u00e3 \u2013 baseando-se no exemplo do Minha Casa, Minha Vida, de Lula e Dilma \u2013 \u00e9 indispens\u00e1vel a alian\u00e7a c\u00edvico militar.<\/p>\n<p>A queda artificial dos pre\u00e7os do petr\u00f3leo, a guerra midi\u00e1tica da CNN e outras contra a Venezuela, (TV Globo) tudo isso exige unidade e determina\u00e7\u00e3o para ser enfrentado como se deve, pois, nenhum pa\u00eds que desafia os poderes imperiais deixou ou deixar\u00e1 de ser atacado criminosamente, como foi feito contra a L\u00edbia de Kadafi, sendo Hugo Ch\u00e1vez um dos principais defensores da revolu\u00e7\u00e3o l\u00edbia, que j\u00e1 havia conquistado os mais elevados Indicadores de Desenvolvimento Humano de toda a \u00c1frica. Foi esta vis\u00e3o internacionalista da luta contra o imp\u00e9rio que levou Hugo Ch\u00e1vez a propor a cria\u00e7\u00e3o de uma Quinta Internacional, para organizar a luta dos povos oprimidos e revolucion\u00e1rios em escala mundial.<\/p>\n<p>Assim, ante esta fonte inesgot\u00e1vel de exemplos em que o pensamento est\u00e1 sempre unido \u00e0 a\u00e7\u00e3o, Hugo Ch\u00e1vez permanece como um imenso legado a ser cada vez mais compreendido com uma bussola capaz de orientar os lutadores sociais, os governos populares, que t\u00eam na Venezuela e no governo de Nicol\u00e1s Maduro, um basti\u00e3o decidido a resistir ao imp\u00e9rio e a a cumprir o compromisso eterno com as causas deste Comandante que sempre recorria ao canto apaixonado e popular de Ali Primera, interrompendo com\u00edcios para cantar com o povo , pelo qual sua voz ecoa ainda hoje por todos os lados, em acordes e poesia, a justa raz\u00e3o da Revolu\u00e7\u00e3o Bolivariana.<\/p>\n","protected":false},"excerpt":{"rendered":"<p>Beto Almeida H\u00e1 4 anos, num 5 de mar\u00e7o, deixava de bater um cora\u00e7\u00e3o generoso com os povos e deixava de acionar um pensamento revolucion\u00e1rio, permanentemente vinculado \u00e0 a\u00e7\u00e3o transformadora, enfrentando estruturas arcaicas da Venezuela e da Am\u00e9rica Latina. Falamos da semeadura do Comandante Hugo Ch\u00e1vez, j\u00e1 que revolucion\u00e1rios desta extirpe n\u00e3o morrem, mas sim [&hellip;]<\/p>\n","protected":false},"author":2,"featured_media":131106,"comment_status":"open","ping_status":"closed","sticky":false,"template":"","format":"standard","meta":{"_acf_changed":false,"footnotes":""},"categories":[25],"tags":[],"class_list":["post-131105","post","type-post","status-publish","format-standard","has-post-thumbnail","hentry","category-opina-ai"],"acf":[],"yoast_head":"<!-- This site is optimized with the Yoast SEO plugin v27.5 - https:\/\/yoast.com\/product\/yoast-seo-wordpress\/ -->\n<title>Um cora\u00e7\u00e3o para de bater, mas o povo nunca esquece - Notibras<\/title>\n<meta name=\"robots\" content=\"index, follow, max-snippet:-1, max-image-preview:large, max-video-preview:-1\" \/>\n<link rel=\"canonical\" href=\"https:\/\/www.notibras.com\/site\/um-coracao-para-de-bater-mas-o-povo-nunca-esquece\/\" \/>\n<meta property=\"og:locale\" content=\"pt_BR\" \/>\n<meta property=\"og:type\" content=\"article\" \/>\n<meta property=\"og:title\" content=\"Um cora\u00e7\u00e3o para de bater, mas o povo nunca esquece - Notibras\" \/>\n<meta property=\"og:description\" content=\"Beto Almeida H\u00e1 4 anos, num 5 de mar\u00e7o, deixava de bater um cora\u00e7\u00e3o generoso com os povos e deixava de acionar um pensamento revolucion\u00e1rio, permanentemente vinculado \u00e0 a\u00e7\u00e3o transformadora, enfrentando estruturas arcaicas da Venezuela e da Am\u00e9rica Latina. Falamos da semeadura do Comandante Hugo Ch\u00e1vez, j\u00e1 que revolucion\u00e1rios desta extirpe n\u00e3o morrem, mas sim [&hellip;]\" \/>\n<meta property=\"og:url\" content=\"https:\/\/www.notibras.com\/site\/um-coracao-para-de-bater-mas-o-povo-nunca-esquece\/\" \/>\n<meta property=\"og:site_name\" content=\"Notibras\" \/>\n<meta property=\"article:publisher\" content=\"https:\/\/www.facebook.com\/notibras\/\" \/>\n<meta property=\"article:published_time\" content=\"2017-03-07T11:15:56+00:00\" \/>\n<meta property=\"og:image\" content=\"https:\/\/www.notibras.com\/site\/wp-content\/uploads\/2017\/03\/mercosul1.jpg\" \/>\n\t<meta property=\"og:image:width\" content=\"640\" \/>\n\t<meta property=\"og:image:height\" content=\"427\" \/>\n\t<meta property=\"og:image:type\" content=\"image\/jpeg\" \/>\n<meta name=\"author\" content=\"Reda\u00e7\u00e3o\" \/>\n<meta name=\"twitter:card\" content=\"summary_large_image\" \/>\n<meta name=\"twitter:creator\" content=\"@Notibras\" \/>\n<meta name=\"twitter:site\" content=\"@Notibras\" \/>\n<meta name=\"twitter:label1\" content=\"Escrito por\" \/>\n\t<meta name=\"twitter:data1\" content=\"Reda\u00e7\u00e3o\" \/>\n\t<meta name=\"twitter:label2\" content=\"Est. tempo de leitura\" \/>\n\t<meta name=\"twitter:data2\" content=\"9 minutos\" \/>\n<script type=\"application\/ld+json\" class=\"yoast-schema-graph\">{\"@context\":\"https:\\\/\\\/schema.org\",\"@graph\":[{\"@type\":\"Article\",\"@id\":\"https:\\\/\\\/www.notibras.com\\\/site\\\/um-coracao-para-de-bater-mas-o-povo-nunca-esquece\\\/#article\",\"isPartOf\":{\"@id\":\"https:\\\/\\\/www.notibras.com\\\/site\\\/um-coracao-para-de-bater-mas-o-povo-nunca-esquece\\\/\"},\"author\":{\"name\":\"Reda\u00e7\u00e3o\",\"@id\":\"https:\\\/\\\/www.notibras.com\\\/site\\\/#\\\/schema\\\/person\\\/36ab0979449956132d3e5b517ea76ac8\"},\"headline\":\"Um cora\u00e7\u00e3o para de bater, mas o povo nunca esquece\",\"datePublished\":\"2017-03-07T11:15:56+00:00\",\"mainEntityOfPage\":{\"@id\":\"https:\\\/\\\/www.notibras.com\\\/site\\\/um-coracao-para-de-bater-mas-o-povo-nunca-esquece\\\/\"},\"wordCount\":1900,\"commentCount\":0,\"publisher\":{\"@id\":\"https:\\\/\\\/www.notibras.com\\\/site\\\/#organization\"},\"image\":{\"@id\":\"https:\\\/\\\/www.notibras.com\\\/site\\\/um-coracao-para-de-bater-mas-o-povo-nunca-esquece\\\/#primaryimage\"},\"thumbnailUrl\":\"https:\\\/\\\/www.notibras.com\\\/site\\\/wp-content\\\/uploads\\\/2017\\\/03\\\/mercosul1.jpg\",\"articleSection\":[\"Opina a\u00ed\"],\"inLanguage\":\"pt-BR\",\"potentialAction\":[{\"@type\":\"CommentAction\",\"name\":\"Comment\",\"target\":[\"https:\\\/\\\/www.notibras.com\\\/site\\\/um-coracao-para-de-bater-mas-o-povo-nunca-esquece\\\/#respond\"]}]},{\"@type\":\"WebPage\",\"@id\":\"https:\\\/\\\/www.notibras.com\\\/site\\\/um-coracao-para-de-bater-mas-o-povo-nunca-esquece\\\/\",\"url\":\"https:\\\/\\\/www.notibras.com\\\/site\\\/um-coracao-para-de-bater-mas-o-povo-nunca-esquece\\\/\",\"name\":\"Um cora\u00e7\u00e3o para de bater, mas o povo nunca esquece - Notibras\",\"isPartOf\":{\"@id\":\"https:\\\/\\\/www.notibras.com\\\/site\\\/#website\"},\"primaryImageOfPage\":{\"@id\":\"https:\\\/\\\/www.notibras.com\\\/site\\\/um-coracao-para-de-bater-mas-o-povo-nunca-esquece\\\/#primaryimage\"},\"image\":{\"@id\":\"https:\\\/\\\/www.notibras.com\\\/site\\\/um-coracao-para-de-bater-mas-o-povo-nunca-esquece\\\/#primaryimage\"},\"thumbnailUrl\":\"https:\\\/\\\/www.notibras.com\\\/site\\\/wp-content\\\/uploads\\\/2017\\\/03\\\/mercosul1.jpg\",\"datePublished\":\"2017-03-07T11:15:56+00:00\",\"breadcrumb\":{\"@id\":\"https:\\\/\\\/www.notibras.com\\\/site\\\/um-coracao-para-de-bater-mas-o-povo-nunca-esquece\\\/#breadcrumb\"},\"inLanguage\":\"pt-BR\",\"potentialAction\":[{\"@type\":\"ReadAction\",\"target\":[\"https:\\\/\\\/www.notibras.com\\\/site\\\/um-coracao-para-de-bater-mas-o-povo-nunca-esquece\\\/\"]}]},{\"@type\":\"ImageObject\",\"inLanguage\":\"pt-BR\",\"@id\":\"https:\\\/\\\/www.notibras.com\\\/site\\\/um-coracao-para-de-bater-mas-o-povo-nunca-esquece\\\/#primaryimage\",\"url\":\"https:\\\/\\\/www.notibras.com\\\/site\\\/wp-content\\\/uploads\\\/2017\\\/03\\\/mercosul1.jpg\",\"contentUrl\":\"https:\\\/\\\/www.notibras.com\\\/site\\\/wp-content\\\/uploads\\\/2017\\\/03\\\/mercosul1.jpg\",\"width\":640,\"height\":427},{\"@type\":\"BreadcrumbList\",\"@id\":\"https:\\\/\\\/www.notibras.com\\\/site\\\/um-coracao-para-de-bater-mas-o-povo-nunca-esquece\\\/#breadcrumb\",\"itemListElement\":[{\"@type\":\"ListItem\",\"position\":1,\"name\":\"In\u00edcio\",\"item\":\"https:\\\/\\\/www.notibras.com\\\/site\\\/\"},{\"@type\":\"ListItem\",\"position\":2,\"name\":\"Um cora\u00e7\u00e3o para de bater, mas o povo nunca esquece\"}]},{\"@type\":\"WebSite\",\"@id\":\"https:\\\/\\\/www.notibras.com\\\/site\\\/#website\",\"url\":\"https:\\\/\\\/www.notibras.com\\\/site\\\/\",\"name\":\"Notibras\",\"description\":\"Not\u00edcias de Bras\u00edlia, do Brasil e do Mundo\",\"publisher\":{\"@id\":\"https:\\\/\\\/www.notibras.com\\\/site\\\/#organization\"},\"potentialAction\":[{\"@type\":\"SearchAction\",\"target\":{\"@type\":\"EntryPoint\",\"urlTemplate\":\"https:\\\/\\\/www.notibras.com\\\/site\\\/?s={search_term_string}\"},\"query-input\":{\"@type\":\"PropertyValueSpecification\",\"valueRequired\":true,\"valueName\":\"search_term_string\"}}],\"inLanguage\":\"pt-BR\"},{\"@type\":\"Organization\",\"@id\":\"https:\\\/\\\/www.notibras.com\\\/site\\\/#organization\",\"name\":\"Grupo Notibras de Comunica\u00e7\u00e3o\",\"url\":\"https:\\\/\\\/www.notibras.com\\\/site\\\/\",\"logo\":{\"@type\":\"ImageObject\",\"inLanguage\":\"pt-BR\",\"@id\":\"https:\\\/\\\/www.notibras.com\\\/site\\\/#\\\/schema\\\/logo\\\/image\\\/\",\"url\":\"https:\\\/\\\/www.notibras.com\\\/site\\\/wp-content\\\/uploads\\\/2023\\\/01\\\/notibras23.png\",\"contentUrl\":\"https:\\\/\\\/www.notibras.com\\\/site\\\/wp-content\\\/uploads\\\/2023\\\/01\\\/notibras23.png\",\"width\":350,\"height\":87,\"caption\":\"Grupo Notibras de Comunica\u00e7\u00e3o\"},\"image\":{\"@id\":\"https:\\\/\\\/www.notibras.com\\\/site\\\/#\\\/schema\\\/logo\\\/image\\\/\"},\"sameAs\":[\"https:\\\/\\\/www.facebook.com\\\/notibras\\\/\",\"https:\\\/\\\/x.com\\\/Notibras\",\"https:\\\/\\\/www.instagram.com\\\/notibras\\\/\"]},{\"@type\":\"Person\",\"@id\":\"https:\\\/\\\/www.notibras.com\\\/site\\\/#\\\/schema\\\/person\\\/36ab0979449956132d3e5b517ea76ac8\",\"name\":\"Reda\u00e7\u00e3o\",\"image\":{\"@type\":\"ImageObject\",\"inLanguage\":\"pt-BR\",\"@id\":\"https:\\\/\\\/secure.gravatar.com\\\/avatar\\\/e0a867bdedb85fd243eadf09663511f96fc81e0720a4a42581f334ad4303aa6b?s=96&d=mm&r=g\",\"url\":\"https:\\\/\\\/secure.gravatar.com\\\/avatar\\\/e0a867bdedb85fd243eadf09663511f96fc81e0720a4a42581f334ad4303aa6b?s=96&d=mm&r=g\",\"contentUrl\":\"https:\\\/\\\/secure.gravatar.com\\\/avatar\\\/e0a867bdedb85fd243eadf09663511f96fc81e0720a4a42581f334ad4303aa6b?s=96&d=mm&r=g\",\"caption\":\"Reda\u00e7\u00e3o\"}}]}<\/script>\n<!-- \/ Yoast SEO plugin. -->","yoast_head_json":{"title":"Um cora\u00e7\u00e3o para de bater, mas o povo nunca esquece - Notibras","robots":{"index":"index","follow":"follow","max-snippet":"max-snippet:-1","max-image-preview":"max-image-preview:large","max-video-preview":"max-video-preview:-1"},"canonical":"https:\/\/www.notibras.com\/site\/um-coracao-para-de-bater-mas-o-povo-nunca-esquece\/","og_locale":"pt_BR","og_type":"article","og_title":"Um cora\u00e7\u00e3o para de bater, mas o povo nunca esquece - Notibras","og_description":"Beto Almeida H\u00e1 4 anos, num 5 de mar\u00e7o, deixava de bater um cora\u00e7\u00e3o generoso com os povos e deixava de acionar um pensamento revolucion\u00e1rio, permanentemente vinculado \u00e0 a\u00e7\u00e3o transformadora, enfrentando estruturas arcaicas da Venezuela e da Am\u00e9rica Latina. Falamos da semeadura do Comandante Hugo Ch\u00e1vez, j\u00e1 que revolucion\u00e1rios desta extirpe n\u00e3o morrem, mas sim [&hellip;]","og_url":"https:\/\/www.notibras.com\/site\/um-coracao-para-de-bater-mas-o-povo-nunca-esquece\/","og_site_name":"Notibras","article_publisher":"https:\/\/www.facebook.com\/notibras\/","article_published_time":"2017-03-07T11:15:56+00:00","og_image":[{"width":640,"height":427,"url":"https:\/\/www.notibras.com\/site\/wp-content\/uploads\/2017\/03\/mercosul1.jpg","type":"image\/jpeg"}],"author":"Reda\u00e7\u00e3o","twitter_card":"summary_large_image","twitter_creator":"@Notibras","twitter_site":"@Notibras","twitter_misc":{"Escrito por":"Reda\u00e7\u00e3o","Est. tempo de leitura":"9 minutos"},"schema":{"@context":"https:\/\/schema.org","@graph":[{"@type":"Article","@id":"https:\/\/www.notibras.com\/site\/um-coracao-para-de-bater-mas-o-povo-nunca-esquece\/#article","isPartOf":{"@id":"https:\/\/www.notibras.com\/site\/um-coracao-para-de-bater-mas-o-povo-nunca-esquece\/"},"author":{"name":"Reda\u00e7\u00e3o","@id":"https:\/\/www.notibras.com\/site\/#\/schema\/person\/36ab0979449956132d3e5b517ea76ac8"},"headline":"Um cora\u00e7\u00e3o para de bater, mas o povo nunca esquece","datePublished":"2017-03-07T11:15:56+00:00","mainEntityOfPage":{"@id":"https:\/\/www.notibras.com\/site\/um-coracao-para-de-bater-mas-o-povo-nunca-esquece\/"},"wordCount":1900,"commentCount":0,"publisher":{"@id":"https:\/\/www.notibras.com\/site\/#organization"},"image":{"@id":"https:\/\/www.notibras.com\/site\/um-coracao-para-de-bater-mas-o-povo-nunca-esquece\/#primaryimage"},"thumbnailUrl":"https:\/\/www.notibras.com\/site\/wp-content\/uploads\/2017\/03\/mercosul1.jpg","articleSection":["Opina a\u00ed"],"inLanguage":"pt-BR","potentialAction":[{"@type":"CommentAction","name":"Comment","target":["https:\/\/www.notibras.com\/site\/um-coracao-para-de-bater-mas-o-povo-nunca-esquece\/#respond"]}]},{"@type":"WebPage","@id":"https:\/\/www.notibras.com\/site\/um-coracao-para-de-bater-mas-o-povo-nunca-esquece\/","url":"https:\/\/www.notibras.com\/site\/um-coracao-para-de-bater-mas-o-povo-nunca-esquece\/","name":"Um cora\u00e7\u00e3o para de bater, mas o povo nunca esquece - Notibras","isPartOf":{"@id":"https:\/\/www.notibras.com\/site\/#website"},"primaryImageOfPage":{"@id":"https:\/\/www.notibras.com\/site\/um-coracao-para-de-bater-mas-o-povo-nunca-esquece\/#primaryimage"},"image":{"@id":"https:\/\/www.notibras.com\/site\/um-coracao-para-de-bater-mas-o-povo-nunca-esquece\/#primaryimage"},"thumbnailUrl":"https:\/\/www.notibras.com\/site\/wp-content\/uploads\/2017\/03\/mercosul1.jpg","datePublished":"2017-03-07T11:15:56+00:00","breadcrumb":{"@id":"https:\/\/www.notibras.com\/site\/um-coracao-para-de-bater-mas-o-povo-nunca-esquece\/#breadcrumb"},"inLanguage":"pt-BR","potentialAction":[{"@type":"ReadAction","target":["https:\/\/www.notibras.com\/site\/um-coracao-para-de-bater-mas-o-povo-nunca-esquece\/"]}]},{"@type":"ImageObject","inLanguage":"pt-BR","@id":"https:\/\/www.notibras.com\/site\/um-coracao-para-de-bater-mas-o-povo-nunca-esquece\/#primaryimage","url":"https:\/\/www.notibras.com\/site\/wp-content\/uploads\/2017\/03\/mercosul1.jpg","contentUrl":"https:\/\/www.notibras.com\/site\/wp-content\/uploads\/2017\/03\/mercosul1.jpg","width":640,"height":427},{"@type":"BreadcrumbList","@id":"https:\/\/www.notibras.com\/site\/um-coracao-para-de-bater-mas-o-povo-nunca-esquece\/#breadcrumb","itemListElement":[{"@type":"ListItem","position":1,"name":"In\u00edcio","item":"https:\/\/www.notibras.com\/site\/"},{"@type":"ListItem","position":2,"name":"Um cora\u00e7\u00e3o para de bater, mas o povo nunca esquece"}]},{"@type":"WebSite","@id":"https:\/\/www.notibras.com\/site\/#website","url":"https:\/\/www.notibras.com\/site\/","name":"Notibras","description":"Not\u00edcias de Bras\u00edlia, do Brasil e do Mundo","publisher":{"@id":"https:\/\/www.notibras.com\/site\/#organization"},"potentialAction":[{"@type":"SearchAction","target":{"@type":"EntryPoint","urlTemplate":"https:\/\/www.notibras.com\/site\/?s={search_term_string}"},"query-input":{"@type":"PropertyValueSpecification","valueRequired":true,"valueName":"search_term_string"}}],"inLanguage":"pt-BR"},{"@type":"Organization","@id":"https:\/\/www.notibras.com\/site\/#organization","name":"Grupo Notibras de Comunica\u00e7\u00e3o","url":"https:\/\/www.notibras.com\/site\/","logo":{"@type":"ImageObject","inLanguage":"pt-BR","@id":"https:\/\/www.notibras.com\/site\/#\/schema\/logo\/image\/","url":"https:\/\/www.notibras.com\/site\/wp-content\/uploads\/2023\/01\/notibras23.png","contentUrl":"https:\/\/www.notibras.com\/site\/wp-content\/uploads\/2023\/01\/notibras23.png","width":350,"height":87,"caption":"Grupo Notibras de Comunica\u00e7\u00e3o"},"image":{"@id":"https:\/\/www.notibras.com\/site\/#\/schema\/logo\/image\/"},"sameAs":["https:\/\/www.facebook.com\/notibras\/","https:\/\/x.com\/Notibras","https:\/\/www.instagram.com\/notibras\/"]},{"@type":"Person","@id":"https:\/\/www.notibras.com\/site\/#\/schema\/person\/36ab0979449956132d3e5b517ea76ac8","name":"Reda\u00e7\u00e3o","image":{"@type":"ImageObject","inLanguage":"pt-BR","@id":"https:\/\/secure.gravatar.com\/avatar\/e0a867bdedb85fd243eadf09663511f96fc81e0720a4a42581f334ad4303aa6b?s=96&d=mm&r=g","url":"https:\/\/secure.gravatar.com\/avatar\/e0a867bdedb85fd243eadf09663511f96fc81e0720a4a42581f334ad4303aa6b?s=96&d=mm&r=g","contentUrl":"https:\/\/secure.gravatar.com\/avatar\/e0a867bdedb85fd243eadf09663511f96fc81e0720a4a42581f334ad4303aa6b?s=96&d=mm&r=g","caption":"Reda\u00e7\u00e3o"}}]}},"amp_enabled":true,"_links":{"self":[{"href":"https:\/\/www.notibras.com\/site\/wp-json\/wp\/v2\/posts\/131105","targetHints":{"allow":["GET"]}}],"collection":[{"href":"https:\/\/www.notibras.com\/site\/wp-json\/wp\/v2\/posts"}],"about":[{"href":"https:\/\/www.notibras.com\/site\/wp-json\/wp\/v2\/types\/post"}],"author":[{"embeddable":true,"href":"https:\/\/www.notibras.com\/site\/wp-json\/wp\/v2\/users\/2"}],"replies":[{"embeddable":true,"href":"https:\/\/www.notibras.com\/site\/wp-json\/wp\/v2\/comments?post=131105"}],"version-history":[{"count":1,"href":"https:\/\/www.notibras.com\/site\/wp-json\/wp\/v2\/posts\/131105\/revisions"}],"predecessor-version":[{"id":131107,"href":"https:\/\/www.notibras.com\/site\/wp-json\/wp\/v2\/posts\/131105\/revisions\/131107"}],"wp:featuredmedia":[{"embeddable":true,"href":"https:\/\/www.notibras.com\/site\/wp-json\/wp\/v2\/media\/131106"}],"wp:attachment":[{"href":"https:\/\/www.notibras.com\/site\/wp-json\/wp\/v2\/media?parent=131105"}],"wp:term":[{"taxonomy":"category","embeddable":true,"href":"https:\/\/www.notibras.com\/site\/wp-json\/wp\/v2\/categories?post=131105"},{"taxonomy":"post_tag","embeddable":true,"href":"https:\/\/www.notibras.com\/site\/wp-json\/wp\/v2\/tags?post=131105"}],"curies":[{"name":"wp","href":"https:\/\/api.w.org\/{rel}","templated":true}]}}