{"id":131374,"date":"2017-03-09T12:20:30","date_gmt":"2017-03-09T15:20:30","guid":{"rendered":"http:\/\/www.notibras.com\/site\/?p=131374"},"modified":"2017-03-09T12:21:22","modified_gmt":"2017-03-09T15:21:22","slug":"neoliberalismo-de-temer-vai-jogar-brasil-no-fundo-poco","status":"publish","type":"post","link":"https:\/\/www.notibras.com\/site\/neoliberalismo-de-temer-vai-jogar-brasil-no-fundo-poco\/","title":{"rendered":"Neoliberalismo de Temer p\u00f5e Brasil no fundo do po\u00e7o"},"content":{"rendered":"<p><strong>Esther Dweck<\/strong><\/p>\n<p>O governo Temer tem se aproveitado de diversas medidas dos governos Lula e Dilma. A transposi\u00e7\u00e3o do Rio S\u00e3o Francisco \u00e9 talvez o exemplo mais emblem\u00e1tico. Outro exemplo \u00e9 o \u201cConselh\u00e3o\u201d, criado por Lula em 2003, para dialogar com a Sociedade Brasileira, com academia, trabalhadores e empres\u00e1rios, foi reconfigurado pelo governo Temer.<\/p>\n<p>Ontem, houve uma apresenta\u00e7\u00e3o do Ministro Meirelles para o \u201cConselh\u00e3o\u201d. A apresenta\u00e7\u00e3o poderia se chamar como destruir um projeto de desenvolvimento inclusivo, mas segundo ele \u00e9 a pauta para retomada do crescimento. Os pontos apresentados por ele deixariam os ide\u00f3logos do Consenso de Washington com inveja: como n\u00e3o pensaram em tanta maldade junta.<\/p>\n<p>O neoliberalismo come\u00e7ou em 1973, com um golpe de Estado no Chile. No Brasil, ele entrou por via eleitoral e, justamente por isso, foi mais t\u00edmido do que em outros pa\u00edses. A mem\u00f3ria do regime militar e toda a agenda defendida na Constitui\u00e7\u00e3o Cidad\u00e3 ainda estavam muito frescos durante os Governos Collor e FHC para que fossem destru\u00eddos os pilares b\u00e1sicos da Constitui\u00e7\u00e3o. N\u00e3o faltaram tentativas, mas os instrumentos n\u00e3o foram destru\u00eddos.<\/p>\n<p>Com a vit\u00f3ria de um projeto inclusivo nas urnas, em 2002, os instrumentos foram utilizados para promover, pela primeira vez na hist\u00f3ria do Brasil, um projeto de crescimento inclusivo. Podem existir v\u00e1rias cr\u00edticas e muitos podem achar que faltou aprofundar em algumas \u00e1reas chave. Mas \u00e9 dif\u00edcil n\u00e3o reconhecer todos os avan\u00e7os dos 13 anos que terminaram com mais um golpe.<\/p>\n<p>Ontem, foi apresentada a destrui\u00e7\u00e3o desses mecanismos pelo Sr. Meirelles.<\/p>\n<p>Em primeiro lugar, ele prop\u00f5e o ajuste fiscal permanente como condi\u00e7\u00e3o necess\u00e1ria para retomada do crescimento, tendo como os elementos centrais dois pontos. A EC95\/2016 (teto declinante dos gastos), que promoveu uma redu\u00e7\u00e3o dos m\u00ednimos constitucionais de sa\u00fade e educa\u00e7\u00e3o e ir\u00e1 impor diversos cortes nas despesas sociais. E o segundo ponto \u00e9 a Reforma da previd\u00eancia, uma reforma que ir\u00e1 excluir diversos brasileiros do sistema e que destr\u00f3i o sistema como o pilar de distribui\u00e7\u00e3o de renda e da prote\u00e7\u00e3o social no Brasil.<\/p>\n<p>Eu n\u00e3o sei em que mundo eles vivem, mas h\u00e1 um movimento mundial para demonstrar que ajuste fiscal s\u00f3 aprofunda a crise econ\u00f4mica.<\/p>\n<p>Na apresenta\u00e7\u00e3o, ele chegou a afirmar que o crescimento est\u00e1 sendo retomado. Eu n\u00e3o sei em qual Pa\u00eds, porque os \u00faltimos n\u00fameros divulgados pelo IBGE mostram que, na margem, nos \u00faltimos dois trimestres de 2016, a economia voltou a piorar. O carryover para o crescimento de 2017, que \u00e9 o crescimento da economia se esta ficar onde est\u00e1, \u00e9 de -1,1%. Ou seja, se nada acontecer, ter\u00edamos uma terceira queda do PIB. Algo visto apenas em pa\u00edses com grandes cat\u00e1strofes.<\/p>\n<p>Depois, ele apresentou a tal Agenda de Produtividade e Crescimento no Longo Prazo. O in\u00edcio \u00e9 uma agenda de desburocratiza\u00e7\u00e3o, sem impactos concretos e com alguma penalidade aos consumidores. O mais interessante \u00e9 que apresentou reformas relacionadas ao cr\u00e9dito, sem fazer o b\u00e1sico, que era aumentar o cr\u00e9dito dos bancos p\u00fablicos. O BNDES tem acumulado caixa ao inv\u00e9s de contribuir para retomada do crescimento. Os n\u00fameros s\u00e3o de mais de R$100 bilh\u00f5es em caixa, fora a devolu\u00e7\u00e3o antecipada de R$ 100 bilh\u00f5es ao Tesouro.<\/p>\n<p>Em seguida, vem o receitu\u00e1rio de abertura comercial, com destaque para a libera\u00e7\u00e3o da venda terra para estrangeiros. Consolidam assim a agenda entreguista imposta desde maio de 2016.<\/p>\n<p>Mas a cereja do bolo \u00e9 o slide onde apresenta as \u201cV\u00e1rias Reformas Liberalizantes\u201d, como se as anteriores n\u00e3o fossem ingredientes t\u00edpicos das agendas mais fundamentalistas do liberalismo econ\u00f4mico.<\/p>\n<p>Os pontos principais dessas reformas liberalizantes s\u00e3o tr\u00eas. O primeiro \u00e9 a destrui\u00e7\u00e3o da legisla\u00e7\u00e3o trabalhista, com terceiriza\u00e7\u00e3o geral e irrestrita, a preval\u00eancia do negociado versus o legislado e a flexibiliza\u00e7\u00e3o da jornada. O mais interessante \u00e9 que o Brasil tinha, em 2014, a menor taxa de desemprego da hist\u00f3ria, sem que tivessem sido necess\u00e1rias quaisquer dessas mudan\u00e7as.<\/p>\n<p>As outras duas medidas demonstram a falta total de compromisso com o desenvolvimento do Pa\u00eds. A proposta \u00e9 a revers\u00e3o de medidas essenciais para garantir que recursos p\u00fablicos ou recursos naturais do Pa\u00eds sejam utilizados para gerar desenvolvimento tecnol\u00f3gico e emprego industrial no Brasil. Fim da margem de prefer\u00eancia nas compras governamentais e a \u201creforma\u201d do conte\u00fado nacional do setor de \u00d3leo e G\u00e1s, com a proposta de \u201chorizontaliza\u00e7\u00e3o\u201d e globaliza\u00e7\u00e3o dos requisitos de conte\u00fado nacional, que na pr\u00e1tica elimina a exig\u00eancia.<\/p>\n<p>Mesmo que por uma quest\u00e3o estat\u00edstica e pelos atuais estabilizadores autom\u00e1ticos a economia pare de cair e at\u00e9 encontre um crescimento positivo, se todas as propostas forem efetivamente implementadas, ser\u00e1 o fim de um modelo de crescimento inclusivo e para todos.<\/p>\n","protected":false},"excerpt":{"rendered":"<p>Esther Dweck O governo Temer tem se aproveitado de diversas medidas dos governos Lula e Dilma. A transposi\u00e7\u00e3o do Rio S\u00e3o Francisco \u00e9 talvez o exemplo mais emblem\u00e1tico. Outro exemplo \u00e9 o \u201cConselh\u00e3o\u201d, criado por Lula em 2003, para dialogar com a Sociedade Brasileira, com academia, trabalhadores e empres\u00e1rios, foi reconfigurado pelo governo Temer. Ontem, [&hellip;]<\/p>\n","protected":false},"author":2,"featured_media":131375,"comment_status":"open","ping_status":"closed","sticky":false,"template":"","format":"standard","meta":{"_acf_changed":false,"footnotes":""},"categories":[25],"tags":[],"class_list":["post-131374","post","type-post","status-publish","format-standard","has-post-thumbnail","hentry","category-opina-ai"],"acf":[],"yoast_head":"<!-- This site is optimized with the Yoast SEO plugin v27.5 - https:\/\/yoast.com\/product\/yoast-seo-wordpress\/ -->\n<title>Neoliberalismo de Temer p\u00f5e Brasil no fundo do po\u00e7o - Notibras<\/title>\n<meta name=\"robots\" content=\"index, follow, max-snippet:-1, max-image-preview:large, max-video-preview:-1\" \/>\n<link rel=\"canonical\" href=\"https:\/\/www.notibras.com\/site\/neoliberalismo-de-temer-vai-jogar-brasil-no-fundo-poco\/\" \/>\n<meta property=\"og:locale\" content=\"pt_BR\" \/>\n<meta property=\"og:type\" content=\"article\" \/>\n<meta property=\"og:title\" content=\"Neoliberalismo de Temer p\u00f5e Brasil no fundo do po\u00e7o - Notibras\" \/>\n<meta property=\"og:description\" content=\"Esther Dweck O governo Temer tem se aproveitado de diversas medidas dos governos Lula e Dilma. A transposi\u00e7\u00e3o do Rio S\u00e3o Francisco \u00e9 talvez o exemplo mais emblem\u00e1tico. Outro exemplo \u00e9 o \u201cConselh\u00e3o\u201d, criado por Lula em 2003, para dialogar com a Sociedade Brasileira, com academia, trabalhadores e empres\u00e1rios, foi reconfigurado pelo governo Temer. Ontem, [&hellip;]\" \/>\n<meta property=\"og:url\" content=\"https:\/\/www.notibras.com\/site\/neoliberalismo-de-temer-vai-jogar-brasil-no-fundo-poco\/\" \/>\n<meta property=\"og:site_name\" content=\"Notibras\" \/>\n<meta property=\"article:publisher\" content=\"https:\/\/www.facebook.com\/notibras\/\" \/>\n<meta property=\"article:published_time\" content=\"2017-03-09T15:20:30+00:00\" \/>\n<meta property=\"article:modified_time\" content=\"2017-03-09T15:21:22+00:00\" \/>\n<meta property=\"og:image\" content=\"https:\/\/www.notibras.com\/site\/wp-content\/uploads\/2017\/03\/temer-meirelles_.jpg\" \/>\n\t<meta property=\"og:image:width\" content=\"780\" \/>\n\t<meta property=\"og:image:height\" content=\"490\" \/>\n\t<meta property=\"og:image:type\" content=\"image\/jpeg\" \/>\n<meta name=\"author\" content=\"Reda\u00e7\u00e3o\" \/>\n<meta name=\"twitter:card\" content=\"summary_large_image\" \/>\n<meta name=\"twitter:creator\" content=\"@Notibras\" \/>\n<meta name=\"twitter:site\" content=\"@Notibras\" \/>\n<meta name=\"twitter:label1\" content=\"Escrito por\" \/>\n\t<meta name=\"twitter:data1\" content=\"Reda\u00e7\u00e3o\" \/>\n\t<meta name=\"twitter:label2\" content=\"Est. tempo de leitura\" \/>\n\t<meta name=\"twitter:data2\" content=\"4 minutos\" \/>\n<script type=\"application\/ld+json\" class=\"yoast-schema-graph\">{\"@context\":\"https:\\\/\\\/schema.org\",\"@graph\":[{\"@type\":\"Article\",\"@id\":\"https:\\\/\\\/www.notibras.com\\\/site\\\/neoliberalismo-de-temer-vai-jogar-brasil-no-fundo-poco\\\/#article\",\"isPartOf\":{\"@id\":\"https:\\\/\\\/www.notibras.com\\\/site\\\/neoliberalismo-de-temer-vai-jogar-brasil-no-fundo-poco\\\/\"},\"author\":{\"name\":\"Reda\u00e7\u00e3o\",\"@id\":\"https:\\\/\\\/www.notibras.com\\\/site\\\/#\\\/schema\\\/person\\\/36ab0979449956132d3e5b517ea76ac8\"},\"headline\":\"Neoliberalismo de Temer p\u00f5e Brasil no fundo do po\u00e7o\",\"datePublished\":\"2017-03-09T15:20:30+00:00\",\"dateModified\":\"2017-03-09T15:21:22+00:00\",\"mainEntityOfPage\":{\"@id\":\"https:\\\/\\\/www.notibras.com\\\/site\\\/neoliberalismo-de-temer-vai-jogar-brasil-no-fundo-poco\\\/\"},\"wordCount\":841,\"commentCount\":0,\"publisher\":{\"@id\":\"https:\\\/\\\/www.notibras.com\\\/site\\\/#organization\"},\"image\":{\"@id\":\"https:\\\/\\\/www.notibras.com\\\/site\\\/neoliberalismo-de-temer-vai-jogar-brasil-no-fundo-poco\\\/#primaryimage\"},\"thumbnailUrl\":\"https:\\\/\\\/www.notibras.com\\\/site\\\/wp-content\\\/uploads\\\/2017\\\/03\\\/temer-meirelles_.jpg\",\"articleSection\":[\"Opina a\u00ed\"],\"inLanguage\":\"pt-BR\",\"potentialAction\":[{\"@type\":\"CommentAction\",\"name\":\"Comment\",\"target\":[\"https:\\\/\\\/www.notibras.com\\\/site\\\/neoliberalismo-de-temer-vai-jogar-brasil-no-fundo-poco\\\/#respond\"]}]},{\"@type\":\"WebPage\",\"@id\":\"https:\\\/\\\/www.notibras.com\\\/site\\\/neoliberalismo-de-temer-vai-jogar-brasil-no-fundo-poco\\\/\",\"url\":\"https:\\\/\\\/www.notibras.com\\\/site\\\/neoliberalismo-de-temer-vai-jogar-brasil-no-fundo-poco\\\/\",\"name\":\"Neoliberalismo de Temer p\u00f5e Brasil no fundo do po\u00e7o - Notibras\",\"isPartOf\":{\"@id\":\"https:\\\/\\\/www.notibras.com\\\/site\\\/#website\"},\"primaryImageOfPage\":{\"@id\":\"https:\\\/\\\/www.notibras.com\\\/site\\\/neoliberalismo-de-temer-vai-jogar-brasil-no-fundo-poco\\\/#primaryimage\"},\"image\":{\"@id\":\"https:\\\/\\\/www.notibras.com\\\/site\\\/neoliberalismo-de-temer-vai-jogar-brasil-no-fundo-poco\\\/#primaryimage\"},\"thumbnailUrl\":\"https:\\\/\\\/www.notibras.com\\\/site\\\/wp-content\\\/uploads\\\/2017\\\/03\\\/temer-meirelles_.jpg\",\"datePublished\":\"2017-03-09T15:20:30+00:00\",\"dateModified\":\"2017-03-09T15:21:22+00:00\",\"breadcrumb\":{\"@id\":\"https:\\\/\\\/www.notibras.com\\\/site\\\/neoliberalismo-de-temer-vai-jogar-brasil-no-fundo-poco\\\/#breadcrumb\"},\"inLanguage\":\"pt-BR\",\"potentialAction\":[{\"@type\":\"ReadAction\",\"target\":[\"https:\\\/\\\/www.notibras.com\\\/site\\\/neoliberalismo-de-temer-vai-jogar-brasil-no-fundo-poco\\\/\"]}]},{\"@type\":\"ImageObject\",\"inLanguage\":\"pt-BR\",\"@id\":\"https:\\\/\\\/www.notibras.com\\\/site\\\/neoliberalismo-de-temer-vai-jogar-brasil-no-fundo-poco\\\/#primaryimage\",\"url\":\"https:\\\/\\\/www.notibras.com\\\/site\\\/wp-content\\\/uploads\\\/2017\\\/03\\\/temer-meirelles_.jpg\",\"contentUrl\":\"https:\\\/\\\/www.notibras.com\\\/site\\\/wp-content\\\/uploads\\\/2017\\\/03\\\/temer-meirelles_.jpg\",\"width\":780,\"height\":490,\"caption\":\"Foto\\\/Arquivo Notibras\"},{\"@type\":\"BreadcrumbList\",\"@id\":\"https:\\\/\\\/www.notibras.com\\\/site\\\/neoliberalismo-de-temer-vai-jogar-brasil-no-fundo-poco\\\/#breadcrumb\",\"itemListElement\":[{\"@type\":\"ListItem\",\"position\":1,\"name\":\"In\u00edcio\",\"item\":\"https:\\\/\\\/www.notibras.com\\\/site\\\/\"},{\"@type\":\"ListItem\",\"position\":2,\"name\":\"Neoliberalismo de Temer p\u00f5e Brasil no fundo do po\u00e7o\"}]},{\"@type\":\"WebSite\",\"@id\":\"https:\\\/\\\/www.notibras.com\\\/site\\\/#website\",\"url\":\"https:\\\/\\\/www.notibras.com\\\/site\\\/\",\"name\":\"Notibras\",\"description\":\"Not\u00edcias de Bras\u00edlia, do Brasil e do Mundo\",\"publisher\":{\"@id\":\"https:\\\/\\\/www.notibras.com\\\/site\\\/#organization\"},\"potentialAction\":[{\"@type\":\"SearchAction\",\"target\":{\"@type\":\"EntryPoint\",\"urlTemplate\":\"https:\\\/\\\/www.notibras.com\\\/site\\\/?s={search_term_string}\"},\"query-input\":{\"@type\":\"PropertyValueSpecification\",\"valueRequired\":true,\"valueName\":\"search_term_string\"}}],\"inLanguage\":\"pt-BR\"},{\"@type\":\"Organization\",\"@id\":\"https:\\\/\\\/www.notibras.com\\\/site\\\/#organization\",\"name\":\"Grupo Notibras de Comunica\u00e7\u00e3o\",\"url\":\"https:\\\/\\\/www.notibras.com\\\/site\\\/\",\"logo\":{\"@type\":\"ImageObject\",\"inLanguage\":\"pt-BR\",\"@id\":\"https:\\\/\\\/www.notibras.com\\\/site\\\/#\\\/schema\\\/logo\\\/image\\\/\",\"url\":\"https:\\\/\\\/www.notibras.com\\\/site\\\/wp-content\\\/uploads\\\/2023\\\/01\\\/notibras23.png\",\"contentUrl\":\"https:\\\/\\\/www.notibras.com\\\/site\\\/wp-content\\\/uploads\\\/2023\\\/01\\\/notibras23.png\",\"width\":350,\"height\":87,\"caption\":\"Grupo Notibras de Comunica\u00e7\u00e3o\"},\"image\":{\"@id\":\"https:\\\/\\\/www.notibras.com\\\/site\\\/#\\\/schema\\\/logo\\\/image\\\/\"},\"sameAs\":[\"https:\\\/\\\/www.facebook.com\\\/notibras\\\/\",\"https:\\\/\\\/x.com\\\/Notibras\",\"https:\\\/\\\/www.instagram.com\\\/notibras\\\/\"]},{\"@type\":\"Person\",\"@id\":\"https:\\\/\\\/www.notibras.com\\\/site\\\/#\\\/schema\\\/person\\\/36ab0979449956132d3e5b517ea76ac8\",\"name\":\"Reda\u00e7\u00e3o\",\"image\":{\"@type\":\"ImageObject\",\"inLanguage\":\"pt-BR\",\"@id\":\"https:\\\/\\\/secure.gravatar.com\\\/avatar\\\/e0a867bdedb85fd243eadf09663511f96fc81e0720a4a42581f334ad4303aa6b?s=96&d=mm&r=g\",\"url\":\"https:\\\/\\\/secure.gravatar.com\\\/avatar\\\/e0a867bdedb85fd243eadf09663511f96fc81e0720a4a42581f334ad4303aa6b?s=96&d=mm&r=g\",\"contentUrl\":\"https:\\\/\\\/secure.gravatar.com\\\/avatar\\\/e0a867bdedb85fd243eadf09663511f96fc81e0720a4a42581f334ad4303aa6b?s=96&d=mm&r=g\",\"caption\":\"Reda\u00e7\u00e3o\"}}]}<\/script>\n<!-- \/ Yoast SEO plugin. -->","yoast_head_json":{"title":"Neoliberalismo de Temer p\u00f5e Brasil no fundo do po\u00e7o - Notibras","robots":{"index":"index","follow":"follow","max-snippet":"max-snippet:-1","max-image-preview":"max-image-preview:large","max-video-preview":"max-video-preview:-1"},"canonical":"https:\/\/www.notibras.com\/site\/neoliberalismo-de-temer-vai-jogar-brasil-no-fundo-poco\/","og_locale":"pt_BR","og_type":"article","og_title":"Neoliberalismo de Temer p\u00f5e Brasil no fundo do po\u00e7o - Notibras","og_description":"Esther Dweck O governo Temer tem se aproveitado de diversas medidas dos governos Lula e Dilma. A transposi\u00e7\u00e3o do Rio S\u00e3o Francisco \u00e9 talvez o exemplo mais emblem\u00e1tico. Outro exemplo \u00e9 o \u201cConselh\u00e3o\u201d, criado por Lula em 2003, para dialogar com a Sociedade Brasileira, com academia, trabalhadores e empres\u00e1rios, foi reconfigurado pelo governo Temer. Ontem, [&hellip;]","og_url":"https:\/\/www.notibras.com\/site\/neoliberalismo-de-temer-vai-jogar-brasil-no-fundo-poco\/","og_site_name":"Notibras","article_publisher":"https:\/\/www.facebook.com\/notibras\/","article_published_time":"2017-03-09T15:20:30+00:00","article_modified_time":"2017-03-09T15:21:22+00:00","og_image":[{"width":780,"height":490,"url":"https:\/\/www.notibras.com\/site\/wp-content\/uploads\/2017\/03\/temer-meirelles_.jpg","type":"image\/jpeg"}],"author":"Reda\u00e7\u00e3o","twitter_card":"summary_large_image","twitter_creator":"@Notibras","twitter_site":"@Notibras","twitter_misc":{"Escrito por":"Reda\u00e7\u00e3o","Est. tempo de leitura":"4 minutos"},"schema":{"@context":"https:\/\/schema.org","@graph":[{"@type":"Article","@id":"https:\/\/www.notibras.com\/site\/neoliberalismo-de-temer-vai-jogar-brasil-no-fundo-poco\/#article","isPartOf":{"@id":"https:\/\/www.notibras.com\/site\/neoliberalismo-de-temer-vai-jogar-brasil-no-fundo-poco\/"},"author":{"name":"Reda\u00e7\u00e3o","@id":"https:\/\/www.notibras.com\/site\/#\/schema\/person\/36ab0979449956132d3e5b517ea76ac8"},"headline":"Neoliberalismo de Temer p\u00f5e Brasil no fundo do po\u00e7o","datePublished":"2017-03-09T15:20:30+00:00","dateModified":"2017-03-09T15:21:22+00:00","mainEntityOfPage":{"@id":"https:\/\/www.notibras.com\/site\/neoliberalismo-de-temer-vai-jogar-brasil-no-fundo-poco\/"},"wordCount":841,"commentCount":0,"publisher":{"@id":"https:\/\/www.notibras.com\/site\/#organization"},"image":{"@id":"https:\/\/www.notibras.com\/site\/neoliberalismo-de-temer-vai-jogar-brasil-no-fundo-poco\/#primaryimage"},"thumbnailUrl":"https:\/\/www.notibras.com\/site\/wp-content\/uploads\/2017\/03\/temer-meirelles_.jpg","articleSection":["Opina a\u00ed"],"inLanguage":"pt-BR","potentialAction":[{"@type":"CommentAction","name":"Comment","target":["https:\/\/www.notibras.com\/site\/neoliberalismo-de-temer-vai-jogar-brasil-no-fundo-poco\/#respond"]}]},{"@type":"WebPage","@id":"https:\/\/www.notibras.com\/site\/neoliberalismo-de-temer-vai-jogar-brasil-no-fundo-poco\/","url":"https:\/\/www.notibras.com\/site\/neoliberalismo-de-temer-vai-jogar-brasil-no-fundo-poco\/","name":"Neoliberalismo de Temer p\u00f5e Brasil no fundo do po\u00e7o - Notibras","isPartOf":{"@id":"https:\/\/www.notibras.com\/site\/#website"},"primaryImageOfPage":{"@id":"https:\/\/www.notibras.com\/site\/neoliberalismo-de-temer-vai-jogar-brasil-no-fundo-poco\/#primaryimage"},"image":{"@id":"https:\/\/www.notibras.com\/site\/neoliberalismo-de-temer-vai-jogar-brasil-no-fundo-poco\/#primaryimage"},"thumbnailUrl":"https:\/\/www.notibras.com\/site\/wp-content\/uploads\/2017\/03\/temer-meirelles_.jpg","datePublished":"2017-03-09T15:20:30+00:00","dateModified":"2017-03-09T15:21:22+00:00","breadcrumb":{"@id":"https:\/\/www.notibras.com\/site\/neoliberalismo-de-temer-vai-jogar-brasil-no-fundo-poco\/#breadcrumb"},"inLanguage":"pt-BR","potentialAction":[{"@type":"ReadAction","target":["https:\/\/www.notibras.com\/site\/neoliberalismo-de-temer-vai-jogar-brasil-no-fundo-poco\/"]}]},{"@type":"ImageObject","inLanguage":"pt-BR","@id":"https:\/\/www.notibras.com\/site\/neoliberalismo-de-temer-vai-jogar-brasil-no-fundo-poco\/#primaryimage","url":"https:\/\/www.notibras.com\/site\/wp-content\/uploads\/2017\/03\/temer-meirelles_.jpg","contentUrl":"https:\/\/www.notibras.com\/site\/wp-content\/uploads\/2017\/03\/temer-meirelles_.jpg","width":780,"height":490,"caption":"Foto\/Arquivo Notibras"},{"@type":"BreadcrumbList","@id":"https:\/\/www.notibras.com\/site\/neoliberalismo-de-temer-vai-jogar-brasil-no-fundo-poco\/#breadcrumb","itemListElement":[{"@type":"ListItem","position":1,"name":"In\u00edcio","item":"https:\/\/www.notibras.com\/site\/"},{"@type":"ListItem","position":2,"name":"Neoliberalismo de Temer p\u00f5e Brasil no fundo do po\u00e7o"}]},{"@type":"WebSite","@id":"https:\/\/www.notibras.com\/site\/#website","url":"https:\/\/www.notibras.com\/site\/","name":"Notibras","description":"Not\u00edcias de Bras\u00edlia, do Brasil e do Mundo","publisher":{"@id":"https:\/\/www.notibras.com\/site\/#organization"},"potentialAction":[{"@type":"SearchAction","target":{"@type":"EntryPoint","urlTemplate":"https:\/\/www.notibras.com\/site\/?s={search_term_string}"},"query-input":{"@type":"PropertyValueSpecification","valueRequired":true,"valueName":"search_term_string"}}],"inLanguage":"pt-BR"},{"@type":"Organization","@id":"https:\/\/www.notibras.com\/site\/#organization","name":"Grupo Notibras de Comunica\u00e7\u00e3o","url":"https:\/\/www.notibras.com\/site\/","logo":{"@type":"ImageObject","inLanguage":"pt-BR","@id":"https:\/\/www.notibras.com\/site\/#\/schema\/logo\/image\/","url":"https:\/\/www.notibras.com\/site\/wp-content\/uploads\/2023\/01\/notibras23.png","contentUrl":"https:\/\/www.notibras.com\/site\/wp-content\/uploads\/2023\/01\/notibras23.png","width":350,"height":87,"caption":"Grupo Notibras de Comunica\u00e7\u00e3o"},"image":{"@id":"https:\/\/www.notibras.com\/site\/#\/schema\/logo\/image\/"},"sameAs":["https:\/\/www.facebook.com\/notibras\/","https:\/\/x.com\/Notibras","https:\/\/www.instagram.com\/notibras\/"]},{"@type":"Person","@id":"https:\/\/www.notibras.com\/site\/#\/schema\/person\/36ab0979449956132d3e5b517ea76ac8","name":"Reda\u00e7\u00e3o","image":{"@type":"ImageObject","inLanguage":"pt-BR","@id":"https:\/\/secure.gravatar.com\/avatar\/e0a867bdedb85fd243eadf09663511f96fc81e0720a4a42581f334ad4303aa6b?s=96&d=mm&r=g","url":"https:\/\/secure.gravatar.com\/avatar\/e0a867bdedb85fd243eadf09663511f96fc81e0720a4a42581f334ad4303aa6b?s=96&d=mm&r=g","contentUrl":"https:\/\/secure.gravatar.com\/avatar\/e0a867bdedb85fd243eadf09663511f96fc81e0720a4a42581f334ad4303aa6b?s=96&d=mm&r=g","caption":"Reda\u00e7\u00e3o"}}]}},"amp_enabled":true,"_links":{"self":[{"href":"https:\/\/www.notibras.com\/site\/wp-json\/wp\/v2\/posts\/131374","targetHints":{"allow":["GET"]}}],"collection":[{"href":"https:\/\/www.notibras.com\/site\/wp-json\/wp\/v2\/posts"}],"about":[{"href":"https:\/\/www.notibras.com\/site\/wp-json\/wp\/v2\/types\/post"}],"author":[{"embeddable":true,"href":"https:\/\/www.notibras.com\/site\/wp-json\/wp\/v2\/users\/2"}],"replies":[{"embeddable":true,"href":"https:\/\/www.notibras.com\/site\/wp-json\/wp\/v2\/comments?post=131374"}],"version-history":[{"count":2,"href":"https:\/\/www.notibras.com\/site\/wp-json\/wp\/v2\/posts\/131374\/revisions"}],"predecessor-version":[{"id":131377,"href":"https:\/\/www.notibras.com\/site\/wp-json\/wp\/v2\/posts\/131374\/revisions\/131377"}],"wp:featuredmedia":[{"embeddable":true,"href":"https:\/\/www.notibras.com\/site\/wp-json\/wp\/v2\/media\/131375"}],"wp:attachment":[{"href":"https:\/\/www.notibras.com\/site\/wp-json\/wp\/v2\/media?parent=131374"}],"wp:term":[{"taxonomy":"category","embeddable":true,"href":"https:\/\/www.notibras.com\/site\/wp-json\/wp\/v2\/categories?post=131374"},{"taxonomy":"post_tag","embeddable":true,"href":"https:\/\/www.notibras.com\/site\/wp-json\/wp\/v2\/tags?post=131374"}],"curies":[{"name":"wp","href":"https:\/\/api.w.org\/{rel}","templated":true}]}}