{"id":13144,"date":"2014-06-11T18:05:19","date_gmt":"2014-06-11T21:05:19","guid":{"rendered":"http:\/\/www.notibras.com\/site\/?p=13144"},"modified":"2014-06-11T18:06:45","modified_gmt":"2014-06-11T21:06:45","slug":"paulo-roberto-ex-petrobras-tem-55-mi-la-fora-e-volta-para-a-cadeia","status":"publish","type":"post","link":"https:\/\/www.notibras.com\/site\/paulo-roberto-ex-petrobras-tem-55-mi-la-fora-e-volta-para-a-cadeia\/","title":{"rendered":"PR, ex-Petrobras, tem 55 milh\u00f5es l\u00e1 fora. E volta, assim, para a cadeia"},"content":{"rendered":"<p>O juiz S\u00e9rgio Moro, da 13\u00aa Vara Federal de Curitiba, determinou nesta quarta 11 a pris\u00e3o do ex-diretor da Petrobras Paulo Roberto Costa. Ele foi solto no dia 19 de maio, mas retornou \u00e0 pris\u00e3o ap\u00f3s o Supremo Tribunal Federal (STF) validar as provas da Opera\u00e7\u00e3o Lava Jato, da Pol\u00edcia Federal (PF), e determinar que as a\u00e7\u00f5es penais oriundas da investiga\u00e7\u00e3o fossem devolvidas \u00e0 Justi\u00e7a Federal. Costa foi preso pela PF no Rio de Janeiro, onde mant\u00e9m resid\u00eancia, e ser\u00e1 transferido para Curitiba.<\/p>\n<p>Na decis\u00e3o, Moro diz que o Minist\u00e9rio P\u00fablico da Su\u00ed\u00e7a informou que foram descobertas naquele pa\u00eds contas banc\u00e1rias no valor de US$ 29 milh\u00f5es. Segundo o \u00f3rg\u00e3o, foram identificadas 12 contas em bancos su\u00ed\u00e7os sob o controle de Costa, suas duas filhas, genros e de um funcion\u00e1rio do doleiro Alberto Yousseff. Deste total, De acordo com o Minist\u00e9rio P\u00fablico su\u00ed\u00e7o, US$ 23 milh\u00f5es (cerca de 55 milh\u00f5es de reais) pertenceriam a Costa.<\/p>\n<blockquote><p>\u201cO fato das contas terem sido descobertas pelas autoridades su\u00ed\u00e7as \u2013 e eventualmente bloqueadas \u2013 n\u00e3o previne a fuga, pois n\u00e3o h\u00e1 nenhuma garantia de que, mesmo tendo sido bloqueadas, assim permanecer\u00e3o, pois dependem da persist\u00eancia do sequestro e do futuro confisco e de uma s\u00e9rie de circunst\u00e2ncias ainda incertas, bem como de um usualmente longo procedimento de coopera\u00e7\u00e3o jur\u00eddica internacional. Al\u00e9m disso, as contas secretas na Su\u00ed\u00e7a podem apenas revelar um padr\u00e3o de conduta, n\u00e3o se excluindo de antem\u00e3o a possibilidade da exist\u00eancia de outras contas em outros pa\u00edses, eventualmente de dif\u00edcil acesso pelas autoridades brasileiras\u201d, ressaltou o juiz.<\/p><\/blockquote>\n<p>Costa \u00e9 suspeito de ter liga\u00e7\u00e3o com uma organiza\u00e7\u00e3o criminosa que lavava dinheiro em seis estados e no Distrito Federal, desarticulada na Opera\u00e7\u00e3o Lava Jato. Em um dos processos, Costa e o doleiro Alberto Youssef e outros acusados de desvio de recursos p\u00fablicos na constru\u00e7\u00e3o da Refinaria Abreu e Lima, em Pernambuco. Segundo o Minist\u00e9rio P\u00fablico, a obra foi or\u00e7ada em R$ 2,5 bilh\u00f5es e alcan\u00e7ou gastos de R$ 20 bilh\u00f5es.<\/p>\n<p>Na segunda a\u00e7\u00e3o penal, Costa \u00e9 acusado de obstruir as investiga\u00e7\u00f5es. No processo, tamb\u00e9m s\u00e3o r\u00e9us as duas filhas dele, Arianna e Shanni Costa, e os dois genros.<\/p>\n<p>De acordo com o Minist\u00e9rio P\u00fablico Federal, os desvios na constru\u00e7\u00e3o da refinaria ocorreram por meio de contratos superfaturados feitos com empresas que prestaram servi\u00e7os \u00e0 Petrobras entre 2009 e 2014. Conforme a investiga\u00e7\u00e3o, os desvios tiveram a participa\u00e7\u00e3o de Paulo Roberto Costa, ent\u00e3o diretor de Abastecimento da companhia, e de Youssef, dono de empresas de fachada.<\/p>\n<p>Na defesa pr\u00e9via apresentada \u00e0 Justi\u00e7a, os advogados do ex-diretor da Petrobras informaram que os pagamentos recebidos das empresas do doleiro, identificados como repasses ou comiss\u00f5es, foram decorrentes de servi\u00e7os de consultoria prestados. No entanto, o juiz destacou que a Pol\u00edcia Federal e o Minist\u00e9rio P\u00fablico n\u00e3o encontraram provas de que os servi\u00e7os foram prestados.<\/p>\n<p><strong>Ivan Richard, ABr<\/strong><\/p>\n","protected":false},"excerpt":{"rendered":"<p>O juiz S\u00e9rgio Moro, da 13\u00aa Vara Federal de Curitiba, determinou nesta quarta 11 a pris\u00e3o do ex-diretor da Petrobras Paulo Roberto Costa. Ele foi solto no dia 19 de maio, mas retornou \u00e0 pris\u00e3o ap\u00f3s o Supremo Tribunal Federal (STF) validar as provas da Opera\u00e7\u00e3o Lava Jato, da Pol\u00edcia Federal (PF), e determinar que [&hellip;]<\/p>\n","protected":false},"author":2,"featured_media":13145,"comment_status":"open","ping_status":"closed","sticky":false,"template":"","format":"standard","meta":{"_acf_changed":false,"footnotes":""},"categories":[16],"tags":[],"class_list":["post-13144","post","type-post","status-publish","format-standard","has-post-thumbnail","hentry","category-brasil"],"acf":[],"yoast_head":"<!-- This site is optimized with the Yoast SEO plugin v27.2 - https:\/\/yoast.com\/product\/yoast-seo-wordpress\/ -->\n<title>PR, ex-Petrobras, tem 55 milh\u00f5es l\u00e1 fora. E volta, assim, para a cadeia - Notibras<\/title>\n<meta name=\"robots\" content=\"index, follow, max-snippet:-1, max-image-preview:large, max-video-preview:-1\" \/>\n<link rel=\"canonical\" href=\"https:\/\/www.notibras.com\/site\/paulo-roberto-ex-petrobras-tem-55-mi-la-fora-e-volta-para-a-cadeia\/\" \/>\n<meta property=\"og:locale\" content=\"pt_BR\" \/>\n<meta property=\"og:type\" content=\"article\" \/>\n<meta property=\"og:title\" content=\"PR, ex-Petrobras, tem 55 milh\u00f5es l\u00e1 fora. E volta, assim, para a cadeia - Notibras\" \/>\n<meta property=\"og:description\" content=\"O juiz S\u00e9rgio Moro, da 13\u00aa Vara Federal de Curitiba, determinou nesta quarta 11 a pris\u00e3o do ex-diretor da Petrobras Paulo Roberto Costa. Ele foi solto no dia 19 de maio, mas retornou \u00e0 pris\u00e3o ap\u00f3s o Supremo Tribunal Federal (STF) validar as provas da Opera\u00e7\u00e3o Lava Jato, da Pol\u00edcia Federal (PF), e determinar que [&hellip;]\" \/>\n<meta property=\"og:url\" content=\"https:\/\/www.notibras.com\/site\/paulo-roberto-ex-petrobras-tem-55-mi-la-fora-e-volta-para-a-cadeia\/\" \/>\n<meta property=\"og:site_name\" content=\"Notibras\" \/>\n<meta property=\"article:publisher\" content=\"https:\/\/www.facebook.com\/notibras\/\" \/>\n<meta property=\"article:published_time\" content=\"2014-06-11T21:05:19+00:00\" \/>\n<meta property=\"article:modified_time\" content=\"2014-06-11T21:06:45+00:00\" \/>\n<meta property=\"og:image\" content=\"https:\/\/www.notibras.com\/site\/wp-content\/uploads\/2014\/06\/PAULOROBERTO4-JC.jpg\" \/>\n\t<meta property=\"og:image:width\" content=\"620\" \/>\n\t<meta property=\"og:image:height\" content=\"425\" \/>\n\t<meta property=\"og:image:type\" content=\"image\/jpeg\" \/>\n<meta name=\"author\" content=\"Reda\u00e7\u00e3o\" \/>\n<meta name=\"twitter:card\" content=\"summary_large_image\" \/>\n<meta name=\"twitter:creator\" content=\"@Notibras\" \/>\n<meta name=\"twitter:site\" content=\"@Notibras\" \/>\n<meta name=\"twitter:label1\" content=\"Escrito por\" \/>\n\t<meta name=\"twitter:data1\" content=\"Reda\u00e7\u00e3o\" \/>\n\t<meta name=\"twitter:label2\" content=\"Est. tempo de leitura\" \/>\n\t<meta name=\"twitter:data2\" content=\"3 minutos\" \/>\n<script type=\"application\/ld+json\" class=\"yoast-schema-graph\">{\"@context\":\"https:\/\/schema.org\",\"@graph\":[{\"@type\":\"Article\",\"@id\":\"https:\/\/www.notibras.com\/site\/paulo-roberto-ex-petrobras-tem-55-mi-la-fora-e-volta-para-a-cadeia\/#article\",\"isPartOf\":{\"@id\":\"https:\/\/www.notibras.com\/site\/paulo-roberto-ex-petrobras-tem-55-mi-la-fora-e-volta-para-a-cadeia\/\"},\"author\":{\"name\":\"Reda\u00e7\u00e3o\",\"@id\":\"https:\/\/www.notibras.com\/site\/#\/schema\/person\/36ab0979449956132d3e5b517ea76ac8\"},\"headline\":\"PR, ex-Petrobras, tem 55 milh\u00f5es l\u00e1 fora. E volta, assim, para a cadeia\",\"datePublished\":\"2014-06-11T21:05:19+00:00\",\"dateModified\":\"2014-06-11T21:06:45+00:00\",\"mainEntityOfPage\":{\"@id\":\"https:\/\/www.notibras.com\/site\/paulo-roberto-ex-petrobras-tem-55-mi-la-fora-e-volta-para-a-cadeia\/\"},\"wordCount\":538,\"commentCount\":0,\"publisher\":{\"@id\":\"https:\/\/www.notibras.com\/site\/#organization\"},\"image\":{\"@id\":\"https:\/\/www.notibras.com\/site\/paulo-roberto-ex-petrobras-tem-55-mi-la-fora-e-volta-para-a-cadeia\/#primaryimage\"},\"thumbnailUrl\":\"https:\/\/www.notibras.com\/site\/wp-content\/uploads\/2014\/06\/PAULOROBERTO4-JC.jpg\",\"articleSection\":[\"Brasil\"],\"inLanguage\":\"pt-BR\",\"potentialAction\":[{\"@type\":\"CommentAction\",\"name\":\"Comment\",\"target\":[\"https:\/\/www.notibras.com\/site\/paulo-roberto-ex-petrobras-tem-55-mi-la-fora-e-volta-para-a-cadeia\/#respond\"]}]},{\"@type\":\"WebPage\",\"@id\":\"https:\/\/www.notibras.com\/site\/paulo-roberto-ex-petrobras-tem-55-mi-la-fora-e-volta-para-a-cadeia\/\",\"url\":\"https:\/\/www.notibras.com\/site\/paulo-roberto-ex-petrobras-tem-55-mi-la-fora-e-volta-para-a-cadeia\/\",\"name\":\"PR, ex-Petrobras, tem 55 milh\u00f5es l\u00e1 fora. E volta, assim, para a cadeia - Notibras\",\"isPartOf\":{\"@id\":\"https:\/\/www.notibras.com\/site\/#website\"},\"primaryImageOfPage\":{\"@id\":\"https:\/\/www.notibras.com\/site\/paulo-roberto-ex-petrobras-tem-55-mi-la-fora-e-volta-para-a-cadeia\/#primaryimage\"},\"image\":{\"@id\":\"https:\/\/www.notibras.com\/site\/paulo-roberto-ex-petrobras-tem-55-mi-la-fora-e-volta-para-a-cadeia\/#primaryimage\"},\"thumbnailUrl\":\"https:\/\/www.notibras.com\/site\/wp-content\/uploads\/2014\/06\/PAULOROBERTO4-JC.jpg\",\"datePublished\":\"2014-06-11T21:05:19+00:00\",\"dateModified\":\"2014-06-11T21:06:45+00:00\",\"breadcrumb\":{\"@id\":\"https:\/\/www.notibras.com\/site\/paulo-roberto-ex-petrobras-tem-55-mi-la-fora-e-volta-para-a-cadeia\/#breadcrumb\"},\"inLanguage\":\"pt-BR\",\"potentialAction\":[{\"@type\":\"ReadAction\",\"target\":[\"https:\/\/www.notibras.com\/site\/paulo-roberto-ex-petrobras-tem-55-mi-la-fora-e-volta-para-a-cadeia\/\"]}]},{\"@type\":\"ImageObject\",\"inLanguage\":\"pt-BR\",\"@id\":\"https:\/\/www.notibras.com\/site\/paulo-roberto-ex-petrobras-tem-55-mi-la-fora-e-volta-para-a-cadeia\/#primaryimage\",\"url\":\"https:\/\/www.notibras.com\/site\/wp-content\/uploads\/2014\/06\/PAULOROBERTO4-JC.jpg\",\"contentUrl\":\"https:\/\/www.notibras.com\/site\/wp-content\/uploads\/2014\/06\/PAULOROBERTO4-JC.jpg\",\"width\":620,\"height\":425},{\"@type\":\"BreadcrumbList\",\"@id\":\"https:\/\/www.notibras.com\/site\/paulo-roberto-ex-petrobras-tem-55-mi-la-fora-e-volta-para-a-cadeia\/#breadcrumb\",\"itemListElement\":[{\"@type\":\"ListItem\",\"position\":1,\"name\":\"In\u00edcio\",\"item\":\"https:\/\/www.notibras.com\/site\/\"},{\"@type\":\"ListItem\",\"position\":2,\"name\":\"PR, ex-Petrobras, tem 55 milh\u00f5es l\u00e1 fora. E volta, assim, para a cadeia\"}]},{\"@type\":\"WebSite\",\"@id\":\"https:\/\/www.notibras.com\/site\/#website\",\"url\":\"https:\/\/www.notibras.com\/site\/\",\"name\":\"Notibras\",\"description\":\"Not\u00edcias de Bras\u00edlia, do Brasil e do Mundo\",\"publisher\":{\"@id\":\"https:\/\/www.notibras.com\/site\/#organization\"},\"potentialAction\":[{\"@type\":\"SearchAction\",\"target\":{\"@type\":\"EntryPoint\",\"urlTemplate\":\"https:\/\/www.notibras.com\/site\/?s={search_term_string}\"},\"query-input\":{\"@type\":\"PropertyValueSpecification\",\"valueRequired\":true,\"valueName\":\"search_term_string\"}}],\"inLanguage\":\"pt-BR\"},{\"@type\":\"Organization\",\"@id\":\"https:\/\/www.notibras.com\/site\/#organization\",\"name\":\"Grupo Notibras de Comunica\u00e7\u00e3o\",\"url\":\"https:\/\/www.notibras.com\/site\/\",\"logo\":{\"@type\":\"ImageObject\",\"inLanguage\":\"pt-BR\",\"@id\":\"https:\/\/www.notibras.com\/site\/#\/schema\/logo\/image\/\",\"url\":\"https:\/\/www.notibras.com\/site\/wp-content\/uploads\/2023\/01\/notibras23.png\",\"contentUrl\":\"https:\/\/www.notibras.com\/site\/wp-content\/uploads\/2023\/01\/notibras23.png\",\"width\":350,\"height\":87,\"caption\":\"Grupo Notibras de Comunica\u00e7\u00e3o\"},\"image\":{\"@id\":\"https:\/\/www.notibras.com\/site\/#\/schema\/logo\/image\/\"},\"sameAs\":[\"https:\/\/www.facebook.com\/notibras\/\",\"https:\/\/x.com\/Notibras\",\"https:\/\/www.instagram.com\/notibras\/\"]},{\"@type\":\"Person\",\"@id\":\"https:\/\/www.notibras.com\/site\/#\/schema\/person\/36ab0979449956132d3e5b517ea76ac8\",\"name\":\"Reda\u00e7\u00e3o\",\"image\":{\"@type\":\"ImageObject\",\"inLanguage\":\"pt-BR\",\"@id\":\"https:\/\/secure.gravatar.com\/avatar\/e0a867bdedb85fd243eadf09663511f96fc81e0720a4a42581f334ad4303aa6b?s=96&d=mm&r=g\",\"url\":\"https:\/\/secure.gravatar.com\/avatar\/e0a867bdedb85fd243eadf09663511f96fc81e0720a4a42581f334ad4303aa6b?s=96&d=mm&r=g\",\"contentUrl\":\"https:\/\/secure.gravatar.com\/avatar\/e0a867bdedb85fd243eadf09663511f96fc81e0720a4a42581f334ad4303aa6b?s=96&d=mm&r=g\",\"caption\":\"Reda\u00e7\u00e3o\"}}]}<\/script>\n<!-- \/ Yoast SEO plugin. -->","yoast_head_json":{"title":"PR, ex-Petrobras, tem 55 milh\u00f5es l\u00e1 fora. E volta, assim, para a cadeia - Notibras","robots":{"index":"index","follow":"follow","max-snippet":"max-snippet:-1","max-image-preview":"max-image-preview:large","max-video-preview":"max-video-preview:-1"},"canonical":"https:\/\/www.notibras.com\/site\/paulo-roberto-ex-petrobras-tem-55-mi-la-fora-e-volta-para-a-cadeia\/","og_locale":"pt_BR","og_type":"article","og_title":"PR, ex-Petrobras, tem 55 milh\u00f5es l\u00e1 fora. E volta, assim, para a cadeia - Notibras","og_description":"O juiz S\u00e9rgio Moro, da 13\u00aa Vara Federal de Curitiba, determinou nesta quarta 11 a pris\u00e3o do ex-diretor da Petrobras Paulo Roberto Costa. Ele foi solto no dia 19 de maio, mas retornou \u00e0 pris\u00e3o ap\u00f3s o Supremo Tribunal Federal (STF) validar as provas da Opera\u00e7\u00e3o Lava Jato, da Pol\u00edcia Federal (PF), e determinar que [&hellip;]","og_url":"https:\/\/www.notibras.com\/site\/paulo-roberto-ex-petrobras-tem-55-mi-la-fora-e-volta-para-a-cadeia\/","og_site_name":"Notibras","article_publisher":"https:\/\/www.facebook.com\/notibras\/","article_published_time":"2014-06-11T21:05:19+00:00","article_modified_time":"2014-06-11T21:06:45+00:00","og_image":[{"width":620,"height":425,"url":"https:\/\/www.notibras.com\/site\/wp-content\/uploads\/2014\/06\/PAULOROBERTO4-JC.jpg","type":"image\/jpeg"}],"author":"Reda\u00e7\u00e3o","twitter_card":"summary_large_image","twitter_creator":"@Notibras","twitter_site":"@Notibras","twitter_misc":{"Escrito por":"Reda\u00e7\u00e3o","Est. tempo de leitura":"3 minutos"},"schema":{"@context":"https:\/\/schema.org","@graph":[{"@type":"Article","@id":"https:\/\/www.notibras.com\/site\/paulo-roberto-ex-petrobras-tem-55-mi-la-fora-e-volta-para-a-cadeia\/#article","isPartOf":{"@id":"https:\/\/www.notibras.com\/site\/paulo-roberto-ex-petrobras-tem-55-mi-la-fora-e-volta-para-a-cadeia\/"},"author":{"name":"Reda\u00e7\u00e3o","@id":"https:\/\/www.notibras.com\/site\/#\/schema\/person\/36ab0979449956132d3e5b517ea76ac8"},"headline":"PR, ex-Petrobras, tem 55 milh\u00f5es l\u00e1 fora. E volta, assim, para a cadeia","datePublished":"2014-06-11T21:05:19+00:00","dateModified":"2014-06-11T21:06:45+00:00","mainEntityOfPage":{"@id":"https:\/\/www.notibras.com\/site\/paulo-roberto-ex-petrobras-tem-55-mi-la-fora-e-volta-para-a-cadeia\/"},"wordCount":538,"commentCount":0,"publisher":{"@id":"https:\/\/www.notibras.com\/site\/#organization"},"image":{"@id":"https:\/\/www.notibras.com\/site\/paulo-roberto-ex-petrobras-tem-55-mi-la-fora-e-volta-para-a-cadeia\/#primaryimage"},"thumbnailUrl":"https:\/\/www.notibras.com\/site\/wp-content\/uploads\/2014\/06\/PAULOROBERTO4-JC.jpg","articleSection":["Brasil"],"inLanguage":"pt-BR","potentialAction":[{"@type":"CommentAction","name":"Comment","target":["https:\/\/www.notibras.com\/site\/paulo-roberto-ex-petrobras-tem-55-mi-la-fora-e-volta-para-a-cadeia\/#respond"]}]},{"@type":"WebPage","@id":"https:\/\/www.notibras.com\/site\/paulo-roberto-ex-petrobras-tem-55-mi-la-fora-e-volta-para-a-cadeia\/","url":"https:\/\/www.notibras.com\/site\/paulo-roberto-ex-petrobras-tem-55-mi-la-fora-e-volta-para-a-cadeia\/","name":"PR, ex-Petrobras, tem 55 milh\u00f5es l\u00e1 fora. E volta, assim, para a cadeia - Notibras","isPartOf":{"@id":"https:\/\/www.notibras.com\/site\/#website"},"primaryImageOfPage":{"@id":"https:\/\/www.notibras.com\/site\/paulo-roberto-ex-petrobras-tem-55-mi-la-fora-e-volta-para-a-cadeia\/#primaryimage"},"image":{"@id":"https:\/\/www.notibras.com\/site\/paulo-roberto-ex-petrobras-tem-55-mi-la-fora-e-volta-para-a-cadeia\/#primaryimage"},"thumbnailUrl":"https:\/\/www.notibras.com\/site\/wp-content\/uploads\/2014\/06\/PAULOROBERTO4-JC.jpg","datePublished":"2014-06-11T21:05:19+00:00","dateModified":"2014-06-11T21:06:45+00:00","breadcrumb":{"@id":"https:\/\/www.notibras.com\/site\/paulo-roberto-ex-petrobras-tem-55-mi-la-fora-e-volta-para-a-cadeia\/#breadcrumb"},"inLanguage":"pt-BR","potentialAction":[{"@type":"ReadAction","target":["https:\/\/www.notibras.com\/site\/paulo-roberto-ex-petrobras-tem-55-mi-la-fora-e-volta-para-a-cadeia\/"]}]},{"@type":"ImageObject","inLanguage":"pt-BR","@id":"https:\/\/www.notibras.com\/site\/paulo-roberto-ex-petrobras-tem-55-mi-la-fora-e-volta-para-a-cadeia\/#primaryimage","url":"https:\/\/www.notibras.com\/site\/wp-content\/uploads\/2014\/06\/PAULOROBERTO4-JC.jpg","contentUrl":"https:\/\/www.notibras.com\/site\/wp-content\/uploads\/2014\/06\/PAULOROBERTO4-JC.jpg","width":620,"height":425},{"@type":"BreadcrumbList","@id":"https:\/\/www.notibras.com\/site\/paulo-roberto-ex-petrobras-tem-55-mi-la-fora-e-volta-para-a-cadeia\/#breadcrumb","itemListElement":[{"@type":"ListItem","position":1,"name":"In\u00edcio","item":"https:\/\/www.notibras.com\/site\/"},{"@type":"ListItem","position":2,"name":"PR, ex-Petrobras, tem 55 milh\u00f5es l\u00e1 fora. E volta, assim, para a cadeia"}]},{"@type":"WebSite","@id":"https:\/\/www.notibras.com\/site\/#website","url":"https:\/\/www.notibras.com\/site\/","name":"Notibras","description":"Not\u00edcias de Bras\u00edlia, do Brasil e do Mundo","publisher":{"@id":"https:\/\/www.notibras.com\/site\/#organization"},"potentialAction":[{"@type":"SearchAction","target":{"@type":"EntryPoint","urlTemplate":"https:\/\/www.notibras.com\/site\/?s={search_term_string}"},"query-input":{"@type":"PropertyValueSpecification","valueRequired":true,"valueName":"search_term_string"}}],"inLanguage":"pt-BR"},{"@type":"Organization","@id":"https:\/\/www.notibras.com\/site\/#organization","name":"Grupo Notibras de Comunica\u00e7\u00e3o","url":"https:\/\/www.notibras.com\/site\/","logo":{"@type":"ImageObject","inLanguage":"pt-BR","@id":"https:\/\/www.notibras.com\/site\/#\/schema\/logo\/image\/","url":"https:\/\/www.notibras.com\/site\/wp-content\/uploads\/2023\/01\/notibras23.png","contentUrl":"https:\/\/www.notibras.com\/site\/wp-content\/uploads\/2023\/01\/notibras23.png","width":350,"height":87,"caption":"Grupo Notibras de Comunica\u00e7\u00e3o"},"image":{"@id":"https:\/\/www.notibras.com\/site\/#\/schema\/logo\/image\/"},"sameAs":["https:\/\/www.facebook.com\/notibras\/","https:\/\/x.com\/Notibras","https:\/\/www.instagram.com\/notibras\/"]},{"@type":"Person","@id":"https:\/\/www.notibras.com\/site\/#\/schema\/person\/36ab0979449956132d3e5b517ea76ac8","name":"Reda\u00e7\u00e3o","image":{"@type":"ImageObject","inLanguage":"pt-BR","@id":"https:\/\/secure.gravatar.com\/avatar\/e0a867bdedb85fd243eadf09663511f96fc81e0720a4a42581f334ad4303aa6b?s=96&d=mm&r=g","url":"https:\/\/secure.gravatar.com\/avatar\/e0a867bdedb85fd243eadf09663511f96fc81e0720a4a42581f334ad4303aa6b?s=96&d=mm&r=g","contentUrl":"https:\/\/secure.gravatar.com\/avatar\/e0a867bdedb85fd243eadf09663511f96fc81e0720a4a42581f334ad4303aa6b?s=96&d=mm&r=g","caption":"Reda\u00e7\u00e3o"}}]}},"amp_enabled":true,"_links":{"self":[{"href":"https:\/\/www.notibras.com\/site\/wp-json\/wp\/v2\/posts\/13144","targetHints":{"allow":["GET"]}}],"collection":[{"href":"https:\/\/www.notibras.com\/site\/wp-json\/wp\/v2\/posts"}],"about":[{"href":"https:\/\/www.notibras.com\/site\/wp-json\/wp\/v2\/types\/post"}],"author":[{"embeddable":true,"href":"https:\/\/www.notibras.com\/site\/wp-json\/wp\/v2\/users\/2"}],"replies":[{"embeddable":true,"href":"https:\/\/www.notibras.com\/site\/wp-json\/wp\/v2\/comments?post=13144"}],"version-history":[{"count":0,"href":"https:\/\/www.notibras.com\/site\/wp-json\/wp\/v2\/posts\/13144\/revisions"}],"wp:featuredmedia":[{"embeddable":true,"href":"https:\/\/www.notibras.com\/site\/wp-json\/wp\/v2\/media\/13145"}],"wp:attachment":[{"href":"https:\/\/www.notibras.com\/site\/wp-json\/wp\/v2\/media?parent=13144"}],"wp:term":[{"taxonomy":"category","embeddable":true,"href":"https:\/\/www.notibras.com\/site\/wp-json\/wp\/v2\/categories?post=13144"},{"taxonomy":"post_tag","embeddable":true,"href":"https:\/\/www.notibras.com\/site\/wp-json\/wp\/v2\/tags?post=13144"}],"curies":[{"name":"wp","href":"https:\/\/api.w.org\/{rel}","templated":true}]}}