{"id":131652,"date":"2017-03-12T09:33:48","date_gmt":"2017-03-12T12:33:48","guid":{"rendered":"http:\/\/www.notibras.com\/site\/?p=131652"},"modified":"2017-03-12T09:33:48","modified_gmt":"2017-03-12T12:33:48","slug":"esta-tudo-errado-ja-quebrou-e-ninguem-mexe-em-nada","status":"publish","type":"post","link":"https:\/\/www.notibras.com\/site\/esta-tudo-errado-ja-quebrou-e-ninguem-mexe-em-nada\/","title":{"rendered":"Est\u00e1 tudo errado, j\u00e1 quebrou, e ningu\u00e9m mexe em nada"},"content":{"rendered":"<p><strong>Percival Puggina<\/strong><\/p>\n<p>Dif\u00edcil entender a conduta de muitos brasileiros. A parcela mais significativa do eleitorado \u00e9, historicamente, sens\u00edvel \u00e0s mais demag\u00f3gicas promessas populistas. A biografia de muitos que entraram para nossa hist\u00f3ria como l\u00edderes benquistos e o cat\u00e1logo de suas principais realiza\u00e7\u00f5es n\u00e3o resiste ao crivo da rela\u00e7\u00e3o benef\u00edcio-custo e ao escrut\u00ednio de suas consequ\u00eancias. O Brasil anda devagar e o futuro \u00e9 um horizonte que se afasta.<\/p>\n<p>De Get\u00falio para c\u00e1, incluindo o pr\u00f3prio, o populismo nos presenteou pela urna Juscelino, J\u00e2nio, Collor, Lula e Dilma. N\u00e3o era outro o \u00e2nimo dos vices Jango e Sarney. Escaparam-se, em tempos recentes, o saudoso Itamar Franco e FHC em sua primeira elei\u00e7\u00e3o como cavalo do comiss\u00e1rio de um governo bem sucedido. J\u00e1 n\u00e3o se diga o mesmo dele em 1998, pois a reelei\u00e7\u00e3o enviou \u00e0s favas os crit\u00e9rios do primeiro mandato.<\/p>\n<p>Recordista mundial em n\u00famero de sindicatos, o Brasil cria 250 novas organiza\u00e7\u00f5es desse tipo por ano. Segundo a revista Veja, em outubro do ano passado, havia 16.293 deles, prontos para servir de sinecura a dirigentes e de complicador \u00e0s rela\u00e7\u00f5es de trabalho. O motivo pelo qual os temos em tal quantidade (125 vezes mais do que os Estados Unidos e 180 vezes mais do que a Argentina) \u00e9 o mesmo pelo qual s\u00e3o tantos os nossos partidos pol\u00edticos. H\u00e1 muito dinheiro f\u00e1cil para uns e outros.<\/p>\n<p>&#8220;Nenhum direito a menos!&#8221;, lia-se em faixa de passeata ocorrida h\u00e1 dois dias em Porto Alegre. &#8220;Queremos mais direitos e n\u00e3o menos!&#8221; proclamava outra, no mesmo evento. Ora, quem disse que muitos direitos s\u00e3o vantajosos ao trabalhador? Fosse assim, Portugal e Espanha estariam recebendo trabalhadores alem\u00e3es e ingleses. No entanto, o que acontece \u00e9 o contr\u00e1rio.<\/p>\n<p>Recursos humanos de pa\u00edses super-regulamentados migram para pa\u00edses onde as rela\u00e7\u00f5es s\u00e3o mais livres. Aqueles t\u00eam as economias mais travadas e pagam sal\u00e1rios mais baixos; estes s\u00e3o mais \u00e1geis, pr\u00f3speros e pagam sal\u00e1rios mais altos. Li outro dia que na Venezuela, onde a lei pro\u00edbe a demiss\u00e3o de quem ganha sal\u00e1rio m\u00ednimo, os trabalhadores, por motivos \u00f3bvios, t\u00eam medo de ser promovidos.<\/p>\n<p>Ent\u00e3o, o Brasil preserva institui\u00e7\u00f5es irracionais, verdadeiras usinas de crises que promovem c\u00edclica instabilidade da vida social e econ\u00f4mica. Cultua leis incompat\u00edveis com o tempo presente como se fossem preciosidades jur\u00eddicas e espl\u00eandidas realiza\u00e7\u00f5es da generosidade pol\u00edtica. Mas ai de quem propuser altera\u00e7\u00e3o em estatutos anacr\u00f4nicos como os da previd\u00eancia social e das rela\u00e7\u00f5es de trabalho! Mas e o Brasil, deputado? Ora, o Brasil! Empregado tem nome e CPF. A empregabilidade n\u00e3o rende votos e o desempregado n\u00e3o tem sindicato.<\/p>\n<p>A infeliz combina\u00e7\u00e3o de populismo, corrup\u00e7\u00e3o e leis erradas produziu a recess\u00e3o, gerou 12,5 milh\u00f5es de desempregados e derrubou a renda real dos brasileiros. Essa queda, por\u00e9m, foi muito assim\u00e9trica, proporcionalmente maior para que ganha menos, chegando a 100% para o universo dos desempregados. Isso est\u00e1 muito errado!<\/p>\n<p>Sim, mas n\u00e3o mexe, parecem dizer as pr\u00f3prias v\u00edtimas do perverso populismo e os eternos incendi\u00e1rios do circo alheio. Assim, o mero futuro j\u00e1 \u00e9 uma utopia.<\/p>\n","protected":false},"excerpt":{"rendered":"<p>Percival Puggina Dif\u00edcil entender a conduta de muitos brasileiros. A parcela mais significativa do eleitorado \u00e9, historicamente, sens\u00edvel \u00e0s mais demag\u00f3gicas promessas populistas. A biografia de muitos que entraram para nossa hist\u00f3ria como l\u00edderes benquistos e o cat\u00e1logo de suas principais realiza\u00e7\u00f5es n\u00e3o resiste ao crivo da rela\u00e7\u00e3o benef\u00edcio-custo e ao escrut\u00ednio de suas consequ\u00eancias. [&hellip;]<\/p>\n","protected":false},"author":2,"featured_media":131653,"comment_status":"open","ping_status":"closed","sticky":false,"template":"","format":"standard","meta":{"_acf_changed":false,"footnotes":""},"categories":[25],"tags":[],"class_list":["post-131652","post","type-post","status-publish","format-standard","has-post-thumbnail","hentry","category-opina-ai"],"acf":[],"yoast_head":"<!-- This site is optimized with the Yoast SEO plugin v27.5 - https:\/\/yoast.com\/product\/yoast-seo-wordpress\/ -->\n<title>Est\u00e1 tudo errado, j\u00e1 quebrou, e ningu\u00e9m mexe em nada - Notibras<\/title>\n<meta name=\"robots\" content=\"index, follow, max-snippet:-1, max-image-preview:large, max-video-preview:-1\" \/>\n<link rel=\"canonical\" href=\"https:\/\/www.notibras.com\/site\/esta-tudo-errado-ja-quebrou-e-ninguem-mexe-em-nada\/\" \/>\n<meta property=\"og:locale\" content=\"pt_BR\" \/>\n<meta property=\"og:type\" content=\"article\" \/>\n<meta property=\"og:title\" content=\"Est\u00e1 tudo errado, j\u00e1 quebrou, e ningu\u00e9m mexe em nada - Notibras\" \/>\n<meta property=\"og:description\" content=\"Percival Puggina Dif\u00edcil entender a conduta de muitos brasileiros. A parcela mais significativa do eleitorado \u00e9, historicamente, sens\u00edvel \u00e0s mais demag\u00f3gicas promessas populistas. A biografia de muitos que entraram para nossa hist\u00f3ria como l\u00edderes benquistos e o cat\u00e1logo de suas principais realiza\u00e7\u00f5es n\u00e3o resiste ao crivo da rela\u00e7\u00e3o benef\u00edcio-custo e ao escrut\u00ednio de suas consequ\u00eancias. [&hellip;]\" \/>\n<meta property=\"og:url\" content=\"https:\/\/www.notibras.com\/site\/esta-tudo-errado-ja-quebrou-e-ninguem-mexe-em-nada\/\" \/>\n<meta property=\"og:site_name\" content=\"Notibras\" \/>\n<meta property=\"article:publisher\" content=\"https:\/\/www.facebook.com\/notibras\/\" \/>\n<meta property=\"article:published_time\" content=\"2017-03-12T12:33:48+00:00\" \/>\n<meta property=\"og:image\" content=\"https:\/\/www.notibras.com\/site\/wp-content\/uploads\/2017\/03\/bandeira-rasgada-3-1.jpg\" \/>\n\t<meta property=\"og:image:width\" content=\"728\" \/>\n\t<meta property=\"og:image:height\" content=\"557\" \/>\n\t<meta property=\"og:image:type\" content=\"image\/jpeg\" \/>\n<meta name=\"author\" content=\"Reda\u00e7\u00e3o\" \/>\n<meta name=\"twitter:card\" content=\"summary_large_image\" \/>\n<meta name=\"twitter:creator\" content=\"@Notibras\" \/>\n<meta name=\"twitter:site\" content=\"@Notibras\" \/>\n<meta name=\"twitter:label1\" content=\"Escrito por\" \/>\n\t<meta name=\"twitter:data1\" content=\"Reda\u00e7\u00e3o\" \/>\n\t<meta name=\"twitter:label2\" content=\"Est. tempo de leitura\" \/>\n\t<meta name=\"twitter:data2\" content=\"3 minutos\" \/>\n<script type=\"application\/ld+json\" class=\"yoast-schema-graph\">{\"@context\":\"https:\\\/\\\/schema.org\",\"@graph\":[{\"@type\":\"Article\",\"@id\":\"https:\\\/\\\/www.notibras.com\\\/site\\\/esta-tudo-errado-ja-quebrou-e-ninguem-mexe-em-nada\\\/#article\",\"isPartOf\":{\"@id\":\"https:\\\/\\\/www.notibras.com\\\/site\\\/esta-tudo-errado-ja-quebrou-e-ninguem-mexe-em-nada\\\/\"},\"author\":{\"name\":\"Reda\u00e7\u00e3o\",\"@id\":\"https:\\\/\\\/www.notibras.com\\\/site\\\/#\\\/schema\\\/person\\\/36ab0979449956132d3e5b517ea76ac8\"},\"headline\":\"Est\u00e1 tudo errado, j\u00e1 quebrou, e ningu\u00e9m mexe em nada\",\"datePublished\":\"2017-03-12T12:33:48+00:00\",\"mainEntityOfPage\":{\"@id\":\"https:\\\/\\\/www.notibras.com\\\/site\\\/esta-tudo-errado-ja-quebrou-e-ninguem-mexe-em-nada\\\/\"},\"wordCount\":568,\"commentCount\":0,\"publisher\":{\"@id\":\"https:\\\/\\\/www.notibras.com\\\/site\\\/#organization\"},\"image\":{\"@id\":\"https:\\\/\\\/www.notibras.com\\\/site\\\/esta-tudo-errado-ja-quebrou-e-ninguem-mexe-em-nada\\\/#primaryimage\"},\"thumbnailUrl\":\"https:\\\/\\\/www.notibras.com\\\/site\\\/wp-content\\\/uploads\\\/2017\\\/03\\\/bandeira-rasgada-3-1.jpg\",\"articleSection\":[\"Opina a\u00ed\"],\"inLanguage\":\"pt-BR\",\"potentialAction\":[{\"@type\":\"CommentAction\",\"name\":\"Comment\",\"target\":[\"https:\\\/\\\/www.notibras.com\\\/site\\\/esta-tudo-errado-ja-quebrou-e-ninguem-mexe-em-nada\\\/#respond\"]}]},{\"@type\":\"WebPage\",\"@id\":\"https:\\\/\\\/www.notibras.com\\\/site\\\/esta-tudo-errado-ja-quebrou-e-ninguem-mexe-em-nada\\\/\",\"url\":\"https:\\\/\\\/www.notibras.com\\\/site\\\/esta-tudo-errado-ja-quebrou-e-ninguem-mexe-em-nada\\\/\",\"name\":\"Est\u00e1 tudo errado, j\u00e1 quebrou, e ningu\u00e9m mexe em nada - Notibras\",\"isPartOf\":{\"@id\":\"https:\\\/\\\/www.notibras.com\\\/site\\\/#website\"},\"primaryImageOfPage\":{\"@id\":\"https:\\\/\\\/www.notibras.com\\\/site\\\/esta-tudo-errado-ja-quebrou-e-ninguem-mexe-em-nada\\\/#primaryimage\"},\"image\":{\"@id\":\"https:\\\/\\\/www.notibras.com\\\/site\\\/esta-tudo-errado-ja-quebrou-e-ninguem-mexe-em-nada\\\/#primaryimage\"},\"thumbnailUrl\":\"https:\\\/\\\/www.notibras.com\\\/site\\\/wp-content\\\/uploads\\\/2017\\\/03\\\/bandeira-rasgada-3-1.jpg\",\"datePublished\":\"2017-03-12T12:33:48+00:00\",\"breadcrumb\":{\"@id\":\"https:\\\/\\\/www.notibras.com\\\/site\\\/esta-tudo-errado-ja-quebrou-e-ninguem-mexe-em-nada\\\/#breadcrumb\"},\"inLanguage\":\"pt-BR\",\"potentialAction\":[{\"@type\":\"ReadAction\",\"target\":[\"https:\\\/\\\/www.notibras.com\\\/site\\\/esta-tudo-errado-ja-quebrou-e-ninguem-mexe-em-nada\\\/\"]}]},{\"@type\":\"ImageObject\",\"inLanguage\":\"pt-BR\",\"@id\":\"https:\\\/\\\/www.notibras.com\\\/site\\\/esta-tudo-errado-ja-quebrou-e-ninguem-mexe-em-nada\\\/#primaryimage\",\"url\":\"https:\\\/\\\/www.notibras.com\\\/site\\\/wp-content\\\/uploads\\\/2017\\\/03\\\/bandeira-rasgada-3-1.jpg\",\"contentUrl\":\"https:\\\/\\\/www.notibras.com\\\/site\\\/wp-content\\\/uploads\\\/2017\\\/03\\\/bandeira-rasgada-3-1.jpg\",\"width\":728,\"height\":557},{\"@type\":\"BreadcrumbList\",\"@id\":\"https:\\\/\\\/www.notibras.com\\\/site\\\/esta-tudo-errado-ja-quebrou-e-ninguem-mexe-em-nada\\\/#breadcrumb\",\"itemListElement\":[{\"@type\":\"ListItem\",\"position\":1,\"name\":\"In\u00edcio\",\"item\":\"https:\\\/\\\/www.notibras.com\\\/site\\\/\"},{\"@type\":\"ListItem\",\"position\":2,\"name\":\"Est\u00e1 tudo errado, j\u00e1 quebrou, e ningu\u00e9m mexe em nada\"}]},{\"@type\":\"WebSite\",\"@id\":\"https:\\\/\\\/www.notibras.com\\\/site\\\/#website\",\"url\":\"https:\\\/\\\/www.notibras.com\\\/site\\\/\",\"name\":\"Notibras\",\"description\":\"Not\u00edcias de Bras\u00edlia, do Brasil e do Mundo\",\"publisher\":{\"@id\":\"https:\\\/\\\/www.notibras.com\\\/site\\\/#organization\"},\"potentialAction\":[{\"@type\":\"SearchAction\",\"target\":{\"@type\":\"EntryPoint\",\"urlTemplate\":\"https:\\\/\\\/www.notibras.com\\\/site\\\/?s={search_term_string}\"},\"query-input\":{\"@type\":\"PropertyValueSpecification\",\"valueRequired\":true,\"valueName\":\"search_term_string\"}}],\"inLanguage\":\"pt-BR\"},{\"@type\":\"Organization\",\"@id\":\"https:\\\/\\\/www.notibras.com\\\/site\\\/#organization\",\"name\":\"Grupo Notibras de Comunica\u00e7\u00e3o\",\"url\":\"https:\\\/\\\/www.notibras.com\\\/site\\\/\",\"logo\":{\"@type\":\"ImageObject\",\"inLanguage\":\"pt-BR\",\"@id\":\"https:\\\/\\\/www.notibras.com\\\/site\\\/#\\\/schema\\\/logo\\\/image\\\/\",\"url\":\"https:\\\/\\\/www.notibras.com\\\/site\\\/wp-content\\\/uploads\\\/2023\\\/01\\\/notibras23.png\",\"contentUrl\":\"https:\\\/\\\/www.notibras.com\\\/site\\\/wp-content\\\/uploads\\\/2023\\\/01\\\/notibras23.png\",\"width\":350,\"height\":87,\"caption\":\"Grupo Notibras de Comunica\u00e7\u00e3o\"},\"image\":{\"@id\":\"https:\\\/\\\/www.notibras.com\\\/site\\\/#\\\/schema\\\/logo\\\/image\\\/\"},\"sameAs\":[\"https:\\\/\\\/www.facebook.com\\\/notibras\\\/\",\"https:\\\/\\\/x.com\\\/Notibras\",\"https:\\\/\\\/www.instagram.com\\\/notibras\\\/\"]},{\"@type\":\"Person\",\"@id\":\"https:\\\/\\\/www.notibras.com\\\/site\\\/#\\\/schema\\\/person\\\/36ab0979449956132d3e5b517ea76ac8\",\"name\":\"Reda\u00e7\u00e3o\",\"image\":{\"@type\":\"ImageObject\",\"inLanguage\":\"pt-BR\",\"@id\":\"https:\\\/\\\/secure.gravatar.com\\\/avatar\\\/e0a867bdedb85fd243eadf09663511f96fc81e0720a4a42581f334ad4303aa6b?s=96&d=mm&r=g\",\"url\":\"https:\\\/\\\/secure.gravatar.com\\\/avatar\\\/e0a867bdedb85fd243eadf09663511f96fc81e0720a4a42581f334ad4303aa6b?s=96&d=mm&r=g\",\"contentUrl\":\"https:\\\/\\\/secure.gravatar.com\\\/avatar\\\/e0a867bdedb85fd243eadf09663511f96fc81e0720a4a42581f334ad4303aa6b?s=96&d=mm&r=g\",\"caption\":\"Reda\u00e7\u00e3o\"}}]}<\/script>\n<!-- \/ Yoast SEO plugin. -->","yoast_head_json":{"title":"Est\u00e1 tudo errado, j\u00e1 quebrou, e ningu\u00e9m mexe em nada - Notibras","robots":{"index":"index","follow":"follow","max-snippet":"max-snippet:-1","max-image-preview":"max-image-preview:large","max-video-preview":"max-video-preview:-1"},"canonical":"https:\/\/www.notibras.com\/site\/esta-tudo-errado-ja-quebrou-e-ninguem-mexe-em-nada\/","og_locale":"pt_BR","og_type":"article","og_title":"Est\u00e1 tudo errado, j\u00e1 quebrou, e ningu\u00e9m mexe em nada - Notibras","og_description":"Percival Puggina Dif\u00edcil entender a conduta de muitos brasileiros. A parcela mais significativa do eleitorado \u00e9, historicamente, sens\u00edvel \u00e0s mais demag\u00f3gicas promessas populistas. A biografia de muitos que entraram para nossa hist\u00f3ria como l\u00edderes benquistos e o cat\u00e1logo de suas principais realiza\u00e7\u00f5es n\u00e3o resiste ao crivo da rela\u00e7\u00e3o benef\u00edcio-custo e ao escrut\u00ednio de suas consequ\u00eancias. [&hellip;]","og_url":"https:\/\/www.notibras.com\/site\/esta-tudo-errado-ja-quebrou-e-ninguem-mexe-em-nada\/","og_site_name":"Notibras","article_publisher":"https:\/\/www.facebook.com\/notibras\/","article_published_time":"2017-03-12T12:33:48+00:00","og_image":[{"width":728,"height":557,"url":"https:\/\/www.notibras.com\/site\/wp-content\/uploads\/2017\/03\/bandeira-rasgada-3-1.jpg","type":"image\/jpeg"}],"author":"Reda\u00e7\u00e3o","twitter_card":"summary_large_image","twitter_creator":"@Notibras","twitter_site":"@Notibras","twitter_misc":{"Escrito por":"Reda\u00e7\u00e3o","Est. tempo de leitura":"3 minutos"},"schema":{"@context":"https:\/\/schema.org","@graph":[{"@type":"Article","@id":"https:\/\/www.notibras.com\/site\/esta-tudo-errado-ja-quebrou-e-ninguem-mexe-em-nada\/#article","isPartOf":{"@id":"https:\/\/www.notibras.com\/site\/esta-tudo-errado-ja-quebrou-e-ninguem-mexe-em-nada\/"},"author":{"name":"Reda\u00e7\u00e3o","@id":"https:\/\/www.notibras.com\/site\/#\/schema\/person\/36ab0979449956132d3e5b517ea76ac8"},"headline":"Est\u00e1 tudo errado, j\u00e1 quebrou, e ningu\u00e9m mexe em nada","datePublished":"2017-03-12T12:33:48+00:00","mainEntityOfPage":{"@id":"https:\/\/www.notibras.com\/site\/esta-tudo-errado-ja-quebrou-e-ninguem-mexe-em-nada\/"},"wordCount":568,"commentCount":0,"publisher":{"@id":"https:\/\/www.notibras.com\/site\/#organization"},"image":{"@id":"https:\/\/www.notibras.com\/site\/esta-tudo-errado-ja-quebrou-e-ninguem-mexe-em-nada\/#primaryimage"},"thumbnailUrl":"https:\/\/www.notibras.com\/site\/wp-content\/uploads\/2017\/03\/bandeira-rasgada-3-1.jpg","articleSection":["Opina a\u00ed"],"inLanguage":"pt-BR","potentialAction":[{"@type":"CommentAction","name":"Comment","target":["https:\/\/www.notibras.com\/site\/esta-tudo-errado-ja-quebrou-e-ninguem-mexe-em-nada\/#respond"]}]},{"@type":"WebPage","@id":"https:\/\/www.notibras.com\/site\/esta-tudo-errado-ja-quebrou-e-ninguem-mexe-em-nada\/","url":"https:\/\/www.notibras.com\/site\/esta-tudo-errado-ja-quebrou-e-ninguem-mexe-em-nada\/","name":"Est\u00e1 tudo errado, j\u00e1 quebrou, e ningu\u00e9m mexe em nada - Notibras","isPartOf":{"@id":"https:\/\/www.notibras.com\/site\/#website"},"primaryImageOfPage":{"@id":"https:\/\/www.notibras.com\/site\/esta-tudo-errado-ja-quebrou-e-ninguem-mexe-em-nada\/#primaryimage"},"image":{"@id":"https:\/\/www.notibras.com\/site\/esta-tudo-errado-ja-quebrou-e-ninguem-mexe-em-nada\/#primaryimage"},"thumbnailUrl":"https:\/\/www.notibras.com\/site\/wp-content\/uploads\/2017\/03\/bandeira-rasgada-3-1.jpg","datePublished":"2017-03-12T12:33:48+00:00","breadcrumb":{"@id":"https:\/\/www.notibras.com\/site\/esta-tudo-errado-ja-quebrou-e-ninguem-mexe-em-nada\/#breadcrumb"},"inLanguage":"pt-BR","potentialAction":[{"@type":"ReadAction","target":["https:\/\/www.notibras.com\/site\/esta-tudo-errado-ja-quebrou-e-ninguem-mexe-em-nada\/"]}]},{"@type":"ImageObject","inLanguage":"pt-BR","@id":"https:\/\/www.notibras.com\/site\/esta-tudo-errado-ja-quebrou-e-ninguem-mexe-em-nada\/#primaryimage","url":"https:\/\/www.notibras.com\/site\/wp-content\/uploads\/2017\/03\/bandeira-rasgada-3-1.jpg","contentUrl":"https:\/\/www.notibras.com\/site\/wp-content\/uploads\/2017\/03\/bandeira-rasgada-3-1.jpg","width":728,"height":557},{"@type":"BreadcrumbList","@id":"https:\/\/www.notibras.com\/site\/esta-tudo-errado-ja-quebrou-e-ninguem-mexe-em-nada\/#breadcrumb","itemListElement":[{"@type":"ListItem","position":1,"name":"In\u00edcio","item":"https:\/\/www.notibras.com\/site\/"},{"@type":"ListItem","position":2,"name":"Est\u00e1 tudo errado, j\u00e1 quebrou, e ningu\u00e9m mexe em nada"}]},{"@type":"WebSite","@id":"https:\/\/www.notibras.com\/site\/#website","url":"https:\/\/www.notibras.com\/site\/","name":"Notibras","description":"Not\u00edcias de Bras\u00edlia, do Brasil e do Mundo","publisher":{"@id":"https:\/\/www.notibras.com\/site\/#organization"},"potentialAction":[{"@type":"SearchAction","target":{"@type":"EntryPoint","urlTemplate":"https:\/\/www.notibras.com\/site\/?s={search_term_string}"},"query-input":{"@type":"PropertyValueSpecification","valueRequired":true,"valueName":"search_term_string"}}],"inLanguage":"pt-BR"},{"@type":"Organization","@id":"https:\/\/www.notibras.com\/site\/#organization","name":"Grupo Notibras de Comunica\u00e7\u00e3o","url":"https:\/\/www.notibras.com\/site\/","logo":{"@type":"ImageObject","inLanguage":"pt-BR","@id":"https:\/\/www.notibras.com\/site\/#\/schema\/logo\/image\/","url":"https:\/\/www.notibras.com\/site\/wp-content\/uploads\/2023\/01\/notibras23.png","contentUrl":"https:\/\/www.notibras.com\/site\/wp-content\/uploads\/2023\/01\/notibras23.png","width":350,"height":87,"caption":"Grupo Notibras de Comunica\u00e7\u00e3o"},"image":{"@id":"https:\/\/www.notibras.com\/site\/#\/schema\/logo\/image\/"},"sameAs":["https:\/\/www.facebook.com\/notibras\/","https:\/\/x.com\/Notibras","https:\/\/www.instagram.com\/notibras\/"]},{"@type":"Person","@id":"https:\/\/www.notibras.com\/site\/#\/schema\/person\/36ab0979449956132d3e5b517ea76ac8","name":"Reda\u00e7\u00e3o","image":{"@type":"ImageObject","inLanguage":"pt-BR","@id":"https:\/\/secure.gravatar.com\/avatar\/e0a867bdedb85fd243eadf09663511f96fc81e0720a4a42581f334ad4303aa6b?s=96&d=mm&r=g","url":"https:\/\/secure.gravatar.com\/avatar\/e0a867bdedb85fd243eadf09663511f96fc81e0720a4a42581f334ad4303aa6b?s=96&d=mm&r=g","contentUrl":"https:\/\/secure.gravatar.com\/avatar\/e0a867bdedb85fd243eadf09663511f96fc81e0720a4a42581f334ad4303aa6b?s=96&d=mm&r=g","caption":"Reda\u00e7\u00e3o"}}]}},"amp_enabled":true,"_links":{"self":[{"href":"https:\/\/www.notibras.com\/site\/wp-json\/wp\/v2\/posts\/131652","targetHints":{"allow":["GET"]}}],"collection":[{"href":"https:\/\/www.notibras.com\/site\/wp-json\/wp\/v2\/posts"}],"about":[{"href":"https:\/\/www.notibras.com\/site\/wp-json\/wp\/v2\/types\/post"}],"author":[{"embeddable":true,"href":"https:\/\/www.notibras.com\/site\/wp-json\/wp\/v2\/users\/2"}],"replies":[{"embeddable":true,"href":"https:\/\/www.notibras.com\/site\/wp-json\/wp\/v2\/comments?post=131652"}],"version-history":[{"count":1,"href":"https:\/\/www.notibras.com\/site\/wp-json\/wp\/v2\/posts\/131652\/revisions"}],"predecessor-version":[{"id":131654,"href":"https:\/\/www.notibras.com\/site\/wp-json\/wp\/v2\/posts\/131652\/revisions\/131654"}],"wp:featuredmedia":[{"embeddable":true,"href":"https:\/\/www.notibras.com\/site\/wp-json\/wp\/v2\/media\/131653"}],"wp:attachment":[{"href":"https:\/\/www.notibras.com\/site\/wp-json\/wp\/v2\/media?parent=131652"}],"wp:term":[{"taxonomy":"category","embeddable":true,"href":"https:\/\/www.notibras.com\/site\/wp-json\/wp\/v2\/categories?post=131652"},{"taxonomy":"post_tag","embeddable":true,"href":"https:\/\/www.notibras.com\/site\/wp-json\/wp\/v2\/tags?post=131652"}],"curies":[{"name":"wp","href":"https:\/\/api.w.org\/{rel}","templated":true}]}}