{"id":131736,"date":"2017-03-13T10:30:17","date_gmt":"2017-03-13T13:30:17","guid":{"rendered":"http:\/\/www.notibras.com\/site\/?p=131736"},"modified":"2017-03-13T12:52:49","modified_gmt":"2017-03-13T15:52:49","slug":"medo-da-volta-cria-novos-monstros-para-matar-lula","status":"publish","type":"post","link":"https:\/\/www.notibras.com\/site\/medo-da-volta-cria-novos-monstros-para-matar-lula\/","title":{"rendered":"Medo da volta cria novos monstros para &#8216;matar&#8217; Lula"},"content":{"rendered":"<p><strong>Silas Correa Leite<\/strong><\/p>\n<p>Daqui a uns 50 ou cem anos, quando forem pesquisar a hist\u00f3ria do Brasil, se consultarem a imprensa vendida e chamada no baixo clero do varejo de m\u00eddia abutre, v\u00e3o ver que o melhor presidente do Brasil foi um homem tachado de corrupto e ladr\u00e3o; o Lula, atacado e perseguido pela imprensa e pela justi\u00e7a amoral durante trinta anos.<\/p>\n<p>Se forem pesquisar a economia, a pol\u00edtica mesmo, a inclus\u00e3o social, os n\u00fameros vitais dir\u00e3o que foi a melhor \u00e9poca do Brasil desde Get\u00falio Vargas, e que o melhor presidente do Brasil foi o Lula, reconhecido no mundo inteiro, no chamado primeiro mundo, pois entre outras grandezas e conquistas sociais datadas tirou o Brasil do mapa da mis\u00e9ria, de d\u00e9cima segunda economia do mundo a sexta economia.<\/p>\n<p>Desde 1500 da coloniza\u00e7\u00e3o de explora\u00e7\u00e3o, passando pela liberta\u00e7\u00e3o dos escravos, depois pelo golpe militar de 64, depois pelo falso soci\u00f3logo FHC que o Brasil n\u00e3o tinha inclus\u00e3o social de milh\u00f5es, que nem nobres, nem marechais, nem acad\u00eamicos da USP conseguiram, o que um nordestino tido como semianalfabeto e migrante da seca conseguiu, e isso a elite amoral, insens\u00edvel corrupta n\u00e3o engole.<\/p>\n<p>Partindo dessa premissa, a m\u00eddia sempre jogando para a massa ignara e atacando o Lula, julgando-o, culpando-o, fazendo jogo midi\u00e1tico parvo para uma justi\u00e7a de ratos de toga e maraj\u00e1s petulantes prenderem o Lula, humilharem o Lula, jogarem o Lula na cadeia e jogarem a opini\u00e3o p\u00fablica contra ele, porque eles n\u00e3o t\u00eam candidato que preste e a altura do Lula para concorrerem com ele. V\u00e3o matar o Lula? V\u00e3o derrubar tamb\u00e9m o avi\u00e3o do Lula? V\u00e3o provocar um acidente de tr\u00e2nsito, um atentado, uma morte por envenenamento paulatino, para dizerem que o Lula se matou sozinho, morreu de beber pinga, etc. e tal?<\/p>\n<p>N\u00e3o conhe\u00e7o ningu\u00e9m que preste cem por cento, ou que seja honesto cem por cento, e que fale mal do Lula. Pois \u00e9, caras p\u00e1lidas \u201cfazem faculdades\u201d (as aspas s\u00e3o propositais), vendo televis\u00e3o rastaquara e querem discutir pol\u00edtica. N\u00e3o chegam ao p\u00e9 do Lula, mas atacam-no, parecendo que s\u00e3o politizados. E os direitos humanos do Lula? E s\u00e3o analfas, rea\u00e7as, ignorantes pol\u00edticos, mal formados e mal informados, que quando querem posar de criticozinhos de ocasi\u00e3o, tipo Gera\u00e7\u00e3o Hipogl\u00f3s alienada, seguindo o open doping da m\u00eddia abutre, alegam, coi\u00f3s de tudo, que os pol\u00edticos s\u00e3o todos iguais, ou que nenhum pol\u00edtico presta. J\u00e1 pensou? Pensar pode, deve.<\/p>\n<p>O medo do Lula criou monstros. Como o medo do comunismo criou ac\u00e9falos. O Brasil n\u00e3o tem compet\u00eancia para ser comunista. Como o medo da Dilma criou amebas coxinhas-daslu. Em Portugal diz-se: Queremos um Lula aqui. Barack Obama disse que ele \u00e9 o Cara. Em Washington D.C. tem uma est\u00e1tua de grandes l\u00edderes mundiais, e l\u00e1 est\u00e1 a do Lula. L\u00edder ao n\u00edvel de Nelson Mandela, Mahatma Gandhi, M\u00e1rio Soares, s\u00f3 para citar alguns reconhecidos l\u00edderes mundiais que governaram para o pov\u00e3o tamb\u00e9m.<\/p>\n<p>E qual \u00e9 a do juizeco de apostila, o Moro? Perto do Lula ele n\u00e3o \u00e9 nada e nem ningu\u00e9m, mas \u00e9 neofascista, e n\u00e3o \u00e9 s\u00f3 porque n\u00e3o passou no exame da OAB, \u00e9 de meio e cl\u00e3. Freud explica? Nessa linha, tentar destruir o que voc\u00ea n\u00e3o \u00e9, n\u00e3o pode ser, n\u00e3o pode ter. Curto e grosso, por esse c\u00e9rebro de penico de toga, o Lula j\u00e1 est\u00e1 definitivamente condenado e morto. Agora s\u00f3 falta arrumar um crime fict\u00edcio, nem que seja inventado, uma premiada dela\u00e7\u00e3o parcial, tendenciosa e amoral, de pedalinho, triplex, casa na lua, boi voador, amante argentina, coisa assim.<\/p>\n<p>Quando \u00e9 que v\u00e3o exonerar esse arrogante juizinho de primeira est\u00e2ncia, pais e esposa ligados a impunes corruptos do PSDB do Paran\u00e1 falido, e que posa em fotos todo ridente com corruptos costumeiros, historiais, impunes, que j\u00e1 foi interpelado e questionado por corte internacional de direito, amigo do A\u00e9cio Neves, aquele do avi\u00e3o com drogas em aeroporto constru\u00eddo com dinheiro p\u00fablico? Por essas e outras, pensa-se: justi\u00e7a tendenciosa e parcial n\u00e3o \u00e9 justi\u00e7a. Pior, se temos bandidos impunes na pol\u00edtica, \u00e9 porque tamb\u00e9m temos bandidos na justi\u00e7a.<\/p>\n<p>V\u00e3o matar o Lula. J\u00e1 mataram sua esposa Marisa Leticia. Ficou por isso mesmo. Derrubaram o avi\u00e3o do Eduardo Campos, do Desembargador Teori, mas temem derrubar o Lula, matarem-no, e come\u00e7arem uma guerra civil a partir de uma como\u00e7\u00e3o nacional, igual \u00e0 \u00e9poca da morte do Vargas. Temer com 70% de desaprova\u00e7\u00e3o por ser rid\u00edculo, e mais de 60% do Brasil a favor do Lula, e questionando essa persegui\u00e7\u00e3o de toga, terno, gravata e farda, com a pr\u00f3pria PF sendo politizada para favorecer o fim de direitos trabalhistas, de garantias constitucionais, e alguns ju\u00edzes aparecidos e petulantes se achando, maraj\u00e1s de toga, mas se passarem por um crivo historial de vida pregressa em peneira de transpar\u00eancia n\u00e3o chegam ao p\u00e9 do Lula.<\/p>\n<p>Comentei com uma amiga que tenho medo do Lula se matar, ou voltar o c\u00e2ncer, porque o c\u00e2ncer historial de uma justi\u00e7a incompetente, corrupta, violenta e senil j\u00e1 se arvora, e uma m\u00eddia no mesmo diapas\u00e3o j\u00e1 julgou o Lula, mesmo que os grandes meios de comunica\u00e7\u00e3o devam bilh\u00f5es ao fisco, de terem concess\u00f5es p\u00fablicas, mas pensavam que iriam eleger o A\u00e9cio Neves que anistiaria a todos, e assim propagam diuturnamente mentiras n\u00e3o provadas e ila\u00e7\u00f5es contra o Lula, e \u00e9 essa mesma imprensa que financiou o funesto golpe de 64 que fecundou ovos de serpentes do fascismo que ainda resta numa sociedade podre, ornada de ditadores impunes.<\/p>\n<p>Lula j\u00e1 foi tachado de tudo quanto se pode imaginar, de cal\u00fanias e difama\u00e7\u00f5es, de inverdades a not\u00edcias fakes, e o mito, a lenda, o homem, parece fermento. Quanto mais batem, mais cresce nas pesquisas. O povo j\u00e1 foi bobo de acreditar na justi\u00e7a, na imprensa, no PSDB, no PMDB, mas \u00e9 tanto \u00f3dio contra o Lula, e o PT, com os outros verdadeiros ladr\u00f5es, corruptos e propineiros posando de santos, com os outros corruptos e ladr\u00f5es de m\u00e1fias e quadrilhas protegidos pelo Janot, pelo Moro, pela decadente justi\u00e7a tendenciosa e parcial, pelo STF, que est\u00e1 ficando \u00f3bvio demais. O leitor n\u00e3o \u00e9 t\u00e3o bobo assim\u2026<\/p>\n<p>N\u00e3o se assustem, portanto \u2013 e isso n\u00e3o \u00e9 uma profecia, mas uma dica de racioc\u00ednio l\u00f3gico-sequencial dentro do nosso processo hist\u00f3rico at\u00e9 \u2013 se o Luiz Ign\u00e1cio Lula da Silva, o melhor presidente que a rep\u00fablica brasileira j\u00e1 teve, um bendito dia para a Rep\u00fablica Fascista de Curitiba de forma arbitr\u00e1ria for conduzido coercitivamente para averigua\u00e7\u00e3o enganat\u00f3ria, ficar detido sem nada que o condene que tenha transitado em julgado conforme preconiza a constitui\u00e7\u00e3o, e um dia l\u00e1 apare\u00e7a \u201csuicidado\u201d; morto, colapso, sequela, depress\u00e3o. E tudo de novo ficar por isso mesmo, como a morte de JK, de Jango, de Eduardo Campos, de Teori.<\/p>\n","protected":false},"excerpt":{"rendered":"<p>Silas Correa Leite Daqui a uns 50 ou cem anos, quando forem pesquisar a hist\u00f3ria do Brasil, se consultarem a imprensa vendida e chamada no baixo clero do varejo de m\u00eddia abutre, v\u00e3o ver que o melhor presidente do Brasil foi um homem tachado de corrupto e ladr\u00e3o; o Lula, atacado e perseguido pela imprensa [&hellip;]<\/p>\n","protected":false},"author":2,"featured_media":131737,"comment_status":"open","ping_status":"closed","sticky":false,"template":"","format":"standard","meta":{"_acf_changed":false,"footnotes":""},"categories":[25],"tags":[],"class_list":["post-131736","post","type-post","status-publish","format-standard","has-post-thumbnail","hentry","category-opina-ai"],"acf":[],"yoast_head":"<!-- This site is optimized with the Yoast SEO plugin v27.5 - https:\/\/yoast.com\/product\/yoast-seo-wordpress\/ -->\n<title>Medo da volta cria novos monstros para &#039;matar&#039; Lula - Notibras<\/title>\n<meta name=\"robots\" content=\"index, follow, max-snippet:-1, max-image-preview:large, max-video-preview:-1\" \/>\n<link rel=\"canonical\" href=\"https:\/\/www.notibras.com\/site\/medo-da-volta-cria-novos-monstros-para-matar-lula\/\" \/>\n<meta property=\"og:locale\" content=\"pt_BR\" \/>\n<meta property=\"og:type\" content=\"article\" \/>\n<meta property=\"og:title\" content=\"Medo da volta cria novos monstros para &#039;matar&#039; Lula - Notibras\" \/>\n<meta property=\"og:description\" content=\"Silas Correa Leite Daqui a uns 50 ou cem anos, quando forem pesquisar a hist\u00f3ria do Brasil, se consultarem a imprensa vendida e chamada no baixo clero do varejo de m\u00eddia abutre, v\u00e3o ver que o melhor presidente do Brasil foi um homem tachado de corrupto e ladr\u00e3o; o Lula, atacado e perseguido pela imprensa [&hellip;]\" \/>\n<meta property=\"og:url\" content=\"https:\/\/www.notibras.com\/site\/medo-da-volta-cria-novos-monstros-para-matar-lula\/\" \/>\n<meta property=\"og:site_name\" content=\"Notibras\" \/>\n<meta property=\"article:publisher\" content=\"https:\/\/www.facebook.com\/notibras\/\" \/>\n<meta property=\"article:published_time\" content=\"2017-03-13T13:30:17+00:00\" \/>\n<meta property=\"article:modified_time\" content=\"2017-03-13T15:52:49+00:00\" \/>\n<meta property=\"og:image\" content=\"https:\/\/www.notibras.com\/site\/wp-content\/uploads\/2017\/03\/LULA-GGGG.jpg\" \/>\n\t<meta property=\"og:image:width\" content=\"770\" \/>\n\t<meta property=\"og:image:height\" content=\"578\" \/>\n\t<meta property=\"og:image:type\" content=\"image\/jpeg\" \/>\n<meta name=\"author\" content=\"Reda\u00e7\u00e3o\" \/>\n<meta name=\"twitter:card\" content=\"summary_large_image\" \/>\n<meta name=\"twitter:creator\" content=\"@Notibras\" \/>\n<meta name=\"twitter:site\" content=\"@Notibras\" \/>\n<meta name=\"twitter:label1\" content=\"Escrito por\" \/>\n\t<meta name=\"twitter:data1\" content=\"Reda\u00e7\u00e3o\" \/>\n\t<meta name=\"twitter:label2\" content=\"Est. tempo de leitura\" \/>\n\t<meta name=\"twitter:data2\" content=\"6 minutos\" \/>\n<script type=\"application\/ld+json\" class=\"yoast-schema-graph\">{\"@context\":\"https:\\\/\\\/schema.org\",\"@graph\":[{\"@type\":\"Article\",\"@id\":\"https:\\\/\\\/www.notibras.com\\\/site\\\/medo-da-volta-cria-novos-monstros-para-matar-lula\\\/#article\",\"isPartOf\":{\"@id\":\"https:\\\/\\\/www.notibras.com\\\/site\\\/medo-da-volta-cria-novos-monstros-para-matar-lula\\\/\"},\"author\":{\"name\":\"Reda\u00e7\u00e3o\",\"@id\":\"https:\\\/\\\/www.notibras.com\\\/site\\\/#\\\/schema\\\/person\\\/36ab0979449956132d3e5b517ea76ac8\"},\"headline\":\"Medo da volta cria novos monstros para &#8216;matar&#8217; Lula\",\"datePublished\":\"2017-03-13T13:30:17+00:00\",\"dateModified\":\"2017-03-13T15:52:49+00:00\",\"mainEntityOfPage\":{\"@id\":\"https:\\\/\\\/www.notibras.com\\\/site\\\/medo-da-volta-cria-novos-monstros-para-matar-lula\\\/\"},\"wordCount\":1238,\"commentCount\":0,\"publisher\":{\"@id\":\"https:\\\/\\\/www.notibras.com\\\/site\\\/#organization\"},\"image\":{\"@id\":\"https:\\\/\\\/www.notibras.com\\\/site\\\/medo-da-volta-cria-novos-monstros-para-matar-lula\\\/#primaryimage\"},\"thumbnailUrl\":\"https:\\\/\\\/www.notibras.com\\\/site\\\/wp-content\\\/uploads\\\/2017\\\/03\\\/LULA-GGGG.jpg\",\"articleSection\":[\"Opina a\u00ed\"],\"inLanguage\":\"pt-BR\",\"potentialAction\":[{\"@type\":\"CommentAction\",\"name\":\"Comment\",\"target\":[\"https:\\\/\\\/www.notibras.com\\\/site\\\/medo-da-volta-cria-novos-monstros-para-matar-lula\\\/#respond\"]}]},{\"@type\":\"WebPage\",\"@id\":\"https:\\\/\\\/www.notibras.com\\\/site\\\/medo-da-volta-cria-novos-monstros-para-matar-lula\\\/\",\"url\":\"https:\\\/\\\/www.notibras.com\\\/site\\\/medo-da-volta-cria-novos-monstros-para-matar-lula\\\/\",\"name\":\"Medo da volta cria novos monstros para 'matar' Lula - Notibras\",\"isPartOf\":{\"@id\":\"https:\\\/\\\/www.notibras.com\\\/site\\\/#website\"},\"primaryImageOfPage\":{\"@id\":\"https:\\\/\\\/www.notibras.com\\\/site\\\/medo-da-volta-cria-novos-monstros-para-matar-lula\\\/#primaryimage\"},\"image\":{\"@id\":\"https:\\\/\\\/www.notibras.com\\\/site\\\/medo-da-volta-cria-novos-monstros-para-matar-lula\\\/#primaryimage\"},\"thumbnailUrl\":\"https:\\\/\\\/www.notibras.com\\\/site\\\/wp-content\\\/uploads\\\/2017\\\/03\\\/LULA-GGGG.jpg\",\"datePublished\":\"2017-03-13T13:30:17+00:00\",\"dateModified\":\"2017-03-13T15:52:49+00:00\",\"breadcrumb\":{\"@id\":\"https:\\\/\\\/www.notibras.com\\\/site\\\/medo-da-volta-cria-novos-monstros-para-matar-lula\\\/#breadcrumb\"},\"inLanguage\":\"pt-BR\",\"potentialAction\":[{\"@type\":\"ReadAction\",\"target\":[\"https:\\\/\\\/www.notibras.com\\\/site\\\/medo-da-volta-cria-novos-monstros-para-matar-lula\\\/\"]}]},{\"@type\":\"ImageObject\",\"inLanguage\":\"pt-BR\",\"@id\":\"https:\\\/\\\/www.notibras.com\\\/site\\\/medo-da-volta-cria-novos-monstros-para-matar-lula\\\/#primaryimage\",\"url\":\"https:\\\/\\\/www.notibras.com\\\/site\\\/wp-content\\\/uploads\\\/2017\\\/03\\\/LULA-GGGG.jpg\",\"contentUrl\":\"https:\\\/\\\/www.notibras.com\\\/site\\\/wp-content\\\/uploads\\\/2017\\\/03\\\/LULA-GGGG.jpg\",\"width\":770,\"height\":578,\"caption\":\"Foto\\\/Arquivo Notibras\"},{\"@type\":\"BreadcrumbList\",\"@id\":\"https:\\\/\\\/www.notibras.com\\\/site\\\/medo-da-volta-cria-novos-monstros-para-matar-lula\\\/#breadcrumb\",\"itemListElement\":[{\"@type\":\"ListItem\",\"position\":1,\"name\":\"In\u00edcio\",\"item\":\"https:\\\/\\\/www.notibras.com\\\/site\\\/\"},{\"@type\":\"ListItem\",\"position\":2,\"name\":\"Medo da volta cria novos monstros para &#8216;matar&#8217; Lula\"}]},{\"@type\":\"WebSite\",\"@id\":\"https:\\\/\\\/www.notibras.com\\\/site\\\/#website\",\"url\":\"https:\\\/\\\/www.notibras.com\\\/site\\\/\",\"name\":\"Notibras\",\"description\":\"Not\u00edcias de Bras\u00edlia, do Brasil e do Mundo\",\"publisher\":{\"@id\":\"https:\\\/\\\/www.notibras.com\\\/site\\\/#organization\"},\"potentialAction\":[{\"@type\":\"SearchAction\",\"target\":{\"@type\":\"EntryPoint\",\"urlTemplate\":\"https:\\\/\\\/www.notibras.com\\\/site\\\/?s={search_term_string}\"},\"query-input\":{\"@type\":\"PropertyValueSpecification\",\"valueRequired\":true,\"valueName\":\"search_term_string\"}}],\"inLanguage\":\"pt-BR\"},{\"@type\":\"Organization\",\"@id\":\"https:\\\/\\\/www.notibras.com\\\/site\\\/#organization\",\"name\":\"Grupo Notibras de Comunica\u00e7\u00e3o\",\"url\":\"https:\\\/\\\/www.notibras.com\\\/site\\\/\",\"logo\":{\"@type\":\"ImageObject\",\"inLanguage\":\"pt-BR\",\"@id\":\"https:\\\/\\\/www.notibras.com\\\/site\\\/#\\\/schema\\\/logo\\\/image\\\/\",\"url\":\"https:\\\/\\\/www.notibras.com\\\/site\\\/wp-content\\\/uploads\\\/2023\\\/01\\\/notibras23.png\",\"contentUrl\":\"https:\\\/\\\/www.notibras.com\\\/site\\\/wp-content\\\/uploads\\\/2023\\\/01\\\/notibras23.png\",\"width\":350,\"height\":87,\"caption\":\"Grupo Notibras de Comunica\u00e7\u00e3o\"},\"image\":{\"@id\":\"https:\\\/\\\/www.notibras.com\\\/site\\\/#\\\/schema\\\/logo\\\/image\\\/\"},\"sameAs\":[\"https:\\\/\\\/www.facebook.com\\\/notibras\\\/\",\"https:\\\/\\\/x.com\\\/Notibras\",\"https:\\\/\\\/www.instagram.com\\\/notibras\\\/\"]},{\"@type\":\"Person\",\"@id\":\"https:\\\/\\\/www.notibras.com\\\/site\\\/#\\\/schema\\\/person\\\/36ab0979449956132d3e5b517ea76ac8\",\"name\":\"Reda\u00e7\u00e3o\",\"image\":{\"@type\":\"ImageObject\",\"inLanguage\":\"pt-BR\",\"@id\":\"https:\\\/\\\/secure.gravatar.com\\\/avatar\\\/e0a867bdedb85fd243eadf09663511f96fc81e0720a4a42581f334ad4303aa6b?s=96&d=mm&r=g\",\"url\":\"https:\\\/\\\/secure.gravatar.com\\\/avatar\\\/e0a867bdedb85fd243eadf09663511f96fc81e0720a4a42581f334ad4303aa6b?s=96&d=mm&r=g\",\"contentUrl\":\"https:\\\/\\\/secure.gravatar.com\\\/avatar\\\/e0a867bdedb85fd243eadf09663511f96fc81e0720a4a42581f334ad4303aa6b?s=96&d=mm&r=g\",\"caption\":\"Reda\u00e7\u00e3o\"}}]}<\/script>\n<!-- \/ Yoast SEO plugin. -->","yoast_head_json":{"title":"Medo da volta cria novos monstros para 'matar' Lula - Notibras","robots":{"index":"index","follow":"follow","max-snippet":"max-snippet:-1","max-image-preview":"max-image-preview:large","max-video-preview":"max-video-preview:-1"},"canonical":"https:\/\/www.notibras.com\/site\/medo-da-volta-cria-novos-monstros-para-matar-lula\/","og_locale":"pt_BR","og_type":"article","og_title":"Medo da volta cria novos monstros para 'matar' Lula - Notibras","og_description":"Silas Correa Leite Daqui a uns 50 ou cem anos, quando forem pesquisar a hist\u00f3ria do Brasil, se consultarem a imprensa vendida e chamada no baixo clero do varejo de m\u00eddia abutre, v\u00e3o ver que o melhor presidente do Brasil foi um homem tachado de corrupto e ladr\u00e3o; o Lula, atacado e perseguido pela imprensa [&hellip;]","og_url":"https:\/\/www.notibras.com\/site\/medo-da-volta-cria-novos-monstros-para-matar-lula\/","og_site_name":"Notibras","article_publisher":"https:\/\/www.facebook.com\/notibras\/","article_published_time":"2017-03-13T13:30:17+00:00","article_modified_time":"2017-03-13T15:52:49+00:00","og_image":[{"width":770,"height":578,"url":"https:\/\/www.notibras.com\/site\/wp-content\/uploads\/2017\/03\/LULA-GGGG.jpg","type":"image\/jpeg"}],"author":"Reda\u00e7\u00e3o","twitter_card":"summary_large_image","twitter_creator":"@Notibras","twitter_site":"@Notibras","twitter_misc":{"Escrito por":"Reda\u00e7\u00e3o","Est. tempo de leitura":"6 minutos"},"schema":{"@context":"https:\/\/schema.org","@graph":[{"@type":"Article","@id":"https:\/\/www.notibras.com\/site\/medo-da-volta-cria-novos-monstros-para-matar-lula\/#article","isPartOf":{"@id":"https:\/\/www.notibras.com\/site\/medo-da-volta-cria-novos-monstros-para-matar-lula\/"},"author":{"name":"Reda\u00e7\u00e3o","@id":"https:\/\/www.notibras.com\/site\/#\/schema\/person\/36ab0979449956132d3e5b517ea76ac8"},"headline":"Medo da volta cria novos monstros para &#8216;matar&#8217; Lula","datePublished":"2017-03-13T13:30:17+00:00","dateModified":"2017-03-13T15:52:49+00:00","mainEntityOfPage":{"@id":"https:\/\/www.notibras.com\/site\/medo-da-volta-cria-novos-monstros-para-matar-lula\/"},"wordCount":1238,"commentCount":0,"publisher":{"@id":"https:\/\/www.notibras.com\/site\/#organization"},"image":{"@id":"https:\/\/www.notibras.com\/site\/medo-da-volta-cria-novos-monstros-para-matar-lula\/#primaryimage"},"thumbnailUrl":"https:\/\/www.notibras.com\/site\/wp-content\/uploads\/2017\/03\/LULA-GGGG.jpg","articleSection":["Opina a\u00ed"],"inLanguage":"pt-BR","potentialAction":[{"@type":"CommentAction","name":"Comment","target":["https:\/\/www.notibras.com\/site\/medo-da-volta-cria-novos-monstros-para-matar-lula\/#respond"]}]},{"@type":"WebPage","@id":"https:\/\/www.notibras.com\/site\/medo-da-volta-cria-novos-monstros-para-matar-lula\/","url":"https:\/\/www.notibras.com\/site\/medo-da-volta-cria-novos-monstros-para-matar-lula\/","name":"Medo da volta cria novos monstros para 'matar' Lula - Notibras","isPartOf":{"@id":"https:\/\/www.notibras.com\/site\/#website"},"primaryImageOfPage":{"@id":"https:\/\/www.notibras.com\/site\/medo-da-volta-cria-novos-monstros-para-matar-lula\/#primaryimage"},"image":{"@id":"https:\/\/www.notibras.com\/site\/medo-da-volta-cria-novos-monstros-para-matar-lula\/#primaryimage"},"thumbnailUrl":"https:\/\/www.notibras.com\/site\/wp-content\/uploads\/2017\/03\/LULA-GGGG.jpg","datePublished":"2017-03-13T13:30:17+00:00","dateModified":"2017-03-13T15:52:49+00:00","breadcrumb":{"@id":"https:\/\/www.notibras.com\/site\/medo-da-volta-cria-novos-monstros-para-matar-lula\/#breadcrumb"},"inLanguage":"pt-BR","potentialAction":[{"@type":"ReadAction","target":["https:\/\/www.notibras.com\/site\/medo-da-volta-cria-novos-monstros-para-matar-lula\/"]}]},{"@type":"ImageObject","inLanguage":"pt-BR","@id":"https:\/\/www.notibras.com\/site\/medo-da-volta-cria-novos-monstros-para-matar-lula\/#primaryimage","url":"https:\/\/www.notibras.com\/site\/wp-content\/uploads\/2017\/03\/LULA-GGGG.jpg","contentUrl":"https:\/\/www.notibras.com\/site\/wp-content\/uploads\/2017\/03\/LULA-GGGG.jpg","width":770,"height":578,"caption":"Foto\/Arquivo Notibras"},{"@type":"BreadcrumbList","@id":"https:\/\/www.notibras.com\/site\/medo-da-volta-cria-novos-monstros-para-matar-lula\/#breadcrumb","itemListElement":[{"@type":"ListItem","position":1,"name":"In\u00edcio","item":"https:\/\/www.notibras.com\/site\/"},{"@type":"ListItem","position":2,"name":"Medo da volta cria novos monstros para &#8216;matar&#8217; Lula"}]},{"@type":"WebSite","@id":"https:\/\/www.notibras.com\/site\/#website","url":"https:\/\/www.notibras.com\/site\/","name":"Notibras","description":"Not\u00edcias de Bras\u00edlia, do Brasil e do Mundo","publisher":{"@id":"https:\/\/www.notibras.com\/site\/#organization"},"potentialAction":[{"@type":"SearchAction","target":{"@type":"EntryPoint","urlTemplate":"https:\/\/www.notibras.com\/site\/?s={search_term_string}"},"query-input":{"@type":"PropertyValueSpecification","valueRequired":true,"valueName":"search_term_string"}}],"inLanguage":"pt-BR"},{"@type":"Organization","@id":"https:\/\/www.notibras.com\/site\/#organization","name":"Grupo Notibras de Comunica\u00e7\u00e3o","url":"https:\/\/www.notibras.com\/site\/","logo":{"@type":"ImageObject","inLanguage":"pt-BR","@id":"https:\/\/www.notibras.com\/site\/#\/schema\/logo\/image\/","url":"https:\/\/www.notibras.com\/site\/wp-content\/uploads\/2023\/01\/notibras23.png","contentUrl":"https:\/\/www.notibras.com\/site\/wp-content\/uploads\/2023\/01\/notibras23.png","width":350,"height":87,"caption":"Grupo Notibras de Comunica\u00e7\u00e3o"},"image":{"@id":"https:\/\/www.notibras.com\/site\/#\/schema\/logo\/image\/"},"sameAs":["https:\/\/www.facebook.com\/notibras\/","https:\/\/x.com\/Notibras","https:\/\/www.instagram.com\/notibras\/"]},{"@type":"Person","@id":"https:\/\/www.notibras.com\/site\/#\/schema\/person\/36ab0979449956132d3e5b517ea76ac8","name":"Reda\u00e7\u00e3o","image":{"@type":"ImageObject","inLanguage":"pt-BR","@id":"https:\/\/secure.gravatar.com\/avatar\/e0a867bdedb85fd243eadf09663511f96fc81e0720a4a42581f334ad4303aa6b?s=96&d=mm&r=g","url":"https:\/\/secure.gravatar.com\/avatar\/e0a867bdedb85fd243eadf09663511f96fc81e0720a4a42581f334ad4303aa6b?s=96&d=mm&r=g","contentUrl":"https:\/\/secure.gravatar.com\/avatar\/e0a867bdedb85fd243eadf09663511f96fc81e0720a4a42581f334ad4303aa6b?s=96&d=mm&r=g","caption":"Reda\u00e7\u00e3o"}}]}},"amp_enabled":true,"_links":{"self":[{"href":"https:\/\/www.notibras.com\/site\/wp-json\/wp\/v2\/posts\/131736","targetHints":{"allow":["GET"]}}],"collection":[{"href":"https:\/\/www.notibras.com\/site\/wp-json\/wp\/v2\/posts"}],"about":[{"href":"https:\/\/www.notibras.com\/site\/wp-json\/wp\/v2\/types\/post"}],"author":[{"embeddable":true,"href":"https:\/\/www.notibras.com\/site\/wp-json\/wp\/v2\/users\/2"}],"replies":[{"embeddable":true,"href":"https:\/\/www.notibras.com\/site\/wp-json\/wp\/v2\/comments?post=131736"}],"version-history":[{"count":2,"href":"https:\/\/www.notibras.com\/site\/wp-json\/wp\/v2\/posts\/131736\/revisions"}],"predecessor-version":[{"id":131763,"href":"https:\/\/www.notibras.com\/site\/wp-json\/wp\/v2\/posts\/131736\/revisions\/131763"}],"wp:featuredmedia":[{"embeddable":true,"href":"https:\/\/www.notibras.com\/site\/wp-json\/wp\/v2\/media\/131737"}],"wp:attachment":[{"href":"https:\/\/www.notibras.com\/site\/wp-json\/wp\/v2\/media?parent=131736"}],"wp:term":[{"taxonomy":"category","embeddable":true,"href":"https:\/\/www.notibras.com\/site\/wp-json\/wp\/v2\/categories?post=131736"},{"taxonomy":"post_tag","embeddable":true,"href":"https:\/\/www.notibras.com\/site\/wp-json\/wp\/v2\/tags?post=131736"}],"curies":[{"name":"wp","href":"https:\/\/api.w.org\/{rel}","templated":true}]}}