{"id":131844,"date":"2017-03-14T12:17:38","date_gmt":"2017-03-14T15:17:38","guid":{"rendered":"http:\/\/www.notibras.com\/site\/?p=131844"},"modified":"2017-03-21T07:43:53","modified_gmt":"2017-03-21T10:43:53","slug":"fim-da-farra-vai-tornar-responsabilizacao-mais-celere","status":"publish","type":"post","link":"https:\/\/www.notibras.com\/site\/fim-da-farra-vai-tornar-responsabilizacao-mais-celere\/","title":{"rendered":"Fim da farra deixar\u00e1 a responsabiliza\u00e7\u00e3o mais c\u00e9lere"},"content":{"rendered":"<p><strong>Ronaldo Caiado<\/strong><\/p>\n<p>No pr\u00f3ximo dia 26, a sociedade brasileira volta \u00e0s ruas para clamar por justi\u00e7a no \u00e2mbito da vida p\u00fablica. Justi\u00e7a sem privil\u00e9gios, nos termos do artigo 5\u00ba da Constitui\u00e7\u00e3o \u2014cl\u00e1usula p\u00e9trea\u2014, de que \u201ctodos s\u00e3o iguais perante a lei, sem distin\u00e7\u00e3o de qualquer natureza\u201d.<\/p>\n<p>O s\u00edmbolo que condensa, perante o povo, a ideia de que h\u00e1 privil\u00e9gios \u00e9 a institui\u00e7\u00e3o do foro por prerrogativa de fun\u00e7\u00e3o, que hoje alcan\u00e7a um n\u00famero despropositado de benefici\u00e1rios.<\/p>\n<p>Segundo a Ajufe (Associa\u00e7\u00e3o dos Ju\u00edzes Federais), s\u00e3o cerca de 40 mil \u2014isso mesmo!\u2014 os benefici\u00e1rios desse foro, muito a prop\u00f3sito chamado de privilegiado. S\u00f3 no Judici\u00e1rio, de longe o mais abrangido pelo foro, s\u00e3o 34.676, segundo a Ajufe.<\/p>\n<p>Uns t\u00eam jurisdi\u00e7\u00e3o no STF (presidente e vice-presidente da Rep\u00fablica, ministros de Estado, parlamentares federais, integrantes dos tribunais superiores); outros (governadores e desembargadores), no STJ; e outros ainda (magistrados, procuradores, promotores, prefeitos, deputados estaduais), nos Tribunais de Justi\u00e7a e nos Tribunais Regionais Federais, a segunda inst\u00e2ncia da Justi\u00e7a brasileira. O foro ainda beneficia membros de tribunais de contas, comandantes militares e chefes de miss\u00f5es diplom\u00e1ticas.<\/p>\n<p>Detalhe: t\u00eam direito ao foro mesmo em casos de crimes comuns, alheios ao exerc\u00edcio de suas fun\u00e7\u00f5es p\u00fablicas.<\/p>\n<p>A percep\u00e7\u00e3o popular \u00e9 que o foro \u00e9 uma esp\u00e9cie de blindagem judicial, o que agrava a desconfian\u00e7a da sociedade para com suas institui\u00e7\u00f5es.<\/p>\n<p>Na medida em que o alcance do foro vai muito al\u00e9m dos fundamentos que o conceberam \u2014proteger os mais altos cargos da Rep\u00fablica\u2014, torna-se ele uma excresc\u00eancia.<\/p>\n<p>Al\u00e9m do sentido moral repudiado pela popula\u00e7\u00e3o, e em claro confronto com o esp\u00edrito ison\u00f4mico da Constitui\u00e7\u00e3o, h\u00e1, no caso das autoridades com foro no STF, o transtorno operacional que da\u00ed adv\u00e9m. Transforma-se o STF em tribunal penal, o que n\u00e3o \u00e9 de sua \u00edndole nem de sua destina\u00e7\u00e3o de Corte Constitucional.<\/p>\n<p>O foro \u00e9 uma sobrecarga a um volume j\u00e1 de si monumental de demandas, acima, em regra, da capacidade estrutural dos tribunais superiores. Veja-se o caso do STF, que, com apenas 11 ju\u00edzes, julga cerca de 100 mil casos por ano, enquanto a Suprema Corte norte-americana, com o mesmo n\u00famero de magistrados, julga apenas cem casos.<\/p>\n<p>Em tal contexto, os r\u00e9us do foro privilegiado beneficiam-se da lentid\u00e3o processual, decorrente dessa sobrecarga, o que faz com que a imensa maioria se beneficie da prescri\u00e7\u00e3o de seus crimes.<\/p>\n<p>Enquanto o juiz S\u00e9rgio Moro, da 13\u00aa Vara Federal, de Curitiba, j\u00e1 julgou e sentenciou mais de uma centena de envolvidos na Lava Jato, o STF ainda n\u00e3o condenou ningu\u00e9m.<\/p>\n<p>Isso explica a resist\u00eancia de muitos ao fim do foro, hoje proposto por PEC em tramita\u00e7\u00e3o no Senado, j\u00e1 aprovada na Comiss\u00e3o de Constitui\u00e7\u00e3o e Justi\u00e7a e que tem meu integral apoio.<\/p>\n<p>Se o foro tem o prop\u00f3sito de resguardar os mais altos cargos da Rep\u00fablica, que cumpra seu prop\u00f3sito, restringindo-se aos presidentes dos tr\u00eas Poderes e a algumas poucas fun\u00e7\u00f5es mais \u2014e apenas para os crimes de responsabilidades, isto \u00e9, os atos inerentes ao exerc\u00edcio da fun\u00e7\u00e3o.<\/p>\n<p>Nos crimes comuns, todos, como qualquer cidad\u00e3o, reportam-se \u00e0 jurisdi\u00e7\u00e3o de primeiro grau. Al\u00e9m do impacto moral, vital para restabelecer a credibilidade das institui\u00e7\u00f5es, o fim da farra do foro tornar\u00e1 o processo de responsabiliza\u00e7\u00e3o mais c\u00e9lere e o clamor da sociedade por justi\u00e7a ser\u00e1, enfim, atendido.<\/p>\n<p>Privil\u00e9gio \u00e9 exce\u00e7\u00e3o \u2014e a Constitui\u00e7\u00e3o (artigo 5\u00ba, XXXVII) quanto a isso \u00e9 clar\u00edssima: \u201cN\u00e3o haver\u00e1 ju\u00edzo ou tribunal de exce\u00e7\u00e3o\u201d.<\/p>\n","protected":false},"excerpt":{"rendered":"<p>Ronaldo Caiado No pr\u00f3ximo dia 26, a sociedade brasileira volta \u00e0s ruas para clamar por justi\u00e7a no \u00e2mbito da vida p\u00fablica. Justi\u00e7a sem privil\u00e9gios, nos termos do artigo 5\u00ba da Constitui\u00e7\u00e3o \u2014cl\u00e1usula p\u00e9trea\u2014, de que \u201ctodos s\u00e3o iguais perante a lei, sem distin\u00e7\u00e3o de qualquer natureza\u201d. O s\u00edmbolo que condensa, perante o povo, a ideia [&hellip;]<\/p>\n","protected":false},"author":2,"featured_media":131845,"comment_status":"open","ping_status":"closed","sticky":false,"template":"","format":"standard","meta":{"_acf_changed":false,"footnotes":""},"categories":[25],"tags":[],"class_list":["post-131844","post","type-post","status-publish","format-standard","has-post-thumbnail","hentry","category-opina-ai"],"acf":[],"yoast_head":"<!-- This site is optimized with the Yoast SEO plugin v27.5 - https:\/\/yoast.com\/product\/yoast-seo-wordpress\/ -->\n<title>Fim da farra deixar\u00e1 a responsabiliza\u00e7\u00e3o mais c\u00e9lere - Notibras<\/title>\n<meta name=\"robots\" content=\"index, follow, max-snippet:-1, max-image-preview:large, max-video-preview:-1\" \/>\n<link rel=\"canonical\" href=\"https:\/\/www.notibras.com\/site\/fim-da-farra-vai-tornar-responsabilizacao-mais-celere\/\" \/>\n<meta property=\"og:locale\" content=\"pt_BR\" \/>\n<meta property=\"og:type\" content=\"article\" \/>\n<meta property=\"og:title\" content=\"Fim da farra deixar\u00e1 a responsabiliza\u00e7\u00e3o mais c\u00e9lere - Notibras\" \/>\n<meta property=\"og:description\" content=\"Ronaldo Caiado No pr\u00f3ximo dia 26, a sociedade brasileira volta \u00e0s ruas para clamar por justi\u00e7a no \u00e2mbito da vida p\u00fablica. Justi\u00e7a sem privil\u00e9gios, nos termos do artigo 5\u00ba da Constitui\u00e7\u00e3o \u2014cl\u00e1usula p\u00e9trea\u2014, de que \u201ctodos s\u00e3o iguais perante a lei, sem distin\u00e7\u00e3o de qualquer natureza\u201d. O s\u00edmbolo que condensa, perante o povo, a ideia [&hellip;]\" \/>\n<meta property=\"og:url\" content=\"https:\/\/www.notibras.com\/site\/fim-da-farra-vai-tornar-responsabilizacao-mais-celere\/\" \/>\n<meta property=\"og:site_name\" content=\"Notibras\" \/>\n<meta property=\"article:publisher\" content=\"https:\/\/www.facebook.com\/notibras\/\" \/>\n<meta property=\"article:published_time\" content=\"2017-03-14T15:17:38+00:00\" \/>\n<meta property=\"article:modified_time\" content=\"2017-03-21T10:43:53+00:00\" \/>\n<meta property=\"og:image\" content=\"https:\/\/www.notibras.com\/site\/wp-content\/uploads\/2017\/03\/impunidade-nao1478540596-1.jpg\" \/>\n\t<meta property=\"og:image:width\" content=\"647\" \/>\n\t<meta property=\"og:image:height\" content=\"413\" \/>\n\t<meta property=\"og:image:type\" content=\"image\/jpeg\" \/>\n<meta name=\"author\" content=\"Reda\u00e7\u00e3o\" \/>\n<meta name=\"twitter:card\" content=\"summary_large_image\" \/>\n<meta name=\"twitter:creator\" content=\"@Notibras\" \/>\n<meta name=\"twitter:site\" content=\"@Notibras\" \/>\n<meta name=\"twitter:label1\" content=\"Escrito por\" \/>\n\t<meta name=\"twitter:data1\" content=\"Reda\u00e7\u00e3o\" \/>\n\t<meta name=\"twitter:label2\" content=\"Est. tempo de leitura\" \/>\n\t<meta name=\"twitter:data2\" content=\"3 minutos\" \/>\n<script type=\"application\/ld+json\" class=\"yoast-schema-graph\">{\"@context\":\"https:\\\/\\\/schema.org\",\"@graph\":[{\"@type\":\"Article\",\"@id\":\"https:\\\/\\\/www.notibras.com\\\/site\\\/fim-da-farra-vai-tornar-responsabilizacao-mais-celere\\\/#article\",\"isPartOf\":{\"@id\":\"https:\\\/\\\/www.notibras.com\\\/site\\\/fim-da-farra-vai-tornar-responsabilizacao-mais-celere\\\/\"},\"author\":{\"name\":\"Reda\u00e7\u00e3o\",\"@id\":\"https:\\\/\\\/www.notibras.com\\\/site\\\/#\\\/schema\\\/person\\\/36ab0979449956132d3e5b517ea76ac8\"},\"headline\":\"Fim da farra deixar\u00e1 a responsabiliza\u00e7\u00e3o mais c\u00e9lere\",\"datePublished\":\"2017-03-14T15:17:38+00:00\",\"dateModified\":\"2017-03-21T10:43:53+00:00\",\"mainEntityOfPage\":{\"@id\":\"https:\\\/\\\/www.notibras.com\\\/site\\\/fim-da-farra-vai-tornar-responsabilizacao-mais-celere\\\/\"},\"wordCount\":641,\"commentCount\":0,\"publisher\":{\"@id\":\"https:\\\/\\\/www.notibras.com\\\/site\\\/#organization\"},\"image\":{\"@id\":\"https:\\\/\\\/www.notibras.com\\\/site\\\/fim-da-farra-vai-tornar-responsabilizacao-mais-celere\\\/#primaryimage\"},\"thumbnailUrl\":\"https:\\\/\\\/www.notibras.com\\\/site\\\/wp-content\\\/uploads\\\/2017\\\/03\\\/impunidade-nao1478540596-1.jpg\",\"articleSection\":[\"Opina a\u00ed\"],\"inLanguage\":\"pt-BR\",\"potentialAction\":[{\"@type\":\"CommentAction\",\"name\":\"Comment\",\"target\":[\"https:\\\/\\\/www.notibras.com\\\/site\\\/fim-da-farra-vai-tornar-responsabilizacao-mais-celere\\\/#respond\"]}]},{\"@type\":\"WebPage\",\"@id\":\"https:\\\/\\\/www.notibras.com\\\/site\\\/fim-da-farra-vai-tornar-responsabilizacao-mais-celere\\\/\",\"url\":\"https:\\\/\\\/www.notibras.com\\\/site\\\/fim-da-farra-vai-tornar-responsabilizacao-mais-celere\\\/\",\"name\":\"Fim da farra deixar\u00e1 a responsabiliza\u00e7\u00e3o mais c\u00e9lere - Notibras\",\"isPartOf\":{\"@id\":\"https:\\\/\\\/www.notibras.com\\\/site\\\/#website\"},\"primaryImageOfPage\":{\"@id\":\"https:\\\/\\\/www.notibras.com\\\/site\\\/fim-da-farra-vai-tornar-responsabilizacao-mais-celere\\\/#primaryimage\"},\"image\":{\"@id\":\"https:\\\/\\\/www.notibras.com\\\/site\\\/fim-da-farra-vai-tornar-responsabilizacao-mais-celere\\\/#primaryimage\"},\"thumbnailUrl\":\"https:\\\/\\\/www.notibras.com\\\/site\\\/wp-content\\\/uploads\\\/2017\\\/03\\\/impunidade-nao1478540596-1.jpg\",\"datePublished\":\"2017-03-14T15:17:38+00:00\",\"dateModified\":\"2017-03-21T10:43:53+00:00\",\"breadcrumb\":{\"@id\":\"https:\\\/\\\/www.notibras.com\\\/site\\\/fim-da-farra-vai-tornar-responsabilizacao-mais-celere\\\/#breadcrumb\"},\"inLanguage\":\"pt-BR\",\"potentialAction\":[{\"@type\":\"ReadAction\",\"target\":[\"https:\\\/\\\/www.notibras.com\\\/site\\\/fim-da-farra-vai-tornar-responsabilizacao-mais-celere\\\/\"]}]},{\"@type\":\"ImageObject\",\"inLanguage\":\"pt-BR\",\"@id\":\"https:\\\/\\\/www.notibras.com\\\/site\\\/fim-da-farra-vai-tornar-responsabilizacao-mais-celere\\\/#primaryimage\",\"url\":\"https:\\\/\\\/www.notibras.com\\\/site\\\/wp-content\\\/uploads\\\/2017\\\/03\\\/impunidade-nao1478540596-1.jpg\",\"contentUrl\":\"https:\\\/\\\/www.notibras.com\\\/site\\\/wp-content\\\/uploads\\\/2017\\\/03\\\/impunidade-nao1478540596-1.jpg\",\"width\":647,\"height\":413},{\"@type\":\"BreadcrumbList\",\"@id\":\"https:\\\/\\\/www.notibras.com\\\/site\\\/fim-da-farra-vai-tornar-responsabilizacao-mais-celere\\\/#breadcrumb\",\"itemListElement\":[{\"@type\":\"ListItem\",\"position\":1,\"name\":\"In\u00edcio\",\"item\":\"https:\\\/\\\/www.notibras.com\\\/site\\\/\"},{\"@type\":\"ListItem\",\"position\":2,\"name\":\"Fim da farra deixar\u00e1 a responsabiliza\u00e7\u00e3o mais c\u00e9lere\"}]},{\"@type\":\"WebSite\",\"@id\":\"https:\\\/\\\/www.notibras.com\\\/site\\\/#website\",\"url\":\"https:\\\/\\\/www.notibras.com\\\/site\\\/\",\"name\":\"Notibras\",\"description\":\"Not\u00edcias de Bras\u00edlia, do Brasil e do Mundo\",\"publisher\":{\"@id\":\"https:\\\/\\\/www.notibras.com\\\/site\\\/#organization\"},\"potentialAction\":[{\"@type\":\"SearchAction\",\"target\":{\"@type\":\"EntryPoint\",\"urlTemplate\":\"https:\\\/\\\/www.notibras.com\\\/site\\\/?s={search_term_string}\"},\"query-input\":{\"@type\":\"PropertyValueSpecification\",\"valueRequired\":true,\"valueName\":\"search_term_string\"}}],\"inLanguage\":\"pt-BR\"},{\"@type\":\"Organization\",\"@id\":\"https:\\\/\\\/www.notibras.com\\\/site\\\/#organization\",\"name\":\"Grupo Notibras de Comunica\u00e7\u00e3o\",\"url\":\"https:\\\/\\\/www.notibras.com\\\/site\\\/\",\"logo\":{\"@type\":\"ImageObject\",\"inLanguage\":\"pt-BR\",\"@id\":\"https:\\\/\\\/www.notibras.com\\\/site\\\/#\\\/schema\\\/logo\\\/image\\\/\",\"url\":\"https:\\\/\\\/www.notibras.com\\\/site\\\/wp-content\\\/uploads\\\/2023\\\/01\\\/notibras23.png\",\"contentUrl\":\"https:\\\/\\\/www.notibras.com\\\/site\\\/wp-content\\\/uploads\\\/2023\\\/01\\\/notibras23.png\",\"width\":350,\"height\":87,\"caption\":\"Grupo Notibras de Comunica\u00e7\u00e3o\"},\"image\":{\"@id\":\"https:\\\/\\\/www.notibras.com\\\/site\\\/#\\\/schema\\\/logo\\\/image\\\/\"},\"sameAs\":[\"https:\\\/\\\/www.facebook.com\\\/notibras\\\/\",\"https:\\\/\\\/x.com\\\/Notibras\",\"https:\\\/\\\/www.instagram.com\\\/notibras\\\/\"]},{\"@type\":\"Person\",\"@id\":\"https:\\\/\\\/www.notibras.com\\\/site\\\/#\\\/schema\\\/person\\\/36ab0979449956132d3e5b517ea76ac8\",\"name\":\"Reda\u00e7\u00e3o\",\"image\":{\"@type\":\"ImageObject\",\"inLanguage\":\"pt-BR\",\"@id\":\"https:\\\/\\\/secure.gravatar.com\\\/avatar\\\/e0a867bdedb85fd243eadf09663511f96fc81e0720a4a42581f334ad4303aa6b?s=96&d=mm&r=g\",\"url\":\"https:\\\/\\\/secure.gravatar.com\\\/avatar\\\/e0a867bdedb85fd243eadf09663511f96fc81e0720a4a42581f334ad4303aa6b?s=96&d=mm&r=g\",\"contentUrl\":\"https:\\\/\\\/secure.gravatar.com\\\/avatar\\\/e0a867bdedb85fd243eadf09663511f96fc81e0720a4a42581f334ad4303aa6b?s=96&d=mm&r=g\",\"caption\":\"Reda\u00e7\u00e3o\"}}]}<\/script>\n<!-- \/ Yoast SEO plugin. -->","yoast_head_json":{"title":"Fim da farra deixar\u00e1 a responsabiliza\u00e7\u00e3o mais c\u00e9lere - Notibras","robots":{"index":"index","follow":"follow","max-snippet":"max-snippet:-1","max-image-preview":"max-image-preview:large","max-video-preview":"max-video-preview:-1"},"canonical":"https:\/\/www.notibras.com\/site\/fim-da-farra-vai-tornar-responsabilizacao-mais-celere\/","og_locale":"pt_BR","og_type":"article","og_title":"Fim da farra deixar\u00e1 a responsabiliza\u00e7\u00e3o mais c\u00e9lere - Notibras","og_description":"Ronaldo Caiado No pr\u00f3ximo dia 26, a sociedade brasileira volta \u00e0s ruas para clamar por justi\u00e7a no \u00e2mbito da vida p\u00fablica. Justi\u00e7a sem privil\u00e9gios, nos termos do artigo 5\u00ba da Constitui\u00e7\u00e3o \u2014cl\u00e1usula p\u00e9trea\u2014, de que \u201ctodos s\u00e3o iguais perante a lei, sem distin\u00e7\u00e3o de qualquer natureza\u201d. O s\u00edmbolo que condensa, perante o povo, a ideia [&hellip;]","og_url":"https:\/\/www.notibras.com\/site\/fim-da-farra-vai-tornar-responsabilizacao-mais-celere\/","og_site_name":"Notibras","article_publisher":"https:\/\/www.facebook.com\/notibras\/","article_published_time":"2017-03-14T15:17:38+00:00","article_modified_time":"2017-03-21T10:43:53+00:00","og_image":[{"width":647,"height":413,"url":"https:\/\/www.notibras.com\/site\/wp-content\/uploads\/2017\/03\/impunidade-nao1478540596-1.jpg","type":"image\/jpeg"}],"author":"Reda\u00e7\u00e3o","twitter_card":"summary_large_image","twitter_creator":"@Notibras","twitter_site":"@Notibras","twitter_misc":{"Escrito por":"Reda\u00e7\u00e3o","Est. tempo de leitura":"3 minutos"},"schema":{"@context":"https:\/\/schema.org","@graph":[{"@type":"Article","@id":"https:\/\/www.notibras.com\/site\/fim-da-farra-vai-tornar-responsabilizacao-mais-celere\/#article","isPartOf":{"@id":"https:\/\/www.notibras.com\/site\/fim-da-farra-vai-tornar-responsabilizacao-mais-celere\/"},"author":{"name":"Reda\u00e7\u00e3o","@id":"https:\/\/www.notibras.com\/site\/#\/schema\/person\/36ab0979449956132d3e5b517ea76ac8"},"headline":"Fim da farra deixar\u00e1 a responsabiliza\u00e7\u00e3o mais c\u00e9lere","datePublished":"2017-03-14T15:17:38+00:00","dateModified":"2017-03-21T10:43:53+00:00","mainEntityOfPage":{"@id":"https:\/\/www.notibras.com\/site\/fim-da-farra-vai-tornar-responsabilizacao-mais-celere\/"},"wordCount":641,"commentCount":0,"publisher":{"@id":"https:\/\/www.notibras.com\/site\/#organization"},"image":{"@id":"https:\/\/www.notibras.com\/site\/fim-da-farra-vai-tornar-responsabilizacao-mais-celere\/#primaryimage"},"thumbnailUrl":"https:\/\/www.notibras.com\/site\/wp-content\/uploads\/2017\/03\/impunidade-nao1478540596-1.jpg","articleSection":["Opina a\u00ed"],"inLanguage":"pt-BR","potentialAction":[{"@type":"CommentAction","name":"Comment","target":["https:\/\/www.notibras.com\/site\/fim-da-farra-vai-tornar-responsabilizacao-mais-celere\/#respond"]}]},{"@type":"WebPage","@id":"https:\/\/www.notibras.com\/site\/fim-da-farra-vai-tornar-responsabilizacao-mais-celere\/","url":"https:\/\/www.notibras.com\/site\/fim-da-farra-vai-tornar-responsabilizacao-mais-celere\/","name":"Fim da farra deixar\u00e1 a responsabiliza\u00e7\u00e3o mais c\u00e9lere - Notibras","isPartOf":{"@id":"https:\/\/www.notibras.com\/site\/#website"},"primaryImageOfPage":{"@id":"https:\/\/www.notibras.com\/site\/fim-da-farra-vai-tornar-responsabilizacao-mais-celere\/#primaryimage"},"image":{"@id":"https:\/\/www.notibras.com\/site\/fim-da-farra-vai-tornar-responsabilizacao-mais-celere\/#primaryimage"},"thumbnailUrl":"https:\/\/www.notibras.com\/site\/wp-content\/uploads\/2017\/03\/impunidade-nao1478540596-1.jpg","datePublished":"2017-03-14T15:17:38+00:00","dateModified":"2017-03-21T10:43:53+00:00","breadcrumb":{"@id":"https:\/\/www.notibras.com\/site\/fim-da-farra-vai-tornar-responsabilizacao-mais-celere\/#breadcrumb"},"inLanguage":"pt-BR","potentialAction":[{"@type":"ReadAction","target":["https:\/\/www.notibras.com\/site\/fim-da-farra-vai-tornar-responsabilizacao-mais-celere\/"]}]},{"@type":"ImageObject","inLanguage":"pt-BR","@id":"https:\/\/www.notibras.com\/site\/fim-da-farra-vai-tornar-responsabilizacao-mais-celere\/#primaryimage","url":"https:\/\/www.notibras.com\/site\/wp-content\/uploads\/2017\/03\/impunidade-nao1478540596-1.jpg","contentUrl":"https:\/\/www.notibras.com\/site\/wp-content\/uploads\/2017\/03\/impunidade-nao1478540596-1.jpg","width":647,"height":413},{"@type":"BreadcrumbList","@id":"https:\/\/www.notibras.com\/site\/fim-da-farra-vai-tornar-responsabilizacao-mais-celere\/#breadcrumb","itemListElement":[{"@type":"ListItem","position":1,"name":"In\u00edcio","item":"https:\/\/www.notibras.com\/site\/"},{"@type":"ListItem","position":2,"name":"Fim da farra deixar\u00e1 a responsabiliza\u00e7\u00e3o mais c\u00e9lere"}]},{"@type":"WebSite","@id":"https:\/\/www.notibras.com\/site\/#website","url":"https:\/\/www.notibras.com\/site\/","name":"Notibras","description":"Not\u00edcias de Bras\u00edlia, do Brasil e do Mundo","publisher":{"@id":"https:\/\/www.notibras.com\/site\/#organization"},"potentialAction":[{"@type":"SearchAction","target":{"@type":"EntryPoint","urlTemplate":"https:\/\/www.notibras.com\/site\/?s={search_term_string}"},"query-input":{"@type":"PropertyValueSpecification","valueRequired":true,"valueName":"search_term_string"}}],"inLanguage":"pt-BR"},{"@type":"Organization","@id":"https:\/\/www.notibras.com\/site\/#organization","name":"Grupo Notibras de Comunica\u00e7\u00e3o","url":"https:\/\/www.notibras.com\/site\/","logo":{"@type":"ImageObject","inLanguage":"pt-BR","@id":"https:\/\/www.notibras.com\/site\/#\/schema\/logo\/image\/","url":"https:\/\/www.notibras.com\/site\/wp-content\/uploads\/2023\/01\/notibras23.png","contentUrl":"https:\/\/www.notibras.com\/site\/wp-content\/uploads\/2023\/01\/notibras23.png","width":350,"height":87,"caption":"Grupo Notibras de Comunica\u00e7\u00e3o"},"image":{"@id":"https:\/\/www.notibras.com\/site\/#\/schema\/logo\/image\/"},"sameAs":["https:\/\/www.facebook.com\/notibras\/","https:\/\/x.com\/Notibras","https:\/\/www.instagram.com\/notibras\/"]},{"@type":"Person","@id":"https:\/\/www.notibras.com\/site\/#\/schema\/person\/36ab0979449956132d3e5b517ea76ac8","name":"Reda\u00e7\u00e3o","image":{"@type":"ImageObject","inLanguage":"pt-BR","@id":"https:\/\/secure.gravatar.com\/avatar\/e0a867bdedb85fd243eadf09663511f96fc81e0720a4a42581f334ad4303aa6b?s=96&d=mm&r=g","url":"https:\/\/secure.gravatar.com\/avatar\/e0a867bdedb85fd243eadf09663511f96fc81e0720a4a42581f334ad4303aa6b?s=96&d=mm&r=g","contentUrl":"https:\/\/secure.gravatar.com\/avatar\/e0a867bdedb85fd243eadf09663511f96fc81e0720a4a42581f334ad4303aa6b?s=96&d=mm&r=g","caption":"Reda\u00e7\u00e3o"}}]}},"amp_enabled":true,"_links":{"self":[{"href":"https:\/\/www.notibras.com\/site\/wp-json\/wp\/v2\/posts\/131844","targetHints":{"allow":["GET"]}}],"collection":[{"href":"https:\/\/www.notibras.com\/site\/wp-json\/wp\/v2\/posts"}],"about":[{"href":"https:\/\/www.notibras.com\/site\/wp-json\/wp\/v2\/types\/post"}],"author":[{"embeddable":true,"href":"https:\/\/www.notibras.com\/site\/wp-json\/wp\/v2\/users\/2"}],"replies":[{"embeddable":true,"href":"https:\/\/www.notibras.com\/site\/wp-json\/wp\/v2\/comments?post=131844"}],"version-history":[{"count":5,"href":"https:\/\/www.notibras.com\/site\/wp-json\/wp\/v2\/posts\/131844\/revisions"}],"predecessor-version":[{"id":132611,"href":"https:\/\/www.notibras.com\/site\/wp-json\/wp\/v2\/posts\/131844\/revisions\/132611"}],"wp:featuredmedia":[{"embeddable":true,"href":"https:\/\/www.notibras.com\/site\/wp-json\/wp\/v2\/media\/131845"}],"wp:attachment":[{"href":"https:\/\/www.notibras.com\/site\/wp-json\/wp\/v2\/media?parent=131844"}],"wp:term":[{"taxonomy":"category","embeddable":true,"href":"https:\/\/www.notibras.com\/site\/wp-json\/wp\/v2\/categories?post=131844"},{"taxonomy":"post_tag","embeddable":true,"href":"https:\/\/www.notibras.com\/site\/wp-json\/wp\/v2\/tags?post=131844"}],"curies":[{"name":"wp","href":"https:\/\/api.w.org\/{rel}","templated":true}]}}