{"id":132479,"date":"2017-03-20T09:08:19","date_gmt":"2017-03-20T12:08:19","guid":{"rendered":"http:\/\/www.notibras.com\/site\/?p=132479"},"modified":"2017-03-20T09:08:19","modified_gmt":"2017-03-20T12:08:19","slug":"hora-de-respeito-resista-brasil-porque-e-preciso","status":"publish","type":"post","link":"https:\/\/www.notibras.com\/site\/hora-de-respeito-resista-brasil-porque-e-preciso\/","title":{"rendered":"Hora de respeito. Resista, Brasil, porque \u00e9 preciso"},"content":{"rendered":"<p><strong>Guilhermina Coimbra<\/strong><\/p>\n<p>O que se observa em termos de descalabro, balb\u00fardia, situa\u00e7\u00e3o confusa, \u201cdisses-me-disses\u201d de uns imputando aos demais, o que de pior governantes poderiam fazer na administra\u00e7\u00e3o de um Estado continental como o Brasil, n\u00e3o passa de cortina de fuma\u00e7a para emba\u00e7ar e disfar\u00e7ar a conseq\u00fc\u00eancia da luta pelo controle das riquezas \u2013 hidrocarbonetos\/petr\u00f3leo, g\u00e1s, min\u00e9rios nucleares\/ur\u00e2nio, ni\u00f3bio, t\u00f3rio, l\u00edtio e outros &#8211; do solo e subsolo do Brasil.<\/p>\n<p>O objetivo final \u00e9 a entrega dos referidos bens, \u00e0s corpora\u00e7\u00f5es estrangeiras e \u00e0s corpora\u00e7\u00f5es nacionais privadas.<\/p>\n<p>A cortina encobrindo a situa\u00e7\u00e3o atual do Brasil \u00e9 considerada mais um golpe de terceiro mundo &#8211; porque, alguns Promotores, Procuradores e Ju\u00edzes apostaram no quanto pior melhor, abandonando o trabalho em benef\u00edcio do pa\u00eds de onde s\u00e3o naturais e de onde recebem seus estip\u00eandios, sal\u00e1rios, benesses, etc..<\/p>\n<p>Tem sido uma verdadeira sucess\u00e3o de a\u00e7\u00f5es e atos deliberados, premeditados, propositais, objetivando a destrui\u00e7\u00e3o da economia e a entrega do patrim\u00f4nio p\u00fablico brasileiro.<\/p>\n<p>Por tr\u00e1s da cortina, a popula\u00e7\u00e3o brasileira n\u00e3o tem d\u00favidas.<\/p>\n<p>O objetivo \u00e9 manter o status quo intacto, do que pensam ser a Col\u00f4nia-Brasil atrav\u00e9s dos mandat\u00e1rios garantidos pela metr\u00f3pole.<\/p>\n<p>&#8230;\u201dTrata-se n\u00e3o somente da j\u00e1 conhecid\u00edssima e comprovada incompet\u00eancia, neglig\u00eancia, omiss\u00e3o, ignor\u00e2ncia e perversidade de pol\u00edticos usurpadores e patifes, mas, sobretudo, da vontade de destruir o Brasil, aniquil\u00e1-lo como Na\u00e7\u00e3o soberana e de import\u00e2ncia mundial, com economia s\u00f3lida, que tem como alicerce o fortalecimento e a valoriza\u00e7\u00e3o do mercado interno, como fazem e fizeram todos os pa\u00edses considerados desenvolvidos, porque &#8220;se a farinha \u00e9 pouca, meu pir\u00e3o primeiro&#8221;. (In SENA Filho, Davis \u2013 Palavra Livre).<\/p>\n<p>A roubalheira e a explora\u00e7\u00e3o em massa das riquezas do Brasil tem sido uma constante. A luta para dominar o Brasil, a fim de faz\u00ea-lo servir e transform\u00e1-lo em col\u00f4nia tem sido incessante. S\u00e3o muitos os interessados em mandar no Brasil.<\/p>\n<p>Pensam poder vender o Brasil, a toque de caixa, a alienando o patrim\u00f4nio p\u00fablico nacional constru\u00eddo por gera\u00e7\u00f5es e gera\u00e7\u00f5es de brasileiros.<\/p>\n<p>\u00c9 de conhecimento p\u00fablico o fato de que o mercado interno \u00e9 a maior riqueza de todo Pa\u00eds, principalmente, do tamanho geogr\u00e1fico do Brasil, um pa\u00eds continental, que se basta em todas as \u00e1reas da economia, industrializado e com uma popula\u00e7\u00e3o de 207 milh\u00f5es de habitantes.<\/p>\n<p>Aqueles que se pretendem governantes do Brasil ignoram \u2013 como uma espantosa aus\u00eancia de saber por falta de informa\u00e7\u00e3o, na melhor das hip\u00f3teses &#8211; a intelig\u00eancia do querer nacional brasileiro.<\/p>\n<p>Perguntando a qualquer um deles sobre a vontade da popula\u00e7\u00e3o brasileira, certamente v\u00e3o gaguejar, titubear &#8211; ou, porque n\u00e3o sabem, ou, porque, n\u00e3o querem trabalhar contra os pr\u00f3prios interesses \u2013 mas, jamais responder\u00e3o admitindo que:<\/p>\n<p>&#8211; a popula\u00e7\u00e3o brasileira quer continuar com as efetivas pol\u00edticas p\u00fablicas com exig\u00eancia de conte\u00fado local e nacional;<\/p>\n<p>&#8211; a popula\u00e7\u00e3o brasileira quer que se criem barreiras tarif\u00e1rias para proteger determinados mercados e certos produtos fabricados no Brasil;<\/p>\n<p>&#8211; os nacionais e estrangeiros residentes no Brasil quer que sejam realizadas tratativas e que os contratos internacionais assinados determinem a transfer\u00eancia de conhecimento tecnol\u00f3gico e cient\u00edfico.<\/p>\n<p>&#8211; a popula\u00e7\u00e3o brasileira delegou o poder de ser governada sem esquecer jamais que o Brasil se basta em todas as \u00e1reas da economia e que se o Brasil se fechar, ele sobreviver\u00e1.<\/p>\n<p>-a popula\u00e7\u00e3o brasileira quer que os seus representantes saibam fazer exig\u00eancias justas a todos os contratantes.<\/p>\n<p>-a popula\u00e7\u00e3o brasileira entende como obriga\u00e7\u00e3o dos contratantes brasileiros internacionais, defender primeiro os interesses do Brasil;<\/p>\n<p>-a popula\u00e7\u00e3o brasileira n\u00e3o admite que os interesses do Brasil sejam preteridos pelos interesses dos contratantes brasileiros &#8211; aqueles que assinam, em nome da popula\u00e7\u00e3o brasileira compromissos gravosos aos seus interesses.<\/p>\n<p>\u00c9 desta forma que os pa\u00edses, ora desenvolvidos, se desenvolveram historicamente, preservando seus mercados internos, negociando de forma transparente e de igual para igual. As caracter\u00edsticas do Brasil sempre foram a da resist\u00eancia a tudo o que puder prejudicar a popula\u00e7\u00e3o brasileira e a preserva\u00e7\u00e3o da soberania.<\/p>\n<p>A popula\u00e7\u00e3o brasileira atenta exige que os governantes do Brasil entendam:<\/p>\n<p>&#8211; o Brasil tem que se manter soberano, protagonista e aberto a negocia\u00e7\u00f5es com outros Estados, atores em termos planet\u00e1rios, um construtor de pontes e n\u00e3o de muros, a exemplo do Mercosul, do G-20, dos BRICS (Brasil-\u00cdndia-China- \u00c1frica do Sul) da UNASUL (Uni\u00e3o das Na\u00e7\u00f5es Sul Americanas) e das rela\u00e7\u00f5es comerciais Sul-Sul (CONE SUL), aproximando o Brasil da \u00c1frica e conquistando novos mercados, nele inclu\u00eddo o Oriente M\u00e9dio como parceiro indispens\u00e1vel da economia brasileira;<\/p>\n<p>&#8211; o Brasil \u00e9 respeitado por pa\u00edses poderosos, como a China, a \u00cdndia, a R\u00fassia e os europeus da Uni\u00e3o Europ\u00e9ia, assim como pelos norte-americanos dos Estados Unidos e pelos canadenses do Canad\u00e1, na Am\u00e9rica do Norte;<\/p>\n<p>&#8211; os brasileiros se recusam terminantemente a pensar o Brasil subserviente, subalterno e claramente determinado a ser servil para obter vantagens em forma de privil\u00e9gios e benef\u00edcios individuais para uma m\u00ednima minimorum parcela de brasileiros, os quais se consideram os mandat\u00e1rios de s\u00f3cios fora do Brasil.<\/p>\n<p>A popula\u00e7\u00e3o brasileira com humor abomina aqueles que fora ou dentro do Brasil pensam poder determinar &#8211; atrav\u00e9s de golpes ridiculamente repetitivos &#8211; o que deve ser feito para manter os respectivos status quo de ricos e muito ricos da plutocracia e aristocracia internacional e nacional.<\/p>\n<p>A popula\u00e7\u00e3o brasileira exige e merece um projeto de independ\u00eancia e de desenvolvimento especificamente para o Brasil.<\/p>\n<p>O documento conhecido como &#8220;Uma Ponte para o Futuro&#8221;, n\u00e3o passa de um apanhado de crendices econ\u00f4mico-financeiras elaborado pelo mercado de capitais dominado por banqueiros nacionais e internacionais, cujos testas de ferro tentam dominar a Presid\u00eancia da Rep\u00fablica e o Estado brasileiro.<\/p>\n<p>V\u00e3o ficar querendo, n\u00e3o se iludam os mandantes com os mandat\u00e1rios.<\/p>\n<p>A popula\u00e7\u00e3o brasileira atentamente percebe a privatiza\u00e7\u00e3o n\u00e3o oficial do Banco Central, atrav\u00e9s de sua atua\u00e7\u00e3o pr\u00f3-mercado, privilegiando os rentistas e os especuladores.<\/p>\n<p>Economistas e financistas vinculados aos interesses dos mercados de capitais \u2013 completamente despreparados &#8211; n\u00e3o t\u00eam condi\u00e7\u00f5es de pensar o Brasil.<\/p>\n<p>Pensar o Brasil \u00e9 :<\/p>\n<p>-jamais entender e\/ou pretender o Brasil como Col\u00f4nia;<\/p>\n<p>-entender que o Brasil, por ter territ\u00f3rio continental se basta em todas as \u00e1reas da economia;<\/p>\n<p>-n\u00e3o se deixar cooptar pelas grandes corpora\u00e7\u00f5es banc\u00e1rias e industriais, ignoram a auto-sufici\u00eancia do Brasil que necessita urgentemente t\u00ea-la bem administrada em benef\u00edcio dos residentes no pa\u00eds;<\/p>\n<p>&#8211; n\u00e3o se tornar med\u00edocre: os med\u00edocres s\u00e3o os irremediavelmente colonizados, que n\u00e3o conhecem, de fato, o potencial do Brasil.<\/p>\n<p>S\u00e3o indiv\u00edduos competentes no que fazem, mas submetidos \u00e0s diretrizes do mercado de capitais negociando os interesses do mercado, tentando dominar o panorama econ\u00f4mico em forma de pol\u00edticas econ\u00f4micas, financeiras e monet\u00e1rias neoliberais.<\/p>\n<p>Todas as pol\u00edticas econ\u00f4micas, financeiras e monet\u00e1rias neoliberais se provaram pol\u00edticas de espolia\u00e7\u00e3o e pirataria, j\u00e1 experimentadas, fracassadas e recha\u00e7adas de forma retumbante onde foram aplicadas.<\/p>\n<p>A popula\u00e7\u00e3o brasileira atenta ao que vem ocorrendo ao redor do mundo questiona,esses alienados, que somente se preocupam em fazer politicagenszinhas de partidinhos pol\u00edticos os quais \u2013 absolutamente n\u00e3o representam o querer nacional brasileiro e nem, muito menos, a vontade da popula\u00e7\u00e3o brasileira \u2013 os nacionais e estrangeiros residentes no Brasil.<\/p>\n<p>A popula\u00e7\u00e3o brasileira percebe a blindagem dos comprometidos com os interesses internacionais, nas recentes pris\u00f5es ridiculamente espetaculosas e parciais. Verdadeira tentativa de desorientar a popula\u00e7\u00e3o brasileira.<\/p>\n<p>A popula\u00e7\u00e3o percebe um dos Poderes da Rep\u00fablica como verdadeiro capit\u00e3o do mato da casa grande, estando a fazer o trabalho sujo do sistema hegem\u00f4nico, completamente ignorante ou alheio ao que diz respeito \u00e0 autonomia, independ\u00eancia e desenvolvimento do Brasil.<\/p>\n<p>A percep\u00e7\u00e3o brasileira \u00e9 no sentido de que se esfor\u00e7am para recolocar o Brasil na \u00f3rbita de influ\u00eancia de seus amiguinhos preferenciais, bem como garantir o poder das oligarquias nacionais, desempregando quase 15 milh\u00f5es de brasileiros, privatizando a previd\u00eancia p\u00fablica para os bancos privados, precarizando o trabalho e validando o &#8220;combinado&#8221; sobre o legislado, nas negocia\u00e7\u00f5es trabalhistas, em se tratando de melhores sal\u00e1rios e condi\u00e7\u00f5es de trabalho.<\/p>\n<p>Tentam amenizar o papel terr\u00edvel e vergonhoso que se prontificaram a fazer por meio de acusa\u00e7\u00f5es infundadas, inver\u00eddicas, distorcidas e manipuladas.<\/p>\n<p>A popula\u00e7\u00e3o brasileira percebe a covardia contra os interesses dos residentes no Brasil e insiste em n\u00e3o acreditar que tudo acontece \u00e0 vista do Poder Judici\u00e1rio aberto, sem pejo, para os pol\u00edticos da perseverante pol\u00edtica terceiro-mundista que insistem em perpetuar no Brasil.<\/p>\n<p>A popula\u00e7\u00e3o brasileira perceptiva \u00e9 bem humorada e amiga.<\/p>\n<p>O Brasil j\u00e1 resistiu antes. A tradi\u00e7\u00e3o do Brasil \u00e9 a de resistir.<\/p>\n<p>Resista Brasil.<\/p>\n<p>Resista, resista e resista, Brasil!<\/p>\n<p>O Brasil merece respeito.<\/p>\n","protected":false},"excerpt":{"rendered":"<p>Guilhermina Coimbra O que se observa em termos de descalabro, balb\u00fardia, situa\u00e7\u00e3o confusa, \u201cdisses-me-disses\u201d de uns imputando aos demais, o que de pior governantes poderiam fazer na administra\u00e7\u00e3o de um Estado continental como o Brasil, n\u00e3o passa de cortina de fuma\u00e7a para emba\u00e7ar e disfar\u00e7ar a conseq\u00fc\u00eancia da luta pelo controle das riquezas \u2013 hidrocarbonetos\/petr\u00f3leo, [&hellip;]<\/p>\n","protected":false},"author":2,"featured_media":132480,"comment_status":"open","ping_status":"closed","sticky":false,"template":"","format":"standard","meta":{"_acf_changed":false,"footnotes":""},"categories":[25],"tags":[],"class_list":["post-132479","post","type-post","status-publish","format-standard","has-post-thumbnail","hentry","category-opina-ai"],"acf":[],"yoast_head":"<!-- This site is optimized with the Yoast SEO plugin v27.5 - https:\/\/yoast.com\/product\/yoast-seo-wordpress\/ -->\n<title>Hora de respeito. Resista, Brasil, porque \u00e9 preciso - Notibras<\/title>\n<meta name=\"robots\" content=\"index, follow, max-snippet:-1, max-image-preview:large, max-video-preview:-1\" \/>\n<link rel=\"canonical\" href=\"https:\/\/www.notibras.com\/site\/hora-de-respeito-resista-brasil-porque-e-preciso\/\" \/>\n<meta property=\"og:locale\" content=\"pt_BR\" \/>\n<meta property=\"og:type\" content=\"article\" \/>\n<meta property=\"og:title\" content=\"Hora de respeito. Resista, Brasil, porque \u00e9 preciso - Notibras\" \/>\n<meta property=\"og:description\" content=\"Guilhermina Coimbra O que se observa em termos de descalabro, balb\u00fardia, situa\u00e7\u00e3o confusa, \u201cdisses-me-disses\u201d de uns imputando aos demais, o que de pior governantes poderiam fazer na administra\u00e7\u00e3o de um Estado continental como o Brasil, n\u00e3o passa de cortina de fuma\u00e7a para emba\u00e7ar e disfar\u00e7ar a conseq\u00fc\u00eancia da luta pelo controle das riquezas \u2013 hidrocarbonetos\/petr\u00f3leo, [&hellip;]\" \/>\n<meta property=\"og:url\" content=\"https:\/\/www.notibras.com\/site\/hora-de-respeito-resista-brasil-porque-e-preciso\/\" \/>\n<meta property=\"og:site_name\" content=\"Notibras\" \/>\n<meta property=\"article:publisher\" content=\"https:\/\/www.facebook.com\/notibras\/\" \/>\n<meta property=\"article:published_time\" content=\"2017-03-20T12:08:19+00:00\" \/>\n<meta property=\"og:image\" content=\"https:\/\/www.notibras.com\/site\/wp-content\/uploads\/2017\/03\/Manifestacao-em-Sao-Paulo-contra-o-governo-do-PT-2.jpg\" \/>\n\t<meta property=\"og:image:width\" content=\"699\" \/>\n\t<meta property=\"og:image:height\" content=\"420\" \/>\n\t<meta property=\"og:image:type\" content=\"image\/jpeg\" \/>\n<meta name=\"author\" content=\"Reda\u00e7\u00e3o\" \/>\n<meta name=\"twitter:card\" content=\"summary_large_image\" \/>\n<meta name=\"twitter:creator\" content=\"@Notibras\" \/>\n<meta name=\"twitter:site\" content=\"@Notibras\" \/>\n<meta name=\"twitter:label1\" content=\"Escrito por\" \/>\n\t<meta name=\"twitter:data1\" content=\"Reda\u00e7\u00e3o\" \/>\n\t<meta name=\"twitter:label2\" content=\"Est. tempo de leitura\" \/>\n\t<meta name=\"twitter:data2\" content=\"8 minutos\" \/>\n<script type=\"application\/ld+json\" class=\"yoast-schema-graph\">{\"@context\":\"https:\\\/\\\/schema.org\",\"@graph\":[{\"@type\":\"Article\",\"@id\":\"https:\\\/\\\/www.notibras.com\\\/site\\\/hora-de-respeito-resista-brasil-porque-e-preciso\\\/#article\",\"isPartOf\":{\"@id\":\"https:\\\/\\\/www.notibras.com\\\/site\\\/hora-de-respeito-resista-brasil-porque-e-preciso\\\/\"},\"author\":{\"name\":\"Reda\u00e7\u00e3o\",\"@id\":\"https:\\\/\\\/www.notibras.com\\\/site\\\/#\\\/schema\\\/person\\\/36ab0979449956132d3e5b517ea76ac8\"},\"headline\":\"Hora de respeito. Resista, Brasil, porque \u00e9 preciso\",\"datePublished\":\"2017-03-20T12:08:19+00:00\",\"mainEntityOfPage\":{\"@id\":\"https:\\\/\\\/www.notibras.com\\\/site\\\/hora-de-respeito-resista-brasil-porque-e-preciso\\\/\"},\"wordCount\":1574,\"commentCount\":0,\"publisher\":{\"@id\":\"https:\\\/\\\/www.notibras.com\\\/site\\\/#organization\"},\"image\":{\"@id\":\"https:\\\/\\\/www.notibras.com\\\/site\\\/hora-de-respeito-resista-brasil-porque-e-preciso\\\/#primaryimage\"},\"thumbnailUrl\":\"https:\\\/\\\/www.notibras.com\\\/site\\\/wp-content\\\/uploads\\\/2017\\\/03\\\/Manifestacao-em-Sao-Paulo-contra-o-governo-do-PT-2.jpg\",\"articleSection\":[\"Opina a\u00ed\"],\"inLanguage\":\"pt-BR\",\"potentialAction\":[{\"@type\":\"CommentAction\",\"name\":\"Comment\",\"target\":[\"https:\\\/\\\/www.notibras.com\\\/site\\\/hora-de-respeito-resista-brasil-porque-e-preciso\\\/#respond\"]}]},{\"@type\":\"WebPage\",\"@id\":\"https:\\\/\\\/www.notibras.com\\\/site\\\/hora-de-respeito-resista-brasil-porque-e-preciso\\\/\",\"url\":\"https:\\\/\\\/www.notibras.com\\\/site\\\/hora-de-respeito-resista-brasil-porque-e-preciso\\\/\",\"name\":\"Hora de respeito. Resista, Brasil, porque \u00e9 preciso - Notibras\",\"isPartOf\":{\"@id\":\"https:\\\/\\\/www.notibras.com\\\/site\\\/#website\"},\"primaryImageOfPage\":{\"@id\":\"https:\\\/\\\/www.notibras.com\\\/site\\\/hora-de-respeito-resista-brasil-porque-e-preciso\\\/#primaryimage\"},\"image\":{\"@id\":\"https:\\\/\\\/www.notibras.com\\\/site\\\/hora-de-respeito-resista-brasil-porque-e-preciso\\\/#primaryimage\"},\"thumbnailUrl\":\"https:\\\/\\\/www.notibras.com\\\/site\\\/wp-content\\\/uploads\\\/2017\\\/03\\\/Manifestacao-em-Sao-Paulo-contra-o-governo-do-PT-2.jpg\",\"datePublished\":\"2017-03-20T12:08:19+00:00\",\"breadcrumb\":{\"@id\":\"https:\\\/\\\/www.notibras.com\\\/site\\\/hora-de-respeito-resista-brasil-porque-e-preciso\\\/#breadcrumb\"},\"inLanguage\":\"pt-BR\",\"potentialAction\":[{\"@type\":\"ReadAction\",\"target\":[\"https:\\\/\\\/www.notibras.com\\\/site\\\/hora-de-respeito-resista-brasil-porque-e-preciso\\\/\"]}]},{\"@type\":\"ImageObject\",\"inLanguage\":\"pt-BR\",\"@id\":\"https:\\\/\\\/www.notibras.com\\\/site\\\/hora-de-respeito-resista-brasil-porque-e-preciso\\\/#primaryimage\",\"url\":\"https:\\\/\\\/www.notibras.com\\\/site\\\/wp-content\\\/uploads\\\/2017\\\/03\\\/Manifestacao-em-Sao-Paulo-contra-o-governo-do-PT-2.jpg\",\"contentUrl\":\"https:\\\/\\\/www.notibras.com\\\/site\\\/wp-content\\\/uploads\\\/2017\\\/03\\\/Manifestacao-em-Sao-Paulo-contra-o-governo-do-PT-2.jpg\",\"width\":699,\"height\":420},{\"@type\":\"BreadcrumbList\",\"@id\":\"https:\\\/\\\/www.notibras.com\\\/site\\\/hora-de-respeito-resista-brasil-porque-e-preciso\\\/#breadcrumb\",\"itemListElement\":[{\"@type\":\"ListItem\",\"position\":1,\"name\":\"In\u00edcio\",\"item\":\"https:\\\/\\\/www.notibras.com\\\/site\\\/\"},{\"@type\":\"ListItem\",\"position\":2,\"name\":\"Hora de respeito. Resista, Brasil, porque \u00e9 preciso\"}]},{\"@type\":\"WebSite\",\"@id\":\"https:\\\/\\\/www.notibras.com\\\/site\\\/#website\",\"url\":\"https:\\\/\\\/www.notibras.com\\\/site\\\/\",\"name\":\"Notibras\",\"description\":\"Not\u00edcias de Bras\u00edlia, do Brasil e do Mundo\",\"publisher\":{\"@id\":\"https:\\\/\\\/www.notibras.com\\\/site\\\/#organization\"},\"potentialAction\":[{\"@type\":\"SearchAction\",\"target\":{\"@type\":\"EntryPoint\",\"urlTemplate\":\"https:\\\/\\\/www.notibras.com\\\/site\\\/?s={search_term_string}\"},\"query-input\":{\"@type\":\"PropertyValueSpecification\",\"valueRequired\":true,\"valueName\":\"search_term_string\"}}],\"inLanguage\":\"pt-BR\"},{\"@type\":\"Organization\",\"@id\":\"https:\\\/\\\/www.notibras.com\\\/site\\\/#organization\",\"name\":\"Grupo Notibras de Comunica\u00e7\u00e3o\",\"url\":\"https:\\\/\\\/www.notibras.com\\\/site\\\/\",\"logo\":{\"@type\":\"ImageObject\",\"inLanguage\":\"pt-BR\",\"@id\":\"https:\\\/\\\/www.notibras.com\\\/site\\\/#\\\/schema\\\/logo\\\/image\\\/\",\"url\":\"https:\\\/\\\/www.notibras.com\\\/site\\\/wp-content\\\/uploads\\\/2023\\\/01\\\/notibras23.png\",\"contentUrl\":\"https:\\\/\\\/www.notibras.com\\\/site\\\/wp-content\\\/uploads\\\/2023\\\/01\\\/notibras23.png\",\"width\":350,\"height\":87,\"caption\":\"Grupo Notibras de Comunica\u00e7\u00e3o\"},\"image\":{\"@id\":\"https:\\\/\\\/www.notibras.com\\\/site\\\/#\\\/schema\\\/logo\\\/image\\\/\"},\"sameAs\":[\"https:\\\/\\\/www.facebook.com\\\/notibras\\\/\",\"https:\\\/\\\/x.com\\\/Notibras\",\"https:\\\/\\\/www.instagram.com\\\/notibras\\\/\"]},{\"@type\":\"Person\",\"@id\":\"https:\\\/\\\/www.notibras.com\\\/site\\\/#\\\/schema\\\/person\\\/36ab0979449956132d3e5b517ea76ac8\",\"name\":\"Reda\u00e7\u00e3o\",\"image\":{\"@type\":\"ImageObject\",\"inLanguage\":\"pt-BR\",\"@id\":\"https:\\\/\\\/secure.gravatar.com\\\/avatar\\\/e0a867bdedb85fd243eadf09663511f96fc81e0720a4a42581f334ad4303aa6b?s=96&d=mm&r=g\",\"url\":\"https:\\\/\\\/secure.gravatar.com\\\/avatar\\\/e0a867bdedb85fd243eadf09663511f96fc81e0720a4a42581f334ad4303aa6b?s=96&d=mm&r=g\",\"contentUrl\":\"https:\\\/\\\/secure.gravatar.com\\\/avatar\\\/e0a867bdedb85fd243eadf09663511f96fc81e0720a4a42581f334ad4303aa6b?s=96&d=mm&r=g\",\"caption\":\"Reda\u00e7\u00e3o\"}}]}<\/script>\n<!-- \/ Yoast SEO plugin. -->","yoast_head_json":{"title":"Hora de respeito. Resista, Brasil, porque \u00e9 preciso - Notibras","robots":{"index":"index","follow":"follow","max-snippet":"max-snippet:-1","max-image-preview":"max-image-preview:large","max-video-preview":"max-video-preview:-1"},"canonical":"https:\/\/www.notibras.com\/site\/hora-de-respeito-resista-brasil-porque-e-preciso\/","og_locale":"pt_BR","og_type":"article","og_title":"Hora de respeito. Resista, Brasil, porque \u00e9 preciso - Notibras","og_description":"Guilhermina Coimbra O que se observa em termos de descalabro, balb\u00fardia, situa\u00e7\u00e3o confusa, \u201cdisses-me-disses\u201d de uns imputando aos demais, o que de pior governantes poderiam fazer na administra\u00e7\u00e3o de um Estado continental como o Brasil, n\u00e3o passa de cortina de fuma\u00e7a para emba\u00e7ar e disfar\u00e7ar a conseq\u00fc\u00eancia da luta pelo controle das riquezas \u2013 hidrocarbonetos\/petr\u00f3leo, [&hellip;]","og_url":"https:\/\/www.notibras.com\/site\/hora-de-respeito-resista-brasil-porque-e-preciso\/","og_site_name":"Notibras","article_publisher":"https:\/\/www.facebook.com\/notibras\/","article_published_time":"2017-03-20T12:08:19+00:00","og_image":[{"width":699,"height":420,"url":"https:\/\/www.notibras.com\/site\/wp-content\/uploads\/2017\/03\/Manifestacao-em-Sao-Paulo-contra-o-governo-do-PT-2.jpg","type":"image\/jpeg"}],"author":"Reda\u00e7\u00e3o","twitter_card":"summary_large_image","twitter_creator":"@Notibras","twitter_site":"@Notibras","twitter_misc":{"Escrito por":"Reda\u00e7\u00e3o","Est. tempo de leitura":"8 minutos"},"schema":{"@context":"https:\/\/schema.org","@graph":[{"@type":"Article","@id":"https:\/\/www.notibras.com\/site\/hora-de-respeito-resista-brasil-porque-e-preciso\/#article","isPartOf":{"@id":"https:\/\/www.notibras.com\/site\/hora-de-respeito-resista-brasil-porque-e-preciso\/"},"author":{"name":"Reda\u00e7\u00e3o","@id":"https:\/\/www.notibras.com\/site\/#\/schema\/person\/36ab0979449956132d3e5b517ea76ac8"},"headline":"Hora de respeito. Resista, Brasil, porque \u00e9 preciso","datePublished":"2017-03-20T12:08:19+00:00","mainEntityOfPage":{"@id":"https:\/\/www.notibras.com\/site\/hora-de-respeito-resista-brasil-porque-e-preciso\/"},"wordCount":1574,"commentCount":0,"publisher":{"@id":"https:\/\/www.notibras.com\/site\/#organization"},"image":{"@id":"https:\/\/www.notibras.com\/site\/hora-de-respeito-resista-brasil-porque-e-preciso\/#primaryimage"},"thumbnailUrl":"https:\/\/www.notibras.com\/site\/wp-content\/uploads\/2017\/03\/Manifestacao-em-Sao-Paulo-contra-o-governo-do-PT-2.jpg","articleSection":["Opina a\u00ed"],"inLanguage":"pt-BR","potentialAction":[{"@type":"CommentAction","name":"Comment","target":["https:\/\/www.notibras.com\/site\/hora-de-respeito-resista-brasil-porque-e-preciso\/#respond"]}]},{"@type":"WebPage","@id":"https:\/\/www.notibras.com\/site\/hora-de-respeito-resista-brasil-porque-e-preciso\/","url":"https:\/\/www.notibras.com\/site\/hora-de-respeito-resista-brasil-porque-e-preciso\/","name":"Hora de respeito. Resista, Brasil, porque \u00e9 preciso - Notibras","isPartOf":{"@id":"https:\/\/www.notibras.com\/site\/#website"},"primaryImageOfPage":{"@id":"https:\/\/www.notibras.com\/site\/hora-de-respeito-resista-brasil-porque-e-preciso\/#primaryimage"},"image":{"@id":"https:\/\/www.notibras.com\/site\/hora-de-respeito-resista-brasil-porque-e-preciso\/#primaryimage"},"thumbnailUrl":"https:\/\/www.notibras.com\/site\/wp-content\/uploads\/2017\/03\/Manifestacao-em-Sao-Paulo-contra-o-governo-do-PT-2.jpg","datePublished":"2017-03-20T12:08:19+00:00","breadcrumb":{"@id":"https:\/\/www.notibras.com\/site\/hora-de-respeito-resista-brasil-porque-e-preciso\/#breadcrumb"},"inLanguage":"pt-BR","potentialAction":[{"@type":"ReadAction","target":["https:\/\/www.notibras.com\/site\/hora-de-respeito-resista-brasil-porque-e-preciso\/"]}]},{"@type":"ImageObject","inLanguage":"pt-BR","@id":"https:\/\/www.notibras.com\/site\/hora-de-respeito-resista-brasil-porque-e-preciso\/#primaryimage","url":"https:\/\/www.notibras.com\/site\/wp-content\/uploads\/2017\/03\/Manifestacao-em-Sao-Paulo-contra-o-governo-do-PT-2.jpg","contentUrl":"https:\/\/www.notibras.com\/site\/wp-content\/uploads\/2017\/03\/Manifestacao-em-Sao-Paulo-contra-o-governo-do-PT-2.jpg","width":699,"height":420},{"@type":"BreadcrumbList","@id":"https:\/\/www.notibras.com\/site\/hora-de-respeito-resista-brasil-porque-e-preciso\/#breadcrumb","itemListElement":[{"@type":"ListItem","position":1,"name":"In\u00edcio","item":"https:\/\/www.notibras.com\/site\/"},{"@type":"ListItem","position":2,"name":"Hora de respeito. Resista, Brasil, porque \u00e9 preciso"}]},{"@type":"WebSite","@id":"https:\/\/www.notibras.com\/site\/#website","url":"https:\/\/www.notibras.com\/site\/","name":"Notibras","description":"Not\u00edcias de Bras\u00edlia, do Brasil e do Mundo","publisher":{"@id":"https:\/\/www.notibras.com\/site\/#organization"},"potentialAction":[{"@type":"SearchAction","target":{"@type":"EntryPoint","urlTemplate":"https:\/\/www.notibras.com\/site\/?s={search_term_string}"},"query-input":{"@type":"PropertyValueSpecification","valueRequired":true,"valueName":"search_term_string"}}],"inLanguage":"pt-BR"},{"@type":"Organization","@id":"https:\/\/www.notibras.com\/site\/#organization","name":"Grupo Notibras de Comunica\u00e7\u00e3o","url":"https:\/\/www.notibras.com\/site\/","logo":{"@type":"ImageObject","inLanguage":"pt-BR","@id":"https:\/\/www.notibras.com\/site\/#\/schema\/logo\/image\/","url":"https:\/\/www.notibras.com\/site\/wp-content\/uploads\/2023\/01\/notibras23.png","contentUrl":"https:\/\/www.notibras.com\/site\/wp-content\/uploads\/2023\/01\/notibras23.png","width":350,"height":87,"caption":"Grupo Notibras de Comunica\u00e7\u00e3o"},"image":{"@id":"https:\/\/www.notibras.com\/site\/#\/schema\/logo\/image\/"},"sameAs":["https:\/\/www.facebook.com\/notibras\/","https:\/\/x.com\/Notibras","https:\/\/www.instagram.com\/notibras\/"]},{"@type":"Person","@id":"https:\/\/www.notibras.com\/site\/#\/schema\/person\/36ab0979449956132d3e5b517ea76ac8","name":"Reda\u00e7\u00e3o","image":{"@type":"ImageObject","inLanguage":"pt-BR","@id":"https:\/\/secure.gravatar.com\/avatar\/e0a867bdedb85fd243eadf09663511f96fc81e0720a4a42581f334ad4303aa6b?s=96&d=mm&r=g","url":"https:\/\/secure.gravatar.com\/avatar\/e0a867bdedb85fd243eadf09663511f96fc81e0720a4a42581f334ad4303aa6b?s=96&d=mm&r=g","contentUrl":"https:\/\/secure.gravatar.com\/avatar\/e0a867bdedb85fd243eadf09663511f96fc81e0720a4a42581f334ad4303aa6b?s=96&d=mm&r=g","caption":"Reda\u00e7\u00e3o"}}]}},"amp_enabled":true,"_links":{"self":[{"href":"https:\/\/www.notibras.com\/site\/wp-json\/wp\/v2\/posts\/132479","targetHints":{"allow":["GET"]}}],"collection":[{"href":"https:\/\/www.notibras.com\/site\/wp-json\/wp\/v2\/posts"}],"about":[{"href":"https:\/\/www.notibras.com\/site\/wp-json\/wp\/v2\/types\/post"}],"author":[{"embeddable":true,"href":"https:\/\/www.notibras.com\/site\/wp-json\/wp\/v2\/users\/2"}],"replies":[{"embeddable":true,"href":"https:\/\/www.notibras.com\/site\/wp-json\/wp\/v2\/comments?post=132479"}],"version-history":[{"count":1,"href":"https:\/\/www.notibras.com\/site\/wp-json\/wp\/v2\/posts\/132479\/revisions"}],"predecessor-version":[{"id":132481,"href":"https:\/\/www.notibras.com\/site\/wp-json\/wp\/v2\/posts\/132479\/revisions\/132481"}],"wp:featuredmedia":[{"embeddable":true,"href":"https:\/\/www.notibras.com\/site\/wp-json\/wp\/v2\/media\/132480"}],"wp:attachment":[{"href":"https:\/\/www.notibras.com\/site\/wp-json\/wp\/v2\/media?parent=132479"}],"wp:term":[{"taxonomy":"category","embeddable":true,"href":"https:\/\/www.notibras.com\/site\/wp-json\/wp\/v2\/categories?post=132479"},{"taxonomy":"post_tag","embeddable":true,"href":"https:\/\/www.notibras.com\/site\/wp-json\/wp\/v2\/tags?post=132479"}],"curies":[{"name":"wp","href":"https:\/\/api.w.org\/{rel}","templated":true}]}}