{"id":13259,"date":"2014-06-12T19:46:31","date_gmt":"2014-06-12T22:46:31","guid":{"rendered":"http:\/\/www.notibras.com\/site\/?p=13259"},"modified":"2014-06-12T19:46:31","modified_gmt":"2014-06-12T22:46:31","slug":"dilma-autoriza-fab-abater-avioes-hostis-que-ameacem-a-seguranca","status":"publish","type":"post","link":"https:\/\/www.notibras.com\/site\/dilma-autoriza-fab-abater-avioes-hostis-que-ameacem-a-seguranca\/","title":{"rendered":"Dilma autoriza FAB abater avi\u00f5es hostis que ameacem a seguran\u00e7a"},"content":{"rendered":"<p>A presidente Dilma Rousseff autorizou a for\u00e7a A\u00e9rea a abater &#8220;avi\u00f5es hostis&#8221; que possam p\u00f4r em perigo a seguran\u00e7a durante a Copa do Mundo, segundo decreto publicado nesta quinta-feira no Di\u00e1rio Oficial.<\/p>\n<p class=\"text\">O \u00fanico par\u00e1grafo do decreto, assinado por Dilma e o ministro da Defesa, Celso Amorim, diz que o comandante da aeron\u00e1utica &#8220;estabelecer\u00e1 os procedimentos a serem adotados para a hip\u00f3tese do caput&#8221;, como se conhece no meio militar a a\u00e7\u00e3o necess\u00e1ria para derrubar um avi\u00e3o.<\/p>\n<p class=\"text\">Em 2004, o ent\u00e3o presidente Lula\u00a0sancionou uma lei que estabelece o protocolo de seguran\u00e7a que deve ser seguido para a derrubada em pleno voo de um avi\u00e3o civil ou militar considerado &#8220;hostil&#8221;.<\/p>\n<p class=\"text\">A chamada &#8220;Lei do Abate&#8221; foi concebida como ferramenta na luta contra o narcotr\u00e1fico e diz que a For\u00e7a A\u00e9rea, antes de atacar um avi\u00e3o, deve ser autorizada pelo presidente da Rep\u00fablica, como comandante das for\u00e7as armadas.<\/p>\n<p class=\"text\">Segundo o decreto publicado no Di\u00e1rio Oficial, Dilma decidiu &#8220;delegar&#8221; esta responsabilidade ao comandante da aeron\u00e1utica a partir desta quinta\u00a0at\u00e9 17 de julho, quatro dias depois da final da Copa.<\/p>\n<p class=\"text\">O plano de seguran\u00e7a para o evento prev\u00ea que 77 aeronaves ir\u00e3o patrulhar o espa\u00e7o a\u00e9reo do Pa\u00eds, especialmente nas doze cidades sedes.<\/p>\n","protected":false},"excerpt":{"rendered":"<p>A presidente Dilma Rousseff autorizou a for\u00e7a A\u00e9rea a abater &#8220;avi\u00f5es hostis&#8221; que possam p\u00f4r em perigo a seguran\u00e7a durante a Copa do Mundo, segundo decreto publicado nesta quinta-feira no Di\u00e1rio Oficial. O \u00fanico par\u00e1grafo do decreto, assinado por Dilma e o ministro da Defesa, Celso Amorim, diz que o comandante da aeron\u00e1utica &#8220;estabelecer\u00e1 os [&hellip;]<\/p>\n","protected":false},"author":2,"featured_media":13260,"comment_status":"open","ping_status":"closed","sticky":false,"template":"","format":"standard","meta":{"_acf_changed":false,"footnotes":""},"categories":[16],"tags":[],"class_list":["post-13259","post","type-post","status-publish","format-standard","has-post-thumbnail","hentry","category-brasil"],"acf":[],"yoast_head":"<!-- This site is optimized with the Yoast SEO plugin v27.2 - https:\/\/yoast.com\/product\/yoast-seo-wordpress\/ -->\n<title>Dilma autoriza FAB abater avi\u00f5es hostis que ameacem a seguran\u00e7a - Notibras<\/title>\n<meta name=\"robots\" content=\"index, follow, max-snippet:-1, max-image-preview:large, max-video-preview:-1\" \/>\n<link rel=\"canonical\" href=\"https:\/\/www.notibras.com\/site\/dilma-autoriza-fab-abater-avioes-hostis-que-ameacem-a-seguranca\/\" \/>\n<meta property=\"og:locale\" content=\"pt_BR\" \/>\n<meta property=\"og:type\" content=\"article\" \/>\n<meta property=\"og:title\" content=\"Dilma autoriza FAB abater avi\u00f5es hostis que ameacem a seguran\u00e7a - Notibras\" \/>\n<meta property=\"og:description\" content=\"A presidente Dilma Rousseff autorizou a for\u00e7a A\u00e9rea a abater &#8220;avi\u00f5es hostis&#8221; que possam p\u00f4r em perigo a seguran\u00e7a durante a Copa do Mundo, segundo decreto publicado nesta quinta-feira no Di\u00e1rio Oficial. O \u00fanico par\u00e1grafo do decreto, assinado por Dilma e o ministro da Defesa, Celso Amorim, diz que o comandante da aeron\u00e1utica &#8220;estabelecer\u00e1 os [&hellip;]\" \/>\n<meta property=\"og:url\" content=\"https:\/\/www.notibras.com\/site\/dilma-autoriza-fab-abater-avioes-hostis-que-ameacem-a-seguranca\/\" \/>\n<meta property=\"og:site_name\" content=\"Notibras\" \/>\n<meta property=\"article:publisher\" content=\"https:\/\/www.facebook.com\/notibras\/\" \/>\n<meta property=\"article:published_time\" content=\"2014-06-12T22:46:31+00:00\" \/>\n<meta property=\"og:image\" content=\"https:\/\/www.notibras.com\/site\/wp-content\/uploads\/2014\/06\/EA-18G_VX31_45.jpg\" \/>\n\t<meta property=\"og:image:width\" content=\"600\" \/>\n\t<meta property=\"og:image:height\" content=\"399\" \/>\n\t<meta property=\"og:image:type\" content=\"image\/jpeg\" \/>\n<meta name=\"author\" content=\"Reda\u00e7\u00e3o\" \/>\n<meta name=\"twitter:card\" content=\"summary_large_image\" \/>\n<meta name=\"twitter:creator\" content=\"@Notibras\" \/>\n<meta name=\"twitter:site\" content=\"@Notibras\" \/>\n<meta name=\"twitter:label1\" content=\"Escrito por\" \/>\n\t<meta name=\"twitter:data1\" content=\"Reda\u00e7\u00e3o\" \/>\n\t<meta name=\"twitter:label2\" content=\"Est. tempo de leitura\" \/>\n\t<meta name=\"twitter:data2\" content=\"1 minuto\" \/>\n<script type=\"application\/ld+json\" class=\"yoast-schema-graph\">{\"@context\":\"https:\/\/schema.org\",\"@graph\":[{\"@type\":\"Article\",\"@id\":\"https:\/\/www.notibras.com\/site\/dilma-autoriza-fab-abater-avioes-hostis-que-ameacem-a-seguranca\/#article\",\"isPartOf\":{\"@id\":\"https:\/\/www.notibras.com\/site\/dilma-autoriza-fab-abater-avioes-hostis-que-ameacem-a-seguranca\/\"},\"author\":{\"name\":\"Reda\u00e7\u00e3o\",\"@id\":\"https:\/\/www.notibras.com\/site\/#\/schema\/person\/36ab0979449956132d3e5b517ea76ac8\"},\"headline\":\"Dilma autoriza FAB abater avi\u00f5es hostis que ameacem a seguran\u00e7a\",\"datePublished\":\"2014-06-12T22:46:31+00:00\",\"mainEntityOfPage\":{\"@id\":\"https:\/\/www.notibras.com\/site\/dilma-autoriza-fab-abater-avioes-hostis-que-ameacem-a-seguranca\/\"},\"wordCount\":238,\"commentCount\":0,\"publisher\":{\"@id\":\"https:\/\/www.notibras.com\/site\/#organization\"},\"image\":{\"@id\":\"https:\/\/www.notibras.com\/site\/dilma-autoriza-fab-abater-avioes-hostis-que-ameacem-a-seguranca\/#primaryimage\"},\"thumbnailUrl\":\"https:\/\/www.notibras.com\/site\/wp-content\/uploads\/2014\/06\/EA-18G_VX31_45.jpg\",\"articleSection\":[\"Brasil\"],\"inLanguage\":\"pt-BR\",\"potentialAction\":[{\"@type\":\"CommentAction\",\"name\":\"Comment\",\"target\":[\"https:\/\/www.notibras.com\/site\/dilma-autoriza-fab-abater-avioes-hostis-que-ameacem-a-seguranca\/#respond\"]}]},{\"@type\":\"WebPage\",\"@id\":\"https:\/\/www.notibras.com\/site\/dilma-autoriza-fab-abater-avioes-hostis-que-ameacem-a-seguranca\/\",\"url\":\"https:\/\/www.notibras.com\/site\/dilma-autoriza-fab-abater-avioes-hostis-que-ameacem-a-seguranca\/\",\"name\":\"Dilma autoriza FAB abater avi\u00f5es hostis que ameacem a seguran\u00e7a - Notibras\",\"isPartOf\":{\"@id\":\"https:\/\/www.notibras.com\/site\/#website\"},\"primaryImageOfPage\":{\"@id\":\"https:\/\/www.notibras.com\/site\/dilma-autoriza-fab-abater-avioes-hostis-que-ameacem-a-seguranca\/#primaryimage\"},\"image\":{\"@id\":\"https:\/\/www.notibras.com\/site\/dilma-autoriza-fab-abater-avioes-hostis-que-ameacem-a-seguranca\/#primaryimage\"},\"thumbnailUrl\":\"https:\/\/www.notibras.com\/site\/wp-content\/uploads\/2014\/06\/EA-18G_VX31_45.jpg\",\"datePublished\":\"2014-06-12T22:46:31+00:00\",\"breadcrumb\":{\"@id\":\"https:\/\/www.notibras.com\/site\/dilma-autoriza-fab-abater-avioes-hostis-que-ameacem-a-seguranca\/#breadcrumb\"},\"inLanguage\":\"pt-BR\",\"potentialAction\":[{\"@type\":\"ReadAction\",\"target\":[\"https:\/\/www.notibras.com\/site\/dilma-autoriza-fab-abater-avioes-hostis-que-ameacem-a-seguranca\/\"]}]},{\"@type\":\"ImageObject\",\"inLanguage\":\"pt-BR\",\"@id\":\"https:\/\/www.notibras.com\/site\/dilma-autoriza-fab-abater-avioes-hostis-que-ameacem-a-seguranca\/#primaryimage\",\"url\":\"https:\/\/www.notibras.com\/site\/wp-content\/uploads\/2014\/06\/EA-18G_VX31_45.jpg\",\"contentUrl\":\"https:\/\/www.notibras.com\/site\/wp-content\/uploads\/2014\/06\/EA-18G_VX31_45.jpg\",\"width\":600,\"height\":399},{\"@type\":\"BreadcrumbList\",\"@id\":\"https:\/\/www.notibras.com\/site\/dilma-autoriza-fab-abater-avioes-hostis-que-ameacem-a-seguranca\/#breadcrumb\",\"itemListElement\":[{\"@type\":\"ListItem\",\"position\":1,\"name\":\"In\u00edcio\",\"item\":\"https:\/\/www.notibras.com\/site\/\"},{\"@type\":\"ListItem\",\"position\":2,\"name\":\"Dilma autoriza FAB abater avi\u00f5es hostis que ameacem a seguran\u00e7a\"}]},{\"@type\":\"WebSite\",\"@id\":\"https:\/\/www.notibras.com\/site\/#website\",\"url\":\"https:\/\/www.notibras.com\/site\/\",\"name\":\"Notibras\",\"description\":\"Not\u00edcias de Bras\u00edlia, do Brasil e do Mundo\",\"publisher\":{\"@id\":\"https:\/\/www.notibras.com\/site\/#organization\"},\"potentialAction\":[{\"@type\":\"SearchAction\",\"target\":{\"@type\":\"EntryPoint\",\"urlTemplate\":\"https:\/\/www.notibras.com\/site\/?s={search_term_string}\"},\"query-input\":{\"@type\":\"PropertyValueSpecification\",\"valueRequired\":true,\"valueName\":\"search_term_string\"}}],\"inLanguage\":\"pt-BR\"},{\"@type\":\"Organization\",\"@id\":\"https:\/\/www.notibras.com\/site\/#organization\",\"name\":\"Grupo Notibras de Comunica\u00e7\u00e3o\",\"url\":\"https:\/\/www.notibras.com\/site\/\",\"logo\":{\"@type\":\"ImageObject\",\"inLanguage\":\"pt-BR\",\"@id\":\"https:\/\/www.notibras.com\/site\/#\/schema\/logo\/image\/\",\"url\":\"https:\/\/www.notibras.com\/site\/wp-content\/uploads\/2023\/01\/notibras23.png\",\"contentUrl\":\"https:\/\/www.notibras.com\/site\/wp-content\/uploads\/2023\/01\/notibras23.png\",\"width\":350,\"height\":87,\"caption\":\"Grupo Notibras de Comunica\u00e7\u00e3o\"},\"image\":{\"@id\":\"https:\/\/www.notibras.com\/site\/#\/schema\/logo\/image\/\"},\"sameAs\":[\"https:\/\/www.facebook.com\/notibras\/\",\"https:\/\/x.com\/Notibras\",\"https:\/\/www.instagram.com\/notibras\/\"]},{\"@type\":\"Person\",\"@id\":\"https:\/\/www.notibras.com\/site\/#\/schema\/person\/36ab0979449956132d3e5b517ea76ac8\",\"name\":\"Reda\u00e7\u00e3o\",\"image\":{\"@type\":\"ImageObject\",\"inLanguage\":\"pt-BR\",\"@id\":\"https:\/\/secure.gravatar.com\/avatar\/e0a867bdedb85fd243eadf09663511f96fc81e0720a4a42581f334ad4303aa6b?s=96&d=mm&r=g\",\"url\":\"https:\/\/secure.gravatar.com\/avatar\/e0a867bdedb85fd243eadf09663511f96fc81e0720a4a42581f334ad4303aa6b?s=96&d=mm&r=g\",\"contentUrl\":\"https:\/\/secure.gravatar.com\/avatar\/e0a867bdedb85fd243eadf09663511f96fc81e0720a4a42581f334ad4303aa6b?s=96&d=mm&r=g\",\"caption\":\"Reda\u00e7\u00e3o\"}}]}<\/script>\n<!-- \/ Yoast SEO plugin. -->","yoast_head_json":{"title":"Dilma autoriza FAB abater avi\u00f5es hostis que ameacem a seguran\u00e7a - Notibras","robots":{"index":"index","follow":"follow","max-snippet":"max-snippet:-1","max-image-preview":"max-image-preview:large","max-video-preview":"max-video-preview:-1"},"canonical":"https:\/\/www.notibras.com\/site\/dilma-autoriza-fab-abater-avioes-hostis-que-ameacem-a-seguranca\/","og_locale":"pt_BR","og_type":"article","og_title":"Dilma autoriza FAB abater avi\u00f5es hostis que ameacem a seguran\u00e7a - Notibras","og_description":"A presidente Dilma Rousseff autorizou a for\u00e7a A\u00e9rea a abater &#8220;avi\u00f5es hostis&#8221; que possam p\u00f4r em perigo a seguran\u00e7a durante a Copa do Mundo, segundo decreto publicado nesta quinta-feira no Di\u00e1rio Oficial. O \u00fanico par\u00e1grafo do decreto, assinado por Dilma e o ministro da Defesa, Celso Amorim, diz que o comandante da aeron\u00e1utica &#8220;estabelecer\u00e1 os [&hellip;]","og_url":"https:\/\/www.notibras.com\/site\/dilma-autoriza-fab-abater-avioes-hostis-que-ameacem-a-seguranca\/","og_site_name":"Notibras","article_publisher":"https:\/\/www.facebook.com\/notibras\/","article_published_time":"2014-06-12T22:46:31+00:00","og_image":[{"width":600,"height":399,"url":"https:\/\/www.notibras.com\/site\/wp-content\/uploads\/2014\/06\/EA-18G_VX31_45.jpg","type":"image\/jpeg"}],"author":"Reda\u00e7\u00e3o","twitter_card":"summary_large_image","twitter_creator":"@Notibras","twitter_site":"@Notibras","twitter_misc":{"Escrito por":"Reda\u00e7\u00e3o","Est. tempo de leitura":"1 minuto"},"schema":{"@context":"https:\/\/schema.org","@graph":[{"@type":"Article","@id":"https:\/\/www.notibras.com\/site\/dilma-autoriza-fab-abater-avioes-hostis-que-ameacem-a-seguranca\/#article","isPartOf":{"@id":"https:\/\/www.notibras.com\/site\/dilma-autoriza-fab-abater-avioes-hostis-que-ameacem-a-seguranca\/"},"author":{"name":"Reda\u00e7\u00e3o","@id":"https:\/\/www.notibras.com\/site\/#\/schema\/person\/36ab0979449956132d3e5b517ea76ac8"},"headline":"Dilma autoriza FAB abater avi\u00f5es hostis que ameacem a seguran\u00e7a","datePublished":"2014-06-12T22:46:31+00:00","mainEntityOfPage":{"@id":"https:\/\/www.notibras.com\/site\/dilma-autoriza-fab-abater-avioes-hostis-que-ameacem-a-seguranca\/"},"wordCount":238,"commentCount":0,"publisher":{"@id":"https:\/\/www.notibras.com\/site\/#organization"},"image":{"@id":"https:\/\/www.notibras.com\/site\/dilma-autoriza-fab-abater-avioes-hostis-que-ameacem-a-seguranca\/#primaryimage"},"thumbnailUrl":"https:\/\/www.notibras.com\/site\/wp-content\/uploads\/2014\/06\/EA-18G_VX31_45.jpg","articleSection":["Brasil"],"inLanguage":"pt-BR","potentialAction":[{"@type":"CommentAction","name":"Comment","target":["https:\/\/www.notibras.com\/site\/dilma-autoriza-fab-abater-avioes-hostis-que-ameacem-a-seguranca\/#respond"]}]},{"@type":"WebPage","@id":"https:\/\/www.notibras.com\/site\/dilma-autoriza-fab-abater-avioes-hostis-que-ameacem-a-seguranca\/","url":"https:\/\/www.notibras.com\/site\/dilma-autoriza-fab-abater-avioes-hostis-que-ameacem-a-seguranca\/","name":"Dilma autoriza FAB abater avi\u00f5es hostis que ameacem a seguran\u00e7a - Notibras","isPartOf":{"@id":"https:\/\/www.notibras.com\/site\/#website"},"primaryImageOfPage":{"@id":"https:\/\/www.notibras.com\/site\/dilma-autoriza-fab-abater-avioes-hostis-que-ameacem-a-seguranca\/#primaryimage"},"image":{"@id":"https:\/\/www.notibras.com\/site\/dilma-autoriza-fab-abater-avioes-hostis-que-ameacem-a-seguranca\/#primaryimage"},"thumbnailUrl":"https:\/\/www.notibras.com\/site\/wp-content\/uploads\/2014\/06\/EA-18G_VX31_45.jpg","datePublished":"2014-06-12T22:46:31+00:00","breadcrumb":{"@id":"https:\/\/www.notibras.com\/site\/dilma-autoriza-fab-abater-avioes-hostis-que-ameacem-a-seguranca\/#breadcrumb"},"inLanguage":"pt-BR","potentialAction":[{"@type":"ReadAction","target":["https:\/\/www.notibras.com\/site\/dilma-autoriza-fab-abater-avioes-hostis-que-ameacem-a-seguranca\/"]}]},{"@type":"ImageObject","inLanguage":"pt-BR","@id":"https:\/\/www.notibras.com\/site\/dilma-autoriza-fab-abater-avioes-hostis-que-ameacem-a-seguranca\/#primaryimage","url":"https:\/\/www.notibras.com\/site\/wp-content\/uploads\/2014\/06\/EA-18G_VX31_45.jpg","contentUrl":"https:\/\/www.notibras.com\/site\/wp-content\/uploads\/2014\/06\/EA-18G_VX31_45.jpg","width":600,"height":399},{"@type":"BreadcrumbList","@id":"https:\/\/www.notibras.com\/site\/dilma-autoriza-fab-abater-avioes-hostis-que-ameacem-a-seguranca\/#breadcrumb","itemListElement":[{"@type":"ListItem","position":1,"name":"In\u00edcio","item":"https:\/\/www.notibras.com\/site\/"},{"@type":"ListItem","position":2,"name":"Dilma autoriza FAB abater avi\u00f5es hostis que ameacem a seguran\u00e7a"}]},{"@type":"WebSite","@id":"https:\/\/www.notibras.com\/site\/#website","url":"https:\/\/www.notibras.com\/site\/","name":"Notibras","description":"Not\u00edcias de Bras\u00edlia, do Brasil e do Mundo","publisher":{"@id":"https:\/\/www.notibras.com\/site\/#organization"},"potentialAction":[{"@type":"SearchAction","target":{"@type":"EntryPoint","urlTemplate":"https:\/\/www.notibras.com\/site\/?s={search_term_string}"},"query-input":{"@type":"PropertyValueSpecification","valueRequired":true,"valueName":"search_term_string"}}],"inLanguage":"pt-BR"},{"@type":"Organization","@id":"https:\/\/www.notibras.com\/site\/#organization","name":"Grupo Notibras de Comunica\u00e7\u00e3o","url":"https:\/\/www.notibras.com\/site\/","logo":{"@type":"ImageObject","inLanguage":"pt-BR","@id":"https:\/\/www.notibras.com\/site\/#\/schema\/logo\/image\/","url":"https:\/\/www.notibras.com\/site\/wp-content\/uploads\/2023\/01\/notibras23.png","contentUrl":"https:\/\/www.notibras.com\/site\/wp-content\/uploads\/2023\/01\/notibras23.png","width":350,"height":87,"caption":"Grupo Notibras de Comunica\u00e7\u00e3o"},"image":{"@id":"https:\/\/www.notibras.com\/site\/#\/schema\/logo\/image\/"},"sameAs":["https:\/\/www.facebook.com\/notibras\/","https:\/\/x.com\/Notibras","https:\/\/www.instagram.com\/notibras\/"]},{"@type":"Person","@id":"https:\/\/www.notibras.com\/site\/#\/schema\/person\/36ab0979449956132d3e5b517ea76ac8","name":"Reda\u00e7\u00e3o","image":{"@type":"ImageObject","inLanguage":"pt-BR","@id":"https:\/\/secure.gravatar.com\/avatar\/e0a867bdedb85fd243eadf09663511f96fc81e0720a4a42581f334ad4303aa6b?s=96&d=mm&r=g","url":"https:\/\/secure.gravatar.com\/avatar\/e0a867bdedb85fd243eadf09663511f96fc81e0720a4a42581f334ad4303aa6b?s=96&d=mm&r=g","contentUrl":"https:\/\/secure.gravatar.com\/avatar\/e0a867bdedb85fd243eadf09663511f96fc81e0720a4a42581f334ad4303aa6b?s=96&d=mm&r=g","caption":"Reda\u00e7\u00e3o"}}]}},"amp_enabled":true,"_links":{"self":[{"href":"https:\/\/www.notibras.com\/site\/wp-json\/wp\/v2\/posts\/13259","targetHints":{"allow":["GET"]}}],"collection":[{"href":"https:\/\/www.notibras.com\/site\/wp-json\/wp\/v2\/posts"}],"about":[{"href":"https:\/\/www.notibras.com\/site\/wp-json\/wp\/v2\/types\/post"}],"author":[{"embeddable":true,"href":"https:\/\/www.notibras.com\/site\/wp-json\/wp\/v2\/users\/2"}],"replies":[{"embeddable":true,"href":"https:\/\/www.notibras.com\/site\/wp-json\/wp\/v2\/comments?post=13259"}],"version-history":[{"count":0,"href":"https:\/\/www.notibras.com\/site\/wp-json\/wp\/v2\/posts\/13259\/revisions"}],"wp:featuredmedia":[{"embeddable":true,"href":"https:\/\/www.notibras.com\/site\/wp-json\/wp\/v2\/media\/13260"}],"wp:attachment":[{"href":"https:\/\/www.notibras.com\/site\/wp-json\/wp\/v2\/media?parent=13259"}],"wp:term":[{"taxonomy":"category","embeddable":true,"href":"https:\/\/www.notibras.com\/site\/wp-json\/wp\/v2\/categories?post=13259"},{"taxonomy":"post_tag","embeddable":true,"href":"https:\/\/www.notibras.com\/site\/wp-json\/wp\/v2\/tags?post=13259"}],"curies":[{"name":"wp","href":"https:\/\/api.w.org\/{rel}","templated":true}]}}