{"id":132608,"date":"2017-03-21T07:42:02","date_gmt":"2017-03-21T10:42:02","guid":{"rendered":"http:\/\/www.notibras.com\/site\/?p=132608"},"modified":"2017-03-21T08:33:42","modified_gmt":"2017-03-21T11:33:42","slug":"carne-fraca-e-uma-consequencia-de-um-pais-apodrecido","status":"publish","type":"post","link":"https:\/\/www.notibras.com\/site\/carne-fraca-e-uma-consequencia-de-um-pais-apodrecido\/","title":{"rendered":"Carne Fraca \u00e9 uma consequ\u00eancia de um pa\u00eds apodrecido"},"content":{"rendered":"<p><strong>Luis Nassif<\/strong><\/p>\n<p>A Opera\u00e7\u00e3o Carne Fraca, da Pol\u00edcia Federal, traz uma comprova\u00e7\u00e3o b\u00e1sica: o n\u00edvel de emburrecimento nacional \u00e9 invenc\u00edvel. O senso comum definitivamente se imp\u00f4s nas discuss\u00f5es p\u00fablicas. E n\u00e3o se trata apenas da atoarda que vem do Twitter e das redes sociais. O assustador \u00e9 que \u00f3rg\u00e3os centrais da Rep\u00fablica \u2013 como o Minist\u00e9rio P\u00fablico, a Pol\u00edcia Federal, o Judici\u00e1rio \u2013 tornaram-se ref\u00e9ns do primarismo anal\u00edtico.<\/p>\n<p>Como \u00e9 poss\u00edvel que concursos disputad\u00edssimos tenham resultado em corpora\u00e7\u00f5es t\u00e3o obtusamente desinformadas, a ponto de n\u00e3o ter a menor sensibilidade para o chamado interesse nacional. N\u00e3o estou julgando individualmente delegados ou procuradores. Conhe\u00e7o alguns de alto n\u00edvel. Me refiro ao comportamento dessas for\u00e7as enquanto corpora\u00e7\u00e3o.<\/p>\n<p>Tome-se o caso da Opera\u00e7\u00e3o Carne Fraca.<\/p>\n<p>A den\u00fancia chegou h\u00e1 dois anos na ABIN (Ag\u00eancia Brasileira de Intelig\u00eancia). O delator informou que a Secretaria de Vigil\u00e2ncia Sanit\u00e1ria no Paran\u00e1 tinha sido loteada para o PMDB. Levantaram-se provas de il\u00edcitos em alguns frigor\u00edficos.<\/p>\n<p>Por outro lado, h\u00e1 uma guerra fitossanit\u00e1ria em n\u00edvel global, em torno das exporta\u00e7\u00f5es de alimentos. Se os delegados da Carne Seca n\u00e3o fossem t\u00e3o obtusos, avaliariam as consequ\u00eancias desse bate-bumbo e tratariam de atuar reservadamente, desmantelando a quadrilha, prendendo os culpados.<\/p>\n<p>Mas, n\u00e3o. O bate-bumbo criou uma enorme vulnerabilidade para toda a carne exportada pelo pa\u00eds. Os anos de esfor\u00e7os gerais para livrar o pa\u00eds da aftosa, conquistar novos mercados, abrir espa\u00e7o para as exporta\u00e7\u00f5es ficaram comprometidos pelo exibicionismo irrespons\u00e1vel desse pessoal.<\/p>\n<p>Ou seja, havia duas formas de se atingir os mesmos resultados:<\/p>\n<ol>\n<li>Uma investiga\u00e7\u00e3o r\u00e1pida, discreta e sigilosa.<\/li>\n<\/ol>\n<p>2. O bate-bumbo de criar a maior opera\u00e7\u00e3o da hist\u00f3ria, afim de satisfazer os jogos de poder interno da PF.<\/p>\n<p>As duas levariam ao mesmo resultado e a primeira impediria o pa\u00eds de ter preju\u00edzos gigantescos, que pudessem afetar a vida de milhares de fornecedores, o emprego de milhares de trabalhadores, a receita fiscal dos impostos que deixar\u00e3o de ser pagos pela redu\u00e7\u00e3o das vendas \u2013 e que garantem o sal\u00e1rio do Brasil improdutivo, de procuradores e delegados.<\/p>\n<p>Qual das duas estrat\u00e9gias seria mais ben\u00e9fica para o pa\u00eds? A primeira, evidentemente.<\/p>\n<p>No entanto, o pensamento monof\u00e1sico que acomete o pa\u00eds, n\u00e3o apenas entre palpiteiros de rede social, mas entre delegados de pol\u00edcia, procuradores da Rep\u00fablica, jornalistas imbecilizados \u00e9 resumido na frase-padr\u00e3o de Twitter: se voc\u00ea est\u00e1 criticando a Carne Fraca, ent\u00e3o voc\u00ea \u00e9 a favor de vender carne podre.<\/p>\n<p>Podre se tornou a intelig\u00eancia nacional quando perdeu o controle de duas corpora\u00e7\u00f5es de Estado \u2013 MPF e PF \u2013 permitindo que fossem subjugadas pelo senso comum mais comezinho. E criou uma gera\u00e7\u00e3o pusil\u00e2nime de donos de ve\u00edculos de m\u00eddia, incapazes de trazer um m\u00ednimo de racionalidade a essa barafunda, permitindo o desmonte do pa\u00eds pela incapacidade de afrontar o senso comum de seus leitores.<\/p>\n<p>Veja bem, n\u00e3o se est\u00e1 falando de capacidade anal\u00edtica de entender os jogos internacionais de poder, a geopol\u00edtica, o interesse nacional, as sutilezas dos sistemas de apoio \u00e0s empresas nacionais. A quest\u00e3o em jogo \u00e9 muito mais simples: \u00e9 saber discernir entre uma opera\u00e7\u00e3o discreta e outra que afeta a imagem do Brasil no com\u00e9rcio mundial.<\/p>\n<p>No entanto, essa imbecilidade, de que a destrui\u00e7\u00e3o das empresas brasileiras contaminadas pela corrup\u00e7\u00e3o, permitir\u00e1 que viceje uma economia mais saud\u00e1vel, \u00e9 recorrente nesse reino dos imbecis. E se descobre que a estultice da massa \u00e9 compartilhada at\u00e9 por altos funcion\u00e1rios p\u00fablicos, regiamente remunerados, que se vangloriam de cursos e mais cursos aqui e no exterior. O sujeito diz asneiras desse naipe com ar de s\u00e1bio, reflexivo. E \u00e9 saudado por um zurrar un\u00e2nime da m\u00eddia.<\/p>\n<p>Discuti muito com uma antiga amiga, quando mostrava os impactos dessas a\u00e7\u00f5es nos chamados interesses nacionais e via m\u00e3o externa, e ela rebatia com conhecimento de causa: n\u00e3o s\u00e3o conspiradores, s\u00e3o prim\u00e1rios.<\/p>\n<p>Imbecil \u00e9 o pa\u00eds que se desarma completamente, Judici\u00e1rio, m\u00eddia, organiza\u00e7\u00f5es que se jactam de ter Escolas de Magistratura, de Minist\u00e9rio P\u00fablico, de Pol\u00edcia Federal e o escambau, permitindo mergulhar na mais completa ignor\u00e2ncia institucional.<\/p>\n","protected":false},"excerpt":{"rendered":"<p>Luis Nassif A Opera\u00e7\u00e3o Carne Fraca, da Pol\u00edcia Federal, traz uma comprova\u00e7\u00e3o b\u00e1sica: o n\u00edvel de emburrecimento nacional \u00e9 invenc\u00edvel. O senso comum definitivamente se imp\u00f4s nas discuss\u00f5es p\u00fablicas. E n\u00e3o se trata apenas da atoarda que vem do Twitter e das redes sociais. O assustador \u00e9 que \u00f3rg\u00e3os centrais da Rep\u00fablica \u2013 como o [&hellip;]<\/p>\n","protected":false},"author":2,"featured_media":132609,"comment_status":"open","ping_status":"closed","sticky":false,"template":"","format":"standard","meta":{"_acf_changed":false,"footnotes":""},"categories":[25],"tags":[],"class_list":["post-132608","post","type-post","status-publish","format-standard","has-post-thumbnail","hentry","category-opina-ai"],"acf":[],"yoast_head":"<!-- This site is optimized with the Yoast SEO plugin v27.5 - https:\/\/yoast.com\/product\/yoast-seo-wordpress\/ -->\n<title>Carne Fraca \u00e9 uma consequ\u00eancia de um pa\u00eds apodrecido - Notibras<\/title>\n<meta name=\"robots\" content=\"index, follow, max-snippet:-1, max-image-preview:large, max-video-preview:-1\" \/>\n<link rel=\"canonical\" href=\"https:\/\/www.notibras.com\/site\/carne-fraca-e-uma-consequencia-de-um-pais-apodrecido\/\" \/>\n<meta property=\"og:locale\" content=\"pt_BR\" \/>\n<meta property=\"og:type\" content=\"article\" \/>\n<meta property=\"og:title\" content=\"Carne Fraca \u00e9 uma consequ\u00eancia de um pa\u00eds apodrecido - Notibras\" \/>\n<meta property=\"og:description\" content=\"Luis Nassif A Opera\u00e7\u00e3o Carne Fraca, da Pol\u00edcia Federal, traz uma comprova\u00e7\u00e3o b\u00e1sica: o n\u00edvel de emburrecimento nacional \u00e9 invenc\u00edvel. O senso comum definitivamente se imp\u00f4s nas discuss\u00f5es p\u00fablicas. E n\u00e3o se trata apenas da atoarda que vem do Twitter e das redes sociais. O assustador \u00e9 que \u00f3rg\u00e3os centrais da Rep\u00fablica \u2013 como o [&hellip;]\" \/>\n<meta property=\"og:url\" content=\"https:\/\/www.notibras.com\/site\/carne-fraca-e-uma-consequencia-de-um-pais-apodrecido\/\" \/>\n<meta property=\"og:site_name\" content=\"Notibras\" \/>\n<meta property=\"article:publisher\" content=\"https:\/\/www.facebook.com\/notibras\/\" \/>\n<meta property=\"article:published_time\" content=\"2017-03-21T10:42:02+00:00\" \/>\n<meta property=\"article:modified_time\" content=\"2017-03-21T11:33:42+00:00\" \/>\n<meta property=\"og:image\" content=\"https:\/\/www.notibras.com\/site\/wp-content\/uploads\/2017\/03\/20170317142120378030o.jpg\" \/>\n\t<meta property=\"og:image:width\" content=\"750\" \/>\n\t<meta property=\"og:image:height\" content=\"411\" \/>\n\t<meta property=\"og:image:type\" content=\"image\/jpeg\" \/>\n<meta name=\"author\" content=\"Reda\u00e7\u00e3o\" \/>\n<meta name=\"twitter:card\" content=\"summary_large_image\" \/>\n<meta name=\"twitter:creator\" content=\"@Notibras\" \/>\n<meta name=\"twitter:site\" content=\"@Notibras\" \/>\n<meta name=\"twitter:label1\" content=\"Escrito por\" \/>\n\t<meta name=\"twitter:data1\" content=\"Reda\u00e7\u00e3o\" \/>\n\t<meta name=\"twitter:label2\" content=\"Est. tempo de leitura\" \/>\n\t<meta name=\"twitter:data2\" content=\"4 minutos\" \/>\n<script type=\"application\/ld+json\" class=\"yoast-schema-graph\">{\"@context\":\"https:\\\/\\\/schema.org\",\"@graph\":[{\"@type\":\"Article\",\"@id\":\"https:\\\/\\\/www.notibras.com\\\/site\\\/carne-fraca-e-uma-consequencia-de-um-pais-apodrecido\\\/#article\",\"isPartOf\":{\"@id\":\"https:\\\/\\\/www.notibras.com\\\/site\\\/carne-fraca-e-uma-consequencia-de-um-pais-apodrecido\\\/\"},\"author\":{\"name\":\"Reda\u00e7\u00e3o\",\"@id\":\"https:\\\/\\\/www.notibras.com\\\/site\\\/#\\\/schema\\\/person\\\/36ab0979449956132d3e5b517ea76ac8\"},\"headline\":\"Carne Fraca \u00e9 uma consequ\u00eancia de um pa\u00eds apodrecido\",\"datePublished\":\"2017-03-21T10:42:02+00:00\",\"dateModified\":\"2017-03-21T11:33:42+00:00\",\"mainEntityOfPage\":{\"@id\":\"https:\\\/\\\/www.notibras.com\\\/site\\\/carne-fraca-e-uma-consequencia-de-um-pais-apodrecido\\\/\"},\"wordCount\":757,\"commentCount\":0,\"publisher\":{\"@id\":\"https:\\\/\\\/www.notibras.com\\\/site\\\/#organization\"},\"image\":{\"@id\":\"https:\\\/\\\/www.notibras.com\\\/site\\\/carne-fraca-e-uma-consequencia-de-um-pais-apodrecido\\\/#primaryimage\"},\"thumbnailUrl\":\"https:\\\/\\\/www.notibras.com\\\/site\\\/wp-content\\\/uploads\\\/2017\\\/03\\\/20170317142120378030o.jpg\",\"articleSection\":[\"Opina a\u00ed\"],\"inLanguage\":\"pt-BR\",\"potentialAction\":[{\"@type\":\"CommentAction\",\"name\":\"Comment\",\"target\":[\"https:\\\/\\\/www.notibras.com\\\/site\\\/carne-fraca-e-uma-consequencia-de-um-pais-apodrecido\\\/#respond\"]}]},{\"@type\":\"WebPage\",\"@id\":\"https:\\\/\\\/www.notibras.com\\\/site\\\/carne-fraca-e-uma-consequencia-de-um-pais-apodrecido\\\/\",\"url\":\"https:\\\/\\\/www.notibras.com\\\/site\\\/carne-fraca-e-uma-consequencia-de-um-pais-apodrecido\\\/\",\"name\":\"Carne Fraca \u00e9 uma consequ\u00eancia de um pa\u00eds apodrecido - Notibras\",\"isPartOf\":{\"@id\":\"https:\\\/\\\/www.notibras.com\\\/site\\\/#website\"},\"primaryImageOfPage\":{\"@id\":\"https:\\\/\\\/www.notibras.com\\\/site\\\/carne-fraca-e-uma-consequencia-de-um-pais-apodrecido\\\/#primaryimage\"},\"image\":{\"@id\":\"https:\\\/\\\/www.notibras.com\\\/site\\\/carne-fraca-e-uma-consequencia-de-um-pais-apodrecido\\\/#primaryimage\"},\"thumbnailUrl\":\"https:\\\/\\\/www.notibras.com\\\/site\\\/wp-content\\\/uploads\\\/2017\\\/03\\\/20170317142120378030o.jpg\",\"datePublished\":\"2017-03-21T10:42:02+00:00\",\"dateModified\":\"2017-03-21T11:33:42+00:00\",\"breadcrumb\":{\"@id\":\"https:\\\/\\\/www.notibras.com\\\/site\\\/carne-fraca-e-uma-consequencia-de-um-pais-apodrecido\\\/#breadcrumb\"},\"inLanguage\":\"pt-BR\",\"potentialAction\":[{\"@type\":\"ReadAction\",\"target\":[\"https:\\\/\\\/www.notibras.com\\\/site\\\/carne-fraca-e-uma-consequencia-de-um-pais-apodrecido\\\/\"]}]},{\"@type\":\"ImageObject\",\"inLanguage\":\"pt-BR\",\"@id\":\"https:\\\/\\\/www.notibras.com\\\/site\\\/carne-fraca-e-uma-consequencia-de-um-pais-apodrecido\\\/#primaryimage\",\"url\":\"https:\\\/\\\/www.notibras.com\\\/site\\\/wp-content\\\/uploads\\\/2017\\\/03\\\/20170317142120378030o.jpg\",\"contentUrl\":\"https:\\\/\\\/www.notibras.com\\\/site\\\/wp-content\\\/uploads\\\/2017\\\/03\\\/20170317142120378030o.jpg\",\"width\":750,\"height\":411},{\"@type\":\"BreadcrumbList\",\"@id\":\"https:\\\/\\\/www.notibras.com\\\/site\\\/carne-fraca-e-uma-consequencia-de-um-pais-apodrecido\\\/#breadcrumb\",\"itemListElement\":[{\"@type\":\"ListItem\",\"position\":1,\"name\":\"In\u00edcio\",\"item\":\"https:\\\/\\\/www.notibras.com\\\/site\\\/\"},{\"@type\":\"ListItem\",\"position\":2,\"name\":\"Carne Fraca \u00e9 uma consequ\u00eancia de um pa\u00eds apodrecido\"}]},{\"@type\":\"WebSite\",\"@id\":\"https:\\\/\\\/www.notibras.com\\\/site\\\/#website\",\"url\":\"https:\\\/\\\/www.notibras.com\\\/site\\\/\",\"name\":\"Notibras\",\"description\":\"Not\u00edcias de Bras\u00edlia, do Brasil e do Mundo\",\"publisher\":{\"@id\":\"https:\\\/\\\/www.notibras.com\\\/site\\\/#organization\"},\"potentialAction\":[{\"@type\":\"SearchAction\",\"target\":{\"@type\":\"EntryPoint\",\"urlTemplate\":\"https:\\\/\\\/www.notibras.com\\\/site\\\/?s={search_term_string}\"},\"query-input\":{\"@type\":\"PropertyValueSpecification\",\"valueRequired\":true,\"valueName\":\"search_term_string\"}}],\"inLanguage\":\"pt-BR\"},{\"@type\":\"Organization\",\"@id\":\"https:\\\/\\\/www.notibras.com\\\/site\\\/#organization\",\"name\":\"Grupo Notibras de Comunica\u00e7\u00e3o\",\"url\":\"https:\\\/\\\/www.notibras.com\\\/site\\\/\",\"logo\":{\"@type\":\"ImageObject\",\"inLanguage\":\"pt-BR\",\"@id\":\"https:\\\/\\\/www.notibras.com\\\/site\\\/#\\\/schema\\\/logo\\\/image\\\/\",\"url\":\"https:\\\/\\\/www.notibras.com\\\/site\\\/wp-content\\\/uploads\\\/2023\\\/01\\\/notibras23.png\",\"contentUrl\":\"https:\\\/\\\/www.notibras.com\\\/site\\\/wp-content\\\/uploads\\\/2023\\\/01\\\/notibras23.png\",\"width\":350,\"height\":87,\"caption\":\"Grupo Notibras de Comunica\u00e7\u00e3o\"},\"image\":{\"@id\":\"https:\\\/\\\/www.notibras.com\\\/site\\\/#\\\/schema\\\/logo\\\/image\\\/\"},\"sameAs\":[\"https:\\\/\\\/www.facebook.com\\\/notibras\\\/\",\"https:\\\/\\\/x.com\\\/Notibras\",\"https:\\\/\\\/www.instagram.com\\\/notibras\\\/\"]},{\"@type\":\"Person\",\"@id\":\"https:\\\/\\\/www.notibras.com\\\/site\\\/#\\\/schema\\\/person\\\/36ab0979449956132d3e5b517ea76ac8\",\"name\":\"Reda\u00e7\u00e3o\",\"image\":{\"@type\":\"ImageObject\",\"inLanguage\":\"pt-BR\",\"@id\":\"https:\\\/\\\/secure.gravatar.com\\\/avatar\\\/e0a867bdedb85fd243eadf09663511f96fc81e0720a4a42581f334ad4303aa6b?s=96&d=mm&r=g\",\"url\":\"https:\\\/\\\/secure.gravatar.com\\\/avatar\\\/e0a867bdedb85fd243eadf09663511f96fc81e0720a4a42581f334ad4303aa6b?s=96&d=mm&r=g\",\"contentUrl\":\"https:\\\/\\\/secure.gravatar.com\\\/avatar\\\/e0a867bdedb85fd243eadf09663511f96fc81e0720a4a42581f334ad4303aa6b?s=96&d=mm&r=g\",\"caption\":\"Reda\u00e7\u00e3o\"}}]}<\/script>\n<!-- \/ Yoast SEO plugin. -->","yoast_head_json":{"title":"Carne Fraca \u00e9 uma consequ\u00eancia de um pa\u00eds apodrecido - Notibras","robots":{"index":"index","follow":"follow","max-snippet":"max-snippet:-1","max-image-preview":"max-image-preview:large","max-video-preview":"max-video-preview:-1"},"canonical":"https:\/\/www.notibras.com\/site\/carne-fraca-e-uma-consequencia-de-um-pais-apodrecido\/","og_locale":"pt_BR","og_type":"article","og_title":"Carne Fraca \u00e9 uma consequ\u00eancia de um pa\u00eds apodrecido - Notibras","og_description":"Luis Nassif A Opera\u00e7\u00e3o Carne Fraca, da Pol\u00edcia Federal, traz uma comprova\u00e7\u00e3o b\u00e1sica: o n\u00edvel de emburrecimento nacional \u00e9 invenc\u00edvel. O senso comum definitivamente se imp\u00f4s nas discuss\u00f5es p\u00fablicas. E n\u00e3o se trata apenas da atoarda que vem do Twitter e das redes sociais. O assustador \u00e9 que \u00f3rg\u00e3os centrais da Rep\u00fablica \u2013 como o [&hellip;]","og_url":"https:\/\/www.notibras.com\/site\/carne-fraca-e-uma-consequencia-de-um-pais-apodrecido\/","og_site_name":"Notibras","article_publisher":"https:\/\/www.facebook.com\/notibras\/","article_published_time":"2017-03-21T10:42:02+00:00","article_modified_time":"2017-03-21T11:33:42+00:00","og_image":[{"width":750,"height":411,"url":"https:\/\/www.notibras.com\/site\/wp-content\/uploads\/2017\/03\/20170317142120378030o.jpg","type":"image\/jpeg"}],"author":"Reda\u00e7\u00e3o","twitter_card":"summary_large_image","twitter_creator":"@Notibras","twitter_site":"@Notibras","twitter_misc":{"Escrito por":"Reda\u00e7\u00e3o","Est. tempo de leitura":"4 minutos"},"schema":{"@context":"https:\/\/schema.org","@graph":[{"@type":"Article","@id":"https:\/\/www.notibras.com\/site\/carne-fraca-e-uma-consequencia-de-um-pais-apodrecido\/#article","isPartOf":{"@id":"https:\/\/www.notibras.com\/site\/carne-fraca-e-uma-consequencia-de-um-pais-apodrecido\/"},"author":{"name":"Reda\u00e7\u00e3o","@id":"https:\/\/www.notibras.com\/site\/#\/schema\/person\/36ab0979449956132d3e5b517ea76ac8"},"headline":"Carne Fraca \u00e9 uma consequ\u00eancia de um pa\u00eds apodrecido","datePublished":"2017-03-21T10:42:02+00:00","dateModified":"2017-03-21T11:33:42+00:00","mainEntityOfPage":{"@id":"https:\/\/www.notibras.com\/site\/carne-fraca-e-uma-consequencia-de-um-pais-apodrecido\/"},"wordCount":757,"commentCount":0,"publisher":{"@id":"https:\/\/www.notibras.com\/site\/#organization"},"image":{"@id":"https:\/\/www.notibras.com\/site\/carne-fraca-e-uma-consequencia-de-um-pais-apodrecido\/#primaryimage"},"thumbnailUrl":"https:\/\/www.notibras.com\/site\/wp-content\/uploads\/2017\/03\/20170317142120378030o.jpg","articleSection":["Opina a\u00ed"],"inLanguage":"pt-BR","potentialAction":[{"@type":"CommentAction","name":"Comment","target":["https:\/\/www.notibras.com\/site\/carne-fraca-e-uma-consequencia-de-um-pais-apodrecido\/#respond"]}]},{"@type":"WebPage","@id":"https:\/\/www.notibras.com\/site\/carne-fraca-e-uma-consequencia-de-um-pais-apodrecido\/","url":"https:\/\/www.notibras.com\/site\/carne-fraca-e-uma-consequencia-de-um-pais-apodrecido\/","name":"Carne Fraca \u00e9 uma consequ\u00eancia de um pa\u00eds apodrecido - Notibras","isPartOf":{"@id":"https:\/\/www.notibras.com\/site\/#website"},"primaryImageOfPage":{"@id":"https:\/\/www.notibras.com\/site\/carne-fraca-e-uma-consequencia-de-um-pais-apodrecido\/#primaryimage"},"image":{"@id":"https:\/\/www.notibras.com\/site\/carne-fraca-e-uma-consequencia-de-um-pais-apodrecido\/#primaryimage"},"thumbnailUrl":"https:\/\/www.notibras.com\/site\/wp-content\/uploads\/2017\/03\/20170317142120378030o.jpg","datePublished":"2017-03-21T10:42:02+00:00","dateModified":"2017-03-21T11:33:42+00:00","breadcrumb":{"@id":"https:\/\/www.notibras.com\/site\/carne-fraca-e-uma-consequencia-de-um-pais-apodrecido\/#breadcrumb"},"inLanguage":"pt-BR","potentialAction":[{"@type":"ReadAction","target":["https:\/\/www.notibras.com\/site\/carne-fraca-e-uma-consequencia-de-um-pais-apodrecido\/"]}]},{"@type":"ImageObject","inLanguage":"pt-BR","@id":"https:\/\/www.notibras.com\/site\/carne-fraca-e-uma-consequencia-de-um-pais-apodrecido\/#primaryimage","url":"https:\/\/www.notibras.com\/site\/wp-content\/uploads\/2017\/03\/20170317142120378030o.jpg","contentUrl":"https:\/\/www.notibras.com\/site\/wp-content\/uploads\/2017\/03\/20170317142120378030o.jpg","width":750,"height":411},{"@type":"BreadcrumbList","@id":"https:\/\/www.notibras.com\/site\/carne-fraca-e-uma-consequencia-de-um-pais-apodrecido\/#breadcrumb","itemListElement":[{"@type":"ListItem","position":1,"name":"In\u00edcio","item":"https:\/\/www.notibras.com\/site\/"},{"@type":"ListItem","position":2,"name":"Carne Fraca \u00e9 uma consequ\u00eancia de um pa\u00eds apodrecido"}]},{"@type":"WebSite","@id":"https:\/\/www.notibras.com\/site\/#website","url":"https:\/\/www.notibras.com\/site\/","name":"Notibras","description":"Not\u00edcias de Bras\u00edlia, do Brasil e do Mundo","publisher":{"@id":"https:\/\/www.notibras.com\/site\/#organization"},"potentialAction":[{"@type":"SearchAction","target":{"@type":"EntryPoint","urlTemplate":"https:\/\/www.notibras.com\/site\/?s={search_term_string}"},"query-input":{"@type":"PropertyValueSpecification","valueRequired":true,"valueName":"search_term_string"}}],"inLanguage":"pt-BR"},{"@type":"Organization","@id":"https:\/\/www.notibras.com\/site\/#organization","name":"Grupo Notibras de Comunica\u00e7\u00e3o","url":"https:\/\/www.notibras.com\/site\/","logo":{"@type":"ImageObject","inLanguage":"pt-BR","@id":"https:\/\/www.notibras.com\/site\/#\/schema\/logo\/image\/","url":"https:\/\/www.notibras.com\/site\/wp-content\/uploads\/2023\/01\/notibras23.png","contentUrl":"https:\/\/www.notibras.com\/site\/wp-content\/uploads\/2023\/01\/notibras23.png","width":350,"height":87,"caption":"Grupo Notibras de Comunica\u00e7\u00e3o"},"image":{"@id":"https:\/\/www.notibras.com\/site\/#\/schema\/logo\/image\/"},"sameAs":["https:\/\/www.facebook.com\/notibras\/","https:\/\/x.com\/Notibras","https:\/\/www.instagram.com\/notibras\/"]},{"@type":"Person","@id":"https:\/\/www.notibras.com\/site\/#\/schema\/person\/36ab0979449956132d3e5b517ea76ac8","name":"Reda\u00e7\u00e3o","image":{"@type":"ImageObject","inLanguage":"pt-BR","@id":"https:\/\/secure.gravatar.com\/avatar\/e0a867bdedb85fd243eadf09663511f96fc81e0720a4a42581f334ad4303aa6b?s=96&d=mm&r=g","url":"https:\/\/secure.gravatar.com\/avatar\/e0a867bdedb85fd243eadf09663511f96fc81e0720a4a42581f334ad4303aa6b?s=96&d=mm&r=g","contentUrl":"https:\/\/secure.gravatar.com\/avatar\/e0a867bdedb85fd243eadf09663511f96fc81e0720a4a42581f334ad4303aa6b?s=96&d=mm&r=g","caption":"Reda\u00e7\u00e3o"}}]}},"amp_enabled":true,"_links":{"self":[{"href":"https:\/\/www.notibras.com\/site\/wp-json\/wp\/v2\/posts\/132608","targetHints":{"allow":["GET"]}}],"collection":[{"href":"https:\/\/www.notibras.com\/site\/wp-json\/wp\/v2\/posts"}],"about":[{"href":"https:\/\/www.notibras.com\/site\/wp-json\/wp\/v2\/types\/post"}],"author":[{"embeddable":true,"href":"https:\/\/www.notibras.com\/site\/wp-json\/wp\/v2\/users\/2"}],"replies":[{"embeddable":true,"href":"https:\/\/www.notibras.com\/site\/wp-json\/wp\/v2\/comments?post=132608"}],"version-history":[{"count":2,"href":"https:\/\/www.notibras.com\/site\/wp-json\/wp\/v2\/posts\/132608\/revisions"}],"predecessor-version":[{"id":132636,"href":"https:\/\/www.notibras.com\/site\/wp-json\/wp\/v2\/posts\/132608\/revisions\/132636"}],"wp:featuredmedia":[{"embeddable":true,"href":"https:\/\/www.notibras.com\/site\/wp-json\/wp\/v2\/media\/132609"}],"wp:attachment":[{"href":"https:\/\/www.notibras.com\/site\/wp-json\/wp\/v2\/media?parent=132608"}],"wp:term":[{"taxonomy":"category","embeddable":true,"href":"https:\/\/www.notibras.com\/site\/wp-json\/wp\/v2\/categories?post=132608"},{"taxonomy":"post_tag","embeddable":true,"href":"https:\/\/www.notibras.com\/site\/wp-json\/wp\/v2\/tags?post=132608"}],"curies":[{"name":"wp","href":"https:\/\/api.w.org\/{rel}","templated":true}]}}