{"id":132642,"date":"2017-03-21T12:05:37","date_gmt":"2017-03-21T15:05:37","guid":{"rendered":"http:\/\/www.notibras.com\/site\/?p=132642"},"modified":"2017-03-21T12:05:37","modified_gmt":"2017-03-21T15:05:37","slug":"nessa-crise-o-produtor-e-vitima-como-o-consumidor","status":"publish","type":"post","link":"https:\/\/www.notibras.com\/site\/nessa-crise-o-produtor-e-vitima-como-o-consumidor\/","title":{"rendered":"Nessa crise, o produtor \u00e9 v\u00edtima como o consumidor"},"content":{"rendered":"<p><strong>Jos\u00e9 M\u00e1rio Schreiner<\/strong><\/p>\n<p>\u201cO vazio criado pela incapacidade de se comunicar \u00e9 rapidamente preenchido por veneno, tolices e falsidades\u201d (Cyril Northcote Parkinson: 1909-1993)<\/p>\n<p>A ep\u00edgrafe acima reflete bem o momento de incertezas em que passa o pa\u00eds, onde as redes sociais encontram campo f\u00e9rtil para disseminar boatos e ampliar fatos. Informa\u00e7\u00f5es distorcidas e inver\u00eddicas sem o m\u00ednimo de apura\u00e7\u00e3o, chegam \u00e0s pessoas em tom jocoso ou alarmante. Esta corrente ampliou-se de tal modo, que coloca em risco anos de trabalho desenvolvimento num setor vital da economia brasileira: o agroneg\u00f3cio, principalmente a produ\u00e7\u00e3o de prote\u00edna animal.<\/p>\n<p>O setor pecu\u00e1rio prim\u00e1rio que produz a carne consumida pela popula\u00e7\u00e3o goiana e brasileira de modo geral, sem d\u00favidas, \u00e9 o mais seguro e sustent\u00e1vel de todo o mundo. Os pecuaristas goianos cumprem com responsabilidade todos os protocolos sanit\u00e1rios necess\u00e1rios para garantir a sa\u00fade dos rebanhos e a qualidade da carne produzida. Cumprem as mais exigentes legisla\u00e7\u00f5es de sa\u00fade animal e seguran\u00e7a alimentar, orientados por veterin\u00e1rios sob fiscaliza\u00e7\u00e3o rigorosa da Agrodefesa do estado.<\/p>\n<p>Somos o estado refer\u00eancia na pecu\u00e1ria brasileira com 115 unidades industriais de processamento das carnes bovina, su\u00edna e av\u00edcola. Dentre elas, 29 sob inspe\u00e7\u00e3o federal e 86 sob inspe\u00e7\u00e3o estadual. Deste total, apenas uma est\u00e1 sob investiga\u00e7\u00e3o. Temos no pa\u00eds, um rebanho aproximado de 363 milh\u00f5es de cabe\u00e7as bovinas, su\u00ednas e de aves (6% do total nacional), Goi\u00e1s produziu, em 2016, mais de 1,7 milh\u00e3o de toneladas de carne, sendo exportadas 443 mil toneladas, representando R$ 10 bilh\u00f5es de receita bruta, empregando direta e indiretamente perto de 40% da for\u00e7a de trabalho rural do estado.<\/p>\n<p>Das 4.800 unidades que processam carne no pa\u00eds, apenas 21 est\u00e3o sob investiga\u00e7\u00e3o. Ou seja, um n\u00famero muito pequeno para se generalizar sobre a qualidade de nosso produto para efeito de consumo e exporta\u00e7\u00f5es. N\u00e3o podemos destruir um setor vital para o desenvolvimento econ\u00f4mico e social do pa\u00eds e, principalmente de Goi\u00e1s, onde s\u00e3o gerados milh\u00f5es de empregos no campo e na cidade. A justi\u00e7a est\u00e1 cumprindo seu papel, afastando funcion\u00e1rios p\u00fablicos que negligenciaram em sua fun\u00e7\u00e3o de primar pela fiscaliza\u00e7\u00e3o de alimentos que v\u00e3o \u00e0 mesa do consumidor.<\/p>\n<p>Essa depura\u00e7\u00e3o na ind\u00fastria de processamento de prote\u00edna animal foi positiva, conferindo mais seguran\u00e7a ao consumidor em rela\u00e7\u00e3o \u00e0 carne goiana e brasileira. O produtor brasileiro e goiano \u00e9 t\u00e3o v\u00edtima quanto o consumidor. N\u00e3o \u00e9 poss\u00edvel nem aceit\u00e1vel gerar incertezas ou inseguran\u00e7a aos milh\u00f5es de consumidores de carne, sejam eles no Brasil ou no exterior por conta da irresponsabilidade de uma minoria \u00ednfima. Como bem lembrou o presidente Michel Temer: \u201cO agroneg\u00f3cio para n\u00f3s no Brasil \u00e9 uma coisa important\u00edssima e n\u00e3o pode ser desvalorizado por um pequeno n\u00facleo, uma coisa que ser\u00e1 menor, apur\u00e1vel, fiscaliz\u00e1vel, pun\u00edvel se for o caso, mas n\u00e3o pode comprometer todo o sistema que n\u00f3s montamos ao longo dos anos\u201d.<\/p>\n<p>A popula\u00e7\u00e3o goiana, brasileira e os mercados externos podem confiar: os produtores rurais conduzem o melhor sistema de produ\u00e7\u00e3o animal sustent\u00e1vel do planeta, oferecendo seguran\u00e7a absoluta aos consumidores. Reiteramos nossa confian\u00e7a na apura\u00e7\u00e3o dos desvios de conduta de funcion\u00e1rios p\u00fablicos respons\u00e1veis pela fiscaliza\u00e7\u00e3o, assim como aos empres\u00e1rios que colocam o lucro acima do bem coletivo. O governo por sua vez, deve continuar agindo com firmeza e vigor para que o consumidor tenha cada vez mais a seguran\u00e7a alimentar \u00e0 sua mesa.<\/p>\n","protected":false},"excerpt":{"rendered":"<p>Jos\u00e9 M\u00e1rio Schreiner \u201cO vazio criado pela incapacidade de se comunicar \u00e9 rapidamente preenchido por veneno, tolices e falsidades\u201d (Cyril Northcote Parkinson: 1909-1993) A ep\u00edgrafe acima reflete bem o momento de incertezas em que passa o pa\u00eds, onde as redes sociais encontram campo f\u00e9rtil para disseminar boatos e ampliar fatos. Informa\u00e7\u00f5es distorcidas e inver\u00eddicas sem [&hellip;]<\/p>\n","protected":false},"author":2,"featured_media":132643,"comment_status":"open","ping_status":"closed","sticky":false,"template":"","format":"standard","meta":{"_acf_changed":false,"footnotes":""},"categories":[25],"tags":[],"class_list":["post-132642","post","type-post","status-publish","format-standard","has-post-thumbnail","hentry","category-opina-ai"],"acf":[],"yoast_head":"<!-- This site is optimized with the Yoast SEO plugin v27.5 - https:\/\/yoast.com\/product\/yoast-seo-wordpress\/ -->\n<title>Nessa crise, o produtor \u00e9 v\u00edtima como o consumidor - Notibras<\/title>\n<meta name=\"robots\" content=\"index, follow, max-snippet:-1, max-image-preview:large, max-video-preview:-1\" \/>\n<link rel=\"canonical\" href=\"https:\/\/www.notibras.com\/site\/nessa-crise-o-produtor-e-vitima-como-o-consumidor\/\" \/>\n<meta property=\"og:locale\" content=\"pt_BR\" \/>\n<meta property=\"og:type\" content=\"article\" \/>\n<meta property=\"og:title\" content=\"Nessa crise, o produtor \u00e9 v\u00edtima como o consumidor - Notibras\" \/>\n<meta property=\"og:description\" content=\"Jos\u00e9 M\u00e1rio Schreiner \u201cO vazio criado pela incapacidade de se comunicar \u00e9 rapidamente preenchido por veneno, tolices e falsidades\u201d (Cyril Northcote Parkinson: 1909-1993) A ep\u00edgrafe acima reflete bem o momento de incertezas em que passa o pa\u00eds, onde as redes sociais encontram campo f\u00e9rtil para disseminar boatos e ampliar fatos. Informa\u00e7\u00f5es distorcidas e inver\u00eddicas sem [&hellip;]\" \/>\n<meta property=\"og:url\" content=\"https:\/\/www.notibras.com\/site\/nessa-crise-o-produtor-e-vitima-como-o-consumidor\/\" \/>\n<meta property=\"og:site_name\" content=\"Notibras\" \/>\n<meta property=\"article:publisher\" content=\"https:\/\/www.facebook.com\/notibras\/\" \/>\n<meta property=\"article:published_time\" content=\"2017-03-21T15:05:37+00:00\" \/>\n<meta property=\"og:image\" content=\"https:\/\/www.notibras.com\/site\/wp-content\/uploads\/2017\/03\/5430578.jpg\" \/>\n\t<meta property=\"og:image:width\" content=\"750\" \/>\n\t<meta property=\"og:image:height\" content=\"589\" \/>\n\t<meta property=\"og:image:type\" content=\"image\/jpeg\" \/>\n<meta name=\"author\" content=\"Reda\u00e7\u00e3o\" \/>\n<meta name=\"twitter:card\" content=\"summary_large_image\" \/>\n<meta name=\"twitter:creator\" content=\"@Notibras\" \/>\n<meta name=\"twitter:site\" content=\"@Notibras\" \/>\n<meta name=\"twitter:label1\" content=\"Escrito por\" \/>\n\t<meta name=\"twitter:data1\" content=\"Reda\u00e7\u00e3o\" \/>\n\t<meta name=\"twitter:label2\" content=\"Est. tempo de leitura\" \/>\n\t<meta name=\"twitter:data2\" content=\"3 minutos\" \/>\n<script type=\"application\/ld+json\" class=\"yoast-schema-graph\">{\"@context\":\"https:\\\/\\\/schema.org\",\"@graph\":[{\"@type\":\"Article\",\"@id\":\"https:\\\/\\\/www.notibras.com\\\/site\\\/nessa-crise-o-produtor-e-vitima-como-o-consumidor\\\/#article\",\"isPartOf\":{\"@id\":\"https:\\\/\\\/www.notibras.com\\\/site\\\/nessa-crise-o-produtor-e-vitima-como-o-consumidor\\\/\"},\"author\":{\"name\":\"Reda\u00e7\u00e3o\",\"@id\":\"https:\\\/\\\/www.notibras.com\\\/site\\\/#\\\/schema\\\/person\\\/36ab0979449956132d3e5b517ea76ac8\"},\"headline\":\"Nessa crise, o produtor \u00e9 v\u00edtima como o consumidor\",\"datePublished\":\"2017-03-21T15:05:37+00:00\",\"mainEntityOfPage\":{\"@id\":\"https:\\\/\\\/www.notibras.com\\\/site\\\/nessa-crise-o-produtor-e-vitima-como-o-consumidor\\\/\"},\"wordCount\":628,\"commentCount\":0,\"publisher\":{\"@id\":\"https:\\\/\\\/www.notibras.com\\\/site\\\/#organization\"},\"image\":{\"@id\":\"https:\\\/\\\/www.notibras.com\\\/site\\\/nessa-crise-o-produtor-e-vitima-como-o-consumidor\\\/#primaryimage\"},\"thumbnailUrl\":\"https:\\\/\\\/www.notibras.com\\\/site\\\/wp-content\\\/uploads\\\/2017\\\/03\\\/5430578.jpg\",\"articleSection\":[\"Opina a\u00ed\"],\"inLanguage\":\"pt-BR\",\"potentialAction\":[{\"@type\":\"CommentAction\",\"name\":\"Comment\",\"target\":[\"https:\\\/\\\/www.notibras.com\\\/site\\\/nessa-crise-o-produtor-e-vitima-como-o-consumidor\\\/#respond\"]}]},{\"@type\":\"WebPage\",\"@id\":\"https:\\\/\\\/www.notibras.com\\\/site\\\/nessa-crise-o-produtor-e-vitima-como-o-consumidor\\\/\",\"url\":\"https:\\\/\\\/www.notibras.com\\\/site\\\/nessa-crise-o-produtor-e-vitima-como-o-consumidor\\\/\",\"name\":\"Nessa crise, o produtor \u00e9 v\u00edtima como o consumidor - Notibras\",\"isPartOf\":{\"@id\":\"https:\\\/\\\/www.notibras.com\\\/site\\\/#website\"},\"primaryImageOfPage\":{\"@id\":\"https:\\\/\\\/www.notibras.com\\\/site\\\/nessa-crise-o-produtor-e-vitima-como-o-consumidor\\\/#primaryimage\"},\"image\":{\"@id\":\"https:\\\/\\\/www.notibras.com\\\/site\\\/nessa-crise-o-produtor-e-vitima-como-o-consumidor\\\/#primaryimage\"},\"thumbnailUrl\":\"https:\\\/\\\/www.notibras.com\\\/site\\\/wp-content\\\/uploads\\\/2017\\\/03\\\/5430578.jpg\",\"datePublished\":\"2017-03-21T15:05:37+00:00\",\"breadcrumb\":{\"@id\":\"https:\\\/\\\/www.notibras.com\\\/site\\\/nessa-crise-o-produtor-e-vitima-como-o-consumidor\\\/#breadcrumb\"},\"inLanguage\":\"pt-BR\",\"potentialAction\":[{\"@type\":\"ReadAction\",\"target\":[\"https:\\\/\\\/www.notibras.com\\\/site\\\/nessa-crise-o-produtor-e-vitima-como-o-consumidor\\\/\"]}]},{\"@type\":\"ImageObject\",\"inLanguage\":\"pt-BR\",\"@id\":\"https:\\\/\\\/www.notibras.com\\\/site\\\/nessa-crise-o-produtor-e-vitima-como-o-consumidor\\\/#primaryimage\",\"url\":\"https:\\\/\\\/www.notibras.com\\\/site\\\/wp-content\\\/uploads\\\/2017\\\/03\\\/5430578.jpg\",\"contentUrl\":\"https:\\\/\\\/www.notibras.com\\\/site\\\/wp-content\\\/uploads\\\/2017\\\/03\\\/5430578.jpg\",\"width\":750,\"height\":589},{\"@type\":\"BreadcrumbList\",\"@id\":\"https:\\\/\\\/www.notibras.com\\\/site\\\/nessa-crise-o-produtor-e-vitima-como-o-consumidor\\\/#breadcrumb\",\"itemListElement\":[{\"@type\":\"ListItem\",\"position\":1,\"name\":\"In\u00edcio\",\"item\":\"https:\\\/\\\/www.notibras.com\\\/site\\\/\"},{\"@type\":\"ListItem\",\"position\":2,\"name\":\"Nessa crise, o produtor \u00e9 v\u00edtima como o consumidor\"}]},{\"@type\":\"WebSite\",\"@id\":\"https:\\\/\\\/www.notibras.com\\\/site\\\/#website\",\"url\":\"https:\\\/\\\/www.notibras.com\\\/site\\\/\",\"name\":\"Notibras\",\"description\":\"Not\u00edcias de Bras\u00edlia, do Brasil e do Mundo\",\"publisher\":{\"@id\":\"https:\\\/\\\/www.notibras.com\\\/site\\\/#organization\"},\"potentialAction\":[{\"@type\":\"SearchAction\",\"target\":{\"@type\":\"EntryPoint\",\"urlTemplate\":\"https:\\\/\\\/www.notibras.com\\\/site\\\/?s={search_term_string}\"},\"query-input\":{\"@type\":\"PropertyValueSpecification\",\"valueRequired\":true,\"valueName\":\"search_term_string\"}}],\"inLanguage\":\"pt-BR\"},{\"@type\":\"Organization\",\"@id\":\"https:\\\/\\\/www.notibras.com\\\/site\\\/#organization\",\"name\":\"Grupo Notibras de Comunica\u00e7\u00e3o\",\"url\":\"https:\\\/\\\/www.notibras.com\\\/site\\\/\",\"logo\":{\"@type\":\"ImageObject\",\"inLanguage\":\"pt-BR\",\"@id\":\"https:\\\/\\\/www.notibras.com\\\/site\\\/#\\\/schema\\\/logo\\\/image\\\/\",\"url\":\"https:\\\/\\\/www.notibras.com\\\/site\\\/wp-content\\\/uploads\\\/2023\\\/01\\\/notibras23.png\",\"contentUrl\":\"https:\\\/\\\/www.notibras.com\\\/site\\\/wp-content\\\/uploads\\\/2023\\\/01\\\/notibras23.png\",\"width\":350,\"height\":87,\"caption\":\"Grupo Notibras de Comunica\u00e7\u00e3o\"},\"image\":{\"@id\":\"https:\\\/\\\/www.notibras.com\\\/site\\\/#\\\/schema\\\/logo\\\/image\\\/\"},\"sameAs\":[\"https:\\\/\\\/www.facebook.com\\\/notibras\\\/\",\"https:\\\/\\\/x.com\\\/Notibras\",\"https:\\\/\\\/www.instagram.com\\\/notibras\\\/\"]},{\"@type\":\"Person\",\"@id\":\"https:\\\/\\\/www.notibras.com\\\/site\\\/#\\\/schema\\\/person\\\/36ab0979449956132d3e5b517ea76ac8\",\"name\":\"Reda\u00e7\u00e3o\",\"image\":{\"@type\":\"ImageObject\",\"inLanguage\":\"pt-BR\",\"@id\":\"https:\\\/\\\/secure.gravatar.com\\\/avatar\\\/e0a867bdedb85fd243eadf09663511f96fc81e0720a4a42581f334ad4303aa6b?s=96&d=mm&r=g\",\"url\":\"https:\\\/\\\/secure.gravatar.com\\\/avatar\\\/e0a867bdedb85fd243eadf09663511f96fc81e0720a4a42581f334ad4303aa6b?s=96&d=mm&r=g\",\"contentUrl\":\"https:\\\/\\\/secure.gravatar.com\\\/avatar\\\/e0a867bdedb85fd243eadf09663511f96fc81e0720a4a42581f334ad4303aa6b?s=96&d=mm&r=g\",\"caption\":\"Reda\u00e7\u00e3o\"}}]}<\/script>\n<!-- \/ Yoast SEO plugin. -->","yoast_head_json":{"title":"Nessa crise, o produtor \u00e9 v\u00edtima como o consumidor - Notibras","robots":{"index":"index","follow":"follow","max-snippet":"max-snippet:-1","max-image-preview":"max-image-preview:large","max-video-preview":"max-video-preview:-1"},"canonical":"https:\/\/www.notibras.com\/site\/nessa-crise-o-produtor-e-vitima-como-o-consumidor\/","og_locale":"pt_BR","og_type":"article","og_title":"Nessa crise, o produtor \u00e9 v\u00edtima como o consumidor - Notibras","og_description":"Jos\u00e9 M\u00e1rio Schreiner \u201cO vazio criado pela incapacidade de se comunicar \u00e9 rapidamente preenchido por veneno, tolices e falsidades\u201d (Cyril Northcote Parkinson: 1909-1993) A ep\u00edgrafe acima reflete bem o momento de incertezas em que passa o pa\u00eds, onde as redes sociais encontram campo f\u00e9rtil para disseminar boatos e ampliar fatos. Informa\u00e7\u00f5es distorcidas e inver\u00eddicas sem [&hellip;]","og_url":"https:\/\/www.notibras.com\/site\/nessa-crise-o-produtor-e-vitima-como-o-consumidor\/","og_site_name":"Notibras","article_publisher":"https:\/\/www.facebook.com\/notibras\/","article_published_time":"2017-03-21T15:05:37+00:00","og_image":[{"width":750,"height":589,"url":"https:\/\/www.notibras.com\/site\/wp-content\/uploads\/2017\/03\/5430578.jpg","type":"image\/jpeg"}],"author":"Reda\u00e7\u00e3o","twitter_card":"summary_large_image","twitter_creator":"@Notibras","twitter_site":"@Notibras","twitter_misc":{"Escrito por":"Reda\u00e7\u00e3o","Est. tempo de leitura":"3 minutos"},"schema":{"@context":"https:\/\/schema.org","@graph":[{"@type":"Article","@id":"https:\/\/www.notibras.com\/site\/nessa-crise-o-produtor-e-vitima-como-o-consumidor\/#article","isPartOf":{"@id":"https:\/\/www.notibras.com\/site\/nessa-crise-o-produtor-e-vitima-como-o-consumidor\/"},"author":{"name":"Reda\u00e7\u00e3o","@id":"https:\/\/www.notibras.com\/site\/#\/schema\/person\/36ab0979449956132d3e5b517ea76ac8"},"headline":"Nessa crise, o produtor \u00e9 v\u00edtima como o consumidor","datePublished":"2017-03-21T15:05:37+00:00","mainEntityOfPage":{"@id":"https:\/\/www.notibras.com\/site\/nessa-crise-o-produtor-e-vitima-como-o-consumidor\/"},"wordCount":628,"commentCount":0,"publisher":{"@id":"https:\/\/www.notibras.com\/site\/#organization"},"image":{"@id":"https:\/\/www.notibras.com\/site\/nessa-crise-o-produtor-e-vitima-como-o-consumidor\/#primaryimage"},"thumbnailUrl":"https:\/\/www.notibras.com\/site\/wp-content\/uploads\/2017\/03\/5430578.jpg","articleSection":["Opina a\u00ed"],"inLanguage":"pt-BR","potentialAction":[{"@type":"CommentAction","name":"Comment","target":["https:\/\/www.notibras.com\/site\/nessa-crise-o-produtor-e-vitima-como-o-consumidor\/#respond"]}]},{"@type":"WebPage","@id":"https:\/\/www.notibras.com\/site\/nessa-crise-o-produtor-e-vitima-como-o-consumidor\/","url":"https:\/\/www.notibras.com\/site\/nessa-crise-o-produtor-e-vitima-como-o-consumidor\/","name":"Nessa crise, o produtor \u00e9 v\u00edtima como o consumidor - Notibras","isPartOf":{"@id":"https:\/\/www.notibras.com\/site\/#website"},"primaryImageOfPage":{"@id":"https:\/\/www.notibras.com\/site\/nessa-crise-o-produtor-e-vitima-como-o-consumidor\/#primaryimage"},"image":{"@id":"https:\/\/www.notibras.com\/site\/nessa-crise-o-produtor-e-vitima-como-o-consumidor\/#primaryimage"},"thumbnailUrl":"https:\/\/www.notibras.com\/site\/wp-content\/uploads\/2017\/03\/5430578.jpg","datePublished":"2017-03-21T15:05:37+00:00","breadcrumb":{"@id":"https:\/\/www.notibras.com\/site\/nessa-crise-o-produtor-e-vitima-como-o-consumidor\/#breadcrumb"},"inLanguage":"pt-BR","potentialAction":[{"@type":"ReadAction","target":["https:\/\/www.notibras.com\/site\/nessa-crise-o-produtor-e-vitima-como-o-consumidor\/"]}]},{"@type":"ImageObject","inLanguage":"pt-BR","@id":"https:\/\/www.notibras.com\/site\/nessa-crise-o-produtor-e-vitima-como-o-consumidor\/#primaryimage","url":"https:\/\/www.notibras.com\/site\/wp-content\/uploads\/2017\/03\/5430578.jpg","contentUrl":"https:\/\/www.notibras.com\/site\/wp-content\/uploads\/2017\/03\/5430578.jpg","width":750,"height":589},{"@type":"BreadcrumbList","@id":"https:\/\/www.notibras.com\/site\/nessa-crise-o-produtor-e-vitima-como-o-consumidor\/#breadcrumb","itemListElement":[{"@type":"ListItem","position":1,"name":"In\u00edcio","item":"https:\/\/www.notibras.com\/site\/"},{"@type":"ListItem","position":2,"name":"Nessa crise, o produtor \u00e9 v\u00edtima como o consumidor"}]},{"@type":"WebSite","@id":"https:\/\/www.notibras.com\/site\/#website","url":"https:\/\/www.notibras.com\/site\/","name":"Notibras","description":"Not\u00edcias de Bras\u00edlia, do Brasil e do Mundo","publisher":{"@id":"https:\/\/www.notibras.com\/site\/#organization"},"potentialAction":[{"@type":"SearchAction","target":{"@type":"EntryPoint","urlTemplate":"https:\/\/www.notibras.com\/site\/?s={search_term_string}"},"query-input":{"@type":"PropertyValueSpecification","valueRequired":true,"valueName":"search_term_string"}}],"inLanguage":"pt-BR"},{"@type":"Organization","@id":"https:\/\/www.notibras.com\/site\/#organization","name":"Grupo Notibras de Comunica\u00e7\u00e3o","url":"https:\/\/www.notibras.com\/site\/","logo":{"@type":"ImageObject","inLanguage":"pt-BR","@id":"https:\/\/www.notibras.com\/site\/#\/schema\/logo\/image\/","url":"https:\/\/www.notibras.com\/site\/wp-content\/uploads\/2023\/01\/notibras23.png","contentUrl":"https:\/\/www.notibras.com\/site\/wp-content\/uploads\/2023\/01\/notibras23.png","width":350,"height":87,"caption":"Grupo Notibras de Comunica\u00e7\u00e3o"},"image":{"@id":"https:\/\/www.notibras.com\/site\/#\/schema\/logo\/image\/"},"sameAs":["https:\/\/www.facebook.com\/notibras\/","https:\/\/x.com\/Notibras","https:\/\/www.instagram.com\/notibras\/"]},{"@type":"Person","@id":"https:\/\/www.notibras.com\/site\/#\/schema\/person\/36ab0979449956132d3e5b517ea76ac8","name":"Reda\u00e7\u00e3o","image":{"@type":"ImageObject","inLanguage":"pt-BR","@id":"https:\/\/secure.gravatar.com\/avatar\/e0a867bdedb85fd243eadf09663511f96fc81e0720a4a42581f334ad4303aa6b?s=96&d=mm&r=g","url":"https:\/\/secure.gravatar.com\/avatar\/e0a867bdedb85fd243eadf09663511f96fc81e0720a4a42581f334ad4303aa6b?s=96&d=mm&r=g","contentUrl":"https:\/\/secure.gravatar.com\/avatar\/e0a867bdedb85fd243eadf09663511f96fc81e0720a4a42581f334ad4303aa6b?s=96&d=mm&r=g","caption":"Reda\u00e7\u00e3o"}}]}},"amp_enabled":true,"_links":{"self":[{"href":"https:\/\/www.notibras.com\/site\/wp-json\/wp\/v2\/posts\/132642","targetHints":{"allow":["GET"]}}],"collection":[{"href":"https:\/\/www.notibras.com\/site\/wp-json\/wp\/v2\/posts"}],"about":[{"href":"https:\/\/www.notibras.com\/site\/wp-json\/wp\/v2\/types\/post"}],"author":[{"embeddable":true,"href":"https:\/\/www.notibras.com\/site\/wp-json\/wp\/v2\/users\/2"}],"replies":[{"embeddable":true,"href":"https:\/\/www.notibras.com\/site\/wp-json\/wp\/v2\/comments?post=132642"}],"version-history":[{"count":1,"href":"https:\/\/www.notibras.com\/site\/wp-json\/wp\/v2\/posts\/132642\/revisions"}],"predecessor-version":[{"id":132644,"href":"https:\/\/www.notibras.com\/site\/wp-json\/wp\/v2\/posts\/132642\/revisions\/132644"}],"wp:featuredmedia":[{"embeddable":true,"href":"https:\/\/www.notibras.com\/site\/wp-json\/wp\/v2\/media\/132643"}],"wp:attachment":[{"href":"https:\/\/www.notibras.com\/site\/wp-json\/wp\/v2\/media?parent=132642"}],"wp:term":[{"taxonomy":"category","embeddable":true,"href":"https:\/\/www.notibras.com\/site\/wp-json\/wp\/v2\/categories?post=132642"},{"taxonomy":"post_tag","embeddable":true,"href":"https:\/\/www.notibras.com\/site\/wp-json\/wp\/v2\/tags?post=132642"}],"curies":[{"name":"wp","href":"https:\/\/api.w.org\/{rel}","templated":true}]}}