{"id":132907,"date":"2017-03-23T10:09:18","date_gmt":"2017-03-23T13:09:18","guid":{"rendered":"http:\/\/www.notibras.com\/site\/?p=132907"},"modified":"2017-03-23T10:10:08","modified_gmt":"2017-03-23T13:10:08","slug":"ate-onde-gilmar-consegue-ir-em-maio-tantas-manobras","status":"publish","type":"post","link":"https:\/\/www.notibras.com\/site\/ate-onde-gilmar-consegue-ir-em-maio-tantas-manobras\/","title":{"rendered":"At\u00e9 onde Gilmar consegue ir em meio a tantas manobras?"},"content":{"rendered":"<p><strong>Roberto Tardelli<\/strong><\/p>\n<p>H\u00e1 uma invers\u00e3o perversa na formula\u00e7\u00e3o do Ministro Gilmar Mendes, que abriu a estrada para que o Caixa 2, recursos extra-numer\u00e1rios, n\u00e3o-contabilizados, ganhassem o direito a uma anistia amiga.<\/p>\n<p>At\u00e9 que ponto o Ministro \u00e9 cidad\u00e3o? Ele tem direito a time de futebol, tem direito a amar perdidamente, tem direito a andar pela praia, at\u00e9 o Leblon. Tem direito a embebedar-se naqueles dias em que a vida deixa de valer a pena, tem direito a cantar no banheiro, tem direito a gritar um palavr\u00e3o, tem direito a um churrasco com amigos, tem direito a sentar-se no cinema ou no teatro sozinho e n\u00e3o ser incomodado.<\/p>\n<p>Tem direito a tocar ou ouvir um viol\u00e3o. Pode dan\u00e7ar na gafieira, pode cozinhar, pode escrever poemas, pode at\u00e9 mentir sobre o que n\u00e3o fez e diz ter feito, pode contar vantagens, pode ostentar o anel, a amante ou o carr\u00e3o. Pode pensar que ningu\u00e9m \u00e9 melhor do ele, pode sentir que ningu\u00e9m \u00e9 pior do que ele. Pode ter manias, TOC, pode jamais descer num quinto andar, por exemplo, ou, nunca, por nada nesse planeta, deixar um quadro inclinado na parede. Pode sentir saudades.<\/p>\n<p>Pode voltar sozinho, para onde foi acompanhado. Pode perder no jogo e no amor, pode ganhar no jogo ou vice versa. Pode ter um c\u00e3o ou gato, que o receba, como nos recebem esses nossos companheiros silenciosos. Pode ver a meia-noite, com um copo de whisky nas m\u00e3os, ouvindo a m\u00fasica que apenas existe em seu mundo mais remoto. Pode querer saber que raios virou seu melhor amigo de inf\u00e2ncia, aquele um ao lado de quem sonhava com o mundo adulto, idealizado e feliz.<\/p>\n<p>Na fun\u00e7\u00e3o que enverga, de integrar uma corte que tem por finalidade dizer a \u00faltima palavra, o Supremo Tribunal. Me lembro do primeiro Supremo que vi, era crian\u00e7a e minha m\u00e3e colocou \u00e0 mesa do domingo o Supremo de Frango, para comemorar os anos de meu irm\u00e3o. Um tio, corintiano at\u00e9 a alma e al\u00e9m da alma, me dizia que Rivelino era um craque Supremo. Cresci e Supremos eram os seios de uma vizinha, que jamais me notou, bem mais velha, naquela fase da vida em que dois anos seriam capazes de separar gera\u00e7\u00f5es.<\/p>\n<p>S\u00f3 grande j\u00e1, soube que havia um Tribunal Supremo; depois dele, nada, depois dele, o vale sombrio da for\u00e7a bruta. Naqueles dias de ditadura militar, Ministros do Supremo, o mesmo nosso Supremo, davam exemplos hist\u00f3ricos do que poderia ser independ\u00eancia e dignidade. Pouco se falava de Supremo, quase ningu\u00e9m sabia da exist\u00eancia de um Supremo t\u00e3o Supremo que nada havia que o superasse.<\/p>\n<p>Uma esp\u00e9cie de grande pai, que desse a \u00faltima palavra sobre tudo, qualquer coisa, um professor amea\u00e7ava: podem at\u00e9 dizer que o quadrado \u00e9 redondo. T\u00e3o supremo que revogava as linhas geom\u00e9tricas. Pensava no Supremo frango de minha m\u00e3e, com creme de milho.<\/p>\n<p>O Supremo que conheci era aterrador porque era silencioso, s\u00f3 rompendo seu mutismo em estranhos debates, que, por serem supremos, jamais poderiam ser debates. Os Supremos ju\u00edzes debatendo entre si era uma vis\u00e3o que eu n\u00e3o alcan\u00e7ava, muito no Olimpo para um rec\u00e9m-formado, no interior do estado. Uma vez, uma \u00fanica vez, um deles foi a uma Semana Jur\u00eddica, que recome\u00e7ava timidamente, no fim da ditadura. Descobri que existiam al\u00e9m das abstra\u00e7\u00f5es jur\u00eddicas.<\/p>\n<p>A voz suprema calava as outras vozes, impunha ordem ao ambiente e o quadrado e o seu redondo que se virassem nas novas identidades trocadas. Todavia, era sempre a \u00faltima palavra.<\/p>\n<p>Parece um bolero e \u00e9 mesmo um bolero jur\u00eddico: a \u00daltima Palavra, capaz de calar os Doutos, capaz de silenciar os hermeneutas, capaz de vergar a Constitui\u00e7\u00e3o ao que dela os Supremos Ju\u00edzes extra\u00edram. Depois do vozerio, da algazarra das crian\u00e7as, do falat\u00f3rio dos bachar\u00e9is, els imp\u00f5em a \u00faltima palavra.<\/p>\n<p>Por isso, \u00e9 assustador quando um deles, desgarrado, ao inv\u00e9s de solucionar o impasse, cria-o. Gilmar Mendes abriu a cena e criou o impasse, trouxe a disc\u00f3rdia, plantou a desaven\u00e7a. Na pol\u00eamica que criou acerca dessa praga eleitoreira, chamada Caixa 2, o Ministro deixou de s\u00ea-lo, indo al\u00e9m do que as fronteiras de seu jardim permitiriam.<\/p>\n<p>Ele avan\u00e7ou o sinal e n\u00e3o deixou sua opini\u00e3o, que somente existiria em sua cadeira suprema; fora dela, o que ele exerceu foi abuso de poder, porque n\u00e3o se adiantou, mas abriu o caminho para que se operasse a mais atroz maldi\u00e7\u00e3o jur\u00eddica: o seletivismo, o que n\u00e3o se permite a alguns, ser\u00e1 permitido a outros, que est\u00e3o mais pr\u00f3ximos do banquete em que se devora a leitoa gorda do poder.<\/p>\n<p>Para alguns, os deserdados, os despejados, os expulsos, o caixa 2 \u00e9 crime, gerou pris\u00f5es, gerou uma a\u00e7\u00e3o penal midi\u00e1tica, a primeira; gerou o primeiro super-juiz, um que mandou exatamente Gilmar Mendes ouvir as ruas, porque j\u00e1 conseguia ouvir os sons do processo, os gritos de dor dos advogados e daqueles que viam claramente que o som das ruas era, em verdade, um exerc\u00edcio de ventriloquia de massa.<\/p>\n<p>Todos sa\u00edmos de nossos anonimatos, indo aos bra\u00e7os da redes sociais, que parecem teriam suprimido as solid\u00f5es humanas, afinal, sempre haver\u00e1 algu\u00e9m disposto a nos ouvir. Os ju\u00edzes, supremos ou n\u00e3o, foram a elas e as tornaram destinat\u00e1rias de suas opini\u00f5es, dadas fora de qualquer \u00e2mbito de discuss\u00e3o processual.<\/p>\n<p>A antecipa\u00e7\u00e3o da opini\u00e3o nas redes sociais cria um frissom, um suspense. Ser\u00e1 que ele vai decidir conforme prometeu? Ser\u00e1 que n\u00e3o? Os advogados, sabendo a opini\u00e3o do juiz, como far\u00e3o? O r\u00e9u, vendo anunciada sua execra\u00e7\u00e3o antecipadamente, ir\u00e1 preparar uma roupa ou frase para a ocasi\u00e3o? Todos eles sonham com William Bonner pronunciando vagarosamente seus nomes, naquela silaba\u00e7\u00e3o moralizadora, a voz bar\u00edtona, todos na sala.<\/p>\n<p>O Supremo Juiz disse o que seus admiradores esperavam? Os jornais ir\u00e3o estampar a manchete esperada? Os lobos ter\u00e3o sua cota de carne humana fresca, como sempre tiveram? Para apimentar, uma not\u00edcia sobre alguma conjugalidade tra\u00edda vir\u00e1 de brinde?<\/p>\n<p>Quando ele se adianta, que abalos provoca? Quando aquele que d\u00e1 a \u00faltima palavra manda os escr\u00fapulos \u00e0s favas, como tanto j\u00e1 se mandou nesse imenso e continental hosp\u00edcio, profere a primeira, o que ocorrer\u00e1? Que teoria da conspira\u00e7\u00e3o se alimentar\u00e1? Foi um recado para algu\u00e9m, t\u00e3o importante que fez o Ministro dar a primeira palavra? T\u00e3o bacana que mereceu ser avisado antes. Algu\u00e9m dormiu tranquilo, outros vararam a noite, incr\u00e9dulos diante da puni\u00e7\u00e3o que sofreram.<\/p>\n","protected":false},"excerpt":{"rendered":"<p>Roberto Tardelli H\u00e1 uma invers\u00e3o perversa na formula\u00e7\u00e3o do Ministro Gilmar Mendes, que abriu a estrada para que o Caixa 2, recursos extra-numer\u00e1rios, n\u00e3o-contabilizados, ganhassem o direito a uma anistia amiga. At\u00e9 que ponto o Ministro \u00e9 cidad\u00e3o? Ele tem direito a time de futebol, tem direito a amar perdidamente, tem direito a andar pela [&hellip;]<\/p>\n","protected":false},"author":2,"featured_media":132908,"comment_status":"open","ping_status":"closed","sticky":false,"template":"","format":"standard","meta":{"_acf_changed":false,"footnotes":""},"categories":[25],"tags":[],"class_list":["post-132907","post","type-post","status-publish","format-standard","has-post-thumbnail","hentry","category-opina-ai"],"acf":[],"yoast_head":"<!-- This site is optimized with the Yoast SEO plugin v27.5 - https:\/\/yoast.com\/product\/yoast-seo-wordpress\/ -->\n<title>At\u00e9 onde Gilmar consegue ir em meio a tantas manobras? - Notibras<\/title>\n<meta name=\"robots\" content=\"index, follow, max-snippet:-1, max-image-preview:large, max-video-preview:-1\" \/>\n<link rel=\"canonical\" href=\"https:\/\/www.notibras.com\/site\/ate-onde-gilmar-consegue-ir-em-maio-tantas-manobras\/\" \/>\n<meta property=\"og:locale\" content=\"pt_BR\" \/>\n<meta property=\"og:type\" content=\"article\" \/>\n<meta property=\"og:title\" content=\"At\u00e9 onde Gilmar consegue ir em meio a tantas manobras? - Notibras\" \/>\n<meta property=\"og:description\" content=\"Roberto Tardelli H\u00e1 uma invers\u00e3o perversa na formula\u00e7\u00e3o do Ministro Gilmar Mendes, que abriu a estrada para que o Caixa 2, recursos extra-numer\u00e1rios, n\u00e3o-contabilizados, ganhassem o direito a uma anistia amiga. At\u00e9 que ponto o Ministro \u00e9 cidad\u00e3o? Ele tem direito a time de futebol, tem direito a amar perdidamente, tem direito a andar pela [&hellip;]\" \/>\n<meta property=\"og:url\" content=\"https:\/\/www.notibras.com\/site\/ate-onde-gilmar-consegue-ir-em-maio-tantas-manobras\/\" \/>\n<meta property=\"og:site_name\" content=\"Notibras\" \/>\n<meta property=\"article:publisher\" content=\"https:\/\/www.facebook.com\/notibras\/\" \/>\n<meta property=\"article:published_time\" content=\"2017-03-23T13:09:18+00:00\" \/>\n<meta property=\"article:modified_time\" content=\"2017-03-23T13:10:08+00:00\" \/>\n<meta property=\"og:image\" content=\"https:\/\/www.notibras.com\/site\/wp-content\/uploads\/2017\/03\/gilmar-mendes-1.jpg\" \/>\n\t<meta property=\"og:image:width\" content=\"820\" \/>\n\t<meta property=\"og:image:height\" content=\"547\" \/>\n\t<meta property=\"og:image:type\" content=\"image\/jpeg\" \/>\n<meta name=\"author\" content=\"Reda\u00e7\u00e3o\" \/>\n<meta name=\"twitter:card\" content=\"summary_large_image\" \/>\n<meta name=\"twitter:creator\" content=\"@Notibras\" \/>\n<meta name=\"twitter:site\" content=\"@Notibras\" \/>\n<meta name=\"twitter:label1\" content=\"Escrito por\" \/>\n\t<meta name=\"twitter:data1\" content=\"Reda\u00e7\u00e3o\" \/>\n\t<meta name=\"twitter:label2\" content=\"Est. tempo de leitura\" \/>\n\t<meta name=\"twitter:data2\" content=\"6 minutos\" \/>\n<script type=\"application\/ld+json\" class=\"yoast-schema-graph\">{\"@context\":\"https:\\\/\\\/schema.org\",\"@graph\":[{\"@type\":\"Article\",\"@id\":\"https:\\\/\\\/www.notibras.com\\\/site\\\/ate-onde-gilmar-consegue-ir-em-maio-tantas-manobras\\\/#article\",\"isPartOf\":{\"@id\":\"https:\\\/\\\/www.notibras.com\\\/site\\\/ate-onde-gilmar-consegue-ir-em-maio-tantas-manobras\\\/\"},\"author\":{\"name\":\"Reda\u00e7\u00e3o\",\"@id\":\"https:\\\/\\\/www.notibras.com\\\/site\\\/#\\\/schema\\\/person\\\/36ab0979449956132d3e5b517ea76ac8\"},\"headline\":\"At\u00e9 onde Gilmar consegue ir em meio a tantas manobras?\",\"datePublished\":\"2017-03-23T13:09:18+00:00\",\"dateModified\":\"2017-03-23T13:10:08+00:00\",\"mainEntityOfPage\":{\"@id\":\"https:\\\/\\\/www.notibras.com\\\/site\\\/ate-onde-gilmar-consegue-ir-em-maio-tantas-manobras\\\/\"},\"wordCount\":1157,\"commentCount\":0,\"publisher\":{\"@id\":\"https:\\\/\\\/www.notibras.com\\\/site\\\/#organization\"},\"image\":{\"@id\":\"https:\\\/\\\/www.notibras.com\\\/site\\\/ate-onde-gilmar-consegue-ir-em-maio-tantas-manobras\\\/#primaryimage\"},\"thumbnailUrl\":\"https:\\\/\\\/www.notibras.com\\\/site\\\/wp-content\\\/uploads\\\/2017\\\/03\\\/gilmar-mendes-1.jpg\",\"articleSection\":[\"Opina a\u00ed\"],\"inLanguage\":\"pt-BR\",\"potentialAction\":[{\"@type\":\"CommentAction\",\"name\":\"Comment\",\"target\":[\"https:\\\/\\\/www.notibras.com\\\/site\\\/ate-onde-gilmar-consegue-ir-em-maio-tantas-manobras\\\/#respond\"]}]},{\"@type\":\"WebPage\",\"@id\":\"https:\\\/\\\/www.notibras.com\\\/site\\\/ate-onde-gilmar-consegue-ir-em-maio-tantas-manobras\\\/\",\"url\":\"https:\\\/\\\/www.notibras.com\\\/site\\\/ate-onde-gilmar-consegue-ir-em-maio-tantas-manobras\\\/\",\"name\":\"At\u00e9 onde Gilmar consegue ir em meio a tantas manobras? - Notibras\",\"isPartOf\":{\"@id\":\"https:\\\/\\\/www.notibras.com\\\/site\\\/#website\"},\"primaryImageOfPage\":{\"@id\":\"https:\\\/\\\/www.notibras.com\\\/site\\\/ate-onde-gilmar-consegue-ir-em-maio-tantas-manobras\\\/#primaryimage\"},\"image\":{\"@id\":\"https:\\\/\\\/www.notibras.com\\\/site\\\/ate-onde-gilmar-consegue-ir-em-maio-tantas-manobras\\\/#primaryimage\"},\"thumbnailUrl\":\"https:\\\/\\\/www.notibras.com\\\/site\\\/wp-content\\\/uploads\\\/2017\\\/03\\\/gilmar-mendes-1.jpg\",\"datePublished\":\"2017-03-23T13:09:18+00:00\",\"dateModified\":\"2017-03-23T13:10:08+00:00\",\"breadcrumb\":{\"@id\":\"https:\\\/\\\/www.notibras.com\\\/site\\\/ate-onde-gilmar-consegue-ir-em-maio-tantas-manobras\\\/#breadcrumb\"},\"inLanguage\":\"pt-BR\",\"potentialAction\":[{\"@type\":\"ReadAction\",\"target\":[\"https:\\\/\\\/www.notibras.com\\\/site\\\/ate-onde-gilmar-consegue-ir-em-maio-tantas-manobras\\\/\"]}]},{\"@type\":\"ImageObject\",\"inLanguage\":\"pt-BR\",\"@id\":\"https:\\\/\\\/www.notibras.com\\\/site\\\/ate-onde-gilmar-consegue-ir-em-maio-tantas-manobras\\\/#primaryimage\",\"url\":\"https:\\\/\\\/www.notibras.com\\\/site\\\/wp-content\\\/uploads\\\/2017\\\/03\\\/gilmar-mendes-1.jpg\",\"contentUrl\":\"https:\\\/\\\/www.notibras.com\\\/site\\\/wp-content\\\/uploads\\\/2017\\\/03\\\/gilmar-mendes-1.jpg\",\"width\":820,\"height\":547},{\"@type\":\"BreadcrumbList\",\"@id\":\"https:\\\/\\\/www.notibras.com\\\/site\\\/ate-onde-gilmar-consegue-ir-em-maio-tantas-manobras\\\/#breadcrumb\",\"itemListElement\":[{\"@type\":\"ListItem\",\"position\":1,\"name\":\"In\u00edcio\",\"item\":\"https:\\\/\\\/www.notibras.com\\\/site\\\/\"},{\"@type\":\"ListItem\",\"position\":2,\"name\":\"At\u00e9 onde Gilmar consegue ir em meio a tantas manobras?\"}]},{\"@type\":\"WebSite\",\"@id\":\"https:\\\/\\\/www.notibras.com\\\/site\\\/#website\",\"url\":\"https:\\\/\\\/www.notibras.com\\\/site\\\/\",\"name\":\"Notibras\",\"description\":\"Not\u00edcias de Bras\u00edlia, do Brasil e do Mundo\",\"publisher\":{\"@id\":\"https:\\\/\\\/www.notibras.com\\\/site\\\/#organization\"},\"potentialAction\":[{\"@type\":\"SearchAction\",\"target\":{\"@type\":\"EntryPoint\",\"urlTemplate\":\"https:\\\/\\\/www.notibras.com\\\/site\\\/?s={search_term_string}\"},\"query-input\":{\"@type\":\"PropertyValueSpecification\",\"valueRequired\":true,\"valueName\":\"search_term_string\"}}],\"inLanguage\":\"pt-BR\"},{\"@type\":\"Organization\",\"@id\":\"https:\\\/\\\/www.notibras.com\\\/site\\\/#organization\",\"name\":\"Grupo Notibras de Comunica\u00e7\u00e3o\",\"url\":\"https:\\\/\\\/www.notibras.com\\\/site\\\/\",\"logo\":{\"@type\":\"ImageObject\",\"inLanguage\":\"pt-BR\",\"@id\":\"https:\\\/\\\/www.notibras.com\\\/site\\\/#\\\/schema\\\/logo\\\/image\\\/\",\"url\":\"https:\\\/\\\/www.notibras.com\\\/site\\\/wp-content\\\/uploads\\\/2023\\\/01\\\/notibras23.png\",\"contentUrl\":\"https:\\\/\\\/www.notibras.com\\\/site\\\/wp-content\\\/uploads\\\/2023\\\/01\\\/notibras23.png\",\"width\":350,\"height\":87,\"caption\":\"Grupo Notibras de Comunica\u00e7\u00e3o\"},\"image\":{\"@id\":\"https:\\\/\\\/www.notibras.com\\\/site\\\/#\\\/schema\\\/logo\\\/image\\\/\"},\"sameAs\":[\"https:\\\/\\\/www.facebook.com\\\/notibras\\\/\",\"https:\\\/\\\/x.com\\\/Notibras\",\"https:\\\/\\\/www.instagram.com\\\/notibras\\\/\"]},{\"@type\":\"Person\",\"@id\":\"https:\\\/\\\/www.notibras.com\\\/site\\\/#\\\/schema\\\/person\\\/36ab0979449956132d3e5b517ea76ac8\",\"name\":\"Reda\u00e7\u00e3o\",\"image\":{\"@type\":\"ImageObject\",\"inLanguage\":\"pt-BR\",\"@id\":\"https:\\\/\\\/secure.gravatar.com\\\/avatar\\\/e0a867bdedb85fd243eadf09663511f96fc81e0720a4a42581f334ad4303aa6b?s=96&d=mm&r=g\",\"url\":\"https:\\\/\\\/secure.gravatar.com\\\/avatar\\\/e0a867bdedb85fd243eadf09663511f96fc81e0720a4a42581f334ad4303aa6b?s=96&d=mm&r=g\",\"contentUrl\":\"https:\\\/\\\/secure.gravatar.com\\\/avatar\\\/e0a867bdedb85fd243eadf09663511f96fc81e0720a4a42581f334ad4303aa6b?s=96&d=mm&r=g\",\"caption\":\"Reda\u00e7\u00e3o\"}}]}<\/script>\n<!-- \/ Yoast SEO plugin. -->","yoast_head_json":{"title":"At\u00e9 onde Gilmar consegue ir em meio a tantas manobras? - Notibras","robots":{"index":"index","follow":"follow","max-snippet":"max-snippet:-1","max-image-preview":"max-image-preview:large","max-video-preview":"max-video-preview:-1"},"canonical":"https:\/\/www.notibras.com\/site\/ate-onde-gilmar-consegue-ir-em-maio-tantas-manobras\/","og_locale":"pt_BR","og_type":"article","og_title":"At\u00e9 onde Gilmar consegue ir em meio a tantas manobras? - Notibras","og_description":"Roberto Tardelli H\u00e1 uma invers\u00e3o perversa na formula\u00e7\u00e3o do Ministro Gilmar Mendes, que abriu a estrada para que o Caixa 2, recursos extra-numer\u00e1rios, n\u00e3o-contabilizados, ganhassem o direito a uma anistia amiga. At\u00e9 que ponto o Ministro \u00e9 cidad\u00e3o? Ele tem direito a time de futebol, tem direito a amar perdidamente, tem direito a andar pela [&hellip;]","og_url":"https:\/\/www.notibras.com\/site\/ate-onde-gilmar-consegue-ir-em-maio-tantas-manobras\/","og_site_name":"Notibras","article_publisher":"https:\/\/www.facebook.com\/notibras\/","article_published_time":"2017-03-23T13:09:18+00:00","article_modified_time":"2017-03-23T13:10:08+00:00","og_image":[{"width":820,"height":547,"url":"https:\/\/www.notibras.com\/site\/wp-content\/uploads\/2017\/03\/gilmar-mendes-1.jpg","type":"image\/jpeg"}],"author":"Reda\u00e7\u00e3o","twitter_card":"summary_large_image","twitter_creator":"@Notibras","twitter_site":"@Notibras","twitter_misc":{"Escrito por":"Reda\u00e7\u00e3o","Est. tempo de leitura":"6 minutos"},"schema":{"@context":"https:\/\/schema.org","@graph":[{"@type":"Article","@id":"https:\/\/www.notibras.com\/site\/ate-onde-gilmar-consegue-ir-em-maio-tantas-manobras\/#article","isPartOf":{"@id":"https:\/\/www.notibras.com\/site\/ate-onde-gilmar-consegue-ir-em-maio-tantas-manobras\/"},"author":{"name":"Reda\u00e7\u00e3o","@id":"https:\/\/www.notibras.com\/site\/#\/schema\/person\/36ab0979449956132d3e5b517ea76ac8"},"headline":"At\u00e9 onde Gilmar consegue ir em meio a tantas manobras?","datePublished":"2017-03-23T13:09:18+00:00","dateModified":"2017-03-23T13:10:08+00:00","mainEntityOfPage":{"@id":"https:\/\/www.notibras.com\/site\/ate-onde-gilmar-consegue-ir-em-maio-tantas-manobras\/"},"wordCount":1157,"commentCount":0,"publisher":{"@id":"https:\/\/www.notibras.com\/site\/#organization"},"image":{"@id":"https:\/\/www.notibras.com\/site\/ate-onde-gilmar-consegue-ir-em-maio-tantas-manobras\/#primaryimage"},"thumbnailUrl":"https:\/\/www.notibras.com\/site\/wp-content\/uploads\/2017\/03\/gilmar-mendes-1.jpg","articleSection":["Opina a\u00ed"],"inLanguage":"pt-BR","potentialAction":[{"@type":"CommentAction","name":"Comment","target":["https:\/\/www.notibras.com\/site\/ate-onde-gilmar-consegue-ir-em-maio-tantas-manobras\/#respond"]}]},{"@type":"WebPage","@id":"https:\/\/www.notibras.com\/site\/ate-onde-gilmar-consegue-ir-em-maio-tantas-manobras\/","url":"https:\/\/www.notibras.com\/site\/ate-onde-gilmar-consegue-ir-em-maio-tantas-manobras\/","name":"At\u00e9 onde Gilmar consegue ir em meio a tantas manobras? - Notibras","isPartOf":{"@id":"https:\/\/www.notibras.com\/site\/#website"},"primaryImageOfPage":{"@id":"https:\/\/www.notibras.com\/site\/ate-onde-gilmar-consegue-ir-em-maio-tantas-manobras\/#primaryimage"},"image":{"@id":"https:\/\/www.notibras.com\/site\/ate-onde-gilmar-consegue-ir-em-maio-tantas-manobras\/#primaryimage"},"thumbnailUrl":"https:\/\/www.notibras.com\/site\/wp-content\/uploads\/2017\/03\/gilmar-mendes-1.jpg","datePublished":"2017-03-23T13:09:18+00:00","dateModified":"2017-03-23T13:10:08+00:00","breadcrumb":{"@id":"https:\/\/www.notibras.com\/site\/ate-onde-gilmar-consegue-ir-em-maio-tantas-manobras\/#breadcrumb"},"inLanguage":"pt-BR","potentialAction":[{"@type":"ReadAction","target":["https:\/\/www.notibras.com\/site\/ate-onde-gilmar-consegue-ir-em-maio-tantas-manobras\/"]}]},{"@type":"ImageObject","inLanguage":"pt-BR","@id":"https:\/\/www.notibras.com\/site\/ate-onde-gilmar-consegue-ir-em-maio-tantas-manobras\/#primaryimage","url":"https:\/\/www.notibras.com\/site\/wp-content\/uploads\/2017\/03\/gilmar-mendes-1.jpg","contentUrl":"https:\/\/www.notibras.com\/site\/wp-content\/uploads\/2017\/03\/gilmar-mendes-1.jpg","width":820,"height":547},{"@type":"BreadcrumbList","@id":"https:\/\/www.notibras.com\/site\/ate-onde-gilmar-consegue-ir-em-maio-tantas-manobras\/#breadcrumb","itemListElement":[{"@type":"ListItem","position":1,"name":"In\u00edcio","item":"https:\/\/www.notibras.com\/site\/"},{"@type":"ListItem","position":2,"name":"At\u00e9 onde Gilmar consegue ir em meio a tantas manobras?"}]},{"@type":"WebSite","@id":"https:\/\/www.notibras.com\/site\/#website","url":"https:\/\/www.notibras.com\/site\/","name":"Notibras","description":"Not\u00edcias de Bras\u00edlia, do Brasil e do Mundo","publisher":{"@id":"https:\/\/www.notibras.com\/site\/#organization"},"potentialAction":[{"@type":"SearchAction","target":{"@type":"EntryPoint","urlTemplate":"https:\/\/www.notibras.com\/site\/?s={search_term_string}"},"query-input":{"@type":"PropertyValueSpecification","valueRequired":true,"valueName":"search_term_string"}}],"inLanguage":"pt-BR"},{"@type":"Organization","@id":"https:\/\/www.notibras.com\/site\/#organization","name":"Grupo Notibras de Comunica\u00e7\u00e3o","url":"https:\/\/www.notibras.com\/site\/","logo":{"@type":"ImageObject","inLanguage":"pt-BR","@id":"https:\/\/www.notibras.com\/site\/#\/schema\/logo\/image\/","url":"https:\/\/www.notibras.com\/site\/wp-content\/uploads\/2023\/01\/notibras23.png","contentUrl":"https:\/\/www.notibras.com\/site\/wp-content\/uploads\/2023\/01\/notibras23.png","width":350,"height":87,"caption":"Grupo Notibras de Comunica\u00e7\u00e3o"},"image":{"@id":"https:\/\/www.notibras.com\/site\/#\/schema\/logo\/image\/"},"sameAs":["https:\/\/www.facebook.com\/notibras\/","https:\/\/x.com\/Notibras","https:\/\/www.instagram.com\/notibras\/"]},{"@type":"Person","@id":"https:\/\/www.notibras.com\/site\/#\/schema\/person\/36ab0979449956132d3e5b517ea76ac8","name":"Reda\u00e7\u00e3o","image":{"@type":"ImageObject","inLanguage":"pt-BR","@id":"https:\/\/secure.gravatar.com\/avatar\/e0a867bdedb85fd243eadf09663511f96fc81e0720a4a42581f334ad4303aa6b?s=96&d=mm&r=g","url":"https:\/\/secure.gravatar.com\/avatar\/e0a867bdedb85fd243eadf09663511f96fc81e0720a4a42581f334ad4303aa6b?s=96&d=mm&r=g","contentUrl":"https:\/\/secure.gravatar.com\/avatar\/e0a867bdedb85fd243eadf09663511f96fc81e0720a4a42581f334ad4303aa6b?s=96&d=mm&r=g","caption":"Reda\u00e7\u00e3o"}}]}},"amp_enabled":true,"_links":{"self":[{"href":"https:\/\/www.notibras.com\/site\/wp-json\/wp\/v2\/posts\/132907","targetHints":{"allow":["GET"]}}],"collection":[{"href":"https:\/\/www.notibras.com\/site\/wp-json\/wp\/v2\/posts"}],"about":[{"href":"https:\/\/www.notibras.com\/site\/wp-json\/wp\/v2\/types\/post"}],"author":[{"embeddable":true,"href":"https:\/\/www.notibras.com\/site\/wp-json\/wp\/v2\/users\/2"}],"replies":[{"embeddable":true,"href":"https:\/\/www.notibras.com\/site\/wp-json\/wp\/v2\/comments?post=132907"}],"version-history":[{"count":2,"href":"https:\/\/www.notibras.com\/site\/wp-json\/wp\/v2\/posts\/132907\/revisions"}],"predecessor-version":[{"id":132910,"href":"https:\/\/www.notibras.com\/site\/wp-json\/wp\/v2\/posts\/132907\/revisions\/132910"}],"wp:featuredmedia":[{"embeddable":true,"href":"https:\/\/www.notibras.com\/site\/wp-json\/wp\/v2\/media\/132908"}],"wp:attachment":[{"href":"https:\/\/www.notibras.com\/site\/wp-json\/wp\/v2\/media?parent=132907"}],"wp:term":[{"taxonomy":"category","embeddable":true,"href":"https:\/\/www.notibras.com\/site\/wp-json\/wp\/v2\/categories?post=132907"},{"taxonomy":"post_tag","embeddable":true,"href":"https:\/\/www.notibras.com\/site\/wp-json\/wp\/v2\/tags?post=132907"}],"curies":[{"name":"wp","href":"https:\/\/api.w.org\/{rel}","templated":true}]}}