{"id":133170,"date":"2017-03-26T06:16:30","date_gmt":"2017-03-26T09:16:30","guid":{"rendered":"http:\/\/www.notibras.com\/site\/?p=133170"},"modified":"2017-03-26T06:30:56","modified_gmt":"2017-03-26T09:30:56","slug":"direita-cresce-na-europa-sob-o-manto-nazismo","status":"publish","type":"post","link":"https:\/\/www.notibras.com\/site\/direita-cresce-na-europa-sob-o-manto-nazismo\/","title":{"rendered":"Direita cresce na Europa sob o velho manto do nazismo"},"content":{"rendered":"<p><img loading=\"lazy\" decoding=\"async\" class=\"alignnone size-full wp-image-107667\" src=\"http:\/\/www.notibras.com\/site\/wp-content\/uploads\/2016\/07\/bbc-v2.gif\" alt=\"bbc-v2\" width=\"88\" height=\"31\" \/><\/p>\n<p>Com o acirramento da tens\u00e3o entre a Turquia e a Uni\u00e3o Europeia, o presidente Recep Tayyip Erdogan acusou alem\u00e3es e holandeses de usarem &#8220;t\u00e1ticas nazistas&#8221; contra os turcos. A tens\u00e3o entre os dois pa\u00edses tem aumentado desde que autoridades alem\u00e3s impediram ministros turcos de fazerem com\u00edcios a favor do referendo constitucional de 16 de abril, que pode dar maiores poderes a Erdogan.<\/p>\n<p>A evoca\u00e7\u00e3o ao nazismo provocou revolta entre as autoridades alem\u00e3s &#8211; a premi\u00ea Angela Merkel e o chanceler Sigmar Gabriel afirmaram que o Erdogan havia &#8220;ultrapassado os limites&#8221; com as acusa\u00e7\u00f5es. Embora o uso da express\u00e3o &#8220;alem\u00e3o nazista&#8221; ou mesmo o nome de Hitler n\u00e3o sejam novidade em discuss\u00f5es, recentemente elas voltaram ao debate pol\u00edtico em v\u00e1rios epis\u00f3dios internacionais.<\/p>\n<p>Durante as elei\u00e7\u00f5es americanas, apareceram compara\u00e7\u00f5es similares e elas s\u00e3o encontradas facilmente em qualquer meio &#8211; do Twitter aos parlamentos de v\u00e1rios pa\u00edses.<br \/>\nNa campanha presidencial dos EUA, o an\u00fancio das pol\u00edticas propostas pelo ent\u00e3o candidato Donald Trump provocou compara\u00e7\u00f5es entre ele e Adolf Hitler. O pr\u00f3prio Trump j\u00e1 usou esse recurso ao comparar as ag\u00eancias de intelig\u00eancia americanas com a &#8220;Alemanha nazista&#8221;.<\/p>\n<p>E ele n\u00e3o foi \u00fanico: o ex-prefeito de Londres Boris Johnson comparou a Uni\u00e3o Europeia com os nazistas durante a campanha pelo Brexit, um investigador da Organiza\u00e7\u00e3o das Na\u00e7\u00f5es Unidas usou a compara\u00e7\u00e3o para falar sobre as a\u00e7\u00f5es israelenses na Faixa de Gaza e a televis\u00e3o russa usou o termo para se referir ao Ocidente em rela\u00e7\u00e3o \u00e0 crise em Aleppo, na S\u00edria.<\/p>\n<p>Segundo a Liga Anti Difama\u00e7\u00e3o dos Estados Unidos (ADL, na sigla em ingl\u00eas), organiza\u00e7\u00e3o que luta contra o antissemitismo e outras discrimina\u00e7\u00f5es, a resposta \u00e9 simples: porque a compara\u00e7\u00e3o \u00e9 &#8220;o evento hist\u00f3rico que mais facilmente ilustra o certo versus o errado&#8221;. Para a ONG, quando uma discuss\u00e3o chega nesses fundamentos, a compara\u00e7\u00e3o &#8220;inevitavelmente acaba aparecendo&#8221;.<\/p>\n<p>O diretor nacional da ADL, Jonathan Greenblatt, alerta, no entanto, que &#8220;compara\u00e7\u00f5es equivocadas banalizam e tornam trivial essa trag\u00e9dia \u00fanica na hist\u00f3ria da humanidade, especialmente quando pessoas p\u00fablicas invocam o Holocausto numa tentativa de conquistar aten\u00e7\u00e3o pol\u00edtica&#8221;.<\/p>\n<p>Mas recorrer \u00e0 compara\u00e7\u00e3o com Hitler para invalidar um argumento se tornou t\u00e3o popular que a express\u00e3o ganhou at\u00e9 um &#8220;apelido&#8221; em latim: reductio ad Hitlerum &#8211; uma refer\u00eancia ao termo reductio ad absurdum, um reconhecido argumento l\u00f3gico baseado na prova por contradi\u00e7\u00e3o e usado geralmente para indicar a fal\u00e1cia de se comparar algu\u00e9m a Hitler.<\/p>\n<p>At\u00e9 os alem\u00e3es que publicaram uma imagem viral comparando Trump a Hitler durante as elei\u00e7\u00f5es admitiram que a compara\u00e7\u00e3o era &#8220;consideravelmente brutal&#8221;. Naturalmente, em nenhum lugar os insultos nazistas s\u00e3o mais numerosos do que na internet &#8211; e sempre foi assim.<\/p>\n<p>Na d\u00e9cada de 90, quando a internet estava come\u00e7ando a se tornar popular, o advogado americano Mike Godwin percebeu que os debates em f\u00f3runs online sempre recorriam ao recurso de chamar o outro lado de &#8220;nazista&#8221;.<\/p>\n<p>Foi ent\u00e3o que nasceu a &#8220;Lei de Godwin&#8221;, ou a &#8220;Regra das Analogias Nazistas de Godwin&#8221;, que se tornou uma das &#8220;regras da internet&#8221; e afirma que, se uma discuss\u00e3o online for longe demais, em algum momento algu\u00e9m vai recorrer \u00e0 compara\u00e7\u00e3o com Hitler. Ele esclarece que a inten\u00e7\u00e3o ao cunhar o termo era demonstrar justamente como essa compara\u00e7\u00e3o \u00e9 sempre rid\u00edcula.<\/p>\n<p>&#8220;Eu queria mostrar que a maioria das pessoas que traz o nazismo para um debate n\u00e3o est\u00e1 sendo profunda ou independente, ao contr\u00e1rio: est\u00e1 agindo de forma previs\u00edvel e inconsciente, como um tronco descendo uma montanha&#8221;, disse ele em uma coluna para o jornal Washington Post.<\/p>\n<p>Para muitas pessoas, a aplica\u00e7\u00e3o da Lei de Godwin &#8211; ou seja, quando algu\u00e9m recorre ao nazismo em um debate na internet, &#8211; \u00e9 um sinal de que determinada discuss\u00e3o est\u00e1 encerrada e de que quem usou a express\u00e3o perdeu a disputa.<\/p>\n<p>Mas a recente onda de figuras importantes usando a refer\u00eancia ao nazismo prova que, na vida real, o recurso ainda \u00e9 bastante utilizado. Quando o presidente turco Erdogan criticou a Alemanha pelo que chamou de &#8220;pr\u00e1ticas nazistas adotadas por Angela Merkel&#8221;, a not\u00edcia ganhou as manchetes internacionais.<\/p>\n<p>Para os alem\u00e3es, entretanto, ele est\u00e1 apenas recorrendo a uma refer\u00eancia antiga. A Alemanha tem leis duras contra a nega\u00e7\u00e3o do Holocausto e a glorifica\u00e7\u00e3o da atividade nazista. &#8220;Eu n\u00e3o acredito que a maioria dos alem\u00e3es se perturbe muito com esse tipo de compara\u00e7\u00e3o&#8221;, disse o historiador e professor Christoph Mick, da Universidade de Warwick, no Reino Unido.<\/p>\n<p>&#8220;Eles est\u00e3o acostumados a isso, e acham apenas bizarro que o governo mais liberal e democr\u00e1tico da hist\u00f3ria da Alemanha seja comparado ao Terceiro Reich. Essas compara\u00e7\u00f5es revelam mais sobre quem as faz do que sobre os alem\u00e3es e seus pol\u00edticos&#8221;. Ent\u00e3o &#8211; se uma refer\u00eancia nazista trivializa o Holocausto, \u00e9 amplamente reconhecida como uma fal\u00e1cia l\u00f3gica, \u00e9 ridicularizada online e ignorada pelos alem\u00e3es &#8211; ela deve ter algum poder persuasivo para se manter em uso por tanto tempo. Certo?<\/p>\n<p>N\u00e3o muito &#8211; pelo menos essa \u00e9 a avalia\u00e7\u00e3o da English Speak Union, uma institui\u00e7\u00e3o de caridade brit\u00e2nica que promove a comunica\u00e7\u00e3o e o pensamento criativo. &#8220;Adotar acusa\u00e7\u00f5es de fascismo como insulto n\u00e3o ajuda a aproximar o p\u00fablico ou favorece seu argumento &#8211; em vez disso, voc\u00ea aumenta o n\u00edvel de agressividade do debate, for\u00e7ando uma polariza\u00e7\u00e3o entre &#8220;bom&#8221; e &#8220;mau&#8221; numa discuss\u00e3o que, caso contr\u00e1rio, poderia ter posi\u00e7\u00f5es mais razo\u00e1veis dos dois lados&#8221;, afirma Amanda Moorghen, pesquisadora s\u00eanior da entidade.<\/p>\n<p>&#8220;Na maioria das vezes, as pessoas chamam as outas de nazistas porque pensam que isso vai atrair a aten\u00e7\u00e3o do p\u00fablico. Esse \u00e9 um grande erro porque o uso dessa palavra n\u00e3o vai atrair nenhuma aten\u00e7\u00e3o &#8211; s\u00f3 um forte argumento pode fazer isso&#8221;. E qual \u00e9 ent\u00e3o o segredo para se ter sucesso em uma discuss\u00e3o? &#8220;\u00c9 melhor guardar palavras mais fortes para o argumento em si, em vez de atacar as pessoas com quem voc\u00ea est\u00e1 debatendo&#8221;, diz Amanda Moorghen.<\/p>\n","protected":false},"excerpt":{"rendered":"<p>Com o acirramento da tens\u00e3o entre a Turquia e a Uni\u00e3o Europeia, o presidente Recep Tayyip Erdogan acusou alem\u00e3es e holandeses de usarem &#8220;t\u00e1ticas nazistas&#8221; contra os turcos. A tens\u00e3o entre os dois pa\u00edses tem aumentado desde que autoridades alem\u00e3s impediram ministros turcos de fazerem com\u00edcios a favor do referendo constitucional de 16 de abril, [&hellip;]<\/p>\n","protected":false},"author":2,"featured_media":133171,"comment_status":"open","ping_status":"closed","sticky":false,"template":"","format":"standard","meta":{"_acf_changed":false,"footnotes":""},"categories":[25],"tags":[],"class_list":["post-133170","post","type-post","status-publish","format-standard","has-post-thumbnail","hentry","category-opina-ai"],"acf":[],"yoast_head":"<!-- This site is optimized with the Yoast SEO plugin v27.5 - https:\/\/yoast.com\/product\/yoast-seo-wordpress\/ -->\n<title>Direita cresce na Europa sob o velho manto do nazismo - Notibras<\/title>\n<meta name=\"robots\" content=\"index, follow, max-snippet:-1, max-image-preview:large, max-video-preview:-1\" \/>\n<link rel=\"canonical\" href=\"https:\/\/www.notibras.com\/site\/direita-cresce-na-europa-sob-o-manto-nazismo\/\" \/>\n<meta property=\"og:locale\" content=\"pt_BR\" \/>\n<meta property=\"og:type\" content=\"article\" \/>\n<meta property=\"og:title\" content=\"Direita cresce na Europa sob o velho manto do nazismo - Notibras\" \/>\n<meta property=\"og:description\" content=\"Com o acirramento da tens\u00e3o entre a Turquia e a Uni\u00e3o Europeia, o presidente Recep Tayyip Erdogan acusou alem\u00e3es e holandeses de usarem &#8220;t\u00e1ticas nazistas&#8221; contra os turcos. A tens\u00e3o entre os dois pa\u00edses tem aumentado desde que autoridades alem\u00e3s impediram ministros turcos de fazerem com\u00edcios a favor do referendo constitucional de 16 de abril, [&hellip;]\" \/>\n<meta property=\"og:url\" content=\"https:\/\/www.notibras.com\/site\/direita-cresce-na-europa-sob-o-manto-nazismo\/\" \/>\n<meta property=\"og:site_name\" content=\"Notibras\" \/>\n<meta property=\"article:publisher\" content=\"https:\/\/www.facebook.com\/notibras\/\" \/>\n<meta property=\"article:published_time\" content=\"2017-03-26T09:16:30+00:00\" \/>\n<meta property=\"article:modified_time\" content=\"2017-03-26T09:30:56+00:00\" \/>\n<meta property=\"og:image\" content=\"https:\/\/www.notibras.com\/site\/wp-content\/uploads\/2017\/03\/banner-nazismo.jpg\" \/>\n\t<meta property=\"og:image:width\" content=\"780\" \/>\n\t<meta property=\"og:image:height\" content=\"439\" \/>\n\t<meta property=\"og:image:type\" content=\"image\/jpeg\" \/>\n<meta name=\"author\" content=\"Reda\u00e7\u00e3o\" \/>\n<meta name=\"twitter:card\" content=\"summary_large_image\" \/>\n<meta name=\"twitter:creator\" content=\"@Notibras\" \/>\n<meta name=\"twitter:site\" content=\"@Notibras\" \/>\n<meta name=\"twitter:label1\" content=\"Escrito por\" \/>\n\t<meta name=\"twitter:data1\" content=\"Reda\u00e7\u00e3o\" \/>\n\t<meta name=\"twitter:label2\" content=\"Est. tempo de leitura\" \/>\n\t<meta name=\"twitter:data2\" content=\"5 minutos\" \/>\n<script type=\"application\/ld+json\" class=\"yoast-schema-graph\">{\"@context\":\"https:\\\/\\\/schema.org\",\"@graph\":[{\"@type\":\"Article\",\"@id\":\"https:\\\/\\\/www.notibras.com\\\/site\\\/direita-cresce-na-europa-sob-o-manto-nazismo\\\/#article\",\"isPartOf\":{\"@id\":\"https:\\\/\\\/www.notibras.com\\\/site\\\/direita-cresce-na-europa-sob-o-manto-nazismo\\\/\"},\"author\":{\"name\":\"Reda\u00e7\u00e3o\",\"@id\":\"https:\\\/\\\/www.notibras.com\\\/site\\\/#\\\/schema\\\/person\\\/36ab0979449956132d3e5b517ea76ac8\"},\"headline\":\"Direita cresce na Europa sob o velho manto do nazismo\",\"datePublished\":\"2017-03-26T09:16:30+00:00\",\"dateModified\":\"2017-03-26T09:30:56+00:00\",\"mainEntityOfPage\":{\"@id\":\"https:\\\/\\\/www.notibras.com\\\/site\\\/direita-cresce-na-europa-sob-o-manto-nazismo\\\/\"},\"wordCount\":1090,\"commentCount\":0,\"publisher\":{\"@id\":\"https:\\\/\\\/www.notibras.com\\\/site\\\/#organization\"},\"image\":{\"@id\":\"https:\\\/\\\/www.notibras.com\\\/site\\\/direita-cresce-na-europa-sob-o-manto-nazismo\\\/#primaryimage\"},\"thumbnailUrl\":\"https:\\\/\\\/www.notibras.com\\\/site\\\/wp-content\\\/uploads\\\/2017\\\/03\\\/banner-nazismo.jpg\",\"articleSection\":[\"Opina a\u00ed\"],\"inLanguage\":\"pt-BR\",\"potentialAction\":[{\"@type\":\"CommentAction\",\"name\":\"Comment\",\"target\":[\"https:\\\/\\\/www.notibras.com\\\/site\\\/direita-cresce-na-europa-sob-o-manto-nazismo\\\/#respond\"]}]},{\"@type\":\"WebPage\",\"@id\":\"https:\\\/\\\/www.notibras.com\\\/site\\\/direita-cresce-na-europa-sob-o-manto-nazismo\\\/\",\"url\":\"https:\\\/\\\/www.notibras.com\\\/site\\\/direita-cresce-na-europa-sob-o-manto-nazismo\\\/\",\"name\":\"Direita cresce na Europa sob o velho manto do nazismo - Notibras\",\"isPartOf\":{\"@id\":\"https:\\\/\\\/www.notibras.com\\\/site\\\/#website\"},\"primaryImageOfPage\":{\"@id\":\"https:\\\/\\\/www.notibras.com\\\/site\\\/direita-cresce-na-europa-sob-o-manto-nazismo\\\/#primaryimage\"},\"image\":{\"@id\":\"https:\\\/\\\/www.notibras.com\\\/site\\\/direita-cresce-na-europa-sob-o-manto-nazismo\\\/#primaryimage\"},\"thumbnailUrl\":\"https:\\\/\\\/www.notibras.com\\\/site\\\/wp-content\\\/uploads\\\/2017\\\/03\\\/banner-nazismo.jpg\",\"datePublished\":\"2017-03-26T09:16:30+00:00\",\"dateModified\":\"2017-03-26T09:30:56+00:00\",\"breadcrumb\":{\"@id\":\"https:\\\/\\\/www.notibras.com\\\/site\\\/direita-cresce-na-europa-sob-o-manto-nazismo\\\/#breadcrumb\"},\"inLanguage\":\"pt-BR\",\"potentialAction\":[{\"@type\":\"ReadAction\",\"target\":[\"https:\\\/\\\/www.notibras.com\\\/site\\\/direita-cresce-na-europa-sob-o-manto-nazismo\\\/\"]}]},{\"@type\":\"ImageObject\",\"inLanguage\":\"pt-BR\",\"@id\":\"https:\\\/\\\/www.notibras.com\\\/site\\\/direita-cresce-na-europa-sob-o-manto-nazismo\\\/#primaryimage\",\"url\":\"https:\\\/\\\/www.notibras.com\\\/site\\\/wp-content\\\/uploads\\\/2017\\\/03\\\/banner-nazismo.jpg\",\"contentUrl\":\"https:\\\/\\\/www.notibras.com\\\/site\\\/wp-content\\\/uploads\\\/2017\\\/03\\\/banner-nazismo.jpg\",\"width\":780,\"height\":439},{\"@type\":\"BreadcrumbList\",\"@id\":\"https:\\\/\\\/www.notibras.com\\\/site\\\/direita-cresce-na-europa-sob-o-manto-nazismo\\\/#breadcrumb\",\"itemListElement\":[{\"@type\":\"ListItem\",\"position\":1,\"name\":\"In\u00edcio\",\"item\":\"https:\\\/\\\/www.notibras.com\\\/site\\\/\"},{\"@type\":\"ListItem\",\"position\":2,\"name\":\"Direita cresce na Europa sob o velho manto do nazismo\"}]},{\"@type\":\"WebSite\",\"@id\":\"https:\\\/\\\/www.notibras.com\\\/site\\\/#website\",\"url\":\"https:\\\/\\\/www.notibras.com\\\/site\\\/\",\"name\":\"Notibras\",\"description\":\"Not\u00edcias de Bras\u00edlia, do Brasil e do Mundo\",\"publisher\":{\"@id\":\"https:\\\/\\\/www.notibras.com\\\/site\\\/#organization\"},\"potentialAction\":[{\"@type\":\"SearchAction\",\"target\":{\"@type\":\"EntryPoint\",\"urlTemplate\":\"https:\\\/\\\/www.notibras.com\\\/site\\\/?s={search_term_string}\"},\"query-input\":{\"@type\":\"PropertyValueSpecification\",\"valueRequired\":true,\"valueName\":\"search_term_string\"}}],\"inLanguage\":\"pt-BR\"},{\"@type\":\"Organization\",\"@id\":\"https:\\\/\\\/www.notibras.com\\\/site\\\/#organization\",\"name\":\"Grupo Notibras de Comunica\u00e7\u00e3o\",\"url\":\"https:\\\/\\\/www.notibras.com\\\/site\\\/\",\"logo\":{\"@type\":\"ImageObject\",\"inLanguage\":\"pt-BR\",\"@id\":\"https:\\\/\\\/www.notibras.com\\\/site\\\/#\\\/schema\\\/logo\\\/image\\\/\",\"url\":\"https:\\\/\\\/www.notibras.com\\\/site\\\/wp-content\\\/uploads\\\/2023\\\/01\\\/notibras23.png\",\"contentUrl\":\"https:\\\/\\\/www.notibras.com\\\/site\\\/wp-content\\\/uploads\\\/2023\\\/01\\\/notibras23.png\",\"width\":350,\"height\":87,\"caption\":\"Grupo Notibras de Comunica\u00e7\u00e3o\"},\"image\":{\"@id\":\"https:\\\/\\\/www.notibras.com\\\/site\\\/#\\\/schema\\\/logo\\\/image\\\/\"},\"sameAs\":[\"https:\\\/\\\/www.facebook.com\\\/notibras\\\/\",\"https:\\\/\\\/x.com\\\/Notibras\",\"https:\\\/\\\/www.instagram.com\\\/notibras\\\/\"]},{\"@type\":\"Person\",\"@id\":\"https:\\\/\\\/www.notibras.com\\\/site\\\/#\\\/schema\\\/person\\\/36ab0979449956132d3e5b517ea76ac8\",\"name\":\"Reda\u00e7\u00e3o\",\"image\":{\"@type\":\"ImageObject\",\"inLanguage\":\"pt-BR\",\"@id\":\"https:\\\/\\\/secure.gravatar.com\\\/avatar\\\/e0a867bdedb85fd243eadf09663511f96fc81e0720a4a42581f334ad4303aa6b?s=96&d=mm&r=g\",\"url\":\"https:\\\/\\\/secure.gravatar.com\\\/avatar\\\/e0a867bdedb85fd243eadf09663511f96fc81e0720a4a42581f334ad4303aa6b?s=96&d=mm&r=g\",\"contentUrl\":\"https:\\\/\\\/secure.gravatar.com\\\/avatar\\\/e0a867bdedb85fd243eadf09663511f96fc81e0720a4a42581f334ad4303aa6b?s=96&d=mm&r=g\",\"caption\":\"Reda\u00e7\u00e3o\"}}]}<\/script>\n<!-- \/ Yoast SEO plugin. -->","yoast_head_json":{"title":"Direita cresce na Europa sob o velho manto do nazismo - Notibras","robots":{"index":"index","follow":"follow","max-snippet":"max-snippet:-1","max-image-preview":"max-image-preview:large","max-video-preview":"max-video-preview:-1"},"canonical":"https:\/\/www.notibras.com\/site\/direita-cresce-na-europa-sob-o-manto-nazismo\/","og_locale":"pt_BR","og_type":"article","og_title":"Direita cresce na Europa sob o velho manto do nazismo - Notibras","og_description":"Com o acirramento da tens\u00e3o entre a Turquia e a Uni\u00e3o Europeia, o presidente Recep Tayyip Erdogan acusou alem\u00e3es e holandeses de usarem &#8220;t\u00e1ticas nazistas&#8221; contra os turcos. A tens\u00e3o entre os dois pa\u00edses tem aumentado desde que autoridades alem\u00e3s impediram ministros turcos de fazerem com\u00edcios a favor do referendo constitucional de 16 de abril, [&hellip;]","og_url":"https:\/\/www.notibras.com\/site\/direita-cresce-na-europa-sob-o-manto-nazismo\/","og_site_name":"Notibras","article_publisher":"https:\/\/www.facebook.com\/notibras\/","article_published_time":"2017-03-26T09:16:30+00:00","article_modified_time":"2017-03-26T09:30:56+00:00","og_image":[{"width":780,"height":439,"url":"https:\/\/www.notibras.com\/site\/wp-content\/uploads\/2017\/03\/banner-nazismo.jpg","type":"image\/jpeg"}],"author":"Reda\u00e7\u00e3o","twitter_card":"summary_large_image","twitter_creator":"@Notibras","twitter_site":"@Notibras","twitter_misc":{"Escrito por":"Reda\u00e7\u00e3o","Est. tempo de leitura":"5 minutos"},"schema":{"@context":"https:\/\/schema.org","@graph":[{"@type":"Article","@id":"https:\/\/www.notibras.com\/site\/direita-cresce-na-europa-sob-o-manto-nazismo\/#article","isPartOf":{"@id":"https:\/\/www.notibras.com\/site\/direita-cresce-na-europa-sob-o-manto-nazismo\/"},"author":{"name":"Reda\u00e7\u00e3o","@id":"https:\/\/www.notibras.com\/site\/#\/schema\/person\/36ab0979449956132d3e5b517ea76ac8"},"headline":"Direita cresce na Europa sob o velho manto do nazismo","datePublished":"2017-03-26T09:16:30+00:00","dateModified":"2017-03-26T09:30:56+00:00","mainEntityOfPage":{"@id":"https:\/\/www.notibras.com\/site\/direita-cresce-na-europa-sob-o-manto-nazismo\/"},"wordCount":1090,"commentCount":0,"publisher":{"@id":"https:\/\/www.notibras.com\/site\/#organization"},"image":{"@id":"https:\/\/www.notibras.com\/site\/direita-cresce-na-europa-sob-o-manto-nazismo\/#primaryimage"},"thumbnailUrl":"https:\/\/www.notibras.com\/site\/wp-content\/uploads\/2017\/03\/banner-nazismo.jpg","articleSection":["Opina a\u00ed"],"inLanguage":"pt-BR","potentialAction":[{"@type":"CommentAction","name":"Comment","target":["https:\/\/www.notibras.com\/site\/direita-cresce-na-europa-sob-o-manto-nazismo\/#respond"]}]},{"@type":"WebPage","@id":"https:\/\/www.notibras.com\/site\/direita-cresce-na-europa-sob-o-manto-nazismo\/","url":"https:\/\/www.notibras.com\/site\/direita-cresce-na-europa-sob-o-manto-nazismo\/","name":"Direita cresce na Europa sob o velho manto do nazismo - Notibras","isPartOf":{"@id":"https:\/\/www.notibras.com\/site\/#website"},"primaryImageOfPage":{"@id":"https:\/\/www.notibras.com\/site\/direita-cresce-na-europa-sob-o-manto-nazismo\/#primaryimage"},"image":{"@id":"https:\/\/www.notibras.com\/site\/direita-cresce-na-europa-sob-o-manto-nazismo\/#primaryimage"},"thumbnailUrl":"https:\/\/www.notibras.com\/site\/wp-content\/uploads\/2017\/03\/banner-nazismo.jpg","datePublished":"2017-03-26T09:16:30+00:00","dateModified":"2017-03-26T09:30:56+00:00","breadcrumb":{"@id":"https:\/\/www.notibras.com\/site\/direita-cresce-na-europa-sob-o-manto-nazismo\/#breadcrumb"},"inLanguage":"pt-BR","potentialAction":[{"@type":"ReadAction","target":["https:\/\/www.notibras.com\/site\/direita-cresce-na-europa-sob-o-manto-nazismo\/"]}]},{"@type":"ImageObject","inLanguage":"pt-BR","@id":"https:\/\/www.notibras.com\/site\/direita-cresce-na-europa-sob-o-manto-nazismo\/#primaryimage","url":"https:\/\/www.notibras.com\/site\/wp-content\/uploads\/2017\/03\/banner-nazismo.jpg","contentUrl":"https:\/\/www.notibras.com\/site\/wp-content\/uploads\/2017\/03\/banner-nazismo.jpg","width":780,"height":439},{"@type":"BreadcrumbList","@id":"https:\/\/www.notibras.com\/site\/direita-cresce-na-europa-sob-o-manto-nazismo\/#breadcrumb","itemListElement":[{"@type":"ListItem","position":1,"name":"In\u00edcio","item":"https:\/\/www.notibras.com\/site\/"},{"@type":"ListItem","position":2,"name":"Direita cresce na Europa sob o velho manto do nazismo"}]},{"@type":"WebSite","@id":"https:\/\/www.notibras.com\/site\/#website","url":"https:\/\/www.notibras.com\/site\/","name":"Notibras","description":"Not\u00edcias de Bras\u00edlia, do Brasil e do Mundo","publisher":{"@id":"https:\/\/www.notibras.com\/site\/#organization"},"potentialAction":[{"@type":"SearchAction","target":{"@type":"EntryPoint","urlTemplate":"https:\/\/www.notibras.com\/site\/?s={search_term_string}"},"query-input":{"@type":"PropertyValueSpecification","valueRequired":true,"valueName":"search_term_string"}}],"inLanguage":"pt-BR"},{"@type":"Organization","@id":"https:\/\/www.notibras.com\/site\/#organization","name":"Grupo Notibras de Comunica\u00e7\u00e3o","url":"https:\/\/www.notibras.com\/site\/","logo":{"@type":"ImageObject","inLanguage":"pt-BR","@id":"https:\/\/www.notibras.com\/site\/#\/schema\/logo\/image\/","url":"https:\/\/www.notibras.com\/site\/wp-content\/uploads\/2023\/01\/notibras23.png","contentUrl":"https:\/\/www.notibras.com\/site\/wp-content\/uploads\/2023\/01\/notibras23.png","width":350,"height":87,"caption":"Grupo Notibras de Comunica\u00e7\u00e3o"},"image":{"@id":"https:\/\/www.notibras.com\/site\/#\/schema\/logo\/image\/"},"sameAs":["https:\/\/www.facebook.com\/notibras\/","https:\/\/x.com\/Notibras","https:\/\/www.instagram.com\/notibras\/"]},{"@type":"Person","@id":"https:\/\/www.notibras.com\/site\/#\/schema\/person\/36ab0979449956132d3e5b517ea76ac8","name":"Reda\u00e7\u00e3o","image":{"@type":"ImageObject","inLanguage":"pt-BR","@id":"https:\/\/secure.gravatar.com\/avatar\/e0a867bdedb85fd243eadf09663511f96fc81e0720a4a42581f334ad4303aa6b?s=96&d=mm&r=g","url":"https:\/\/secure.gravatar.com\/avatar\/e0a867bdedb85fd243eadf09663511f96fc81e0720a4a42581f334ad4303aa6b?s=96&d=mm&r=g","contentUrl":"https:\/\/secure.gravatar.com\/avatar\/e0a867bdedb85fd243eadf09663511f96fc81e0720a4a42581f334ad4303aa6b?s=96&d=mm&r=g","caption":"Reda\u00e7\u00e3o"}}]}},"amp_enabled":true,"_links":{"self":[{"href":"https:\/\/www.notibras.com\/site\/wp-json\/wp\/v2\/posts\/133170","targetHints":{"allow":["GET"]}}],"collection":[{"href":"https:\/\/www.notibras.com\/site\/wp-json\/wp\/v2\/posts"}],"about":[{"href":"https:\/\/www.notibras.com\/site\/wp-json\/wp\/v2\/types\/post"}],"author":[{"embeddable":true,"href":"https:\/\/www.notibras.com\/site\/wp-json\/wp\/v2\/users\/2"}],"replies":[{"embeddable":true,"href":"https:\/\/www.notibras.com\/site\/wp-json\/wp\/v2\/comments?post=133170"}],"version-history":[{"count":4,"href":"https:\/\/www.notibras.com\/site\/wp-json\/wp\/v2\/posts\/133170\/revisions"}],"predecessor-version":[{"id":133175,"href":"https:\/\/www.notibras.com\/site\/wp-json\/wp\/v2\/posts\/133170\/revisions\/133175"}],"wp:featuredmedia":[{"embeddable":true,"href":"https:\/\/www.notibras.com\/site\/wp-json\/wp\/v2\/media\/133171"}],"wp:attachment":[{"href":"https:\/\/www.notibras.com\/site\/wp-json\/wp\/v2\/media?parent=133170"}],"wp:term":[{"taxonomy":"category","embeddable":true,"href":"https:\/\/www.notibras.com\/site\/wp-json\/wp\/v2\/categories?post=133170"},{"taxonomy":"post_tag","embeddable":true,"href":"https:\/\/www.notibras.com\/site\/wp-json\/wp\/v2\/tags?post=133170"}],"curies":[{"name":"wp","href":"https:\/\/api.w.org\/{rel}","templated":true}]}}