{"id":133272,"date":"2017-03-27T07:10:50","date_gmt":"2017-03-27T10:10:50","guid":{"rendered":"http:\/\/www.notibras.com\/site\/?p=133272"},"modified":"2017-03-27T07:10:50","modified_gmt":"2017-03-27T10:10:50","slug":"lista-fechada-e-o-maior-golpe-politico-contra-o-povo","status":"publish","type":"post","link":"https:\/\/www.notibras.com\/site\/lista-fechada-e-o-maior-golpe-politico-contra-o-povo\/","title":{"rendered":"Lista fechada \u00e9 o maior golpe pol\u00edtico contra o povo"},"content":{"rendered":"<p><strong>Percival Puggina<\/strong><\/p>\n<p>A tentativa de instituir o voto em lista fechada \u00e9 a manobra mais descarada desde o in\u00edcio das opera\u00e7\u00f5es da Lava Jato. Supera, em despudor, a miss\u00e3o do &#8220;Bessias&#8221; levando a Lula o ato que o homiziaria no minist\u00e9rio de Dilma. \u00c9 mais desavergonhada do que a &#8220;anistia do caixa 2&#8221;.<\/p>\n<p>A democracia dos canalhas alcan\u00e7a seu apogeu com algo t\u00e3o indecente na motiva\u00e7\u00e3o, t\u00e3o contra a democracia na concep\u00e7\u00e3o e t\u00e3o escancaradamente desonesto que estar\u00e1 coberto de raz\u00e3o o cidad\u00e3o que registrar, na pol\u00edcia, um boletim de ocorr\u00eancia.<\/p>\n<p>A ideia e a inten\u00e7\u00e3o est\u00e3o em todos os notici\u00e1rios desta sexta-feira 17 de mar\u00e7o. Seus promotores, grandes figur\u00f5es da pol\u00edtica nacional, est\u00e3o preocupados com os preju\u00edzos eleitorais que lhes adv\u00eam do conhecimento de seus crimes e de suas inclus\u00f5es nas listas de Janot. O que conceberam pode ser descrito como um gigantesco iceberg pol\u00edtico sem nada submerso.<\/p>\n<p>Da ponta \u00e0 base, o mastodonte est\u00e1 inteiramente vis\u00edvel nas p\u00e1ginas dos jornais. Nosso pa\u00eds nunca adotou o voto em lista fechada exatamente pelo motivo que, agora, a organiza\u00e7\u00e3o criminosa atuante na pol\u00edtica brasileira passou a v\u00ea-lo com bons olhos: ele esconde os candidatos e o voto deixa de ser direto e pessoal.<\/p>\n<p>Com efeito, nesse sistema: 1) cada partido elabora uma lista com os nomes em disputa; 2) no dia da elei\u00e7\u00e3o, o eleitor escolhe e vota na lista de sua prefer\u00eancia; 3) o percentual de votos dados a cada lista, em rela\u00e7\u00e3o ao total de sufr\u00e1gios da elei\u00e7\u00e3o, define quantas cadeiras cabem a cada partido; 4) s\u00e3o os partidos que estabelecem a ordem dos nomes nas respectivas listas; 5) \u00e9 dentro dessa ordem que as cadeiras s\u00e3o preenchidas (se um partido tiver direito a dez cadeiras, por exemplo, os dez primeiros nomes de sua lista ser\u00e3o titulares).<\/p>\n<p>Com medo da rea\u00e7\u00e3o da sociedade ante os esc\u00e2ndalos em que est\u00e3o envolvidos, os piores elementos da vida p\u00fablica brasileira, candidatos preferenciais a serem varridos das urnas em 2018, encontraram no voto em lista fechada um modo de se elegerem sem necessidade de encarar individualmente os eleitores. Pretendem, com essa manobra, retomar cadeiras e preservar o foro privilegiado escondidos na lista partid\u00e1ria, mais ou menos como se d\u00e1 comprimido para cachorro, disfar\u00e7ado dentro de um naco de carne.<\/p>\n<p>\u00c9 assim, escondidos e sem votos pessoais, mascarados, que eles querem voltar aos neg\u00f3cios em 2018. Antes, desfiguravam a representa\u00e7\u00e3o pol\u00edtica comprando votos e abusando do poder econ\u00f4mico com dinheiro mal havido; agora, querem continuar abastardando a democracia com o voto em lista fechada.<\/p>\n","protected":false},"excerpt":{"rendered":"<p>Percival Puggina A tentativa de instituir o voto em lista fechada \u00e9 a manobra mais descarada desde o in\u00edcio das opera\u00e7\u00f5es da Lava Jato. Supera, em despudor, a miss\u00e3o do &#8220;Bessias&#8221; levando a Lula o ato que o homiziaria no minist\u00e9rio de Dilma. \u00c9 mais desavergonhada do que a &#8220;anistia do caixa 2&#8221;. A democracia [&hellip;]<\/p>\n","protected":false},"author":2,"featured_media":133273,"comment_status":"open","ping_status":"closed","sticky":false,"template":"","format":"standard","meta":{"_acf_changed":false,"footnotes":""},"categories":[25],"tags":[],"class_list":["post-133272","post","type-post","status-publish","format-standard","has-post-thumbnail","hentry","category-opina-ai"],"acf":[],"yoast_head":"<!-- This site is optimized with the Yoast SEO plugin v27.5 - https:\/\/yoast.com\/product\/yoast-seo-wordpress\/ -->\n<title>Lista fechada \u00e9 o maior golpe pol\u00edtico contra o povo - Notibras<\/title>\n<meta name=\"robots\" content=\"index, follow, max-snippet:-1, max-image-preview:large, max-video-preview:-1\" \/>\n<link rel=\"canonical\" href=\"https:\/\/www.notibras.com\/site\/lista-fechada-e-o-maior-golpe-politico-contra-o-povo\/\" \/>\n<meta property=\"og:locale\" content=\"pt_BR\" \/>\n<meta property=\"og:type\" content=\"article\" \/>\n<meta property=\"og:title\" content=\"Lista fechada \u00e9 o maior golpe pol\u00edtico contra o povo - Notibras\" \/>\n<meta property=\"og:description\" content=\"Percival Puggina A tentativa de instituir o voto em lista fechada \u00e9 a manobra mais descarada desde o in\u00edcio das opera\u00e7\u00f5es da Lava Jato. Supera, em despudor, a miss\u00e3o do &#8220;Bessias&#8221; levando a Lula o ato que o homiziaria no minist\u00e9rio de Dilma. \u00c9 mais desavergonhada do que a &#8220;anistia do caixa 2&#8221;. A democracia [&hellip;]\" \/>\n<meta property=\"og:url\" content=\"https:\/\/www.notibras.com\/site\/lista-fechada-e-o-maior-golpe-politico-contra-o-povo\/\" \/>\n<meta property=\"og:site_name\" content=\"Notibras\" \/>\n<meta property=\"article:publisher\" content=\"https:\/\/www.facebook.com\/notibras\/\" \/>\n<meta property=\"article:published_time\" content=\"2017-03-27T10:10:50+00:00\" \/>\n<meta property=\"og:image\" content=\"https:\/\/www.notibras.com\/site\/wp-content\/uploads\/2017\/03\/urna-eletronica-votacao-02-original15.jpeg\" \/>\n\t<meta property=\"og:image:width\" content=\"680\" \/>\n\t<meta property=\"og:image:height\" content=\"453\" \/>\n\t<meta property=\"og:image:type\" content=\"image\/jpeg\" \/>\n<meta name=\"author\" content=\"Reda\u00e7\u00e3o\" \/>\n<meta name=\"twitter:card\" content=\"summary_large_image\" \/>\n<meta name=\"twitter:creator\" content=\"@Notibras\" \/>\n<meta name=\"twitter:site\" content=\"@Notibras\" \/>\n<meta name=\"twitter:label1\" content=\"Escrito por\" \/>\n\t<meta name=\"twitter:data1\" content=\"Reda\u00e7\u00e3o\" \/>\n\t<meta name=\"twitter:label2\" content=\"Est. tempo de leitura\" \/>\n\t<meta name=\"twitter:data2\" content=\"2 minutos\" \/>\n<script type=\"application\/ld+json\" class=\"yoast-schema-graph\">{\"@context\":\"https:\\\/\\\/schema.org\",\"@graph\":[{\"@type\":\"Article\",\"@id\":\"https:\\\/\\\/www.notibras.com\\\/site\\\/lista-fechada-e-o-maior-golpe-politico-contra-o-povo\\\/#article\",\"isPartOf\":{\"@id\":\"https:\\\/\\\/www.notibras.com\\\/site\\\/lista-fechada-e-o-maior-golpe-politico-contra-o-povo\\\/\"},\"author\":{\"name\":\"Reda\u00e7\u00e3o\",\"@id\":\"https:\\\/\\\/www.notibras.com\\\/site\\\/#\\\/schema\\\/person\\\/36ab0979449956132d3e5b517ea76ac8\"},\"headline\":\"Lista fechada \u00e9 o maior golpe pol\u00edtico contra o povo\",\"datePublished\":\"2017-03-27T10:10:50+00:00\",\"mainEntityOfPage\":{\"@id\":\"https:\\\/\\\/www.notibras.com\\\/site\\\/lista-fechada-e-o-maior-golpe-politico-contra-o-povo\\\/\"},\"wordCount\":465,\"commentCount\":0,\"publisher\":{\"@id\":\"https:\\\/\\\/www.notibras.com\\\/site\\\/#organization\"},\"image\":{\"@id\":\"https:\\\/\\\/www.notibras.com\\\/site\\\/lista-fechada-e-o-maior-golpe-politico-contra-o-povo\\\/#primaryimage\"},\"thumbnailUrl\":\"https:\\\/\\\/www.notibras.com\\\/site\\\/wp-content\\\/uploads\\\/2017\\\/03\\\/urna-eletronica-votacao-02-original15.jpeg\",\"articleSection\":[\"Opina a\u00ed\"],\"inLanguage\":\"pt-BR\",\"potentialAction\":[{\"@type\":\"CommentAction\",\"name\":\"Comment\",\"target\":[\"https:\\\/\\\/www.notibras.com\\\/site\\\/lista-fechada-e-o-maior-golpe-politico-contra-o-povo\\\/#respond\"]}]},{\"@type\":\"WebPage\",\"@id\":\"https:\\\/\\\/www.notibras.com\\\/site\\\/lista-fechada-e-o-maior-golpe-politico-contra-o-povo\\\/\",\"url\":\"https:\\\/\\\/www.notibras.com\\\/site\\\/lista-fechada-e-o-maior-golpe-politico-contra-o-povo\\\/\",\"name\":\"Lista fechada \u00e9 o maior golpe pol\u00edtico contra o povo - Notibras\",\"isPartOf\":{\"@id\":\"https:\\\/\\\/www.notibras.com\\\/site\\\/#website\"},\"primaryImageOfPage\":{\"@id\":\"https:\\\/\\\/www.notibras.com\\\/site\\\/lista-fechada-e-o-maior-golpe-politico-contra-o-povo\\\/#primaryimage\"},\"image\":{\"@id\":\"https:\\\/\\\/www.notibras.com\\\/site\\\/lista-fechada-e-o-maior-golpe-politico-contra-o-povo\\\/#primaryimage\"},\"thumbnailUrl\":\"https:\\\/\\\/www.notibras.com\\\/site\\\/wp-content\\\/uploads\\\/2017\\\/03\\\/urna-eletronica-votacao-02-original15.jpeg\",\"datePublished\":\"2017-03-27T10:10:50+00:00\",\"breadcrumb\":{\"@id\":\"https:\\\/\\\/www.notibras.com\\\/site\\\/lista-fechada-e-o-maior-golpe-politico-contra-o-povo\\\/#breadcrumb\"},\"inLanguage\":\"pt-BR\",\"potentialAction\":[{\"@type\":\"ReadAction\",\"target\":[\"https:\\\/\\\/www.notibras.com\\\/site\\\/lista-fechada-e-o-maior-golpe-politico-contra-o-povo\\\/\"]}]},{\"@type\":\"ImageObject\",\"inLanguage\":\"pt-BR\",\"@id\":\"https:\\\/\\\/www.notibras.com\\\/site\\\/lista-fechada-e-o-maior-golpe-politico-contra-o-povo\\\/#primaryimage\",\"url\":\"https:\\\/\\\/www.notibras.com\\\/site\\\/wp-content\\\/uploads\\\/2017\\\/03\\\/urna-eletronica-votacao-02-original15.jpeg\",\"contentUrl\":\"https:\\\/\\\/www.notibras.com\\\/site\\\/wp-content\\\/uploads\\\/2017\\\/03\\\/urna-eletronica-votacao-02-original15.jpeg\",\"width\":680,\"height\":453},{\"@type\":\"BreadcrumbList\",\"@id\":\"https:\\\/\\\/www.notibras.com\\\/site\\\/lista-fechada-e-o-maior-golpe-politico-contra-o-povo\\\/#breadcrumb\",\"itemListElement\":[{\"@type\":\"ListItem\",\"position\":1,\"name\":\"In\u00edcio\",\"item\":\"https:\\\/\\\/www.notibras.com\\\/site\\\/\"},{\"@type\":\"ListItem\",\"position\":2,\"name\":\"Lista fechada \u00e9 o maior golpe pol\u00edtico contra o povo\"}]},{\"@type\":\"WebSite\",\"@id\":\"https:\\\/\\\/www.notibras.com\\\/site\\\/#website\",\"url\":\"https:\\\/\\\/www.notibras.com\\\/site\\\/\",\"name\":\"Notibras\",\"description\":\"Not\u00edcias de Bras\u00edlia, do Brasil e do Mundo\",\"publisher\":{\"@id\":\"https:\\\/\\\/www.notibras.com\\\/site\\\/#organization\"},\"potentialAction\":[{\"@type\":\"SearchAction\",\"target\":{\"@type\":\"EntryPoint\",\"urlTemplate\":\"https:\\\/\\\/www.notibras.com\\\/site\\\/?s={search_term_string}\"},\"query-input\":{\"@type\":\"PropertyValueSpecification\",\"valueRequired\":true,\"valueName\":\"search_term_string\"}}],\"inLanguage\":\"pt-BR\"},{\"@type\":\"Organization\",\"@id\":\"https:\\\/\\\/www.notibras.com\\\/site\\\/#organization\",\"name\":\"Grupo Notibras de Comunica\u00e7\u00e3o\",\"url\":\"https:\\\/\\\/www.notibras.com\\\/site\\\/\",\"logo\":{\"@type\":\"ImageObject\",\"inLanguage\":\"pt-BR\",\"@id\":\"https:\\\/\\\/www.notibras.com\\\/site\\\/#\\\/schema\\\/logo\\\/image\\\/\",\"url\":\"https:\\\/\\\/www.notibras.com\\\/site\\\/wp-content\\\/uploads\\\/2023\\\/01\\\/notibras23.png\",\"contentUrl\":\"https:\\\/\\\/www.notibras.com\\\/site\\\/wp-content\\\/uploads\\\/2023\\\/01\\\/notibras23.png\",\"width\":350,\"height\":87,\"caption\":\"Grupo Notibras de Comunica\u00e7\u00e3o\"},\"image\":{\"@id\":\"https:\\\/\\\/www.notibras.com\\\/site\\\/#\\\/schema\\\/logo\\\/image\\\/\"},\"sameAs\":[\"https:\\\/\\\/www.facebook.com\\\/notibras\\\/\",\"https:\\\/\\\/x.com\\\/Notibras\",\"https:\\\/\\\/www.instagram.com\\\/notibras\\\/\"]},{\"@type\":\"Person\",\"@id\":\"https:\\\/\\\/www.notibras.com\\\/site\\\/#\\\/schema\\\/person\\\/36ab0979449956132d3e5b517ea76ac8\",\"name\":\"Reda\u00e7\u00e3o\",\"image\":{\"@type\":\"ImageObject\",\"inLanguage\":\"pt-BR\",\"@id\":\"https:\\\/\\\/secure.gravatar.com\\\/avatar\\\/e0a867bdedb85fd243eadf09663511f96fc81e0720a4a42581f334ad4303aa6b?s=96&d=mm&r=g\",\"url\":\"https:\\\/\\\/secure.gravatar.com\\\/avatar\\\/e0a867bdedb85fd243eadf09663511f96fc81e0720a4a42581f334ad4303aa6b?s=96&d=mm&r=g\",\"contentUrl\":\"https:\\\/\\\/secure.gravatar.com\\\/avatar\\\/e0a867bdedb85fd243eadf09663511f96fc81e0720a4a42581f334ad4303aa6b?s=96&d=mm&r=g\",\"caption\":\"Reda\u00e7\u00e3o\"}}]}<\/script>\n<!-- \/ Yoast SEO plugin. -->","yoast_head_json":{"title":"Lista fechada \u00e9 o maior golpe pol\u00edtico contra o povo - Notibras","robots":{"index":"index","follow":"follow","max-snippet":"max-snippet:-1","max-image-preview":"max-image-preview:large","max-video-preview":"max-video-preview:-1"},"canonical":"https:\/\/www.notibras.com\/site\/lista-fechada-e-o-maior-golpe-politico-contra-o-povo\/","og_locale":"pt_BR","og_type":"article","og_title":"Lista fechada \u00e9 o maior golpe pol\u00edtico contra o povo - Notibras","og_description":"Percival Puggina A tentativa de instituir o voto em lista fechada \u00e9 a manobra mais descarada desde o in\u00edcio das opera\u00e7\u00f5es da Lava Jato. Supera, em despudor, a miss\u00e3o do &#8220;Bessias&#8221; levando a Lula o ato que o homiziaria no minist\u00e9rio de Dilma. \u00c9 mais desavergonhada do que a &#8220;anistia do caixa 2&#8221;. A democracia [&hellip;]","og_url":"https:\/\/www.notibras.com\/site\/lista-fechada-e-o-maior-golpe-politico-contra-o-povo\/","og_site_name":"Notibras","article_publisher":"https:\/\/www.facebook.com\/notibras\/","article_published_time":"2017-03-27T10:10:50+00:00","og_image":[{"width":680,"height":453,"url":"https:\/\/www.notibras.com\/site\/wp-content\/uploads\/2017\/03\/urna-eletronica-votacao-02-original15.jpeg","type":"image\/jpeg"}],"author":"Reda\u00e7\u00e3o","twitter_card":"summary_large_image","twitter_creator":"@Notibras","twitter_site":"@Notibras","twitter_misc":{"Escrito por":"Reda\u00e7\u00e3o","Est. tempo de leitura":"2 minutos"},"schema":{"@context":"https:\/\/schema.org","@graph":[{"@type":"Article","@id":"https:\/\/www.notibras.com\/site\/lista-fechada-e-o-maior-golpe-politico-contra-o-povo\/#article","isPartOf":{"@id":"https:\/\/www.notibras.com\/site\/lista-fechada-e-o-maior-golpe-politico-contra-o-povo\/"},"author":{"name":"Reda\u00e7\u00e3o","@id":"https:\/\/www.notibras.com\/site\/#\/schema\/person\/36ab0979449956132d3e5b517ea76ac8"},"headline":"Lista fechada \u00e9 o maior golpe pol\u00edtico contra o povo","datePublished":"2017-03-27T10:10:50+00:00","mainEntityOfPage":{"@id":"https:\/\/www.notibras.com\/site\/lista-fechada-e-o-maior-golpe-politico-contra-o-povo\/"},"wordCount":465,"commentCount":0,"publisher":{"@id":"https:\/\/www.notibras.com\/site\/#organization"},"image":{"@id":"https:\/\/www.notibras.com\/site\/lista-fechada-e-o-maior-golpe-politico-contra-o-povo\/#primaryimage"},"thumbnailUrl":"https:\/\/www.notibras.com\/site\/wp-content\/uploads\/2017\/03\/urna-eletronica-votacao-02-original15.jpeg","articleSection":["Opina a\u00ed"],"inLanguage":"pt-BR","potentialAction":[{"@type":"CommentAction","name":"Comment","target":["https:\/\/www.notibras.com\/site\/lista-fechada-e-o-maior-golpe-politico-contra-o-povo\/#respond"]}]},{"@type":"WebPage","@id":"https:\/\/www.notibras.com\/site\/lista-fechada-e-o-maior-golpe-politico-contra-o-povo\/","url":"https:\/\/www.notibras.com\/site\/lista-fechada-e-o-maior-golpe-politico-contra-o-povo\/","name":"Lista fechada \u00e9 o maior golpe pol\u00edtico contra o povo - Notibras","isPartOf":{"@id":"https:\/\/www.notibras.com\/site\/#website"},"primaryImageOfPage":{"@id":"https:\/\/www.notibras.com\/site\/lista-fechada-e-o-maior-golpe-politico-contra-o-povo\/#primaryimage"},"image":{"@id":"https:\/\/www.notibras.com\/site\/lista-fechada-e-o-maior-golpe-politico-contra-o-povo\/#primaryimage"},"thumbnailUrl":"https:\/\/www.notibras.com\/site\/wp-content\/uploads\/2017\/03\/urna-eletronica-votacao-02-original15.jpeg","datePublished":"2017-03-27T10:10:50+00:00","breadcrumb":{"@id":"https:\/\/www.notibras.com\/site\/lista-fechada-e-o-maior-golpe-politico-contra-o-povo\/#breadcrumb"},"inLanguage":"pt-BR","potentialAction":[{"@type":"ReadAction","target":["https:\/\/www.notibras.com\/site\/lista-fechada-e-o-maior-golpe-politico-contra-o-povo\/"]}]},{"@type":"ImageObject","inLanguage":"pt-BR","@id":"https:\/\/www.notibras.com\/site\/lista-fechada-e-o-maior-golpe-politico-contra-o-povo\/#primaryimage","url":"https:\/\/www.notibras.com\/site\/wp-content\/uploads\/2017\/03\/urna-eletronica-votacao-02-original15.jpeg","contentUrl":"https:\/\/www.notibras.com\/site\/wp-content\/uploads\/2017\/03\/urna-eletronica-votacao-02-original15.jpeg","width":680,"height":453},{"@type":"BreadcrumbList","@id":"https:\/\/www.notibras.com\/site\/lista-fechada-e-o-maior-golpe-politico-contra-o-povo\/#breadcrumb","itemListElement":[{"@type":"ListItem","position":1,"name":"In\u00edcio","item":"https:\/\/www.notibras.com\/site\/"},{"@type":"ListItem","position":2,"name":"Lista fechada \u00e9 o maior golpe pol\u00edtico contra o povo"}]},{"@type":"WebSite","@id":"https:\/\/www.notibras.com\/site\/#website","url":"https:\/\/www.notibras.com\/site\/","name":"Notibras","description":"Not\u00edcias de Bras\u00edlia, do Brasil e do Mundo","publisher":{"@id":"https:\/\/www.notibras.com\/site\/#organization"},"potentialAction":[{"@type":"SearchAction","target":{"@type":"EntryPoint","urlTemplate":"https:\/\/www.notibras.com\/site\/?s={search_term_string}"},"query-input":{"@type":"PropertyValueSpecification","valueRequired":true,"valueName":"search_term_string"}}],"inLanguage":"pt-BR"},{"@type":"Organization","@id":"https:\/\/www.notibras.com\/site\/#organization","name":"Grupo Notibras de Comunica\u00e7\u00e3o","url":"https:\/\/www.notibras.com\/site\/","logo":{"@type":"ImageObject","inLanguage":"pt-BR","@id":"https:\/\/www.notibras.com\/site\/#\/schema\/logo\/image\/","url":"https:\/\/www.notibras.com\/site\/wp-content\/uploads\/2023\/01\/notibras23.png","contentUrl":"https:\/\/www.notibras.com\/site\/wp-content\/uploads\/2023\/01\/notibras23.png","width":350,"height":87,"caption":"Grupo Notibras de Comunica\u00e7\u00e3o"},"image":{"@id":"https:\/\/www.notibras.com\/site\/#\/schema\/logo\/image\/"},"sameAs":["https:\/\/www.facebook.com\/notibras\/","https:\/\/x.com\/Notibras","https:\/\/www.instagram.com\/notibras\/"]},{"@type":"Person","@id":"https:\/\/www.notibras.com\/site\/#\/schema\/person\/36ab0979449956132d3e5b517ea76ac8","name":"Reda\u00e7\u00e3o","image":{"@type":"ImageObject","inLanguage":"pt-BR","@id":"https:\/\/secure.gravatar.com\/avatar\/e0a867bdedb85fd243eadf09663511f96fc81e0720a4a42581f334ad4303aa6b?s=96&d=mm&r=g","url":"https:\/\/secure.gravatar.com\/avatar\/e0a867bdedb85fd243eadf09663511f96fc81e0720a4a42581f334ad4303aa6b?s=96&d=mm&r=g","contentUrl":"https:\/\/secure.gravatar.com\/avatar\/e0a867bdedb85fd243eadf09663511f96fc81e0720a4a42581f334ad4303aa6b?s=96&d=mm&r=g","caption":"Reda\u00e7\u00e3o"}}]}},"amp_enabled":true,"_links":{"self":[{"href":"https:\/\/www.notibras.com\/site\/wp-json\/wp\/v2\/posts\/133272","targetHints":{"allow":["GET"]}}],"collection":[{"href":"https:\/\/www.notibras.com\/site\/wp-json\/wp\/v2\/posts"}],"about":[{"href":"https:\/\/www.notibras.com\/site\/wp-json\/wp\/v2\/types\/post"}],"author":[{"embeddable":true,"href":"https:\/\/www.notibras.com\/site\/wp-json\/wp\/v2\/users\/2"}],"replies":[{"embeddable":true,"href":"https:\/\/www.notibras.com\/site\/wp-json\/wp\/v2\/comments?post=133272"}],"version-history":[{"count":1,"href":"https:\/\/www.notibras.com\/site\/wp-json\/wp\/v2\/posts\/133272\/revisions"}],"predecessor-version":[{"id":133274,"href":"https:\/\/www.notibras.com\/site\/wp-json\/wp\/v2\/posts\/133272\/revisions\/133274"}],"wp:featuredmedia":[{"embeddable":true,"href":"https:\/\/www.notibras.com\/site\/wp-json\/wp\/v2\/media\/133273"}],"wp:attachment":[{"href":"https:\/\/www.notibras.com\/site\/wp-json\/wp\/v2\/media?parent=133272"}],"wp:term":[{"taxonomy":"category","embeddable":true,"href":"https:\/\/www.notibras.com\/site\/wp-json\/wp\/v2\/categories?post=133272"},{"taxonomy":"post_tag","embeddable":true,"href":"https:\/\/www.notibras.com\/site\/wp-json\/wp\/v2\/tags?post=133272"}],"curies":[{"name":"wp","href":"https:\/\/api.w.org\/{rel}","templated":true}]}}