{"id":133275,"date":"2017-03-27T17:17:15","date_gmt":"2017-03-27T20:17:15","guid":{"rendered":"http:\/\/www.notibras.com\/site\/?p=133275"},"modified":"2017-03-27T07:17:51","modified_gmt":"2017-03-27T10:17:51","slug":"chamuscado-pt-corre-em-busca-da-ousadia-perdida","status":"publish","type":"post","link":"https:\/\/www.notibras.com\/site\/chamuscado-pt-corre-em-busca-da-ousadia-perdida\/","title":{"rendered":"Chamuscado, PT corre em busca da ousadia perdida"},"content":{"rendered":"<p><strong>Celso Lungaretti<\/strong><\/p>\n<p>Eis o que dizia o Partido dos Trabalhadores no seu manifesto de funda\u00e7\u00e3o, datado de 10 de fevereiro de 1980:<\/p>\n<p>&#8220;Os trabalhadores querem a independ\u00eancia nacional. Entendem que a Na\u00e7\u00e3o \u00e9 o povo e, por isso, sabem que o pa\u00eds s\u00f3 ser\u00e1 efetivamente independente quando o Estado for dirigido pelas massas trabalhadoras. \u00c9 preciso que o Estado se torne a express\u00e3o da sociedade, o que s\u00f3 ser\u00e1 poss\u00edvel quando se criarem condi\u00e7\u00f5es de livre interven\u00e7\u00e3o dos trabalhadores nas decis\u00f5es dos seus rumos. Por isso, o PT pretende chegar ao governo e \u00e0 dire\u00e7\u00e3o do Estado para realizar uma pol\u00edtica democr\u00e1tica, do ponto de vista dos trabalhadores, tanto no plano econ\u00f4mico quanto no plano social. O PT buscar\u00e1 conquistar a liberdade para que o povo possa construir uma sociedade igualit\u00e1ria, onde n\u00e3o haja explorados nem exploradores. O PT manifesta sua solidariedade \u00e0 luta de todas as massas oprimidas do mundo&#8221;.<\/p>\n<p>Eis o 13\u00ba e \u00faltimo dos pontos para mudar o PT alinhavados pelo vice-presidente do partido, deputado estadual Paulo Teixeira (SP), como propostas para serem discutidas no pr\u00f3ximo congresso nacional petista, marcado para o in\u00edcio de junho:<\/p>\n<p>&#8220;Retomar o caminho republicano inspirado nos valores do socialismo democr\u00e1tico, fundados na igualdade, no controle p\u00fablico democr\u00e1tico do Estado e no pluralismo! A renova\u00e7\u00e3o program\u00e1tica do PT n\u00e3o pode temer a palavra socialismo, que deve andar junto com a palavra democracia. A atualiza\u00e7\u00e3o do programa do PT que ocorrer\u00e1 no 6\u00ba Congresso precisa compreender que \u00e9 tempo de enfrentar o fascismo com for\u00e7a, mas sem repetir os erros de concilia\u00e7\u00e3o que nos trouxeram at\u00e9 aqui. (&#8230;) O capitalismo deu errado: oito homens possuem a mesma riqueza que a metade mais pobre da popula\u00e7\u00e3o. Os \u00edndices de desigualdade social no mundo s\u00e3o parecidos com os do in\u00edcio do s\u00e9culo XX, que gerou duas Guerras Mundiais e milh\u00f5es de mortos. O PT precisa combater esse sistema desigual e atrav\u00e9s do socialismo e da democracia encontrar novos marcos program\u00e1ticos para o futuro do pa\u00eds e do mundo&#8221;.<\/p>\n<p>Resumo da opereta: 1)\u00a0o PT praticou vergonhosamente a pol\u00edtica de concilia\u00e7\u00e3o de classes durante os 13 anos e 4 meses durante os quais a burguesia lhe concedeu permiss\u00e3o para gerenciar o capitalismo brasileiro; 2)\u00a0agora que os poderosos dispensaram sua colabora\u00e7\u00e3o com um pontap\u00e9 nos fundilhos, dever\u00e1 discutir uma retomada das bandeiras anticapitalistas, o que seria seu primeiro passo na dire\u00e7\u00e3o certa em muitos e muitos anos.<\/p>\n<p>Espero, contudo, que o fa\u00e7a com verdadeira disposi\u00e7\u00e3o de luta, expressa num discurso muito mais afirmativo do que este que voc\u00eas leem acima.<\/p>\n<p>O redator estava visivelmente pisando em ovos, como que pedindo desculpas pela mudan\u00e7a de rumo proposta e fazendo quest\u00e3o de escrever democracia cada vez que escrevia socialismo, qual uma atenuante obrigat\u00f3ria. [Antigamente t\u00ednhamos total clareza quanto ao fato de que a democracia de uma sociedade de classes jamais ser\u00e1 uma verdadeira democracia e n\u00e3o hesit\u00e1vamos em proclamar esta verdade em alto e bom som, utilizando sempre a express\u00e3o democracia burguesa&#8230;]<\/p>\n<p>Isto para n\u00e3o falar na pat\u00e9tica men\u00e7\u00e3o ao caminho republicano, que faria o PT continuar patinando sem sair do lugar at\u00e9 o final dos tempos. Salta aos olhos e clama aos c\u00e9us que o caminho a ser retomado \u00e9 o revolucion\u00e1rio!<\/p>\n<p>Ou seja, o par\u00e1grafo de 2017 \u00e9 muito pior que o de 37 anos atr\u00e1s, embora melhor do que a pr\u00e1tica recente do PT. Mas, se quiser recuperar a credibilidade, o partido ter\u00e1 de curar-se dessa pa\u00fara cr\u00f4nica de dizer algo que possa assustar os pequenos e grandes burgueses.<\/p>\n<p>Ficou meio hil\u00e1ria, p. ex., a recomenda\u00e7\u00e3o aos companheiros, de que deixem de temer a palavra socialismo, como se fosse a \u00fanica palavra deletada do dicion\u00e1rio petista. E revolu\u00e7\u00e3o? E marxismo? E anarquismo? E comunismo? E a express\u00e3o marxista explora\u00e7\u00e3o do homem pelo homem? E a frase lapidar de Prodhon, a propriedade \u00e9 o roubo?<\/p>\n<p>Tor\u00e7o para que os companheiros petistas se deem conta de que o tempo das tergiversa\u00e7\u00f5es, das papas na l\u00edngua e dos panos quentes acabou. Ou reencontram a ousadia perdida ou ser\u00e3o varridos do mapa pelos novos ousados. \u00c9 simples assim.<\/p>\n","protected":false},"excerpt":{"rendered":"<p>Celso Lungaretti Eis o que dizia o Partido dos Trabalhadores no seu manifesto de funda\u00e7\u00e3o, datado de 10 de fevereiro de 1980: &#8220;Os trabalhadores querem a independ\u00eancia nacional. Entendem que a Na\u00e7\u00e3o \u00e9 o povo e, por isso, sabem que o pa\u00eds s\u00f3 ser\u00e1 efetivamente independente quando o Estado for dirigido pelas massas trabalhadoras. \u00c9 [&hellip;]<\/p>\n","protected":false},"author":2,"featured_media":133276,"comment_status":"open","ping_status":"closed","sticky":false,"template":"","format":"standard","meta":{"_acf_changed":false,"footnotes":""},"categories":[25],"tags":[],"class_list":["post-133275","post","type-post","status-publish","format-standard","has-post-thumbnail","hentry","category-opina-ai"],"acf":[],"yoast_head":"<!-- This site is optimized with the Yoast SEO plugin v27.5 - https:\/\/yoast.com\/product\/yoast-seo-wordpress\/ -->\n<title>Chamuscado, PT corre em busca da ousadia perdida - Notibras<\/title>\n<meta name=\"robots\" content=\"index, follow, max-snippet:-1, max-image-preview:large, max-video-preview:-1\" \/>\n<link rel=\"canonical\" href=\"https:\/\/www.notibras.com\/site\/chamuscado-pt-corre-em-busca-da-ousadia-perdida\/\" \/>\n<meta property=\"og:locale\" content=\"pt_BR\" \/>\n<meta property=\"og:type\" content=\"article\" \/>\n<meta property=\"og:title\" content=\"Chamuscado, PT corre em busca da ousadia perdida - Notibras\" \/>\n<meta property=\"og:description\" content=\"Celso Lungaretti Eis o que dizia o Partido dos Trabalhadores no seu manifesto de funda\u00e7\u00e3o, datado de 10 de fevereiro de 1980: &#8220;Os trabalhadores querem a independ\u00eancia nacional. Entendem que a Na\u00e7\u00e3o \u00e9 o povo e, por isso, sabem que o pa\u00eds s\u00f3 ser\u00e1 efetivamente independente quando o Estado for dirigido pelas massas trabalhadoras. \u00c9 [&hellip;]\" \/>\n<meta property=\"og:url\" content=\"https:\/\/www.notibras.com\/site\/chamuscado-pt-corre-em-busca-da-ousadia-perdida\/\" \/>\n<meta property=\"og:site_name\" content=\"Notibras\" \/>\n<meta property=\"article:publisher\" content=\"https:\/\/www.facebook.com\/notibras\/\" \/>\n<meta property=\"article:published_time\" content=\"2017-03-27T20:17:15+00:00\" \/>\n<meta property=\"og:image\" content=\"https:\/\/www.notibras.com\/site\/wp-content\/uploads\/2017\/03\/d5cdbc93163364885710f441ef91ba3a-noticias-noticias-cachoeira-do-sul-cachoeira-do-sul-noticias-portal-de-noticias-cachoeira-do-sul-portal-cachoeira-do-sul.jpg\" \/>\n\t<meta property=\"og:image:width\" content=\"1164\" \/>\n\t<meta property=\"og:image:height\" content=\"700\" \/>\n\t<meta property=\"og:image:type\" content=\"image\/jpeg\" \/>\n<meta name=\"author\" content=\"Reda\u00e7\u00e3o\" \/>\n<meta name=\"twitter:card\" content=\"summary_large_image\" \/>\n<meta name=\"twitter:creator\" content=\"@Notibras\" \/>\n<meta name=\"twitter:site\" content=\"@Notibras\" \/>\n<meta name=\"twitter:label1\" content=\"Escrito por\" \/>\n\t<meta name=\"twitter:data1\" content=\"Reda\u00e7\u00e3o\" \/>\n\t<meta name=\"twitter:label2\" content=\"Est. tempo de leitura\" \/>\n\t<meta name=\"twitter:data2\" content=\"4 minutos\" \/>\n<script type=\"application\/ld+json\" class=\"yoast-schema-graph\">{\"@context\":\"https:\\\/\\\/schema.org\",\"@graph\":[{\"@type\":\"Article\",\"@id\":\"https:\\\/\\\/www.notibras.com\\\/site\\\/chamuscado-pt-corre-em-busca-da-ousadia-perdida\\\/#article\",\"isPartOf\":{\"@id\":\"https:\\\/\\\/www.notibras.com\\\/site\\\/chamuscado-pt-corre-em-busca-da-ousadia-perdida\\\/\"},\"author\":{\"name\":\"Reda\u00e7\u00e3o\",\"@id\":\"https:\\\/\\\/www.notibras.com\\\/site\\\/#\\\/schema\\\/person\\\/36ab0979449956132d3e5b517ea76ac8\"},\"headline\":\"Chamuscado, PT corre em busca da ousadia perdida\",\"datePublished\":\"2017-03-27T20:17:15+00:00\",\"mainEntityOfPage\":{\"@id\":\"https:\\\/\\\/www.notibras.com\\\/site\\\/chamuscado-pt-corre-em-busca-da-ousadia-perdida\\\/\"},\"wordCount\":735,\"commentCount\":0,\"publisher\":{\"@id\":\"https:\\\/\\\/www.notibras.com\\\/site\\\/#organization\"},\"image\":{\"@id\":\"https:\\\/\\\/www.notibras.com\\\/site\\\/chamuscado-pt-corre-em-busca-da-ousadia-perdida\\\/#primaryimage\"},\"thumbnailUrl\":\"https:\\\/\\\/www.notibras.com\\\/site\\\/wp-content\\\/uploads\\\/2017\\\/03\\\/d5cdbc93163364885710f441ef91ba3a-noticias-noticias-cachoeira-do-sul-cachoeira-do-sul-noticias-portal-de-noticias-cachoeira-do-sul-portal-cachoeira-do-sul.jpg\",\"articleSection\":[\"Opina a\u00ed\"],\"inLanguage\":\"pt-BR\",\"potentialAction\":[{\"@type\":\"CommentAction\",\"name\":\"Comment\",\"target\":[\"https:\\\/\\\/www.notibras.com\\\/site\\\/chamuscado-pt-corre-em-busca-da-ousadia-perdida\\\/#respond\"]}]},{\"@type\":\"WebPage\",\"@id\":\"https:\\\/\\\/www.notibras.com\\\/site\\\/chamuscado-pt-corre-em-busca-da-ousadia-perdida\\\/\",\"url\":\"https:\\\/\\\/www.notibras.com\\\/site\\\/chamuscado-pt-corre-em-busca-da-ousadia-perdida\\\/\",\"name\":\"Chamuscado, PT corre em busca da ousadia perdida - Notibras\",\"isPartOf\":{\"@id\":\"https:\\\/\\\/www.notibras.com\\\/site\\\/#website\"},\"primaryImageOfPage\":{\"@id\":\"https:\\\/\\\/www.notibras.com\\\/site\\\/chamuscado-pt-corre-em-busca-da-ousadia-perdida\\\/#primaryimage\"},\"image\":{\"@id\":\"https:\\\/\\\/www.notibras.com\\\/site\\\/chamuscado-pt-corre-em-busca-da-ousadia-perdida\\\/#primaryimage\"},\"thumbnailUrl\":\"https:\\\/\\\/www.notibras.com\\\/site\\\/wp-content\\\/uploads\\\/2017\\\/03\\\/d5cdbc93163364885710f441ef91ba3a-noticias-noticias-cachoeira-do-sul-cachoeira-do-sul-noticias-portal-de-noticias-cachoeira-do-sul-portal-cachoeira-do-sul.jpg\",\"datePublished\":\"2017-03-27T20:17:15+00:00\",\"breadcrumb\":{\"@id\":\"https:\\\/\\\/www.notibras.com\\\/site\\\/chamuscado-pt-corre-em-busca-da-ousadia-perdida\\\/#breadcrumb\"},\"inLanguage\":\"pt-BR\",\"potentialAction\":[{\"@type\":\"ReadAction\",\"target\":[\"https:\\\/\\\/www.notibras.com\\\/site\\\/chamuscado-pt-corre-em-busca-da-ousadia-perdida\\\/\"]}]},{\"@type\":\"ImageObject\",\"inLanguage\":\"pt-BR\",\"@id\":\"https:\\\/\\\/www.notibras.com\\\/site\\\/chamuscado-pt-corre-em-busca-da-ousadia-perdida\\\/#primaryimage\",\"url\":\"https:\\\/\\\/www.notibras.com\\\/site\\\/wp-content\\\/uploads\\\/2017\\\/03\\\/d5cdbc93163364885710f441ef91ba3a-noticias-noticias-cachoeira-do-sul-cachoeira-do-sul-noticias-portal-de-noticias-cachoeira-do-sul-portal-cachoeira-do-sul.jpg\",\"contentUrl\":\"https:\\\/\\\/www.notibras.com\\\/site\\\/wp-content\\\/uploads\\\/2017\\\/03\\\/d5cdbc93163364885710f441ef91ba3a-noticias-noticias-cachoeira-do-sul-cachoeira-do-sul-noticias-portal-de-noticias-cachoeira-do-sul-portal-cachoeira-do-sul.jpg\",\"width\":1164,\"height\":700},{\"@type\":\"BreadcrumbList\",\"@id\":\"https:\\\/\\\/www.notibras.com\\\/site\\\/chamuscado-pt-corre-em-busca-da-ousadia-perdida\\\/#breadcrumb\",\"itemListElement\":[{\"@type\":\"ListItem\",\"position\":1,\"name\":\"In\u00edcio\",\"item\":\"https:\\\/\\\/www.notibras.com\\\/site\\\/\"},{\"@type\":\"ListItem\",\"position\":2,\"name\":\"Chamuscado, PT corre em busca da ousadia perdida\"}]},{\"@type\":\"WebSite\",\"@id\":\"https:\\\/\\\/www.notibras.com\\\/site\\\/#website\",\"url\":\"https:\\\/\\\/www.notibras.com\\\/site\\\/\",\"name\":\"Notibras\",\"description\":\"Not\u00edcias de Bras\u00edlia, do Brasil e do Mundo\",\"publisher\":{\"@id\":\"https:\\\/\\\/www.notibras.com\\\/site\\\/#organization\"},\"potentialAction\":[{\"@type\":\"SearchAction\",\"target\":{\"@type\":\"EntryPoint\",\"urlTemplate\":\"https:\\\/\\\/www.notibras.com\\\/site\\\/?s={search_term_string}\"},\"query-input\":{\"@type\":\"PropertyValueSpecification\",\"valueRequired\":true,\"valueName\":\"search_term_string\"}}],\"inLanguage\":\"pt-BR\"},{\"@type\":\"Organization\",\"@id\":\"https:\\\/\\\/www.notibras.com\\\/site\\\/#organization\",\"name\":\"Grupo Notibras de Comunica\u00e7\u00e3o\",\"url\":\"https:\\\/\\\/www.notibras.com\\\/site\\\/\",\"logo\":{\"@type\":\"ImageObject\",\"inLanguage\":\"pt-BR\",\"@id\":\"https:\\\/\\\/www.notibras.com\\\/site\\\/#\\\/schema\\\/logo\\\/image\\\/\",\"url\":\"https:\\\/\\\/www.notibras.com\\\/site\\\/wp-content\\\/uploads\\\/2023\\\/01\\\/notibras23.png\",\"contentUrl\":\"https:\\\/\\\/www.notibras.com\\\/site\\\/wp-content\\\/uploads\\\/2023\\\/01\\\/notibras23.png\",\"width\":350,\"height\":87,\"caption\":\"Grupo Notibras de Comunica\u00e7\u00e3o\"},\"image\":{\"@id\":\"https:\\\/\\\/www.notibras.com\\\/site\\\/#\\\/schema\\\/logo\\\/image\\\/\"},\"sameAs\":[\"https:\\\/\\\/www.facebook.com\\\/notibras\\\/\",\"https:\\\/\\\/x.com\\\/Notibras\",\"https:\\\/\\\/www.instagram.com\\\/notibras\\\/\"]},{\"@type\":\"Person\",\"@id\":\"https:\\\/\\\/www.notibras.com\\\/site\\\/#\\\/schema\\\/person\\\/36ab0979449956132d3e5b517ea76ac8\",\"name\":\"Reda\u00e7\u00e3o\",\"image\":{\"@type\":\"ImageObject\",\"inLanguage\":\"pt-BR\",\"@id\":\"https:\\\/\\\/secure.gravatar.com\\\/avatar\\\/e0a867bdedb85fd243eadf09663511f96fc81e0720a4a42581f334ad4303aa6b?s=96&d=mm&r=g\",\"url\":\"https:\\\/\\\/secure.gravatar.com\\\/avatar\\\/e0a867bdedb85fd243eadf09663511f96fc81e0720a4a42581f334ad4303aa6b?s=96&d=mm&r=g\",\"contentUrl\":\"https:\\\/\\\/secure.gravatar.com\\\/avatar\\\/e0a867bdedb85fd243eadf09663511f96fc81e0720a4a42581f334ad4303aa6b?s=96&d=mm&r=g\",\"caption\":\"Reda\u00e7\u00e3o\"}}]}<\/script>\n<!-- \/ Yoast SEO plugin. -->","yoast_head_json":{"title":"Chamuscado, PT corre em busca da ousadia perdida - Notibras","robots":{"index":"index","follow":"follow","max-snippet":"max-snippet:-1","max-image-preview":"max-image-preview:large","max-video-preview":"max-video-preview:-1"},"canonical":"https:\/\/www.notibras.com\/site\/chamuscado-pt-corre-em-busca-da-ousadia-perdida\/","og_locale":"pt_BR","og_type":"article","og_title":"Chamuscado, PT corre em busca da ousadia perdida - Notibras","og_description":"Celso Lungaretti Eis o que dizia o Partido dos Trabalhadores no seu manifesto de funda\u00e7\u00e3o, datado de 10 de fevereiro de 1980: &#8220;Os trabalhadores querem a independ\u00eancia nacional. Entendem que a Na\u00e7\u00e3o \u00e9 o povo e, por isso, sabem que o pa\u00eds s\u00f3 ser\u00e1 efetivamente independente quando o Estado for dirigido pelas massas trabalhadoras. \u00c9 [&hellip;]","og_url":"https:\/\/www.notibras.com\/site\/chamuscado-pt-corre-em-busca-da-ousadia-perdida\/","og_site_name":"Notibras","article_publisher":"https:\/\/www.facebook.com\/notibras\/","article_published_time":"2017-03-27T20:17:15+00:00","og_image":[{"width":1164,"height":700,"url":"https:\/\/www.notibras.com\/site\/wp-content\/uploads\/2017\/03\/d5cdbc93163364885710f441ef91ba3a-noticias-noticias-cachoeira-do-sul-cachoeira-do-sul-noticias-portal-de-noticias-cachoeira-do-sul-portal-cachoeira-do-sul.jpg","type":"image\/jpeg"}],"author":"Reda\u00e7\u00e3o","twitter_card":"summary_large_image","twitter_creator":"@Notibras","twitter_site":"@Notibras","twitter_misc":{"Escrito por":"Reda\u00e7\u00e3o","Est. tempo de leitura":"4 minutos"},"schema":{"@context":"https:\/\/schema.org","@graph":[{"@type":"Article","@id":"https:\/\/www.notibras.com\/site\/chamuscado-pt-corre-em-busca-da-ousadia-perdida\/#article","isPartOf":{"@id":"https:\/\/www.notibras.com\/site\/chamuscado-pt-corre-em-busca-da-ousadia-perdida\/"},"author":{"name":"Reda\u00e7\u00e3o","@id":"https:\/\/www.notibras.com\/site\/#\/schema\/person\/36ab0979449956132d3e5b517ea76ac8"},"headline":"Chamuscado, PT corre em busca da ousadia perdida","datePublished":"2017-03-27T20:17:15+00:00","mainEntityOfPage":{"@id":"https:\/\/www.notibras.com\/site\/chamuscado-pt-corre-em-busca-da-ousadia-perdida\/"},"wordCount":735,"commentCount":0,"publisher":{"@id":"https:\/\/www.notibras.com\/site\/#organization"},"image":{"@id":"https:\/\/www.notibras.com\/site\/chamuscado-pt-corre-em-busca-da-ousadia-perdida\/#primaryimage"},"thumbnailUrl":"https:\/\/www.notibras.com\/site\/wp-content\/uploads\/2017\/03\/d5cdbc93163364885710f441ef91ba3a-noticias-noticias-cachoeira-do-sul-cachoeira-do-sul-noticias-portal-de-noticias-cachoeira-do-sul-portal-cachoeira-do-sul.jpg","articleSection":["Opina a\u00ed"],"inLanguage":"pt-BR","potentialAction":[{"@type":"CommentAction","name":"Comment","target":["https:\/\/www.notibras.com\/site\/chamuscado-pt-corre-em-busca-da-ousadia-perdida\/#respond"]}]},{"@type":"WebPage","@id":"https:\/\/www.notibras.com\/site\/chamuscado-pt-corre-em-busca-da-ousadia-perdida\/","url":"https:\/\/www.notibras.com\/site\/chamuscado-pt-corre-em-busca-da-ousadia-perdida\/","name":"Chamuscado, PT corre em busca da ousadia perdida - Notibras","isPartOf":{"@id":"https:\/\/www.notibras.com\/site\/#website"},"primaryImageOfPage":{"@id":"https:\/\/www.notibras.com\/site\/chamuscado-pt-corre-em-busca-da-ousadia-perdida\/#primaryimage"},"image":{"@id":"https:\/\/www.notibras.com\/site\/chamuscado-pt-corre-em-busca-da-ousadia-perdida\/#primaryimage"},"thumbnailUrl":"https:\/\/www.notibras.com\/site\/wp-content\/uploads\/2017\/03\/d5cdbc93163364885710f441ef91ba3a-noticias-noticias-cachoeira-do-sul-cachoeira-do-sul-noticias-portal-de-noticias-cachoeira-do-sul-portal-cachoeira-do-sul.jpg","datePublished":"2017-03-27T20:17:15+00:00","breadcrumb":{"@id":"https:\/\/www.notibras.com\/site\/chamuscado-pt-corre-em-busca-da-ousadia-perdida\/#breadcrumb"},"inLanguage":"pt-BR","potentialAction":[{"@type":"ReadAction","target":["https:\/\/www.notibras.com\/site\/chamuscado-pt-corre-em-busca-da-ousadia-perdida\/"]}]},{"@type":"ImageObject","inLanguage":"pt-BR","@id":"https:\/\/www.notibras.com\/site\/chamuscado-pt-corre-em-busca-da-ousadia-perdida\/#primaryimage","url":"https:\/\/www.notibras.com\/site\/wp-content\/uploads\/2017\/03\/d5cdbc93163364885710f441ef91ba3a-noticias-noticias-cachoeira-do-sul-cachoeira-do-sul-noticias-portal-de-noticias-cachoeira-do-sul-portal-cachoeira-do-sul.jpg","contentUrl":"https:\/\/www.notibras.com\/site\/wp-content\/uploads\/2017\/03\/d5cdbc93163364885710f441ef91ba3a-noticias-noticias-cachoeira-do-sul-cachoeira-do-sul-noticias-portal-de-noticias-cachoeira-do-sul-portal-cachoeira-do-sul.jpg","width":1164,"height":700},{"@type":"BreadcrumbList","@id":"https:\/\/www.notibras.com\/site\/chamuscado-pt-corre-em-busca-da-ousadia-perdida\/#breadcrumb","itemListElement":[{"@type":"ListItem","position":1,"name":"In\u00edcio","item":"https:\/\/www.notibras.com\/site\/"},{"@type":"ListItem","position":2,"name":"Chamuscado, PT corre em busca da ousadia perdida"}]},{"@type":"WebSite","@id":"https:\/\/www.notibras.com\/site\/#website","url":"https:\/\/www.notibras.com\/site\/","name":"Notibras","description":"Not\u00edcias de Bras\u00edlia, do Brasil e do Mundo","publisher":{"@id":"https:\/\/www.notibras.com\/site\/#organization"},"potentialAction":[{"@type":"SearchAction","target":{"@type":"EntryPoint","urlTemplate":"https:\/\/www.notibras.com\/site\/?s={search_term_string}"},"query-input":{"@type":"PropertyValueSpecification","valueRequired":true,"valueName":"search_term_string"}}],"inLanguage":"pt-BR"},{"@type":"Organization","@id":"https:\/\/www.notibras.com\/site\/#organization","name":"Grupo Notibras de Comunica\u00e7\u00e3o","url":"https:\/\/www.notibras.com\/site\/","logo":{"@type":"ImageObject","inLanguage":"pt-BR","@id":"https:\/\/www.notibras.com\/site\/#\/schema\/logo\/image\/","url":"https:\/\/www.notibras.com\/site\/wp-content\/uploads\/2023\/01\/notibras23.png","contentUrl":"https:\/\/www.notibras.com\/site\/wp-content\/uploads\/2023\/01\/notibras23.png","width":350,"height":87,"caption":"Grupo Notibras de Comunica\u00e7\u00e3o"},"image":{"@id":"https:\/\/www.notibras.com\/site\/#\/schema\/logo\/image\/"},"sameAs":["https:\/\/www.facebook.com\/notibras\/","https:\/\/x.com\/Notibras","https:\/\/www.instagram.com\/notibras\/"]},{"@type":"Person","@id":"https:\/\/www.notibras.com\/site\/#\/schema\/person\/36ab0979449956132d3e5b517ea76ac8","name":"Reda\u00e7\u00e3o","image":{"@type":"ImageObject","inLanguage":"pt-BR","@id":"https:\/\/secure.gravatar.com\/avatar\/e0a867bdedb85fd243eadf09663511f96fc81e0720a4a42581f334ad4303aa6b?s=96&d=mm&r=g","url":"https:\/\/secure.gravatar.com\/avatar\/e0a867bdedb85fd243eadf09663511f96fc81e0720a4a42581f334ad4303aa6b?s=96&d=mm&r=g","contentUrl":"https:\/\/secure.gravatar.com\/avatar\/e0a867bdedb85fd243eadf09663511f96fc81e0720a4a42581f334ad4303aa6b?s=96&d=mm&r=g","caption":"Reda\u00e7\u00e3o"}}]}},"amp_enabled":true,"_links":{"self":[{"href":"https:\/\/www.notibras.com\/site\/wp-json\/wp\/v2\/posts\/133275","targetHints":{"allow":["GET"]}}],"collection":[{"href":"https:\/\/www.notibras.com\/site\/wp-json\/wp\/v2\/posts"}],"about":[{"href":"https:\/\/www.notibras.com\/site\/wp-json\/wp\/v2\/types\/post"}],"author":[{"embeddable":true,"href":"https:\/\/www.notibras.com\/site\/wp-json\/wp\/v2\/users\/2"}],"replies":[{"embeddable":true,"href":"https:\/\/www.notibras.com\/site\/wp-json\/wp\/v2\/comments?post=133275"}],"version-history":[{"count":1,"href":"https:\/\/www.notibras.com\/site\/wp-json\/wp\/v2\/posts\/133275\/revisions"}],"predecessor-version":[{"id":133277,"href":"https:\/\/www.notibras.com\/site\/wp-json\/wp\/v2\/posts\/133275\/revisions\/133277"}],"wp:featuredmedia":[{"embeddable":true,"href":"https:\/\/www.notibras.com\/site\/wp-json\/wp\/v2\/media\/133276"}],"wp:attachment":[{"href":"https:\/\/www.notibras.com\/site\/wp-json\/wp\/v2\/media?parent=133275"}],"wp:term":[{"taxonomy":"category","embeddable":true,"href":"https:\/\/www.notibras.com\/site\/wp-json\/wp\/v2\/categories?post=133275"},{"taxonomy":"post_tag","embeddable":true,"href":"https:\/\/www.notibras.com\/site\/wp-json\/wp\/v2\/tags?post=133275"}],"curies":[{"name":"wp","href":"https:\/\/api.w.org\/{rel}","templated":true}]}}