{"id":13357,"date":"2014-06-13T16:02:21","date_gmt":"2014-06-13T19:02:21","guid":{"rendered":"http:\/\/www.notibras.com\/site\/?p=13357"},"modified":"2014-06-14T07:37:43","modified_gmt":"2014-06-14T10:37:43","slug":"banco-central-apointa-crescimento-de-apenas-012-da-economia","status":"publish","type":"post","link":"https:\/\/www.notibras.com\/site\/banco-central-apointa-crescimento-de-apenas-012-da-economia\/","title":{"rendered":"Banco Central aponta crescimento de apenas 0,12%"},"content":{"rendered":"<p>A atividade econ\u00f4mica iniciou o segundo trimestre com crescimento. O \u00cdndice de Atividade Econ\u00f4mica do Banco Central (IBC-Br) dessazonalizado (ajustado para o per\u00edodo) apresentou expans\u00e3o de 0,12% em abril, comparado a mar\u00e7o, de acordo com dados divulgados nesta sexta-feira 13.<\/p>\n<p>Em rela\u00e7\u00e3o ao mesmo m\u00eas do ano passado, houve queda de 2,29%, de acordo com os dados sem ajustes j\u00e1 que s\u00e3o per\u00edodos iguais na compara\u00e7\u00e3o. Em 12 meses encerrados em abril, a expans\u00e3o ficou em 2,17% e no ano, em 0,78%.<\/p>\n<p>O IBC-Br \u00e9 uma forma de avaliar a evolu\u00e7\u00e3o da atividade econ\u00f4mica brasileira a cada m\u00eas. O \u00edndice incorpora informa\u00e7\u00f5es sobre o n\u00edvel de atividade dos tr\u00eas setores da economia: ind\u00fastria, com\u00e9rcio e servi\u00e7os e agropecu\u00e1ria.<\/p>\n<div class=\"node-info\"><strong>Kelly Oliveira, ABr<\/strong><\/div>\n","protected":false},"excerpt":{"rendered":"<p>A atividade econ\u00f4mica iniciou o segundo trimestre com crescimento. O \u00cdndice de Atividade Econ\u00f4mica do Banco Central (IBC-Br) dessazonalizado (ajustado para o per\u00edodo) apresentou expans\u00e3o de 0,12% em abril, comparado a mar\u00e7o, de acordo com dados divulgados nesta sexta-feira 13. Em rela\u00e7\u00e3o ao mesmo m\u00eas do ano passado, houve queda de 2,29%, de acordo com [&hellip;]<\/p>\n","protected":false},"author":2,"featured_media":13358,"comment_status":"open","ping_status":"closed","sticky":false,"template":"","format":"standard","meta":{"_acf_changed":false,"footnotes":""},"categories":[16],"tags":[],"class_list":["post-13357","post","type-post","status-publish","format-standard","has-post-thumbnail","hentry","category-brasil"],"acf":[],"yoast_head":"<!-- This site is optimized with the Yoast SEO plugin v27.2 - https:\/\/yoast.com\/product\/yoast-seo-wordpress\/ -->\n<title>Banco Central aponta crescimento de apenas 0,12% - Notibras<\/title>\n<meta name=\"robots\" content=\"index, follow, max-snippet:-1, max-image-preview:large, max-video-preview:-1\" \/>\n<link rel=\"canonical\" href=\"https:\/\/www.notibras.com\/site\/banco-central-apointa-crescimento-de-apenas-012-da-economia\/\" \/>\n<meta property=\"og:locale\" content=\"pt_BR\" \/>\n<meta property=\"og:type\" content=\"article\" \/>\n<meta property=\"og:title\" content=\"Banco Central aponta crescimento de apenas 0,12% - Notibras\" \/>\n<meta property=\"og:description\" content=\"A atividade econ\u00f4mica iniciou o segundo trimestre com crescimento. O \u00cdndice de Atividade Econ\u00f4mica do Banco Central (IBC-Br) dessazonalizado (ajustado para o per\u00edodo) apresentou expans\u00e3o de 0,12% em abril, comparado a mar\u00e7o, de acordo com dados divulgados nesta sexta-feira 13. Em rela\u00e7\u00e3o ao mesmo m\u00eas do ano passado, houve queda de 2,29%, de acordo com [&hellip;]\" \/>\n<meta property=\"og:url\" content=\"https:\/\/www.notibras.com\/site\/banco-central-apointa-crescimento-de-apenas-012-da-economia\/\" \/>\n<meta property=\"og:site_name\" content=\"Notibras\" \/>\n<meta property=\"article:publisher\" content=\"https:\/\/www.facebook.com\/notibras\/\" \/>\n<meta property=\"article:published_time\" content=\"2014-06-13T19:02:21+00:00\" \/>\n<meta property=\"article:modified_time\" content=\"2014-06-14T10:37:43+00:00\" \/>\n<meta property=\"og:image\" content=\"https:\/\/www.notibras.com\/site\/wp-content\/uploads\/2014\/06\/producao_industrial61_0_8_883_578.jpg\" \/>\n\t<meta property=\"og:image:width\" content=\"800\" \/>\n\t<meta property=\"og:image:height\" content=\"524\" \/>\n\t<meta property=\"og:image:type\" content=\"image\/jpeg\" \/>\n<meta name=\"author\" content=\"Reda\u00e7\u00e3o\" \/>\n<meta name=\"twitter:card\" content=\"summary_large_image\" \/>\n<meta name=\"twitter:creator\" content=\"@Notibras\" \/>\n<meta name=\"twitter:site\" content=\"@Notibras\" \/>\n<meta name=\"twitter:label1\" content=\"Escrito por\" \/>\n\t<meta name=\"twitter:data1\" content=\"Reda\u00e7\u00e3o\" \/>\n\t<meta name=\"twitter:label2\" content=\"Est. tempo de leitura\" \/>\n\t<meta name=\"twitter:data2\" content=\"1 minuto\" \/>\n<script type=\"application\/ld+json\" class=\"yoast-schema-graph\">{\"@context\":\"https:\/\/schema.org\",\"@graph\":[{\"@type\":\"Article\",\"@id\":\"https:\/\/www.notibras.com\/site\/banco-central-apointa-crescimento-de-apenas-012-da-economia\/#article\",\"isPartOf\":{\"@id\":\"https:\/\/www.notibras.com\/site\/banco-central-apointa-crescimento-de-apenas-012-da-economia\/\"},\"author\":{\"name\":\"Reda\u00e7\u00e3o\",\"@id\":\"https:\/\/www.notibras.com\/site\/#\/schema\/person\/36ab0979449956132d3e5b517ea76ac8\"},\"headline\":\"Banco Central aponta crescimento de apenas 0,12%\",\"datePublished\":\"2014-06-13T19:02:21+00:00\",\"dateModified\":\"2014-06-14T10:37:43+00:00\",\"mainEntityOfPage\":{\"@id\":\"https:\/\/www.notibras.com\/site\/banco-central-apointa-crescimento-de-apenas-012-da-economia\/\"},\"wordCount\":141,\"commentCount\":0,\"publisher\":{\"@id\":\"https:\/\/www.notibras.com\/site\/#organization\"},\"image\":{\"@id\":\"https:\/\/www.notibras.com\/site\/banco-central-apointa-crescimento-de-apenas-012-da-economia\/#primaryimage\"},\"thumbnailUrl\":\"https:\/\/www.notibras.com\/site\/wp-content\/uploads\/2014\/06\/producao_industrial61_0_8_883_578.jpg\",\"articleSection\":[\"Brasil\"],\"inLanguage\":\"pt-BR\",\"potentialAction\":[{\"@type\":\"CommentAction\",\"name\":\"Comment\",\"target\":[\"https:\/\/www.notibras.com\/site\/banco-central-apointa-crescimento-de-apenas-012-da-economia\/#respond\"]}]},{\"@type\":\"WebPage\",\"@id\":\"https:\/\/www.notibras.com\/site\/banco-central-apointa-crescimento-de-apenas-012-da-economia\/\",\"url\":\"https:\/\/www.notibras.com\/site\/banco-central-apointa-crescimento-de-apenas-012-da-economia\/\",\"name\":\"Banco Central aponta crescimento de apenas 0,12% - Notibras\",\"isPartOf\":{\"@id\":\"https:\/\/www.notibras.com\/site\/#website\"},\"primaryImageOfPage\":{\"@id\":\"https:\/\/www.notibras.com\/site\/banco-central-apointa-crescimento-de-apenas-012-da-economia\/#primaryimage\"},\"image\":{\"@id\":\"https:\/\/www.notibras.com\/site\/banco-central-apointa-crescimento-de-apenas-012-da-economia\/#primaryimage\"},\"thumbnailUrl\":\"https:\/\/www.notibras.com\/site\/wp-content\/uploads\/2014\/06\/producao_industrial61_0_8_883_578.jpg\",\"datePublished\":\"2014-06-13T19:02:21+00:00\",\"dateModified\":\"2014-06-14T10:37:43+00:00\",\"breadcrumb\":{\"@id\":\"https:\/\/www.notibras.com\/site\/banco-central-apointa-crescimento-de-apenas-012-da-economia\/#breadcrumb\"},\"inLanguage\":\"pt-BR\",\"potentialAction\":[{\"@type\":\"ReadAction\",\"target\":[\"https:\/\/www.notibras.com\/site\/banco-central-apointa-crescimento-de-apenas-012-da-economia\/\"]}]},{\"@type\":\"ImageObject\",\"inLanguage\":\"pt-BR\",\"@id\":\"https:\/\/www.notibras.com\/site\/banco-central-apointa-crescimento-de-apenas-012-da-economia\/#primaryimage\",\"url\":\"https:\/\/www.notibras.com\/site\/wp-content\/uploads\/2014\/06\/producao_industrial61_0_8_883_578.jpg\",\"contentUrl\":\"https:\/\/www.notibras.com\/site\/wp-content\/uploads\/2014\/06\/producao_industrial61_0_8_883_578.jpg\",\"width\":800,\"height\":524},{\"@type\":\"BreadcrumbList\",\"@id\":\"https:\/\/www.notibras.com\/site\/banco-central-apointa-crescimento-de-apenas-012-da-economia\/#breadcrumb\",\"itemListElement\":[{\"@type\":\"ListItem\",\"position\":1,\"name\":\"In\u00edcio\",\"item\":\"https:\/\/www.notibras.com\/site\/\"},{\"@type\":\"ListItem\",\"position\":2,\"name\":\"Banco Central aponta crescimento de apenas 0,12%\"}]},{\"@type\":\"WebSite\",\"@id\":\"https:\/\/www.notibras.com\/site\/#website\",\"url\":\"https:\/\/www.notibras.com\/site\/\",\"name\":\"Notibras\",\"description\":\"Not\u00edcias de Bras\u00edlia, do Brasil e do Mundo\",\"publisher\":{\"@id\":\"https:\/\/www.notibras.com\/site\/#organization\"},\"potentialAction\":[{\"@type\":\"SearchAction\",\"target\":{\"@type\":\"EntryPoint\",\"urlTemplate\":\"https:\/\/www.notibras.com\/site\/?s={search_term_string}\"},\"query-input\":{\"@type\":\"PropertyValueSpecification\",\"valueRequired\":true,\"valueName\":\"search_term_string\"}}],\"inLanguage\":\"pt-BR\"},{\"@type\":\"Organization\",\"@id\":\"https:\/\/www.notibras.com\/site\/#organization\",\"name\":\"Grupo Notibras de Comunica\u00e7\u00e3o\",\"url\":\"https:\/\/www.notibras.com\/site\/\",\"logo\":{\"@type\":\"ImageObject\",\"inLanguage\":\"pt-BR\",\"@id\":\"https:\/\/www.notibras.com\/site\/#\/schema\/logo\/image\/\",\"url\":\"https:\/\/www.notibras.com\/site\/wp-content\/uploads\/2023\/01\/notibras23.png\",\"contentUrl\":\"https:\/\/www.notibras.com\/site\/wp-content\/uploads\/2023\/01\/notibras23.png\",\"width\":350,\"height\":87,\"caption\":\"Grupo Notibras de Comunica\u00e7\u00e3o\"},\"image\":{\"@id\":\"https:\/\/www.notibras.com\/site\/#\/schema\/logo\/image\/\"},\"sameAs\":[\"https:\/\/www.facebook.com\/notibras\/\",\"https:\/\/x.com\/Notibras\",\"https:\/\/www.instagram.com\/notibras\/\"]},{\"@type\":\"Person\",\"@id\":\"https:\/\/www.notibras.com\/site\/#\/schema\/person\/36ab0979449956132d3e5b517ea76ac8\",\"name\":\"Reda\u00e7\u00e3o\",\"image\":{\"@type\":\"ImageObject\",\"inLanguage\":\"pt-BR\",\"@id\":\"https:\/\/secure.gravatar.com\/avatar\/e0a867bdedb85fd243eadf09663511f96fc81e0720a4a42581f334ad4303aa6b?s=96&d=mm&r=g\",\"url\":\"https:\/\/secure.gravatar.com\/avatar\/e0a867bdedb85fd243eadf09663511f96fc81e0720a4a42581f334ad4303aa6b?s=96&d=mm&r=g\",\"contentUrl\":\"https:\/\/secure.gravatar.com\/avatar\/e0a867bdedb85fd243eadf09663511f96fc81e0720a4a42581f334ad4303aa6b?s=96&d=mm&r=g\",\"caption\":\"Reda\u00e7\u00e3o\"}}]}<\/script>\n<!-- \/ Yoast SEO plugin. -->","yoast_head_json":{"title":"Banco Central aponta crescimento de apenas 0,12% - Notibras","robots":{"index":"index","follow":"follow","max-snippet":"max-snippet:-1","max-image-preview":"max-image-preview:large","max-video-preview":"max-video-preview:-1"},"canonical":"https:\/\/www.notibras.com\/site\/banco-central-apointa-crescimento-de-apenas-012-da-economia\/","og_locale":"pt_BR","og_type":"article","og_title":"Banco Central aponta crescimento de apenas 0,12% - Notibras","og_description":"A atividade econ\u00f4mica iniciou o segundo trimestre com crescimento. O \u00cdndice de Atividade Econ\u00f4mica do Banco Central (IBC-Br) dessazonalizado (ajustado para o per\u00edodo) apresentou expans\u00e3o de 0,12% em abril, comparado a mar\u00e7o, de acordo com dados divulgados nesta sexta-feira 13. Em rela\u00e7\u00e3o ao mesmo m\u00eas do ano passado, houve queda de 2,29%, de acordo com [&hellip;]","og_url":"https:\/\/www.notibras.com\/site\/banco-central-apointa-crescimento-de-apenas-012-da-economia\/","og_site_name":"Notibras","article_publisher":"https:\/\/www.facebook.com\/notibras\/","article_published_time":"2014-06-13T19:02:21+00:00","article_modified_time":"2014-06-14T10:37:43+00:00","og_image":[{"width":800,"height":524,"url":"https:\/\/www.notibras.com\/site\/wp-content\/uploads\/2014\/06\/producao_industrial61_0_8_883_578.jpg","type":"image\/jpeg"}],"author":"Reda\u00e7\u00e3o","twitter_card":"summary_large_image","twitter_creator":"@Notibras","twitter_site":"@Notibras","twitter_misc":{"Escrito por":"Reda\u00e7\u00e3o","Est. tempo de leitura":"1 minuto"},"schema":{"@context":"https:\/\/schema.org","@graph":[{"@type":"Article","@id":"https:\/\/www.notibras.com\/site\/banco-central-apointa-crescimento-de-apenas-012-da-economia\/#article","isPartOf":{"@id":"https:\/\/www.notibras.com\/site\/banco-central-apointa-crescimento-de-apenas-012-da-economia\/"},"author":{"name":"Reda\u00e7\u00e3o","@id":"https:\/\/www.notibras.com\/site\/#\/schema\/person\/36ab0979449956132d3e5b517ea76ac8"},"headline":"Banco Central aponta crescimento de apenas 0,12%","datePublished":"2014-06-13T19:02:21+00:00","dateModified":"2014-06-14T10:37:43+00:00","mainEntityOfPage":{"@id":"https:\/\/www.notibras.com\/site\/banco-central-apointa-crescimento-de-apenas-012-da-economia\/"},"wordCount":141,"commentCount":0,"publisher":{"@id":"https:\/\/www.notibras.com\/site\/#organization"},"image":{"@id":"https:\/\/www.notibras.com\/site\/banco-central-apointa-crescimento-de-apenas-012-da-economia\/#primaryimage"},"thumbnailUrl":"https:\/\/www.notibras.com\/site\/wp-content\/uploads\/2014\/06\/producao_industrial61_0_8_883_578.jpg","articleSection":["Brasil"],"inLanguage":"pt-BR","potentialAction":[{"@type":"CommentAction","name":"Comment","target":["https:\/\/www.notibras.com\/site\/banco-central-apointa-crescimento-de-apenas-012-da-economia\/#respond"]}]},{"@type":"WebPage","@id":"https:\/\/www.notibras.com\/site\/banco-central-apointa-crescimento-de-apenas-012-da-economia\/","url":"https:\/\/www.notibras.com\/site\/banco-central-apointa-crescimento-de-apenas-012-da-economia\/","name":"Banco Central aponta crescimento de apenas 0,12% - Notibras","isPartOf":{"@id":"https:\/\/www.notibras.com\/site\/#website"},"primaryImageOfPage":{"@id":"https:\/\/www.notibras.com\/site\/banco-central-apointa-crescimento-de-apenas-012-da-economia\/#primaryimage"},"image":{"@id":"https:\/\/www.notibras.com\/site\/banco-central-apointa-crescimento-de-apenas-012-da-economia\/#primaryimage"},"thumbnailUrl":"https:\/\/www.notibras.com\/site\/wp-content\/uploads\/2014\/06\/producao_industrial61_0_8_883_578.jpg","datePublished":"2014-06-13T19:02:21+00:00","dateModified":"2014-06-14T10:37:43+00:00","breadcrumb":{"@id":"https:\/\/www.notibras.com\/site\/banco-central-apointa-crescimento-de-apenas-012-da-economia\/#breadcrumb"},"inLanguage":"pt-BR","potentialAction":[{"@type":"ReadAction","target":["https:\/\/www.notibras.com\/site\/banco-central-apointa-crescimento-de-apenas-012-da-economia\/"]}]},{"@type":"ImageObject","inLanguage":"pt-BR","@id":"https:\/\/www.notibras.com\/site\/banco-central-apointa-crescimento-de-apenas-012-da-economia\/#primaryimage","url":"https:\/\/www.notibras.com\/site\/wp-content\/uploads\/2014\/06\/producao_industrial61_0_8_883_578.jpg","contentUrl":"https:\/\/www.notibras.com\/site\/wp-content\/uploads\/2014\/06\/producao_industrial61_0_8_883_578.jpg","width":800,"height":524},{"@type":"BreadcrumbList","@id":"https:\/\/www.notibras.com\/site\/banco-central-apointa-crescimento-de-apenas-012-da-economia\/#breadcrumb","itemListElement":[{"@type":"ListItem","position":1,"name":"In\u00edcio","item":"https:\/\/www.notibras.com\/site\/"},{"@type":"ListItem","position":2,"name":"Banco Central aponta crescimento de apenas 0,12%"}]},{"@type":"WebSite","@id":"https:\/\/www.notibras.com\/site\/#website","url":"https:\/\/www.notibras.com\/site\/","name":"Notibras","description":"Not\u00edcias de Bras\u00edlia, do Brasil e do Mundo","publisher":{"@id":"https:\/\/www.notibras.com\/site\/#organization"},"potentialAction":[{"@type":"SearchAction","target":{"@type":"EntryPoint","urlTemplate":"https:\/\/www.notibras.com\/site\/?s={search_term_string}"},"query-input":{"@type":"PropertyValueSpecification","valueRequired":true,"valueName":"search_term_string"}}],"inLanguage":"pt-BR"},{"@type":"Organization","@id":"https:\/\/www.notibras.com\/site\/#organization","name":"Grupo Notibras de Comunica\u00e7\u00e3o","url":"https:\/\/www.notibras.com\/site\/","logo":{"@type":"ImageObject","inLanguage":"pt-BR","@id":"https:\/\/www.notibras.com\/site\/#\/schema\/logo\/image\/","url":"https:\/\/www.notibras.com\/site\/wp-content\/uploads\/2023\/01\/notibras23.png","contentUrl":"https:\/\/www.notibras.com\/site\/wp-content\/uploads\/2023\/01\/notibras23.png","width":350,"height":87,"caption":"Grupo Notibras de Comunica\u00e7\u00e3o"},"image":{"@id":"https:\/\/www.notibras.com\/site\/#\/schema\/logo\/image\/"},"sameAs":["https:\/\/www.facebook.com\/notibras\/","https:\/\/x.com\/Notibras","https:\/\/www.instagram.com\/notibras\/"]},{"@type":"Person","@id":"https:\/\/www.notibras.com\/site\/#\/schema\/person\/36ab0979449956132d3e5b517ea76ac8","name":"Reda\u00e7\u00e3o","image":{"@type":"ImageObject","inLanguage":"pt-BR","@id":"https:\/\/secure.gravatar.com\/avatar\/e0a867bdedb85fd243eadf09663511f96fc81e0720a4a42581f334ad4303aa6b?s=96&d=mm&r=g","url":"https:\/\/secure.gravatar.com\/avatar\/e0a867bdedb85fd243eadf09663511f96fc81e0720a4a42581f334ad4303aa6b?s=96&d=mm&r=g","contentUrl":"https:\/\/secure.gravatar.com\/avatar\/e0a867bdedb85fd243eadf09663511f96fc81e0720a4a42581f334ad4303aa6b?s=96&d=mm&r=g","caption":"Reda\u00e7\u00e3o"}}]}},"amp_enabled":true,"_links":{"self":[{"href":"https:\/\/www.notibras.com\/site\/wp-json\/wp\/v2\/posts\/13357","targetHints":{"allow":["GET"]}}],"collection":[{"href":"https:\/\/www.notibras.com\/site\/wp-json\/wp\/v2\/posts"}],"about":[{"href":"https:\/\/www.notibras.com\/site\/wp-json\/wp\/v2\/types\/post"}],"author":[{"embeddable":true,"href":"https:\/\/www.notibras.com\/site\/wp-json\/wp\/v2\/users\/2"}],"replies":[{"embeddable":true,"href":"https:\/\/www.notibras.com\/site\/wp-json\/wp\/v2\/comments?post=13357"}],"version-history":[{"count":0,"href":"https:\/\/www.notibras.com\/site\/wp-json\/wp\/v2\/posts\/13357\/revisions"}],"wp:featuredmedia":[{"embeddable":true,"href":"https:\/\/www.notibras.com\/site\/wp-json\/wp\/v2\/media\/13358"}],"wp:attachment":[{"href":"https:\/\/www.notibras.com\/site\/wp-json\/wp\/v2\/media?parent=13357"}],"wp:term":[{"taxonomy":"category","embeddable":true,"href":"https:\/\/www.notibras.com\/site\/wp-json\/wp\/v2\/categories?post=13357"},{"taxonomy":"post_tag","embeddable":true,"href":"https:\/\/www.notibras.com\/site\/wp-json\/wp\/v2\/tags?post=13357"}],"curies":[{"name":"wp","href":"https:\/\/api.w.org\/{rel}","templated":true}]}}