{"id":133879,"date":"2017-04-01T10:22:08","date_gmt":"2017-04-01T13:22:08","guid":{"rendered":"http:\/\/www.notibras.com\/site\/?p=133879"},"modified":"2017-04-01T13:21:12","modified_gmt":"2017-04-01T16:21:12","slug":"nossas-falanges-midiaticas-pastorais-e-academicas","status":"publish","type":"post","link":"https:\/\/www.notibras.com\/site\/nossas-falanges-midiaticas-pastorais-e-academicas\/","title":{"rendered":"Nossas falanges midi\u00e1ticas, pastorais e acad\u00eamicas"},"content":{"rendered":"<p><strong>Percival Puggina<\/strong><\/p>\n<p>Os que empurraram as esquerdas para suas vit\u00f3rias e o Brasil para o fracasso retomam as antigas pr\u00e1ticas. Astutamente, tendo suas opini\u00f5es perdido credibilidade nas quest\u00f5es internas, usam e abusam da cena internacional para continuar ministrando &#8220;li\u00e7\u00f5es&#8221; \u00e0 opini\u00e3o p\u00fablica.<\/p>\n<p>Recordemos. Durante d\u00e9cadas, formadores de opini\u00e3o, &#8220;trabalhadores em educa\u00e7\u00e3o&#8221; e seguidores da Teologia da Liberta\u00e7\u00e3o arrastaram o corpo social brasileiro para a valeta esquerdista. Era uma for\u00e7a irresist\u00edvel a alavancar o PT para a condi\u00e7\u00e3o de grande partido nacional, levar Lula \u00e0 presid\u00eancia da Rep\u00fablica e arrastar o Brasil para o caos.<\/p>\n<p>Nos microfones, as falanges midi\u00e1ticas n\u00e3o poupavam sequer o p\u00fablico dos programas futebol\u00edsticos. Nas salas de aula, tornos e marretas ideol\u00f3gicas faziam cabe\u00e7as em linha de produ\u00e7\u00e3o. A CNBB e o clero dito progressista esmeravam-se em documentos e campanhas cujo cunho religioso se consumia em brev\u00edssimas refer\u00eancias \u00e0 Sant\u00edssima Virgem; tudo mais era perdi\u00e7\u00e3o eufem\u00edstica da mensagem crist\u00e3 a servi\u00e7o de determinada pol\u00edtica.<\/p>\n<p>Certa feita, anos 90, designado pelo admir\u00e1vel arcebispo de Porto Alegre, D. Cl\u00e1udio Colling, participei dos eventos que compunham o projeto da CNBB chamado &#8220;O Brasil que queremos&#8221;. Nos bastidores de todos os eventos e mesas de trabalho, os assuntos mais abordados pelas pastorais presentes eram elei\u00e7\u00e3o vindoura e Lula-l\u00e1&#8230; A tudo testemunhei porque, como peixe fora d&#8217;\u00e1gua, l\u00e1 estava.<\/p>\n<p>Assim, ao longo de muitos anos, o povo brasileiro foi orientado pelos corregedores da opini\u00e3o p\u00fablica a pensar com crit\u00e9rios esquerdistas, estatistas, coletivistas. Toda a an\u00e1lise sociol\u00f3gica, hist\u00f3rica, pol\u00edtica e econ\u00f4mica era promovida com lentes marxistas. Quando, nos anos 90, o Leste Europeu sacudia do pr\u00f3prio lombo sete d\u00e9cadas de opress\u00e3o, ferrugem e lixo comunista, o Brasil da teologia da liberta\u00e7\u00e3o, dos progressistas, dos movimentos sociais mantidos pelos inesgot\u00e1veis fundos petistas estava \u00e1vido de importar tudo para c\u00e1.<\/p>\n<p>O que aconteceu ap\u00f3s 13 anos do sucesso eleitoral de 2002 foi o inevit\u00e1vel fracasso operacional e moral de 2014, quando j\u00e1 n\u00e3o podia mais ser ocultado. E tudo fica bem resumido nestas estrofes narrativas e prof\u00e9ticas de Miguezin de Princesa em &#8220;Nunca recebi propina&#8221;:<\/p>\n<p>Prometeu melhores dias<br \/>\nPara um bocado de gente,<br \/>\nVivia quase montado<br \/>\nNo pesco\u00e7o do vivente,<br \/>\nMas, na hora de comer,<br \/>\nS\u00f3 comeu quem foi parente.<br \/>\nAgora no xilindr\u00f3,<br \/>\nCom saudade do fais\u00e3o,<br \/>\nCome p\u00e3o com margarina<br \/>\nE almo\u00e7a rubac\u00e3o<br \/>\nE diz: &#8211; Esse povo ingrato<br \/>\nInda beija meu retrato<br \/>\nNessa pr\u00f3xima elei\u00e7\u00e3o!<\/p>\n<p>O poder petista, como tal, acabou. Junto com sua parceria, virou caso de pol\u00edcia. A conex\u00e3o publicit\u00e1ria entre esquerda e progresso, a ningu\u00e9m mais convence. Com os foguetes queimados para levar o PT ao poder, torrou-se o prest\u00edgio de seus apoiadores. Por isso, leitor, voc\u00ea n\u00e3o ouve mais qualquer discurso esquerdista.<\/p>\n<p>Que fazem, ent\u00e3o, as falanges midi\u00e1ticas, acad\u00eamicas e pastorais? Reconhecidas as pr\u00f3prias limita\u00e7\u00f5es, dedicam-se a: 1) combater quem esteja \u00e0 sua direita no arco ideol\u00f3gico, jogando r\u00f3tulos entre os quais os de &#8220;ultradireita&#8221; e &#8220;fascista&#8221; s\u00e3o os mais recorrentes; 2) atacar propostas que busquem desfazer os estragos promovidos por um quarto de s\u00e9culo de governos de esquerda; 3) investir contra conservadores e liberais como sendo os vil\u00f5es a serem evitados.<\/p>\n<p>Observe, ent\u00e3o e por fim, o quanto se valem para isso do cen\u00e1rio internacional. Ali est\u00e1 o campo de prova onde reiteram suas convic\u00e7\u00f5es e &#8220;ensinamentos&#8221;, sem que o passado os condene. N\u00e3o, as falanges n\u00e3o se penitenciam nem redimem. Apenas mudam de estrat\u00e9gia. Agora, pretendem nos ensinar a compreender o mundo com seus olhos.<\/p>\n","protected":false},"excerpt":{"rendered":"<p>Percival Puggina Os que empurraram as esquerdas para suas vit\u00f3rias e o Brasil para o fracasso retomam as antigas pr\u00e1ticas. Astutamente, tendo suas opini\u00f5es perdido credibilidade nas quest\u00f5es internas, usam e abusam da cena internacional para continuar ministrando &#8220;li\u00e7\u00f5es&#8221; \u00e0 opini\u00e3o p\u00fablica. Recordemos. Durante d\u00e9cadas, formadores de opini\u00e3o, &#8220;trabalhadores em educa\u00e7\u00e3o&#8221; e seguidores da Teologia [&hellip;]<\/p>\n","protected":false},"author":2,"featured_media":133880,"comment_status":"open","ping_status":"closed","sticky":false,"template":"","format":"standard","meta":{"_acf_changed":false,"footnotes":""},"categories":[25],"tags":[],"class_list":["post-133879","post","type-post","status-publish","format-standard","has-post-thumbnail","hentry","category-opina-ai"],"acf":[],"yoast_head":"<!-- This site is optimized with the Yoast SEO plugin v27.2 - https:\/\/yoast.com\/product\/yoast-seo-wordpress\/ -->\n<title>Nossas falanges midi\u00e1ticas, pastorais e acad\u00eamicas - Notibras<\/title>\n<meta name=\"robots\" content=\"index, follow, max-snippet:-1, max-image-preview:large, max-video-preview:-1\" \/>\n<link rel=\"canonical\" href=\"https:\/\/www.notibras.com\/site\/nossas-falanges-midiaticas-pastorais-e-academicas\/\" \/>\n<meta property=\"og:locale\" content=\"pt_BR\" \/>\n<meta property=\"og:type\" content=\"article\" \/>\n<meta property=\"og:title\" content=\"Nossas falanges midi\u00e1ticas, pastorais e acad\u00eamicas - Notibras\" \/>\n<meta property=\"og:description\" content=\"Percival Puggina Os que empurraram as esquerdas para suas vit\u00f3rias e o Brasil para o fracasso retomam as antigas pr\u00e1ticas. Astutamente, tendo suas opini\u00f5es perdido credibilidade nas quest\u00f5es internas, usam e abusam da cena internacional para continuar ministrando &#8220;li\u00e7\u00f5es&#8221; \u00e0 opini\u00e3o p\u00fablica. Recordemos. Durante d\u00e9cadas, formadores de opini\u00e3o, &#8220;trabalhadores em educa\u00e7\u00e3o&#8221; e seguidores da Teologia [&hellip;]\" \/>\n<meta property=\"og:url\" content=\"https:\/\/www.notibras.com\/site\/nossas-falanges-midiaticas-pastorais-e-academicas\/\" \/>\n<meta property=\"og:site_name\" content=\"Notibras\" \/>\n<meta property=\"article:publisher\" content=\"https:\/\/www.facebook.com\/notibras\/\" \/>\n<meta property=\"article:published_time\" content=\"2017-04-01T13:22:08+00:00\" \/>\n<meta property=\"article:modified_time\" content=\"2017-04-01T16:21:12+00:00\" \/>\n<meta property=\"og:image\" content=\"https:\/\/www.notibras.com\/site\/wp-content\/uploads\/2017\/04\/mst_bahia_reprodu\u00e7\u00e3o_BOCAONEWs.jpg\" \/>\n\t<meta property=\"og:image:width\" content=\"749\" \/>\n\t<meta property=\"og:image:height\" content=\"500\" \/>\n\t<meta property=\"og:image:type\" content=\"image\/jpeg\" \/>\n<meta name=\"author\" content=\"Reda\u00e7\u00e3o\" \/>\n<meta name=\"twitter:card\" content=\"summary_large_image\" \/>\n<meta name=\"twitter:creator\" content=\"@Notibras\" \/>\n<meta name=\"twitter:site\" content=\"@Notibras\" \/>\n<meta name=\"twitter:label1\" content=\"Escrito por\" \/>\n\t<meta name=\"twitter:data1\" content=\"Reda\u00e7\u00e3o\" \/>\n\t<meta name=\"twitter:label2\" content=\"Est. tempo de leitura\" \/>\n\t<meta name=\"twitter:data2\" content=\"3 minutos\" \/>\n<script type=\"application\/ld+json\" class=\"yoast-schema-graph\">{\"@context\":\"https:\/\/schema.org\",\"@graph\":[{\"@type\":\"Article\",\"@id\":\"https:\/\/www.notibras.com\/site\/nossas-falanges-midiaticas-pastorais-e-academicas\/#article\",\"isPartOf\":{\"@id\":\"https:\/\/www.notibras.com\/site\/nossas-falanges-midiaticas-pastorais-e-academicas\/\"},\"author\":{\"name\":\"Reda\u00e7\u00e3o\",\"@id\":\"https:\/\/www.notibras.com\/site\/#\/schema\/person\/36ab0979449956132d3e5b517ea76ac8\"},\"headline\":\"Nossas falanges midi\u00e1ticas, pastorais e acad\u00eamicas\",\"datePublished\":\"2017-04-01T13:22:08+00:00\",\"dateModified\":\"2017-04-01T16:21:12+00:00\",\"mainEntityOfPage\":{\"@id\":\"https:\/\/www.notibras.com\/site\/nossas-falanges-midiaticas-pastorais-e-academicas\/\"},\"wordCount\":644,\"commentCount\":0,\"publisher\":{\"@id\":\"https:\/\/www.notibras.com\/site\/#organization\"},\"image\":{\"@id\":\"https:\/\/www.notibras.com\/site\/nossas-falanges-midiaticas-pastorais-e-academicas\/#primaryimage\"},\"thumbnailUrl\":\"https:\/\/www.notibras.com\/site\/wp-content\/uploads\/2017\/04\/mst_bahia_reprodu\u00e7\u00e3o_BOCAONEWs.jpg\",\"articleSection\":[\"Opina a\u00ed\"],\"inLanguage\":\"pt-BR\",\"potentialAction\":[{\"@type\":\"CommentAction\",\"name\":\"Comment\",\"target\":[\"https:\/\/www.notibras.com\/site\/nossas-falanges-midiaticas-pastorais-e-academicas\/#respond\"]}]},{\"@type\":\"WebPage\",\"@id\":\"https:\/\/www.notibras.com\/site\/nossas-falanges-midiaticas-pastorais-e-academicas\/\",\"url\":\"https:\/\/www.notibras.com\/site\/nossas-falanges-midiaticas-pastorais-e-academicas\/\",\"name\":\"Nossas falanges midi\u00e1ticas, pastorais e acad\u00eamicas - Notibras\",\"isPartOf\":{\"@id\":\"https:\/\/www.notibras.com\/site\/#website\"},\"primaryImageOfPage\":{\"@id\":\"https:\/\/www.notibras.com\/site\/nossas-falanges-midiaticas-pastorais-e-academicas\/#primaryimage\"},\"image\":{\"@id\":\"https:\/\/www.notibras.com\/site\/nossas-falanges-midiaticas-pastorais-e-academicas\/#primaryimage\"},\"thumbnailUrl\":\"https:\/\/www.notibras.com\/site\/wp-content\/uploads\/2017\/04\/mst_bahia_reprodu\u00e7\u00e3o_BOCAONEWs.jpg\",\"datePublished\":\"2017-04-01T13:22:08+00:00\",\"dateModified\":\"2017-04-01T16:21:12+00:00\",\"breadcrumb\":{\"@id\":\"https:\/\/www.notibras.com\/site\/nossas-falanges-midiaticas-pastorais-e-academicas\/#breadcrumb\"},\"inLanguage\":\"pt-BR\",\"potentialAction\":[{\"@type\":\"ReadAction\",\"target\":[\"https:\/\/www.notibras.com\/site\/nossas-falanges-midiaticas-pastorais-e-academicas\/\"]}]},{\"@type\":\"ImageObject\",\"inLanguage\":\"pt-BR\",\"@id\":\"https:\/\/www.notibras.com\/site\/nossas-falanges-midiaticas-pastorais-e-academicas\/#primaryimage\",\"url\":\"https:\/\/www.notibras.com\/site\/wp-content\/uploads\/2017\/04\/mst_bahia_reprodu\u00e7\u00e3o_BOCAONEWs.jpg\",\"contentUrl\":\"https:\/\/www.notibras.com\/site\/wp-content\/uploads\/2017\/04\/mst_bahia_reprodu\u00e7\u00e3o_BOCAONEWs.jpg\",\"width\":749,\"height\":500},{\"@type\":\"BreadcrumbList\",\"@id\":\"https:\/\/www.notibras.com\/site\/nossas-falanges-midiaticas-pastorais-e-academicas\/#breadcrumb\",\"itemListElement\":[{\"@type\":\"ListItem\",\"position\":1,\"name\":\"In\u00edcio\",\"item\":\"https:\/\/www.notibras.com\/site\/\"},{\"@type\":\"ListItem\",\"position\":2,\"name\":\"Nossas falanges midi\u00e1ticas, pastorais e acad\u00eamicas\"}]},{\"@type\":\"WebSite\",\"@id\":\"https:\/\/www.notibras.com\/site\/#website\",\"url\":\"https:\/\/www.notibras.com\/site\/\",\"name\":\"Notibras\",\"description\":\"Not\u00edcias de Bras\u00edlia, do Brasil e do Mundo\",\"publisher\":{\"@id\":\"https:\/\/www.notibras.com\/site\/#organization\"},\"potentialAction\":[{\"@type\":\"SearchAction\",\"target\":{\"@type\":\"EntryPoint\",\"urlTemplate\":\"https:\/\/www.notibras.com\/site\/?s={search_term_string}\"},\"query-input\":{\"@type\":\"PropertyValueSpecification\",\"valueRequired\":true,\"valueName\":\"search_term_string\"}}],\"inLanguage\":\"pt-BR\"},{\"@type\":\"Organization\",\"@id\":\"https:\/\/www.notibras.com\/site\/#organization\",\"name\":\"Grupo Notibras de Comunica\u00e7\u00e3o\",\"url\":\"https:\/\/www.notibras.com\/site\/\",\"logo\":{\"@type\":\"ImageObject\",\"inLanguage\":\"pt-BR\",\"@id\":\"https:\/\/www.notibras.com\/site\/#\/schema\/logo\/image\/\",\"url\":\"https:\/\/www.notibras.com\/site\/wp-content\/uploads\/2023\/01\/notibras23.png\",\"contentUrl\":\"https:\/\/www.notibras.com\/site\/wp-content\/uploads\/2023\/01\/notibras23.png\",\"width\":350,\"height\":87,\"caption\":\"Grupo Notibras de Comunica\u00e7\u00e3o\"},\"image\":{\"@id\":\"https:\/\/www.notibras.com\/site\/#\/schema\/logo\/image\/\"},\"sameAs\":[\"https:\/\/www.facebook.com\/notibras\/\",\"https:\/\/x.com\/Notibras\",\"https:\/\/www.instagram.com\/notibras\/\"]},{\"@type\":\"Person\",\"@id\":\"https:\/\/www.notibras.com\/site\/#\/schema\/person\/36ab0979449956132d3e5b517ea76ac8\",\"name\":\"Reda\u00e7\u00e3o\",\"image\":{\"@type\":\"ImageObject\",\"inLanguage\":\"pt-BR\",\"@id\":\"https:\/\/secure.gravatar.com\/avatar\/e0a867bdedb85fd243eadf09663511f96fc81e0720a4a42581f334ad4303aa6b?s=96&d=mm&r=g\",\"url\":\"https:\/\/secure.gravatar.com\/avatar\/e0a867bdedb85fd243eadf09663511f96fc81e0720a4a42581f334ad4303aa6b?s=96&d=mm&r=g\",\"contentUrl\":\"https:\/\/secure.gravatar.com\/avatar\/e0a867bdedb85fd243eadf09663511f96fc81e0720a4a42581f334ad4303aa6b?s=96&d=mm&r=g\",\"caption\":\"Reda\u00e7\u00e3o\"}}]}<\/script>\n<!-- \/ Yoast SEO plugin. -->","yoast_head_json":{"title":"Nossas falanges midi\u00e1ticas, pastorais e acad\u00eamicas - Notibras","robots":{"index":"index","follow":"follow","max-snippet":"max-snippet:-1","max-image-preview":"max-image-preview:large","max-video-preview":"max-video-preview:-1"},"canonical":"https:\/\/www.notibras.com\/site\/nossas-falanges-midiaticas-pastorais-e-academicas\/","og_locale":"pt_BR","og_type":"article","og_title":"Nossas falanges midi\u00e1ticas, pastorais e acad\u00eamicas - Notibras","og_description":"Percival Puggina Os que empurraram as esquerdas para suas vit\u00f3rias e o Brasil para o fracasso retomam as antigas pr\u00e1ticas. Astutamente, tendo suas opini\u00f5es perdido credibilidade nas quest\u00f5es internas, usam e abusam da cena internacional para continuar ministrando &#8220;li\u00e7\u00f5es&#8221; \u00e0 opini\u00e3o p\u00fablica. Recordemos. Durante d\u00e9cadas, formadores de opini\u00e3o, &#8220;trabalhadores em educa\u00e7\u00e3o&#8221; e seguidores da Teologia [&hellip;]","og_url":"https:\/\/www.notibras.com\/site\/nossas-falanges-midiaticas-pastorais-e-academicas\/","og_site_name":"Notibras","article_publisher":"https:\/\/www.facebook.com\/notibras\/","article_published_time":"2017-04-01T13:22:08+00:00","article_modified_time":"2017-04-01T16:21:12+00:00","og_image":[{"width":749,"height":500,"url":"https:\/\/www.notibras.com\/site\/wp-content\/uploads\/2017\/04\/mst_bahia_reprodu\u00e7\u00e3o_BOCAONEWs.jpg","type":"image\/jpeg"}],"author":"Reda\u00e7\u00e3o","twitter_card":"summary_large_image","twitter_creator":"@Notibras","twitter_site":"@Notibras","twitter_misc":{"Escrito por":"Reda\u00e7\u00e3o","Est. tempo de leitura":"3 minutos"},"schema":{"@context":"https:\/\/schema.org","@graph":[{"@type":"Article","@id":"https:\/\/www.notibras.com\/site\/nossas-falanges-midiaticas-pastorais-e-academicas\/#article","isPartOf":{"@id":"https:\/\/www.notibras.com\/site\/nossas-falanges-midiaticas-pastorais-e-academicas\/"},"author":{"name":"Reda\u00e7\u00e3o","@id":"https:\/\/www.notibras.com\/site\/#\/schema\/person\/36ab0979449956132d3e5b517ea76ac8"},"headline":"Nossas falanges midi\u00e1ticas, pastorais e acad\u00eamicas","datePublished":"2017-04-01T13:22:08+00:00","dateModified":"2017-04-01T16:21:12+00:00","mainEntityOfPage":{"@id":"https:\/\/www.notibras.com\/site\/nossas-falanges-midiaticas-pastorais-e-academicas\/"},"wordCount":644,"commentCount":0,"publisher":{"@id":"https:\/\/www.notibras.com\/site\/#organization"},"image":{"@id":"https:\/\/www.notibras.com\/site\/nossas-falanges-midiaticas-pastorais-e-academicas\/#primaryimage"},"thumbnailUrl":"https:\/\/www.notibras.com\/site\/wp-content\/uploads\/2017\/04\/mst_bahia_reprodu\u00e7\u00e3o_BOCAONEWs.jpg","articleSection":["Opina a\u00ed"],"inLanguage":"pt-BR","potentialAction":[{"@type":"CommentAction","name":"Comment","target":["https:\/\/www.notibras.com\/site\/nossas-falanges-midiaticas-pastorais-e-academicas\/#respond"]}]},{"@type":"WebPage","@id":"https:\/\/www.notibras.com\/site\/nossas-falanges-midiaticas-pastorais-e-academicas\/","url":"https:\/\/www.notibras.com\/site\/nossas-falanges-midiaticas-pastorais-e-academicas\/","name":"Nossas falanges midi\u00e1ticas, pastorais e acad\u00eamicas - Notibras","isPartOf":{"@id":"https:\/\/www.notibras.com\/site\/#website"},"primaryImageOfPage":{"@id":"https:\/\/www.notibras.com\/site\/nossas-falanges-midiaticas-pastorais-e-academicas\/#primaryimage"},"image":{"@id":"https:\/\/www.notibras.com\/site\/nossas-falanges-midiaticas-pastorais-e-academicas\/#primaryimage"},"thumbnailUrl":"https:\/\/www.notibras.com\/site\/wp-content\/uploads\/2017\/04\/mst_bahia_reprodu\u00e7\u00e3o_BOCAONEWs.jpg","datePublished":"2017-04-01T13:22:08+00:00","dateModified":"2017-04-01T16:21:12+00:00","breadcrumb":{"@id":"https:\/\/www.notibras.com\/site\/nossas-falanges-midiaticas-pastorais-e-academicas\/#breadcrumb"},"inLanguage":"pt-BR","potentialAction":[{"@type":"ReadAction","target":["https:\/\/www.notibras.com\/site\/nossas-falanges-midiaticas-pastorais-e-academicas\/"]}]},{"@type":"ImageObject","inLanguage":"pt-BR","@id":"https:\/\/www.notibras.com\/site\/nossas-falanges-midiaticas-pastorais-e-academicas\/#primaryimage","url":"https:\/\/www.notibras.com\/site\/wp-content\/uploads\/2017\/04\/mst_bahia_reprodu\u00e7\u00e3o_BOCAONEWs.jpg","contentUrl":"https:\/\/www.notibras.com\/site\/wp-content\/uploads\/2017\/04\/mst_bahia_reprodu\u00e7\u00e3o_BOCAONEWs.jpg","width":749,"height":500},{"@type":"BreadcrumbList","@id":"https:\/\/www.notibras.com\/site\/nossas-falanges-midiaticas-pastorais-e-academicas\/#breadcrumb","itemListElement":[{"@type":"ListItem","position":1,"name":"In\u00edcio","item":"https:\/\/www.notibras.com\/site\/"},{"@type":"ListItem","position":2,"name":"Nossas falanges midi\u00e1ticas, pastorais e acad\u00eamicas"}]},{"@type":"WebSite","@id":"https:\/\/www.notibras.com\/site\/#website","url":"https:\/\/www.notibras.com\/site\/","name":"Notibras","description":"Not\u00edcias de Bras\u00edlia, do Brasil e do Mundo","publisher":{"@id":"https:\/\/www.notibras.com\/site\/#organization"},"potentialAction":[{"@type":"SearchAction","target":{"@type":"EntryPoint","urlTemplate":"https:\/\/www.notibras.com\/site\/?s={search_term_string}"},"query-input":{"@type":"PropertyValueSpecification","valueRequired":true,"valueName":"search_term_string"}}],"inLanguage":"pt-BR"},{"@type":"Organization","@id":"https:\/\/www.notibras.com\/site\/#organization","name":"Grupo Notibras de Comunica\u00e7\u00e3o","url":"https:\/\/www.notibras.com\/site\/","logo":{"@type":"ImageObject","inLanguage":"pt-BR","@id":"https:\/\/www.notibras.com\/site\/#\/schema\/logo\/image\/","url":"https:\/\/www.notibras.com\/site\/wp-content\/uploads\/2023\/01\/notibras23.png","contentUrl":"https:\/\/www.notibras.com\/site\/wp-content\/uploads\/2023\/01\/notibras23.png","width":350,"height":87,"caption":"Grupo Notibras de Comunica\u00e7\u00e3o"},"image":{"@id":"https:\/\/www.notibras.com\/site\/#\/schema\/logo\/image\/"},"sameAs":["https:\/\/www.facebook.com\/notibras\/","https:\/\/x.com\/Notibras","https:\/\/www.instagram.com\/notibras\/"]},{"@type":"Person","@id":"https:\/\/www.notibras.com\/site\/#\/schema\/person\/36ab0979449956132d3e5b517ea76ac8","name":"Reda\u00e7\u00e3o","image":{"@type":"ImageObject","inLanguage":"pt-BR","@id":"https:\/\/secure.gravatar.com\/avatar\/e0a867bdedb85fd243eadf09663511f96fc81e0720a4a42581f334ad4303aa6b?s=96&d=mm&r=g","url":"https:\/\/secure.gravatar.com\/avatar\/e0a867bdedb85fd243eadf09663511f96fc81e0720a4a42581f334ad4303aa6b?s=96&d=mm&r=g","contentUrl":"https:\/\/secure.gravatar.com\/avatar\/e0a867bdedb85fd243eadf09663511f96fc81e0720a4a42581f334ad4303aa6b?s=96&d=mm&r=g","caption":"Reda\u00e7\u00e3o"}}]}},"amp_enabled":true,"_links":{"self":[{"href":"https:\/\/www.notibras.com\/site\/wp-json\/wp\/v2\/posts\/133879","targetHints":{"allow":["GET"]}}],"collection":[{"href":"https:\/\/www.notibras.com\/site\/wp-json\/wp\/v2\/posts"}],"about":[{"href":"https:\/\/www.notibras.com\/site\/wp-json\/wp\/v2\/types\/post"}],"author":[{"embeddable":true,"href":"https:\/\/www.notibras.com\/site\/wp-json\/wp\/v2\/users\/2"}],"replies":[{"embeddable":true,"href":"https:\/\/www.notibras.com\/site\/wp-json\/wp\/v2\/comments?post=133879"}],"version-history":[{"count":1,"href":"https:\/\/www.notibras.com\/site\/wp-json\/wp\/v2\/posts\/133879\/revisions"}],"predecessor-version":[{"id":133881,"href":"https:\/\/www.notibras.com\/site\/wp-json\/wp\/v2\/posts\/133879\/revisions\/133881"}],"wp:featuredmedia":[{"embeddable":true,"href":"https:\/\/www.notibras.com\/site\/wp-json\/wp\/v2\/media\/133880"}],"wp:attachment":[{"href":"https:\/\/www.notibras.com\/site\/wp-json\/wp\/v2\/media?parent=133879"}],"wp:term":[{"taxonomy":"category","embeddable":true,"href":"https:\/\/www.notibras.com\/site\/wp-json\/wp\/v2\/categories?post=133879"},{"taxonomy":"post_tag","embeddable":true,"href":"https:\/\/www.notibras.com\/site\/wp-json\/wp\/v2\/tags?post=133879"}],"curies":[{"name":"wp","href":"https:\/\/api.w.org\/{rel}","templated":true}]}}