{"id":134044,"date":"2017-04-03T08:33:48","date_gmt":"2017-04-03T11:33:48","guid":{"rendered":"http:\/\/www.notibras.com\/site\/?p=134044"},"modified":"2017-04-03T08:33:48","modified_gmt":"2017-04-03T11:33:48","slug":"corrida-militar-americana-coloca-os-russos-na-mira","status":"publish","type":"post","link":"https:\/\/www.notibras.com\/site\/corrida-militar-americana-coloca-os-russos-na-mira\/","title":{"rendered":"Corrida militar americana coloca os russos na mira"},"content":{"rendered":"<p><strong>James Petras<\/strong><\/p>\n<p>O militarismo estado-unidense expandiu-se exponencialmente ao longo das primeiras duas d\u00e9cadas do s\u00e9culo XXI e foi adotado tanto por presidentes democratas como republicanos. A histeria dos mass media em rela\u00e7\u00e3o ao aumento dos gastos militares do presidente Trump ignora deliberadamente a vasta expans\u00e3o do militarismo, em todas as suas facetas, sob o presidente Obama e os seus dois antecessores, os presidentes \u201cBill\u201d Clinton e George Bush Jr.<\/p>\n<p>Neste ensaio compararemos e discutiremos a ascens\u00e3o ininterrupta do militarismo ao longo dos \u00faltimos dezassete anos. Demonstraremos ent\u00e3o que o militarismo \u00e9 uma caracter\u00edstica estrutural b\u00e1sica da inser\u00e7\u00e3o do imperialismo dos EU no sistema internacional.<\/p>\n<p>Sob \u201cBill\u201d Clinton, o or\u00e7amento da guerra aumentou de US$302 mil milh\u00f5es em 2000 para US$313 mil milh\u00f5es em 2001. Sob o presidente George W. Bush (Jr.), a despesa militar saltou de US$357 mil milh\u00f5es em 2001 para US$465 mil milh\u00f5es em 2004 e US$621 mil milh\u00f5es em 2008. Sob o presidente Obama (o \u201cCandidato da Paz\u201d), a despesa militar subiu de US$669 mil milh\u00f5es em 2009 para US$711 mil milh\u00f5es em 2011 e a seguir, aparentemente, declinou para US$596 mil milh\u00f5es em 2017. Actualmente, o rec\u00e9m-empossado presidente Trump est\u00e1 a pedir que aumente para US$650 mil milh\u00f5es em 2018.<\/p>\n<p>V\u00e1rios esclarecimentos s\u00e3o necess\u00e1rios: o or\u00e7amento militar de Obama em 2017 excluiu despesas em v\u00e1rios departamentos do governo \u201crelacionados com a defesa\u201d, incluindo um aumento de US$25 mil milh\u00f5es para o programa de armas nucleares do Departamento da Energia. O total de Obama com gastos militares em 2017 eleva-se a US$623 mil milh\u00f5es ou US$20 mil milh\u00f5es menos do que a proposta de Trump. Al\u00e9m disso, a despesa militar de Obama com as Overseas Contingency Operations (OCO), as quais n\u00e3o est\u00e3o listadas nas propostas de or\u00e7amento anual, inclu\u00edram o custo das guerras estado-unidenses no Afeganist\u00e3o, Iraque, S\u00edria, I\u00e9men, L\u00edbia e numerosos outros pa\u00edses e dispararam durante o seu mandato. Na verdade, nos seus oito anos de mandato Obama excedeu os gastos militares de George W. Bush em mais de US$816 mil milh\u00f5es.<\/p>\n<p>O proposto aumento em gastos militares do presidente Trump vem na sequ\u00eancia da traject\u00f3ria de presidentes democratas \u2013 ao contr\u00e1rio das afirma\u00e7\u00f5es dos mass media. Claramente, tanto republicanos como democratas aumentaram maci\u00e7amente sua confian\u00e7a nos militares estado-unidenses como for\u00e7a condutora do poder mundial. Enquanto o or\u00e7amento para 2017 de Obama inclu\u00eda US$7,5 mil milh\u00f5es para \u201copera\u00e7\u00f5es ISIS\u201d (um aumento de 50%) e US$8 mil milh\u00f5es para ciber-guerra e (contra) terrorismo, o maior aumento era para avi\u00f5es invis\u00edveis ao radar (stealth), submarinos nucleares e porta-avi\u00f5es, destinados claramente \u00e0 R\u00fassia, China e Ir\u00e3o. A Marinha e a For\u00e7a A\u00e9rea obtiveram tr\u00eas quartos do or\u00e7amento.<\/p>\n<p>Sob Obama, a escalada armamentista dos EUA n\u00e3o foi dirigida contra \u201cgrupos terroristas\u201d mas sim, ao inv\u00e9s, contra a R\u00fassia e a China. Washington tenciona levar a R\u00fassia \u00e0 bancarrota \u2013 a fim de retornar ao estado de vassalagem da d\u00e9cada anterior a Putin. A campanha feroz da CIA \u2013 Obama \u2013 e do Partido Republicano contra Trump baseia-se nas suas aberturas \u00e0 R\u00fassia.<\/p>\n<p>O ponto central do objetivo de h\u00e1 d\u00e9cadas dos EUA de domina\u00e7\u00e3o unipolar depende agora de despir Trump do seu poder assim como os seu nomeados, os quais, em parte ou na totalidade, s\u00e3o vistos como a minarem toda a estrutura do imperialismo estado-unidense conduzido pelos militares que tem sido buscada pelas quatro administra\u00e7\u00f5es anteriores.<\/p>\n<p>O aumento de Trump dos gastos militares destina-se aparentemente a ser uma \u201cmoeda de troca\u201d no seu plano para expandir oportunidades econ\u00f4micas dos EUA \u2013 fazendo acordos com a R\u00fassia, renegociando o com\u00e9rcio com a China, Extremo Oriente (Singapura, Formosa e Coreia do Sul) e com a Alemanha, todos os quais em conjunto compreendem o grosso do d\u00e9fice comercial anual dos EUA de um trilh\u00e3o de d\u00f3lares.<\/p>\n<p>Os repetidos revezes de Trump, a press\u00e3o constante sobre os seus nomeados e os danos infligidos pelos mass media sobre todos os aspectos da sua pessoa e vida pessoal, mesmo em meio de um aumento hist\u00f3rico generalizado no mercado de ac\u00e7\u00f5es, indica uma divis\u00e3o profunda entre oligarcas dos EUA sobre o pooder e \u201cquem governa\u201d. Nunca desde o in\u00edcio da II Guerra Mundial hav\u00edamos testemunhado clivagens fundamentais sobre pol\u00edtica externa.<\/p>\n<p>Concep\u00e7\u00f5es anteriores de debates partid\u00e1rios est\u00e3o ultrapassadas. A imprensa financeira (o Financial Times e o Wall Street Journal ) est\u00e1 abertamente alinhada com os militaristas, ao passo que os operadores (marketers) financeiros na Wall Street apoiam pol\u00edticas internas de Trump favor\u00e1veis aos neg\u00f3cios assim como suas aberturas conciliat\u00f3rias para com a R\u00fassia e a China.<\/p>\n<p>A maior parte dos moinhos de propaganda, alcunhados como \u201cthink tanks\u201d, com seus est\u00e1bulos de acad\u00eamicos, \u201cperitos\u201d, editorialistas e ide\u00f3logos liberais e neoconservadores promove a agress\u00e3o militar contra a R\u00fassia. Enquanto isso, os media sociais populistas, bases apoiantes de Trump, ind\u00fastrias manufactureiras internas e as C\u00e2maras de Com\u00e9rcio do pa\u00eds pressionam por cortes fiscais e medidas protecionistas.<\/p>\n<p>O Ex\u00e9rcito \u00e9 favor\u00e1vel a Trump e prefere o seu conceito de guerras regionais para ganhos econ\u00f4micos. Em contraste, a Marinha e a For\u00e7a A\u00e9rea, as quais beneficiaram-se significativamente com os enviesados or\u00e7amentos de guerra de Obama, prosseguem uma pol\u00edtica de confronta\u00e7\u00f5es militares globais com a R\u00fassia e a China e guerras m\u00faltiplas contra aliados seus, tais como o Ir\u00e3, apesar da devasta\u00e7\u00e3o que tal pol\u00edtica provocar\u00e1 na economia interna.<\/p>\n<p>O conceito de imperialismo de Donald Trump baseia-se na exporta\u00e7\u00e3o de produtos e captura de mercados enquanto atrai o capital multinacional de volta para os EUA a fim de reinvestir seus lucros (atualmente mais de um milh\u00e3o de milh\u00f5es vem de al\u00e9m-mar) no mercado interno. Ele se op\u00f5e a alian\u00e7as econ\u00f4micas e militares que t\u00eam agravado d\u00e9fices comerciais e d\u00edvida dos EUA em contraste com administra\u00e7\u00f5es anteriores de militaristas que aceitaram d\u00e9fices comerciais debilitantes e gastos desproporcionados dos EUA com interven\u00e7\u00f5es militares, bases e san\u00e7\u00f5es contra a R\u00fassia e seus aliados.<\/p>\n<p>O objetivo do presidente Trump de fazer com que a Europa Ocidental pague uma fatia maior da NATO (e assim reduzir a depend\u00eancia da Europa em rela\u00e7\u00e3o \u00e0 despesa militar estado-unidense) foi rejeitado por ambos partidos pol\u00edticos. Cada um dos pequenos passos de Trump rumo \u00e0 melhoria de rela\u00e7\u00f5es com a R\u00fassia despertou a ira dos imperialistas militaristas unipolares que controlam a lideran\u00e7a dos democratas e dos republicanos.<\/p>\n<p>O imperialismo militarista prop\u00f4s algumas concess\u00f5es t\u00e1cticas a aliados da R\u00fassia \u2013 os acordos inst\u00e1veis com o Ir\u00e3 e o L\u00edbano e os fr\u00e1geis acordos de paz na Ucr\u00e2nia. Ao mesmo tempo Washington est\u00e1 a expandir suas bases militares desde as regi\u00f5es N\u00f3rdicas-B\u00e1lticas at\u00e9 a \u00c1sia. E amea\u00e7a dar apoio a golpes militares no Brasil, Venezuela e Ucr\u00e2nia.<\/p>\n<p>O prop\u00f3sito estrat\u00e9gico destes movimentos belicosos \u00e9 cercar e destruir a R\u00fassia como um potencial contra-peso independente \u00e0 domin\u00e2ncia global dos EUA.<\/p>\n<p>A pol\u00edtica inicial do presidente Trump foi construir a \u201cfortaleza Am\u00e9rica\u201d: Aumentar o or\u00e7amento militar, acumular poder policial e militar junto \u00e0 fronteira mexicana e no interior dos Estados do Golfo ricos em petr\u00f3leo. A agenda de Trump fortaleceria os militares na \u00c1sia e alhures a fim de expandir a posi\u00e7\u00e3o negocial dos EUA no plano econ\u00f4mico em negocia\u00e7\u00f5es bilaterais com o objectivo de ampliar seus mercados de exporta\u00e7\u00e3o.<\/p>\n","protected":false},"excerpt":{"rendered":"<p>James Petras O militarismo estado-unidense expandiu-se exponencialmente ao longo das primeiras duas d\u00e9cadas do s\u00e9culo XXI e foi adotado tanto por presidentes democratas como republicanos. A histeria dos mass media em rela\u00e7\u00e3o ao aumento dos gastos militares do presidente Trump ignora deliberadamente a vasta expans\u00e3o do militarismo, em todas as suas facetas, sob o presidente [&hellip;]<\/p>\n","protected":false},"author":2,"featured_media":134045,"comment_status":"open","ping_status":"closed","sticky":false,"template":"","format":"standard","meta":{"_acf_changed":false,"footnotes":""},"categories":[25],"tags":[],"class_list":["post-134044","post","type-post","status-publish","format-standard","has-post-thumbnail","hentry","category-opina-ai"],"acf":[],"yoast_head":"<!-- This site is optimized with the Yoast SEO plugin v27.2 - https:\/\/yoast.com\/product\/yoast-seo-wordpress\/ -->\n<title>Corrida militar americana coloca os russos na mira - Notibras<\/title>\n<meta name=\"robots\" content=\"index, follow, max-snippet:-1, max-image-preview:large, max-video-preview:-1\" \/>\n<link rel=\"canonical\" href=\"https:\/\/www.notibras.com\/site\/corrida-militar-americana-coloca-os-russos-na-mira\/\" \/>\n<meta property=\"og:locale\" content=\"pt_BR\" \/>\n<meta property=\"og:type\" content=\"article\" \/>\n<meta property=\"og:title\" content=\"Corrida militar americana coloca os russos na mira - Notibras\" \/>\n<meta property=\"og:description\" content=\"James Petras O militarismo estado-unidense expandiu-se exponencialmente ao longo das primeiras duas d\u00e9cadas do s\u00e9culo XXI e foi adotado tanto por presidentes democratas como republicanos. A histeria dos mass media em rela\u00e7\u00e3o ao aumento dos gastos militares do presidente Trump ignora deliberadamente a vasta expans\u00e3o do militarismo, em todas as suas facetas, sob o presidente [&hellip;]\" \/>\n<meta property=\"og:url\" content=\"https:\/\/www.notibras.com\/site\/corrida-militar-americana-coloca-os-russos-na-mira\/\" \/>\n<meta property=\"og:site_name\" content=\"Notibras\" \/>\n<meta property=\"article:publisher\" content=\"https:\/\/www.facebook.com\/notibras\/\" \/>\n<meta property=\"article:published_time\" content=\"2017-04-03T11:33:48+00:00\" \/>\n<meta property=\"og:image\" content=\"https:\/\/www.notibras.com\/site\/wp-content\/uploads\/2017\/04\/USS-Enterprise-CVN-65-transits-the-Atlantic-Ocean.jpg\" \/>\n\t<meta property=\"og:image:width\" content=\"768\" \/>\n\t<meta property=\"og:image:height\" content=\"614\" \/>\n\t<meta property=\"og:image:type\" content=\"image\/jpeg\" \/>\n<meta name=\"author\" content=\"Reda\u00e7\u00e3o\" \/>\n<meta name=\"twitter:card\" content=\"summary_large_image\" \/>\n<meta name=\"twitter:creator\" content=\"@Notibras\" \/>\n<meta name=\"twitter:site\" content=\"@Notibras\" \/>\n<meta name=\"twitter:label1\" content=\"Escrito por\" \/>\n\t<meta name=\"twitter:data1\" content=\"Reda\u00e7\u00e3o\" \/>\n\t<meta name=\"twitter:label2\" content=\"Est. tempo de leitura\" \/>\n\t<meta name=\"twitter:data2\" content=\"7 minutos\" \/>\n<script type=\"application\/ld+json\" class=\"yoast-schema-graph\">{\"@context\":\"https:\/\/schema.org\",\"@graph\":[{\"@type\":\"Article\",\"@id\":\"https:\/\/www.notibras.com\/site\/corrida-militar-americana-coloca-os-russos-na-mira\/#article\",\"isPartOf\":{\"@id\":\"https:\/\/www.notibras.com\/site\/corrida-militar-americana-coloca-os-russos-na-mira\/\"},\"author\":{\"name\":\"Reda\u00e7\u00e3o\",\"@id\":\"https:\/\/www.notibras.com\/site\/#\/schema\/person\/36ab0979449956132d3e5b517ea76ac8\"},\"headline\":\"Corrida militar americana coloca os russos na mira\",\"datePublished\":\"2017-04-03T11:33:48+00:00\",\"mainEntityOfPage\":{\"@id\":\"https:\/\/www.notibras.com\/site\/corrida-militar-americana-coloca-os-russos-na-mira\/\"},\"wordCount\":1320,\"commentCount\":0,\"publisher\":{\"@id\":\"https:\/\/www.notibras.com\/site\/#organization\"},\"image\":{\"@id\":\"https:\/\/www.notibras.com\/site\/corrida-militar-americana-coloca-os-russos-na-mira\/#primaryimage\"},\"thumbnailUrl\":\"https:\/\/www.notibras.com\/site\/wp-content\/uploads\/2017\/04\/USS-Enterprise-CVN-65-transits-the-Atlantic-Ocean.jpg\",\"articleSection\":[\"Opina a\u00ed\"],\"inLanguage\":\"pt-BR\",\"potentialAction\":[{\"@type\":\"CommentAction\",\"name\":\"Comment\",\"target\":[\"https:\/\/www.notibras.com\/site\/corrida-militar-americana-coloca-os-russos-na-mira\/#respond\"]}]},{\"@type\":\"WebPage\",\"@id\":\"https:\/\/www.notibras.com\/site\/corrida-militar-americana-coloca-os-russos-na-mira\/\",\"url\":\"https:\/\/www.notibras.com\/site\/corrida-militar-americana-coloca-os-russos-na-mira\/\",\"name\":\"Corrida militar americana coloca os russos na mira - Notibras\",\"isPartOf\":{\"@id\":\"https:\/\/www.notibras.com\/site\/#website\"},\"primaryImageOfPage\":{\"@id\":\"https:\/\/www.notibras.com\/site\/corrida-militar-americana-coloca-os-russos-na-mira\/#primaryimage\"},\"image\":{\"@id\":\"https:\/\/www.notibras.com\/site\/corrida-militar-americana-coloca-os-russos-na-mira\/#primaryimage\"},\"thumbnailUrl\":\"https:\/\/www.notibras.com\/site\/wp-content\/uploads\/2017\/04\/USS-Enterprise-CVN-65-transits-the-Atlantic-Ocean.jpg\",\"datePublished\":\"2017-04-03T11:33:48+00:00\",\"breadcrumb\":{\"@id\":\"https:\/\/www.notibras.com\/site\/corrida-militar-americana-coloca-os-russos-na-mira\/#breadcrumb\"},\"inLanguage\":\"pt-BR\",\"potentialAction\":[{\"@type\":\"ReadAction\",\"target\":[\"https:\/\/www.notibras.com\/site\/corrida-militar-americana-coloca-os-russos-na-mira\/\"]}]},{\"@type\":\"ImageObject\",\"inLanguage\":\"pt-BR\",\"@id\":\"https:\/\/www.notibras.com\/site\/corrida-militar-americana-coloca-os-russos-na-mira\/#primaryimage\",\"url\":\"https:\/\/www.notibras.com\/site\/wp-content\/uploads\/2017\/04\/USS-Enterprise-CVN-65-transits-the-Atlantic-Ocean.jpg\",\"contentUrl\":\"https:\/\/www.notibras.com\/site\/wp-content\/uploads\/2017\/04\/USS-Enterprise-CVN-65-transits-the-Atlantic-Ocean.jpg\",\"width\":768,\"height\":614},{\"@type\":\"BreadcrumbList\",\"@id\":\"https:\/\/www.notibras.com\/site\/corrida-militar-americana-coloca-os-russos-na-mira\/#breadcrumb\",\"itemListElement\":[{\"@type\":\"ListItem\",\"position\":1,\"name\":\"In\u00edcio\",\"item\":\"https:\/\/www.notibras.com\/site\/\"},{\"@type\":\"ListItem\",\"position\":2,\"name\":\"Corrida militar americana coloca os russos na mira\"}]},{\"@type\":\"WebSite\",\"@id\":\"https:\/\/www.notibras.com\/site\/#website\",\"url\":\"https:\/\/www.notibras.com\/site\/\",\"name\":\"Notibras\",\"description\":\"Not\u00edcias de Bras\u00edlia, do Brasil e do Mundo\",\"publisher\":{\"@id\":\"https:\/\/www.notibras.com\/site\/#organization\"},\"potentialAction\":[{\"@type\":\"SearchAction\",\"target\":{\"@type\":\"EntryPoint\",\"urlTemplate\":\"https:\/\/www.notibras.com\/site\/?s={search_term_string}\"},\"query-input\":{\"@type\":\"PropertyValueSpecification\",\"valueRequired\":true,\"valueName\":\"search_term_string\"}}],\"inLanguage\":\"pt-BR\"},{\"@type\":\"Organization\",\"@id\":\"https:\/\/www.notibras.com\/site\/#organization\",\"name\":\"Grupo Notibras de Comunica\u00e7\u00e3o\",\"url\":\"https:\/\/www.notibras.com\/site\/\",\"logo\":{\"@type\":\"ImageObject\",\"inLanguage\":\"pt-BR\",\"@id\":\"https:\/\/www.notibras.com\/site\/#\/schema\/logo\/image\/\",\"url\":\"https:\/\/www.notibras.com\/site\/wp-content\/uploads\/2023\/01\/notibras23.png\",\"contentUrl\":\"https:\/\/www.notibras.com\/site\/wp-content\/uploads\/2023\/01\/notibras23.png\",\"width\":350,\"height\":87,\"caption\":\"Grupo Notibras de Comunica\u00e7\u00e3o\"},\"image\":{\"@id\":\"https:\/\/www.notibras.com\/site\/#\/schema\/logo\/image\/\"},\"sameAs\":[\"https:\/\/www.facebook.com\/notibras\/\",\"https:\/\/x.com\/Notibras\",\"https:\/\/www.instagram.com\/notibras\/\"]},{\"@type\":\"Person\",\"@id\":\"https:\/\/www.notibras.com\/site\/#\/schema\/person\/36ab0979449956132d3e5b517ea76ac8\",\"name\":\"Reda\u00e7\u00e3o\",\"image\":{\"@type\":\"ImageObject\",\"inLanguage\":\"pt-BR\",\"@id\":\"https:\/\/secure.gravatar.com\/avatar\/e0a867bdedb85fd243eadf09663511f96fc81e0720a4a42581f334ad4303aa6b?s=96&d=mm&r=g\",\"url\":\"https:\/\/secure.gravatar.com\/avatar\/e0a867bdedb85fd243eadf09663511f96fc81e0720a4a42581f334ad4303aa6b?s=96&d=mm&r=g\",\"contentUrl\":\"https:\/\/secure.gravatar.com\/avatar\/e0a867bdedb85fd243eadf09663511f96fc81e0720a4a42581f334ad4303aa6b?s=96&d=mm&r=g\",\"caption\":\"Reda\u00e7\u00e3o\"}}]}<\/script>\n<!-- \/ Yoast SEO plugin. -->","yoast_head_json":{"title":"Corrida militar americana coloca os russos na mira - Notibras","robots":{"index":"index","follow":"follow","max-snippet":"max-snippet:-1","max-image-preview":"max-image-preview:large","max-video-preview":"max-video-preview:-1"},"canonical":"https:\/\/www.notibras.com\/site\/corrida-militar-americana-coloca-os-russos-na-mira\/","og_locale":"pt_BR","og_type":"article","og_title":"Corrida militar americana coloca os russos na mira - Notibras","og_description":"James Petras O militarismo estado-unidense expandiu-se exponencialmente ao longo das primeiras duas d\u00e9cadas do s\u00e9culo XXI e foi adotado tanto por presidentes democratas como republicanos. A histeria dos mass media em rela\u00e7\u00e3o ao aumento dos gastos militares do presidente Trump ignora deliberadamente a vasta expans\u00e3o do militarismo, em todas as suas facetas, sob o presidente [&hellip;]","og_url":"https:\/\/www.notibras.com\/site\/corrida-militar-americana-coloca-os-russos-na-mira\/","og_site_name":"Notibras","article_publisher":"https:\/\/www.facebook.com\/notibras\/","article_published_time":"2017-04-03T11:33:48+00:00","og_image":[{"width":768,"height":614,"url":"https:\/\/www.notibras.com\/site\/wp-content\/uploads\/2017\/04\/USS-Enterprise-CVN-65-transits-the-Atlantic-Ocean.jpg","type":"image\/jpeg"}],"author":"Reda\u00e7\u00e3o","twitter_card":"summary_large_image","twitter_creator":"@Notibras","twitter_site":"@Notibras","twitter_misc":{"Escrito por":"Reda\u00e7\u00e3o","Est. tempo de leitura":"7 minutos"},"schema":{"@context":"https:\/\/schema.org","@graph":[{"@type":"Article","@id":"https:\/\/www.notibras.com\/site\/corrida-militar-americana-coloca-os-russos-na-mira\/#article","isPartOf":{"@id":"https:\/\/www.notibras.com\/site\/corrida-militar-americana-coloca-os-russos-na-mira\/"},"author":{"name":"Reda\u00e7\u00e3o","@id":"https:\/\/www.notibras.com\/site\/#\/schema\/person\/36ab0979449956132d3e5b517ea76ac8"},"headline":"Corrida militar americana coloca os russos na mira","datePublished":"2017-04-03T11:33:48+00:00","mainEntityOfPage":{"@id":"https:\/\/www.notibras.com\/site\/corrida-militar-americana-coloca-os-russos-na-mira\/"},"wordCount":1320,"commentCount":0,"publisher":{"@id":"https:\/\/www.notibras.com\/site\/#organization"},"image":{"@id":"https:\/\/www.notibras.com\/site\/corrida-militar-americana-coloca-os-russos-na-mira\/#primaryimage"},"thumbnailUrl":"https:\/\/www.notibras.com\/site\/wp-content\/uploads\/2017\/04\/USS-Enterprise-CVN-65-transits-the-Atlantic-Ocean.jpg","articleSection":["Opina a\u00ed"],"inLanguage":"pt-BR","potentialAction":[{"@type":"CommentAction","name":"Comment","target":["https:\/\/www.notibras.com\/site\/corrida-militar-americana-coloca-os-russos-na-mira\/#respond"]}]},{"@type":"WebPage","@id":"https:\/\/www.notibras.com\/site\/corrida-militar-americana-coloca-os-russos-na-mira\/","url":"https:\/\/www.notibras.com\/site\/corrida-militar-americana-coloca-os-russos-na-mira\/","name":"Corrida militar americana coloca os russos na mira - Notibras","isPartOf":{"@id":"https:\/\/www.notibras.com\/site\/#website"},"primaryImageOfPage":{"@id":"https:\/\/www.notibras.com\/site\/corrida-militar-americana-coloca-os-russos-na-mira\/#primaryimage"},"image":{"@id":"https:\/\/www.notibras.com\/site\/corrida-militar-americana-coloca-os-russos-na-mira\/#primaryimage"},"thumbnailUrl":"https:\/\/www.notibras.com\/site\/wp-content\/uploads\/2017\/04\/USS-Enterprise-CVN-65-transits-the-Atlantic-Ocean.jpg","datePublished":"2017-04-03T11:33:48+00:00","breadcrumb":{"@id":"https:\/\/www.notibras.com\/site\/corrida-militar-americana-coloca-os-russos-na-mira\/#breadcrumb"},"inLanguage":"pt-BR","potentialAction":[{"@type":"ReadAction","target":["https:\/\/www.notibras.com\/site\/corrida-militar-americana-coloca-os-russos-na-mira\/"]}]},{"@type":"ImageObject","inLanguage":"pt-BR","@id":"https:\/\/www.notibras.com\/site\/corrida-militar-americana-coloca-os-russos-na-mira\/#primaryimage","url":"https:\/\/www.notibras.com\/site\/wp-content\/uploads\/2017\/04\/USS-Enterprise-CVN-65-transits-the-Atlantic-Ocean.jpg","contentUrl":"https:\/\/www.notibras.com\/site\/wp-content\/uploads\/2017\/04\/USS-Enterprise-CVN-65-transits-the-Atlantic-Ocean.jpg","width":768,"height":614},{"@type":"BreadcrumbList","@id":"https:\/\/www.notibras.com\/site\/corrida-militar-americana-coloca-os-russos-na-mira\/#breadcrumb","itemListElement":[{"@type":"ListItem","position":1,"name":"In\u00edcio","item":"https:\/\/www.notibras.com\/site\/"},{"@type":"ListItem","position":2,"name":"Corrida militar americana coloca os russos na mira"}]},{"@type":"WebSite","@id":"https:\/\/www.notibras.com\/site\/#website","url":"https:\/\/www.notibras.com\/site\/","name":"Notibras","description":"Not\u00edcias de Bras\u00edlia, do Brasil e do Mundo","publisher":{"@id":"https:\/\/www.notibras.com\/site\/#organization"},"potentialAction":[{"@type":"SearchAction","target":{"@type":"EntryPoint","urlTemplate":"https:\/\/www.notibras.com\/site\/?s={search_term_string}"},"query-input":{"@type":"PropertyValueSpecification","valueRequired":true,"valueName":"search_term_string"}}],"inLanguage":"pt-BR"},{"@type":"Organization","@id":"https:\/\/www.notibras.com\/site\/#organization","name":"Grupo Notibras de Comunica\u00e7\u00e3o","url":"https:\/\/www.notibras.com\/site\/","logo":{"@type":"ImageObject","inLanguage":"pt-BR","@id":"https:\/\/www.notibras.com\/site\/#\/schema\/logo\/image\/","url":"https:\/\/www.notibras.com\/site\/wp-content\/uploads\/2023\/01\/notibras23.png","contentUrl":"https:\/\/www.notibras.com\/site\/wp-content\/uploads\/2023\/01\/notibras23.png","width":350,"height":87,"caption":"Grupo Notibras de Comunica\u00e7\u00e3o"},"image":{"@id":"https:\/\/www.notibras.com\/site\/#\/schema\/logo\/image\/"},"sameAs":["https:\/\/www.facebook.com\/notibras\/","https:\/\/x.com\/Notibras","https:\/\/www.instagram.com\/notibras\/"]},{"@type":"Person","@id":"https:\/\/www.notibras.com\/site\/#\/schema\/person\/36ab0979449956132d3e5b517ea76ac8","name":"Reda\u00e7\u00e3o","image":{"@type":"ImageObject","inLanguage":"pt-BR","@id":"https:\/\/secure.gravatar.com\/avatar\/e0a867bdedb85fd243eadf09663511f96fc81e0720a4a42581f334ad4303aa6b?s=96&d=mm&r=g","url":"https:\/\/secure.gravatar.com\/avatar\/e0a867bdedb85fd243eadf09663511f96fc81e0720a4a42581f334ad4303aa6b?s=96&d=mm&r=g","contentUrl":"https:\/\/secure.gravatar.com\/avatar\/e0a867bdedb85fd243eadf09663511f96fc81e0720a4a42581f334ad4303aa6b?s=96&d=mm&r=g","caption":"Reda\u00e7\u00e3o"}}]}},"amp_enabled":true,"_links":{"self":[{"href":"https:\/\/www.notibras.com\/site\/wp-json\/wp\/v2\/posts\/134044","targetHints":{"allow":["GET"]}}],"collection":[{"href":"https:\/\/www.notibras.com\/site\/wp-json\/wp\/v2\/posts"}],"about":[{"href":"https:\/\/www.notibras.com\/site\/wp-json\/wp\/v2\/types\/post"}],"author":[{"embeddable":true,"href":"https:\/\/www.notibras.com\/site\/wp-json\/wp\/v2\/users\/2"}],"replies":[{"embeddable":true,"href":"https:\/\/www.notibras.com\/site\/wp-json\/wp\/v2\/comments?post=134044"}],"version-history":[{"count":1,"href":"https:\/\/www.notibras.com\/site\/wp-json\/wp\/v2\/posts\/134044\/revisions"}],"predecessor-version":[{"id":134046,"href":"https:\/\/www.notibras.com\/site\/wp-json\/wp\/v2\/posts\/134044\/revisions\/134046"}],"wp:featuredmedia":[{"embeddable":true,"href":"https:\/\/www.notibras.com\/site\/wp-json\/wp\/v2\/media\/134045"}],"wp:attachment":[{"href":"https:\/\/www.notibras.com\/site\/wp-json\/wp\/v2\/media?parent=134044"}],"wp:term":[{"taxonomy":"category","embeddable":true,"href":"https:\/\/www.notibras.com\/site\/wp-json\/wp\/v2\/categories?post=134044"},{"taxonomy":"post_tag","embeddable":true,"href":"https:\/\/www.notibras.com\/site\/wp-json\/wp\/v2\/tags?post=134044"}],"curies":[{"name":"wp","href":"https:\/\/api.w.org\/{rel}","templated":true}]}}