{"id":13465,"date":"2014-06-14T22:19:10","date_gmt":"2014-06-15T01:19:10","guid":{"rendered":"http:\/\/www.notibras.com\/site\/?p=13465"},"modified":"2014-06-15T00:25:55","modified_gmt":"2014-06-15T03:25:55","slug":"natal-sofre-novo-deslizamento-de-terra-e-familias-sao-evacuadas","status":"publish","type":"post","link":"https:\/\/www.notibras.com\/site\/natal-sofre-novo-deslizamento-de-terra-e-familias-sao-evacuadas\/","title":{"rendered":"Natal sofre novo deslizamento e pr\u00e9dios s\u00e3o evacuados"},"content":{"rendered":"<p>Um novo deslizamento de terra foi registrado por volta das 20h30 deste s\u00e1bado em Natal. A avenida Dinarte Mariz, que d\u00e1 acesso a alguns dos principais hot\u00e9is da cidade, onde est\u00e3o hospedadas as sele\u00e7\u00f5es do M\u00e9xico e dos Estados Unidos, voltou a ser tomada pela areia e lama.<\/p>\n<p>Desta vez, ningu\u00e9m foi atingido. Segundo a Defesa Civil, mais de 50 fam\u00edlias que moram no alto do morro foram retiradas de suas casas e moradores de dois pr\u00e9dios localizados na orla foram evacuados por medidas de seguran\u00e7a.<\/p>\n<p class=\"text\">A jornalista Carolina Souza estava no pr\u00e9dio que foi evacuado e testemunhou tudo que aconteceu. &#8220;Estava visitando meu sogro e acabei ficando presa no pr\u00e9dio quando os problemas come\u00e7aram. Acho que fomos os \u00faltimos a sair. Quando chegamos l\u00e1 embaixo, o hall e os estacionamentos estavam cheios de lama&#8221;, relatou.<\/p>\n<blockquote>\n<p class=\"text\">Na tarde de sexta, o mesmo trecho foi atingido pelo primeiro deslizamento de terra e cinco carros foram soterrados. Durante todo o s\u00e1bado a \u00e1gua continuou a jorrar do alto do morro de M\u00e3e Luiza, onde uma cratera se abriu ap\u00f3s o rompimento de uma tubula\u00e7\u00e3o que fica na Rua Guanabara , de onde uma escadaria faz liga\u00e7\u00e3o com a avenida a beira mar.<\/p>\n<\/blockquote>\n<p class=\"text\">\u201cEstamos em alerta absoluto. Equipes da Defesa Civil, Corpo de Bombeiros, Marinha e Companhia de Energia est\u00e3o no local para tentar conter a situa\u00e7\u00e3o e tirar as pessoas em seguran\u00e7a\u201d, disse o Secret\u00e1rio de Seguran\u00e7a e Defesa Social de Natal, Paulo C\u00e9sar Costa.<\/p>\n<p class=\"text\">O prefeito Carlos Eduardo convocou uma reuni\u00e3o de emerg\u00eancia e determinou que todas as secretarias fiquem em alerta em fun\u00e7\u00e3o das chuvas. Chove forte em Natal desde as primeiras horas de sexta-feira. At\u00e9 o come\u00e7o da noite havia sido registrado mais de 200 mil\u00edmetros, o equivalente a m\u00e9dia hist\u00f3ria do m\u00eas de junho.<\/p>\n","protected":false},"excerpt":{"rendered":"<p>Um novo deslizamento de terra foi registrado por volta das 20h30 deste s\u00e1bado em Natal. A avenida Dinarte Mariz, que d\u00e1 acesso a alguns dos principais hot\u00e9is da cidade, onde est\u00e3o hospedadas as sele\u00e7\u00f5es do M\u00e9xico e dos Estados Unidos, voltou a ser tomada pela areia e lama. Desta vez, ningu\u00e9m foi atingido. Segundo a [&hellip;]<\/p>\n","protected":false},"author":2,"featured_media":13466,"comment_status":"open","ping_status":"closed","sticky":false,"template":"","format":"standard","meta":{"_acf_changed":false,"footnotes":""},"categories":[16],"tags":[],"class_list":["post-13465","post","type-post","status-publish","format-standard","has-post-thumbnail","hentry","category-brasil"],"acf":[],"yoast_head":"<!-- This site is optimized with the Yoast SEO plugin v27.2 - https:\/\/yoast.com\/product\/yoast-seo-wordpress\/ -->\n<title>Natal sofre novo deslizamento e pr\u00e9dios s\u00e3o evacuados - Notibras<\/title>\n<meta name=\"robots\" content=\"index, follow, max-snippet:-1, max-image-preview:large, max-video-preview:-1\" \/>\n<link rel=\"canonical\" href=\"https:\/\/www.notibras.com\/site\/natal-sofre-novo-deslizamento-de-terra-e-familias-sao-evacuadas\/\" \/>\n<meta property=\"og:locale\" content=\"pt_BR\" \/>\n<meta property=\"og:type\" content=\"article\" \/>\n<meta property=\"og:title\" content=\"Natal sofre novo deslizamento e pr\u00e9dios s\u00e3o evacuados - Notibras\" \/>\n<meta property=\"og:description\" content=\"Um novo deslizamento de terra foi registrado por volta das 20h30 deste s\u00e1bado em Natal. A avenida Dinarte Mariz, que d\u00e1 acesso a alguns dos principais hot\u00e9is da cidade, onde est\u00e3o hospedadas as sele\u00e7\u00f5es do M\u00e9xico e dos Estados Unidos, voltou a ser tomada pela areia e lama. Desta vez, ningu\u00e9m foi atingido. Segundo a [&hellip;]\" \/>\n<meta property=\"og:url\" content=\"https:\/\/www.notibras.com\/site\/natal-sofre-novo-deslizamento-de-terra-e-familias-sao-evacuadas\/\" \/>\n<meta property=\"og:site_name\" content=\"Notibras\" \/>\n<meta property=\"article:publisher\" content=\"https:\/\/www.facebook.com\/notibras\/\" \/>\n<meta property=\"article:published_time\" content=\"2014-06-15T01:19:10+00:00\" \/>\n<meta property=\"article:modified_time\" content=\"2014-06-15T03:25:55+00:00\" \/>\n<meta property=\"og:image\" content=\"https:\/\/www.notibras.com\/site\/wp-content\/uploads\/2014\/06\/MG_3511.jpg\" \/>\n\t<meta property=\"og:image:width\" content=\"935\" \/>\n\t<meta property=\"og:image:height\" content=\"624\" \/>\n\t<meta property=\"og:image:type\" content=\"image\/jpeg\" \/>\n<meta name=\"author\" content=\"Reda\u00e7\u00e3o\" \/>\n<meta name=\"twitter:card\" content=\"summary_large_image\" \/>\n<meta name=\"twitter:creator\" content=\"@Notibras\" \/>\n<meta name=\"twitter:site\" content=\"@Notibras\" \/>\n<meta name=\"twitter:label1\" content=\"Escrito por\" \/>\n\t<meta name=\"twitter:data1\" content=\"Reda\u00e7\u00e3o\" \/>\n\t<meta name=\"twitter:label2\" content=\"Est. tempo de leitura\" \/>\n\t<meta name=\"twitter:data2\" content=\"2 minutos\" \/>\n<script type=\"application\/ld+json\" class=\"yoast-schema-graph\">{\"@context\":\"https:\/\/schema.org\",\"@graph\":[{\"@type\":\"Article\",\"@id\":\"https:\/\/www.notibras.com\/site\/natal-sofre-novo-deslizamento-de-terra-e-familias-sao-evacuadas\/#article\",\"isPartOf\":{\"@id\":\"https:\/\/www.notibras.com\/site\/natal-sofre-novo-deslizamento-de-terra-e-familias-sao-evacuadas\/\"},\"author\":{\"name\":\"Reda\u00e7\u00e3o\",\"@id\":\"https:\/\/www.notibras.com\/site\/#\/schema\/person\/36ab0979449956132d3e5b517ea76ac8\"},\"headline\":\"Natal sofre novo deslizamento e pr\u00e9dios s\u00e3o evacuados\",\"datePublished\":\"2014-06-15T01:19:10+00:00\",\"dateModified\":\"2014-06-15T03:25:55+00:00\",\"mainEntityOfPage\":{\"@id\":\"https:\/\/www.notibras.com\/site\/natal-sofre-novo-deslizamento-de-terra-e-familias-sao-evacuadas\/\"},\"wordCount\":334,\"commentCount\":0,\"publisher\":{\"@id\":\"https:\/\/www.notibras.com\/site\/#organization\"},\"image\":{\"@id\":\"https:\/\/www.notibras.com\/site\/natal-sofre-novo-deslizamento-de-terra-e-familias-sao-evacuadas\/#primaryimage\"},\"thumbnailUrl\":\"https:\/\/www.notibras.com\/site\/wp-content\/uploads\/2014\/06\/MG_3511.jpg\",\"articleSection\":[\"Brasil\"],\"inLanguage\":\"pt-BR\",\"potentialAction\":[{\"@type\":\"CommentAction\",\"name\":\"Comment\",\"target\":[\"https:\/\/www.notibras.com\/site\/natal-sofre-novo-deslizamento-de-terra-e-familias-sao-evacuadas\/#respond\"]}]},{\"@type\":\"WebPage\",\"@id\":\"https:\/\/www.notibras.com\/site\/natal-sofre-novo-deslizamento-de-terra-e-familias-sao-evacuadas\/\",\"url\":\"https:\/\/www.notibras.com\/site\/natal-sofre-novo-deslizamento-de-terra-e-familias-sao-evacuadas\/\",\"name\":\"Natal sofre novo deslizamento e pr\u00e9dios s\u00e3o evacuados - Notibras\",\"isPartOf\":{\"@id\":\"https:\/\/www.notibras.com\/site\/#website\"},\"primaryImageOfPage\":{\"@id\":\"https:\/\/www.notibras.com\/site\/natal-sofre-novo-deslizamento-de-terra-e-familias-sao-evacuadas\/#primaryimage\"},\"image\":{\"@id\":\"https:\/\/www.notibras.com\/site\/natal-sofre-novo-deslizamento-de-terra-e-familias-sao-evacuadas\/#primaryimage\"},\"thumbnailUrl\":\"https:\/\/www.notibras.com\/site\/wp-content\/uploads\/2014\/06\/MG_3511.jpg\",\"datePublished\":\"2014-06-15T01:19:10+00:00\",\"dateModified\":\"2014-06-15T03:25:55+00:00\",\"breadcrumb\":{\"@id\":\"https:\/\/www.notibras.com\/site\/natal-sofre-novo-deslizamento-de-terra-e-familias-sao-evacuadas\/#breadcrumb\"},\"inLanguage\":\"pt-BR\",\"potentialAction\":[{\"@type\":\"ReadAction\",\"target\":[\"https:\/\/www.notibras.com\/site\/natal-sofre-novo-deslizamento-de-terra-e-familias-sao-evacuadas\/\"]}]},{\"@type\":\"ImageObject\",\"inLanguage\":\"pt-BR\",\"@id\":\"https:\/\/www.notibras.com\/site\/natal-sofre-novo-deslizamento-de-terra-e-familias-sao-evacuadas\/#primaryimage\",\"url\":\"https:\/\/www.notibras.com\/site\/wp-content\/uploads\/2014\/06\/MG_3511.jpg\",\"contentUrl\":\"https:\/\/www.notibras.com\/site\/wp-content\/uploads\/2014\/06\/MG_3511.jpg\",\"width\":935,\"height\":624},{\"@type\":\"BreadcrumbList\",\"@id\":\"https:\/\/www.notibras.com\/site\/natal-sofre-novo-deslizamento-de-terra-e-familias-sao-evacuadas\/#breadcrumb\",\"itemListElement\":[{\"@type\":\"ListItem\",\"position\":1,\"name\":\"In\u00edcio\",\"item\":\"https:\/\/www.notibras.com\/site\/\"},{\"@type\":\"ListItem\",\"position\":2,\"name\":\"Natal sofre novo deslizamento e pr\u00e9dios s\u00e3o evacuados\"}]},{\"@type\":\"WebSite\",\"@id\":\"https:\/\/www.notibras.com\/site\/#website\",\"url\":\"https:\/\/www.notibras.com\/site\/\",\"name\":\"Notibras\",\"description\":\"Not\u00edcias de Bras\u00edlia, do Brasil e do Mundo\",\"publisher\":{\"@id\":\"https:\/\/www.notibras.com\/site\/#organization\"},\"potentialAction\":[{\"@type\":\"SearchAction\",\"target\":{\"@type\":\"EntryPoint\",\"urlTemplate\":\"https:\/\/www.notibras.com\/site\/?s={search_term_string}\"},\"query-input\":{\"@type\":\"PropertyValueSpecification\",\"valueRequired\":true,\"valueName\":\"search_term_string\"}}],\"inLanguage\":\"pt-BR\"},{\"@type\":\"Organization\",\"@id\":\"https:\/\/www.notibras.com\/site\/#organization\",\"name\":\"Grupo Notibras de Comunica\u00e7\u00e3o\",\"url\":\"https:\/\/www.notibras.com\/site\/\",\"logo\":{\"@type\":\"ImageObject\",\"inLanguage\":\"pt-BR\",\"@id\":\"https:\/\/www.notibras.com\/site\/#\/schema\/logo\/image\/\",\"url\":\"https:\/\/www.notibras.com\/site\/wp-content\/uploads\/2023\/01\/notibras23.png\",\"contentUrl\":\"https:\/\/www.notibras.com\/site\/wp-content\/uploads\/2023\/01\/notibras23.png\",\"width\":350,\"height\":87,\"caption\":\"Grupo Notibras de Comunica\u00e7\u00e3o\"},\"image\":{\"@id\":\"https:\/\/www.notibras.com\/site\/#\/schema\/logo\/image\/\"},\"sameAs\":[\"https:\/\/www.facebook.com\/notibras\/\",\"https:\/\/x.com\/Notibras\",\"https:\/\/www.instagram.com\/notibras\/\"]},{\"@type\":\"Person\",\"@id\":\"https:\/\/www.notibras.com\/site\/#\/schema\/person\/36ab0979449956132d3e5b517ea76ac8\",\"name\":\"Reda\u00e7\u00e3o\",\"image\":{\"@type\":\"ImageObject\",\"inLanguage\":\"pt-BR\",\"@id\":\"https:\/\/secure.gravatar.com\/avatar\/e0a867bdedb85fd243eadf09663511f96fc81e0720a4a42581f334ad4303aa6b?s=96&d=mm&r=g\",\"url\":\"https:\/\/secure.gravatar.com\/avatar\/e0a867bdedb85fd243eadf09663511f96fc81e0720a4a42581f334ad4303aa6b?s=96&d=mm&r=g\",\"contentUrl\":\"https:\/\/secure.gravatar.com\/avatar\/e0a867bdedb85fd243eadf09663511f96fc81e0720a4a42581f334ad4303aa6b?s=96&d=mm&r=g\",\"caption\":\"Reda\u00e7\u00e3o\"}}]}<\/script>\n<!-- \/ Yoast SEO plugin. -->","yoast_head_json":{"title":"Natal sofre novo deslizamento e pr\u00e9dios s\u00e3o evacuados - Notibras","robots":{"index":"index","follow":"follow","max-snippet":"max-snippet:-1","max-image-preview":"max-image-preview:large","max-video-preview":"max-video-preview:-1"},"canonical":"https:\/\/www.notibras.com\/site\/natal-sofre-novo-deslizamento-de-terra-e-familias-sao-evacuadas\/","og_locale":"pt_BR","og_type":"article","og_title":"Natal sofre novo deslizamento e pr\u00e9dios s\u00e3o evacuados - Notibras","og_description":"Um novo deslizamento de terra foi registrado por volta das 20h30 deste s\u00e1bado em Natal. A avenida Dinarte Mariz, que d\u00e1 acesso a alguns dos principais hot\u00e9is da cidade, onde est\u00e3o hospedadas as sele\u00e7\u00f5es do M\u00e9xico e dos Estados Unidos, voltou a ser tomada pela areia e lama. Desta vez, ningu\u00e9m foi atingido. Segundo a [&hellip;]","og_url":"https:\/\/www.notibras.com\/site\/natal-sofre-novo-deslizamento-de-terra-e-familias-sao-evacuadas\/","og_site_name":"Notibras","article_publisher":"https:\/\/www.facebook.com\/notibras\/","article_published_time":"2014-06-15T01:19:10+00:00","article_modified_time":"2014-06-15T03:25:55+00:00","og_image":[{"width":935,"height":624,"url":"https:\/\/www.notibras.com\/site\/wp-content\/uploads\/2014\/06\/MG_3511.jpg","type":"image\/jpeg"}],"author":"Reda\u00e7\u00e3o","twitter_card":"summary_large_image","twitter_creator":"@Notibras","twitter_site":"@Notibras","twitter_misc":{"Escrito por":"Reda\u00e7\u00e3o","Est. tempo de leitura":"2 minutos"},"schema":{"@context":"https:\/\/schema.org","@graph":[{"@type":"Article","@id":"https:\/\/www.notibras.com\/site\/natal-sofre-novo-deslizamento-de-terra-e-familias-sao-evacuadas\/#article","isPartOf":{"@id":"https:\/\/www.notibras.com\/site\/natal-sofre-novo-deslizamento-de-terra-e-familias-sao-evacuadas\/"},"author":{"name":"Reda\u00e7\u00e3o","@id":"https:\/\/www.notibras.com\/site\/#\/schema\/person\/36ab0979449956132d3e5b517ea76ac8"},"headline":"Natal sofre novo deslizamento e pr\u00e9dios s\u00e3o evacuados","datePublished":"2014-06-15T01:19:10+00:00","dateModified":"2014-06-15T03:25:55+00:00","mainEntityOfPage":{"@id":"https:\/\/www.notibras.com\/site\/natal-sofre-novo-deslizamento-de-terra-e-familias-sao-evacuadas\/"},"wordCount":334,"commentCount":0,"publisher":{"@id":"https:\/\/www.notibras.com\/site\/#organization"},"image":{"@id":"https:\/\/www.notibras.com\/site\/natal-sofre-novo-deslizamento-de-terra-e-familias-sao-evacuadas\/#primaryimage"},"thumbnailUrl":"https:\/\/www.notibras.com\/site\/wp-content\/uploads\/2014\/06\/MG_3511.jpg","articleSection":["Brasil"],"inLanguage":"pt-BR","potentialAction":[{"@type":"CommentAction","name":"Comment","target":["https:\/\/www.notibras.com\/site\/natal-sofre-novo-deslizamento-de-terra-e-familias-sao-evacuadas\/#respond"]}]},{"@type":"WebPage","@id":"https:\/\/www.notibras.com\/site\/natal-sofre-novo-deslizamento-de-terra-e-familias-sao-evacuadas\/","url":"https:\/\/www.notibras.com\/site\/natal-sofre-novo-deslizamento-de-terra-e-familias-sao-evacuadas\/","name":"Natal sofre novo deslizamento e pr\u00e9dios s\u00e3o evacuados - Notibras","isPartOf":{"@id":"https:\/\/www.notibras.com\/site\/#website"},"primaryImageOfPage":{"@id":"https:\/\/www.notibras.com\/site\/natal-sofre-novo-deslizamento-de-terra-e-familias-sao-evacuadas\/#primaryimage"},"image":{"@id":"https:\/\/www.notibras.com\/site\/natal-sofre-novo-deslizamento-de-terra-e-familias-sao-evacuadas\/#primaryimage"},"thumbnailUrl":"https:\/\/www.notibras.com\/site\/wp-content\/uploads\/2014\/06\/MG_3511.jpg","datePublished":"2014-06-15T01:19:10+00:00","dateModified":"2014-06-15T03:25:55+00:00","breadcrumb":{"@id":"https:\/\/www.notibras.com\/site\/natal-sofre-novo-deslizamento-de-terra-e-familias-sao-evacuadas\/#breadcrumb"},"inLanguage":"pt-BR","potentialAction":[{"@type":"ReadAction","target":["https:\/\/www.notibras.com\/site\/natal-sofre-novo-deslizamento-de-terra-e-familias-sao-evacuadas\/"]}]},{"@type":"ImageObject","inLanguage":"pt-BR","@id":"https:\/\/www.notibras.com\/site\/natal-sofre-novo-deslizamento-de-terra-e-familias-sao-evacuadas\/#primaryimage","url":"https:\/\/www.notibras.com\/site\/wp-content\/uploads\/2014\/06\/MG_3511.jpg","contentUrl":"https:\/\/www.notibras.com\/site\/wp-content\/uploads\/2014\/06\/MG_3511.jpg","width":935,"height":624},{"@type":"BreadcrumbList","@id":"https:\/\/www.notibras.com\/site\/natal-sofre-novo-deslizamento-de-terra-e-familias-sao-evacuadas\/#breadcrumb","itemListElement":[{"@type":"ListItem","position":1,"name":"In\u00edcio","item":"https:\/\/www.notibras.com\/site\/"},{"@type":"ListItem","position":2,"name":"Natal sofre novo deslizamento e pr\u00e9dios s\u00e3o evacuados"}]},{"@type":"WebSite","@id":"https:\/\/www.notibras.com\/site\/#website","url":"https:\/\/www.notibras.com\/site\/","name":"Notibras","description":"Not\u00edcias de Bras\u00edlia, do Brasil e do Mundo","publisher":{"@id":"https:\/\/www.notibras.com\/site\/#organization"},"potentialAction":[{"@type":"SearchAction","target":{"@type":"EntryPoint","urlTemplate":"https:\/\/www.notibras.com\/site\/?s={search_term_string}"},"query-input":{"@type":"PropertyValueSpecification","valueRequired":true,"valueName":"search_term_string"}}],"inLanguage":"pt-BR"},{"@type":"Organization","@id":"https:\/\/www.notibras.com\/site\/#organization","name":"Grupo Notibras de Comunica\u00e7\u00e3o","url":"https:\/\/www.notibras.com\/site\/","logo":{"@type":"ImageObject","inLanguage":"pt-BR","@id":"https:\/\/www.notibras.com\/site\/#\/schema\/logo\/image\/","url":"https:\/\/www.notibras.com\/site\/wp-content\/uploads\/2023\/01\/notibras23.png","contentUrl":"https:\/\/www.notibras.com\/site\/wp-content\/uploads\/2023\/01\/notibras23.png","width":350,"height":87,"caption":"Grupo Notibras de Comunica\u00e7\u00e3o"},"image":{"@id":"https:\/\/www.notibras.com\/site\/#\/schema\/logo\/image\/"},"sameAs":["https:\/\/www.facebook.com\/notibras\/","https:\/\/x.com\/Notibras","https:\/\/www.instagram.com\/notibras\/"]},{"@type":"Person","@id":"https:\/\/www.notibras.com\/site\/#\/schema\/person\/36ab0979449956132d3e5b517ea76ac8","name":"Reda\u00e7\u00e3o","image":{"@type":"ImageObject","inLanguage":"pt-BR","@id":"https:\/\/secure.gravatar.com\/avatar\/e0a867bdedb85fd243eadf09663511f96fc81e0720a4a42581f334ad4303aa6b?s=96&d=mm&r=g","url":"https:\/\/secure.gravatar.com\/avatar\/e0a867bdedb85fd243eadf09663511f96fc81e0720a4a42581f334ad4303aa6b?s=96&d=mm&r=g","contentUrl":"https:\/\/secure.gravatar.com\/avatar\/e0a867bdedb85fd243eadf09663511f96fc81e0720a4a42581f334ad4303aa6b?s=96&d=mm&r=g","caption":"Reda\u00e7\u00e3o"}}]}},"amp_enabled":true,"_links":{"self":[{"href":"https:\/\/www.notibras.com\/site\/wp-json\/wp\/v2\/posts\/13465","targetHints":{"allow":["GET"]}}],"collection":[{"href":"https:\/\/www.notibras.com\/site\/wp-json\/wp\/v2\/posts"}],"about":[{"href":"https:\/\/www.notibras.com\/site\/wp-json\/wp\/v2\/types\/post"}],"author":[{"embeddable":true,"href":"https:\/\/www.notibras.com\/site\/wp-json\/wp\/v2\/users\/2"}],"replies":[{"embeddable":true,"href":"https:\/\/www.notibras.com\/site\/wp-json\/wp\/v2\/comments?post=13465"}],"version-history":[{"count":0,"href":"https:\/\/www.notibras.com\/site\/wp-json\/wp\/v2\/posts\/13465\/revisions"}],"wp:featuredmedia":[{"embeddable":true,"href":"https:\/\/www.notibras.com\/site\/wp-json\/wp\/v2\/media\/13466"}],"wp:attachment":[{"href":"https:\/\/www.notibras.com\/site\/wp-json\/wp\/v2\/media?parent=13465"}],"wp:term":[{"taxonomy":"category","embeddable":true,"href":"https:\/\/www.notibras.com\/site\/wp-json\/wp\/v2\/categories?post=13465"},{"taxonomy":"post_tag","embeddable":true,"href":"https:\/\/www.notibras.com\/site\/wp-json\/wp\/v2\/tags?post=13465"}],"curies":[{"name":"wp","href":"https:\/\/api.w.org\/{rel}","templated":true}]}}