{"id":134809,"date":"2017-04-11T06:17:22","date_gmt":"2017-04-11T09:17:22","guid":{"rendered":"http:\/\/www.notibras.com\/site\/?p=134809"},"modified":"2017-04-11T06:17:22","modified_gmt":"2017-04-11T09:17:22","slug":"povo-descobre-ruas-como-saida-para-mudar-o-brasil","status":"publish","type":"post","link":"https:\/\/www.notibras.com\/site\/povo-descobre-ruas-como-saida-para-mudar-o-brasil\/","title":{"rendered":"Povo descobre as ruas como sa\u00edda para mudar o Brasil"},"content":{"rendered":"<p><strong>Ronaldo Caiado<\/strong><\/p>\n<p>Quando a sociedade brasileira come\u00e7ou a se manifestar nas ruas, a partir de 2013, n\u00e3o se tratava, como alguns pensaram, de protestos pontuais contra a corrup\u00e7\u00e3o e a m\u00e1 governan\u00e7a.<\/p>\n<p>Se assim fosse, tudo se encerraria com o impeachment de Dilma, cujo governo, sob a \u00e9gide do PT, mesclou administra\u00e7\u00e3o temer\u00e1ria com roubalheira sist\u00eamica, em magnitude sem precedentes, levando o pa\u00eds \u00e0 ru\u00edna econ\u00f4mica, moral e pol\u00edtica.<\/p>\n<p>Ali, no entanto, apenas se inaugurava uma nova e irrevers\u00edvel fase na hist\u00f3ria do pa\u00eds, ao que parece ainda n\u00e3o devidamente percebida pelos agentes p\u00fablicos. E a\u00ed reside o cerne da atual crise, que \u00e9, sobretudo, de representatividade.<\/p>\n<p>A sociedade n\u00e3o se reconhece no Estado, que, por sua vez, continua a v\u00ea-la como se nada houvesse mudado. As manifesta\u00e7\u00f5es, no entanto, mostram que a sociedade descobriu o poder transformador das ruas. E de l\u00e1 n\u00e3o mais sair\u00e1.<\/p>\n<p>Organiza-se para tornar efetivo o par\u00e1grafo \u00fanico do artigo 1\u00ba da Constitui\u00e7\u00e3o, segundo o qual \u201ctodo o poder emana do povo, que o exerce por meio de representantes eleitos ou diretamente (\u2026)\u201d.<\/p>\n<p>Esse termo \u201cdiretamente\u201d est\u00e1 deixando de ser letra morta. As redes sociais s\u00e3o extens\u00f5es digitais da vida p\u00fablica, que banem de vez a figura do Estado torre de marfim.<\/p>\n<p>O recado \u00e9 claro: o papel passivo da sociedade, como mera provedora de um Estado caro e inoperante, chegou ao fim.<\/p>\n<p>O governo Temer, se n\u00e3o se der conta disso, n\u00e3o ter\u00e1 \u00eaxito nas reformas que precisa realizar. N\u00e3o o conseguir\u00e1 se continuar supondo que lhe basta obter maioria no Congresso.<\/p>\n<p>H\u00e1 28 partidos no Congresso, nenhum com v\u00ednculos efetivos na popula\u00e7\u00e3o. Em tal contexto, cogitar voto em lista, uma reforma para esconder a cara dos maus pol\u00edticos, \u00e9 aumentar o fosso que separa o pa\u00eds oficial do pa\u00eds real.<\/p>\n<p>Foi-se o tempo em que o povo terceirizava seus problemas. Hoje, cobra l\u00f3gica e coer\u00eancia dos governantes; quer retorno de seus impostos. Reforma da Previd\u00eancia, sim, desde que extensiva a todos, sem privil\u00e9gios \u2014e desde que devidamente explicada e debatida. E debate n\u00e3o \u00e9 propaganda.<\/p>\n<p>Aumento de impostos, sem que o Estado contenha os seus gastos, n\u00e3o. E assim por diante.<\/p>\n<p>A agenda de temas em discuss\u00e3o no Congresso mostra a dist\u00e2ncia que o separa da sociedade. Neste momento, em que h\u00e1 cerca de 14 milh\u00f5es de desempregados, a recupera\u00e7\u00e3o da economia exige sua desregulamenta\u00e7\u00e3o e medidas de incentivo ao emprego, n\u00e3o reforma pol\u00edtica e medidas defensivas contra a a\u00e7\u00e3o da Justi\u00e7a na Lava Jato, entre as quais a preserva\u00e7\u00e3o do foro privilegiado.<\/p>\n<p>O pa\u00eds est\u00e1 atento, de olho nos pol\u00edticos. Isso \u00e9 bom. H\u00e1 futuro e esperan\u00e7a e j\u00e1 se v\u00ea crescente parcela de jovens imunes \u00e0 doutrina\u00e7\u00e3o esquerdista, em busca de projeto de prosperidade, baseado no est\u00edmulo ao empreendedorismo e \u00e0 meritocracia, sem os quais n\u00e3o h\u00e1 justi\u00e7a social.<\/p>\n<p>O Brasil possui reservas minerais estrat\u00e9gicas incompar\u00e1veis. Com todas as dificuldades que j\u00e1 viveu e as que ainda vive, \u00e9 o segundo maior exportador de alimentos, com uma das agriculturas mais sofisticadas e produtivas.<\/p>\n<p>Mas possui potencial para ir muito mais longe. O pa\u00eds tem sido ref\u00e9m de uma mentalidade pol\u00edtica retr\u00f3grada, calcada no paternalismo estatal, que o debilitou ainda mais nesses 13 anos de desastrosa hegemonia petista. A cada elei\u00e7\u00e3o, sob o est\u00edmulo do marketing pol\u00edtico, ansiava por um salvador da p\u00e1tria.<\/p>\n<p>Lula prestou este servi\u00e7o: sepultou o ciclo messi\u00e2nico. O pa\u00eds que emerge da crise se despoja de mitos e equ\u00edvocos do passado, disposto a refundar a rep\u00fablica em bases morais e racionais.<\/p>\n","protected":false},"excerpt":{"rendered":"<p>Ronaldo Caiado Quando a sociedade brasileira come\u00e7ou a se manifestar nas ruas, a partir de 2013, n\u00e3o se tratava, como alguns pensaram, de protestos pontuais contra a corrup\u00e7\u00e3o e a m\u00e1 governan\u00e7a. Se assim fosse, tudo se encerraria com o impeachment de Dilma, cujo governo, sob a \u00e9gide do PT, mesclou administra\u00e7\u00e3o temer\u00e1ria com roubalheira [&hellip;]<\/p>\n","protected":false},"author":2,"featured_media":134810,"comment_status":"open","ping_status":"closed","sticky":false,"template":"","format":"standard","meta":{"_acf_changed":false,"footnotes":""},"categories":[25],"tags":[],"class_list":["post-134809","post","type-post","status-publish","format-standard","has-post-thumbnail","hentry","category-opina-ai"],"acf":[],"yoast_head":"<!-- This site is optimized with the Yoast SEO plugin v27.2 - https:\/\/yoast.com\/product\/yoast-seo-wordpress\/ -->\n<title>Povo descobre as ruas como sa\u00edda para mudar o Brasil - Notibras<\/title>\n<meta name=\"robots\" content=\"index, follow, max-snippet:-1, max-image-preview:large, max-video-preview:-1\" \/>\n<link rel=\"canonical\" href=\"https:\/\/www.notibras.com\/site\/povo-descobre-ruas-como-saida-para-mudar-o-brasil\/\" \/>\n<meta property=\"og:locale\" content=\"pt_BR\" \/>\n<meta property=\"og:type\" content=\"article\" \/>\n<meta property=\"og:title\" content=\"Povo descobre as ruas como sa\u00edda para mudar o Brasil - Notibras\" \/>\n<meta property=\"og:description\" content=\"Ronaldo Caiado Quando a sociedade brasileira come\u00e7ou a se manifestar nas ruas, a partir de 2013, n\u00e3o se tratava, como alguns pensaram, de protestos pontuais contra a corrup\u00e7\u00e3o e a m\u00e1 governan\u00e7a. Se assim fosse, tudo se encerraria com o impeachment de Dilma, cujo governo, sob a \u00e9gide do PT, mesclou administra\u00e7\u00e3o temer\u00e1ria com roubalheira [&hellip;]\" \/>\n<meta property=\"og:url\" content=\"https:\/\/www.notibras.com\/site\/povo-descobre-ruas-como-saida-para-mudar-o-brasil\/\" \/>\n<meta property=\"og:site_name\" content=\"Notibras\" \/>\n<meta property=\"article:publisher\" content=\"https:\/\/www.facebook.com\/notibras\/\" \/>\n<meta property=\"article:published_time\" content=\"2017-04-11T09:17:22+00:00\" \/>\n<meta property=\"og:image\" content=\"https:\/\/www.notibras.com\/site\/wp-content\/uploads\/2017\/04\/178655.jpg\" \/>\n\t<meta property=\"og:image:width\" content=\"750\" \/>\n\t<meta property=\"og:image:height\" content=\"500\" \/>\n\t<meta property=\"og:image:type\" content=\"image\/jpeg\" \/>\n<meta name=\"author\" content=\"Reda\u00e7\u00e3o\" \/>\n<meta name=\"twitter:card\" content=\"summary_large_image\" \/>\n<meta name=\"twitter:creator\" content=\"@Notibras\" \/>\n<meta name=\"twitter:site\" content=\"@Notibras\" \/>\n<meta name=\"twitter:label1\" content=\"Escrito por\" \/>\n\t<meta name=\"twitter:data1\" content=\"Reda\u00e7\u00e3o\" \/>\n\t<meta name=\"twitter:label2\" content=\"Est. tempo de leitura\" \/>\n\t<meta name=\"twitter:data2\" content=\"3 minutos\" \/>\n<script type=\"application\/ld+json\" class=\"yoast-schema-graph\">{\"@context\":\"https:\/\/schema.org\",\"@graph\":[{\"@type\":\"Article\",\"@id\":\"https:\/\/www.notibras.com\/site\/povo-descobre-ruas-como-saida-para-mudar-o-brasil\/#article\",\"isPartOf\":{\"@id\":\"https:\/\/www.notibras.com\/site\/povo-descobre-ruas-como-saida-para-mudar-o-brasil\/\"},\"author\":{\"name\":\"Reda\u00e7\u00e3o\",\"@id\":\"https:\/\/www.notibras.com\/site\/#\/schema\/person\/36ab0979449956132d3e5b517ea76ac8\"},\"headline\":\"Povo descobre as ruas como sa\u00edda para mudar o Brasil\",\"datePublished\":\"2017-04-11T09:17:22+00:00\",\"mainEntityOfPage\":{\"@id\":\"https:\/\/www.notibras.com\/site\/povo-descobre-ruas-como-saida-para-mudar-o-brasil\/\"},\"wordCount\":650,\"commentCount\":0,\"publisher\":{\"@id\":\"https:\/\/www.notibras.com\/site\/#organization\"},\"image\":{\"@id\":\"https:\/\/www.notibras.com\/site\/povo-descobre-ruas-como-saida-para-mudar-o-brasil\/#primaryimage\"},\"thumbnailUrl\":\"https:\/\/www.notibras.com\/site\/wp-content\/uploads\/2017\/04\/178655.jpg\",\"articleSection\":[\"Opina a\u00ed\"],\"inLanguage\":\"pt-BR\",\"potentialAction\":[{\"@type\":\"CommentAction\",\"name\":\"Comment\",\"target\":[\"https:\/\/www.notibras.com\/site\/povo-descobre-ruas-como-saida-para-mudar-o-brasil\/#respond\"]}]},{\"@type\":\"WebPage\",\"@id\":\"https:\/\/www.notibras.com\/site\/povo-descobre-ruas-como-saida-para-mudar-o-brasil\/\",\"url\":\"https:\/\/www.notibras.com\/site\/povo-descobre-ruas-como-saida-para-mudar-o-brasil\/\",\"name\":\"Povo descobre as ruas como sa\u00edda para mudar o Brasil - Notibras\",\"isPartOf\":{\"@id\":\"https:\/\/www.notibras.com\/site\/#website\"},\"primaryImageOfPage\":{\"@id\":\"https:\/\/www.notibras.com\/site\/povo-descobre-ruas-como-saida-para-mudar-o-brasil\/#primaryimage\"},\"image\":{\"@id\":\"https:\/\/www.notibras.com\/site\/povo-descobre-ruas-como-saida-para-mudar-o-brasil\/#primaryimage\"},\"thumbnailUrl\":\"https:\/\/www.notibras.com\/site\/wp-content\/uploads\/2017\/04\/178655.jpg\",\"datePublished\":\"2017-04-11T09:17:22+00:00\",\"breadcrumb\":{\"@id\":\"https:\/\/www.notibras.com\/site\/povo-descobre-ruas-como-saida-para-mudar-o-brasil\/#breadcrumb\"},\"inLanguage\":\"pt-BR\",\"potentialAction\":[{\"@type\":\"ReadAction\",\"target\":[\"https:\/\/www.notibras.com\/site\/povo-descobre-ruas-como-saida-para-mudar-o-brasil\/\"]}]},{\"@type\":\"ImageObject\",\"inLanguage\":\"pt-BR\",\"@id\":\"https:\/\/www.notibras.com\/site\/povo-descobre-ruas-como-saida-para-mudar-o-brasil\/#primaryimage\",\"url\":\"https:\/\/www.notibras.com\/site\/wp-content\/uploads\/2017\/04\/178655.jpg\",\"contentUrl\":\"https:\/\/www.notibras.com\/site\/wp-content\/uploads\/2017\/04\/178655.jpg\",\"width\":750,\"height\":500},{\"@type\":\"BreadcrumbList\",\"@id\":\"https:\/\/www.notibras.com\/site\/povo-descobre-ruas-como-saida-para-mudar-o-brasil\/#breadcrumb\",\"itemListElement\":[{\"@type\":\"ListItem\",\"position\":1,\"name\":\"In\u00edcio\",\"item\":\"https:\/\/www.notibras.com\/site\/\"},{\"@type\":\"ListItem\",\"position\":2,\"name\":\"Povo descobre as ruas como sa\u00edda para mudar o Brasil\"}]},{\"@type\":\"WebSite\",\"@id\":\"https:\/\/www.notibras.com\/site\/#website\",\"url\":\"https:\/\/www.notibras.com\/site\/\",\"name\":\"Notibras\",\"description\":\"Not\u00edcias de Bras\u00edlia, do Brasil e do Mundo\",\"publisher\":{\"@id\":\"https:\/\/www.notibras.com\/site\/#organization\"},\"potentialAction\":[{\"@type\":\"SearchAction\",\"target\":{\"@type\":\"EntryPoint\",\"urlTemplate\":\"https:\/\/www.notibras.com\/site\/?s={search_term_string}\"},\"query-input\":{\"@type\":\"PropertyValueSpecification\",\"valueRequired\":true,\"valueName\":\"search_term_string\"}}],\"inLanguage\":\"pt-BR\"},{\"@type\":\"Organization\",\"@id\":\"https:\/\/www.notibras.com\/site\/#organization\",\"name\":\"Grupo Notibras de Comunica\u00e7\u00e3o\",\"url\":\"https:\/\/www.notibras.com\/site\/\",\"logo\":{\"@type\":\"ImageObject\",\"inLanguage\":\"pt-BR\",\"@id\":\"https:\/\/www.notibras.com\/site\/#\/schema\/logo\/image\/\",\"url\":\"https:\/\/www.notibras.com\/site\/wp-content\/uploads\/2023\/01\/notibras23.png\",\"contentUrl\":\"https:\/\/www.notibras.com\/site\/wp-content\/uploads\/2023\/01\/notibras23.png\",\"width\":350,\"height\":87,\"caption\":\"Grupo Notibras de Comunica\u00e7\u00e3o\"},\"image\":{\"@id\":\"https:\/\/www.notibras.com\/site\/#\/schema\/logo\/image\/\"},\"sameAs\":[\"https:\/\/www.facebook.com\/notibras\/\",\"https:\/\/x.com\/Notibras\",\"https:\/\/www.instagram.com\/notibras\/\"]},{\"@type\":\"Person\",\"@id\":\"https:\/\/www.notibras.com\/site\/#\/schema\/person\/36ab0979449956132d3e5b517ea76ac8\",\"name\":\"Reda\u00e7\u00e3o\",\"image\":{\"@type\":\"ImageObject\",\"inLanguage\":\"pt-BR\",\"@id\":\"https:\/\/secure.gravatar.com\/avatar\/e0a867bdedb85fd243eadf09663511f96fc81e0720a4a42581f334ad4303aa6b?s=96&d=mm&r=g\",\"url\":\"https:\/\/secure.gravatar.com\/avatar\/e0a867bdedb85fd243eadf09663511f96fc81e0720a4a42581f334ad4303aa6b?s=96&d=mm&r=g\",\"contentUrl\":\"https:\/\/secure.gravatar.com\/avatar\/e0a867bdedb85fd243eadf09663511f96fc81e0720a4a42581f334ad4303aa6b?s=96&d=mm&r=g\",\"caption\":\"Reda\u00e7\u00e3o\"}}]}<\/script>\n<!-- \/ Yoast SEO plugin. -->","yoast_head_json":{"title":"Povo descobre as ruas como sa\u00edda para mudar o Brasil - Notibras","robots":{"index":"index","follow":"follow","max-snippet":"max-snippet:-1","max-image-preview":"max-image-preview:large","max-video-preview":"max-video-preview:-1"},"canonical":"https:\/\/www.notibras.com\/site\/povo-descobre-ruas-como-saida-para-mudar-o-brasil\/","og_locale":"pt_BR","og_type":"article","og_title":"Povo descobre as ruas como sa\u00edda para mudar o Brasil - Notibras","og_description":"Ronaldo Caiado Quando a sociedade brasileira come\u00e7ou a se manifestar nas ruas, a partir de 2013, n\u00e3o se tratava, como alguns pensaram, de protestos pontuais contra a corrup\u00e7\u00e3o e a m\u00e1 governan\u00e7a. Se assim fosse, tudo se encerraria com o impeachment de Dilma, cujo governo, sob a \u00e9gide do PT, mesclou administra\u00e7\u00e3o temer\u00e1ria com roubalheira [&hellip;]","og_url":"https:\/\/www.notibras.com\/site\/povo-descobre-ruas-como-saida-para-mudar-o-brasil\/","og_site_name":"Notibras","article_publisher":"https:\/\/www.facebook.com\/notibras\/","article_published_time":"2017-04-11T09:17:22+00:00","og_image":[{"width":750,"height":500,"url":"https:\/\/www.notibras.com\/site\/wp-content\/uploads\/2017\/04\/178655.jpg","type":"image\/jpeg"}],"author":"Reda\u00e7\u00e3o","twitter_card":"summary_large_image","twitter_creator":"@Notibras","twitter_site":"@Notibras","twitter_misc":{"Escrito por":"Reda\u00e7\u00e3o","Est. tempo de leitura":"3 minutos"},"schema":{"@context":"https:\/\/schema.org","@graph":[{"@type":"Article","@id":"https:\/\/www.notibras.com\/site\/povo-descobre-ruas-como-saida-para-mudar-o-brasil\/#article","isPartOf":{"@id":"https:\/\/www.notibras.com\/site\/povo-descobre-ruas-como-saida-para-mudar-o-brasil\/"},"author":{"name":"Reda\u00e7\u00e3o","@id":"https:\/\/www.notibras.com\/site\/#\/schema\/person\/36ab0979449956132d3e5b517ea76ac8"},"headline":"Povo descobre as ruas como sa\u00edda para mudar o Brasil","datePublished":"2017-04-11T09:17:22+00:00","mainEntityOfPage":{"@id":"https:\/\/www.notibras.com\/site\/povo-descobre-ruas-como-saida-para-mudar-o-brasil\/"},"wordCount":650,"commentCount":0,"publisher":{"@id":"https:\/\/www.notibras.com\/site\/#organization"},"image":{"@id":"https:\/\/www.notibras.com\/site\/povo-descobre-ruas-como-saida-para-mudar-o-brasil\/#primaryimage"},"thumbnailUrl":"https:\/\/www.notibras.com\/site\/wp-content\/uploads\/2017\/04\/178655.jpg","articleSection":["Opina a\u00ed"],"inLanguage":"pt-BR","potentialAction":[{"@type":"CommentAction","name":"Comment","target":["https:\/\/www.notibras.com\/site\/povo-descobre-ruas-como-saida-para-mudar-o-brasil\/#respond"]}]},{"@type":"WebPage","@id":"https:\/\/www.notibras.com\/site\/povo-descobre-ruas-como-saida-para-mudar-o-brasil\/","url":"https:\/\/www.notibras.com\/site\/povo-descobre-ruas-como-saida-para-mudar-o-brasil\/","name":"Povo descobre as ruas como sa\u00edda para mudar o Brasil - Notibras","isPartOf":{"@id":"https:\/\/www.notibras.com\/site\/#website"},"primaryImageOfPage":{"@id":"https:\/\/www.notibras.com\/site\/povo-descobre-ruas-como-saida-para-mudar-o-brasil\/#primaryimage"},"image":{"@id":"https:\/\/www.notibras.com\/site\/povo-descobre-ruas-como-saida-para-mudar-o-brasil\/#primaryimage"},"thumbnailUrl":"https:\/\/www.notibras.com\/site\/wp-content\/uploads\/2017\/04\/178655.jpg","datePublished":"2017-04-11T09:17:22+00:00","breadcrumb":{"@id":"https:\/\/www.notibras.com\/site\/povo-descobre-ruas-como-saida-para-mudar-o-brasil\/#breadcrumb"},"inLanguage":"pt-BR","potentialAction":[{"@type":"ReadAction","target":["https:\/\/www.notibras.com\/site\/povo-descobre-ruas-como-saida-para-mudar-o-brasil\/"]}]},{"@type":"ImageObject","inLanguage":"pt-BR","@id":"https:\/\/www.notibras.com\/site\/povo-descobre-ruas-como-saida-para-mudar-o-brasil\/#primaryimage","url":"https:\/\/www.notibras.com\/site\/wp-content\/uploads\/2017\/04\/178655.jpg","contentUrl":"https:\/\/www.notibras.com\/site\/wp-content\/uploads\/2017\/04\/178655.jpg","width":750,"height":500},{"@type":"BreadcrumbList","@id":"https:\/\/www.notibras.com\/site\/povo-descobre-ruas-como-saida-para-mudar-o-brasil\/#breadcrumb","itemListElement":[{"@type":"ListItem","position":1,"name":"In\u00edcio","item":"https:\/\/www.notibras.com\/site\/"},{"@type":"ListItem","position":2,"name":"Povo descobre as ruas como sa\u00edda para mudar o Brasil"}]},{"@type":"WebSite","@id":"https:\/\/www.notibras.com\/site\/#website","url":"https:\/\/www.notibras.com\/site\/","name":"Notibras","description":"Not\u00edcias de Bras\u00edlia, do Brasil e do Mundo","publisher":{"@id":"https:\/\/www.notibras.com\/site\/#organization"},"potentialAction":[{"@type":"SearchAction","target":{"@type":"EntryPoint","urlTemplate":"https:\/\/www.notibras.com\/site\/?s={search_term_string}"},"query-input":{"@type":"PropertyValueSpecification","valueRequired":true,"valueName":"search_term_string"}}],"inLanguage":"pt-BR"},{"@type":"Organization","@id":"https:\/\/www.notibras.com\/site\/#organization","name":"Grupo Notibras de Comunica\u00e7\u00e3o","url":"https:\/\/www.notibras.com\/site\/","logo":{"@type":"ImageObject","inLanguage":"pt-BR","@id":"https:\/\/www.notibras.com\/site\/#\/schema\/logo\/image\/","url":"https:\/\/www.notibras.com\/site\/wp-content\/uploads\/2023\/01\/notibras23.png","contentUrl":"https:\/\/www.notibras.com\/site\/wp-content\/uploads\/2023\/01\/notibras23.png","width":350,"height":87,"caption":"Grupo Notibras de Comunica\u00e7\u00e3o"},"image":{"@id":"https:\/\/www.notibras.com\/site\/#\/schema\/logo\/image\/"},"sameAs":["https:\/\/www.facebook.com\/notibras\/","https:\/\/x.com\/Notibras","https:\/\/www.instagram.com\/notibras\/"]},{"@type":"Person","@id":"https:\/\/www.notibras.com\/site\/#\/schema\/person\/36ab0979449956132d3e5b517ea76ac8","name":"Reda\u00e7\u00e3o","image":{"@type":"ImageObject","inLanguage":"pt-BR","@id":"https:\/\/secure.gravatar.com\/avatar\/e0a867bdedb85fd243eadf09663511f96fc81e0720a4a42581f334ad4303aa6b?s=96&d=mm&r=g","url":"https:\/\/secure.gravatar.com\/avatar\/e0a867bdedb85fd243eadf09663511f96fc81e0720a4a42581f334ad4303aa6b?s=96&d=mm&r=g","contentUrl":"https:\/\/secure.gravatar.com\/avatar\/e0a867bdedb85fd243eadf09663511f96fc81e0720a4a42581f334ad4303aa6b?s=96&d=mm&r=g","caption":"Reda\u00e7\u00e3o"}}]}},"amp_enabled":true,"_links":{"self":[{"href":"https:\/\/www.notibras.com\/site\/wp-json\/wp\/v2\/posts\/134809","targetHints":{"allow":["GET"]}}],"collection":[{"href":"https:\/\/www.notibras.com\/site\/wp-json\/wp\/v2\/posts"}],"about":[{"href":"https:\/\/www.notibras.com\/site\/wp-json\/wp\/v2\/types\/post"}],"author":[{"embeddable":true,"href":"https:\/\/www.notibras.com\/site\/wp-json\/wp\/v2\/users\/2"}],"replies":[{"embeddable":true,"href":"https:\/\/www.notibras.com\/site\/wp-json\/wp\/v2\/comments?post=134809"}],"version-history":[{"count":1,"href":"https:\/\/www.notibras.com\/site\/wp-json\/wp\/v2\/posts\/134809\/revisions"}],"predecessor-version":[{"id":134811,"href":"https:\/\/www.notibras.com\/site\/wp-json\/wp\/v2\/posts\/134809\/revisions\/134811"}],"wp:featuredmedia":[{"embeddable":true,"href":"https:\/\/www.notibras.com\/site\/wp-json\/wp\/v2\/media\/134810"}],"wp:attachment":[{"href":"https:\/\/www.notibras.com\/site\/wp-json\/wp\/v2\/media?parent=134809"}],"wp:term":[{"taxonomy":"category","embeddable":true,"href":"https:\/\/www.notibras.com\/site\/wp-json\/wp\/v2\/categories?post=134809"},{"taxonomy":"post_tag","embeddable":true,"href":"https:\/\/www.notibras.com\/site\/wp-json\/wp\/v2\/tags?post=134809"}],"curies":[{"name":"wp","href":"https:\/\/api.w.org\/{rel}","templated":true}]}}