{"id":135123,"date":"2017-04-15T08:50:00","date_gmt":"2017-04-15T11:50:00","guid":{"rendered":"http:\/\/www.notibras.com\/site\/?p=135123"},"modified":"2017-04-15T08:50:30","modified_gmt":"2017-04-15T11:50:30","slug":"gilmar-mendes-vai-e-volta-e-deixa-chapa-jeito-que-esta","status":"publish","type":"post","link":"https:\/\/www.notibras.com\/site\/gilmar-mendes-vai-e-volta-e-deixa-chapa-jeito-que-esta\/","title":{"rendered":"Gilmar Mendes vai e volta, e deixa a chapa como est\u00e1"},"content":{"rendered":"<p><strong>Percival Puggina<\/strong><\/p>\n<p>N\u00e3o sei de onde me veio a ideia de que o STF fosse local de infatig\u00e1vel labor. Talvez do ex\u00edguo n\u00famero de ministros, apenas onze para aquelas montanhas de processos. O mais recente dado que encontrei mencionava 77 mil deles. &#8220;Uma pela outra&#8221; como se dizia antigamente, d\u00e1 algo como sete mil processos por gabinete. N\u00e3o h\u00e1 como cumprir essa tarefa sem imensa dedica\u00e7\u00e3o ao trabalho, mormente se todos tiverem consci\u00eancia de que qualquer atraso nas decis\u00f5es \u00e9 um freio de m\u00e3o puxado na justi\u00e7a ou um acelerador pisado na injusti\u00e7a.<\/p>\n<p>Sempre h\u00e1 algo essencial para todos, para muitos ou para algu\u00e9m, pendente de decis\u00e3o. Essa imagem que eu fazia do STF como local de trabalheiras e canseiras se refor\u00e7ava com a convic\u00e7\u00e3o de que as estantes repletas de processos aguardando vez atrav\u00e9s dos anos, n\u00e3o raro das d\u00e9cadas, haveria de causar ang\u00fastias no \u00e2nimo funcional da Corte e de seu quadro de servidores. Carmem L\u00facia, atual presidente, confirmando esse sentimento em recente programa de TV, desabafou: &#8220;S\u00e3o onze ministros sem poder parar&#8221;.<\/p>\n<p>Talvez ainda se agregasse, para formar a imagem de um local de febril agita\u00e7\u00e3o, o numeroso cortejo de servidores. S\u00e3o 1135 efetivos em atividade e aproximadamente 1200 terceirizados, totalizando 2335 pessoas; novamente &#8220;uma pela outra&#8221;, 212 por ministro. Tudo a um custo previsto de R$ 687 milh\u00f5es, conforme Or\u00e7amento Geral da Uni\u00e3o para 2017.<\/p>\n<p>Pois bem, outro dia, olhos grudados na TV assistindo o julgamento pelo TSE do recurso contra a chapa Dilma\/Temer (mat\u00e9ria que h\u00e1 mais de dois anos tramita naquele \u00f3rg\u00e3o da Justi\u00e7a Eleitoral), fiquei sabendo que, junto com o prazo adicional pedido para apresenta\u00e7\u00e3o de novas provas, o retardo seria ainda maior em virtude de viagem do ministro Gilmar Mendes.<\/p>\n<p>N\u00e3o se iluda, leitor. N\u00e3o se trata de um bate-volta de Sua Excel\u00eancia, com assento nas duas cortes (ele preside o TSE e \u00e9 ministro do STF). N\u00e3o, Gilmar faz uma confer\u00eancia em Portugal e acompanhar\u00e1 as elei\u00e7\u00e3o francesa, ficando v\u00e1rios dias fora do Brasil gra\u00e7as a esses dois important\u00edssimos e inadi\u00e1veis compromissos internacionais. O ministro est\u00e1 em f\u00e9rias? N\u00e3o, leitor. Os dois meses de f\u00e9rias a que t\u00eam direito os magistrados seguem outra agenda e ela n\u00e3o coincide com os feriados prolongados nem compromete o recesso de duas semanas no final do ano.<\/p>\n<p>N\u00e3o me\u00e7o titulares de poder como se fossem servidores p\u00fablicos. N\u00e3o s\u00e3o. Por isso n\u00e3o recebem vencimentos, mas subs\u00eddios. Mas o excesso de regalias escancara a porta para abusos e saracoteios como esse do ministro Gilmar Mendes. Enquanto promove encontros em Lisboa para discutir Direito, levando junto Dias Toffoli e tr\u00eas ministros do STJ, a Justi\u00e7a se arrasta no Brasil pelo caminho t\u00e3o ajardinado quanto lento da leni\u00eancia dos prazos nos tribunais superiores.<\/p>\n<p>O evento \u00e9 uma iniciativa peri\u00f3dica do Instituto Brasiliense de Direito P\u00fablico (IDP), do qual Mendes \u00e9 fundador, e do Instituto de Ci\u00eancias Jur\u00eddico-Pol\u00edticas da Faculdade de Direito da Universidade de Lisboa. Tem patroc\u00ednio da Associa\u00e7\u00e3o das Empresas de Saneamento B\u00e1sico Estaduais (Aesbe), Itaipu Binacional e Federa\u00e7\u00e3o do Com\u00e9rcio do Rio de Janeiro e apoio da Federa\u00e7\u00e3o das Ind\u00fastrias do Estado de S\u00e3o Paulo (Fiesp), FGV, Funda\u00e7\u00e3o Peter H\u00e4rbele, Associa\u00e7\u00e3o dos Magistrados Brasileiros (AMB) e Associa\u00e7\u00e3o dos Ju\u00edzes Federais do Brasil (Ajufe).<\/p>\n<p>Em primeiro lugar, Gilmar Mendes In Concert. O Brasil fica para a volta.<\/p>\n","protected":false},"excerpt":{"rendered":"<p>Percival Puggina N\u00e3o sei de onde me veio a ideia de que o STF fosse local de infatig\u00e1vel labor. Talvez do ex\u00edguo n\u00famero de ministros, apenas onze para aquelas montanhas de processos. O mais recente dado que encontrei mencionava 77 mil deles. &#8220;Uma pela outra&#8221; como se dizia antigamente, d\u00e1 algo como sete mil processos [&hellip;]<\/p>\n","protected":false},"author":2,"featured_media":135124,"comment_status":"open","ping_status":"closed","sticky":false,"template":"","format":"standard","meta":{"_acf_changed":false,"footnotes":""},"categories":[25],"tags":[],"class_list":["post-135123","post","type-post","status-publish","format-standard","has-post-thumbnail","hentry","category-opina-ai"],"acf":[],"yoast_head":"<!-- This site is optimized with the Yoast SEO plugin v27.2 - https:\/\/yoast.com\/product\/yoast-seo-wordpress\/ -->\n<title>Gilmar Mendes vai e volta, e deixa a chapa como est\u00e1 - Notibras<\/title>\n<meta name=\"robots\" content=\"index, follow, max-snippet:-1, max-image-preview:large, max-video-preview:-1\" \/>\n<link rel=\"canonical\" href=\"https:\/\/www.notibras.com\/site\/gilmar-mendes-vai-e-volta-e-deixa-chapa-jeito-que-esta\/\" \/>\n<meta property=\"og:locale\" content=\"pt_BR\" \/>\n<meta property=\"og:type\" content=\"article\" \/>\n<meta property=\"og:title\" content=\"Gilmar Mendes vai e volta, e deixa a chapa como est\u00e1 - Notibras\" \/>\n<meta property=\"og:description\" content=\"Percival Puggina N\u00e3o sei de onde me veio a ideia de que o STF fosse local de infatig\u00e1vel labor. Talvez do ex\u00edguo n\u00famero de ministros, apenas onze para aquelas montanhas de processos. O mais recente dado que encontrei mencionava 77 mil deles. &#8220;Uma pela outra&#8221; como se dizia antigamente, d\u00e1 algo como sete mil processos [&hellip;]\" \/>\n<meta property=\"og:url\" content=\"https:\/\/www.notibras.com\/site\/gilmar-mendes-vai-e-volta-e-deixa-chapa-jeito-que-esta\/\" \/>\n<meta property=\"og:site_name\" content=\"Notibras\" \/>\n<meta property=\"article:publisher\" content=\"https:\/\/www.facebook.com\/notibras\/\" \/>\n<meta property=\"article:published_time\" content=\"2017-04-15T11:50:00+00:00\" \/>\n<meta property=\"article:modified_time\" content=\"2017-04-15T11:50:30+00:00\" \/>\n<meta property=\"og:image\" content=\"https:\/\/www.notibras.com\/site\/wp-content\/uploads\/2017\/04\/opinaa\u00ed.jpg\" \/>\n\t<meta property=\"og:image:width\" content=\"696\" \/>\n\t<meta property=\"og:image:height\" content=\"543\" \/>\n\t<meta property=\"og:image:type\" content=\"image\/jpeg\" \/>\n<meta name=\"author\" content=\"Reda\u00e7\u00e3o\" \/>\n<meta name=\"twitter:card\" content=\"summary_large_image\" \/>\n<meta name=\"twitter:creator\" content=\"@Notibras\" \/>\n<meta name=\"twitter:site\" content=\"@Notibras\" \/>\n<meta name=\"twitter:label1\" content=\"Escrito por\" \/>\n\t<meta name=\"twitter:data1\" content=\"Reda\u00e7\u00e3o\" \/>\n\t<meta name=\"twitter:label2\" content=\"Est. tempo de leitura\" \/>\n\t<meta name=\"twitter:data2\" content=\"3 minutos\" \/>\n<script type=\"application\/ld+json\" class=\"yoast-schema-graph\">{\"@context\":\"https:\/\/schema.org\",\"@graph\":[{\"@type\":\"Article\",\"@id\":\"https:\/\/www.notibras.com\/site\/gilmar-mendes-vai-e-volta-e-deixa-chapa-jeito-que-esta\/#article\",\"isPartOf\":{\"@id\":\"https:\/\/www.notibras.com\/site\/gilmar-mendes-vai-e-volta-e-deixa-chapa-jeito-que-esta\/\"},\"author\":{\"name\":\"Reda\u00e7\u00e3o\",\"@id\":\"https:\/\/www.notibras.com\/site\/#\/schema\/person\/36ab0979449956132d3e5b517ea76ac8\"},\"headline\":\"Gilmar Mendes vai e volta, e deixa a chapa como est\u00e1\",\"datePublished\":\"2017-04-15T11:50:00+00:00\",\"dateModified\":\"2017-04-15T11:50:30+00:00\",\"mainEntityOfPage\":{\"@id\":\"https:\/\/www.notibras.com\/site\/gilmar-mendes-vai-e-volta-e-deixa-chapa-jeito-que-esta\/\"},\"wordCount\":625,\"commentCount\":0,\"publisher\":{\"@id\":\"https:\/\/www.notibras.com\/site\/#organization\"},\"image\":{\"@id\":\"https:\/\/www.notibras.com\/site\/gilmar-mendes-vai-e-volta-e-deixa-chapa-jeito-que-esta\/#primaryimage\"},\"thumbnailUrl\":\"https:\/\/www.notibras.com\/site\/wp-content\/uploads\/2017\/04\/opinaa\u00ed.jpg\",\"articleSection\":[\"Opina a\u00ed\"],\"inLanguage\":\"pt-BR\",\"potentialAction\":[{\"@type\":\"CommentAction\",\"name\":\"Comment\",\"target\":[\"https:\/\/www.notibras.com\/site\/gilmar-mendes-vai-e-volta-e-deixa-chapa-jeito-que-esta\/#respond\"]}]},{\"@type\":\"WebPage\",\"@id\":\"https:\/\/www.notibras.com\/site\/gilmar-mendes-vai-e-volta-e-deixa-chapa-jeito-que-esta\/\",\"url\":\"https:\/\/www.notibras.com\/site\/gilmar-mendes-vai-e-volta-e-deixa-chapa-jeito-que-esta\/\",\"name\":\"Gilmar Mendes vai e volta, e deixa a chapa como est\u00e1 - Notibras\",\"isPartOf\":{\"@id\":\"https:\/\/www.notibras.com\/site\/#website\"},\"primaryImageOfPage\":{\"@id\":\"https:\/\/www.notibras.com\/site\/gilmar-mendes-vai-e-volta-e-deixa-chapa-jeito-que-esta\/#primaryimage\"},\"image\":{\"@id\":\"https:\/\/www.notibras.com\/site\/gilmar-mendes-vai-e-volta-e-deixa-chapa-jeito-que-esta\/#primaryimage\"},\"thumbnailUrl\":\"https:\/\/www.notibras.com\/site\/wp-content\/uploads\/2017\/04\/opinaa\u00ed.jpg\",\"datePublished\":\"2017-04-15T11:50:00+00:00\",\"dateModified\":\"2017-04-15T11:50:30+00:00\",\"breadcrumb\":{\"@id\":\"https:\/\/www.notibras.com\/site\/gilmar-mendes-vai-e-volta-e-deixa-chapa-jeito-que-esta\/#breadcrumb\"},\"inLanguage\":\"pt-BR\",\"potentialAction\":[{\"@type\":\"ReadAction\",\"target\":[\"https:\/\/www.notibras.com\/site\/gilmar-mendes-vai-e-volta-e-deixa-chapa-jeito-que-esta\/\"]}]},{\"@type\":\"ImageObject\",\"inLanguage\":\"pt-BR\",\"@id\":\"https:\/\/www.notibras.com\/site\/gilmar-mendes-vai-e-volta-e-deixa-chapa-jeito-que-esta\/#primaryimage\",\"url\":\"https:\/\/www.notibras.com\/site\/wp-content\/uploads\/2017\/04\/opinaa\u00ed.jpg\",\"contentUrl\":\"https:\/\/www.notibras.com\/site\/wp-content\/uploads\/2017\/04\/opinaa\u00ed.jpg\",\"width\":696,\"height\":543},{\"@type\":\"BreadcrumbList\",\"@id\":\"https:\/\/www.notibras.com\/site\/gilmar-mendes-vai-e-volta-e-deixa-chapa-jeito-que-esta\/#breadcrumb\",\"itemListElement\":[{\"@type\":\"ListItem\",\"position\":1,\"name\":\"In\u00edcio\",\"item\":\"https:\/\/www.notibras.com\/site\/\"},{\"@type\":\"ListItem\",\"position\":2,\"name\":\"Gilmar Mendes vai e volta, e deixa a chapa como est\u00e1\"}]},{\"@type\":\"WebSite\",\"@id\":\"https:\/\/www.notibras.com\/site\/#website\",\"url\":\"https:\/\/www.notibras.com\/site\/\",\"name\":\"Notibras\",\"description\":\"Not\u00edcias de Bras\u00edlia, do Brasil e do Mundo\",\"publisher\":{\"@id\":\"https:\/\/www.notibras.com\/site\/#organization\"},\"potentialAction\":[{\"@type\":\"SearchAction\",\"target\":{\"@type\":\"EntryPoint\",\"urlTemplate\":\"https:\/\/www.notibras.com\/site\/?s={search_term_string}\"},\"query-input\":{\"@type\":\"PropertyValueSpecification\",\"valueRequired\":true,\"valueName\":\"search_term_string\"}}],\"inLanguage\":\"pt-BR\"},{\"@type\":\"Organization\",\"@id\":\"https:\/\/www.notibras.com\/site\/#organization\",\"name\":\"Grupo Notibras de Comunica\u00e7\u00e3o\",\"url\":\"https:\/\/www.notibras.com\/site\/\",\"logo\":{\"@type\":\"ImageObject\",\"inLanguage\":\"pt-BR\",\"@id\":\"https:\/\/www.notibras.com\/site\/#\/schema\/logo\/image\/\",\"url\":\"https:\/\/www.notibras.com\/site\/wp-content\/uploads\/2023\/01\/notibras23.png\",\"contentUrl\":\"https:\/\/www.notibras.com\/site\/wp-content\/uploads\/2023\/01\/notibras23.png\",\"width\":350,\"height\":87,\"caption\":\"Grupo Notibras de Comunica\u00e7\u00e3o\"},\"image\":{\"@id\":\"https:\/\/www.notibras.com\/site\/#\/schema\/logo\/image\/\"},\"sameAs\":[\"https:\/\/www.facebook.com\/notibras\/\",\"https:\/\/x.com\/Notibras\",\"https:\/\/www.instagram.com\/notibras\/\"]},{\"@type\":\"Person\",\"@id\":\"https:\/\/www.notibras.com\/site\/#\/schema\/person\/36ab0979449956132d3e5b517ea76ac8\",\"name\":\"Reda\u00e7\u00e3o\",\"image\":{\"@type\":\"ImageObject\",\"inLanguage\":\"pt-BR\",\"@id\":\"https:\/\/secure.gravatar.com\/avatar\/e0a867bdedb85fd243eadf09663511f96fc81e0720a4a42581f334ad4303aa6b?s=96&d=mm&r=g\",\"url\":\"https:\/\/secure.gravatar.com\/avatar\/e0a867bdedb85fd243eadf09663511f96fc81e0720a4a42581f334ad4303aa6b?s=96&d=mm&r=g\",\"contentUrl\":\"https:\/\/secure.gravatar.com\/avatar\/e0a867bdedb85fd243eadf09663511f96fc81e0720a4a42581f334ad4303aa6b?s=96&d=mm&r=g\",\"caption\":\"Reda\u00e7\u00e3o\"}}]}<\/script>\n<!-- \/ Yoast SEO plugin. -->","yoast_head_json":{"title":"Gilmar Mendes vai e volta, e deixa a chapa como est\u00e1 - Notibras","robots":{"index":"index","follow":"follow","max-snippet":"max-snippet:-1","max-image-preview":"max-image-preview:large","max-video-preview":"max-video-preview:-1"},"canonical":"https:\/\/www.notibras.com\/site\/gilmar-mendes-vai-e-volta-e-deixa-chapa-jeito-que-esta\/","og_locale":"pt_BR","og_type":"article","og_title":"Gilmar Mendes vai e volta, e deixa a chapa como est\u00e1 - Notibras","og_description":"Percival Puggina N\u00e3o sei de onde me veio a ideia de que o STF fosse local de infatig\u00e1vel labor. Talvez do ex\u00edguo n\u00famero de ministros, apenas onze para aquelas montanhas de processos. O mais recente dado que encontrei mencionava 77 mil deles. &#8220;Uma pela outra&#8221; como se dizia antigamente, d\u00e1 algo como sete mil processos [&hellip;]","og_url":"https:\/\/www.notibras.com\/site\/gilmar-mendes-vai-e-volta-e-deixa-chapa-jeito-que-esta\/","og_site_name":"Notibras","article_publisher":"https:\/\/www.facebook.com\/notibras\/","article_published_time":"2017-04-15T11:50:00+00:00","article_modified_time":"2017-04-15T11:50:30+00:00","og_image":[{"width":696,"height":543,"url":"https:\/\/www.notibras.com\/site\/wp-content\/uploads\/2017\/04\/opinaa\u00ed.jpg","type":"image\/jpeg"}],"author":"Reda\u00e7\u00e3o","twitter_card":"summary_large_image","twitter_creator":"@Notibras","twitter_site":"@Notibras","twitter_misc":{"Escrito por":"Reda\u00e7\u00e3o","Est. tempo de leitura":"3 minutos"},"schema":{"@context":"https:\/\/schema.org","@graph":[{"@type":"Article","@id":"https:\/\/www.notibras.com\/site\/gilmar-mendes-vai-e-volta-e-deixa-chapa-jeito-que-esta\/#article","isPartOf":{"@id":"https:\/\/www.notibras.com\/site\/gilmar-mendes-vai-e-volta-e-deixa-chapa-jeito-que-esta\/"},"author":{"name":"Reda\u00e7\u00e3o","@id":"https:\/\/www.notibras.com\/site\/#\/schema\/person\/36ab0979449956132d3e5b517ea76ac8"},"headline":"Gilmar Mendes vai e volta, e deixa a chapa como est\u00e1","datePublished":"2017-04-15T11:50:00+00:00","dateModified":"2017-04-15T11:50:30+00:00","mainEntityOfPage":{"@id":"https:\/\/www.notibras.com\/site\/gilmar-mendes-vai-e-volta-e-deixa-chapa-jeito-que-esta\/"},"wordCount":625,"commentCount":0,"publisher":{"@id":"https:\/\/www.notibras.com\/site\/#organization"},"image":{"@id":"https:\/\/www.notibras.com\/site\/gilmar-mendes-vai-e-volta-e-deixa-chapa-jeito-que-esta\/#primaryimage"},"thumbnailUrl":"https:\/\/www.notibras.com\/site\/wp-content\/uploads\/2017\/04\/opinaa\u00ed.jpg","articleSection":["Opina a\u00ed"],"inLanguage":"pt-BR","potentialAction":[{"@type":"CommentAction","name":"Comment","target":["https:\/\/www.notibras.com\/site\/gilmar-mendes-vai-e-volta-e-deixa-chapa-jeito-que-esta\/#respond"]}]},{"@type":"WebPage","@id":"https:\/\/www.notibras.com\/site\/gilmar-mendes-vai-e-volta-e-deixa-chapa-jeito-que-esta\/","url":"https:\/\/www.notibras.com\/site\/gilmar-mendes-vai-e-volta-e-deixa-chapa-jeito-que-esta\/","name":"Gilmar Mendes vai e volta, e deixa a chapa como est\u00e1 - Notibras","isPartOf":{"@id":"https:\/\/www.notibras.com\/site\/#website"},"primaryImageOfPage":{"@id":"https:\/\/www.notibras.com\/site\/gilmar-mendes-vai-e-volta-e-deixa-chapa-jeito-que-esta\/#primaryimage"},"image":{"@id":"https:\/\/www.notibras.com\/site\/gilmar-mendes-vai-e-volta-e-deixa-chapa-jeito-que-esta\/#primaryimage"},"thumbnailUrl":"https:\/\/www.notibras.com\/site\/wp-content\/uploads\/2017\/04\/opinaa\u00ed.jpg","datePublished":"2017-04-15T11:50:00+00:00","dateModified":"2017-04-15T11:50:30+00:00","breadcrumb":{"@id":"https:\/\/www.notibras.com\/site\/gilmar-mendes-vai-e-volta-e-deixa-chapa-jeito-que-esta\/#breadcrumb"},"inLanguage":"pt-BR","potentialAction":[{"@type":"ReadAction","target":["https:\/\/www.notibras.com\/site\/gilmar-mendes-vai-e-volta-e-deixa-chapa-jeito-que-esta\/"]}]},{"@type":"ImageObject","inLanguage":"pt-BR","@id":"https:\/\/www.notibras.com\/site\/gilmar-mendes-vai-e-volta-e-deixa-chapa-jeito-que-esta\/#primaryimage","url":"https:\/\/www.notibras.com\/site\/wp-content\/uploads\/2017\/04\/opinaa\u00ed.jpg","contentUrl":"https:\/\/www.notibras.com\/site\/wp-content\/uploads\/2017\/04\/opinaa\u00ed.jpg","width":696,"height":543},{"@type":"BreadcrumbList","@id":"https:\/\/www.notibras.com\/site\/gilmar-mendes-vai-e-volta-e-deixa-chapa-jeito-que-esta\/#breadcrumb","itemListElement":[{"@type":"ListItem","position":1,"name":"In\u00edcio","item":"https:\/\/www.notibras.com\/site\/"},{"@type":"ListItem","position":2,"name":"Gilmar Mendes vai e volta, e deixa a chapa como est\u00e1"}]},{"@type":"WebSite","@id":"https:\/\/www.notibras.com\/site\/#website","url":"https:\/\/www.notibras.com\/site\/","name":"Notibras","description":"Not\u00edcias de Bras\u00edlia, do Brasil e do Mundo","publisher":{"@id":"https:\/\/www.notibras.com\/site\/#organization"},"potentialAction":[{"@type":"SearchAction","target":{"@type":"EntryPoint","urlTemplate":"https:\/\/www.notibras.com\/site\/?s={search_term_string}"},"query-input":{"@type":"PropertyValueSpecification","valueRequired":true,"valueName":"search_term_string"}}],"inLanguage":"pt-BR"},{"@type":"Organization","@id":"https:\/\/www.notibras.com\/site\/#organization","name":"Grupo Notibras de Comunica\u00e7\u00e3o","url":"https:\/\/www.notibras.com\/site\/","logo":{"@type":"ImageObject","inLanguage":"pt-BR","@id":"https:\/\/www.notibras.com\/site\/#\/schema\/logo\/image\/","url":"https:\/\/www.notibras.com\/site\/wp-content\/uploads\/2023\/01\/notibras23.png","contentUrl":"https:\/\/www.notibras.com\/site\/wp-content\/uploads\/2023\/01\/notibras23.png","width":350,"height":87,"caption":"Grupo Notibras de Comunica\u00e7\u00e3o"},"image":{"@id":"https:\/\/www.notibras.com\/site\/#\/schema\/logo\/image\/"},"sameAs":["https:\/\/www.facebook.com\/notibras\/","https:\/\/x.com\/Notibras","https:\/\/www.instagram.com\/notibras\/"]},{"@type":"Person","@id":"https:\/\/www.notibras.com\/site\/#\/schema\/person\/36ab0979449956132d3e5b517ea76ac8","name":"Reda\u00e7\u00e3o","image":{"@type":"ImageObject","inLanguage":"pt-BR","@id":"https:\/\/secure.gravatar.com\/avatar\/e0a867bdedb85fd243eadf09663511f96fc81e0720a4a42581f334ad4303aa6b?s=96&d=mm&r=g","url":"https:\/\/secure.gravatar.com\/avatar\/e0a867bdedb85fd243eadf09663511f96fc81e0720a4a42581f334ad4303aa6b?s=96&d=mm&r=g","contentUrl":"https:\/\/secure.gravatar.com\/avatar\/e0a867bdedb85fd243eadf09663511f96fc81e0720a4a42581f334ad4303aa6b?s=96&d=mm&r=g","caption":"Reda\u00e7\u00e3o"}}]}},"amp_enabled":true,"_links":{"self":[{"href":"https:\/\/www.notibras.com\/site\/wp-json\/wp\/v2\/posts\/135123","targetHints":{"allow":["GET"]}}],"collection":[{"href":"https:\/\/www.notibras.com\/site\/wp-json\/wp\/v2\/posts"}],"about":[{"href":"https:\/\/www.notibras.com\/site\/wp-json\/wp\/v2\/types\/post"}],"author":[{"embeddable":true,"href":"https:\/\/www.notibras.com\/site\/wp-json\/wp\/v2\/users\/2"}],"replies":[{"embeddable":true,"href":"https:\/\/www.notibras.com\/site\/wp-json\/wp\/v2\/comments?post=135123"}],"version-history":[{"count":2,"href":"https:\/\/www.notibras.com\/site\/wp-json\/wp\/v2\/posts\/135123\/revisions"}],"predecessor-version":[{"id":135126,"href":"https:\/\/www.notibras.com\/site\/wp-json\/wp\/v2\/posts\/135123\/revisions\/135126"}],"wp:featuredmedia":[{"embeddable":true,"href":"https:\/\/www.notibras.com\/site\/wp-json\/wp\/v2\/media\/135124"}],"wp:attachment":[{"href":"https:\/\/www.notibras.com\/site\/wp-json\/wp\/v2\/media?parent=135123"}],"wp:term":[{"taxonomy":"category","embeddable":true,"href":"https:\/\/www.notibras.com\/site\/wp-json\/wp\/v2\/categories?post=135123"},{"taxonomy":"post_tag","embeddable":true,"href":"https:\/\/www.notibras.com\/site\/wp-json\/wp\/v2\/tags?post=135123"}],"curies":[{"name":"wp","href":"https:\/\/api.w.org\/{rel}","templated":true}]}}