{"id":135348,"date":"2017-04-17T08:01:48","date_gmt":"2017-04-17T11:01:48","guid":{"rendered":"http:\/\/www.notibras.com\/site\/?p=135348"},"modified":"2017-04-17T08:01:48","modified_gmt":"2017-04-17T11:01:48","slug":"se-e-para-mudar-vamos-la-mas-e-para-mudar-mesmo","status":"publish","type":"post","link":"https:\/\/www.notibras.com\/site\/se-e-para-mudar-vamos-la-mas-e-para-mudar-mesmo\/","title":{"rendered":"Se \u00e9 para mudar, vamos l\u00e1. Mas \u00e9 para mudar mesmo"},"content":{"rendered":"<p><strong>Janio de Freitas<\/strong><\/p>\n<p>Atribuir \u00e0 reforma do sistema pol\u00edtico a maneira de acabar com a alta corrup\u00e7\u00e3o \u00e9 vender ou comprar ilus\u00e3o. Mudar as regras da pol\u00edtica \u00e9 uma necessidade, mas por outro motivo: porque essas regras s\u00e3o ruins. N\u00e3o proporcionam representatividade ao eleitorado de mais de 100 milh\u00f5es de votantes, fazem o Congresso e os partidos ter um custo alucinante e, sem obriga\u00e7\u00e3o alguma dos congressistas, tornarem-se mais perniciosas do que \u00fateis ao pa\u00eds.<\/p>\n<p>Com todos os seus defeitos e a qualidade solit\u00e1ria de darem apar\u00eancia democr\u00e1tica ao regime, ainda assim n\u00e3o s\u00e3o as regras pol\u00edticas que explicam a corrup\u00e7\u00e3o desvairada, por exemplo, de um S\u00e9rgio Cabral Filho. Fossem outras, j\u00e1 fossem as regras a virem como alegada purifica\u00e7\u00e3o, Cabral poderia fazer o mesmo que fez como deputado e como governador. As acusa\u00e7\u00f5es a Eduardo Cunha, por sua vez, incluem altos montantes ligados a opera\u00e7\u00f5es n\u00e3o pendentes do sistema pol\u00edtico.<\/p>\n<p>Em nosso tempo, e com regras pol\u00edticas diferentes das atuais, a corrup\u00e7\u00e3o lavrou como fogo nas favelas paulistanas \u2013sem que algum poder administrativo ou judicial se importe com a repeti\u00e7\u00e3o recordista dessas desgra\u00e7as a mais no que j\u00e1 \u00e9 desgra\u00e7a.<\/p>\n<p>Como ressaltou o pr\u00f3prio Em\u00edlio Odebrecht, \u201ch\u00e1 30 anos\u201d as empreiteiras colhidas na Lava Jato j\u00e1 usavam, em menor escala, os mesmos m\u00e9todos agora expostos nas dela\u00e7\u00f5es de seus enriquecidos dirigentes. \u00c0quela altura, assumiam o lugar de outras com iguais m\u00e9todos na ditadura, na orgia da constru\u00e7\u00e3o de Bras\u00edlia e das hidrel\u00e9tricas, nas obras p\u00fablicas em geral.<\/p>\n<p>Empresas aos poucos desaparecidas s\u00f3 por m\u00e1 administra\u00e7\u00e3o, nunca por imposi\u00e7\u00e3o da moralidade administrativa e judicial. H\u00e1 mais de meio s\u00e9culo, a cr\u00edtica eleitoral \u00e0 alta corrup\u00e7\u00e3o j\u00e1 era determinante na campanha vitoriosa de J\u00e2nio Quadros para a Presid\u00eancia.<\/p>\n<p>A corrup\u00e7\u00e3o veio crescendo na mesma medida e ao mesmo ritmo em que cresceu a valoriza\u00e7\u00e3o das posses pessoais, da exibi\u00e7\u00e3o de status material, do hedonismo: uma era brasileira em que ter dinheiro, seja como for, \u00e9 ser vitorioso. \u00c9 at\u00e9 ser respeitado.<\/p>\n<p>As suspeitas e as certezas sobre a proced\u00eancia dos r\u00e1pidos e inexplicados enriquecimentos ficaram condenadas ao n\u00edvel das fofocas. Nesse panorama, por ora a Lava Jato n\u00e3o pode ser considerada sen\u00e3o como um acidente. O estouro de um esgoto na mans\u00e3o da classe dominante.<\/p>\n<p>Mudar as regras da pol\u00edtica \u00e9 necessidade premente, mas com a plena no\u00e7\u00e3o de que \u00e9 mudar o continente e n\u00e3o o conte\u00fado. A corrup\u00e7\u00e3o \u00e9 feita por homens, n\u00e3o pelas regras da pol\u00edtica. \u00c9 apenas ilus\u00e3o de uns e ilusionismo de outros o poder moralizador das regras.<\/p>\n<p>A possibilidade real de mudan\u00e7a est\u00e1 em mudar costumes. E alcan\u00e7\u00e1-la depende de fatores que exigiriam ocorr\u00eancias dif\u00edceis no Brasil. N\u00e3o h\u00e1 muito o que esperar sem boa legisla\u00e7\u00e3o punitiva, sistema judici\u00e1rio eficiente, visibilidade verdadeira das transa\u00e7\u00f5es governamentais, meios de comunica\u00e7\u00e3o mais a servi\u00e7o da popula\u00e7\u00e3o e do pa\u00eds do que \u00e0 classe social de seus dirigentes, com mais aux\u00edlios \u00e0 consci\u00eancia pol\u00edtica e eleitoral dos cidad\u00e3os \u2013enfim, um conjunto de mudan\u00e7as a exigirem esfor\u00e7o e civismo de que a classe dominante brasileira nunca mostrou ser capaz.<\/p>\n","protected":false},"excerpt":{"rendered":"<p>Janio de Freitas Atribuir \u00e0 reforma do sistema pol\u00edtico a maneira de acabar com a alta corrup\u00e7\u00e3o \u00e9 vender ou comprar ilus\u00e3o. Mudar as regras da pol\u00edtica \u00e9 uma necessidade, mas por outro motivo: porque essas regras s\u00e3o ruins. N\u00e3o proporcionam representatividade ao eleitorado de mais de 100 milh\u00f5es de votantes, fazem o Congresso e [&hellip;]<\/p>\n","protected":false},"author":2,"featured_media":135349,"comment_status":"open","ping_status":"closed","sticky":false,"template":"","format":"standard","meta":{"_acf_changed":false,"footnotes":""},"categories":[25],"tags":[],"class_list":["post-135348","post","type-post","status-publish","format-standard","has-post-thumbnail","hentry","category-opina-ai"],"acf":[],"yoast_head":"<!-- This site is optimized with the Yoast SEO plugin v27.2 - https:\/\/yoast.com\/product\/yoast-seo-wordpress\/ -->\n<title>Se \u00e9 para mudar, vamos l\u00e1. Mas \u00e9 para mudar mesmo - Notibras<\/title>\n<meta name=\"robots\" content=\"index, follow, max-snippet:-1, max-image-preview:large, max-video-preview:-1\" \/>\n<link rel=\"canonical\" href=\"https:\/\/www.notibras.com\/site\/se-e-para-mudar-vamos-la-mas-e-para-mudar-mesmo\/\" \/>\n<meta property=\"og:locale\" content=\"pt_BR\" \/>\n<meta property=\"og:type\" content=\"article\" \/>\n<meta property=\"og:title\" content=\"Se \u00e9 para mudar, vamos l\u00e1. Mas \u00e9 para mudar mesmo - Notibras\" \/>\n<meta property=\"og:description\" content=\"Janio de Freitas Atribuir \u00e0 reforma do sistema pol\u00edtico a maneira de acabar com a alta corrup\u00e7\u00e3o \u00e9 vender ou comprar ilus\u00e3o. Mudar as regras da pol\u00edtica \u00e9 uma necessidade, mas por outro motivo: porque essas regras s\u00e3o ruins. N\u00e3o proporcionam representatividade ao eleitorado de mais de 100 milh\u00f5es de votantes, fazem o Congresso e [&hellip;]\" \/>\n<meta property=\"og:url\" content=\"https:\/\/www.notibras.com\/site\/se-e-para-mudar-vamos-la-mas-e-para-mudar-mesmo\/\" \/>\n<meta property=\"og:site_name\" content=\"Notibras\" \/>\n<meta property=\"article:publisher\" content=\"https:\/\/www.facebook.com\/notibras\/\" \/>\n<meta property=\"article:published_time\" content=\"2017-04-17T11:01:48+00:00\" \/>\n<meta property=\"og:image\" content=\"https:\/\/www.notibras.com\/site\/wp-content\/uploads\/2017\/04\/1456773579156.jpg\" \/>\n\t<meta property=\"og:image:width\" content=\"900\" \/>\n\t<meta property=\"og:image:height\" content=\"600\" \/>\n\t<meta property=\"og:image:type\" content=\"image\/jpeg\" \/>\n<meta name=\"author\" content=\"Reda\u00e7\u00e3o\" \/>\n<meta name=\"twitter:card\" content=\"summary_large_image\" \/>\n<meta name=\"twitter:creator\" content=\"@Notibras\" \/>\n<meta name=\"twitter:site\" content=\"@Notibras\" \/>\n<meta name=\"twitter:label1\" content=\"Escrito por\" \/>\n\t<meta name=\"twitter:data1\" content=\"Reda\u00e7\u00e3o\" \/>\n\t<meta name=\"twitter:label2\" content=\"Est. tempo de leitura\" \/>\n\t<meta name=\"twitter:data2\" content=\"3 minutos\" \/>\n<script type=\"application\/ld+json\" class=\"yoast-schema-graph\">{\"@context\":\"https:\/\/schema.org\",\"@graph\":[{\"@type\":\"Article\",\"@id\":\"https:\/\/www.notibras.com\/site\/se-e-para-mudar-vamos-la-mas-e-para-mudar-mesmo\/#article\",\"isPartOf\":{\"@id\":\"https:\/\/www.notibras.com\/site\/se-e-para-mudar-vamos-la-mas-e-para-mudar-mesmo\/\"},\"author\":{\"name\":\"Reda\u00e7\u00e3o\",\"@id\":\"https:\/\/www.notibras.com\/site\/#\/schema\/person\/36ab0979449956132d3e5b517ea76ac8\"},\"headline\":\"Se \u00e9 para mudar, vamos l\u00e1. Mas \u00e9 para mudar mesmo\",\"datePublished\":\"2017-04-17T11:01:48+00:00\",\"mainEntityOfPage\":{\"@id\":\"https:\/\/www.notibras.com\/site\/se-e-para-mudar-vamos-la-mas-e-para-mudar-mesmo\/\"},\"wordCount\":581,\"commentCount\":0,\"publisher\":{\"@id\":\"https:\/\/www.notibras.com\/site\/#organization\"},\"image\":{\"@id\":\"https:\/\/www.notibras.com\/site\/se-e-para-mudar-vamos-la-mas-e-para-mudar-mesmo\/#primaryimage\"},\"thumbnailUrl\":\"https:\/\/www.notibras.com\/site\/wp-content\/uploads\/2017\/04\/1456773579156.jpg\",\"articleSection\":[\"Opina a\u00ed\"],\"inLanguage\":\"pt-BR\",\"potentialAction\":[{\"@type\":\"CommentAction\",\"name\":\"Comment\",\"target\":[\"https:\/\/www.notibras.com\/site\/se-e-para-mudar-vamos-la-mas-e-para-mudar-mesmo\/#respond\"]}]},{\"@type\":\"WebPage\",\"@id\":\"https:\/\/www.notibras.com\/site\/se-e-para-mudar-vamos-la-mas-e-para-mudar-mesmo\/\",\"url\":\"https:\/\/www.notibras.com\/site\/se-e-para-mudar-vamos-la-mas-e-para-mudar-mesmo\/\",\"name\":\"Se \u00e9 para mudar, vamos l\u00e1. Mas \u00e9 para mudar mesmo - Notibras\",\"isPartOf\":{\"@id\":\"https:\/\/www.notibras.com\/site\/#website\"},\"primaryImageOfPage\":{\"@id\":\"https:\/\/www.notibras.com\/site\/se-e-para-mudar-vamos-la-mas-e-para-mudar-mesmo\/#primaryimage\"},\"image\":{\"@id\":\"https:\/\/www.notibras.com\/site\/se-e-para-mudar-vamos-la-mas-e-para-mudar-mesmo\/#primaryimage\"},\"thumbnailUrl\":\"https:\/\/www.notibras.com\/site\/wp-content\/uploads\/2017\/04\/1456773579156.jpg\",\"datePublished\":\"2017-04-17T11:01:48+00:00\",\"breadcrumb\":{\"@id\":\"https:\/\/www.notibras.com\/site\/se-e-para-mudar-vamos-la-mas-e-para-mudar-mesmo\/#breadcrumb\"},\"inLanguage\":\"pt-BR\",\"potentialAction\":[{\"@type\":\"ReadAction\",\"target\":[\"https:\/\/www.notibras.com\/site\/se-e-para-mudar-vamos-la-mas-e-para-mudar-mesmo\/\"]}]},{\"@type\":\"ImageObject\",\"inLanguage\":\"pt-BR\",\"@id\":\"https:\/\/www.notibras.com\/site\/se-e-para-mudar-vamos-la-mas-e-para-mudar-mesmo\/#primaryimage\",\"url\":\"https:\/\/www.notibras.com\/site\/wp-content\/uploads\/2017\/04\/1456773579156.jpg\",\"contentUrl\":\"https:\/\/www.notibras.com\/site\/wp-content\/uploads\/2017\/04\/1456773579156.jpg\",\"width\":900,\"height\":600},{\"@type\":\"BreadcrumbList\",\"@id\":\"https:\/\/www.notibras.com\/site\/se-e-para-mudar-vamos-la-mas-e-para-mudar-mesmo\/#breadcrumb\",\"itemListElement\":[{\"@type\":\"ListItem\",\"position\":1,\"name\":\"In\u00edcio\",\"item\":\"https:\/\/www.notibras.com\/site\/\"},{\"@type\":\"ListItem\",\"position\":2,\"name\":\"Se \u00e9 para mudar, vamos l\u00e1. Mas \u00e9 para mudar mesmo\"}]},{\"@type\":\"WebSite\",\"@id\":\"https:\/\/www.notibras.com\/site\/#website\",\"url\":\"https:\/\/www.notibras.com\/site\/\",\"name\":\"Notibras\",\"description\":\"Not\u00edcias de Bras\u00edlia, do Brasil e do Mundo\",\"publisher\":{\"@id\":\"https:\/\/www.notibras.com\/site\/#organization\"},\"potentialAction\":[{\"@type\":\"SearchAction\",\"target\":{\"@type\":\"EntryPoint\",\"urlTemplate\":\"https:\/\/www.notibras.com\/site\/?s={search_term_string}\"},\"query-input\":{\"@type\":\"PropertyValueSpecification\",\"valueRequired\":true,\"valueName\":\"search_term_string\"}}],\"inLanguage\":\"pt-BR\"},{\"@type\":\"Organization\",\"@id\":\"https:\/\/www.notibras.com\/site\/#organization\",\"name\":\"Grupo Notibras de Comunica\u00e7\u00e3o\",\"url\":\"https:\/\/www.notibras.com\/site\/\",\"logo\":{\"@type\":\"ImageObject\",\"inLanguage\":\"pt-BR\",\"@id\":\"https:\/\/www.notibras.com\/site\/#\/schema\/logo\/image\/\",\"url\":\"https:\/\/www.notibras.com\/site\/wp-content\/uploads\/2023\/01\/notibras23.png\",\"contentUrl\":\"https:\/\/www.notibras.com\/site\/wp-content\/uploads\/2023\/01\/notibras23.png\",\"width\":350,\"height\":87,\"caption\":\"Grupo Notibras de Comunica\u00e7\u00e3o\"},\"image\":{\"@id\":\"https:\/\/www.notibras.com\/site\/#\/schema\/logo\/image\/\"},\"sameAs\":[\"https:\/\/www.facebook.com\/notibras\/\",\"https:\/\/x.com\/Notibras\",\"https:\/\/www.instagram.com\/notibras\/\"]},{\"@type\":\"Person\",\"@id\":\"https:\/\/www.notibras.com\/site\/#\/schema\/person\/36ab0979449956132d3e5b517ea76ac8\",\"name\":\"Reda\u00e7\u00e3o\",\"image\":{\"@type\":\"ImageObject\",\"inLanguage\":\"pt-BR\",\"@id\":\"https:\/\/secure.gravatar.com\/avatar\/e0a867bdedb85fd243eadf09663511f96fc81e0720a4a42581f334ad4303aa6b?s=96&d=mm&r=g\",\"url\":\"https:\/\/secure.gravatar.com\/avatar\/e0a867bdedb85fd243eadf09663511f96fc81e0720a4a42581f334ad4303aa6b?s=96&d=mm&r=g\",\"contentUrl\":\"https:\/\/secure.gravatar.com\/avatar\/e0a867bdedb85fd243eadf09663511f96fc81e0720a4a42581f334ad4303aa6b?s=96&d=mm&r=g\",\"caption\":\"Reda\u00e7\u00e3o\"}}]}<\/script>\n<!-- \/ Yoast SEO plugin. -->","yoast_head_json":{"title":"Se \u00e9 para mudar, vamos l\u00e1. Mas \u00e9 para mudar mesmo - Notibras","robots":{"index":"index","follow":"follow","max-snippet":"max-snippet:-1","max-image-preview":"max-image-preview:large","max-video-preview":"max-video-preview:-1"},"canonical":"https:\/\/www.notibras.com\/site\/se-e-para-mudar-vamos-la-mas-e-para-mudar-mesmo\/","og_locale":"pt_BR","og_type":"article","og_title":"Se \u00e9 para mudar, vamos l\u00e1. Mas \u00e9 para mudar mesmo - Notibras","og_description":"Janio de Freitas Atribuir \u00e0 reforma do sistema pol\u00edtico a maneira de acabar com a alta corrup\u00e7\u00e3o \u00e9 vender ou comprar ilus\u00e3o. Mudar as regras da pol\u00edtica \u00e9 uma necessidade, mas por outro motivo: porque essas regras s\u00e3o ruins. N\u00e3o proporcionam representatividade ao eleitorado de mais de 100 milh\u00f5es de votantes, fazem o Congresso e [&hellip;]","og_url":"https:\/\/www.notibras.com\/site\/se-e-para-mudar-vamos-la-mas-e-para-mudar-mesmo\/","og_site_name":"Notibras","article_publisher":"https:\/\/www.facebook.com\/notibras\/","article_published_time":"2017-04-17T11:01:48+00:00","og_image":[{"width":900,"height":600,"url":"https:\/\/www.notibras.com\/site\/wp-content\/uploads\/2017\/04\/1456773579156.jpg","type":"image\/jpeg"}],"author":"Reda\u00e7\u00e3o","twitter_card":"summary_large_image","twitter_creator":"@Notibras","twitter_site":"@Notibras","twitter_misc":{"Escrito por":"Reda\u00e7\u00e3o","Est. tempo de leitura":"3 minutos"},"schema":{"@context":"https:\/\/schema.org","@graph":[{"@type":"Article","@id":"https:\/\/www.notibras.com\/site\/se-e-para-mudar-vamos-la-mas-e-para-mudar-mesmo\/#article","isPartOf":{"@id":"https:\/\/www.notibras.com\/site\/se-e-para-mudar-vamos-la-mas-e-para-mudar-mesmo\/"},"author":{"name":"Reda\u00e7\u00e3o","@id":"https:\/\/www.notibras.com\/site\/#\/schema\/person\/36ab0979449956132d3e5b517ea76ac8"},"headline":"Se \u00e9 para mudar, vamos l\u00e1. Mas \u00e9 para mudar mesmo","datePublished":"2017-04-17T11:01:48+00:00","mainEntityOfPage":{"@id":"https:\/\/www.notibras.com\/site\/se-e-para-mudar-vamos-la-mas-e-para-mudar-mesmo\/"},"wordCount":581,"commentCount":0,"publisher":{"@id":"https:\/\/www.notibras.com\/site\/#organization"},"image":{"@id":"https:\/\/www.notibras.com\/site\/se-e-para-mudar-vamos-la-mas-e-para-mudar-mesmo\/#primaryimage"},"thumbnailUrl":"https:\/\/www.notibras.com\/site\/wp-content\/uploads\/2017\/04\/1456773579156.jpg","articleSection":["Opina a\u00ed"],"inLanguage":"pt-BR","potentialAction":[{"@type":"CommentAction","name":"Comment","target":["https:\/\/www.notibras.com\/site\/se-e-para-mudar-vamos-la-mas-e-para-mudar-mesmo\/#respond"]}]},{"@type":"WebPage","@id":"https:\/\/www.notibras.com\/site\/se-e-para-mudar-vamos-la-mas-e-para-mudar-mesmo\/","url":"https:\/\/www.notibras.com\/site\/se-e-para-mudar-vamos-la-mas-e-para-mudar-mesmo\/","name":"Se \u00e9 para mudar, vamos l\u00e1. Mas \u00e9 para mudar mesmo - Notibras","isPartOf":{"@id":"https:\/\/www.notibras.com\/site\/#website"},"primaryImageOfPage":{"@id":"https:\/\/www.notibras.com\/site\/se-e-para-mudar-vamos-la-mas-e-para-mudar-mesmo\/#primaryimage"},"image":{"@id":"https:\/\/www.notibras.com\/site\/se-e-para-mudar-vamos-la-mas-e-para-mudar-mesmo\/#primaryimage"},"thumbnailUrl":"https:\/\/www.notibras.com\/site\/wp-content\/uploads\/2017\/04\/1456773579156.jpg","datePublished":"2017-04-17T11:01:48+00:00","breadcrumb":{"@id":"https:\/\/www.notibras.com\/site\/se-e-para-mudar-vamos-la-mas-e-para-mudar-mesmo\/#breadcrumb"},"inLanguage":"pt-BR","potentialAction":[{"@type":"ReadAction","target":["https:\/\/www.notibras.com\/site\/se-e-para-mudar-vamos-la-mas-e-para-mudar-mesmo\/"]}]},{"@type":"ImageObject","inLanguage":"pt-BR","@id":"https:\/\/www.notibras.com\/site\/se-e-para-mudar-vamos-la-mas-e-para-mudar-mesmo\/#primaryimage","url":"https:\/\/www.notibras.com\/site\/wp-content\/uploads\/2017\/04\/1456773579156.jpg","contentUrl":"https:\/\/www.notibras.com\/site\/wp-content\/uploads\/2017\/04\/1456773579156.jpg","width":900,"height":600},{"@type":"BreadcrumbList","@id":"https:\/\/www.notibras.com\/site\/se-e-para-mudar-vamos-la-mas-e-para-mudar-mesmo\/#breadcrumb","itemListElement":[{"@type":"ListItem","position":1,"name":"In\u00edcio","item":"https:\/\/www.notibras.com\/site\/"},{"@type":"ListItem","position":2,"name":"Se \u00e9 para mudar, vamos l\u00e1. Mas \u00e9 para mudar mesmo"}]},{"@type":"WebSite","@id":"https:\/\/www.notibras.com\/site\/#website","url":"https:\/\/www.notibras.com\/site\/","name":"Notibras","description":"Not\u00edcias de Bras\u00edlia, do Brasil e do Mundo","publisher":{"@id":"https:\/\/www.notibras.com\/site\/#organization"},"potentialAction":[{"@type":"SearchAction","target":{"@type":"EntryPoint","urlTemplate":"https:\/\/www.notibras.com\/site\/?s={search_term_string}"},"query-input":{"@type":"PropertyValueSpecification","valueRequired":true,"valueName":"search_term_string"}}],"inLanguage":"pt-BR"},{"@type":"Organization","@id":"https:\/\/www.notibras.com\/site\/#organization","name":"Grupo Notibras de Comunica\u00e7\u00e3o","url":"https:\/\/www.notibras.com\/site\/","logo":{"@type":"ImageObject","inLanguage":"pt-BR","@id":"https:\/\/www.notibras.com\/site\/#\/schema\/logo\/image\/","url":"https:\/\/www.notibras.com\/site\/wp-content\/uploads\/2023\/01\/notibras23.png","contentUrl":"https:\/\/www.notibras.com\/site\/wp-content\/uploads\/2023\/01\/notibras23.png","width":350,"height":87,"caption":"Grupo Notibras de Comunica\u00e7\u00e3o"},"image":{"@id":"https:\/\/www.notibras.com\/site\/#\/schema\/logo\/image\/"},"sameAs":["https:\/\/www.facebook.com\/notibras\/","https:\/\/x.com\/Notibras","https:\/\/www.instagram.com\/notibras\/"]},{"@type":"Person","@id":"https:\/\/www.notibras.com\/site\/#\/schema\/person\/36ab0979449956132d3e5b517ea76ac8","name":"Reda\u00e7\u00e3o","image":{"@type":"ImageObject","inLanguage":"pt-BR","@id":"https:\/\/secure.gravatar.com\/avatar\/e0a867bdedb85fd243eadf09663511f96fc81e0720a4a42581f334ad4303aa6b?s=96&d=mm&r=g","url":"https:\/\/secure.gravatar.com\/avatar\/e0a867bdedb85fd243eadf09663511f96fc81e0720a4a42581f334ad4303aa6b?s=96&d=mm&r=g","contentUrl":"https:\/\/secure.gravatar.com\/avatar\/e0a867bdedb85fd243eadf09663511f96fc81e0720a4a42581f334ad4303aa6b?s=96&d=mm&r=g","caption":"Reda\u00e7\u00e3o"}}]}},"amp_enabled":true,"_links":{"self":[{"href":"https:\/\/www.notibras.com\/site\/wp-json\/wp\/v2\/posts\/135348","targetHints":{"allow":["GET"]}}],"collection":[{"href":"https:\/\/www.notibras.com\/site\/wp-json\/wp\/v2\/posts"}],"about":[{"href":"https:\/\/www.notibras.com\/site\/wp-json\/wp\/v2\/types\/post"}],"author":[{"embeddable":true,"href":"https:\/\/www.notibras.com\/site\/wp-json\/wp\/v2\/users\/2"}],"replies":[{"embeddable":true,"href":"https:\/\/www.notibras.com\/site\/wp-json\/wp\/v2\/comments?post=135348"}],"version-history":[{"count":1,"href":"https:\/\/www.notibras.com\/site\/wp-json\/wp\/v2\/posts\/135348\/revisions"}],"predecessor-version":[{"id":135350,"href":"https:\/\/www.notibras.com\/site\/wp-json\/wp\/v2\/posts\/135348\/revisions\/135350"}],"wp:featuredmedia":[{"embeddable":true,"href":"https:\/\/www.notibras.com\/site\/wp-json\/wp\/v2\/media\/135349"}],"wp:attachment":[{"href":"https:\/\/www.notibras.com\/site\/wp-json\/wp\/v2\/media?parent=135348"}],"wp:term":[{"taxonomy":"category","embeddable":true,"href":"https:\/\/www.notibras.com\/site\/wp-json\/wp\/v2\/categories?post=135348"},{"taxonomy":"post_tag","embeddable":true,"href":"https:\/\/www.notibras.com\/site\/wp-json\/wp\/v2\/tags?post=135348"}],"curies":[{"name":"wp","href":"https:\/\/api.w.org\/{rel}","templated":true}]}}